{"id":10580,"date":"2022-10-14T13:02:11","date_gmt":"2022-10-14T11:02:11","guid":{"rendered":"https:\/\/progettotouring.it\/radiotouring104\/?p=10580"},"modified":"2022-10-14T13:02:11","modified_gmt":"2022-10-14T11:02:11","slug":"lunedi-17-ottobre-il-comune-di-caulonia-conferira-la-cittadinanza-onoraria-a-thomas-sankara","status":"publish","type":"post","link":"https:\/\/progettotouring.it\/radiotouring104\/2022\/10\/14\/lunedi-17-ottobre-il-comune-di-caulonia-conferira-la-cittadinanza-onoraria-a-thomas-sankara\/","title":{"rendered":"Luned\u00ec 17 ottobre il comune di Caulonia conferir\u00e0 la cittadinanza onoraria a Thomas Sankara"},"content":{"rendered":"<p style=\"text-align: justify\"><em>\u201cSono passati 35 anni da quando <strong>Thomas Sankara<\/strong> venne assassinato, il 15 ottobre del 1987. Nonostante i pi\u00f9 disparati tentativi di affossare l\u2019esperienza della rivoluzione e la sua persona, la sua lotta antimperialista ha lasciato il segno non solo in Burkina Faso, ma in tutto il continente africano e in chi, nel mondo intero, si batte per la giustizia sociale e la sovranit\u00e0 popolare\u201d. <\/em>Cominciano cos\u00ec le motivazioni con la quali il consiglio comunale di Caulonia ha deciso, all\u2019unanimit\u00e0, di conferire la cittadinanza onoraria alla memoria a<strong> Thomas Sankara<\/strong>, ex Presidente del <strong>Burkina Faso,<\/strong> per poi proseguire: <em>\u201cSankara ha lasciato un\u2019importante eredit\u00e0 di pratiche e modelli di partecipazione collettiva alla costruzione di ideali di libert\u00e0 e indipendenza che si legano alle lotte che ogni giorno vengono portate avanti per rivendicare con fierezza e dignit\u00e0 un mondo di tutte e tutti, senza discriminazioni. Caulonia da anni \u00e8 impegnata in progetti di accoglienza che porta avanti nella valorizzazione e nel riconoscimento della dignit\u00e0 di ogni storia personale, per questo riteniamo una bellissima occasione poter accogliere Blandine Sankara, la sorella di Thomas Sankara per la cerimonia di cittadinanza onoraria. Questa scelta nasce anche dalla consapevolezza che, se Sankara avesse potuto portare avanti il suo progetto politico, che in soli 4 anni aveva ottenuto grandi risultati, oggi i rapporti con il continente africano sarebbero pi\u00f9 giusti, equilibrati e rispettosi e le relazioni con la sua popolazione non sarebbero cos\u00ec disumanizzanti, intrise di pregiudizi e immaginari negativi. Con questo riconoscimento di cittadinanza onoraria a Thomas Sankara il Comune di Caulonia intende dunque rinnovare il suo impegno in favore della difesa dei diritti umani\u201d.<\/em><\/p>\n<p><img fetchpriority=\"high\" decoding=\"async\" class=\"alignnone size-medium wp-image-10582\" src=\"https:\/\/progettotouring.it\/radiotouring104\/wp-content\/uploads\/sites\/6\/2022\/10\/sankara-caulonia-212x300.jpg\" alt=\"\" width=\"212\" height=\"300\" srcset=\"https:\/\/progettotouring.it\/radiotouring104\/wp-content\/uploads\/sites\/6\/2022\/10\/sankara-caulonia-212x300.jpg 212w, https:\/\/progettotouring.it\/radiotouring104\/wp-content\/uploads\/sites\/6\/2022\/10\/sankara-caulonia-724x1024.jpg 724w, https:\/\/progettotouring.it\/radiotouring104\/wp-content\/uploads\/sites\/6\/2022\/10\/sankara-caulonia-768x1086.jpg 768w, https:\/\/progettotouring.it\/radiotouring104\/wp-content\/uploads\/sites\/6\/2022\/10\/sankara-caulonia-1086x1536.jpg 1086w, https:\/\/progettotouring.it\/radiotouring104\/wp-content\/uploads\/sites\/6\/2022\/10\/sankara-caulonia-585x828.jpg 585w, https:\/\/progettotouring.it\/radiotouring104\/wp-content\/uploads\/sites\/6\/2022\/10\/sankara-caulonia.jpg 1131w\" sizes=\"(max-width: 212px) 100vw, 212px\" \/><\/p>\n<p style=\"text-align: justify\">E sar\u00e0 proprio la sorella di Thomas, Blandine Sankara, a ritirare dalle mani del sindaco Francesco Cagliuso la cittadinanza onoraria durante una manifestazione pubblica alla quale i cittadini sono invitati a partecipare. L\u2019appuntamento, organizzato dal comune di Caulonia in collaborazione con la Societ\u00e0 cooperativa Sankara e il progetto \u201cCome a casa\u201d, finanziato dalla Presidenza del Consiglio dei ministri, con la Rete delle Comunit\u00e0 Solidali, con il Cric (Centro Regionale di Intervento per la Cooperazione) e la testata giornalistica Ciavula, si terr\u00e0 luned\u00ec 17 ottobre alle ore 11:30 all\u2019auditorium Casa della Pace Angelo Frammartino a Caulonia marina.<\/p>\n","protected":false},"excerpt":{"rendered":"<p>\u201cSono passati 35 anni da quando Thomas Sankara venne assassinato, il 15 ottobre del 1987. Nonostante i pi\u00f9 disparati tentativi di affossare l\u2019esperienza della rivoluzione e la sua persona, la&hellip;<\/p>\n","protected":false},"author":8,"featured_media":10581,"comment_status":"open","ping_status":"open","sticky":false,"template":"","format":"standard","meta":{"_jetpack_memberships_contains_paid_content":false,"footnotes":"","jetpack_publicize_message":"","jetpack_publicize_feature_enabled":true,"jetpack_social_post_already_shared":false,"jetpack_social_options":{"image_generator_settings":{"template":"highway","default_image_id":0,"font":"","enabled":false},"version":2}},"categories":[145,921,196,140],"tags":[4805,1494,4804],"class_list":["post-10580","post","type-post","status-publish","format-standard","has-post-thumbnail","hentry","category-cultura","category-home","category-news","category-reggio-calabria","tag-burkina-faso","tag-caulonia","tag-thomas-sankara"],"yoast_head":"<!-- This site is optimized with the Yoast SEO plugin v27.2 - https:\/\/yoast.com\/product\/yoast-seo-wordpress\/ -->\n<title>Il comune Caulonia conferir\u00e0 la cittadinanza onoraria a Sankara<\/title>\n<meta name=\"description\" content=\"Il Comune di Caulonia coferir\u00e0 la cittadinanza a Thomas Sankara, ex presidente del Burkina Faso assassinato il 15 ottobre 1987\" \/>\n<meta name=\"robots\" content=\"index, follow, max-snippet:-1, max-image-preview:large, max-video-preview:-1\" \/>\n<link rel=\"canonical\" href=\"https:\/\/progettotouring.it\/radiotouring104\/2022\/10\/14\/lunedi-17-ottobre-il-comune-di-caulonia-conferira-la-cittadinanza-onoraria-a-thomas-sankara\/\" \/>\n<meta property=\"og:locale\" content=\"it_IT\" \/>\n<meta property=\"og:type\" content=\"article\" \/>\n<meta property=\"og:title\" content=\"Il comune Caulonia conferir\u00e0 la cittadinanza onoraria a Sankara\" \/>\n<meta property=\"og:description\" content=\"Il Comune di Caulonia coferir\u00e0 la cittadinanza a Thomas Sankara, ex presidente del Burkina Faso assassinato il 15 ottobre 1987\" \/>\n<meta property=\"og:url\" content=\"https:\/\/progettotouring.it\/radiotouring104\/2022\/10\/14\/lunedi-17-ottobre-il-comune-di-caulonia-conferira-la-cittadinanza-onoraria-a-thomas-sankara\/\" \/>\n<meta property=\"og:site_name\" content=\"Radio Touring 104\" \/>\n<meta property=\"article:published_time\" content=\"2022-10-14T11:02:11+00:00\" \/>\n<meta property=\"og:image\" content=\"https:\/\/progettotouring.it\/radiotouring104\/wp-content\/uploads\/sites\/6\/2022\/10\/sankara-caulonia-2.jpg\" \/>\n\t<meta property=\"og:image:width\" content=\"1131\" \/>\n\t<meta property=\"og:image:height\" content=\"713\" \/>\n\t<meta property=\"og:image:type\" content=\"image\/jpeg\" \/>\n<meta name=\"author\" content=\"Filippo Francesco Idone\" \/>\n<meta name=\"twitter:card\" content=\"summary_large_image\" \/>\n<meta name=\"twitter:label1\" content=\"Scritto da\" \/>\n\t<meta name=\"twitter:data1\" content=\"Filippo Francesco Idone\" \/>\n\t<meta name=\"twitter:label2\" content=\"Tempo di lettura stimato\" \/>\n\t<meta name=\"twitter:data2\" content=\"2 minuti\" \/>\n<script type=\"application\/ld+json\" class=\"yoast-schema-graph\">{\"@context\":\"https:\/\/schema.org\",\"@graph\":[{\"@type\":\"Article\",\"@id\":\"https:\/\/progettotouring.it\/radiotouring104\/2022\/10\/14\/lunedi-17-ottobre-il-comune-di-caulonia-conferira-la-cittadinanza-onoraria-a-thomas-sankara\/#article\",\"isPartOf\":{\"@id\":\"https:\/\/progettotouring.it\/radiotouring104\/2022\/10\/14\/lunedi-17-ottobre-il-comune-di-caulonia-conferira-la-cittadinanza-onoraria-a-thomas-sankara\/\"},\"author\":{\"name\":\"Filippo Francesco Idone\",\"@id\":\"https:\/\/progettotouring.it\/radiotouring104\/#\/schema\/person\/4a82259ca52ac8702ad1a8f9e5a3120b\"},\"headline\":\"Luned\u00ec 17 ottobre il comune di Caulonia conferir\u00e0 la cittadinanza onoraria a Thomas Sankara\",\"datePublished\":\"2022-10-14T11:02:11+00:00\",\"mainEntityOfPage\":{\"@id\":\"https:\/\/progettotouring.it\/radiotouring104\/2022\/10\/14\/lunedi-17-ottobre-il-comune-di-caulonia-conferira-la-cittadinanza-onoraria-a-thomas-sankara\/\"},\"wordCount\":375,\"commentCount\":0,\"publisher\":{\"@id\":\"https:\/\/progettotouring.it\/radiotouring104\/#organization\"},\"image\":{\"@id\":\"https:\/\/progettotouring.it\/radiotouring104\/2022\/10\/14\/lunedi-17-ottobre-il-comune-di-caulonia-conferira-la-cittadinanza-onoraria-a-thomas-sankara\/#primaryimage\"},\"thumbnailUrl\":\"https:\/\/progettotouring.it\/radiotouring104\/wp-content\/uploads\/sites\/6\/2022\/10\/sankara-caulonia-2.jpg\",\"keywords\":[\"Burkina Faso\",\"caulonia\",\"Thomas Sankara\"],\"articleSection\":[\"Cultura\",\"Home\",\"News\",\"Reggio Calabria\"],\"inLanguage\":\"it-IT\",\"potentialAction\":[{\"@type\":\"CommentAction\",\"name\":\"Comment\",\"target\":[\"https:\/\/progettotouring.it\/radiotouring104\/2022\/10\/14\/lunedi-17-ottobre-il-comune-di-caulonia-conferira-la-cittadinanza-onoraria-a-thomas-sankara\/#respond\"]}]},{\"@type\":\"WebPage\",\"@id\":\"https:\/\/progettotouring.it\/radiotouring104\/2022\/10\/14\/lunedi-17-ottobre-il-comune-di-caulonia-conferira-la-cittadinanza-onoraria-a-thomas-sankara\/\",\"url\":\"https:\/\/progettotouring.it\/radiotouring104\/2022\/10\/14\/lunedi-17-ottobre-il-comune-di-caulonia-conferira-la-cittadinanza-onoraria-a-thomas-sankara\/\",\"name\":\"Il comune Caulonia conferir\u00e0 la cittadinanza onoraria a Sankara\",\"isPartOf\":{\"@id\":\"https:\/\/progettotouring.it\/radiotouring104\/#website\"},\"primaryImageOfPage\":{\"@id\":\"https:\/\/progettotouring.it\/radiotouring104\/2022\/10\/14\/lunedi-17-ottobre-il-comune-di-caulonia-conferira-la-cittadinanza-onoraria-a-thomas-sankara\/#primaryimage\"},\"image\":{\"@id\":\"https:\/\/progettotouring.it\/radiotouring104\/2022\/10\/14\/lunedi-17-ottobre-il-comune-di-caulonia-conferira-la-cittadinanza-onoraria-a-thomas-sankara\/#primaryimage\"},\"thumbnailUrl\":\"https:\/\/progettotouring.it\/radiotouring104\/wp-content\/uploads\/sites\/6\/2022\/10\/sankara-caulonia-2.jpg\",\"datePublished\":\"2022-10-14T11:02:11+00:00\",\"description\":\"Il Comune di Caulonia coferir\u00e0 la cittadinanza a Thomas Sankara, ex presidente del Burkina Faso assassinato il 15 ottobre 1987\",\"breadcrumb\":{\"@id\":\"https:\/\/progettotouring.it\/radiotouring104\/2022\/10\/14\/lunedi-17-ottobre-il-comune-di-caulonia-conferira-la-cittadinanza-onoraria-a-thomas-sankara\/#breadcrumb\"},\"inLanguage\":\"it-IT\",\"potentialAction\":[{\"@type\":\"ReadAction\",\"target\":[\"https:\/\/progettotouring.it\/radiotouring104\/2022\/10\/14\/lunedi-17-ottobre-il-comune-di-caulonia-conferira-la-cittadinanza-onoraria-a-thomas-sankara\/\"]}]},{\"@type\":\"ImageObject\",\"inLanguage\":\"it-IT\",\"@id\":\"https:\/\/progettotouring.it\/radiotouring104\/2022\/10\/14\/lunedi-17-ottobre-il-comune-di-caulonia-conferira-la-cittadinanza-onoraria-a-thomas-sankara\/#primaryimage\",\"url\":\"https:\/\/progettotouring.it\/radiotouring104\/wp-content\/uploads\/sites\/6\/2022\/10\/sankara-caulonia-2.jpg\",\"contentUrl\":\"https:\/\/progettotouring.it\/radiotouring104\/wp-content\/uploads\/sites\/6\/2022\/10\/sankara-caulonia-2.jpg\",\"width\":1131,\"height\":713},{\"@type\":\"BreadcrumbList\",\"@id\":\"https:\/\/progettotouring.it\/radiotouring104\/2022\/10\/14\/lunedi-17-ottobre-il-comune-di-caulonia-conferira-la-cittadinanza-onoraria-a-thomas-sankara\/#breadcrumb\",\"itemListElement\":[{\"@type\":\"ListItem\",\"position\":1,\"name\":\"Home\",\"item\":\"https:\/\/progettotouring.it\/radiotouring104\/\"},{\"@type\":\"ListItem\",\"position\":2,\"name\":\"Luned\u00ec 17 ottobre il comune di Caulonia conferir\u00e0 la cittadinanza onoraria a Thomas Sankara\"}]},{\"@type\":\"WebSite\",\"@id\":\"https:\/\/progettotouring.it\/radiotouring104\/#website\",\"url\":\"https:\/\/progettotouring.it\/radiotouring104\/\",\"name\":\"Radio Touring 104\",\"description\":\"La prima radio Reggina\",\"publisher\":{\"@id\":\"https:\/\/progettotouring.it\/radiotouring104\/#organization\"},\"potentialAction\":[{\"@type\":\"SearchAction\",\"target\":{\"@type\":\"EntryPoint\",\"urlTemplate\":\"https:\/\/progettotouring.it\/radiotouring104\/?s={search_term_string}\"},\"query-input\":{\"@type\":\"PropertyValueSpecification\",\"valueRequired\":true,\"valueName\":\"search_term_string\"}}],\"inLanguage\":\"it-IT\"},{\"@type\":\"Organization\",\"@id\":\"https:\/\/progettotouring.it\/radiotouring104\/#organization\",\"name\":\"Radio Touring 104\",\"url\":\"https:\/\/progettotouring.it\/radiotouring104\/\",\"logo\":{\"@type\":\"ImageObject\",\"inLanguage\":\"it-IT\",\"@id\":\"https:\/\/progettotouring.it\/radiotouring104\/#\/schema\/logo\/image\/\",\"url\":\"https:\/\/progettotouring.it\/radiotouring104\/wp-content\/uploads\/sites\/6\/2022\/02\/cropped-logo-radio-touring-104.png\",\"contentUrl\":\"https:\/\/progettotouring.it\/radiotouring104\/wp-content\/uploads\/sites\/6\/2022\/02\/cropped-logo-radio-touring-104.png\",\"width\":377,\"height\":182,\"caption\":\"Radio Touring 104\"},\"image\":{\"@id\":\"https:\/\/progettotouring.it\/radiotouring104\/#\/schema\/logo\/image\/\"}},{\"@type\":\"Person\",\"@id\":\"https:\/\/progettotouring.it\/radiotouring104\/#\/schema\/person\/4a82259ca52ac8702ad1a8f9e5a3120b\",\"name\":\"Filippo Francesco Idone\",\"image\":{\"@type\":\"ImageObject\",\"inLanguage\":\"it-IT\",\"@id\":\"https:\/\/secure.gravatar.com\/avatar\/7268715d2366395c3dd314385670e6484117d44f5c442e61e230f7008b7b62d3?s=96&d=mm&r=g\",\"url\":\"https:\/\/secure.gravatar.com\/avatar\/7268715d2366395c3dd314385670e6484117d44f5c442e61e230f7008b7b62d3?s=96&d=mm&r=g\",\"contentUrl\":\"https:\/\/secure.gravatar.com\/avatar\/7268715d2366395c3dd314385670e6484117d44f5c442e61e230f7008b7b62d3?s=96&d=mm&r=g\",\"caption\":\"Filippo Francesco Idone\"},\"url\":\"https:\/\/progettotouring.it\/radiotouring104\/author\/filippoidone\/\"}]}<\/script>\n<!-- \/ Yoast SEO plugin. -->","yoast_head_json":{"title":"Il comune Caulonia conferir\u00e0 la cittadinanza onoraria a Sankara","description":"Il Comune di Caulonia coferir\u00e0 la cittadinanza a Thomas Sankara, ex presidente del Burkina Faso assassinato il 15 ottobre 1987","robots":{"index":"index","follow":"follow","max-snippet":"max-snippet:-1","max-image-preview":"max-image-preview:large","max-video-preview":"max-video-preview:-1"},"canonical":"https:\/\/progettotouring.it\/radiotouring104\/2022\/10\/14\/lunedi-17-ottobre-il-comune-di-caulonia-conferira-la-cittadinanza-onoraria-a-thomas-sankara\/","og_locale":"it_IT","og_type":"article","og_title":"Il comune Caulonia conferir\u00e0 la cittadinanza onoraria a Sankara","og_description":"Il Comune di Caulonia coferir\u00e0 la cittadinanza a Thomas Sankara, ex presidente del Burkina Faso assassinato il 15 ottobre 1987","og_url":"https:\/\/progettotouring.it\/radiotouring104\/2022\/10\/14\/lunedi-17-ottobre-il-comune-di-caulonia-conferira-la-cittadinanza-onoraria-a-thomas-sankara\/","og_site_name":"Radio Touring 104","article_published_time":"2022-10-14T11:02:11+00:00","og_image":[{"width":1131,"height":713,"url":"https:\/\/progettotouring.it\/radiotouring104\/wp-content\/uploads\/sites\/6\/2022\/10\/sankara-caulonia-2.jpg","type":"image\/jpeg"}],"author":"Filippo Francesco Idone","twitter_card":"summary_large_image","twitter_misc":{"Scritto da":"Filippo Francesco Idone","Tempo di lettura stimato":"2 minuti"},"schema":{"@context":"https:\/\/schema.org","@graph":[{"@type":"Article","@id":"https:\/\/progettotouring.it\/radiotouring104\/2022\/10\/14\/lunedi-17-ottobre-il-comune-di-caulonia-conferira-la-cittadinanza-onoraria-a-thomas-sankara\/#article","isPartOf":{"@id":"https:\/\/progettotouring.it\/radiotouring104\/2022\/10\/14\/lunedi-17-ottobre-il-comune-di-caulonia-conferira-la-cittadinanza-onoraria-a-thomas-sankara\/"},"author":{"name":"Filippo Francesco Idone","@id":"https:\/\/progettotouring.it\/radiotouring104\/#\/schema\/person\/4a82259ca52ac8702ad1a8f9e5a3120b"},"headline":"Luned\u00ec 17 ottobre il comune di Caulonia conferir\u00e0 la cittadinanza onoraria a Thomas Sankara","datePublished":"2022-10-14T11:02:11+00:00","mainEntityOfPage":{"@id":"https:\/\/progettotouring.it\/radiotouring104\/2022\/10\/14\/lunedi-17-ottobre-il-comune-di-caulonia-conferira-la-cittadinanza-onoraria-a-thomas-sankara\/"},"wordCount":375,"commentCount":0,"publisher":{"@id":"https:\/\/progettotouring.it\/radiotouring104\/#organization"},"image":{"@id":"https:\/\/progettotouring.it\/radiotouring104\/2022\/10\/14\/lunedi-17-ottobre-il-comune-di-caulonia-conferira-la-cittadinanza-onoraria-a-thomas-sankara\/#primaryimage"},"thumbnailUrl":"https:\/\/progettotouring.it\/radiotouring104\/wp-content\/uploads\/sites\/6\/2022\/10\/sankara-caulonia-2.jpg","keywords":["Burkina Faso","caulonia","Thomas Sankara"],"articleSection":["Cultura","Home","News","Reggio Calabria"],"inLanguage":"it-IT","potentialAction":[{"@type":"CommentAction","name":"Comment","target":["https:\/\/progettotouring.it\/radiotouring104\/2022\/10\/14\/lunedi-17-ottobre-il-comune-di-caulonia-conferira-la-cittadinanza-onoraria-a-thomas-sankara\/#respond"]}]},{"@type":"WebPage","@id":"https:\/\/progettotouring.it\/radiotouring104\/2022\/10\/14\/lunedi-17-ottobre-il-comune-di-caulonia-conferira-la-cittadinanza-onoraria-a-thomas-sankara\/","url":"https:\/\/progettotouring.it\/radiotouring104\/2022\/10\/14\/lunedi-17-ottobre-il-comune-di-caulonia-conferira-la-cittadinanza-onoraria-a-thomas-sankara\/","name":"Il comune Caulonia conferir\u00e0 la cittadinanza onoraria a Sankara","isPartOf":{"@id":"https:\/\/progettotouring.it\/radiotouring104\/#website"},"primaryImageOfPage":{"@id":"https:\/\/progettotouring.it\/radiotouring104\/2022\/10\/14\/lunedi-17-ottobre-il-comune-di-caulonia-conferira-la-cittadinanza-onoraria-a-thomas-sankara\/#primaryimage"},"image":{"@id":"https:\/\/progettotouring.it\/radiotouring104\/2022\/10\/14\/lunedi-17-ottobre-il-comune-di-caulonia-conferira-la-cittadinanza-onoraria-a-thomas-sankara\/#primaryimage"},"thumbnailUrl":"https:\/\/progettotouring.it\/radiotouring104\/wp-content\/uploads\/sites\/6\/2022\/10\/sankara-caulonia-2.jpg","datePublished":"2022-10-14T11:02:11+00:00","description":"Il Comune di Caulonia coferir\u00e0 la cittadinanza a Thomas Sankara, ex presidente del Burkina Faso assassinato il 15 ottobre 1987","breadcrumb":{"@id":"https:\/\/progettotouring.it\/radiotouring104\/2022\/10\/14\/lunedi-17-ottobre-il-comune-di-caulonia-conferira-la-cittadinanza-onoraria-a-thomas-sankara\/#breadcrumb"},"inLanguage":"it-IT","potentialAction":[{"@type":"ReadAction","target":["https:\/\/progettotouring.it\/radiotouring104\/2022\/10\/14\/lunedi-17-ottobre-il-comune-di-caulonia-conferira-la-cittadinanza-onoraria-a-thomas-sankara\/"]}]},{"@type":"ImageObject","inLanguage":"it-IT","@id":"https:\/\/progettotouring.it\/radiotouring104\/2022\/10\/14\/lunedi-17-ottobre-il-comune-di-caulonia-conferira-la-cittadinanza-onoraria-a-thomas-sankara\/#primaryimage","url":"https:\/\/progettotouring.it\/radiotouring104\/wp-content\/uploads\/sites\/6\/2022\/10\/sankara-caulonia-2.jpg","contentUrl":"https:\/\/progettotouring.it\/radiotouring104\/wp-content\/uploads\/sites\/6\/2022\/10\/sankara-caulonia-2.jpg","width":1131,"height":713},{"@type":"BreadcrumbList","@id":"https:\/\/progettotouring.it\/radiotouring104\/2022\/10\/14\/lunedi-17-ottobre-il-comune-di-caulonia-conferira-la-cittadinanza-onoraria-a-thomas-sankara\/#breadcrumb","itemListElement":[{"@type":"ListItem","position":1,"name":"Home","item":"https:\/\/progettotouring.it\/radiotouring104\/"},{"@type":"ListItem","position":2,"name":"Luned\u00ec 17 ottobre il comune di Caulonia conferir\u00e0 la cittadinanza onoraria a Thomas Sankara"}]},{"@type":"WebSite","@id":"https:\/\/progettotouring.it\/radiotouring104\/#website","url":"https:\/\/progettotouring.it\/radiotouring104\/","name":"Radio Touring 104","description":"La prima radio Reggina","publisher":{"@id":"https:\/\/progettotouring.it\/radiotouring104\/#organization"},"potentialAction":[{"@type":"SearchAction","target":{"@type":"EntryPoint","urlTemplate":"https:\/\/progettotouring.it\/radiotouring104\/?s={search_term_string}"},"query-input":{"@type":"PropertyValueSpecification","valueRequired":true,"valueName":"search_term_string"}}],"inLanguage":"it-IT"},{"@type":"Organization","@id":"https:\/\/progettotouring.it\/radiotouring104\/#organization","name":"Radio Touring 104","url":"https:\/\/progettotouring.it\/radiotouring104\/","logo":{"@type":"ImageObject","inLanguage":"it-IT","@id":"https:\/\/progettotouring.it\/radiotouring104\/#\/schema\/logo\/image\/","url":"https:\/\/progettotouring.it\/radiotouring104\/wp-content\/uploads\/sites\/6\/2022\/02\/cropped-logo-radio-touring-104.png","contentUrl":"https:\/\/progettotouring.it\/radiotouring104\/wp-content\/uploads\/sites\/6\/2022\/02\/cropped-logo-radio-touring-104.png","width":377,"height":182,"caption":"Radio Touring 104"},"image":{"@id":"https:\/\/progettotouring.it\/radiotouring104\/#\/schema\/logo\/image\/"}},{"@type":"Person","@id":"https:\/\/progettotouring.it\/radiotouring104\/#\/schema\/person\/4a82259ca52ac8702ad1a8f9e5a3120b","name":"Filippo Francesco Idone","image":{"@type":"ImageObject","inLanguage":"it-IT","@id":"https:\/\/secure.gravatar.com\/avatar\/7268715d2366395c3dd314385670e6484117d44f5c442e61e230f7008b7b62d3?s=96&d=mm&r=g","url":"https:\/\/secure.gravatar.com\/avatar\/7268715d2366395c3dd314385670e6484117d44f5c442e61e230f7008b7b62d3?s=96&d=mm&r=g","contentUrl":"https:\/\/secure.gravatar.com\/avatar\/7268715d2366395c3dd314385670e6484117d44f5c442e61e230f7008b7b62d3?s=96&d=mm&r=g","caption":"Filippo Francesco Idone"},"url":"https:\/\/progettotouring.it\/radiotouring104\/author\/filippoidone\/"}]}},"jetpack_publicize_connections":[],"jetpack_featured_media_url":"https:\/\/progettotouring.it\/radiotouring104\/wp-content\/uploads\/sites\/6\/2022\/10\/sankara-caulonia-2.jpg","jetpack_sharing_enabled":true,"_links":{"self":[{"href":"https:\/\/progettotouring.it\/radiotouring104\/wp-json\/wp\/v2\/posts\/10580","targetHints":{"allow":["GET"]}}],"collection":[{"href":"https:\/\/progettotouring.it\/radiotouring104\/wp-json\/wp\/v2\/posts"}],"about":[{"href":"https:\/\/progettotouring.it\/radiotouring104\/wp-json\/wp\/v2\/types\/post"}],"author":[{"embeddable":true,"href":"https:\/\/progettotouring.it\/radiotouring104\/wp-json\/wp\/v2\/users\/8"}],"replies":[{"embeddable":true,"href":"https:\/\/progettotouring.it\/radiotouring104\/wp-json\/wp\/v2\/comments?post=10580"}],"version-history":[{"count":1,"href":"https:\/\/progettotouring.it\/radiotouring104\/wp-json\/wp\/v2\/posts\/10580\/revisions"}],"predecessor-version":[{"id":10583,"href":"https:\/\/progettotouring.it\/radiotouring104\/wp-json\/wp\/v2\/posts\/10580\/revisions\/10583"}],"wp:featuredmedia":[{"embeddable":true,"href":"https:\/\/progettotouring.it\/radiotouring104\/wp-json\/wp\/v2\/media\/10581"}],"wp:attachment":[{"href":"https:\/\/progettotouring.it\/radiotouring104\/wp-json\/wp\/v2\/media?parent=10580"}],"wp:term":[{"taxonomy":"category","embeddable":true,"href":"https:\/\/progettotouring.it\/radiotouring104\/wp-json\/wp\/v2\/categories?post=10580"},{"taxonomy":"post_tag","embeddable":true,"href":"https:\/\/progettotouring.it\/radiotouring104\/wp-json\/wp\/v2\/tags?post=10580"}],"curies":[{"name":"wp","href":"https:\/\/api.w.org\/{rel}","templated":true}]}}