{"id":10584,"date":"2022-10-14T17:51:26","date_gmt":"2022-10-14T15:51:26","guid":{"rendered":"https:\/\/progettotouring.it\/radiotouring104\/?p=10584"},"modified":"2022-10-14T17:51:26","modified_gmt":"2022-10-14T15:51:26","slug":"la-reggina-sfidera-il-parma-per-mantenere-il-primato-in-serie-b-inzaghi-analizza-la-sfida-del-tardini","status":"publish","type":"post","link":"https:\/\/progettotouring.it\/radiotouring104\/2022\/10\/14\/la-reggina-sfidera-il-parma-per-mantenere-il-primato-in-serie-b-inzaghi-analizza-la-sfida-del-tardini\/","title":{"rendered":"La Reggina sfider\u00e0 il Parma per mantenere il primato in Serie B: Inzaghi analizza la sfida del Tardini"},"content":{"rendered":"<p style=\"text-align: justify\">Dopo la vittoria ottenuta contro il <strong>Cosenza<\/strong>, la <strong>Reggina<\/strong> giocher\u00e0 contro il Parma in un vero e proprio spareggio per la promozione diretta in <strong>Serie<\/strong> <strong>A<\/strong>. Gli amaranto in casa hanno un perfetto ruolino di marcia con uno score positivo, mentre in trasferta la situazione \u00e8 ben diversa visto che le due sconfitte stagionali sono giunte a <strong>Terni<\/strong> e a <strong>Modena<\/strong>. Sar\u00e0 una partita molto complicata vista la caratura della rosa giallobl\u00f9 e probabilmente un banco ti prova stimolante per i reggini.<\/p>\n<p style=\"text-align: justify\">In conferenza stampa, Filippo Inzaghi ha presentato la sfida tra la Reggina e il Parma che si disputer\u00e0 domani al Tardini: &#8220;<em>In<strong> Serie B<\/strong> sono tutte toste e non ci sono partite facili e lo dimostra la classifica e i risultati di ogni settimana. Dobbiamo essere consci che affrontiamo una delle squadre migliori. Il <strong>Parma <\/strong>ha costruito l&#8217;anno scorso una rosa per andare in <strong>Serie A<\/strong>, ma non ci \u00e8 riuscito e ha preso un allenatore di categoria che ha rinunciato alla massima serie per allenarli. Per cui ti fa capire l&#8217;organico che hanno e li reputo forti insieme a <strong>Genoa <\/strong>e <strong>Cagliari.<\/strong> Per noi sar\u00e0 un ulteriore banco di prova e vedremo come affrontare la partita. <strong>Pecchia <\/strong>ha una filosofia di gioco ben definita ed \u00e8 sempre bello affrontare queste squadre perch\u00e9 giocano bene a calcio. Hanno giocatori molto importanti come <strong>Inglese <\/strong>e <strong>Vazquez<\/strong>, <strong>Bernab\u00e9<\/strong>, una rosa da <strong>Serie A<\/strong>. Sappiamo le difficolt\u00e0 della partita e loro non si snatureranno. Sicuramente ci sar\u00e0 una bella cornice di pubblico e noi avremmo tanti tifosi al seguito. Dovremmo raddoppiare le nostre forze e non aver paura, anche se giochiamo contro una delle pi\u00f9 forti squadre. Quando arrivo in questo momento per me sar\u00e0 difficile scegliere gli 11 titolari, ma so chi si \u00e8 allenato e chi va in campo ha una grande responsabilit\u00e0. Lavorano bene e sono felice di questo. Sono orgoglioso di questo<\/em>&#8220;.<\/p>\n<p style=\"text-align: justify\">Il tecnico ha poi svelato quale sar\u00e0 l&#8217;approccio mentale che verr\u00e0 utilizzato contro il <strong>Parma<\/strong>:\u00a0&#8220;<em>L&#8217;avversario lo studiamo sempre e cerchiamo di tagliere le soluzioni migliori facendo esaltare i loro difetti. Abbiamo poco da perdere e stiamo andando oltre le aspettative. Mi auguro che non ci siamo montati la testa. Se perdiamo sar\u00e0 solo per episodi e mai per l&#8217;approccio. Il <strong>Parma<\/strong> deve preoccuparsi di noi ed \u00e8 quello che cercavamo. Noi dobbiamo fare un ennesimo step e al di l\u00e0 della classifica che ci d\u00e0 la consepovelzza di esser forti e ci deve dare grande coraggio. Non guardo la graduatoria perch\u00e9 tra un paio di giornate cambier\u00e0, dobbiamo migliorarci e avere altri margini di miglioramento&#8221;.<\/em><\/p>\n<p style=\"text-align: justify\">Il mister ha svelato quali saranno i ballottaggi e sullo stato di forma di <strong>Obi<\/strong>: &#8220;<em>Domani rientra <strong>Obi<\/strong>, ma devo avere un occhio di riguardo, nel senso che voglio metterlo al 100%. Non voglio correre rischi, ma verr\u00e0 con noi. <strong>Mayer<\/strong> o <strong>Crisetig<\/strong> sar\u00e0 un dubbio di formazione. Domani sar\u00e0 una scelta tattica come quella tra <strong>Ricci<\/strong> e <strong>Canotto<\/strong>. <strong>Hernani<\/strong> penso che possa fare bene anche se non giocava da un anno. Sono riuscito a farlo entrare due volte e poi l&#8217;ho fatto giocare titolare. Non ha i 90 minuti, ma \u00e8 chiaro che viene da un lungo infortunio&#8221;.<\/em><\/p>\n","protected":false},"excerpt":{"rendered":"<p>Dopo la vittoria ottenuta contro il Cosenza, la Reggina giocher\u00e0 contro il Parma in un vero e proprio spareggio per la promozione diretta in Serie A. Gli amaranto in casa&hellip;<\/p>\n","protected":false},"author":8,"featured_media":9091,"comment_status":"open","ping_status":"open","sticky":false,"template":"","format":"standard","meta":{"_jetpack_memberships_contains_paid_content":false,"footnotes":"","jetpack_publicize_message":"","jetpack_publicize_feature_enabled":true,"jetpack_social_post_already_shared":false,"jetpack_social_options":{"image_generator_settings":{"template":"highway","default_image_id":0,"font":"","enabled":false},"version":2}},"categories":[196,140,144],"tags":[212,3598,1309,210,419],"class_list":["post-10584","post","type-post","status-publish","format-standard","has-post-thumbnail","hentry","category-news","category-reggio-calabria","category-sport","tag-conferenza-stampa","tag-inzaghi","tag-parma","tag-reggina","tag-serie-b"],"yoast_head":"<!-- This site is optimized with the Yoast SEO plugin v27.2 - https:\/\/yoast.com\/product\/yoast-seo-wordpress\/ -->\n<title>Filippo Inzaghi presenta la sfida tra la Reggina e il Parma<\/title>\n<meta name=\"description\" content=\"Al Tardini di Parma, la Reggina giocher\u00e0 contro una delle favorite per la promozione in Serie A. Inzaghi ha analizzato la sfida ai giallobl\u00f9\" \/>\n<meta name=\"robots\" content=\"index, follow, max-snippet:-1, max-image-preview:large, max-video-preview:-1\" \/>\n<link rel=\"canonical\" href=\"https:\/\/progettotouring.it\/radiotouring104\/2022\/10\/14\/la-reggina-sfidera-il-parma-per-mantenere-il-primato-in-serie-b-inzaghi-analizza-la-sfida-del-tardini\/\" \/>\n<meta property=\"og:locale\" content=\"it_IT\" \/>\n<meta property=\"og:type\" content=\"article\" \/>\n<meta property=\"og:title\" content=\"Filippo Inzaghi presenta la sfida tra la Reggina e il Parma\" \/>\n<meta property=\"og:description\" content=\"Al Tardini di Parma, la Reggina giocher\u00e0 contro una delle favorite per la promozione in Serie A. Inzaghi ha analizzato la sfida ai giallobl\u00f9\" \/>\n<meta property=\"og:url\" content=\"https:\/\/progettotouring.it\/radiotouring104\/2022\/10\/14\/la-reggina-sfidera-il-parma-per-mantenere-il-primato-in-serie-b-inzaghi-analizza-la-sfida-del-tardini\/\" \/>\n<meta property=\"og:site_name\" content=\"Radio Touring 104\" \/>\n<meta property=\"article:published_time\" content=\"2022-10-14T15:51:26+00:00\" \/>\n<meta property=\"og:image\" content=\"https:\/\/progettotouring.it\/radiotouring104\/wp-content\/uploads\/sites\/6\/2022\/08\/inzaghi.png\" \/>\n\t<meta property=\"og:image:width\" content=\"1274\" \/>\n\t<meta property=\"og:image:height\" content=\"661\" \/>\n\t<meta property=\"og:image:type\" content=\"image\/png\" \/>\n<meta name=\"author\" content=\"Filippo Francesco Idone\" \/>\n<meta name=\"twitter:card\" content=\"summary_large_image\" \/>\n<meta name=\"twitter:label1\" content=\"Scritto da\" \/>\n\t<meta name=\"twitter:data1\" content=\"Filippo Francesco Idone\" \/>\n\t<meta name=\"twitter:label2\" content=\"Tempo di lettura stimato\" \/>\n\t<meta name=\"twitter:data2\" content=\"3 minuti\" \/>\n<script type=\"application\/ld+json\" class=\"yoast-schema-graph\">{\"@context\":\"https:\/\/schema.org\",\"@graph\":[{\"@type\":\"Article\",\"@id\":\"https:\/\/progettotouring.it\/radiotouring104\/2022\/10\/14\/la-reggina-sfidera-il-parma-per-mantenere-il-primato-in-serie-b-inzaghi-analizza-la-sfida-del-tardini\/#article\",\"isPartOf\":{\"@id\":\"https:\/\/progettotouring.it\/radiotouring104\/2022\/10\/14\/la-reggina-sfidera-il-parma-per-mantenere-il-primato-in-serie-b-inzaghi-analizza-la-sfida-del-tardini\/\"},\"author\":{\"name\":\"Filippo Francesco Idone\",\"@id\":\"https:\/\/progettotouring.it\/radiotouring104\/#\/schema\/person\/4a82259ca52ac8702ad1a8f9e5a3120b\"},\"headline\":\"La Reggina sfider\u00e0 il Parma per mantenere il primato in Serie B: Inzaghi analizza la sfida del Tardini\",\"datePublished\":\"2022-10-14T15:51:26+00:00\",\"mainEntityOfPage\":{\"@id\":\"https:\/\/progettotouring.it\/radiotouring104\/2022\/10\/14\/la-reggina-sfidera-il-parma-per-mantenere-il-primato-in-serie-b-inzaghi-analizza-la-sfida-del-tardini\/\"},\"wordCount\":539,\"commentCount\":0,\"publisher\":{\"@id\":\"https:\/\/progettotouring.it\/radiotouring104\/#organization\"},\"image\":{\"@id\":\"https:\/\/progettotouring.it\/radiotouring104\/2022\/10\/14\/la-reggina-sfidera-il-parma-per-mantenere-il-primato-in-serie-b-inzaghi-analizza-la-sfida-del-tardini\/#primaryimage\"},\"thumbnailUrl\":\"https:\/\/progettotouring.it\/radiotouring104\/wp-content\/uploads\/sites\/6\/2022\/08\/inzaghi.png\",\"keywords\":[\"conferenza stampa\",\"inzaghi\",\"Parma\",\"reggina\",\"serie b\"],\"articleSection\":[\"News\",\"Reggio Calabria\",\"Sport\"],\"inLanguage\":\"it-IT\",\"potentialAction\":[{\"@type\":\"CommentAction\",\"name\":\"Comment\",\"target\":[\"https:\/\/progettotouring.it\/radiotouring104\/2022\/10\/14\/la-reggina-sfidera-il-parma-per-mantenere-il-primato-in-serie-b-inzaghi-analizza-la-sfida-del-tardini\/#respond\"]}]},{\"@type\":\"WebPage\",\"@id\":\"https:\/\/progettotouring.it\/radiotouring104\/2022\/10\/14\/la-reggina-sfidera-il-parma-per-mantenere-il-primato-in-serie-b-inzaghi-analizza-la-sfida-del-tardini\/\",\"url\":\"https:\/\/progettotouring.it\/radiotouring104\/2022\/10\/14\/la-reggina-sfidera-il-parma-per-mantenere-il-primato-in-serie-b-inzaghi-analizza-la-sfida-del-tardini\/\",\"name\":\"Filippo Inzaghi presenta la sfida tra la Reggina e il Parma\",\"isPartOf\":{\"@id\":\"https:\/\/progettotouring.it\/radiotouring104\/#website\"},\"primaryImageOfPage\":{\"@id\":\"https:\/\/progettotouring.it\/radiotouring104\/2022\/10\/14\/la-reggina-sfidera-il-parma-per-mantenere-il-primato-in-serie-b-inzaghi-analizza-la-sfida-del-tardini\/#primaryimage\"},\"image\":{\"@id\":\"https:\/\/progettotouring.it\/radiotouring104\/2022\/10\/14\/la-reggina-sfidera-il-parma-per-mantenere-il-primato-in-serie-b-inzaghi-analizza-la-sfida-del-tardini\/#primaryimage\"},\"thumbnailUrl\":\"https:\/\/progettotouring.it\/radiotouring104\/wp-content\/uploads\/sites\/6\/2022\/08\/inzaghi.png\",\"datePublished\":\"2022-10-14T15:51:26+00:00\",\"description\":\"Al Tardini di Parma, la Reggina giocher\u00e0 contro una delle favorite per la promozione in Serie A. Inzaghi ha analizzato la sfida ai giallobl\u00f9\",\"breadcrumb\":{\"@id\":\"https:\/\/progettotouring.it\/radiotouring104\/2022\/10\/14\/la-reggina-sfidera-il-parma-per-mantenere-il-primato-in-serie-b-inzaghi-analizza-la-sfida-del-tardini\/#breadcrumb\"},\"inLanguage\":\"it-IT\",\"potentialAction\":[{\"@type\":\"ReadAction\",\"target\":[\"https:\/\/progettotouring.it\/radiotouring104\/2022\/10\/14\/la-reggina-sfidera-il-parma-per-mantenere-il-primato-in-serie-b-inzaghi-analizza-la-sfida-del-tardini\/\"]}]},{\"@type\":\"ImageObject\",\"inLanguage\":\"it-IT\",\"@id\":\"https:\/\/progettotouring.it\/radiotouring104\/2022\/10\/14\/la-reggina-sfidera-il-parma-per-mantenere-il-primato-in-serie-b-inzaghi-analizza-la-sfida-del-tardini\/#primaryimage\",\"url\":\"https:\/\/progettotouring.it\/radiotouring104\/wp-content\/uploads\/sites\/6\/2022\/08\/inzaghi.png\",\"contentUrl\":\"https:\/\/progettotouring.it\/radiotouring104\/wp-content\/uploads\/sites\/6\/2022\/08\/inzaghi.png\",\"width\":1274,\"height\":661},{\"@type\":\"BreadcrumbList\",\"@id\":\"https:\/\/progettotouring.it\/radiotouring104\/2022\/10\/14\/la-reggina-sfidera-il-parma-per-mantenere-il-primato-in-serie-b-inzaghi-analizza-la-sfida-del-tardini\/#breadcrumb\",\"itemListElement\":[{\"@type\":\"ListItem\",\"position\":1,\"name\":\"Home\",\"item\":\"https:\/\/progettotouring.it\/radiotouring104\/\"},{\"@type\":\"ListItem\",\"position\":2,\"name\":\"La Reggina sfider\u00e0 il Parma per mantenere il primato in Serie B: Inzaghi analizza la sfida del Tardini\"}]},{\"@type\":\"WebSite\",\"@id\":\"https:\/\/progettotouring.it\/radiotouring104\/#website\",\"url\":\"https:\/\/progettotouring.it\/radiotouring104\/\",\"name\":\"Radio Touring 104\",\"description\":\"La prima radio Reggina\",\"publisher\":{\"@id\":\"https:\/\/progettotouring.it\/radiotouring104\/#organization\"},\"potentialAction\":[{\"@type\":\"SearchAction\",\"target\":{\"@type\":\"EntryPoint\",\"urlTemplate\":\"https:\/\/progettotouring.it\/radiotouring104\/?s={search_term_string}\"},\"query-input\":{\"@type\":\"PropertyValueSpecification\",\"valueRequired\":true,\"valueName\":\"search_term_string\"}}],\"inLanguage\":\"it-IT\"},{\"@type\":\"Organization\",\"@id\":\"https:\/\/progettotouring.it\/radiotouring104\/#organization\",\"name\":\"Radio Touring 104\",\"url\":\"https:\/\/progettotouring.it\/radiotouring104\/\",\"logo\":{\"@type\":\"ImageObject\",\"inLanguage\":\"it-IT\",\"@id\":\"https:\/\/progettotouring.it\/radiotouring104\/#\/schema\/logo\/image\/\",\"url\":\"https:\/\/progettotouring.it\/radiotouring104\/wp-content\/uploads\/sites\/6\/2022\/02\/cropped-logo-radio-touring-104.png\",\"contentUrl\":\"https:\/\/progettotouring.it\/radiotouring104\/wp-content\/uploads\/sites\/6\/2022\/02\/cropped-logo-radio-touring-104.png\",\"width\":377,\"height\":182,\"caption\":\"Radio Touring 104\"},\"image\":{\"@id\":\"https:\/\/progettotouring.it\/radiotouring104\/#\/schema\/logo\/image\/\"}},{\"@type\":\"Person\",\"@id\":\"https:\/\/progettotouring.it\/radiotouring104\/#\/schema\/person\/4a82259ca52ac8702ad1a8f9e5a3120b\",\"name\":\"Filippo Francesco Idone\",\"image\":{\"@type\":\"ImageObject\",\"inLanguage\":\"it-IT\",\"@id\":\"https:\/\/secure.gravatar.com\/avatar\/7268715d2366395c3dd314385670e6484117d44f5c442e61e230f7008b7b62d3?s=96&d=mm&r=g\",\"url\":\"https:\/\/secure.gravatar.com\/avatar\/7268715d2366395c3dd314385670e6484117d44f5c442e61e230f7008b7b62d3?s=96&d=mm&r=g\",\"contentUrl\":\"https:\/\/secure.gravatar.com\/avatar\/7268715d2366395c3dd314385670e6484117d44f5c442e61e230f7008b7b62d3?s=96&d=mm&r=g\",\"caption\":\"Filippo Francesco Idone\"},\"url\":\"https:\/\/progettotouring.it\/radiotouring104\/author\/filippoidone\/\"}]}<\/script>\n<!-- \/ Yoast SEO plugin. -->","yoast_head_json":{"title":"Filippo Inzaghi presenta la sfida tra la Reggina e il Parma","description":"Al Tardini di Parma, la Reggina giocher\u00e0 contro una delle favorite per la promozione in Serie A. Inzaghi ha analizzato la sfida ai giallobl\u00f9","robots":{"index":"index","follow":"follow","max-snippet":"max-snippet:-1","max-image-preview":"max-image-preview:large","max-video-preview":"max-video-preview:-1"},"canonical":"https:\/\/progettotouring.it\/radiotouring104\/2022\/10\/14\/la-reggina-sfidera-il-parma-per-mantenere-il-primato-in-serie-b-inzaghi-analizza-la-sfida-del-tardini\/","og_locale":"it_IT","og_type":"article","og_title":"Filippo Inzaghi presenta la sfida tra la Reggina e il Parma","og_description":"Al Tardini di Parma, la Reggina giocher\u00e0 contro una delle favorite per la promozione in Serie A. Inzaghi ha analizzato la sfida ai giallobl\u00f9","og_url":"https:\/\/progettotouring.it\/radiotouring104\/2022\/10\/14\/la-reggina-sfidera-il-parma-per-mantenere-il-primato-in-serie-b-inzaghi-analizza-la-sfida-del-tardini\/","og_site_name":"Radio Touring 104","article_published_time":"2022-10-14T15:51:26+00:00","og_image":[{"width":1274,"height":661,"url":"https:\/\/progettotouring.it\/radiotouring104\/wp-content\/uploads\/sites\/6\/2022\/08\/inzaghi.png","type":"image\/png"}],"author":"Filippo Francesco Idone","twitter_card":"summary_large_image","twitter_misc":{"Scritto da":"Filippo Francesco Idone","Tempo di lettura stimato":"3 minuti"},"schema":{"@context":"https:\/\/schema.org","@graph":[{"@type":"Article","@id":"https:\/\/progettotouring.it\/radiotouring104\/2022\/10\/14\/la-reggina-sfidera-il-parma-per-mantenere-il-primato-in-serie-b-inzaghi-analizza-la-sfida-del-tardini\/#article","isPartOf":{"@id":"https:\/\/progettotouring.it\/radiotouring104\/2022\/10\/14\/la-reggina-sfidera-il-parma-per-mantenere-il-primato-in-serie-b-inzaghi-analizza-la-sfida-del-tardini\/"},"author":{"name":"Filippo Francesco Idone","@id":"https:\/\/progettotouring.it\/radiotouring104\/#\/schema\/person\/4a82259ca52ac8702ad1a8f9e5a3120b"},"headline":"La Reggina sfider\u00e0 il Parma per mantenere il primato in Serie B: Inzaghi analizza la sfida del Tardini","datePublished":"2022-10-14T15:51:26+00:00","mainEntityOfPage":{"@id":"https:\/\/progettotouring.it\/radiotouring104\/2022\/10\/14\/la-reggina-sfidera-il-parma-per-mantenere-il-primato-in-serie-b-inzaghi-analizza-la-sfida-del-tardini\/"},"wordCount":539,"commentCount":0,"publisher":{"@id":"https:\/\/progettotouring.it\/radiotouring104\/#organization"},"image":{"@id":"https:\/\/progettotouring.it\/radiotouring104\/2022\/10\/14\/la-reggina-sfidera-il-parma-per-mantenere-il-primato-in-serie-b-inzaghi-analizza-la-sfida-del-tardini\/#primaryimage"},"thumbnailUrl":"https:\/\/progettotouring.it\/radiotouring104\/wp-content\/uploads\/sites\/6\/2022\/08\/inzaghi.png","keywords":["conferenza stampa","inzaghi","Parma","reggina","serie b"],"articleSection":["News","Reggio Calabria","Sport"],"inLanguage":"it-IT","potentialAction":[{"@type":"CommentAction","name":"Comment","target":["https:\/\/progettotouring.it\/radiotouring104\/2022\/10\/14\/la-reggina-sfidera-il-parma-per-mantenere-il-primato-in-serie-b-inzaghi-analizza-la-sfida-del-tardini\/#respond"]}]},{"@type":"WebPage","@id":"https:\/\/progettotouring.it\/radiotouring104\/2022\/10\/14\/la-reggina-sfidera-il-parma-per-mantenere-il-primato-in-serie-b-inzaghi-analizza-la-sfida-del-tardini\/","url":"https:\/\/progettotouring.it\/radiotouring104\/2022\/10\/14\/la-reggina-sfidera-il-parma-per-mantenere-il-primato-in-serie-b-inzaghi-analizza-la-sfida-del-tardini\/","name":"Filippo Inzaghi presenta la sfida tra la Reggina e il Parma","isPartOf":{"@id":"https:\/\/progettotouring.it\/radiotouring104\/#website"},"primaryImageOfPage":{"@id":"https:\/\/progettotouring.it\/radiotouring104\/2022\/10\/14\/la-reggina-sfidera-il-parma-per-mantenere-il-primato-in-serie-b-inzaghi-analizza-la-sfida-del-tardini\/#primaryimage"},"image":{"@id":"https:\/\/progettotouring.it\/radiotouring104\/2022\/10\/14\/la-reggina-sfidera-il-parma-per-mantenere-il-primato-in-serie-b-inzaghi-analizza-la-sfida-del-tardini\/#primaryimage"},"thumbnailUrl":"https:\/\/progettotouring.it\/radiotouring104\/wp-content\/uploads\/sites\/6\/2022\/08\/inzaghi.png","datePublished":"2022-10-14T15:51:26+00:00","description":"Al Tardini di Parma, la Reggina giocher\u00e0 contro una delle favorite per la promozione in Serie A. Inzaghi ha analizzato la sfida ai giallobl\u00f9","breadcrumb":{"@id":"https:\/\/progettotouring.it\/radiotouring104\/2022\/10\/14\/la-reggina-sfidera-il-parma-per-mantenere-il-primato-in-serie-b-inzaghi-analizza-la-sfida-del-tardini\/#breadcrumb"},"inLanguage":"it-IT","potentialAction":[{"@type":"ReadAction","target":["https:\/\/progettotouring.it\/radiotouring104\/2022\/10\/14\/la-reggina-sfidera-il-parma-per-mantenere-il-primato-in-serie-b-inzaghi-analizza-la-sfida-del-tardini\/"]}]},{"@type":"ImageObject","inLanguage":"it-IT","@id":"https:\/\/progettotouring.it\/radiotouring104\/2022\/10\/14\/la-reggina-sfidera-il-parma-per-mantenere-il-primato-in-serie-b-inzaghi-analizza-la-sfida-del-tardini\/#primaryimage","url":"https:\/\/progettotouring.it\/radiotouring104\/wp-content\/uploads\/sites\/6\/2022\/08\/inzaghi.png","contentUrl":"https:\/\/progettotouring.it\/radiotouring104\/wp-content\/uploads\/sites\/6\/2022\/08\/inzaghi.png","width":1274,"height":661},{"@type":"BreadcrumbList","@id":"https:\/\/progettotouring.it\/radiotouring104\/2022\/10\/14\/la-reggina-sfidera-il-parma-per-mantenere-il-primato-in-serie-b-inzaghi-analizza-la-sfida-del-tardini\/#breadcrumb","itemListElement":[{"@type":"ListItem","position":1,"name":"Home","item":"https:\/\/progettotouring.it\/radiotouring104\/"},{"@type":"ListItem","position":2,"name":"La Reggina sfider\u00e0 il Parma per mantenere il primato in Serie B: Inzaghi analizza la sfida del Tardini"}]},{"@type":"WebSite","@id":"https:\/\/progettotouring.it\/radiotouring104\/#website","url":"https:\/\/progettotouring.it\/radiotouring104\/","name":"Radio Touring 104","description":"La prima radio Reggina","publisher":{"@id":"https:\/\/progettotouring.it\/radiotouring104\/#organization"},"potentialAction":[{"@type":"SearchAction","target":{"@type":"EntryPoint","urlTemplate":"https:\/\/progettotouring.it\/radiotouring104\/?s={search_term_string}"},"query-input":{"@type":"PropertyValueSpecification","valueRequired":true,"valueName":"search_term_string"}}],"inLanguage":"it-IT"},{"@type":"Organization","@id":"https:\/\/progettotouring.it\/radiotouring104\/#organization","name":"Radio Touring 104","url":"https:\/\/progettotouring.it\/radiotouring104\/","logo":{"@type":"ImageObject","inLanguage":"it-IT","@id":"https:\/\/progettotouring.it\/radiotouring104\/#\/schema\/logo\/image\/","url":"https:\/\/progettotouring.it\/radiotouring104\/wp-content\/uploads\/sites\/6\/2022\/02\/cropped-logo-radio-touring-104.png","contentUrl":"https:\/\/progettotouring.it\/radiotouring104\/wp-content\/uploads\/sites\/6\/2022\/02\/cropped-logo-radio-touring-104.png","width":377,"height":182,"caption":"Radio Touring 104"},"image":{"@id":"https:\/\/progettotouring.it\/radiotouring104\/#\/schema\/logo\/image\/"}},{"@type":"Person","@id":"https:\/\/progettotouring.it\/radiotouring104\/#\/schema\/person\/4a82259ca52ac8702ad1a8f9e5a3120b","name":"Filippo Francesco Idone","image":{"@type":"ImageObject","inLanguage":"it-IT","@id":"https:\/\/secure.gravatar.com\/avatar\/7268715d2366395c3dd314385670e6484117d44f5c442e61e230f7008b7b62d3?s=96&d=mm&r=g","url":"https:\/\/secure.gravatar.com\/avatar\/7268715d2366395c3dd314385670e6484117d44f5c442e61e230f7008b7b62d3?s=96&d=mm&r=g","contentUrl":"https:\/\/secure.gravatar.com\/avatar\/7268715d2366395c3dd314385670e6484117d44f5c442e61e230f7008b7b62d3?s=96&d=mm&r=g","caption":"Filippo Francesco Idone"},"url":"https:\/\/progettotouring.it\/radiotouring104\/author\/filippoidone\/"}]}},"jetpack_publicize_connections":[],"jetpack_featured_media_url":"https:\/\/progettotouring.it\/radiotouring104\/wp-content\/uploads\/sites\/6\/2022\/08\/inzaghi.png","jetpack_sharing_enabled":true,"_links":{"self":[{"href":"https:\/\/progettotouring.it\/radiotouring104\/wp-json\/wp\/v2\/posts\/10584","targetHints":{"allow":["GET"]}}],"collection":[{"href":"https:\/\/progettotouring.it\/radiotouring104\/wp-json\/wp\/v2\/posts"}],"about":[{"href":"https:\/\/progettotouring.it\/radiotouring104\/wp-json\/wp\/v2\/types\/post"}],"author":[{"embeddable":true,"href":"https:\/\/progettotouring.it\/radiotouring104\/wp-json\/wp\/v2\/users\/8"}],"replies":[{"embeddable":true,"href":"https:\/\/progettotouring.it\/radiotouring104\/wp-json\/wp\/v2\/comments?post=10584"}],"version-history":[{"count":1,"href":"https:\/\/progettotouring.it\/radiotouring104\/wp-json\/wp\/v2\/posts\/10584\/revisions"}],"predecessor-version":[{"id":10585,"href":"https:\/\/progettotouring.it\/radiotouring104\/wp-json\/wp\/v2\/posts\/10584\/revisions\/10585"}],"wp:featuredmedia":[{"embeddable":true,"href":"https:\/\/progettotouring.it\/radiotouring104\/wp-json\/wp\/v2\/media\/9091"}],"wp:attachment":[{"href":"https:\/\/progettotouring.it\/radiotouring104\/wp-json\/wp\/v2\/media?parent=10584"}],"wp:term":[{"taxonomy":"category","embeddable":true,"href":"https:\/\/progettotouring.it\/radiotouring104\/wp-json\/wp\/v2\/categories?post=10584"},{"taxonomy":"post_tag","embeddable":true,"href":"https:\/\/progettotouring.it\/radiotouring104\/wp-json\/wp\/v2\/tags?post=10584"}],"curies":[{"name":"wp","href":"https:\/\/api.w.org\/{rel}","templated":true}]}}