{"id":10600,"date":"2022-10-15T18:52:42","date_gmt":"2022-10-15T16:52:42","guid":{"rendered":"https:\/\/progettotouring.it\/radiotouring104\/?p=10600"},"modified":"2022-10-15T18:52:42","modified_gmt":"2022-10-15T16:52:42","slug":"serie-b-inzaghi-amareggiato-per-la-sconfitta-subita-contro-il-parma-e-incredibile-quello-che-e-accaduto-oggi","status":"publish","type":"post","link":"https:\/\/progettotouring.it\/radiotouring104\/2022\/10\/15\/serie-b-inzaghi-amareggiato-per-la-sconfitta-subita-contro-il-parma-e-incredibile-quello-che-e-accaduto-oggi\/","title":{"rendered":"Serie B, Inzaghi amareggiato per la sconfitta subita contro il Parma: &#8220;\u00c8 incredibile quello che \u00e8 accaduto oggi&#8221;"},"content":{"rendered":"<p style=\"text-align: justify\">La <strong>Reggina<\/strong> ha perso malamente contro il <strong>Parma<\/strong> per 2-0 a causa delle reti di Oosterwolde e di Valenti. Una sconfitta amara visto che gli amaranto hanno giocato bene provando a chiudere le ripartenze dei Crociati, ma il risultato ha decretato la vittoria dei giallobl\u00f9. In classifica la squadra ha perso la vetta della classifica a causa del trionfo della Ternana in rimonta contro il Benevento.<\/p>\n<p style=\"text-align: justify\"><strong>Filippo Inzaghi<\/strong> in conferenza stampa ha analizzato il KO esterno contro il <strong>Parma<\/strong>:\u00a0<em>&#8220;Con mezzo tiro in porta abbiamo perso <strong>2-0.<\/strong> Dal punto di vista delle occasioni meritavamo di vincere. Abbiamo fatto 12 tiri come a <strong>Modena<\/strong> e non abbiamo subito nulla, per\u00f2 perdiamo <strong>2-0<\/strong>. Questo ci deve fare riflettere, anche se dal punto di vista del gioco sono contento, ma \u00e8 chiaro che queste partite vanno vinte. La squadra ha dimostrato carattere di giocare contro un club forte come il <strong>Parma<\/strong>. Dovevamo essere pi\u00f9 concreti e chiudere il primo tempo in vantaggio. Onore a loro che hanno vinto, per\u00f2 dovevamo essere pi\u00f9 bravi e soprattutto non prendere un gol dopo un calcio d\u2019angolo a favore. Siamo giovani e cresceremo e abbiamo realizzato il 60% del possesso palla e abbiamo cercato di fare la partita. \u00c8 incredibile quello che \u00e8 accaduto oggi, dobbiamo adeguarci e ripartire. Il <strong>Parma<\/strong> ha fatto la sua partita e anche se gli mancavano qualche giocatore in panchina hanno una rosa da Serie A&#8221;.<\/em><\/p>\n<p style=\"text-align: justify\">Il mister amaranto non ha intenzione di vedere la classifica e capire la posizione della Reggina dopo questa sconfitta:\u00a0<em>\u201cNon so in che posizione siamo in classifica e non mi interessa. Siamo una squadra che tre mesi fa stava per scomparire, abbiamo cambiato 20 giocatori e realizzato ottime partite e siamo pi\u00f9 avanti di quello che pensavo. Dobbiamo migliorare queste trasferte e vedere questo atteggiamento e perdere mi lascia l\u2019amaro in bocca. Dobbiamo capire che bisogna vincere le partite che dominiamo, ma sono molto sereno. Ci sono quattro squadre fuori concorso e speriamo di inserirci in questo lotto&#8221;.<\/em><\/p>\n<p style=\"text-align: justify\"><strong>Inzaghi<\/strong> ha analizzato le dinamiche dei gol presi dalla Reggina:\u00a0<em>&#8220;Il primo un gol non lo vuoi mai prendere perch\u00e9 eravamo schierati e non dobbiamo perdere i contrasti come abbiamo fatto. E\u2019 successo e mi auguro che non succeder\u00e0 mai pi\u00f9. So come gioca Pecchia, ha fatto meno fraseggio, puntava sulle seconde palle. Pensavo di soffrire di meno e questo risultato \u00e8 inspiegabile. Anche se il primo tempo dovevamo chiuderlo in vantaggio e penso che questa squadra se gioca cos\u00ec non pu\u00f2 mai perdere. Sul secondo gol non \u00e8 da noi, e poteva essere evitabile. In quel momento la squadra era sotto immeritatamente e ha fatto fatica a reagire. Oggi Pecchia ha giocato in maniera diversa dal solito. Hanno fatto una partita umile e non dovevamo essere pi\u00f9 brai e fruttare gli uno contro uno&#8221;.<\/em><\/p>\n","protected":false},"excerpt":{"rendered":"<p>La Reggina ha perso malamente contro il Parma per 2-0 a causa delle reti di Oosterwolde e di Valenti. Una sconfitta amara visto che gli amaranto hanno giocato bene provando&hellip;<\/p>\n","protected":false},"author":8,"featured_media":10602,"comment_status":"open","ping_status":"open","sticky":false,"template":"","format":"standard","meta":{"_jetpack_memberships_contains_paid_content":false,"footnotes":"","jetpack_publicize_message":"","jetpack_publicize_feature_enabled":true,"jetpack_social_post_already_shared":false,"jetpack_social_options":{"image_generator_settings":{"template":"highway","default_image_id":0,"font":"","enabled":false},"version":2}},"categories":[196,140,144],"tags":[3598,1309,210,3142,419],"class_list":["post-10600","post","type-post","status-publish","format-standard","has-post-thumbnail","hentry","category-news","category-reggio-calabria","category-sport","tag-inzaghi","tag-parma","tag-reggina","tag-serie-a","tag-serie-b"],"yoast_head":"<!-- This site is optimized with the Yoast SEO plugin v27.2 - https:\/\/yoast.com\/product\/yoast-seo-wordpress\/ -->\n<title>Inzaghi amareggiato per la sconfitta subita contro il Parma<\/title>\n<meta name=\"description\" content=\"Filippo Inzaghi ha analizzato il match perso dalla Reggina contro il Parma, match valido per la nona giornata di Serie B\" \/>\n<meta name=\"robots\" content=\"index, follow, max-snippet:-1, max-image-preview:large, max-video-preview:-1\" \/>\n<link rel=\"canonical\" href=\"https:\/\/progettotouring.it\/radiotouring104\/2022\/10\/15\/serie-b-inzaghi-amareggiato-per-la-sconfitta-subita-contro-il-parma-e-incredibile-quello-che-e-accaduto-oggi\/\" \/>\n<meta property=\"og:locale\" content=\"it_IT\" \/>\n<meta property=\"og:type\" content=\"article\" \/>\n<meta property=\"og:title\" content=\"Inzaghi amareggiato per la sconfitta subita contro il Parma\" \/>\n<meta property=\"og:description\" content=\"Filippo Inzaghi ha analizzato il match perso dalla Reggina contro il Parma, match valido per la nona giornata di Serie B\" \/>\n<meta property=\"og:url\" content=\"https:\/\/progettotouring.it\/radiotouring104\/2022\/10\/15\/serie-b-inzaghi-amareggiato-per-la-sconfitta-subita-contro-il-parma-e-incredibile-quello-che-e-accaduto-oggi\/\" \/>\n<meta property=\"og:site_name\" content=\"Radio Touring 104\" \/>\n<meta property=\"article:published_time\" content=\"2022-10-15T16:52:42+00:00\" \/>\n<meta property=\"og:image\" content=\"https:\/\/progettotouring.it\/radiotouring104\/wp-content\/uploads\/sites\/6\/2022\/10\/inzaghi-.png\" \/>\n\t<meta property=\"og:image:width\" content=\"1067\" \/>\n\t<meta property=\"og:image:height\" content=\"526\" \/>\n\t<meta property=\"og:image:type\" content=\"image\/png\" \/>\n<meta name=\"author\" content=\"Filippo Francesco Idone\" \/>\n<meta name=\"twitter:card\" content=\"summary_large_image\" \/>\n<meta name=\"twitter:label1\" content=\"Scritto da\" \/>\n\t<meta name=\"twitter:data1\" content=\"Filippo Francesco Idone\" \/>\n\t<meta name=\"twitter:label2\" content=\"Tempo di lettura stimato\" \/>\n\t<meta name=\"twitter:data2\" content=\"2 minuti\" \/>\n<script type=\"application\/ld+json\" class=\"yoast-schema-graph\">{\"@context\":\"https:\/\/schema.org\",\"@graph\":[{\"@type\":\"Article\",\"@id\":\"https:\/\/progettotouring.it\/radiotouring104\/2022\/10\/15\/serie-b-inzaghi-amareggiato-per-la-sconfitta-subita-contro-il-parma-e-incredibile-quello-che-e-accaduto-oggi\/#article\",\"isPartOf\":{\"@id\":\"https:\/\/progettotouring.it\/radiotouring104\/2022\/10\/15\/serie-b-inzaghi-amareggiato-per-la-sconfitta-subita-contro-il-parma-e-incredibile-quello-che-e-accaduto-oggi\/\"},\"author\":{\"name\":\"Filippo Francesco Idone\",\"@id\":\"https:\/\/progettotouring.it\/radiotouring104\/#\/schema\/person\/4a82259ca52ac8702ad1a8f9e5a3120b\"},\"headline\":\"Serie B, Inzaghi amareggiato per la sconfitta subita contro il Parma: &#8220;\u00c8 incredibile quello che \u00e8 accaduto oggi&#8221;\",\"datePublished\":\"2022-10-15T16:52:42+00:00\",\"mainEntityOfPage\":{\"@id\":\"https:\/\/progettotouring.it\/radiotouring104\/2022\/10\/15\/serie-b-inzaghi-amareggiato-per-la-sconfitta-subita-contro-il-parma-e-incredibile-quello-che-e-accaduto-oggi\/\"},\"wordCount\":477,\"commentCount\":0,\"publisher\":{\"@id\":\"https:\/\/progettotouring.it\/radiotouring104\/#organization\"},\"image\":{\"@id\":\"https:\/\/progettotouring.it\/radiotouring104\/2022\/10\/15\/serie-b-inzaghi-amareggiato-per-la-sconfitta-subita-contro-il-parma-e-incredibile-quello-che-e-accaduto-oggi\/#primaryimage\"},\"thumbnailUrl\":\"https:\/\/progettotouring.it\/radiotouring104\/wp-content\/uploads\/sites\/6\/2022\/10\/inzaghi-.png\",\"keywords\":[\"inzaghi\",\"Parma\",\"reggina\",\"serie a\",\"serie b\"],\"articleSection\":[\"News\",\"Reggio Calabria\",\"Sport\"],\"inLanguage\":\"it-IT\",\"potentialAction\":[{\"@type\":\"CommentAction\",\"name\":\"Comment\",\"target\":[\"https:\/\/progettotouring.it\/radiotouring104\/2022\/10\/15\/serie-b-inzaghi-amareggiato-per-la-sconfitta-subita-contro-il-parma-e-incredibile-quello-che-e-accaduto-oggi\/#respond\"]}]},{\"@type\":\"WebPage\",\"@id\":\"https:\/\/progettotouring.it\/radiotouring104\/2022\/10\/15\/serie-b-inzaghi-amareggiato-per-la-sconfitta-subita-contro-il-parma-e-incredibile-quello-che-e-accaduto-oggi\/\",\"url\":\"https:\/\/progettotouring.it\/radiotouring104\/2022\/10\/15\/serie-b-inzaghi-amareggiato-per-la-sconfitta-subita-contro-il-parma-e-incredibile-quello-che-e-accaduto-oggi\/\",\"name\":\"Inzaghi amareggiato per la sconfitta subita contro il Parma\",\"isPartOf\":{\"@id\":\"https:\/\/progettotouring.it\/radiotouring104\/#website\"},\"primaryImageOfPage\":{\"@id\":\"https:\/\/progettotouring.it\/radiotouring104\/2022\/10\/15\/serie-b-inzaghi-amareggiato-per-la-sconfitta-subita-contro-il-parma-e-incredibile-quello-che-e-accaduto-oggi\/#primaryimage\"},\"image\":{\"@id\":\"https:\/\/progettotouring.it\/radiotouring104\/2022\/10\/15\/serie-b-inzaghi-amareggiato-per-la-sconfitta-subita-contro-il-parma-e-incredibile-quello-che-e-accaduto-oggi\/#primaryimage\"},\"thumbnailUrl\":\"https:\/\/progettotouring.it\/radiotouring104\/wp-content\/uploads\/sites\/6\/2022\/10\/inzaghi-.png\",\"datePublished\":\"2022-10-15T16:52:42+00:00\",\"description\":\"Filippo Inzaghi ha analizzato il match perso dalla Reggina contro il Parma, match valido per la nona giornata di Serie B\",\"breadcrumb\":{\"@id\":\"https:\/\/progettotouring.it\/radiotouring104\/2022\/10\/15\/serie-b-inzaghi-amareggiato-per-la-sconfitta-subita-contro-il-parma-e-incredibile-quello-che-e-accaduto-oggi\/#breadcrumb\"},\"inLanguage\":\"it-IT\",\"potentialAction\":[{\"@type\":\"ReadAction\",\"target\":[\"https:\/\/progettotouring.it\/radiotouring104\/2022\/10\/15\/serie-b-inzaghi-amareggiato-per-la-sconfitta-subita-contro-il-parma-e-incredibile-quello-che-e-accaduto-oggi\/\"]}]},{\"@type\":\"ImageObject\",\"inLanguage\":\"it-IT\",\"@id\":\"https:\/\/progettotouring.it\/radiotouring104\/2022\/10\/15\/serie-b-inzaghi-amareggiato-per-la-sconfitta-subita-contro-il-parma-e-incredibile-quello-che-e-accaduto-oggi\/#primaryimage\",\"url\":\"https:\/\/progettotouring.it\/radiotouring104\/wp-content\/uploads\/sites\/6\/2022\/10\/inzaghi-.png\",\"contentUrl\":\"https:\/\/progettotouring.it\/radiotouring104\/wp-content\/uploads\/sites\/6\/2022\/10\/inzaghi-.png\",\"width\":1067,\"height\":526},{\"@type\":\"BreadcrumbList\",\"@id\":\"https:\/\/progettotouring.it\/radiotouring104\/2022\/10\/15\/serie-b-inzaghi-amareggiato-per-la-sconfitta-subita-contro-il-parma-e-incredibile-quello-che-e-accaduto-oggi\/#breadcrumb\",\"itemListElement\":[{\"@type\":\"ListItem\",\"position\":1,\"name\":\"Home\",\"item\":\"https:\/\/progettotouring.it\/radiotouring104\/\"},{\"@type\":\"ListItem\",\"position\":2,\"name\":\"Serie B, Inzaghi amareggiato per la sconfitta subita contro il Parma: &#8220;\u00c8 incredibile quello che \u00e8 accaduto oggi&#8221;\"}]},{\"@type\":\"WebSite\",\"@id\":\"https:\/\/progettotouring.it\/radiotouring104\/#website\",\"url\":\"https:\/\/progettotouring.it\/radiotouring104\/\",\"name\":\"Radio Touring 104\",\"description\":\"La prima radio Reggina\",\"publisher\":{\"@id\":\"https:\/\/progettotouring.it\/radiotouring104\/#organization\"},\"potentialAction\":[{\"@type\":\"SearchAction\",\"target\":{\"@type\":\"EntryPoint\",\"urlTemplate\":\"https:\/\/progettotouring.it\/radiotouring104\/?s={search_term_string}\"},\"query-input\":{\"@type\":\"PropertyValueSpecification\",\"valueRequired\":true,\"valueName\":\"search_term_string\"}}],\"inLanguage\":\"it-IT\"},{\"@type\":\"Organization\",\"@id\":\"https:\/\/progettotouring.it\/radiotouring104\/#organization\",\"name\":\"Radio Touring 104\",\"url\":\"https:\/\/progettotouring.it\/radiotouring104\/\",\"logo\":{\"@type\":\"ImageObject\",\"inLanguage\":\"it-IT\",\"@id\":\"https:\/\/progettotouring.it\/radiotouring104\/#\/schema\/logo\/image\/\",\"url\":\"https:\/\/progettotouring.it\/radiotouring104\/wp-content\/uploads\/sites\/6\/2022\/02\/cropped-logo-radio-touring-104.png\",\"contentUrl\":\"https:\/\/progettotouring.it\/radiotouring104\/wp-content\/uploads\/sites\/6\/2022\/02\/cropped-logo-radio-touring-104.png\",\"width\":377,\"height\":182,\"caption\":\"Radio Touring 104\"},\"image\":{\"@id\":\"https:\/\/progettotouring.it\/radiotouring104\/#\/schema\/logo\/image\/\"}},{\"@type\":\"Person\",\"@id\":\"https:\/\/progettotouring.it\/radiotouring104\/#\/schema\/person\/4a82259ca52ac8702ad1a8f9e5a3120b\",\"name\":\"Filippo Francesco Idone\",\"image\":{\"@type\":\"ImageObject\",\"inLanguage\":\"it-IT\",\"@id\":\"https:\/\/secure.gravatar.com\/avatar\/7268715d2366395c3dd314385670e6484117d44f5c442e61e230f7008b7b62d3?s=96&d=mm&r=g\",\"url\":\"https:\/\/secure.gravatar.com\/avatar\/7268715d2366395c3dd314385670e6484117d44f5c442e61e230f7008b7b62d3?s=96&d=mm&r=g\",\"contentUrl\":\"https:\/\/secure.gravatar.com\/avatar\/7268715d2366395c3dd314385670e6484117d44f5c442e61e230f7008b7b62d3?s=96&d=mm&r=g\",\"caption\":\"Filippo Francesco Idone\"},\"url\":\"https:\/\/progettotouring.it\/radiotouring104\/author\/filippoidone\/\"}]}<\/script>\n<!-- \/ Yoast SEO plugin. -->","yoast_head_json":{"title":"Inzaghi amareggiato per la sconfitta subita contro il Parma","description":"Filippo Inzaghi ha analizzato il match perso dalla Reggina contro il Parma, match valido per la nona giornata di Serie B","robots":{"index":"index","follow":"follow","max-snippet":"max-snippet:-1","max-image-preview":"max-image-preview:large","max-video-preview":"max-video-preview:-1"},"canonical":"https:\/\/progettotouring.it\/radiotouring104\/2022\/10\/15\/serie-b-inzaghi-amareggiato-per-la-sconfitta-subita-contro-il-parma-e-incredibile-quello-che-e-accaduto-oggi\/","og_locale":"it_IT","og_type":"article","og_title":"Inzaghi amareggiato per la sconfitta subita contro il Parma","og_description":"Filippo Inzaghi ha analizzato il match perso dalla Reggina contro il Parma, match valido per la nona giornata di Serie B","og_url":"https:\/\/progettotouring.it\/radiotouring104\/2022\/10\/15\/serie-b-inzaghi-amareggiato-per-la-sconfitta-subita-contro-il-parma-e-incredibile-quello-che-e-accaduto-oggi\/","og_site_name":"Radio Touring 104","article_published_time":"2022-10-15T16:52:42+00:00","og_image":[{"width":1067,"height":526,"url":"https:\/\/progettotouring.it\/radiotouring104\/wp-content\/uploads\/sites\/6\/2022\/10\/inzaghi-.png","type":"image\/png"}],"author":"Filippo Francesco Idone","twitter_card":"summary_large_image","twitter_misc":{"Scritto da":"Filippo Francesco Idone","Tempo di lettura stimato":"2 minuti"},"schema":{"@context":"https:\/\/schema.org","@graph":[{"@type":"Article","@id":"https:\/\/progettotouring.it\/radiotouring104\/2022\/10\/15\/serie-b-inzaghi-amareggiato-per-la-sconfitta-subita-contro-il-parma-e-incredibile-quello-che-e-accaduto-oggi\/#article","isPartOf":{"@id":"https:\/\/progettotouring.it\/radiotouring104\/2022\/10\/15\/serie-b-inzaghi-amareggiato-per-la-sconfitta-subita-contro-il-parma-e-incredibile-quello-che-e-accaduto-oggi\/"},"author":{"name":"Filippo Francesco Idone","@id":"https:\/\/progettotouring.it\/radiotouring104\/#\/schema\/person\/4a82259ca52ac8702ad1a8f9e5a3120b"},"headline":"Serie B, Inzaghi amareggiato per la sconfitta subita contro il Parma: &#8220;\u00c8 incredibile quello che \u00e8 accaduto oggi&#8221;","datePublished":"2022-10-15T16:52:42+00:00","mainEntityOfPage":{"@id":"https:\/\/progettotouring.it\/radiotouring104\/2022\/10\/15\/serie-b-inzaghi-amareggiato-per-la-sconfitta-subita-contro-il-parma-e-incredibile-quello-che-e-accaduto-oggi\/"},"wordCount":477,"commentCount":0,"publisher":{"@id":"https:\/\/progettotouring.it\/radiotouring104\/#organization"},"image":{"@id":"https:\/\/progettotouring.it\/radiotouring104\/2022\/10\/15\/serie-b-inzaghi-amareggiato-per-la-sconfitta-subita-contro-il-parma-e-incredibile-quello-che-e-accaduto-oggi\/#primaryimage"},"thumbnailUrl":"https:\/\/progettotouring.it\/radiotouring104\/wp-content\/uploads\/sites\/6\/2022\/10\/inzaghi-.png","keywords":["inzaghi","Parma","reggina","serie a","serie b"],"articleSection":["News","Reggio Calabria","Sport"],"inLanguage":"it-IT","potentialAction":[{"@type":"CommentAction","name":"Comment","target":["https:\/\/progettotouring.it\/radiotouring104\/2022\/10\/15\/serie-b-inzaghi-amareggiato-per-la-sconfitta-subita-contro-il-parma-e-incredibile-quello-che-e-accaduto-oggi\/#respond"]}]},{"@type":"WebPage","@id":"https:\/\/progettotouring.it\/radiotouring104\/2022\/10\/15\/serie-b-inzaghi-amareggiato-per-la-sconfitta-subita-contro-il-parma-e-incredibile-quello-che-e-accaduto-oggi\/","url":"https:\/\/progettotouring.it\/radiotouring104\/2022\/10\/15\/serie-b-inzaghi-amareggiato-per-la-sconfitta-subita-contro-il-parma-e-incredibile-quello-che-e-accaduto-oggi\/","name":"Inzaghi amareggiato per la sconfitta subita contro il Parma","isPartOf":{"@id":"https:\/\/progettotouring.it\/radiotouring104\/#website"},"primaryImageOfPage":{"@id":"https:\/\/progettotouring.it\/radiotouring104\/2022\/10\/15\/serie-b-inzaghi-amareggiato-per-la-sconfitta-subita-contro-il-parma-e-incredibile-quello-che-e-accaduto-oggi\/#primaryimage"},"image":{"@id":"https:\/\/progettotouring.it\/radiotouring104\/2022\/10\/15\/serie-b-inzaghi-amareggiato-per-la-sconfitta-subita-contro-il-parma-e-incredibile-quello-che-e-accaduto-oggi\/#primaryimage"},"thumbnailUrl":"https:\/\/progettotouring.it\/radiotouring104\/wp-content\/uploads\/sites\/6\/2022\/10\/inzaghi-.png","datePublished":"2022-10-15T16:52:42+00:00","description":"Filippo Inzaghi ha analizzato il match perso dalla Reggina contro il Parma, match valido per la nona giornata di Serie B","breadcrumb":{"@id":"https:\/\/progettotouring.it\/radiotouring104\/2022\/10\/15\/serie-b-inzaghi-amareggiato-per-la-sconfitta-subita-contro-il-parma-e-incredibile-quello-che-e-accaduto-oggi\/#breadcrumb"},"inLanguage":"it-IT","potentialAction":[{"@type":"ReadAction","target":["https:\/\/progettotouring.it\/radiotouring104\/2022\/10\/15\/serie-b-inzaghi-amareggiato-per-la-sconfitta-subita-contro-il-parma-e-incredibile-quello-che-e-accaduto-oggi\/"]}]},{"@type":"ImageObject","inLanguage":"it-IT","@id":"https:\/\/progettotouring.it\/radiotouring104\/2022\/10\/15\/serie-b-inzaghi-amareggiato-per-la-sconfitta-subita-contro-il-parma-e-incredibile-quello-che-e-accaduto-oggi\/#primaryimage","url":"https:\/\/progettotouring.it\/radiotouring104\/wp-content\/uploads\/sites\/6\/2022\/10\/inzaghi-.png","contentUrl":"https:\/\/progettotouring.it\/radiotouring104\/wp-content\/uploads\/sites\/6\/2022\/10\/inzaghi-.png","width":1067,"height":526},{"@type":"BreadcrumbList","@id":"https:\/\/progettotouring.it\/radiotouring104\/2022\/10\/15\/serie-b-inzaghi-amareggiato-per-la-sconfitta-subita-contro-il-parma-e-incredibile-quello-che-e-accaduto-oggi\/#breadcrumb","itemListElement":[{"@type":"ListItem","position":1,"name":"Home","item":"https:\/\/progettotouring.it\/radiotouring104\/"},{"@type":"ListItem","position":2,"name":"Serie B, Inzaghi amareggiato per la sconfitta subita contro il Parma: &#8220;\u00c8 incredibile quello che \u00e8 accaduto oggi&#8221;"}]},{"@type":"WebSite","@id":"https:\/\/progettotouring.it\/radiotouring104\/#website","url":"https:\/\/progettotouring.it\/radiotouring104\/","name":"Radio Touring 104","description":"La prima radio Reggina","publisher":{"@id":"https:\/\/progettotouring.it\/radiotouring104\/#organization"},"potentialAction":[{"@type":"SearchAction","target":{"@type":"EntryPoint","urlTemplate":"https:\/\/progettotouring.it\/radiotouring104\/?s={search_term_string}"},"query-input":{"@type":"PropertyValueSpecification","valueRequired":true,"valueName":"search_term_string"}}],"inLanguage":"it-IT"},{"@type":"Organization","@id":"https:\/\/progettotouring.it\/radiotouring104\/#organization","name":"Radio Touring 104","url":"https:\/\/progettotouring.it\/radiotouring104\/","logo":{"@type":"ImageObject","inLanguage":"it-IT","@id":"https:\/\/progettotouring.it\/radiotouring104\/#\/schema\/logo\/image\/","url":"https:\/\/progettotouring.it\/radiotouring104\/wp-content\/uploads\/sites\/6\/2022\/02\/cropped-logo-radio-touring-104.png","contentUrl":"https:\/\/progettotouring.it\/radiotouring104\/wp-content\/uploads\/sites\/6\/2022\/02\/cropped-logo-radio-touring-104.png","width":377,"height":182,"caption":"Radio Touring 104"},"image":{"@id":"https:\/\/progettotouring.it\/radiotouring104\/#\/schema\/logo\/image\/"}},{"@type":"Person","@id":"https:\/\/progettotouring.it\/radiotouring104\/#\/schema\/person\/4a82259ca52ac8702ad1a8f9e5a3120b","name":"Filippo Francesco Idone","image":{"@type":"ImageObject","inLanguage":"it-IT","@id":"https:\/\/secure.gravatar.com\/avatar\/7268715d2366395c3dd314385670e6484117d44f5c442e61e230f7008b7b62d3?s=96&d=mm&r=g","url":"https:\/\/secure.gravatar.com\/avatar\/7268715d2366395c3dd314385670e6484117d44f5c442e61e230f7008b7b62d3?s=96&d=mm&r=g","contentUrl":"https:\/\/secure.gravatar.com\/avatar\/7268715d2366395c3dd314385670e6484117d44f5c442e61e230f7008b7b62d3?s=96&d=mm&r=g","caption":"Filippo Francesco Idone"},"url":"https:\/\/progettotouring.it\/radiotouring104\/author\/filippoidone\/"}]}},"jetpack_publicize_connections":[],"jetpack_featured_media_url":"https:\/\/progettotouring.it\/radiotouring104\/wp-content\/uploads\/sites\/6\/2022\/10\/inzaghi-.png","jetpack_sharing_enabled":true,"_links":{"self":[{"href":"https:\/\/progettotouring.it\/radiotouring104\/wp-json\/wp\/v2\/posts\/10600","targetHints":{"allow":["GET"]}}],"collection":[{"href":"https:\/\/progettotouring.it\/radiotouring104\/wp-json\/wp\/v2\/posts"}],"about":[{"href":"https:\/\/progettotouring.it\/radiotouring104\/wp-json\/wp\/v2\/types\/post"}],"author":[{"embeddable":true,"href":"https:\/\/progettotouring.it\/radiotouring104\/wp-json\/wp\/v2\/users\/8"}],"replies":[{"embeddable":true,"href":"https:\/\/progettotouring.it\/radiotouring104\/wp-json\/wp\/v2\/comments?post=10600"}],"version-history":[{"count":1,"href":"https:\/\/progettotouring.it\/radiotouring104\/wp-json\/wp\/v2\/posts\/10600\/revisions"}],"predecessor-version":[{"id":10603,"href":"https:\/\/progettotouring.it\/radiotouring104\/wp-json\/wp\/v2\/posts\/10600\/revisions\/10603"}],"wp:featuredmedia":[{"embeddable":true,"href":"https:\/\/progettotouring.it\/radiotouring104\/wp-json\/wp\/v2\/media\/10602"}],"wp:attachment":[{"href":"https:\/\/progettotouring.it\/radiotouring104\/wp-json\/wp\/v2\/media?parent=10600"}],"wp:term":[{"taxonomy":"category","embeddable":true,"href":"https:\/\/progettotouring.it\/radiotouring104\/wp-json\/wp\/v2\/categories?post=10600"},{"taxonomy":"post_tag","embeddable":true,"href":"https:\/\/progettotouring.it\/radiotouring104\/wp-json\/wp\/v2\/tags?post=10600"}],"curies":[{"name":"wp","href":"https:\/\/api.w.org\/{rel}","templated":true}]}}