{"id":10610,"date":"2022-10-17T12:19:31","date_gmt":"2022-10-17T10:19:31","guid":{"rendered":"https:\/\/progettotouring.it\/radiotouring104\/?p=10610"},"modified":"2022-10-17T12:19:31","modified_gmt":"2022-10-17T10:19:31","slug":"calabria-presente-al-salone-internazionale-dellalimentazione-di-parigi","status":"publish","type":"post","link":"https:\/\/progettotouring.it\/radiotouring104\/2022\/10\/17\/calabria-presente-al-salone-internazionale-dellalimentazione-di-parigi\/","title":{"rendered":"Calabria presente al Salone Internazionale dell&#8217;Alimentazione di Parigi"},"content":{"rendered":"<p style=\"text-align: justify\">Continua l&#8217;avventura tutta calabrese al <strong>Salone Internazionale dell&#8217;Alimentazione di Parigi<\/strong> (SIAL), dove sono presenti il <strong>Consorzio dei Fichi di Cosenza DOP e Olio di Calabria IGP,<\/strong> insieme in questo sodalizio per la prima volta. La partecipazione congiunta sta dimostrando compattezza oltre a rivelarsi preziosa, in un contesto che si presenta come tra i pi\u00f9 importanti del settore, per rappresentare al meglio le eccellenze di Calabria.<\/p>\n<p style=\"text-align: justify\">Il progetto, relativo al brand Calabria Straordinaria e fortemente voluto dalla Regione, si sta cos\u00ec rendendo protagonista collaborando concretamente alle politiche di valorizzazione identitaria di prodotti, sapori, odori, paesaggi, storia e cultura; facendosi in questo modo spazio all&#8217;interno dei mercati internazionali. <em><strong>&#8220;Siamo molto felici per questa partecipazione<\/strong>, abbiamo appena iniziato. A breve sapremo cosa uscir\u00e0 fuori da questa fiera. L&#8217;interesse sembra crescere costantemente, e ricordiamo che tutto questo \u00e8 possibile grazie alla misura 3.2 della <strong>Regione<\/strong> <strong>Calabria<\/strong>. Il nostro progetto di conoscenza dei nostri prodotti, all&#8217;interno di questo salone internazionale continua.&#8221;<\/em> &#8211; le parole di Anna Garofalo, presidente del Consorzio dei Fichi di Cosenza DOP.<\/p>\n<p style=\"text-align: justify\">Con uno stand condiviso, la mission del <strong>Consorzio<\/strong> dei fichi di <strong>Cosenza DOP e Olio di Calabria IGP<\/strong> prosegue, dando lustro alle tipicit\u00e0 d&#8217;elite calabresi in una delle pi\u00f9 grandi e prestigiose fiere internazionali. <em>&#8220;Questo inizio \u00e8 pi\u00f9 che positivo, poich\u00e9 finalmente dopo diversi anni di pandemia ci siamo trovati a soffrire tanto per presentare i nostri prodotti all&#8217;estero.&#8221;<\/em> &#8211; dichiara Massimo Magliocchi, presidente del Consorzio di Tutela e Valorizzazione Olio di Calabria IGP &#8211; <em><strong>&#8220;Oggi per fortuna siamo qui a Parigi in un evento internazionale<\/strong>, \u00e8 una fiera che vede presenze di portatori di diverse realt\u00e0 di paesi esteri, un momento esaltante per presentare le nostre eccellenze. Esserci insieme ad un altro consorzio delle nostre eccellenze ritengo sia, infine, importantissimo&#8221;.<\/em><\/p>\n","protected":false},"excerpt":{"rendered":"<p>Continua l&#8217;avventura tutta calabrese al Salone Internazionale dell&#8217;Alimentazione di Parigi (SIAL), dove sono presenti il Consorzio dei Fichi di Cosenza DOP e Olio di Calabria IGP, insieme in questo sodalizio&hellip;<\/p>\n","protected":false},"author":8,"featured_media":10611,"comment_status":"open","ping_status":"open","sticky":false,"template":"","format":"standard","meta":{"_jetpack_memberships_contains_paid_content":false,"footnotes":"","jetpack_publicize_message":"","jetpack_publicize_feature_enabled":true,"jetpack_social_post_already_shared":false,"jetpack_social_options":{"image_generator_settings":{"template":"highway","default_image_id":0,"font":"","enabled":false},"version":2}},"categories":[142,145,921,196],"tags":[586,4814],"class_list":["post-10610","post","type-post","status-publish","format-standard","has-post-thumbnail","hentry","category-calabria","category-cultura","category-home","category-news","tag-calabria","tag-salone-internazionale-dellalimentazione-di-parigi"],"yoast_head":"<!-- This site is optimized with the Yoast SEO plugin v27.2 - https:\/\/yoast.com\/product\/yoast-seo-wordpress\/ -->\n<title>Calabria presente al Salone Internazionale dell&#039;Alimentazione<\/title>\n<meta name=\"description\" content=\"Il Consorzio dei Fichi di Cosenza DOP e Olio di Calabria IGP \u00e8 presente al Salone Internazionale dell&#039;Alimentazione di Parigi\" \/>\n<meta name=\"robots\" content=\"index, follow, max-snippet:-1, max-image-preview:large, max-video-preview:-1\" \/>\n<link rel=\"canonical\" href=\"https:\/\/progettotouring.it\/radiotouring104\/2022\/10\/17\/calabria-presente-al-salone-internazionale-dellalimentazione-di-parigi\/\" \/>\n<meta property=\"og:locale\" content=\"it_IT\" \/>\n<meta property=\"og:type\" content=\"article\" \/>\n<meta property=\"og:title\" content=\"Calabria presente al Salone Internazionale dell&#039;Alimentazione\" \/>\n<meta property=\"og:description\" content=\"Il Consorzio dei Fichi di Cosenza DOP e Olio di Calabria IGP \u00e8 presente al Salone Internazionale dell&#039;Alimentazione di Parigi\" \/>\n<meta property=\"og:url\" content=\"https:\/\/progettotouring.it\/radiotouring104\/2022\/10\/17\/calabria-presente-al-salone-internazionale-dellalimentazione-di-parigi\/\" \/>\n<meta property=\"og:site_name\" content=\"Radio Touring 104\" \/>\n<meta property=\"article:published_time\" content=\"2022-10-17T10:19:31+00:00\" \/>\n<meta property=\"og:image\" content=\"https:\/\/progettotouring.it\/radiotouring104\/wp-content\/uploads\/sites\/6\/2022\/10\/Fichi-di-Cosenza-DOP-e-Olio-di-Calabria-IGP-SIAL-PARIGI.jpeg\" \/>\n\t<meta property=\"og:image:width\" content=\"2048\" \/>\n\t<meta property=\"og:image:height\" content=\"1100\" \/>\n\t<meta property=\"og:image:type\" content=\"image\/jpeg\" \/>\n<meta name=\"author\" content=\"Filippo Francesco Idone\" \/>\n<meta name=\"twitter:card\" content=\"summary_large_image\" \/>\n<meta name=\"twitter:label1\" content=\"Scritto da\" \/>\n\t<meta name=\"twitter:data1\" content=\"Filippo Francesco Idone\" \/>\n\t<meta name=\"twitter:label2\" content=\"Tempo di lettura stimato\" \/>\n\t<meta name=\"twitter:data2\" content=\"1 minuto\" \/>\n<script type=\"application\/ld+json\" class=\"yoast-schema-graph\">{\"@context\":\"https:\/\/schema.org\",\"@graph\":[{\"@type\":\"Article\",\"@id\":\"https:\/\/progettotouring.it\/radiotouring104\/2022\/10\/17\/calabria-presente-al-salone-internazionale-dellalimentazione-di-parigi\/#article\",\"isPartOf\":{\"@id\":\"https:\/\/progettotouring.it\/radiotouring104\/2022\/10\/17\/calabria-presente-al-salone-internazionale-dellalimentazione-di-parigi\/\"},\"author\":{\"name\":\"Filippo Francesco Idone\",\"@id\":\"https:\/\/progettotouring.it\/radiotouring104\/#\/schema\/person\/4a82259ca52ac8702ad1a8f9e5a3120b\"},\"headline\":\"Calabria presente al Salone Internazionale dell&#8217;Alimentazione di Parigi\",\"datePublished\":\"2022-10-17T10:19:31+00:00\",\"mainEntityOfPage\":{\"@id\":\"https:\/\/progettotouring.it\/radiotouring104\/2022\/10\/17\/calabria-presente-al-salone-internazionale-dellalimentazione-di-parigi\/\"},\"wordCount\":295,\"commentCount\":0,\"publisher\":{\"@id\":\"https:\/\/progettotouring.it\/radiotouring104\/#organization\"},\"image\":{\"@id\":\"https:\/\/progettotouring.it\/radiotouring104\/2022\/10\/17\/calabria-presente-al-salone-internazionale-dellalimentazione-di-parigi\/#primaryimage\"},\"thumbnailUrl\":\"https:\/\/progettotouring.it\/radiotouring104\/wp-content\/uploads\/sites\/6\/2022\/10\/Fichi-di-Cosenza-DOP-e-Olio-di-Calabria-IGP-SIAL-PARIGI.jpeg\",\"keywords\":[\"calabria\",\"Salone Internazionale dell'Alimentazione di Parigi\"],\"articleSection\":[\"Calabria\",\"Cultura\",\"Home\",\"News\"],\"inLanguage\":\"it-IT\",\"potentialAction\":[{\"@type\":\"CommentAction\",\"name\":\"Comment\",\"target\":[\"https:\/\/progettotouring.it\/radiotouring104\/2022\/10\/17\/calabria-presente-al-salone-internazionale-dellalimentazione-di-parigi\/#respond\"]}]},{\"@type\":\"WebPage\",\"@id\":\"https:\/\/progettotouring.it\/radiotouring104\/2022\/10\/17\/calabria-presente-al-salone-internazionale-dellalimentazione-di-parigi\/\",\"url\":\"https:\/\/progettotouring.it\/radiotouring104\/2022\/10\/17\/calabria-presente-al-salone-internazionale-dellalimentazione-di-parigi\/\",\"name\":\"Calabria presente al Salone Internazionale dell'Alimentazione\",\"isPartOf\":{\"@id\":\"https:\/\/progettotouring.it\/radiotouring104\/#website\"},\"primaryImageOfPage\":{\"@id\":\"https:\/\/progettotouring.it\/radiotouring104\/2022\/10\/17\/calabria-presente-al-salone-internazionale-dellalimentazione-di-parigi\/#primaryimage\"},\"image\":{\"@id\":\"https:\/\/progettotouring.it\/radiotouring104\/2022\/10\/17\/calabria-presente-al-salone-internazionale-dellalimentazione-di-parigi\/#primaryimage\"},\"thumbnailUrl\":\"https:\/\/progettotouring.it\/radiotouring104\/wp-content\/uploads\/sites\/6\/2022\/10\/Fichi-di-Cosenza-DOP-e-Olio-di-Calabria-IGP-SIAL-PARIGI.jpeg\",\"datePublished\":\"2022-10-17T10:19:31+00:00\",\"description\":\"Il Consorzio dei Fichi di Cosenza DOP e Olio di Calabria IGP \u00e8 presente al Salone Internazionale dell'Alimentazione di Parigi\",\"breadcrumb\":{\"@id\":\"https:\/\/progettotouring.it\/radiotouring104\/2022\/10\/17\/calabria-presente-al-salone-internazionale-dellalimentazione-di-parigi\/#breadcrumb\"},\"inLanguage\":\"it-IT\",\"potentialAction\":[{\"@type\":\"ReadAction\",\"target\":[\"https:\/\/progettotouring.it\/radiotouring104\/2022\/10\/17\/calabria-presente-al-salone-internazionale-dellalimentazione-di-parigi\/\"]}]},{\"@type\":\"ImageObject\",\"inLanguage\":\"it-IT\",\"@id\":\"https:\/\/progettotouring.it\/radiotouring104\/2022\/10\/17\/calabria-presente-al-salone-internazionale-dellalimentazione-di-parigi\/#primaryimage\",\"url\":\"https:\/\/progettotouring.it\/radiotouring104\/wp-content\/uploads\/sites\/6\/2022\/10\/Fichi-di-Cosenza-DOP-e-Olio-di-Calabria-IGP-SIAL-PARIGI.jpeg\",\"contentUrl\":\"https:\/\/progettotouring.it\/radiotouring104\/wp-content\/uploads\/sites\/6\/2022\/10\/Fichi-di-Cosenza-DOP-e-Olio-di-Calabria-IGP-SIAL-PARIGI.jpeg\",\"width\":2048,\"height\":1100},{\"@type\":\"BreadcrumbList\",\"@id\":\"https:\/\/progettotouring.it\/radiotouring104\/2022\/10\/17\/calabria-presente-al-salone-internazionale-dellalimentazione-di-parigi\/#breadcrumb\",\"itemListElement\":[{\"@type\":\"ListItem\",\"position\":1,\"name\":\"Home\",\"item\":\"https:\/\/progettotouring.it\/radiotouring104\/\"},{\"@type\":\"ListItem\",\"position\":2,\"name\":\"Calabria presente al Salone Internazionale dell&#8217;Alimentazione di Parigi\"}]},{\"@type\":\"WebSite\",\"@id\":\"https:\/\/progettotouring.it\/radiotouring104\/#website\",\"url\":\"https:\/\/progettotouring.it\/radiotouring104\/\",\"name\":\"Radio Touring 104\",\"description\":\"La prima radio Reggina\",\"publisher\":{\"@id\":\"https:\/\/progettotouring.it\/radiotouring104\/#organization\"},\"potentialAction\":[{\"@type\":\"SearchAction\",\"target\":{\"@type\":\"EntryPoint\",\"urlTemplate\":\"https:\/\/progettotouring.it\/radiotouring104\/?s={search_term_string}\"},\"query-input\":{\"@type\":\"PropertyValueSpecification\",\"valueRequired\":true,\"valueName\":\"search_term_string\"}}],\"inLanguage\":\"it-IT\"},{\"@type\":\"Organization\",\"@id\":\"https:\/\/progettotouring.it\/radiotouring104\/#organization\",\"name\":\"Radio Touring 104\",\"url\":\"https:\/\/progettotouring.it\/radiotouring104\/\",\"logo\":{\"@type\":\"ImageObject\",\"inLanguage\":\"it-IT\",\"@id\":\"https:\/\/progettotouring.it\/radiotouring104\/#\/schema\/logo\/image\/\",\"url\":\"https:\/\/progettotouring.it\/radiotouring104\/wp-content\/uploads\/sites\/6\/2022\/02\/cropped-logo-radio-touring-104.png\",\"contentUrl\":\"https:\/\/progettotouring.it\/radiotouring104\/wp-content\/uploads\/sites\/6\/2022\/02\/cropped-logo-radio-touring-104.png\",\"width\":377,\"height\":182,\"caption\":\"Radio Touring 104\"},\"image\":{\"@id\":\"https:\/\/progettotouring.it\/radiotouring104\/#\/schema\/logo\/image\/\"}},{\"@type\":\"Person\",\"@id\":\"https:\/\/progettotouring.it\/radiotouring104\/#\/schema\/person\/4a82259ca52ac8702ad1a8f9e5a3120b\",\"name\":\"Filippo Francesco Idone\",\"image\":{\"@type\":\"ImageObject\",\"inLanguage\":\"it-IT\",\"@id\":\"https:\/\/secure.gravatar.com\/avatar\/7268715d2366395c3dd314385670e6484117d44f5c442e61e230f7008b7b62d3?s=96&d=mm&r=g\",\"url\":\"https:\/\/secure.gravatar.com\/avatar\/7268715d2366395c3dd314385670e6484117d44f5c442e61e230f7008b7b62d3?s=96&d=mm&r=g\",\"contentUrl\":\"https:\/\/secure.gravatar.com\/avatar\/7268715d2366395c3dd314385670e6484117d44f5c442e61e230f7008b7b62d3?s=96&d=mm&r=g\",\"caption\":\"Filippo Francesco Idone\"},\"url\":\"https:\/\/progettotouring.it\/radiotouring104\/author\/filippoidone\/\"}]}<\/script>\n<!-- \/ Yoast SEO plugin. -->","yoast_head_json":{"title":"Calabria presente al Salone Internazionale dell'Alimentazione","description":"Il Consorzio dei Fichi di Cosenza DOP e Olio di Calabria IGP \u00e8 presente al Salone Internazionale dell'Alimentazione di Parigi","robots":{"index":"index","follow":"follow","max-snippet":"max-snippet:-1","max-image-preview":"max-image-preview:large","max-video-preview":"max-video-preview:-1"},"canonical":"https:\/\/progettotouring.it\/radiotouring104\/2022\/10\/17\/calabria-presente-al-salone-internazionale-dellalimentazione-di-parigi\/","og_locale":"it_IT","og_type":"article","og_title":"Calabria presente al Salone Internazionale dell'Alimentazione","og_description":"Il Consorzio dei Fichi di Cosenza DOP e Olio di Calabria IGP \u00e8 presente al Salone Internazionale dell'Alimentazione di Parigi","og_url":"https:\/\/progettotouring.it\/radiotouring104\/2022\/10\/17\/calabria-presente-al-salone-internazionale-dellalimentazione-di-parigi\/","og_site_name":"Radio Touring 104","article_published_time":"2022-10-17T10:19:31+00:00","og_image":[{"width":2048,"height":1100,"url":"https:\/\/progettotouring.it\/radiotouring104\/wp-content\/uploads\/sites\/6\/2022\/10\/Fichi-di-Cosenza-DOP-e-Olio-di-Calabria-IGP-SIAL-PARIGI.jpeg","type":"image\/jpeg"}],"author":"Filippo Francesco Idone","twitter_card":"summary_large_image","twitter_misc":{"Scritto da":"Filippo Francesco Idone","Tempo di lettura stimato":"1 minuto"},"schema":{"@context":"https:\/\/schema.org","@graph":[{"@type":"Article","@id":"https:\/\/progettotouring.it\/radiotouring104\/2022\/10\/17\/calabria-presente-al-salone-internazionale-dellalimentazione-di-parigi\/#article","isPartOf":{"@id":"https:\/\/progettotouring.it\/radiotouring104\/2022\/10\/17\/calabria-presente-al-salone-internazionale-dellalimentazione-di-parigi\/"},"author":{"name":"Filippo Francesco Idone","@id":"https:\/\/progettotouring.it\/radiotouring104\/#\/schema\/person\/4a82259ca52ac8702ad1a8f9e5a3120b"},"headline":"Calabria presente al Salone Internazionale dell&#8217;Alimentazione di Parigi","datePublished":"2022-10-17T10:19:31+00:00","mainEntityOfPage":{"@id":"https:\/\/progettotouring.it\/radiotouring104\/2022\/10\/17\/calabria-presente-al-salone-internazionale-dellalimentazione-di-parigi\/"},"wordCount":295,"commentCount":0,"publisher":{"@id":"https:\/\/progettotouring.it\/radiotouring104\/#organization"},"image":{"@id":"https:\/\/progettotouring.it\/radiotouring104\/2022\/10\/17\/calabria-presente-al-salone-internazionale-dellalimentazione-di-parigi\/#primaryimage"},"thumbnailUrl":"https:\/\/progettotouring.it\/radiotouring104\/wp-content\/uploads\/sites\/6\/2022\/10\/Fichi-di-Cosenza-DOP-e-Olio-di-Calabria-IGP-SIAL-PARIGI.jpeg","keywords":["calabria","Salone Internazionale dell'Alimentazione di Parigi"],"articleSection":["Calabria","Cultura","Home","News"],"inLanguage":"it-IT","potentialAction":[{"@type":"CommentAction","name":"Comment","target":["https:\/\/progettotouring.it\/radiotouring104\/2022\/10\/17\/calabria-presente-al-salone-internazionale-dellalimentazione-di-parigi\/#respond"]}]},{"@type":"WebPage","@id":"https:\/\/progettotouring.it\/radiotouring104\/2022\/10\/17\/calabria-presente-al-salone-internazionale-dellalimentazione-di-parigi\/","url":"https:\/\/progettotouring.it\/radiotouring104\/2022\/10\/17\/calabria-presente-al-salone-internazionale-dellalimentazione-di-parigi\/","name":"Calabria presente al Salone Internazionale dell'Alimentazione","isPartOf":{"@id":"https:\/\/progettotouring.it\/radiotouring104\/#website"},"primaryImageOfPage":{"@id":"https:\/\/progettotouring.it\/radiotouring104\/2022\/10\/17\/calabria-presente-al-salone-internazionale-dellalimentazione-di-parigi\/#primaryimage"},"image":{"@id":"https:\/\/progettotouring.it\/radiotouring104\/2022\/10\/17\/calabria-presente-al-salone-internazionale-dellalimentazione-di-parigi\/#primaryimage"},"thumbnailUrl":"https:\/\/progettotouring.it\/radiotouring104\/wp-content\/uploads\/sites\/6\/2022\/10\/Fichi-di-Cosenza-DOP-e-Olio-di-Calabria-IGP-SIAL-PARIGI.jpeg","datePublished":"2022-10-17T10:19:31+00:00","description":"Il Consorzio dei Fichi di Cosenza DOP e Olio di Calabria IGP \u00e8 presente al Salone Internazionale dell'Alimentazione di Parigi","breadcrumb":{"@id":"https:\/\/progettotouring.it\/radiotouring104\/2022\/10\/17\/calabria-presente-al-salone-internazionale-dellalimentazione-di-parigi\/#breadcrumb"},"inLanguage":"it-IT","potentialAction":[{"@type":"ReadAction","target":["https:\/\/progettotouring.it\/radiotouring104\/2022\/10\/17\/calabria-presente-al-salone-internazionale-dellalimentazione-di-parigi\/"]}]},{"@type":"ImageObject","inLanguage":"it-IT","@id":"https:\/\/progettotouring.it\/radiotouring104\/2022\/10\/17\/calabria-presente-al-salone-internazionale-dellalimentazione-di-parigi\/#primaryimage","url":"https:\/\/progettotouring.it\/radiotouring104\/wp-content\/uploads\/sites\/6\/2022\/10\/Fichi-di-Cosenza-DOP-e-Olio-di-Calabria-IGP-SIAL-PARIGI.jpeg","contentUrl":"https:\/\/progettotouring.it\/radiotouring104\/wp-content\/uploads\/sites\/6\/2022\/10\/Fichi-di-Cosenza-DOP-e-Olio-di-Calabria-IGP-SIAL-PARIGI.jpeg","width":2048,"height":1100},{"@type":"BreadcrumbList","@id":"https:\/\/progettotouring.it\/radiotouring104\/2022\/10\/17\/calabria-presente-al-salone-internazionale-dellalimentazione-di-parigi\/#breadcrumb","itemListElement":[{"@type":"ListItem","position":1,"name":"Home","item":"https:\/\/progettotouring.it\/radiotouring104\/"},{"@type":"ListItem","position":2,"name":"Calabria presente al Salone Internazionale dell&#8217;Alimentazione di Parigi"}]},{"@type":"WebSite","@id":"https:\/\/progettotouring.it\/radiotouring104\/#website","url":"https:\/\/progettotouring.it\/radiotouring104\/","name":"Radio Touring 104","description":"La prima radio Reggina","publisher":{"@id":"https:\/\/progettotouring.it\/radiotouring104\/#organization"},"potentialAction":[{"@type":"SearchAction","target":{"@type":"EntryPoint","urlTemplate":"https:\/\/progettotouring.it\/radiotouring104\/?s={search_term_string}"},"query-input":{"@type":"PropertyValueSpecification","valueRequired":true,"valueName":"search_term_string"}}],"inLanguage":"it-IT"},{"@type":"Organization","@id":"https:\/\/progettotouring.it\/radiotouring104\/#organization","name":"Radio Touring 104","url":"https:\/\/progettotouring.it\/radiotouring104\/","logo":{"@type":"ImageObject","inLanguage":"it-IT","@id":"https:\/\/progettotouring.it\/radiotouring104\/#\/schema\/logo\/image\/","url":"https:\/\/progettotouring.it\/radiotouring104\/wp-content\/uploads\/sites\/6\/2022\/02\/cropped-logo-radio-touring-104.png","contentUrl":"https:\/\/progettotouring.it\/radiotouring104\/wp-content\/uploads\/sites\/6\/2022\/02\/cropped-logo-radio-touring-104.png","width":377,"height":182,"caption":"Radio Touring 104"},"image":{"@id":"https:\/\/progettotouring.it\/radiotouring104\/#\/schema\/logo\/image\/"}},{"@type":"Person","@id":"https:\/\/progettotouring.it\/radiotouring104\/#\/schema\/person\/4a82259ca52ac8702ad1a8f9e5a3120b","name":"Filippo Francesco Idone","image":{"@type":"ImageObject","inLanguage":"it-IT","@id":"https:\/\/secure.gravatar.com\/avatar\/7268715d2366395c3dd314385670e6484117d44f5c442e61e230f7008b7b62d3?s=96&d=mm&r=g","url":"https:\/\/secure.gravatar.com\/avatar\/7268715d2366395c3dd314385670e6484117d44f5c442e61e230f7008b7b62d3?s=96&d=mm&r=g","contentUrl":"https:\/\/secure.gravatar.com\/avatar\/7268715d2366395c3dd314385670e6484117d44f5c442e61e230f7008b7b62d3?s=96&d=mm&r=g","caption":"Filippo Francesco Idone"},"url":"https:\/\/progettotouring.it\/radiotouring104\/author\/filippoidone\/"}]}},"jetpack_publicize_connections":[],"jetpack_featured_media_url":"https:\/\/progettotouring.it\/radiotouring104\/wp-content\/uploads\/sites\/6\/2022\/10\/Fichi-di-Cosenza-DOP-e-Olio-di-Calabria-IGP-SIAL-PARIGI.jpeg","jetpack_sharing_enabled":true,"_links":{"self":[{"href":"https:\/\/progettotouring.it\/radiotouring104\/wp-json\/wp\/v2\/posts\/10610","targetHints":{"allow":["GET"]}}],"collection":[{"href":"https:\/\/progettotouring.it\/radiotouring104\/wp-json\/wp\/v2\/posts"}],"about":[{"href":"https:\/\/progettotouring.it\/radiotouring104\/wp-json\/wp\/v2\/types\/post"}],"author":[{"embeddable":true,"href":"https:\/\/progettotouring.it\/radiotouring104\/wp-json\/wp\/v2\/users\/8"}],"replies":[{"embeddable":true,"href":"https:\/\/progettotouring.it\/radiotouring104\/wp-json\/wp\/v2\/comments?post=10610"}],"version-history":[{"count":1,"href":"https:\/\/progettotouring.it\/radiotouring104\/wp-json\/wp\/v2\/posts\/10610\/revisions"}],"predecessor-version":[{"id":10612,"href":"https:\/\/progettotouring.it\/radiotouring104\/wp-json\/wp\/v2\/posts\/10610\/revisions\/10612"}],"wp:featuredmedia":[{"embeddable":true,"href":"https:\/\/progettotouring.it\/radiotouring104\/wp-json\/wp\/v2\/media\/10611"}],"wp:attachment":[{"href":"https:\/\/progettotouring.it\/radiotouring104\/wp-json\/wp\/v2\/media?parent=10610"}],"wp:term":[{"taxonomy":"category","embeddable":true,"href":"https:\/\/progettotouring.it\/radiotouring104\/wp-json\/wp\/v2\/categories?post=10610"},{"taxonomy":"post_tag","embeddable":true,"href":"https:\/\/progettotouring.it\/radiotouring104\/wp-json\/wp\/v2\/tags?post=10610"}],"curies":[{"name":"wp","href":"https:\/\/api.w.org\/{rel}","templated":true}]}}