{"id":10618,"date":"2022-10-17T12:34:49","date_gmt":"2022-10-17T10:34:49","guid":{"rendered":"https:\/\/progettotouring.it\/radiotouring104\/?p=10618"},"modified":"2022-10-17T12:34:49","modified_gmt":"2022-10-17T10:34:49","slug":"antonio-romeo-e-il-nuovo-direttore-generale-delluniversita-mediterranea-di-reggio-calabria","status":"publish","type":"post","link":"https:\/\/progettotouring.it\/radiotouring104\/2022\/10\/17\/antonio-romeo-e-il-nuovo-direttore-generale-delluniversita-mediterranea-di-reggio-calabria\/","title":{"rendered":"Antonio Romeo \u00e8 il nuovo Direttore Generale dell\u2019Universit\u00e0 Mediterranea di Reggio Calabria"},"content":{"rendered":"<p style=\"line-height: 13.8pt;background: #fdfdfd;text-align: justify\"><span style=\"font-family: Calibri,sans-serif;color: black\">Il <strong>Dott.\u00a0Antonio Romeo<\/strong> \u00e8 il nuovo <strong>Direttore Generale dell\u2019Universit\u00e0 Mediterranea di Reggio Calabria per i prossimi tre anni<\/strong>. A comunicarlo \u00e8 il <strong>Rettore Prof. Giuseppe Zimbalatti,<\/strong> che alla presenza dei componenti del <strong>Senato Accademico, del Consiglio di Amministrazione e del Consiglio degli Studenti<\/strong>, il 17 ottobre 2022, presso la Sala Organi Collegiali, gli ha formalmente conferito l&#8217;incarico. Il Dott. Romeo, dirigente di ruolo\u00a0\u00a0in servizio presso l\u2019Universit\u00e0 degli Studi Mediterranea di Reggio Calabria, aldil\u00e0 delle riconosciute capacit\u00e0 professionali, vanta grande esperienza in ruoli di vertice con oltre un decennio di Direzione Generale in Universit\u00e0 Italiane, anche di grandi dimensioni. Succede alla Direttrice Generale F.F. Dott.ssa Paola Rosa Arc\u00e0, alla quale il Rettore e gli Organi Accademici hanno riconosciuto il merito di aver saputo gestire amministrativamente l&#8217;Ateneo,\u00a0con dedizione e competenza,\u00a0in un periodo particolarmente delicato.<\/span><\/p>\n<p style=\"line-height: 13.8pt;background: #fdfdfd;text-align: justify\"><span style=\"font-family: Calibri,sans-serif;color: black\">Il dott. Romeo, ha ringraziato il Rettore e gli Organi di Ateneo per la fiducia accordata \u201c<em>Poche parole per indicare un percorso nel quale sar\u00e0 fondamentale avere la capacit\u00e0 e la sensibilit\u00e0 di valorizzare il contesto in cui si opera, guardando con particolare attenzione agli aspetti gestionali ed ai valori e principi istituzionali pi\u00f9 alti.\u00a0 In collaborazione stretta con il Rettore prof. Giuseppe Zimbalatti , il compito sar\u00e0 quello di valorizzare un\u2019organizzazione efficiente e capace di leggere le proprie criticit\u00e0 e peculiarit\u00e0, nella quale la condivisione di obiettivi e risultati con dirigenti e funzionari possa produrre i risultati attesi. Una particolare attenzione, sotto il profilo delle relazioni, meritano gli studenti e le loro rappresentanze, con le quali costruire un dialogo permanente volto a migliorare i servizi a loro dedicati.\u201d<\/em><\/span><\/p>\n","protected":false},"excerpt":{"rendered":"<p>Il Dott.\u00a0Antonio Romeo \u00e8 il nuovo Direttore Generale dell\u2019Universit\u00e0 Mediterranea di Reggio Calabria per i prossimi tre anni. A comunicarlo \u00e8 il Rettore Prof. Giuseppe Zimbalatti, che alla presenza dei&hellip;<\/p>\n","protected":false},"author":8,"featured_media":10619,"comment_status":"open","ping_status":"open","sticky":false,"template":"","format":"standard","meta":{"_jetpack_memberships_contains_paid_content":false,"footnotes":"","jetpack_publicize_message":"","jetpack_publicize_feature_enabled":true,"jetpack_social_post_already_shared":false,"jetpack_social_options":{"image_generator_settings":{"template":"highway","default_image_id":0,"font":"","enabled":false},"version":2}},"categories":[921,150,196,140],"tags":[4816,236,369,3775],"class_list":["post-10618","post","type-post","status-publish","format-standard","has-post-thumbnail","hentry","category-home","category-in-primo-piano","category-news","category-reggio-calabria","tag-antonio-romeo","tag-reggio-calabria","tag-universita-mediterranea","tag-zimbalatti"],"yoast_head":"<!-- This site is optimized with the Yoast SEO plugin v27.2 - https:\/\/yoast.com\/product\/yoast-seo-wordpress\/ -->\n<title>UniRC: Antonio Romeo \u00e8 il nuovo Direttore Generale<\/title>\n<meta name=\"description\" content=\"Il rettore Zimbalatti ha nominato Romeo come nuovo Direttore Generale dell\u2019Universit\u00e0 Mediterranea di Reggio Calabria per i prossimi tre anni\" \/>\n<meta name=\"robots\" content=\"index, follow, max-snippet:-1, max-image-preview:large, max-video-preview:-1\" \/>\n<link rel=\"canonical\" href=\"https:\/\/progettotouring.it\/radiotouring104\/2022\/10\/17\/antonio-romeo-e-il-nuovo-direttore-generale-delluniversita-mediterranea-di-reggio-calabria\/\" \/>\n<meta property=\"og:locale\" content=\"it_IT\" \/>\n<meta property=\"og:type\" content=\"article\" \/>\n<meta property=\"og:title\" content=\"UniRC: Antonio Romeo \u00e8 il nuovo Direttore Generale\" \/>\n<meta property=\"og:description\" content=\"Il rettore Zimbalatti ha nominato Romeo come nuovo Direttore Generale dell\u2019Universit\u00e0 Mediterranea di Reggio Calabria per i prossimi tre anni\" \/>\n<meta property=\"og:url\" content=\"https:\/\/progettotouring.it\/radiotouring104\/2022\/10\/17\/antonio-romeo-e-il-nuovo-direttore-generale-delluniversita-mediterranea-di-reggio-calabria\/\" \/>\n<meta property=\"og:site_name\" content=\"Radio Touring 104\" \/>\n<meta property=\"article:published_time\" content=\"2022-10-17T10:34:49+00:00\" \/>\n<meta property=\"og:image\" content=\"https:\/\/progettotouring.it\/radiotouring104\/wp-content\/uploads\/sites\/6\/2022\/10\/UniRC_Incontro-nuovo-DG.jpg\" \/>\n\t<meta property=\"og:image:width\" content=\"1200\" \/>\n\t<meta property=\"og:image:height\" content=\"417\" \/>\n\t<meta property=\"og:image:type\" content=\"image\/jpeg\" \/>\n<meta name=\"author\" content=\"Filippo Francesco Idone\" \/>\n<meta name=\"twitter:card\" content=\"summary_large_image\" \/>\n<meta name=\"twitter:label1\" content=\"Scritto da\" \/>\n\t<meta name=\"twitter:data1\" content=\"Filippo Francesco Idone\" \/>\n\t<meta name=\"twitter:label2\" content=\"Tempo di lettura stimato\" \/>\n\t<meta name=\"twitter:data2\" content=\"1 minuto\" \/>\n<script type=\"application\/ld+json\" class=\"yoast-schema-graph\">{\"@context\":\"https:\/\/schema.org\",\"@graph\":[{\"@type\":\"Article\",\"@id\":\"https:\/\/progettotouring.it\/radiotouring104\/2022\/10\/17\/antonio-romeo-e-il-nuovo-direttore-generale-delluniversita-mediterranea-di-reggio-calabria\/#article\",\"isPartOf\":{\"@id\":\"https:\/\/progettotouring.it\/radiotouring104\/2022\/10\/17\/antonio-romeo-e-il-nuovo-direttore-generale-delluniversita-mediterranea-di-reggio-calabria\/\"},\"author\":{\"name\":\"Filippo Francesco Idone\",\"@id\":\"https:\/\/progettotouring.it\/radiotouring104\/#\/schema\/person\/4a82259ca52ac8702ad1a8f9e5a3120b\"},\"headline\":\"Antonio Romeo \u00e8 il nuovo Direttore Generale dell\u2019Universit\u00e0 Mediterranea di Reggio Calabria\",\"datePublished\":\"2022-10-17T10:34:49+00:00\",\"mainEntityOfPage\":{\"@id\":\"https:\/\/progettotouring.it\/radiotouring104\/2022\/10\/17\/antonio-romeo-e-il-nuovo-direttore-generale-delluniversita-mediterranea-di-reggio-calabria\/\"},\"wordCount\":277,\"commentCount\":0,\"publisher\":{\"@id\":\"https:\/\/progettotouring.it\/radiotouring104\/#organization\"},\"image\":{\"@id\":\"https:\/\/progettotouring.it\/radiotouring104\/2022\/10\/17\/antonio-romeo-e-il-nuovo-direttore-generale-delluniversita-mediterranea-di-reggio-calabria\/#primaryimage\"},\"thumbnailUrl\":\"https:\/\/progettotouring.it\/radiotouring104\/wp-content\/uploads\/sites\/6\/2022\/10\/UniRC_Incontro-nuovo-DG.jpg\",\"keywords\":[\"antonio romeo\",\"reggio calabria\",\"universit\u00e0 mediterranea\",\"Zimbalatti\"],\"articleSection\":[\"Home\",\"In primo piano\",\"News\",\"Reggio Calabria\"],\"inLanguage\":\"it-IT\",\"potentialAction\":[{\"@type\":\"CommentAction\",\"name\":\"Comment\",\"target\":[\"https:\/\/progettotouring.it\/radiotouring104\/2022\/10\/17\/antonio-romeo-e-il-nuovo-direttore-generale-delluniversita-mediterranea-di-reggio-calabria\/#respond\"]}]},{\"@type\":\"WebPage\",\"@id\":\"https:\/\/progettotouring.it\/radiotouring104\/2022\/10\/17\/antonio-romeo-e-il-nuovo-direttore-generale-delluniversita-mediterranea-di-reggio-calabria\/\",\"url\":\"https:\/\/progettotouring.it\/radiotouring104\/2022\/10\/17\/antonio-romeo-e-il-nuovo-direttore-generale-delluniversita-mediterranea-di-reggio-calabria\/\",\"name\":\"UniRC: Antonio Romeo \u00e8 il nuovo Direttore Generale\",\"isPartOf\":{\"@id\":\"https:\/\/progettotouring.it\/radiotouring104\/#website\"},\"primaryImageOfPage\":{\"@id\":\"https:\/\/progettotouring.it\/radiotouring104\/2022\/10\/17\/antonio-romeo-e-il-nuovo-direttore-generale-delluniversita-mediterranea-di-reggio-calabria\/#primaryimage\"},\"image\":{\"@id\":\"https:\/\/progettotouring.it\/radiotouring104\/2022\/10\/17\/antonio-romeo-e-il-nuovo-direttore-generale-delluniversita-mediterranea-di-reggio-calabria\/#primaryimage\"},\"thumbnailUrl\":\"https:\/\/progettotouring.it\/radiotouring104\/wp-content\/uploads\/sites\/6\/2022\/10\/UniRC_Incontro-nuovo-DG.jpg\",\"datePublished\":\"2022-10-17T10:34:49+00:00\",\"description\":\"Il rettore Zimbalatti ha nominato Romeo come nuovo Direttore Generale dell\u2019Universit\u00e0 Mediterranea di Reggio Calabria per i prossimi tre anni\",\"breadcrumb\":{\"@id\":\"https:\/\/progettotouring.it\/radiotouring104\/2022\/10\/17\/antonio-romeo-e-il-nuovo-direttore-generale-delluniversita-mediterranea-di-reggio-calabria\/#breadcrumb\"},\"inLanguage\":\"it-IT\",\"potentialAction\":[{\"@type\":\"ReadAction\",\"target\":[\"https:\/\/progettotouring.it\/radiotouring104\/2022\/10\/17\/antonio-romeo-e-il-nuovo-direttore-generale-delluniversita-mediterranea-di-reggio-calabria\/\"]}]},{\"@type\":\"ImageObject\",\"inLanguage\":\"it-IT\",\"@id\":\"https:\/\/progettotouring.it\/radiotouring104\/2022\/10\/17\/antonio-romeo-e-il-nuovo-direttore-generale-delluniversita-mediterranea-di-reggio-calabria\/#primaryimage\",\"url\":\"https:\/\/progettotouring.it\/radiotouring104\/wp-content\/uploads\/sites\/6\/2022\/10\/UniRC_Incontro-nuovo-DG.jpg\",\"contentUrl\":\"https:\/\/progettotouring.it\/radiotouring104\/wp-content\/uploads\/sites\/6\/2022\/10\/UniRC_Incontro-nuovo-DG.jpg\",\"width\":1200,\"height\":417},{\"@type\":\"BreadcrumbList\",\"@id\":\"https:\/\/progettotouring.it\/radiotouring104\/2022\/10\/17\/antonio-romeo-e-il-nuovo-direttore-generale-delluniversita-mediterranea-di-reggio-calabria\/#breadcrumb\",\"itemListElement\":[{\"@type\":\"ListItem\",\"position\":1,\"name\":\"Home\",\"item\":\"https:\/\/progettotouring.it\/radiotouring104\/\"},{\"@type\":\"ListItem\",\"position\":2,\"name\":\"Antonio Romeo \u00e8 il nuovo Direttore Generale dell\u2019Universit\u00e0 Mediterranea di Reggio Calabria\"}]},{\"@type\":\"WebSite\",\"@id\":\"https:\/\/progettotouring.it\/radiotouring104\/#website\",\"url\":\"https:\/\/progettotouring.it\/radiotouring104\/\",\"name\":\"Radio Touring 104\",\"description\":\"La prima radio Reggina\",\"publisher\":{\"@id\":\"https:\/\/progettotouring.it\/radiotouring104\/#organization\"},\"potentialAction\":[{\"@type\":\"SearchAction\",\"target\":{\"@type\":\"EntryPoint\",\"urlTemplate\":\"https:\/\/progettotouring.it\/radiotouring104\/?s={search_term_string}\"},\"query-input\":{\"@type\":\"PropertyValueSpecification\",\"valueRequired\":true,\"valueName\":\"search_term_string\"}}],\"inLanguage\":\"it-IT\"},{\"@type\":\"Organization\",\"@id\":\"https:\/\/progettotouring.it\/radiotouring104\/#organization\",\"name\":\"Radio Touring 104\",\"url\":\"https:\/\/progettotouring.it\/radiotouring104\/\",\"logo\":{\"@type\":\"ImageObject\",\"inLanguage\":\"it-IT\",\"@id\":\"https:\/\/progettotouring.it\/radiotouring104\/#\/schema\/logo\/image\/\",\"url\":\"https:\/\/progettotouring.it\/radiotouring104\/wp-content\/uploads\/sites\/6\/2022\/02\/cropped-logo-radio-touring-104.png\",\"contentUrl\":\"https:\/\/progettotouring.it\/radiotouring104\/wp-content\/uploads\/sites\/6\/2022\/02\/cropped-logo-radio-touring-104.png\",\"width\":377,\"height\":182,\"caption\":\"Radio Touring 104\"},\"image\":{\"@id\":\"https:\/\/progettotouring.it\/radiotouring104\/#\/schema\/logo\/image\/\"}},{\"@type\":\"Person\",\"@id\":\"https:\/\/progettotouring.it\/radiotouring104\/#\/schema\/person\/4a82259ca52ac8702ad1a8f9e5a3120b\",\"name\":\"Filippo Francesco Idone\",\"image\":{\"@type\":\"ImageObject\",\"inLanguage\":\"it-IT\",\"@id\":\"https:\/\/secure.gravatar.com\/avatar\/7268715d2366395c3dd314385670e6484117d44f5c442e61e230f7008b7b62d3?s=96&d=mm&r=g\",\"url\":\"https:\/\/secure.gravatar.com\/avatar\/7268715d2366395c3dd314385670e6484117d44f5c442e61e230f7008b7b62d3?s=96&d=mm&r=g\",\"contentUrl\":\"https:\/\/secure.gravatar.com\/avatar\/7268715d2366395c3dd314385670e6484117d44f5c442e61e230f7008b7b62d3?s=96&d=mm&r=g\",\"caption\":\"Filippo Francesco Idone\"},\"url\":\"https:\/\/progettotouring.it\/radiotouring104\/author\/filippoidone\/\"}]}<\/script>\n<!-- \/ Yoast SEO plugin. -->","yoast_head_json":{"title":"UniRC: Antonio Romeo \u00e8 il nuovo Direttore Generale","description":"Il rettore Zimbalatti ha nominato Romeo come nuovo Direttore Generale dell\u2019Universit\u00e0 Mediterranea di Reggio Calabria per i prossimi tre anni","robots":{"index":"index","follow":"follow","max-snippet":"max-snippet:-1","max-image-preview":"max-image-preview:large","max-video-preview":"max-video-preview:-1"},"canonical":"https:\/\/progettotouring.it\/radiotouring104\/2022\/10\/17\/antonio-romeo-e-il-nuovo-direttore-generale-delluniversita-mediterranea-di-reggio-calabria\/","og_locale":"it_IT","og_type":"article","og_title":"UniRC: Antonio Romeo \u00e8 il nuovo Direttore Generale","og_description":"Il rettore Zimbalatti ha nominato Romeo come nuovo Direttore Generale dell\u2019Universit\u00e0 Mediterranea di Reggio Calabria per i prossimi tre anni","og_url":"https:\/\/progettotouring.it\/radiotouring104\/2022\/10\/17\/antonio-romeo-e-il-nuovo-direttore-generale-delluniversita-mediterranea-di-reggio-calabria\/","og_site_name":"Radio Touring 104","article_published_time":"2022-10-17T10:34:49+00:00","og_image":[{"width":1200,"height":417,"url":"https:\/\/progettotouring.it\/radiotouring104\/wp-content\/uploads\/sites\/6\/2022\/10\/UniRC_Incontro-nuovo-DG.jpg","type":"image\/jpeg"}],"author":"Filippo Francesco Idone","twitter_card":"summary_large_image","twitter_misc":{"Scritto da":"Filippo Francesco Idone","Tempo di lettura stimato":"1 minuto"},"schema":{"@context":"https:\/\/schema.org","@graph":[{"@type":"Article","@id":"https:\/\/progettotouring.it\/radiotouring104\/2022\/10\/17\/antonio-romeo-e-il-nuovo-direttore-generale-delluniversita-mediterranea-di-reggio-calabria\/#article","isPartOf":{"@id":"https:\/\/progettotouring.it\/radiotouring104\/2022\/10\/17\/antonio-romeo-e-il-nuovo-direttore-generale-delluniversita-mediterranea-di-reggio-calabria\/"},"author":{"name":"Filippo Francesco Idone","@id":"https:\/\/progettotouring.it\/radiotouring104\/#\/schema\/person\/4a82259ca52ac8702ad1a8f9e5a3120b"},"headline":"Antonio Romeo \u00e8 il nuovo Direttore Generale dell\u2019Universit\u00e0 Mediterranea di Reggio Calabria","datePublished":"2022-10-17T10:34:49+00:00","mainEntityOfPage":{"@id":"https:\/\/progettotouring.it\/radiotouring104\/2022\/10\/17\/antonio-romeo-e-il-nuovo-direttore-generale-delluniversita-mediterranea-di-reggio-calabria\/"},"wordCount":277,"commentCount":0,"publisher":{"@id":"https:\/\/progettotouring.it\/radiotouring104\/#organization"},"image":{"@id":"https:\/\/progettotouring.it\/radiotouring104\/2022\/10\/17\/antonio-romeo-e-il-nuovo-direttore-generale-delluniversita-mediterranea-di-reggio-calabria\/#primaryimage"},"thumbnailUrl":"https:\/\/progettotouring.it\/radiotouring104\/wp-content\/uploads\/sites\/6\/2022\/10\/UniRC_Incontro-nuovo-DG.jpg","keywords":["antonio romeo","reggio calabria","universit\u00e0 mediterranea","Zimbalatti"],"articleSection":["Home","In primo piano","News","Reggio Calabria"],"inLanguage":"it-IT","potentialAction":[{"@type":"CommentAction","name":"Comment","target":["https:\/\/progettotouring.it\/radiotouring104\/2022\/10\/17\/antonio-romeo-e-il-nuovo-direttore-generale-delluniversita-mediterranea-di-reggio-calabria\/#respond"]}]},{"@type":"WebPage","@id":"https:\/\/progettotouring.it\/radiotouring104\/2022\/10\/17\/antonio-romeo-e-il-nuovo-direttore-generale-delluniversita-mediterranea-di-reggio-calabria\/","url":"https:\/\/progettotouring.it\/radiotouring104\/2022\/10\/17\/antonio-romeo-e-il-nuovo-direttore-generale-delluniversita-mediterranea-di-reggio-calabria\/","name":"UniRC: Antonio Romeo \u00e8 il nuovo Direttore Generale","isPartOf":{"@id":"https:\/\/progettotouring.it\/radiotouring104\/#website"},"primaryImageOfPage":{"@id":"https:\/\/progettotouring.it\/radiotouring104\/2022\/10\/17\/antonio-romeo-e-il-nuovo-direttore-generale-delluniversita-mediterranea-di-reggio-calabria\/#primaryimage"},"image":{"@id":"https:\/\/progettotouring.it\/radiotouring104\/2022\/10\/17\/antonio-romeo-e-il-nuovo-direttore-generale-delluniversita-mediterranea-di-reggio-calabria\/#primaryimage"},"thumbnailUrl":"https:\/\/progettotouring.it\/radiotouring104\/wp-content\/uploads\/sites\/6\/2022\/10\/UniRC_Incontro-nuovo-DG.jpg","datePublished":"2022-10-17T10:34:49+00:00","description":"Il rettore Zimbalatti ha nominato Romeo come nuovo Direttore Generale dell\u2019Universit\u00e0 Mediterranea di Reggio Calabria per i prossimi tre anni","breadcrumb":{"@id":"https:\/\/progettotouring.it\/radiotouring104\/2022\/10\/17\/antonio-romeo-e-il-nuovo-direttore-generale-delluniversita-mediterranea-di-reggio-calabria\/#breadcrumb"},"inLanguage":"it-IT","potentialAction":[{"@type":"ReadAction","target":["https:\/\/progettotouring.it\/radiotouring104\/2022\/10\/17\/antonio-romeo-e-il-nuovo-direttore-generale-delluniversita-mediterranea-di-reggio-calabria\/"]}]},{"@type":"ImageObject","inLanguage":"it-IT","@id":"https:\/\/progettotouring.it\/radiotouring104\/2022\/10\/17\/antonio-romeo-e-il-nuovo-direttore-generale-delluniversita-mediterranea-di-reggio-calabria\/#primaryimage","url":"https:\/\/progettotouring.it\/radiotouring104\/wp-content\/uploads\/sites\/6\/2022\/10\/UniRC_Incontro-nuovo-DG.jpg","contentUrl":"https:\/\/progettotouring.it\/radiotouring104\/wp-content\/uploads\/sites\/6\/2022\/10\/UniRC_Incontro-nuovo-DG.jpg","width":1200,"height":417},{"@type":"BreadcrumbList","@id":"https:\/\/progettotouring.it\/radiotouring104\/2022\/10\/17\/antonio-romeo-e-il-nuovo-direttore-generale-delluniversita-mediterranea-di-reggio-calabria\/#breadcrumb","itemListElement":[{"@type":"ListItem","position":1,"name":"Home","item":"https:\/\/progettotouring.it\/radiotouring104\/"},{"@type":"ListItem","position":2,"name":"Antonio Romeo \u00e8 il nuovo Direttore Generale dell\u2019Universit\u00e0 Mediterranea di Reggio Calabria"}]},{"@type":"WebSite","@id":"https:\/\/progettotouring.it\/radiotouring104\/#website","url":"https:\/\/progettotouring.it\/radiotouring104\/","name":"Radio Touring 104","description":"La prima radio Reggina","publisher":{"@id":"https:\/\/progettotouring.it\/radiotouring104\/#organization"},"potentialAction":[{"@type":"SearchAction","target":{"@type":"EntryPoint","urlTemplate":"https:\/\/progettotouring.it\/radiotouring104\/?s={search_term_string}"},"query-input":{"@type":"PropertyValueSpecification","valueRequired":true,"valueName":"search_term_string"}}],"inLanguage":"it-IT"},{"@type":"Organization","@id":"https:\/\/progettotouring.it\/radiotouring104\/#organization","name":"Radio Touring 104","url":"https:\/\/progettotouring.it\/radiotouring104\/","logo":{"@type":"ImageObject","inLanguage":"it-IT","@id":"https:\/\/progettotouring.it\/radiotouring104\/#\/schema\/logo\/image\/","url":"https:\/\/progettotouring.it\/radiotouring104\/wp-content\/uploads\/sites\/6\/2022\/02\/cropped-logo-radio-touring-104.png","contentUrl":"https:\/\/progettotouring.it\/radiotouring104\/wp-content\/uploads\/sites\/6\/2022\/02\/cropped-logo-radio-touring-104.png","width":377,"height":182,"caption":"Radio Touring 104"},"image":{"@id":"https:\/\/progettotouring.it\/radiotouring104\/#\/schema\/logo\/image\/"}},{"@type":"Person","@id":"https:\/\/progettotouring.it\/radiotouring104\/#\/schema\/person\/4a82259ca52ac8702ad1a8f9e5a3120b","name":"Filippo Francesco Idone","image":{"@type":"ImageObject","inLanguage":"it-IT","@id":"https:\/\/secure.gravatar.com\/avatar\/7268715d2366395c3dd314385670e6484117d44f5c442e61e230f7008b7b62d3?s=96&d=mm&r=g","url":"https:\/\/secure.gravatar.com\/avatar\/7268715d2366395c3dd314385670e6484117d44f5c442e61e230f7008b7b62d3?s=96&d=mm&r=g","contentUrl":"https:\/\/secure.gravatar.com\/avatar\/7268715d2366395c3dd314385670e6484117d44f5c442e61e230f7008b7b62d3?s=96&d=mm&r=g","caption":"Filippo Francesco Idone"},"url":"https:\/\/progettotouring.it\/radiotouring104\/author\/filippoidone\/"}]}},"jetpack_publicize_connections":[],"jetpack_featured_media_url":"https:\/\/progettotouring.it\/radiotouring104\/wp-content\/uploads\/sites\/6\/2022\/10\/UniRC_Incontro-nuovo-DG.jpg","jetpack_sharing_enabled":true,"_links":{"self":[{"href":"https:\/\/progettotouring.it\/radiotouring104\/wp-json\/wp\/v2\/posts\/10618","targetHints":{"allow":["GET"]}}],"collection":[{"href":"https:\/\/progettotouring.it\/radiotouring104\/wp-json\/wp\/v2\/posts"}],"about":[{"href":"https:\/\/progettotouring.it\/radiotouring104\/wp-json\/wp\/v2\/types\/post"}],"author":[{"embeddable":true,"href":"https:\/\/progettotouring.it\/radiotouring104\/wp-json\/wp\/v2\/users\/8"}],"replies":[{"embeddable":true,"href":"https:\/\/progettotouring.it\/radiotouring104\/wp-json\/wp\/v2\/comments?post=10618"}],"version-history":[{"count":1,"href":"https:\/\/progettotouring.it\/radiotouring104\/wp-json\/wp\/v2\/posts\/10618\/revisions"}],"predecessor-version":[{"id":10620,"href":"https:\/\/progettotouring.it\/radiotouring104\/wp-json\/wp\/v2\/posts\/10618\/revisions\/10620"}],"wp:featuredmedia":[{"embeddable":true,"href":"https:\/\/progettotouring.it\/radiotouring104\/wp-json\/wp\/v2\/media\/10619"}],"wp:attachment":[{"href":"https:\/\/progettotouring.it\/radiotouring104\/wp-json\/wp\/v2\/media?parent=10618"}],"wp:term":[{"taxonomy":"category","embeddable":true,"href":"https:\/\/progettotouring.it\/radiotouring104\/wp-json\/wp\/v2\/categories?post=10618"},{"taxonomy":"post_tag","embeddable":true,"href":"https:\/\/progettotouring.it\/radiotouring104\/wp-json\/wp\/v2\/tags?post=10618"}],"curies":[{"name":"wp","href":"https:\/\/api.w.org\/{rel}","templated":true}]}}