{"id":10627,"date":"2022-10-15T16:48:07","date_gmt":"2022-10-15T14:48:07","guid":{"rendered":"https:\/\/progettotouring.it\/radiotouring104\/?p=10627"},"modified":"2022-10-17T12:57:48","modified_gmt":"2022-10-17T10:57:48","slug":"calabria-il-consigliere-regionale-cirillo-sostiene-i-giovani-dellarea-jonica","status":"publish","type":"post","link":"https:\/\/progettotouring.it\/radiotouring104\/2022\/10\/15\/calabria-il-consigliere-regionale-cirillo-sostiene-i-giovani-dellarea-jonica\/","title":{"rendered":"Calabria: il consigliere regionale Cirillo sostiene i giovani dell&#8217;Area Jonica"},"content":{"rendered":"<p style=\"text-align: justify\">Il territorio dell\u2019<strong>Area ionica<\/strong> dispone molte pi\u00f9 opportunit\u00e0 di quanto si possa immaginare, perci\u00f2, tale affermazione, non credo sia pi\u00f9 etichettabile come pura utopia ma occorre sostanziarla con la concretezza. Di conseguenza, l\u2019idea di avviare dal basso una strutturale fase di rilancio, ci pone una duplice sfida nella quale sar\u00e0 indispensabile superare i modelli praticati in passato, abbandonando di fatto quell\u2019individualismo che non ci ha consentito di poter agire, praticando tutte le opportunit\u00e0 generate quando \u00e8 attiva la collaborazione; dall\u2019altra dovremo avviare, presto e insieme, un percorso nel quale sia possibile condurre il nostro territorio verso uno sviluppo reale ed il conseguente superamento della disoccupazione giovanile. Tutto ci\u00f2 potrebbe essere una realt\u00e0 grazie al modello che ha dato vita all\u2019istituzione degli <strong>Istituti Tecnici Superiori,<\/strong> nati con l\u2019intento di creare sinergie operative tra mondo imprenditoriale, scuola e istituzioni territoriali per formare le <strong>Risorse Umane<\/strong> da assumere e innalzare gli standard qualitativi e produttivi. Ad affermarlo \u00e8 il Consigliere regionale<strong> Salvatore Cirillo<\/strong> a margine di un incontro svoltosi a Caulonia, occasione nella quale sono stati invitati a partecipare alcuni imprenditori e professionisti, quotidianamente impegnati a condurre le loro aziende in un territorio che oltre ad annoverare i pi\u00f9 bassi indicatori sociali del Meridione deve fare i conti con la disoccupazione giovanile e una crisi sempre pi\u00f9 strutturale; \u00e8 stata significativa la presenza e la disponibilit\u00e0 manifestata dal Sindaco di Caulonia e dal Presidente del Consorzio di Bonifica dell\u2019Alto Jonio reggino. Inoltre, sia il contributo di idee apportato durante i lavori dalla Dirigente dell\u2019Istituto ITA di Caulonia sia la visione operativa condivisa grazie alla presenza di una delegazione della <strong>Fondazione dell\u2019Istituto Tecnico Superiore \u201cM.A.S.K.\u201d<\/strong>, composta dall\u2019ing. <strong>Domenico Vecchio,<\/strong> tra l\u2019altro Presidente di Confindustria di Reggio Calabria e dal Dr. Domenico Napoli, Direttore del CEFRIS, Ente di Formazione Professionale e ricerca sociale con sede a Gioia Tauro, hanno reso possibile un maggiore ed esteso approfondimento.<\/p>\n<p style=\"text-align: justify\"><em>Seppur l\u2019iniziativa sia ancora in una fase embrionale e non formalizzata<\/em> \u2013 afferma il Consigliere Cirillo \u2013 <em>la risposta ottenuta dai singoli partecipanti potrebbe veder sorgere proprio a Caulonia Marina una sede distaccata dell\u2019ITS, appartenente alla Fondazione M.A.S.K. di Gioia Tauro e il conseguente avvio, proprio in questo territorio, vista la mancanza di questo ambito formativo da Reggio Calabria a Soverato,\u00a0 di tutte quelle azioni formative che andrebbero a generare una sinergia operativa con risultati sicuramente privi di precedenti. Difatti<\/em> \u2013 continua Cirillo \u2013 <em>grazie ai numerosi spunti condivisi durante l\u2019incontro, occasione che ne ha reso possibile un approfondito confronto, declinato in una chiave particolarmente intrisa di forte disponibilit\u00e0 nel cogliere la sfida lanciata, l\u2019occasione si \u00e8 rivelata utile per convenire sulla necessit\u00e0 di poter lavorare in tale direzione, conferendo al progetto una straordinaria valenza dal quale si auspica di poter registrare nel medio periodo una serie di indicatori di segno positivo sia a favore dell\u2019occupazione giovanile sia nel migliorare gli standard produttivi delle aziende che aderendo a questa nuova esperienza potranno diventare i protagonisti di quel cambiamento gi\u00e0 concretizzato in alcune regioni d\u2019Italia. Adottando questo modello di lavoro<\/em> \u2013 conclude Cirillo &#8211;<em> numerosi giovani potrebbero conseguire il super diploma rilasciato direttamente dal Ministero dell\u2019Istruzione e potrebbero superare il paradosso della disoccupazione mediante l\u2019assunzione resa possibile grazie all\u2019acquisizione di specifiche competenze e soprattutto senza dover continuare a fare la valigia per cercare altrove lavoro.<\/em><\/p>\n","protected":false},"excerpt":{"rendered":"<p>Il territorio dell\u2019Area ionica dispone molte pi\u00f9 opportunit\u00e0 di quanto si possa immaginare, perci\u00f2, tale affermazione, non credo sia pi\u00f9 etichettabile come pura utopia ma occorre sostanziarla con la concretezza.&hellip;<\/p>\n","protected":false},"author":8,"featured_media":10628,"comment_status":"open","ping_status":"open","sticky":false,"template":"","format":"standard","meta":{"_jetpack_memberships_contains_paid_content":false,"footnotes":"","jetpack_publicize_message":"","jetpack_publicize_feature_enabled":true,"jetpack_social_post_already_shared":false,"jetpack_social_options":{"image_generator_settings":{"template":"highway","default_image_id":0,"font":"","enabled":false},"version":2}},"categories":[921,196,140],"tags":[4824,1153,4825,4826],"class_list":["post-10627","post","type-post","status-publish","format-standard","has-post-thumbnail","hentry","category-home","category-news","category-reggio-calabria","tag-area-ionica","tag-domenico-vecchio","tag-fondazione-dellistituto-tecnico-superiore-m-a-s-k","tag-salvatore-cirillo"],"yoast_head":"<!-- This site is optimized with the Yoast SEO plugin v27.2 - https:\/\/yoast.com\/product\/yoast-seo-wordpress\/ -->\n<title>Calabria: il consigliere Cirillo sostiene i giovani dell&#039;Area Jonica<\/title>\n<meta name=\"description\" content=\"Il sistema ITS offre ai giovani dell&#039;area Jonica in futuro ideale. A sostenerlo \u00e8 il consigliere regionale Cirillo\" \/>\n<meta name=\"robots\" content=\"index, follow, max-snippet:-1, max-image-preview:large, max-video-preview:-1\" \/>\n<link rel=\"canonical\" href=\"https:\/\/progettotouring.it\/radiotouring104\/2022\/10\/15\/calabria-il-consigliere-regionale-cirillo-sostiene-i-giovani-dellarea-jonica\/\" \/>\n<meta property=\"og:locale\" content=\"it_IT\" \/>\n<meta property=\"og:type\" content=\"article\" \/>\n<meta property=\"og:title\" content=\"Calabria: il consigliere Cirillo sostiene i giovani dell&#039;Area Jonica\" \/>\n<meta property=\"og:description\" content=\"Il sistema ITS offre ai giovani dell&#039;area Jonica in futuro ideale. A sostenerlo \u00e8 il consigliere regionale Cirillo\" \/>\n<meta property=\"og:url\" content=\"https:\/\/progettotouring.it\/radiotouring104\/2022\/10\/15\/calabria-il-consigliere-regionale-cirillo-sostiene-i-giovani-dellarea-jonica\/\" \/>\n<meta property=\"og:site_name\" content=\"Radio Touring 104\" \/>\n<meta property=\"article:published_time\" content=\"2022-10-15T14:48:07+00:00\" \/>\n<meta property=\"article:modified_time\" content=\"2022-10-17T10:57:48+00:00\" \/>\n<meta property=\"og:image\" content=\"https:\/\/progettotouring.it\/radiotouring104\/wp-content\/uploads\/sites\/6\/2022\/10\/Salvatore-Cirillo.jpeg\" \/>\n\t<meta property=\"og:image:width\" content=\"1080\" \/>\n\t<meta property=\"og:image:height\" content=\"819\" \/>\n\t<meta property=\"og:image:type\" content=\"image\/jpeg\" \/>\n<meta name=\"author\" content=\"Filippo Francesco Idone\" \/>\n<meta name=\"twitter:card\" content=\"summary_large_image\" \/>\n<meta name=\"twitter:label1\" content=\"Scritto da\" \/>\n\t<meta name=\"twitter:data1\" content=\"Filippo Francesco Idone\" \/>\n\t<meta name=\"twitter:label2\" content=\"Tempo di lettura stimato\" \/>\n\t<meta name=\"twitter:data2\" content=\"3 minuti\" \/>\n<script type=\"application\/ld+json\" class=\"yoast-schema-graph\">{\"@context\":\"https:\/\/schema.org\",\"@graph\":[{\"@type\":\"Article\",\"@id\":\"https:\/\/progettotouring.it\/radiotouring104\/2022\/10\/15\/calabria-il-consigliere-regionale-cirillo-sostiene-i-giovani-dellarea-jonica\/#article\",\"isPartOf\":{\"@id\":\"https:\/\/progettotouring.it\/radiotouring104\/2022\/10\/15\/calabria-il-consigliere-regionale-cirillo-sostiene-i-giovani-dellarea-jonica\/\"},\"author\":{\"name\":\"Filippo Francesco Idone\",\"@id\":\"https:\/\/progettotouring.it\/radiotouring104\/#\/schema\/person\/4a82259ca52ac8702ad1a8f9e5a3120b\"},\"headline\":\"Calabria: il consigliere regionale Cirillo sostiene i giovani dell&#8217;Area Jonica\",\"datePublished\":\"2022-10-15T14:48:07+00:00\",\"dateModified\":\"2022-10-17T10:57:48+00:00\",\"mainEntityOfPage\":{\"@id\":\"https:\/\/progettotouring.it\/radiotouring104\/2022\/10\/15\/calabria-il-consigliere-regionale-cirillo-sostiene-i-giovani-dellarea-jonica\/\"},\"wordCount\":572,\"commentCount\":0,\"publisher\":{\"@id\":\"https:\/\/progettotouring.it\/radiotouring104\/#organization\"},\"image\":{\"@id\":\"https:\/\/progettotouring.it\/radiotouring104\/2022\/10\/15\/calabria-il-consigliere-regionale-cirillo-sostiene-i-giovani-dellarea-jonica\/#primaryimage\"},\"thumbnailUrl\":\"https:\/\/progettotouring.it\/radiotouring104\/wp-content\/uploads\/sites\/6\/2022\/10\/Salvatore-Cirillo.jpeg\",\"keywords\":[\"Area ionica\",\"Domenico Vecchio\",\"Fondazione dell\u2019Istituto Tecnico Superiore \u201cM.A.S.K.\u201d\",\"Salvatore Cirillo\"],\"articleSection\":[\"Home\",\"News\",\"Reggio Calabria\"],\"inLanguage\":\"it-IT\",\"potentialAction\":[{\"@type\":\"CommentAction\",\"name\":\"Comment\",\"target\":[\"https:\/\/progettotouring.it\/radiotouring104\/2022\/10\/15\/calabria-il-consigliere-regionale-cirillo-sostiene-i-giovani-dellarea-jonica\/#respond\"]}]},{\"@type\":\"WebPage\",\"@id\":\"https:\/\/progettotouring.it\/radiotouring104\/2022\/10\/15\/calabria-il-consigliere-regionale-cirillo-sostiene-i-giovani-dellarea-jonica\/\",\"url\":\"https:\/\/progettotouring.it\/radiotouring104\/2022\/10\/15\/calabria-il-consigliere-regionale-cirillo-sostiene-i-giovani-dellarea-jonica\/\",\"name\":\"Calabria: il consigliere Cirillo sostiene i giovani dell'Area Jonica\",\"isPartOf\":{\"@id\":\"https:\/\/progettotouring.it\/radiotouring104\/#website\"},\"primaryImageOfPage\":{\"@id\":\"https:\/\/progettotouring.it\/radiotouring104\/2022\/10\/15\/calabria-il-consigliere-regionale-cirillo-sostiene-i-giovani-dellarea-jonica\/#primaryimage\"},\"image\":{\"@id\":\"https:\/\/progettotouring.it\/radiotouring104\/2022\/10\/15\/calabria-il-consigliere-regionale-cirillo-sostiene-i-giovani-dellarea-jonica\/#primaryimage\"},\"thumbnailUrl\":\"https:\/\/progettotouring.it\/radiotouring104\/wp-content\/uploads\/sites\/6\/2022\/10\/Salvatore-Cirillo.jpeg\",\"datePublished\":\"2022-10-15T14:48:07+00:00\",\"dateModified\":\"2022-10-17T10:57:48+00:00\",\"description\":\"Il sistema ITS offre ai giovani dell'area Jonica in futuro ideale. A sostenerlo \u00e8 il consigliere regionale Cirillo\",\"breadcrumb\":{\"@id\":\"https:\/\/progettotouring.it\/radiotouring104\/2022\/10\/15\/calabria-il-consigliere-regionale-cirillo-sostiene-i-giovani-dellarea-jonica\/#breadcrumb\"},\"inLanguage\":\"it-IT\",\"potentialAction\":[{\"@type\":\"ReadAction\",\"target\":[\"https:\/\/progettotouring.it\/radiotouring104\/2022\/10\/15\/calabria-il-consigliere-regionale-cirillo-sostiene-i-giovani-dellarea-jonica\/\"]}]},{\"@type\":\"ImageObject\",\"inLanguage\":\"it-IT\",\"@id\":\"https:\/\/progettotouring.it\/radiotouring104\/2022\/10\/15\/calabria-il-consigliere-regionale-cirillo-sostiene-i-giovani-dellarea-jonica\/#primaryimage\",\"url\":\"https:\/\/progettotouring.it\/radiotouring104\/wp-content\/uploads\/sites\/6\/2022\/10\/Salvatore-Cirillo.jpeg\",\"contentUrl\":\"https:\/\/progettotouring.it\/radiotouring104\/wp-content\/uploads\/sites\/6\/2022\/10\/Salvatore-Cirillo.jpeg\",\"width\":1080,\"height\":819},{\"@type\":\"BreadcrumbList\",\"@id\":\"https:\/\/progettotouring.it\/radiotouring104\/2022\/10\/15\/calabria-il-consigliere-regionale-cirillo-sostiene-i-giovani-dellarea-jonica\/#breadcrumb\",\"itemListElement\":[{\"@type\":\"ListItem\",\"position\":1,\"name\":\"Home\",\"item\":\"https:\/\/progettotouring.it\/radiotouring104\/\"},{\"@type\":\"ListItem\",\"position\":2,\"name\":\"Calabria: il consigliere regionale Cirillo sostiene i giovani dell&#8217;Area Jonica\"}]},{\"@type\":\"WebSite\",\"@id\":\"https:\/\/progettotouring.it\/radiotouring104\/#website\",\"url\":\"https:\/\/progettotouring.it\/radiotouring104\/\",\"name\":\"Radio Touring 104\",\"description\":\"La prima radio Reggina\",\"publisher\":{\"@id\":\"https:\/\/progettotouring.it\/radiotouring104\/#organization\"},\"potentialAction\":[{\"@type\":\"SearchAction\",\"target\":{\"@type\":\"EntryPoint\",\"urlTemplate\":\"https:\/\/progettotouring.it\/radiotouring104\/?s={search_term_string}\"},\"query-input\":{\"@type\":\"PropertyValueSpecification\",\"valueRequired\":true,\"valueName\":\"search_term_string\"}}],\"inLanguage\":\"it-IT\"},{\"@type\":\"Organization\",\"@id\":\"https:\/\/progettotouring.it\/radiotouring104\/#organization\",\"name\":\"Radio Touring 104\",\"url\":\"https:\/\/progettotouring.it\/radiotouring104\/\",\"logo\":{\"@type\":\"ImageObject\",\"inLanguage\":\"it-IT\",\"@id\":\"https:\/\/progettotouring.it\/radiotouring104\/#\/schema\/logo\/image\/\",\"url\":\"https:\/\/progettotouring.it\/radiotouring104\/wp-content\/uploads\/sites\/6\/2022\/02\/cropped-logo-radio-touring-104.png\",\"contentUrl\":\"https:\/\/progettotouring.it\/radiotouring104\/wp-content\/uploads\/sites\/6\/2022\/02\/cropped-logo-radio-touring-104.png\",\"width\":377,\"height\":182,\"caption\":\"Radio Touring 104\"},\"image\":{\"@id\":\"https:\/\/progettotouring.it\/radiotouring104\/#\/schema\/logo\/image\/\"}},{\"@type\":\"Person\",\"@id\":\"https:\/\/progettotouring.it\/radiotouring104\/#\/schema\/person\/4a82259ca52ac8702ad1a8f9e5a3120b\",\"name\":\"Filippo Francesco Idone\",\"image\":{\"@type\":\"ImageObject\",\"inLanguage\":\"it-IT\",\"@id\":\"https:\/\/secure.gravatar.com\/avatar\/7268715d2366395c3dd314385670e6484117d44f5c442e61e230f7008b7b62d3?s=96&d=mm&r=g\",\"url\":\"https:\/\/secure.gravatar.com\/avatar\/7268715d2366395c3dd314385670e6484117d44f5c442e61e230f7008b7b62d3?s=96&d=mm&r=g\",\"contentUrl\":\"https:\/\/secure.gravatar.com\/avatar\/7268715d2366395c3dd314385670e6484117d44f5c442e61e230f7008b7b62d3?s=96&d=mm&r=g\",\"caption\":\"Filippo Francesco Idone\"},\"url\":\"https:\/\/progettotouring.it\/radiotouring104\/author\/filippoidone\/\"}]}<\/script>\n<!-- \/ Yoast SEO plugin. -->","yoast_head_json":{"title":"Calabria: il consigliere Cirillo sostiene i giovani dell'Area Jonica","description":"Il sistema ITS offre ai giovani dell'area Jonica in futuro ideale. A sostenerlo \u00e8 il consigliere regionale Cirillo","robots":{"index":"index","follow":"follow","max-snippet":"max-snippet:-1","max-image-preview":"max-image-preview:large","max-video-preview":"max-video-preview:-1"},"canonical":"https:\/\/progettotouring.it\/radiotouring104\/2022\/10\/15\/calabria-il-consigliere-regionale-cirillo-sostiene-i-giovani-dellarea-jonica\/","og_locale":"it_IT","og_type":"article","og_title":"Calabria: il consigliere Cirillo sostiene i giovani dell'Area Jonica","og_description":"Il sistema ITS offre ai giovani dell'area Jonica in futuro ideale. A sostenerlo \u00e8 il consigliere regionale Cirillo","og_url":"https:\/\/progettotouring.it\/radiotouring104\/2022\/10\/15\/calabria-il-consigliere-regionale-cirillo-sostiene-i-giovani-dellarea-jonica\/","og_site_name":"Radio Touring 104","article_published_time":"2022-10-15T14:48:07+00:00","article_modified_time":"2022-10-17T10:57:48+00:00","og_image":[{"width":1080,"height":819,"url":"https:\/\/progettotouring.it\/radiotouring104\/wp-content\/uploads\/sites\/6\/2022\/10\/Salvatore-Cirillo.jpeg","type":"image\/jpeg"}],"author":"Filippo Francesco Idone","twitter_card":"summary_large_image","twitter_misc":{"Scritto da":"Filippo Francesco Idone","Tempo di lettura stimato":"3 minuti"},"schema":{"@context":"https:\/\/schema.org","@graph":[{"@type":"Article","@id":"https:\/\/progettotouring.it\/radiotouring104\/2022\/10\/15\/calabria-il-consigliere-regionale-cirillo-sostiene-i-giovani-dellarea-jonica\/#article","isPartOf":{"@id":"https:\/\/progettotouring.it\/radiotouring104\/2022\/10\/15\/calabria-il-consigliere-regionale-cirillo-sostiene-i-giovani-dellarea-jonica\/"},"author":{"name":"Filippo Francesco Idone","@id":"https:\/\/progettotouring.it\/radiotouring104\/#\/schema\/person\/4a82259ca52ac8702ad1a8f9e5a3120b"},"headline":"Calabria: il consigliere regionale Cirillo sostiene i giovani dell&#8217;Area Jonica","datePublished":"2022-10-15T14:48:07+00:00","dateModified":"2022-10-17T10:57:48+00:00","mainEntityOfPage":{"@id":"https:\/\/progettotouring.it\/radiotouring104\/2022\/10\/15\/calabria-il-consigliere-regionale-cirillo-sostiene-i-giovani-dellarea-jonica\/"},"wordCount":572,"commentCount":0,"publisher":{"@id":"https:\/\/progettotouring.it\/radiotouring104\/#organization"},"image":{"@id":"https:\/\/progettotouring.it\/radiotouring104\/2022\/10\/15\/calabria-il-consigliere-regionale-cirillo-sostiene-i-giovani-dellarea-jonica\/#primaryimage"},"thumbnailUrl":"https:\/\/progettotouring.it\/radiotouring104\/wp-content\/uploads\/sites\/6\/2022\/10\/Salvatore-Cirillo.jpeg","keywords":["Area ionica","Domenico Vecchio","Fondazione dell\u2019Istituto Tecnico Superiore \u201cM.A.S.K.\u201d","Salvatore Cirillo"],"articleSection":["Home","News","Reggio Calabria"],"inLanguage":"it-IT","potentialAction":[{"@type":"CommentAction","name":"Comment","target":["https:\/\/progettotouring.it\/radiotouring104\/2022\/10\/15\/calabria-il-consigliere-regionale-cirillo-sostiene-i-giovani-dellarea-jonica\/#respond"]}]},{"@type":"WebPage","@id":"https:\/\/progettotouring.it\/radiotouring104\/2022\/10\/15\/calabria-il-consigliere-regionale-cirillo-sostiene-i-giovani-dellarea-jonica\/","url":"https:\/\/progettotouring.it\/radiotouring104\/2022\/10\/15\/calabria-il-consigliere-regionale-cirillo-sostiene-i-giovani-dellarea-jonica\/","name":"Calabria: il consigliere Cirillo sostiene i giovani dell'Area Jonica","isPartOf":{"@id":"https:\/\/progettotouring.it\/radiotouring104\/#website"},"primaryImageOfPage":{"@id":"https:\/\/progettotouring.it\/radiotouring104\/2022\/10\/15\/calabria-il-consigliere-regionale-cirillo-sostiene-i-giovani-dellarea-jonica\/#primaryimage"},"image":{"@id":"https:\/\/progettotouring.it\/radiotouring104\/2022\/10\/15\/calabria-il-consigliere-regionale-cirillo-sostiene-i-giovani-dellarea-jonica\/#primaryimage"},"thumbnailUrl":"https:\/\/progettotouring.it\/radiotouring104\/wp-content\/uploads\/sites\/6\/2022\/10\/Salvatore-Cirillo.jpeg","datePublished":"2022-10-15T14:48:07+00:00","dateModified":"2022-10-17T10:57:48+00:00","description":"Il sistema ITS offre ai giovani dell'area Jonica in futuro ideale. A sostenerlo \u00e8 il consigliere regionale Cirillo","breadcrumb":{"@id":"https:\/\/progettotouring.it\/radiotouring104\/2022\/10\/15\/calabria-il-consigliere-regionale-cirillo-sostiene-i-giovani-dellarea-jonica\/#breadcrumb"},"inLanguage":"it-IT","potentialAction":[{"@type":"ReadAction","target":["https:\/\/progettotouring.it\/radiotouring104\/2022\/10\/15\/calabria-il-consigliere-regionale-cirillo-sostiene-i-giovani-dellarea-jonica\/"]}]},{"@type":"ImageObject","inLanguage":"it-IT","@id":"https:\/\/progettotouring.it\/radiotouring104\/2022\/10\/15\/calabria-il-consigliere-regionale-cirillo-sostiene-i-giovani-dellarea-jonica\/#primaryimage","url":"https:\/\/progettotouring.it\/radiotouring104\/wp-content\/uploads\/sites\/6\/2022\/10\/Salvatore-Cirillo.jpeg","contentUrl":"https:\/\/progettotouring.it\/radiotouring104\/wp-content\/uploads\/sites\/6\/2022\/10\/Salvatore-Cirillo.jpeg","width":1080,"height":819},{"@type":"BreadcrumbList","@id":"https:\/\/progettotouring.it\/radiotouring104\/2022\/10\/15\/calabria-il-consigliere-regionale-cirillo-sostiene-i-giovani-dellarea-jonica\/#breadcrumb","itemListElement":[{"@type":"ListItem","position":1,"name":"Home","item":"https:\/\/progettotouring.it\/radiotouring104\/"},{"@type":"ListItem","position":2,"name":"Calabria: il consigliere regionale Cirillo sostiene i giovani dell&#8217;Area Jonica"}]},{"@type":"WebSite","@id":"https:\/\/progettotouring.it\/radiotouring104\/#website","url":"https:\/\/progettotouring.it\/radiotouring104\/","name":"Radio Touring 104","description":"La prima radio Reggina","publisher":{"@id":"https:\/\/progettotouring.it\/radiotouring104\/#organization"},"potentialAction":[{"@type":"SearchAction","target":{"@type":"EntryPoint","urlTemplate":"https:\/\/progettotouring.it\/radiotouring104\/?s={search_term_string}"},"query-input":{"@type":"PropertyValueSpecification","valueRequired":true,"valueName":"search_term_string"}}],"inLanguage":"it-IT"},{"@type":"Organization","@id":"https:\/\/progettotouring.it\/radiotouring104\/#organization","name":"Radio Touring 104","url":"https:\/\/progettotouring.it\/radiotouring104\/","logo":{"@type":"ImageObject","inLanguage":"it-IT","@id":"https:\/\/progettotouring.it\/radiotouring104\/#\/schema\/logo\/image\/","url":"https:\/\/progettotouring.it\/radiotouring104\/wp-content\/uploads\/sites\/6\/2022\/02\/cropped-logo-radio-touring-104.png","contentUrl":"https:\/\/progettotouring.it\/radiotouring104\/wp-content\/uploads\/sites\/6\/2022\/02\/cropped-logo-radio-touring-104.png","width":377,"height":182,"caption":"Radio Touring 104"},"image":{"@id":"https:\/\/progettotouring.it\/radiotouring104\/#\/schema\/logo\/image\/"}},{"@type":"Person","@id":"https:\/\/progettotouring.it\/radiotouring104\/#\/schema\/person\/4a82259ca52ac8702ad1a8f9e5a3120b","name":"Filippo Francesco Idone","image":{"@type":"ImageObject","inLanguage":"it-IT","@id":"https:\/\/secure.gravatar.com\/avatar\/7268715d2366395c3dd314385670e6484117d44f5c442e61e230f7008b7b62d3?s=96&d=mm&r=g","url":"https:\/\/secure.gravatar.com\/avatar\/7268715d2366395c3dd314385670e6484117d44f5c442e61e230f7008b7b62d3?s=96&d=mm&r=g","contentUrl":"https:\/\/secure.gravatar.com\/avatar\/7268715d2366395c3dd314385670e6484117d44f5c442e61e230f7008b7b62d3?s=96&d=mm&r=g","caption":"Filippo Francesco Idone"},"url":"https:\/\/progettotouring.it\/radiotouring104\/author\/filippoidone\/"}]}},"jetpack_publicize_connections":[],"jetpack_featured_media_url":"https:\/\/progettotouring.it\/radiotouring104\/wp-content\/uploads\/sites\/6\/2022\/10\/Salvatore-Cirillo.jpeg","jetpack_sharing_enabled":true,"_links":{"self":[{"href":"https:\/\/progettotouring.it\/radiotouring104\/wp-json\/wp\/v2\/posts\/10627","targetHints":{"allow":["GET"]}}],"collection":[{"href":"https:\/\/progettotouring.it\/radiotouring104\/wp-json\/wp\/v2\/posts"}],"about":[{"href":"https:\/\/progettotouring.it\/radiotouring104\/wp-json\/wp\/v2\/types\/post"}],"author":[{"embeddable":true,"href":"https:\/\/progettotouring.it\/radiotouring104\/wp-json\/wp\/v2\/users\/8"}],"replies":[{"embeddable":true,"href":"https:\/\/progettotouring.it\/radiotouring104\/wp-json\/wp\/v2\/comments?post=10627"}],"version-history":[{"count":1,"href":"https:\/\/progettotouring.it\/radiotouring104\/wp-json\/wp\/v2\/posts\/10627\/revisions"}],"predecessor-version":[{"id":10629,"href":"https:\/\/progettotouring.it\/radiotouring104\/wp-json\/wp\/v2\/posts\/10627\/revisions\/10629"}],"wp:featuredmedia":[{"embeddable":true,"href":"https:\/\/progettotouring.it\/radiotouring104\/wp-json\/wp\/v2\/media\/10628"}],"wp:attachment":[{"href":"https:\/\/progettotouring.it\/radiotouring104\/wp-json\/wp\/v2\/media?parent=10627"}],"wp:term":[{"taxonomy":"category","embeddable":true,"href":"https:\/\/progettotouring.it\/radiotouring104\/wp-json\/wp\/v2\/categories?post=10627"},{"taxonomy":"post_tag","embeddable":true,"href":"https:\/\/progettotouring.it\/radiotouring104\/wp-json\/wp\/v2\/tags?post=10627"}],"curies":[{"name":"wp","href":"https:\/\/api.w.org\/{rel}","templated":true}]}}