{"id":10639,"date":"2022-10-15T15:28:05","date_gmt":"2022-10-15T13:28:05","guid":{"rendered":"https:\/\/progettotouring.it\/radiotouring104\/?p=10639"},"modified":"2022-10-17T13:38:12","modified_gmt":"2022-10-17T11:38:12","slug":"locri-nella-citta-calabrese-ricordato-con-una-solenne-cerimonia-francesco-fortugno-ucciso-dalla-ndrangheta","status":"publish","type":"post","link":"https:\/\/progettotouring.it\/radiotouring104\/2022\/10\/15\/locri-nella-citta-calabrese-ricordato-con-una-solenne-cerimonia-francesco-fortugno-ucciso-dalla-ndrangheta\/","title":{"rendered":"Locri: nella citt\u00e0 calabrese ricordato con una solenne cerimonia Francesco Fortugno ucciso dalla &#8216;ndrangheta"},"content":{"rendered":"<div dir=\"auto\" style=\"text-align: justify\">Si \u00e8 svolta questa mattina a <strong>Locri<\/strong> la cerimonia commemorativa in ricordo di <strong>Francesco Fortugno<\/strong>, il vicepresidente del <strong>Consiglio regionale<\/strong> della <strong>Calabria<\/strong> assassinato dalla \u2018ndrangheta il 16 ottobre 2005. Un momento di preghiera e riflessione che ogni anno vede la comunit\u00e0 calabrese raccogliersi intorno alla memoria del medico, politico e sindacalista locrese ucciso per mano mafiosa. La sobria cerimonia, come di consueto, ha fatto registrare la partecipazione di tanti cittadini e delle massime autorit\u00e0 istituzionali del territorio intervenute dapprima nella<strong> Chiesa di Santa Caterina Vergine e Martire<\/strong> per la Santa Messa di suffragio officiata dal vescovo di <strong>Locri-Gerace,<\/strong> monsignor Francesco Oliva. Successivamente, la giornata \u00e8 proseguita con la deposizione della corona da parte delle istituzioni dello Stato a <strong>Palazzo Nieddu del Rio<\/strong>, ovvero il luogo nel quale diciassette anni fa<strong> Francesco Fortugno<\/strong> fu ucciso dalla &#8216;ndrangheta in un seggio nel quale si stavano celebrando le elezioni primarie de <strong>\u201cL\u2019Unione\u201d.<\/strong><\/div>\n<div dir=\"auto\"><\/div>\n<div dir=\"auto\" style=\"text-align: justify\">A deporre la corona dello Stato, in quello che \u00e8 sempre un momento particolarmente commovente, \u00e8 stato il prefetto di Reggio Calabria, Massimo Mariani, accompagnato dalla vedova di Fortugno, Maria Grazia Lagan\u00e0, e dai familiari. Presenti tra gli altri il Questore, Bruno Megale, il Comandante provinciale dei Carabinieri, Marco Guerrini, il direttore marittimo di Calabria e Basilicata Tirrenica, Giuseppe Sciarrone, il tenente colonnello dell\u2019Esercito italiano, Francesco Montepaone, il Comandante del Nucleo Polizia economico &#8211; finanziaria della Guardia di Finanza di Reggio Calabria, Mauro Silvari, il procuratore di Locri, Giuseppe Casciaro, il Senatore, Nicola Irto, l\u2019onorevole Angela Napoli, il Consigliere regionale, Giacomo Crin\u00f2, il Consigliere metropolitano delegato, Rudi Lizzi, il sindaco di Locri, Giovanni Calabrese, altri sindaci e amministratori locali della Locride.<\/div>\n<div dir=\"auto\" style=\"text-align: justify\"><\/div>\n<div dir=\"auto\" style=\"text-align: justify\"><em>&#8220;Anche quest&#8217;anno ci ritroviamo qui per ricordare il sacrificio di mio marito <strong>Franco<\/strong>&#8220;,<\/em> ha affermato Maria Grazia Lagan\u00e0, <em>&#8220;in un momento di raccoglimento che \u00e8 frutto di un preciso impegno assunto all&#8217;indomani di quel tragico evento che ha sconvolto la mia famiglia, ovvero offrire il segno di una comunit\u00e0 che non intende piegare la testa di fronte alla violenza della &#8216;ndrangheta e che, al contrario, attraverso la memoria dei propri martiri rinnova e moltiplica gli sforzi per realizzare il riscatto civile e sociale di cui questa terra ha grande bisogno. E fino a quando avr\u00f2 la forza<\/em> &#8211; ha poi concluso la vedova Fortugno &#8211; <em>continuer\u00f2 a portare avanti questo messaggio di speranza che, nel segno di Franco, deve abbracciare e sostenere la comunit\u00e0 locrese e l&#8217;intera <strong>Calabria<\/strong>&#8220;.\u00a0<\/em><\/div>\n<div dir=\"auto\" style=\"text-align: justify\"><\/div>\n<div dir=\"auto\" style=\"text-align: justify\"><em>\u201cE\u2019 importante ricordare <strong>Fortugno<\/strong> perche\u2019 simboleggia cio\u2019 che ha subito il territorio nel corso dei decenni ma al tempo stesso rappresenta l\u2019impegno per affrancare la <strong>Calabria<\/strong> dal giogo della criminalita\u2019 organizzata. Commemorare l\u2019efferato delitto di <strong>Franco Fortugno<\/strong> e\u2019 doveroso\u201d<\/em> ha detto da parte sua il prefetto di Reggio Calabria Massimo Mariani che ha rivolto un pensiero ai giovani <em>\u201caffinche\u2019 sappiano confrontarsi anche con l\u2019orrore di questi fatti per trarne un insegnamento e uno stimolo a non arrendersi. Le istituzioni stanno facendo il massimo per contrastare la criminalita\u2019\u201d.<\/em><\/div>\n<div dir=\"auto\" style=\"text-align: justify\"><\/div>\n<div dir=\"auto\" style=\"text-align: justify\"><em>\u201cOggi non dobbiamo far cadere nell\u2019oblio la memoria di<strong> Franco Fortugno<\/strong>, un uomo delle istituzioni che ha dato la vita nell\u2019assolvimento del suo servizio. Dobbiamo riconoscenza a quest\u2019uomo politico impegnato nella sanita\u2019, ma dobbiamo anche vincere la tentazione dell\u2019oblio<\/em> &#8211; ha affermato durante l\u2019omelia il vescovo di Locri, monsignor Francesco Oliva -. <em>Ravvivare la memoria e\u2019 fondamentale nel nostro contesto, soprattutto ai giovani a cui va ricordata la storia, perche\u2019 la storia e\u2019 fondamentale per vivere bene il presente. <\/em><strong><em>La vita di Fortugno<\/em><\/strong> &#8211; ha aggiunto il presule &#8211; <em>continui ad essere testimonianza di fedelta\u2019 alle istituzioni. Ci sono tante persone che, nelle istituzioni, si impegnano incondizionatamente per servire la comunita\u2019. Dobbiamo essere riconoscenti a tutti coloro i quali (magistrati, forze dell\u2019ordine, amministratori) si sono sacrificati per la collettivita\u2019, come Fortugno. Ed esprimiamo gratitudine alla sua famiglia che ha sopportato il peso piu\u2019 gravoso\u201d.<\/em><\/div>\n<div dir=\"auto\" style=\"text-align: justify\"><\/div>\n<div dir=\"auto\" style=\"text-align: justify\">Ultimo atto della manifestazione in ricordo di <strong>Francesco Fortugno<\/strong> si \u00e8 celebrato al cimitero di <strong>Locri<\/strong> con la deposizione della corona dell\u2019Assemblea legislativa calabrese da parte del consigliere regionale Giacomo Crin\u00f2 , nella cappella che accoglie le spoglie mortali del vicepresidente del Consiglio regionale.<\/div>\n","protected":false},"excerpt":{"rendered":"<p>Si \u00e8 svolta questa mattina a Locri la cerimonia commemorativa in ricordo di Francesco Fortugno, il vicepresidente del Consiglio regionale della Calabria assassinato dalla \u2018ndrangheta il 16 ottobre 2005. Un&hellip;<\/p>\n","protected":false},"author":8,"featured_media":10640,"comment_status":"open","ping_status":"open","sticky":false,"template":"","format":"standard","meta":{"_jetpack_memberships_contains_paid_content":false,"footnotes":"","jetpack_publicize_message":"","jetpack_publicize_feature_enabled":true,"jetpack_social_post_already_shared":false,"jetpack_social_options":{"image_generator_settings":{"template":"highway","default_image_id":0,"font":"","enabled":false},"version":2}},"categories":[921,196,140],"tags":[586,4831,338,236],"class_list":["post-10639","post","type-post","status-publish","format-standard","has-post-thumbnail","hentry","category-home","category-news","category-reggio-calabria","tag-calabria","tag-francesco-fortugno","tag-locri","tag-reggio-calabria"],"yoast_head":"<!-- This site is optimized with the Yoast SEO plugin v27.2 - https:\/\/yoast.com\/product\/yoast-seo-wordpress\/ -->\n<title>Locri ricorda Francesco Fortungno ucciso dalla &#039;ndrangheta<\/title>\n<meta name=\"description\" content=\"Diciassette anni dal delitto Fortugno, Locri ricorda il Vicepresidente del Consiglio regionale ucciso dalla &#039;ndrangheta\" \/>\n<meta name=\"robots\" content=\"index, follow, max-snippet:-1, max-image-preview:large, max-video-preview:-1\" \/>\n<link rel=\"canonical\" href=\"https:\/\/progettotouring.it\/radiotouring104\/2022\/10\/15\/locri-nella-citta-calabrese-ricordato-con-una-solenne-cerimonia-francesco-fortugno-ucciso-dalla-ndrangheta\/\" \/>\n<meta property=\"og:locale\" content=\"it_IT\" \/>\n<meta property=\"og:type\" content=\"article\" \/>\n<meta property=\"og:title\" content=\"Locri ricorda Francesco Fortungno ucciso dalla &#039;ndrangheta\" \/>\n<meta property=\"og:description\" content=\"Diciassette anni dal delitto Fortugno, Locri ricorda il Vicepresidente del Consiglio regionale ucciso dalla &#039;ndrangheta\" \/>\n<meta property=\"og:url\" content=\"https:\/\/progettotouring.it\/radiotouring104\/2022\/10\/15\/locri-nella-citta-calabrese-ricordato-con-una-solenne-cerimonia-francesco-fortugno-ucciso-dalla-ndrangheta\/\" \/>\n<meta property=\"og:site_name\" content=\"Radio Touring 104\" \/>\n<meta property=\"article:published_time\" content=\"2022-10-15T13:28:05+00:00\" \/>\n<meta property=\"article:modified_time\" content=\"2022-10-17T11:38:12+00:00\" \/>\n<meta property=\"og:image\" content=\"https:\/\/progettotouring.it\/radiotouring104\/wp-content\/uploads\/sites\/6\/2022\/10\/Fortugno-cerimonia-4.jpg\" \/>\n\t<meta property=\"og:image:width\" content=\"1824\" \/>\n\t<meta property=\"og:image:height\" content=\"1368\" \/>\n\t<meta property=\"og:image:type\" content=\"image\/jpeg\" \/>\n<meta name=\"author\" content=\"Filippo Francesco Idone\" \/>\n<meta name=\"twitter:card\" content=\"summary_large_image\" \/>\n<meta name=\"twitter:label1\" content=\"Scritto da\" \/>\n\t<meta name=\"twitter:data1\" content=\"Filippo Francesco Idone\" \/>\n\t<meta name=\"twitter:label2\" content=\"Tempo di lettura stimato\" \/>\n\t<meta name=\"twitter:data2\" content=\"3 minuti\" \/>\n<script type=\"application\/ld+json\" class=\"yoast-schema-graph\">{\"@context\":\"https:\/\/schema.org\",\"@graph\":[{\"@type\":\"Article\",\"@id\":\"https:\/\/progettotouring.it\/radiotouring104\/2022\/10\/15\/locri-nella-citta-calabrese-ricordato-con-una-solenne-cerimonia-francesco-fortugno-ucciso-dalla-ndrangheta\/#article\",\"isPartOf\":{\"@id\":\"https:\/\/progettotouring.it\/radiotouring104\/2022\/10\/15\/locri-nella-citta-calabrese-ricordato-con-una-solenne-cerimonia-francesco-fortugno-ucciso-dalla-ndrangheta\/\"},\"author\":{\"name\":\"Filippo Francesco Idone\",\"@id\":\"https:\/\/progettotouring.it\/radiotouring104\/#\/schema\/person\/4a82259ca52ac8702ad1a8f9e5a3120b\"},\"headline\":\"Locri: nella citt\u00e0 calabrese ricordato con una solenne cerimonia Francesco Fortugno ucciso dalla &#8216;ndrangheta\",\"datePublished\":\"2022-10-15T13:28:05+00:00\",\"dateModified\":\"2022-10-17T11:38:12+00:00\",\"mainEntityOfPage\":{\"@id\":\"https:\/\/progettotouring.it\/radiotouring104\/2022\/10\/15\/locri-nella-citta-calabrese-ricordato-con-una-solenne-cerimonia-francesco-fortugno-ucciso-dalla-ndrangheta\/\"},\"wordCount\":691,\"commentCount\":0,\"publisher\":{\"@id\":\"https:\/\/progettotouring.it\/radiotouring104\/#organization\"},\"image\":{\"@id\":\"https:\/\/progettotouring.it\/radiotouring104\/2022\/10\/15\/locri-nella-citta-calabrese-ricordato-con-una-solenne-cerimonia-francesco-fortugno-ucciso-dalla-ndrangheta\/#primaryimage\"},\"thumbnailUrl\":\"https:\/\/progettotouring.it\/radiotouring104\/wp-content\/uploads\/sites\/6\/2022\/10\/Fortugno-cerimonia-4.jpg\",\"keywords\":[\"calabria\",\"Francesco Fortugno\",\"Locri\",\"reggio calabria\"],\"articleSection\":[\"Home\",\"News\",\"Reggio Calabria\"],\"inLanguage\":\"it-IT\",\"potentialAction\":[{\"@type\":\"CommentAction\",\"name\":\"Comment\",\"target\":[\"https:\/\/progettotouring.it\/radiotouring104\/2022\/10\/15\/locri-nella-citta-calabrese-ricordato-con-una-solenne-cerimonia-francesco-fortugno-ucciso-dalla-ndrangheta\/#respond\"]}]},{\"@type\":\"WebPage\",\"@id\":\"https:\/\/progettotouring.it\/radiotouring104\/2022\/10\/15\/locri-nella-citta-calabrese-ricordato-con-una-solenne-cerimonia-francesco-fortugno-ucciso-dalla-ndrangheta\/\",\"url\":\"https:\/\/progettotouring.it\/radiotouring104\/2022\/10\/15\/locri-nella-citta-calabrese-ricordato-con-una-solenne-cerimonia-francesco-fortugno-ucciso-dalla-ndrangheta\/\",\"name\":\"Locri ricorda Francesco Fortungno ucciso dalla 'ndrangheta\",\"isPartOf\":{\"@id\":\"https:\/\/progettotouring.it\/radiotouring104\/#website\"},\"primaryImageOfPage\":{\"@id\":\"https:\/\/progettotouring.it\/radiotouring104\/2022\/10\/15\/locri-nella-citta-calabrese-ricordato-con-una-solenne-cerimonia-francesco-fortugno-ucciso-dalla-ndrangheta\/#primaryimage\"},\"image\":{\"@id\":\"https:\/\/progettotouring.it\/radiotouring104\/2022\/10\/15\/locri-nella-citta-calabrese-ricordato-con-una-solenne-cerimonia-francesco-fortugno-ucciso-dalla-ndrangheta\/#primaryimage\"},\"thumbnailUrl\":\"https:\/\/progettotouring.it\/radiotouring104\/wp-content\/uploads\/sites\/6\/2022\/10\/Fortugno-cerimonia-4.jpg\",\"datePublished\":\"2022-10-15T13:28:05+00:00\",\"dateModified\":\"2022-10-17T11:38:12+00:00\",\"description\":\"Diciassette anni dal delitto Fortugno, Locri ricorda il Vicepresidente del Consiglio regionale ucciso dalla 'ndrangheta\",\"breadcrumb\":{\"@id\":\"https:\/\/progettotouring.it\/radiotouring104\/2022\/10\/15\/locri-nella-citta-calabrese-ricordato-con-una-solenne-cerimonia-francesco-fortugno-ucciso-dalla-ndrangheta\/#breadcrumb\"},\"inLanguage\":\"it-IT\",\"potentialAction\":[{\"@type\":\"ReadAction\",\"target\":[\"https:\/\/progettotouring.it\/radiotouring104\/2022\/10\/15\/locri-nella-citta-calabrese-ricordato-con-una-solenne-cerimonia-francesco-fortugno-ucciso-dalla-ndrangheta\/\"]}]},{\"@type\":\"ImageObject\",\"inLanguage\":\"it-IT\",\"@id\":\"https:\/\/progettotouring.it\/radiotouring104\/2022\/10\/15\/locri-nella-citta-calabrese-ricordato-con-una-solenne-cerimonia-francesco-fortugno-ucciso-dalla-ndrangheta\/#primaryimage\",\"url\":\"https:\/\/progettotouring.it\/radiotouring104\/wp-content\/uploads\/sites\/6\/2022\/10\/Fortugno-cerimonia-4.jpg\",\"contentUrl\":\"https:\/\/progettotouring.it\/radiotouring104\/wp-content\/uploads\/sites\/6\/2022\/10\/Fortugno-cerimonia-4.jpg\",\"width\":1824,\"height\":1368},{\"@type\":\"BreadcrumbList\",\"@id\":\"https:\/\/progettotouring.it\/radiotouring104\/2022\/10\/15\/locri-nella-citta-calabrese-ricordato-con-una-solenne-cerimonia-francesco-fortugno-ucciso-dalla-ndrangheta\/#breadcrumb\",\"itemListElement\":[{\"@type\":\"ListItem\",\"position\":1,\"name\":\"Home\",\"item\":\"https:\/\/progettotouring.it\/radiotouring104\/\"},{\"@type\":\"ListItem\",\"position\":2,\"name\":\"Locri: nella citt\u00e0 calabrese ricordato con una solenne cerimonia Francesco Fortugno ucciso dalla &#8216;ndrangheta\"}]},{\"@type\":\"WebSite\",\"@id\":\"https:\/\/progettotouring.it\/radiotouring104\/#website\",\"url\":\"https:\/\/progettotouring.it\/radiotouring104\/\",\"name\":\"Radio Touring 104\",\"description\":\"La prima radio Reggina\",\"publisher\":{\"@id\":\"https:\/\/progettotouring.it\/radiotouring104\/#organization\"},\"potentialAction\":[{\"@type\":\"SearchAction\",\"target\":{\"@type\":\"EntryPoint\",\"urlTemplate\":\"https:\/\/progettotouring.it\/radiotouring104\/?s={search_term_string}\"},\"query-input\":{\"@type\":\"PropertyValueSpecification\",\"valueRequired\":true,\"valueName\":\"search_term_string\"}}],\"inLanguage\":\"it-IT\"},{\"@type\":\"Organization\",\"@id\":\"https:\/\/progettotouring.it\/radiotouring104\/#organization\",\"name\":\"Radio Touring 104\",\"url\":\"https:\/\/progettotouring.it\/radiotouring104\/\",\"logo\":{\"@type\":\"ImageObject\",\"inLanguage\":\"it-IT\",\"@id\":\"https:\/\/progettotouring.it\/radiotouring104\/#\/schema\/logo\/image\/\",\"url\":\"https:\/\/progettotouring.it\/radiotouring104\/wp-content\/uploads\/sites\/6\/2022\/02\/cropped-logo-radio-touring-104.png\",\"contentUrl\":\"https:\/\/progettotouring.it\/radiotouring104\/wp-content\/uploads\/sites\/6\/2022\/02\/cropped-logo-radio-touring-104.png\",\"width\":377,\"height\":182,\"caption\":\"Radio Touring 104\"},\"image\":{\"@id\":\"https:\/\/progettotouring.it\/radiotouring104\/#\/schema\/logo\/image\/\"}},{\"@type\":\"Person\",\"@id\":\"https:\/\/progettotouring.it\/radiotouring104\/#\/schema\/person\/4a82259ca52ac8702ad1a8f9e5a3120b\",\"name\":\"Filippo Francesco Idone\",\"image\":{\"@type\":\"ImageObject\",\"inLanguage\":\"it-IT\",\"@id\":\"https:\/\/secure.gravatar.com\/avatar\/7268715d2366395c3dd314385670e6484117d44f5c442e61e230f7008b7b62d3?s=96&d=mm&r=g\",\"url\":\"https:\/\/secure.gravatar.com\/avatar\/7268715d2366395c3dd314385670e6484117d44f5c442e61e230f7008b7b62d3?s=96&d=mm&r=g\",\"contentUrl\":\"https:\/\/secure.gravatar.com\/avatar\/7268715d2366395c3dd314385670e6484117d44f5c442e61e230f7008b7b62d3?s=96&d=mm&r=g\",\"caption\":\"Filippo Francesco Idone\"},\"url\":\"https:\/\/progettotouring.it\/radiotouring104\/author\/filippoidone\/\"}]}<\/script>\n<!-- \/ Yoast SEO plugin. -->","yoast_head_json":{"title":"Locri ricorda Francesco Fortungno ucciso dalla 'ndrangheta","description":"Diciassette anni dal delitto Fortugno, Locri ricorda il Vicepresidente del Consiglio regionale ucciso dalla 'ndrangheta","robots":{"index":"index","follow":"follow","max-snippet":"max-snippet:-1","max-image-preview":"max-image-preview:large","max-video-preview":"max-video-preview:-1"},"canonical":"https:\/\/progettotouring.it\/radiotouring104\/2022\/10\/15\/locri-nella-citta-calabrese-ricordato-con-una-solenne-cerimonia-francesco-fortugno-ucciso-dalla-ndrangheta\/","og_locale":"it_IT","og_type":"article","og_title":"Locri ricorda Francesco Fortungno ucciso dalla 'ndrangheta","og_description":"Diciassette anni dal delitto Fortugno, Locri ricorda il Vicepresidente del Consiglio regionale ucciso dalla 'ndrangheta","og_url":"https:\/\/progettotouring.it\/radiotouring104\/2022\/10\/15\/locri-nella-citta-calabrese-ricordato-con-una-solenne-cerimonia-francesco-fortugno-ucciso-dalla-ndrangheta\/","og_site_name":"Radio Touring 104","article_published_time":"2022-10-15T13:28:05+00:00","article_modified_time":"2022-10-17T11:38:12+00:00","og_image":[{"width":1824,"height":1368,"url":"https:\/\/progettotouring.it\/radiotouring104\/wp-content\/uploads\/sites\/6\/2022\/10\/Fortugno-cerimonia-4.jpg","type":"image\/jpeg"}],"author":"Filippo Francesco Idone","twitter_card":"summary_large_image","twitter_misc":{"Scritto da":"Filippo Francesco Idone","Tempo di lettura stimato":"3 minuti"},"schema":{"@context":"https:\/\/schema.org","@graph":[{"@type":"Article","@id":"https:\/\/progettotouring.it\/radiotouring104\/2022\/10\/15\/locri-nella-citta-calabrese-ricordato-con-una-solenne-cerimonia-francesco-fortugno-ucciso-dalla-ndrangheta\/#article","isPartOf":{"@id":"https:\/\/progettotouring.it\/radiotouring104\/2022\/10\/15\/locri-nella-citta-calabrese-ricordato-con-una-solenne-cerimonia-francesco-fortugno-ucciso-dalla-ndrangheta\/"},"author":{"name":"Filippo Francesco Idone","@id":"https:\/\/progettotouring.it\/radiotouring104\/#\/schema\/person\/4a82259ca52ac8702ad1a8f9e5a3120b"},"headline":"Locri: nella citt\u00e0 calabrese ricordato con una solenne cerimonia Francesco Fortugno ucciso dalla &#8216;ndrangheta","datePublished":"2022-10-15T13:28:05+00:00","dateModified":"2022-10-17T11:38:12+00:00","mainEntityOfPage":{"@id":"https:\/\/progettotouring.it\/radiotouring104\/2022\/10\/15\/locri-nella-citta-calabrese-ricordato-con-una-solenne-cerimonia-francesco-fortugno-ucciso-dalla-ndrangheta\/"},"wordCount":691,"commentCount":0,"publisher":{"@id":"https:\/\/progettotouring.it\/radiotouring104\/#organization"},"image":{"@id":"https:\/\/progettotouring.it\/radiotouring104\/2022\/10\/15\/locri-nella-citta-calabrese-ricordato-con-una-solenne-cerimonia-francesco-fortugno-ucciso-dalla-ndrangheta\/#primaryimage"},"thumbnailUrl":"https:\/\/progettotouring.it\/radiotouring104\/wp-content\/uploads\/sites\/6\/2022\/10\/Fortugno-cerimonia-4.jpg","keywords":["calabria","Francesco Fortugno","Locri","reggio calabria"],"articleSection":["Home","News","Reggio Calabria"],"inLanguage":"it-IT","potentialAction":[{"@type":"CommentAction","name":"Comment","target":["https:\/\/progettotouring.it\/radiotouring104\/2022\/10\/15\/locri-nella-citta-calabrese-ricordato-con-una-solenne-cerimonia-francesco-fortugno-ucciso-dalla-ndrangheta\/#respond"]}]},{"@type":"WebPage","@id":"https:\/\/progettotouring.it\/radiotouring104\/2022\/10\/15\/locri-nella-citta-calabrese-ricordato-con-una-solenne-cerimonia-francesco-fortugno-ucciso-dalla-ndrangheta\/","url":"https:\/\/progettotouring.it\/radiotouring104\/2022\/10\/15\/locri-nella-citta-calabrese-ricordato-con-una-solenne-cerimonia-francesco-fortugno-ucciso-dalla-ndrangheta\/","name":"Locri ricorda Francesco Fortungno ucciso dalla 'ndrangheta","isPartOf":{"@id":"https:\/\/progettotouring.it\/radiotouring104\/#website"},"primaryImageOfPage":{"@id":"https:\/\/progettotouring.it\/radiotouring104\/2022\/10\/15\/locri-nella-citta-calabrese-ricordato-con-una-solenne-cerimonia-francesco-fortugno-ucciso-dalla-ndrangheta\/#primaryimage"},"image":{"@id":"https:\/\/progettotouring.it\/radiotouring104\/2022\/10\/15\/locri-nella-citta-calabrese-ricordato-con-una-solenne-cerimonia-francesco-fortugno-ucciso-dalla-ndrangheta\/#primaryimage"},"thumbnailUrl":"https:\/\/progettotouring.it\/radiotouring104\/wp-content\/uploads\/sites\/6\/2022\/10\/Fortugno-cerimonia-4.jpg","datePublished":"2022-10-15T13:28:05+00:00","dateModified":"2022-10-17T11:38:12+00:00","description":"Diciassette anni dal delitto Fortugno, Locri ricorda il Vicepresidente del Consiglio regionale ucciso dalla 'ndrangheta","breadcrumb":{"@id":"https:\/\/progettotouring.it\/radiotouring104\/2022\/10\/15\/locri-nella-citta-calabrese-ricordato-con-una-solenne-cerimonia-francesco-fortugno-ucciso-dalla-ndrangheta\/#breadcrumb"},"inLanguage":"it-IT","potentialAction":[{"@type":"ReadAction","target":["https:\/\/progettotouring.it\/radiotouring104\/2022\/10\/15\/locri-nella-citta-calabrese-ricordato-con-una-solenne-cerimonia-francesco-fortugno-ucciso-dalla-ndrangheta\/"]}]},{"@type":"ImageObject","inLanguage":"it-IT","@id":"https:\/\/progettotouring.it\/radiotouring104\/2022\/10\/15\/locri-nella-citta-calabrese-ricordato-con-una-solenne-cerimonia-francesco-fortugno-ucciso-dalla-ndrangheta\/#primaryimage","url":"https:\/\/progettotouring.it\/radiotouring104\/wp-content\/uploads\/sites\/6\/2022\/10\/Fortugno-cerimonia-4.jpg","contentUrl":"https:\/\/progettotouring.it\/radiotouring104\/wp-content\/uploads\/sites\/6\/2022\/10\/Fortugno-cerimonia-4.jpg","width":1824,"height":1368},{"@type":"BreadcrumbList","@id":"https:\/\/progettotouring.it\/radiotouring104\/2022\/10\/15\/locri-nella-citta-calabrese-ricordato-con-una-solenne-cerimonia-francesco-fortugno-ucciso-dalla-ndrangheta\/#breadcrumb","itemListElement":[{"@type":"ListItem","position":1,"name":"Home","item":"https:\/\/progettotouring.it\/radiotouring104\/"},{"@type":"ListItem","position":2,"name":"Locri: nella citt\u00e0 calabrese ricordato con una solenne cerimonia Francesco Fortugno ucciso dalla &#8216;ndrangheta"}]},{"@type":"WebSite","@id":"https:\/\/progettotouring.it\/radiotouring104\/#website","url":"https:\/\/progettotouring.it\/radiotouring104\/","name":"Radio Touring 104","description":"La prima radio Reggina","publisher":{"@id":"https:\/\/progettotouring.it\/radiotouring104\/#organization"},"potentialAction":[{"@type":"SearchAction","target":{"@type":"EntryPoint","urlTemplate":"https:\/\/progettotouring.it\/radiotouring104\/?s={search_term_string}"},"query-input":{"@type":"PropertyValueSpecification","valueRequired":true,"valueName":"search_term_string"}}],"inLanguage":"it-IT"},{"@type":"Organization","@id":"https:\/\/progettotouring.it\/radiotouring104\/#organization","name":"Radio Touring 104","url":"https:\/\/progettotouring.it\/radiotouring104\/","logo":{"@type":"ImageObject","inLanguage":"it-IT","@id":"https:\/\/progettotouring.it\/radiotouring104\/#\/schema\/logo\/image\/","url":"https:\/\/progettotouring.it\/radiotouring104\/wp-content\/uploads\/sites\/6\/2022\/02\/cropped-logo-radio-touring-104.png","contentUrl":"https:\/\/progettotouring.it\/radiotouring104\/wp-content\/uploads\/sites\/6\/2022\/02\/cropped-logo-radio-touring-104.png","width":377,"height":182,"caption":"Radio Touring 104"},"image":{"@id":"https:\/\/progettotouring.it\/radiotouring104\/#\/schema\/logo\/image\/"}},{"@type":"Person","@id":"https:\/\/progettotouring.it\/radiotouring104\/#\/schema\/person\/4a82259ca52ac8702ad1a8f9e5a3120b","name":"Filippo Francesco Idone","image":{"@type":"ImageObject","inLanguage":"it-IT","@id":"https:\/\/secure.gravatar.com\/avatar\/7268715d2366395c3dd314385670e6484117d44f5c442e61e230f7008b7b62d3?s=96&d=mm&r=g","url":"https:\/\/secure.gravatar.com\/avatar\/7268715d2366395c3dd314385670e6484117d44f5c442e61e230f7008b7b62d3?s=96&d=mm&r=g","contentUrl":"https:\/\/secure.gravatar.com\/avatar\/7268715d2366395c3dd314385670e6484117d44f5c442e61e230f7008b7b62d3?s=96&d=mm&r=g","caption":"Filippo Francesco Idone"},"url":"https:\/\/progettotouring.it\/radiotouring104\/author\/filippoidone\/"}]}},"jetpack_publicize_connections":[],"jetpack_featured_media_url":"https:\/\/progettotouring.it\/radiotouring104\/wp-content\/uploads\/sites\/6\/2022\/10\/Fortugno-cerimonia-4.jpg","jetpack_sharing_enabled":true,"_links":{"self":[{"href":"https:\/\/progettotouring.it\/radiotouring104\/wp-json\/wp\/v2\/posts\/10639","targetHints":{"allow":["GET"]}}],"collection":[{"href":"https:\/\/progettotouring.it\/radiotouring104\/wp-json\/wp\/v2\/posts"}],"about":[{"href":"https:\/\/progettotouring.it\/radiotouring104\/wp-json\/wp\/v2\/types\/post"}],"author":[{"embeddable":true,"href":"https:\/\/progettotouring.it\/radiotouring104\/wp-json\/wp\/v2\/users\/8"}],"replies":[{"embeddable":true,"href":"https:\/\/progettotouring.it\/radiotouring104\/wp-json\/wp\/v2\/comments?post=10639"}],"version-history":[{"count":1,"href":"https:\/\/progettotouring.it\/radiotouring104\/wp-json\/wp\/v2\/posts\/10639\/revisions"}],"predecessor-version":[{"id":10641,"href":"https:\/\/progettotouring.it\/radiotouring104\/wp-json\/wp\/v2\/posts\/10639\/revisions\/10641"}],"wp:featuredmedia":[{"embeddable":true,"href":"https:\/\/progettotouring.it\/radiotouring104\/wp-json\/wp\/v2\/media\/10640"}],"wp:attachment":[{"href":"https:\/\/progettotouring.it\/radiotouring104\/wp-json\/wp\/v2\/media?parent=10639"}],"wp:term":[{"taxonomy":"category","embeddable":true,"href":"https:\/\/progettotouring.it\/radiotouring104\/wp-json\/wp\/v2\/categories?post=10639"},{"taxonomy":"post_tag","embeddable":true,"href":"https:\/\/progettotouring.it\/radiotouring104\/wp-json\/wp\/v2\/tags?post=10639"}],"curies":[{"name":"wp","href":"https:\/\/api.w.org\/{rel}","templated":true}]}}