{"id":10647,"date":"2022-10-15T10:47:48","date_gmt":"2022-10-15T08:47:48","guid":{"rendered":"https:\/\/progettotouring.it\/radiotouring104\/?p=10647"},"modified":"2022-10-17T13:53:03","modified_gmt":"2022-10-17T11:53:03","slug":"reggio-calabria-a-palazzo-alvaro-svolto-il-convegno-ideato-dal-fai","status":"publish","type":"post","link":"https:\/\/progettotouring.it\/radiotouring104\/2022\/10\/15\/reggio-calabria-a-palazzo-alvaro-svolto-il-convegno-ideato-dal-fai\/","title":{"rendered":"Reggio Calabria: a Palazzo Alvaro svolto il convegno ideato dal FAI"},"content":{"rendered":"<p style=\"text-align: justify\">Si \u00e8 svolto presso Palazzo Alvaro, sede della Citt\u00e0 Metropolitana di Reggio Calabria, il convegno, organizzato nell\u2019ambito delle giornate nazionali FAI, dal significativo titolo \u201cI Gagini di Bissone e la scultura del rinascimento tra Sicilia e Calabria\u201d.<br \/>\nAppuntamento di grande spessore culturale che ha visto coinvolte trasversalmente personalit\u00e0 ed Istituzioni di Calabria e Sicilia unite da un ponte culturale che accomuna le due regioni attraverso le eccellenze artistiche del Gagini.\u00a0 Molti i relatori e, dunque, gli approfondimenti che hanno caratterizzato un&#8217;articolata riflessione culturale. Dalla sezione \u201cstorico-artistica\u201d a quella di \u201cmodellazione e restauro\u201d passando per \u201cvalorizzazione e fruizione del patrimonio scultoreo rinascimentale\u201d; gli approcci ed i punti di vista hanno offerto ampie opportunit\u00e0 conoscitive sia al pubblico di settore che a molti giovani studenti e cittadini che hanno riempito la sala. Tra i rappresentanti istituzionali presenti Santo Monorchio, Sindaco di Bagaladi che \u00e8 il Comune coinvolto dall\u2019iniziativa FAI, Domenico Ros\u00e0, Direttore Ufficio Beni Culturali Diocesi Reggio-Bova, Paolo Martino, Direttore dell&#8217; Ufficio Beni Culturali diocesi Oppido-Palmi, Fabrizio Cotardo, Direttore Ufficio Beni Culturali Locri-Gerace, Rocco Gangemi, Delegato Ambiente e Paesaggio FAI Calabria, Giuseppe Putort\u00ec. Direttore dell&#8217; Ente Parco Nazionale d\u2019Aspromonte.<\/p>\n<p>A fare gli onori di casa il Sindaco facente funzioni della <strong>Citt\u00e0 Metropolitana Carmelo Versace<\/strong> che, nel suo intervento, ha dichiarato quanto sia <em>&#8220;importante questa nuova narrazione dell\u2019Aspromonte in senso culturale che proietta il nostro territorio metropolitano e la nostre aree interne, soprattutto, alle cronache nazionali non con la qualifica di \u201cmaglia nera\u201d, che siamo stanchi di indossare anche mediaticamente, ma per una caratterizzazione artistica di prestigio ed assoluto rilievo&#8221;.<\/em> <em>\u201cQuesti eventi<\/em> &#8211; ha spiegato ancora Versace &#8211; <em>sono frutto di una programmazione, realizzata nel tempo, sulla quale ha lavorato intensamente la Citt\u00e0 Metropolitana investendo nel settore della cultura come una vera infrastruttura. Gli appuntamenti di questo livello si stanno sempre pi\u00f9 intensificando ed \u00e8 un immenso piacere registrare l\u2019attenzione e la presenza di cos\u00ec tante e prestigiose personalit\u00e0. Un fatto, questo, che conforta perch\u00e9 la politica da sola non pu\u00f2 tutto ed il tessuto culturale svolge, in tal senso, un ruolo fondamentale ed indispensabile. Un Rinascimento che vuole ricollocare nella percezione dell\u2019opinione pubblica il nostro Aspromonte come luogo ricco di tesori naturali ma anche artistici&#8221;.<\/em><\/p>\n","protected":false},"excerpt":{"rendered":"<p>Si \u00e8 svolto presso Palazzo Alvaro, sede della Citt\u00e0 Metropolitana di Reggio Calabria, il convegno, organizzato nell\u2019ambito delle giornate nazionali FAI, dal significativo titolo \u201cI Gagini di Bissone e la&hellip;<\/p>\n","protected":false},"author":8,"featured_media":10648,"comment_status":"open","ping_status":"open","sticky":false,"template":"","format":"standard","meta":{"_jetpack_memberships_contains_paid_content":false,"footnotes":"","jetpack_publicize_message":"","jetpack_publicize_feature_enabled":true,"jetpack_social_post_already_shared":false,"jetpack_social_options":{"image_generator_settings":{"template":"highway","default_image_id":0,"font":"","enabled":false},"version":2}},"categories":[921,196,140],"tags":[4837,239,743,2898,236],"class_list":["post-10647","post","type-post","status-publish","format-standard","has-post-thumbnail","hentry","category-home","category-news","category-reggio-calabria","tag-beni-culturali-locri-gerace","tag-carmelo-versace","tag-citta-metropolitana","tag-fai","tag-reggio-calabria"],"yoast_head":"<!-- This site is optimized with the Yoast SEO plugin v27.2 - https:\/\/yoast.com\/product\/yoast-seo-wordpress\/ -->\n<title>Reggio Calabria: a Palazzo Alvaro svolto il convegno ideato dal FAI<\/title>\n<meta name=\"description\" content=\"A Palazzo Alvaro si \u00e8 svolto il convegno del FAI dal titolo \u201cI Gagini di Bissone e la scultura del rinascimento tra Sicilia e Calabria\u201d\" \/>\n<meta name=\"robots\" content=\"index, follow, max-snippet:-1, max-image-preview:large, max-video-preview:-1\" \/>\n<link rel=\"canonical\" href=\"https:\/\/progettotouring.it\/radiotouring104\/2022\/10\/15\/reggio-calabria-a-palazzo-alvaro-svolto-il-convegno-ideato-dal-fai\/\" \/>\n<meta property=\"og:locale\" content=\"it_IT\" \/>\n<meta property=\"og:type\" content=\"article\" \/>\n<meta property=\"og:title\" content=\"Reggio Calabria: a Palazzo Alvaro svolto il convegno ideato dal FAI\" \/>\n<meta property=\"og:description\" content=\"A Palazzo Alvaro si \u00e8 svolto il convegno del FAI dal titolo \u201cI Gagini di Bissone e la scultura del rinascimento tra Sicilia e Calabria\u201d\" \/>\n<meta property=\"og:url\" content=\"https:\/\/progettotouring.it\/radiotouring104\/2022\/10\/15\/reggio-calabria-a-palazzo-alvaro-svolto-il-convegno-ideato-dal-fai\/\" \/>\n<meta property=\"og:site_name\" content=\"Radio Touring 104\" \/>\n<meta property=\"article:published_time\" content=\"2022-10-15T08:47:48+00:00\" \/>\n<meta property=\"article:modified_time\" content=\"2022-10-17T11:53:03+00:00\" \/>\n<meta property=\"og:image\" content=\"https:\/\/progettotouring.it\/radiotouring104\/wp-content\/uploads\/sites\/6\/2022\/10\/giornate-fai-1-versace-.jpg\" \/>\n\t<meta property=\"og:image:width\" content=\"931\" \/>\n\t<meta property=\"og:image:height\" content=\"730\" \/>\n\t<meta property=\"og:image:type\" content=\"image\/jpeg\" \/>\n<meta name=\"author\" content=\"Filippo Francesco Idone\" \/>\n<meta name=\"twitter:card\" content=\"summary_large_image\" \/>\n<meta name=\"twitter:label1\" content=\"Scritto da\" \/>\n\t<meta name=\"twitter:data1\" content=\"Filippo Francesco Idone\" \/>\n\t<meta name=\"twitter:label2\" content=\"Tempo di lettura stimato\" \/>\n\t<meta name=\"twitter:data2\" content=\"2 minuti\" \/>\n<script type=\"application\/ld+json\" class=\"yoast-schema-graph\">{\"@context\":\"https:\/\/schema.org\",\"@graph\":[{\"@type\":\"Article\",\"@id\":\"https:\/\/progettotouring.it\/radiotouring104\/2022\/10\/15\/reggio-calabria-a-palazzo-alvaro-svolto-il-convegno-ideato-dal-fai\/#article\",\"isPartOf\":{\"@id\":\"https:\/\/progettotouring.it\/radiotouring104\/2022\/10\/15\/reggio-calabria-a-palazzo-alvaro-svolto-il-convegno-ideato-dal-fai\/\"},\"author\":{\"name\":\"Filippo Francesco Idone\",\"@id\":\"https:\/\/progettotouring.it\/radiotouring104\/#\/schema\/person\/4a82259ca52ac8702ad1a8f9e5a3120b\"},\"headline\":\"Reggio Calabria: a Palazzo Alvaro svolto il convegno ideato dal FAI\",\"datePublished\":\"2022-10-15T08:47:48+00:00\",\"dateModified\":\"2022-10-17T11:53:03+00:00\",\"mainEntityOfPage\":{\"@id\":\"https:\/\/progettotouring.it\/radiotouring104\/2022\/10\/15\/reggio-calabria-a-palazzo-alvaro-svolto-il-convegno-ideato-dal-fai\/\"},\"wordCount\":377,\"commentCount\":0,\"publisher\":{\"@id\":\"https:\/\/progettotouring.it\/radiotouring104\/#organization\"},\"image\":{\"@id\":\"https:\/\/progettotouring.it\/radiotouring104\/2022\/10\/15\/reggio-calabria-a-palazzo-alvaro-svolto-il-convegno-ideato-dal-fai\/#primaryimage\"},\"thumbnailUrl\":\"https:\/\/progettotouring.it\/radiotouring104\/wp-content\/uploads\/sites\/6\/2022\/10\/giornate-fai-1-versace-.jpg\",\"keywords\":[\"Beni Culturali Locri-Gerace\",\"carmelo versace\",\"Citt\u00e0 metropolitana\",\"FAI\",\"reggio calabria\"],\"articleSection\":[\"Home\",\"News\",\"Reggio Calabria\"],\"inLanguage\":\"it-IT\",\"potentialAction\":[{\"@type\":\"CommentAction\",\"name\":\"Comment\",\"target\":[\"https:\/\/progettotouring.it\/radiotouring104\/2022\/10\/15\/reggio-calabria-a-palazzo-alvaro-svolto-il-convegno-ideato-dal-fai\/#respond\"]}]},{\"@type\":\"WebPage\",\"@id\":\"https:\/\/progettotouring.it\/radiotouring104\/2022\/10\/15\/reggio-calabria-a-palazzo-alvaro-svolto-il-convegno-ideato-dal-fai\/\",\"url\":\"https:\/\/progettotouring.it\/radiotouring104\/2022\/10\/15\/reggio-calabria-a-palazzo-alvaro-svolto-il-convegno-ideato-dal-fai\/\",\"name\":\"Reggio Calabria: a Palazzo Alvaro svolto il convegno ideato dal FAI\",\"isPartOf\":{\"@id\":\"https:\/\/progettotouring.it\/radiotouring104\/#website\"},\"primaryImageOfPage\":{\"@id\":\"https:\/\/progettotouring.it\/radiotouring104\/2022\/10\/15\/reggio-calabria-a-palazzo-alvaro-svolto-il-convegno-ideato-dal-fai\/#primaryimage\"},\"image\":{\"@id\":\"https:\/\/progettotouring.it\/radiotouring104\/2022\/10\/15\/reggio-calabria-a-palazzo-alvaro-svolto-il-convegno-ideato-dal-fai\/#primaryimage\"},\"thumbnailUrl\":\"https:\/\/progettotouring.it\/radiotouring104\/wp-content\/uploads\/sites\/6\/2022\/10\/giornate-fai-1-versace-.jpg\",\"datePublished\":\"2022-10-15T08:47:48+00:00\",\"dateModified\":\"2022-10-17T11:53:03+00:00\",\"description\":\"A Palazzo Alvaro si \u00e8 svolto il convegno del FAI dal titolo \u201cI Gagini di Bissone e la scultura del rinascimento tra Sicilia e Calabria\u201d\",\"breadcrumb\":{\"@id\":\"https:\/\/progettotouring.it\/radiotouring104\/2022\/10\/15\/reggio-calabria-a-palazzo-alvaro-svolto-il-convegno-ideato-dal-fai\/#breadcrumb\"},\"inLanguage\":\"it-IT\",\"potentialAction\":[{\"@type\":\"ReadAction\",\"target\":[\"https:\/\/progettotouring.it\/radiotouring104\/2022\/10\/15\/reggio-calabria-a-palazzo-alvaro-svolto-il-convegno-ideato-dal-fai\/\"]}]},{\"@type\":\"ImageObject\",\"inLanguage\":\"it-IT\",\"@id\":\"https:\/\/progettotouring.it\/radiotouring104\/2022\/10\/15\/reggio-calabria-a-palazzo-alvaro-svolto-il-convegno-ideato-dal-fai\/#primaryimage\",\"url\":\"https:\/\/progettotouring.it\/radiotouring104\/wp-content\/uploads\/sites\/6\/2022\/10\/giornate-fai-1-versace-.jpg\",\"contentUrl\":\"https:\/\/progettotouring.it\/radiotouring104\/wp-content\/uploads\/sites\/6\/2022\/10\/giornate-fai-1-versace-.jpg\",\"width\":931,\"height\":730},{\"@type\":\"BreadcrumbList\",\"@id\":\"https:\/\/progettotouring.it\/radiotouring104\/2022\/10\/15\/reggio-calabria-a-palazzo-alvaro-svolto-il-convegno-ideato-dal-fai\/#breadcrumb\",\"itemListElement\":[{\"@type\":\"ListItem\",\"position\":1,\"name\":\"Home\",\"item\":\"https:\/\/progettotouring.it\/radiotouring104\/\"},{\"@type\":\"ListItem\",\"position\":2,\"name\":\"Reggio Calabria: a Palazzo Alvaro svolto il convegno ideato dal FAI\"}]},{\"@type\":\"WebSite\",\"@id\":\"https:\/\/progettotouring.it\/radiotouring104\/#website\",\"url\":\"https:\/\/progettotouring.it\/radiotouring104\/\",\"name\":\"Radio Touring 104\",\"description\":\"La prima radio Reggina\",\"publisher\":{\"@id\":\"https:\/\/progettotouring.it\/radiotouring104\/#organization\"},\"potentialAction\":[{\"@type\":\"SearchAction\",\"target\":{\"@type\":\"EntryPoint\",\"urlTemplate\":\"https:\/\/progettotouring.it\/radiotouring104\/?s={search_term_string}\"},\"query-input\":{\"@type\":\"PropertyValueSpecification\",\"valueRequired\":true,\"valueName\":\"search_term_string\"}}],\"inLanguage\":\"it-IT\"},{\"@type\":\"Organization\",\"@id\":\"https:\/\/progettotouring.it\/radiotouring104\/#organization\",\"name\":\"Radio Touring 104\",\"url\":\"https:\/\/progettotouring.it\/radiotouring104\/\",\"logo\":{\"@type\":\"ImageObject\",\"inLanguage\":\"it-IT\",\"@id\":\"https:\/\/progettotouring.it\/radiotouring104\/#\/schema\/logo\/image\/\",\"url\":\"https:\/\/progettotouring.it\/radiotouring104\/wp-content\/uploads\/sites\/6\/2022\/02\/cropped-logo-radio-touring-104.png\",\"contentUrl\":\"https:\/\/progettotouring.it\/radiotouring104\/wp-content\/uploads\/sites\/6\/2022\/02\/cropped-logo-radio-touring-104.png\",\"width\":377,\"height\":182,\"caption\":\"Radio Touring 104\"},\"image\":{\"@id\":\"https:\/\/progettotouring.it\/radiotouring104\/#\/schema\/logo\/image\/\"}},{\"@type\":\"Person\",\"@id\":\"https:\/\/progettotouring.it\/radiotouring104\/#\/schema\/person\/4a82259ca52ac8702ad1a8f9e5a3120b\",\"name\":\"Filippo Francesco Idone\",\"image\":{\"@type\":\"ImageObject\",\"inLanguage\":\"it-IT\",\"@id\":\"https:\/\/secure.gravatar.com\/avatar\/7268715d2366395c3dd314385670e6484117d44f5c442e61e230f7008b7b62d3?s=96&d=mm&r=g\",\"url\":\"https:\/\/secure.gravatar.com\/avatar\/7268715d2366395c3dd314385670e6484117d44f5c442e61e230f7008b7b62d3?s=96&d=mm&r=g\",\"contentUrl\":\"https:\/\/secure.gravatar.com\/avatar\/7268715d2366395c3dd314385670e6484117d44f5c442e61e230f7008b7b62d3?s=96&d=mm&r=g\",\"caption\":\"Filippo Francesco Idone\"},\"url\":\"https:\/\/progettotouring.it\/radiotouring104\/author\/filippoidone\/\"}]}<\/script>\n<!-- \/ Yoast SEO plugin. -->","yoast_head_json":{"title":"Reggio Calabria: a Palazzo Alvaro svolto il convegno ideato dal FAI","description":"A Palazzo Alvaro si \u00e8 svolto il convegno del FAI dal titolo \u201cI Gagini di Bissone e la scultura del rinascimento tra Sicilia e Calabria\u201d","robots":{"index":"index","follow":"follow","max-snippet":"max-snippet:-1","max-image-preview":"max-image-preview:large","max-video-preview":"max-video-preview:-1"},"canonical":"https:\/\/progettotouring.it\/radiotouring104\/2022\/10\/15\/reggio-calabria-a-palazzo-alvaro-svolto-il-convegno-ideato-dal-fai\/","og_locale":"it_IT","og_type":"article","og_title":"Reggio Calabria: a Palazzo Alvaro svolto il convegno ideato dal FAI","og_description":"A Palazzo Alvaro si \u00e8 svolto il convegno del FAI dal titolo \u201cI Gagini di Bissone e la scultura del rinascimento tra Sicilia e Calabria\u201d","og_url":"https:\/\/progettotouring.it\/radiotouring104\/2022\/10\/15\/reggio-calabria-a-palazzo-alvaro-svolto-il-convegno-ideato-dal-fai\/","og_site_name":"Radio Touring 104","article_published_time":"2022-10-15T08:47:48+00:00","article_modified_time":"2022-10-17T11:53:03+00:00","og_image":[{"width":931,"height":730,"url":"https:\/\/progettotouring.it\/radiotouring104\/wp-content\/uploads\/sites\/6\/2022\/10\/giornate-fai-1-versace-.jpg","type":"image\/jpeg"}],"author":"Filippo Francesco Idone","twitter_card":"summary_large_image","twitter_misc":{"Scritto da":"Filippo Francesco Idone","Tempo di lettura stimato":"2 minuti"},"schema":{"@context":"https:\/\/schema.org","@graph":[{"@type":"Article","@id":"https:\/\/progettotouring.it\/radiotouring104\/2022\/10\/15\/reggio-calabria-a-palazzo-alvaro-svolto-il-convegno-ideato-dal-fai\/#article","isPartOf":{"@id":"https:\/\/progettotouring.it\/radiotouring104\/2022\/10\/15\/reggio-calabria-a-palazzo-alvaro-svolto-il-convegno-ideato-dal-fai\/"},"author":{"name":"Filippo Francesco Idone","@id":"https:\/\/progettotouring.it\/radiotouring104\/#\/schema\/person\/4a82259ca52ac8702ad1a8f9e5a3120b"},"headline":"Reggio Calabria: a Palazzo Alvaro svolto il convegno ideato dal FAI","datePublished":"2022-10-15T08:47:48+00:00","dateModified":"2022-10-17T11:53:03+00:00","mainEntityOfPage":{"@id":"https:\/\/progettotouring.it\/radiotouring104\/2022\/10\/15\/reggio-calabria-a-palazzo-alvaro-svolto-il-convegno-ideato-dal-fai\/"},"wordCount":377,"commentCount":0,"publisher":{"@id":"https:\/\/progettotouring.it\/radiotouring104\/#organization"},"image":{"@id":"https:\/\/progettotouring.it\/radiotouring104\/2022\/10\/15\/reggio-calabria-a-palazzo-alvaro-svolto-il-convegno-ideato-dal-fai\/#primaryimage"},"thumbnailUrl":"https:\/\/progettotouring.it\/radiotouring104\/wp-content\/uploads\/sites\/6\/2022\/10\/giornate-fai-1-versace-.jpg","keywords":["Beni Culturali Locri-Gerace","carmelo versace","Citt\u00e0 metropolitana","FAI","reggio calabria"],"articleSection":["Home","News","Reggio Calabria"],"inLanguage":"it-IT","potentialAction":[{"@type":"CommentAction","name":"Comment","target":["https:\/\/progettotouring.it\/radiotouring104\/2022\/10\/15\/reggio-calabria-a-palazzo-alvaro-svolto-il-convegno-ideato-dal-fai\/#respond"]}]},{"@type":"WebPage","@id":"https:\/\/progettotouring.it\/radiotouring104\/2022\/10\/15\/reggio-calabria-a-palazzo-alvaro-svolto-il-convegno-ideato-dal-fai\/","url":"https:\/\/progettotouring.it\/radiotouring104\/2022\/10\/15\/reggio-calabria-a-palazzo-alvaro-svolto-il-convegno-ideato-dal-fai\/","name":"Reggio Calabria: a Palazzo Alvaro svolto il convegno ideato dal FAI","isPartOf":{"@id":"https:\/\/progettotouring.it\/radiotouring104\/#website"},"primaryImageOfPage":{"@id":"https:\/\/progettotouring.it\/radiotouring104\/2022\/10\/15\/reggio-calabria-a-palazzo-alvaro-svolto-il-convegno-ideato-dal-fai\/#primaryimage"},"image":{"@id":"https:\/\/progettotouring.it\/radiotouring104\/2022\/10\/15\/reggio-calabria-a-palazzo-alvaro-svolto-il-convegno-ideato-dal-fai\/#primaryimage"},"thumbnailUrl":"https:\/\/progettotouring.it\/radiotouring104\/wp-content\/uploads\/sites\/6\/2022\/10\/giornate-fai-1-versace-.jpg","datePublished":"2022-10-15T08:47:48+00:00","dateModified":"2022-10-17T11:53:03+00:00","description":"A Palazzo Alvaro si \u00e8 svolto il convegno del FAI dal titolo \u201cI Gagini di Bissone e la scultura del rinascimento tra Sicilia e Calabria\u201d","breadcrumb":{"@id":"https:\/\/progettotouring.it\/radiotouring104\/2022\/10\/15\/reggio-calabria-a-palazzo-alvaro-svolto-il-convegno-ideato-dal-fai\/#breadcrumb"},"inLanguage":"it-IT","potentialAction":[{"@type":"ReadAction","target":["https:\/\/progettotouring.it\/radiotouring104\/2022\/10\/15\/reggio-calabria-a-palazzo-alvaro-svolto-il-convegno-ideato-dal-fai\/"]}]},{"@type":"ImageObject","inLanguage":"it-IT","@id":"https:\/\/progettotouring.it\/radiotouring104\/2022\/10\/15\/reggio-calabria-a-palazzo-alvaro-svolto-il-convegno-ideato-dal-fai\/#primaryimage","url":"https:\/\/progettotouring.it\/radiotouring104\/wp-content\/uploads\/sites\/6\/2022\/10\/giornate-fai-1-versace-.jpg","contentUrl":"https:\/\/progettotouring.it\/radiotouring104\/wp-content\/uploads\/sites\/6\/2022\/10\/giornate-fai-1-versace-.jpg","width":931,"height":730},{"@type":"BreadcrumbList","@id":"https:\/\/progettotouring.it\/radiotouring104\/2022\/10\/15\/reggio-calabria-a-palazzo-alvaro-svolto-il-convegno-ideato-dal-fai\/#breadcrumb","itemListElement":[{"@type":"ListItem","position":1,"name":"Home","item":"https:\/\/progettotouring.it\/radiotouring104\/"},{"@type":"ListItem","position":2,"name":"Reggio Calabria: a Palazzo Alvaro svolto il convegno ideato dal FAI"}]},{"@type":"WebSite","@id":"https:\/\/progettotouring.it\/radiotouring104\/#website","url":"https:\/\/progettotouring.it\/radiotouring104\/","name":"Radio Touring 104","description":"La prima radio Reggina","publisher":{"@id":"https:\/\/progettotouring.it\/radiotouring104\/#organization"},"potentialAction":[{"@type":"SearchAction","target":{"@type":"EntryPoint","urlTemplate":"https:\/\/progettotouring.it\/radiotouring104\/?s={search_term_string}"},"query-input":{"@type":"PropertyValueSpecification","valueRequired":true,"valueName":"search_term_string"}}],"inLanguage":"it-IT"},{"@type":"Organization","@id":"https:\/\/progettotouring.it\/radiotouring104\/#organization","name":"Radio Touring 104","url":"https:\/\/progettotouring.it\/radiotouring104\/","logo":{"@type":"ImageObject","inLanguage":"it-IT","@id":"https:\/\/progettotouring.it\/radiotouring104\/#\/schema\/logo\/image\/","url":"https:\/\/progettotouring.it\/radiotouring104\/wp-content\/uploads\/sites\/6\/2022\/02\/cropped-logo-radio-touring-104.png","contentUrl":"https:\/\/progettotouring.it\/radiotouring104\/wp-content\/uploads\/sites\/6\/2022\/02\/cropped-logo-radio-touring-104.png","width":377,"height":182,"caption":"Radio Touring 104"},"image":{"@id":"https:\/\/progettotouring.it\/radiotouring104\/#\/schema\/logo\/image\/"}},{"@type":"Person","@id":"https:\/\/progettotouring.it\/radiotouring104\/#\/schema\/person\/4a82259ca52ac8702ad1a8f9e5a3120b","name":"Filippo Francesco Idone","image":{"@type":"ImageObject","inLanguage":"it-IT","@id":"https:\/\/secure.gravatar.com\/avatar\/7268715d2366395c3dd314385670e6484117d44f5c442e61e230f7008b7b62d3?s=96&d=mm&r=g","url":"https:\/\/secure.gravatar.com\/avatar\/7268715d2366395c3dd314385670e6484117d44f5c442e61e230f7008b7b62d3?s=96&d=mm&r=g","contentUrl":"https:\/\/secure.gravatar.com\/avatar\/7268715d2366395c3dd314385670e6484117d44f5c442e61e230f7008b7b62d3?s=96&d=mm&r=g","caption":"Filippo Francesco Idone"},"url":"https:\/\/progettotouring.it\/radiotouring104\/author\/filippoidone\/"}]}},"jetpack_publicize_connections":[],"jetpack_featured_media_url":"https:\/\/progettotouring.it\/radiotouring104\/wp-content\/uploads\/sites\/6\/2022\/10\/giornate-fai-1-versace-.jpg","jetpack_sharing_enabled":true,"_links":{"self":[{"href":"https:\/\/progettotouring.it\/radiotouring104\/wp-json\/wp\/v2\/posts\/10647","targetHints":{"allow":["GET"]}}],"collection":[{"href":"https:\/\/progettotouring.it\/radiotouring104\/wp-json\/wp\/v2\/posts"}],"about":[{"href":"https:\/\/progettotouring.it\/radiotouring104\/wp-json\/wp\/v2\/types\/post"}],"author":[{"embeddable":true,"href":"https:\/\/progettotouring.it\/radiotouring104\/wp-json\/wp\/v2\/users\/8"}],"replies":[{"embeddable":true,"href":"https:\/\/progettotouring.it\/radiotouring104\/wp-json\/wp\/v2\/comments?post=10647"}],"version-history":[{"count":1,"href":"https:\/\/progettotouring.it\/radiotouring104\/wp-json\/wp\/v2\/posts\/10647\/revisions"}],"predecessor-version":[{"id":10649,"href":"https:\/\/progettotouring.it\/radiotouring104\/wp-json\/wp\/v2\/posts\/10647\/revisions\/10649"}],"wp:featuredmedia":[{"embeddable":true,"href":"https:\/\/progettotouring.it\/radiotouring104\/wp-json\/wp\/v2\/media\/10648"}],"wp:attachment":[{"href":"https:\/\/progettotouring.it\/radiotouring104\/wp-json\/wp\/v2\/media?parent=10647"}],"wp:term":[{"taxonomy":"category","embeddable":true,"href":"https:\/\/progettotouring.it\/radiotouring104\/wp-json\/wp\/v2\/categories?post=10647"},{"taxonomy":"post_tag","embeddable":true,"href":"https:\/\/progettotouring.it\/radiotouring104\/wp-json\/wp\/v2\/tags?post=10647"}],"curies":[{"name":"wp","href":"https:\/\/api.w.org\/{rel}","templated":true}]}}