{"id":10650,"date":"2022-10-17T13:55:50","date_gmt":"2022-10-17T11:55:50","guid":{"rendered":"https:\/\/progettotouring.it\/radiotouring104\/?p=10650"},"modified":"2022-10-17T13:55:50","modified_gmt":"2022-10-17T11:55:50","slug":"palmi-saverio-gioffre-allarmista-sulle-sorti-dellospedale-cittadino","status":"publish","type":"post","link":"https:\/\/progettotouring.it\/radiotouring104\/2022\/10\/17\/palmi-saverio-gioffre-allarmista-sulle-sorti-dellospedale-cittadino\/","title":{"rendered":"Palmi: Saverio Gioffr\u00e8 allarmista sulle sorti dell&#8217;Ospedale cittadino"},"content":{"rendered":"<p style=\"text-align: justify\"><strong>La citt\u00e0 di Palmi e la piana tutta, sono allo stremo.<\/strong> La gente non sa pi\u00f9 a che santo votarsi; sappiamo di persone che pur di non affrontare estenuanti file al pronto soccorso di <strong>Polistena<\/strong>, hanno evitato di mettersi i punti di sutura su un taglio da motosega, arrangiandosi con fasciature fai da te e cure improvvisate. Probabilmente sar\u00e0 un caso limite, ma, la dice lunga sulla frustrazione ed il senso d\u2019impotenza nel quale ormai \u00e8 immersa un\u2019intera comunit\u00e0. Ad uscire da questa situazione sicuramente non aiuta il silenzio del presidente occhiuto in merito alla situazione sanitaria nella piana. Qualche giorno fa, infatti, il Presidente nell\u2019illustrazione dello stato dell\u2019arte dell\u2019iter di costruzione degli ospedali calabresi, in un video che ha spopolato sui social,taceva circa la situazione dell\u2019Ospedale Palmese. A questo punto, come comprensibile la preoccupazione in citt\u00e0 e nella piana tutta e\u2019 palpabile. Aver parlato degli altri ospedali calabresi senza aver preso in considerazione il nosocomio cittadino ha mandato in fibrillazione l\u2019intero territorio, preoccupato che anche la speranza che in prossimo futuro possa finalmente vedere la luce il nuovo ospedale della Piana sia persa. Dopo la chiusura del vecchio ospedale, dopo la chiusura l\u2019estate scorsa anche del punto di primo intervento, chiusura, contro la quale il nostro circolo ha promosso una raccolta firme, rimasta ad oggi senza alcuna risposta, perdere anche la flebile speranza che si possa almeno avere il nuovo ospedale ha esacerbato gli animi. <strong>La gente \u00e8 stanca, di non avere luoghi di cura e non sopporta pi\u00f9 di vedersi privare di un sacrosanto diritto costituzionale.<\/strong> Ancora una volta, chiediamo al Presidente e Commissario alla sanit\u00e0 On. Occhiuto, di prendere una posizione chiara sulla sanit\u00e0 nella piana ed in particolare sul nuovo ospedale di Palmi. La corda \u00e8 molto tesa e prossima alla rottura, intervenga con chiarezza prima che sia troppo tardi.<\/p>\n","protected":false},"excerpt":{"rendered":"<p>La citt\u00e0 di Palmi e la piana tutta, sono allo stremo. La gente non sa pi\u00f9 a che santo votarsi; sappiamo di persone che pur di non affrontare estenuanti file&hellip;<\/p>\n","protected":false},"author":8,"featured_media":6290,"comment_status":"open","ping_status":"open","sticky":false,"template":"","format":"standard","meta":{"_jetpack_memberships_contains_paid_content":false,"footnotes":"","jetpack_publicize_message":"","jetpack_publicize_feature_enabled":true,"jetpack_social_post_already_shared":false,"jetpack_social_options":{"image_generator_settings":{"template":"highway","default_image_id":0,"font":"","enabled":false},"version":2}},"categories":[921,196,140],"tags":[2307,4838],"class_list":["post-10650","post","type-post","status-publish","format-standard","has-post-thumbnail","hentry","category-home","category-news","category-reggio-calabria","tag-occhiuto","tag-ospedale-palmi"],"yoast_head":"<!-- This site is optimized with the Yoast SEO plugin v27.2 - https:\/\/yoast.com\/product\/yoast-seo-wordpress\/ -->\n<title>Palmi: Saverio Gioffr\u00e8 allarmista sulle sorti dell&#039;Ospedale cittadino<\/title>\n<meta name=\"description\" content=\"Saverio Gioffr\u00e8, commissario del circolo FDI Palmi, \u00e8 allarmista sulla situazione riguardante l&#039;Ospedale cittadino\" \/>\n<meta name=\"robots\" content=\"index, follow, max-snippet:-1, max-image-preview:large, max-video-preview:-1\" \/>\n<link rel=\"canonical\" href=\"https:\/\/progettotouring.it\/radiotouring104\/2022\/10\/17\/palmi-saverio-gioffre-allarmista-sulle-sorti-dellospedale-cittadino\/\" \/>\n<meta property=\"og:locale\" content=\"it_IT\" \/>\n<meta property=\"og:type\" content=\"article\" \/>\n<meta property=\"og:title\" content=\"Palmi: Saverio Gioffr\u00e8 allarmista sulle sorti dell&#039;Ospedale cittadino\" \/>\n<meta property=\"og:description\" content=\"Saverio Gioffr\u00e8, commissario del circolo FDI Palmi, \u00e8 allarmista sulla situazione riguardante l&#039;Ospedale cittadino\" \/>\n<meta property=\"og:url\" content=\"https:\/\/progettotouring.it\/radiotouring104\/2022\/10\/17\/palmi-saverio-gioffre-allarmista-sulle-sorti-dellospedale-cittadino\/\" \/>\n<meta property=\"og:site_name\" content=\"Radio Touring 104\" \/>\n<meta property=\"article:published_time\" content=\"2022-10-17T11:55:50+00:00\" \/>\n<meta property=\"og:image\" content=\"https:\/\/progettotouring.it\/radiotouring104\/wp-content\/uploads\/sites\/6\/2022\/06\/ospedale-della-piana.jpg\" \/>\n\t<meta property=\"og:image:width\" content=\"1767\" \/>\n\t<meta property=\"og:image:height\" content=\"1080\" \/>\n\t<meta property=\"og:image:type\" content=\"image\/jpeg\" \/>\n<meta name=\"author\" content=\"Filippo Francesco Idone\" \/>\n<meta name=\"twitter:card\" content=\"summary_large_image\" \/>\n<meta name=\"twitter:label1\" content=\"Scritto da\" \/>\n\t<meta name=\"twitter:data1\" content=\"Filippo Francesco Idone\" \/>\n\t<meta name=\"twitter:label2\" content=\"Tempo di lettura stimato\" \/>\n\t<meta name=\"twitter:data2\" content=\"2 minuti\" \/>\n<script type=\"application\/ld+json\" class=\"yoast-schema-graph\">{\"@context\":\"https:\/\/schema.org\",\"@graph\":[{\"@type\":\"Article\",\"@id\":\"https:\/\/progettotouring.it\/radiotouring104\/2022\/10\/17\/palmi-saverio-gioffre-allarmista-sulle-sorti-dellospedale-cittadino\/#article\",\"isPartOf\":{\"@id\":\"https:\/\/progettotouring.it\/radiotouring104\/2022\/10\/17\/palmi-saverio-gioffre-allarmista-sulle-sorti-dellospedale-cittadino\/\"},\"author\":{\"name\":\"Filippo Francesco Idone\",\"@id\":\"https:\/\/progettotouring.it\/radiotouring104\/#\/schema\/person\/4a82259ca52ac8702ad1a8f9e5a3120b\"},\"headline\":\"Palmi: Saverio Gioffr\u00e8 allarmista sulle sorti dell&#8217;Ospedale cittadino\",\"datePublished\":\"2022-10-17T11:55:50+00:00\",\"mainEntityOfPage\":{\"@id\":\"https:\/\/progettotouring.it\/radiotouring104\/2022\/10\/17\/palmi-saverio-gioffre-allarmista-sulle-sorti-dellospedale-cittadino\/\"},\"wordCount\":318,\"commentCount\":0,\"publisher\":{\"@id\":\"https:\/\/progettotouring.it\/radiotouring104\/#organization\"},\"image\":{\"@id\":\"https:\/\/progettotouring.it\/radiotouring104\/2022\/10\/17\/palmi-saverio-gioffre-allarmista-sulle-sorti-dellospedale-cittadino\/#primaryimage\"},\"thumbnailUrl\":\"https:\/\/progettotouring.it\/radiotouring104\/wp-content\/uploads\/sites\/6\/2022\/06\/ospedale-della-piana.jpg\",\"keywords\":[\"Occhiuto\",\"ospedale palmi\"],\"articleSection\":[\"Home\",\"News\",\"Reggio Calabria\"],\"inLanguage\":\"it-IT\",\"potentialAction\":[{\"@type\":\"CommentAction\",\"name\":\"Comment\",\"target\":[\"https:\/\/progettotouring.it\/radiotouring104\/2022\/10\/17\/palmi-saverio-gioffre-allarmista-sulle-sorti-dellospedale-cittadino\/#respond\"]}]},{\"@type\":\"WebPage\",\"@id\":\"https:\/\/progettotouring.it\/radiotouring104\/2022\/10\/17\/palmi-saverio-gioffre-allarmista-sulle-sorti-dellospedale-cittadino\/\",\"url\":\"https:\/\/progettotouring.it\/radiotouring104\/2022\/10\/17\/palmi-saverio-gioffre-allarmista-sulle-sorti-dellospedale-cittadino\/\",\"name\":\"Palmi: Saverio Gioffr\u00e8 allarmista sulle sorti dell'Ospedale cittadino\",\"isPartOf\":{\"@id\":\"https:\/\/progettotouring.it\/radiotouring104\/#website\"},\"primaryImageOfPage\":{\"@id\":\"https:\/\/progettotouring.it\/radiotouring104\/2022\/10\/17\/palmi-saverio-gioffre-allarmista-sulle-sorti-dellospedale-cittadino\/#primaryimage\"},\"image\":{\"@id\":\"https:\/\/progettotouring.it\/radiotouring104\/2022\/10\/17\/palmi-saverio-gioffre-allarmista-sulle-sorti-dellospedale-cittadino\/#primaryimage\"},\"thumbnailUrl\":\"https:\/\/progettotouring.it\/radiotouring104\/wp-content\/uploads\/sites\/6\/2022\/06\/ospedale-della-piana.jpg\",\"datePublished\":\"2022-10-17T11:55:50+00:00\",\"description\":\"Saverio Gioffr\u00e8, commissario del circolo FDI Palmi, \u00e8 allarmista sulla situazione riguardante l'Ospedale cittadino\",\"breadcrumb\":{\"@id\":\"https:\/\/progettotouring.it\/radiotouring104\/2022\/10\/17\/palmi-saverio-gioffre-allarmista-sulle-sorti-dellospedale-cittadino\/#breadcrumb\"},\"inLanguage\":\"it-IT\",\"potentialAction\":[{\"@type\":\"ReadAction\",\"target\":[\"https:\/\/progettotouring.it\/radiotouring104\/2022\/10\/17\/palmi-saverio-gioffre-allarmista-sulle-sorti-dellospedale-cittadino\/\"]}]},{\"@type\":\"ImageObject\",\"inLanguage\":\"it-IT\",\"@id\":\"https:\/\/progettotouring.it\/radiotouring104\/2022\/10\/17\/palmi-saverio-gioffre-allarmista-sulle-sorti-dellospedale-cittadino\/#primaryimage\",\"url\":\"https:\/\/progettotouring.it\/radiotouring104\/wp-content\/uploads\/sites\/6\/2022\/06\/ospedale-della-piana.jpg\",\"contentUrl\":\"https:\/\/progettotouring.it\/radiotouring104\/wp-content\/uploads\/sites\/6\/2022\/06\/ospedale-della-piana.jpg\",\"width\":1767,\"height\":1080},{\"@type\":\"BreadcrumbList\",\"@id\":\"https:\/\/progettotouring.it\/radiotouring104\/2022\/10\/17\/palmi-saverio-gioffre-allarmista-sulle-sorti-dellospedale-cittadino\/#breadcrumb\",\"itemListElement\":[{\"@type\":\"ListItem\",\"position\":1,\"name\":\"Home\",\"item\":\"https:\/\/progettotouring.it\/radiotouring104\/\"},{\"@type\":\"ListItem\",\"position\":2,\"name\":\"Palmi: Saverio Gioffr\u00e8 allarmista sulle sorti dell&#8217;Ospedale cittadino\"}]},{\"@type\":\"WebSite\",\"@id\":\"https:\/\/progettotouring.it\/radiotouring104\/#website\",\"url\":\"https:\/\/progettotouring.it\/radiotouring104\/\",\"name\":\"Radio Touring 104\",\"description\":\"La prima radio Reggina\",\"publisher\":{\"@id\":\"https:\/\/progettotouring.it\/radiotouring104\/#organization\"},\"potentialAction\":[{\"@type\":\"SearchAction\",\"target\":{\"@type\":\"EntryPoint\",\"urlTemplate\":\"https:\/\/progettotouring.it\/radiotouring104\/?s={search_term_string}\"},\"query-input\":{\"@type\":\"PropertyValueSpecification\",\"valueRequired\":true,\"valueName\":\"search_term_string\"}}],\"inLanguage\":\"it-IT\"},{\"@type\":\"Organization\",\"@id\":\"https:\/\/progettotouring.it\/radiotouring104\/#organization\",\"name\":\"Radio Touring 104\",\"url\":\"https:\/\/progettotouring.it\/radiotouring104\/\",\"logo\":{\"@type\":\"ImageObject\",\"inLanguage\":\"it-IT\",\"@id\":\"https:\/\/progettotouring.it\/radiotouring104\/#\/schema\/logo\/image\/\",\"url\":\"https:\/\/progettotouring.it\/radiotouring104\/wp-content\/uploads\/sites\/6\/2022\/02\/cropped-logo-radio-touring-104.png\",\"contentUrl\":\"https:\/\/progettotouring.it\/radiotouring104\/wp-content\/uploads\/sites\/6\/2022\/02\/cropped-logo-radio-touring-104.png\",\"width\":377,\"height\":182,\"caption\":\"Radio Touring 104\"},\"image\":{\"@id\":\"https:\/\/progettotouring.it\/radiotouring104\/#\/schema\/logo\/image\/\"}},{\"@type\":\"Person\",\"@id\":\"https:\/\/progettotouring.it\/radiotouring104\/#\/schema\/person\/4a82259ca52ac8702ad1a8f9e5a3120b\",\"name\":\"Filippo Francesco Idone\",\"image\":{\"@type\":\"ImageObject\",\"inLanguage\":\"it-IT\",\"@id\":\"https:\/\/secure.gravatar.com\/avatar\/7268715d2366395c3dd314385670e6484117d44f5c442e61e230f7008b7b62d3?s=96&d=mm&r=g\",\"url\":\"https:\/\/secure.gravatar.com\/avatar\/7268715d2366395c3dd314385670e6484117d44f5c442e61e230f7008b7b62d3?s=96&d=mm&r=g\",\"contentUrl\":\"https:\/\/secure.gravatar.com\/avatar\/7268715d2366395c3dd314385670e6484117d44f5c442e61e230f7008b7b62d3?s=96&d=mm&r=g\",\"caption\":\"Filippo Francesco Idone\"},\"url\":\"https:\/\/progettotouring.it\/radiotouring104\/author\/filippoidone\/\"}]}<\/script>\n<!-- \/ Yoast SEO plugin. -->","yoast_head_json":{"title":"Palmi: Saverio Gioffr\u00e8 allarmista sulle sorti dell'Ospedale cittadino","description":"Saverio Gioffr\u00e8, commissario del circolo FDI Palmi, \u00e8 allarmista sulla situazione riguardante l'Ospedale cittadino","robots":{"index":"index","follow":"follow","max-snippet":"max-snippet:-1","max-image-preview":"max-image-preview:large","max-video-preview":"max-video-preview:-1"},"canonical":"https:\/\/progettotouring.it\/radiotouring104\/2022\/10\/17\/palmi-saverio-gioffre-allarmista-sulle-sorti-dellospedale-cittadino\/","og_locale":"it_IT","og_type":"article","og_title":"Palmi: Saverio Gioffr\u00e8 allarmista sulle sorti dell'Ospedale cittadino","og_description":"Saverio Gioffr\u00e8, commissario del circolo FDI Palmi, \u00e8 allarmista sulla situazione riguardante l'Ospedale cittadino","og_url":"https:\/\/progettotouring.it\/radiotouring104\/2022\/10\/17\/palmi-saverio-gioffre-allarmista-sulle-sorti-dellospedale-cittadino\/","og_site_name":"Radio Touring 104","article_published_time":"2022-10-17T11:55:50+00:00","og_image":[{"width":1767,"height":1080,"url":"https:\/\/progettotouring.it\/radiotouring104\/wp-content\/uploads\/sites\/6\/2022\/06\/ospedale-della-piana.jpg","type":"image\/jpeg"}],"author":"Filippo Francesco Idone","twitter_card":"summary_large_image","twitter_misc":{"Scritto da":"Filippo Francesco Idone","Tempo di lettura stimato":"2 minuti"},"schema":{"@context":"https:\/\/schema.org","@graph":[{"@type":"Article","@id":"https:\/\/progettotouring.it\/radiotouring104\/2022\/10\/17\/palmi-saverio-gioffre-allarmista-sulle-sorti-dellospedale-cittadino\/#article","isPartOf":{"@id":"https:\/\/progettotouring.it\/radiotouring104\/2022\/10\/17\/palmi-saverio-gioffre-allarmista-sulle-sorti-dellospedale-cittadino\/"},"author":{"name":"Filippo Francesco Idone","@id":"https:\/\/progettotouring.it\/radiotouring104\/#\/schema\/person\/4a82259ca52ac8702ad1a8f9e5a3120b"},"headline":"Palmi: Saverio Gioffr\u00e8 allarmista sulle sorti dell&#8217;Ospedale cittadino","datePublished":"2022-10-17T11:55:50+00:00","mainEntityOfPage":{"@id":"https:\/\/progettotouring.it\/radiotouring104\/2022\/10\/17\/palmi-saverio-gioffre-allarmista-sulle-sorti-dellospedale-cittadino\/"},"wordCount":318,"commentCount":0,"publisher":{"@id":"https:\/\/progettotouring.it\/radiotouring104\/#organization"},"image":{"@id":"https:\/\/progettotouring.it\/radiotouring104\/2022\/10\/17\/palmi-saverio-gioffre-allarmista-sulle-sorti-dellospedale-cittadino\/#primaryimage"},"thumbnailUrl":"https:\/\/progettotouring.it\/radiotouring104\/wp-content\/uploads\/sites\/6\/2022\/06\/ospedale-della-piana.jpg","keywords":["Occhiuto","ospedale palmi"],"articleSection":["Home","News","Reggio Calabria"],"inLanguage":"it-IT","potentialAction":[{"@type":"CommentAction","name":"Comment","target":["https:\/\/progettotouring.it\/radiotouring104\/2022\/10\/17\/palmi-saverio-gioffre-allarmista-sulle-sorti-dellospedale-cittadino\/#respond"]}]},{"@type":"WebPage","@id":"https:\/\/progettotouring.it\/radiotouring104\/2022\/10\/17\/palmi-saverio-gioffre-allarmista-sulle-sorti-dellospedale-cittadino\/","url":"https:\/\/progettotouring.it\/radiotouring104\/2022\/10\/17\/palmi-saverio-gioffre-allarmista-sulle-sorti-dellospedale-cittadino\/","name":"Palmi: Saverio Gioffr\u00e8 allarmista sulle sorti dell'Ospedale cittadino","isPartOf":{"@id":"https:\/\/progettotouring.it\/radiotouring104\/#website"},"primaryImageOfPage":{"@id":"https:\/\/progettotouring.it\/radiotouring104\/2022\/10\/17\/palmi-saverio-gioffre-allarmista-sulle-sorti-dellospedale-cittadino\/#primaryimage"},"image":{"@id":"https:\/\/progettotouring.it\/radiotouring104\/2022\/10\/17\/palmi-saverio-gioffre-allarmista-sulle-sorti-dellospedale-cittadino\/#primaryimage"},"thumbnailUrl":"https:\/\/progettotouring.it\/radiotouring104\/wp-content\/uploads\/sites\/6\/2022\/06\/ospedale-della-piana.jpg","datePublished":"2022-10-17T11:55:50+00:00","description":"Saverio Gioffr\u00e8, commissario del circolo FDI Palmi, \u00e8 allarmista sulla situazione riguardante l'Ospedale cittadino","breadcrumb":{"@id":"https:\/\/progettotouring.it\/radiotouring104\/2022\/10\/17\/palmi-saverio-gioffre-allarmista-sulle-sorti-dellospedale-cittadino\/#breadcrumb"},"inLanguage":"it-IT","potentialAction":[{"@type":"ReadAction","target":["https:\/\/progettotouring.it\/radiotouring104\/2022\/10\/17\/palmi-saverio-gioffre-allarmista-sulle-sorti-dellospedale-cittadino\/"]}]},{"@type":"ImageObject","inLanguage":"it-IT","@id":"https:\/\/progettotouring.it\/radiotouring104\/2022\/10\/17\/palmi-saverio-gioffre-allarmista-sulle-sorti-dellospedale-cittadino\/#primaryimage","url":"https:\/\/progettotouring.it\/radiotouring104\/wp-content\/uploads\/sites\/6\/2022\/06\/ospedale-della-piana.jpg","contentUrl":"https:\/\/progettotouring.it\/radiotouring104\/wp-content\/uploads\/sites\/6\/2022\/06\/ospedale-della-piana.jpg","width":1767,"height":1080},{"@type":"BreadcrumbList","@id":"https:\/\/progettotouring.it\/radiotouring104\/2022\/10\/17\/palmi-saverio-gioffre-allarmista-sulle-sorti-dellospedale-cittadino\/#breadcrumb","itemListElement":[{"@type":"ListItem","position":1,"name":"Home","item":"https:\/\/progettotouring.it\/radiotouring104\/"},{"@type":"ListItem","position":2,"name":"Palmi: Saverio Gioffr\u00e8 allarmista sulle sorti dell&#8217;Ospedale cittadino"}]},{"@type":"WebSite","@id":"https:\/\/progettotouring.it\/radiotouring104\/#website","url":"https:\/\/progettotouring.it\/radiotouring104\/","name":"Radio Touring 104","description":"La prima radio Reggina","publisher":{"@id":"https:\/\/progettotouring.it\/radiotouring104\/#organization"},"potentialAction":[{"@type":"SearchAction","target":{"@type":"EntryPoint","urlTemplate":"https:\/\/progettotouring.it\/radiotouring104\/?s={search_term_string}"},"query-input":{"@type":"PropertyValueSpecification","valueRequired":true,"valueName":"search_term_string"}}],"inLanguage":"it-IT"},{"@type":"Organization","@id":"https:\/\/progettotouring.it\/radiotouring104\/#organization","name":"Radio Touring 104","url":"https:\/\/progettotouring.it\/radiotouring104\/","logo":{"@type":"ImageObject","inLanguage":"it-IT","@id":"https:\/\/progettotouring.it\/radiotouring104\/#\/schema\/logo\/image\/","url":"https:\/\/progettotouring.it\/radiotouring104\/wp-content\/uploads\/sites\/6\/2022\/02\/cropped-logo-radio-touring-104.png","contentUrl":"https:\/\/progettotouring.it\/radiotouring104\/wp-content\/uploads\/sites\/6\/2022\/02\/cropped-logo-radio-touring-104.png","width":377,"height":182,"caption":"Radio Touring 104"},"image":{"@id":"https:\/\/progettotouring.it\/radiotouring104\/#\/schema\/logo\/image\/"}},{"@type":"Person","@id":"https:\/\/progettotouring.it\/radiotouring104\/#\/schema\/person\/4a82259ca52ac8702ad1a8f9e5a3120b","name":"Filippo Francesco Idone","image":{"@type":"ImageObject","inLanguage":"it-IT","@id":"https:\/\/secure.gravatar.com\/avatar\/7268715d2366395c3dd314385670e6484117d44f5c442e61e230f7008b7b62d3?s=96&d=mm&r=g","url":"https:\/\/secure.gravatar.com\/avatar\/7268715d2366395c3dd314385670e6484117d44f5c442e61e230f7008b7b62d3?s=96&d=mm&r=g","contentUrl":"https:\/\/secure.gravatar.com\/avatar\/7268715d2366395c3dd314385670e6484117d44f5c442e61e230f7008b7b62d3?s=96&d=mm&r=g","caption":"Filippo Francesco Idone"},"url":"https:\/\/progettotouring.it\/radiotouring104\/author\/filippoidone\/"}]}},"jetpack_publicize_connections":[],"jetpack_featured_media_url":"https:\/\/progettotouring.it\/radiotouring104\/wp-content\/uploads\/sites\/6\/2022\/06\/ospedale-della-piana.jpg","jetpack_sharing_enabled":true,"_links":{"self":[{"href":"https:\/\/progettotouring.it\/radiotouring104\/wp-json\/wp\/v2\/posts\/10650","targetHints":{"allow":["GET"]}}],"collection":[{"href":"https:\/\/progettotouring.it\/radiotouring104\/wp-json\/wp\/v2\/posts"}],"about":[{"href":"https:\/\/progettotouring.it\/radiotouring104\/wp-json\/wp\/v2\/types\/post"}],"author":[{"embeddable":true,"href":"https:\/\/progettotouring.it\/radiotouring104\/wp-json\/wp\/v2\/users\/8"}],"replies":[{"embeddable":true,"href":"https:\/\/progettotouring.it\/radiotouring104\/wp-json\/wp\/v2\/comments?post=10650"}],"version-history":[{"count":1,"href":"https:\/\/progettotouring.it\/radiotouring104\/wp-json\/wp\/v2\/posts\/10650\/revisions"}],"predecessor-version":[{"id":10651,"href":"https:\/\/progettotouring.it\/radiotouring104\/wp-json\/wp\/v2\/posts\/10650\/revisions\/10651"}],"wp:featuredmedia":[{"embeddable":true,"href":"https:\/\/progettotouring.it\/radiotouring104\/wp-json\/wp\/v2\/media\/6290"}],"wp:attachment":[{"href":"https:\/\/progettotouring.it\/radiotouring104\/wp-json\/wp\/v2\/media?parent=10650"}],"wp:term":[{"taxonomy":"category","embeddable":true,"href":"https:\/\/progettotouring.it\/radiotouring104\/wp-json\/wp\/v2\/categories?post=10650"},{"taxonomy":"post_tag","embeddable":true,"href":"https:\/\/progettotouring.it\/radiotouring104\/wp-json\/wp\/v2\/tags?post=10650"}],"curies":[{"name":"wp","href":"https:\/\/api.w.org\/{rel}","templated":true}]}}