{"id":10652,"date":"2022-10-14T17:56:46","date_gmt":"2022-10-14T15:56:46","guid":{"rendered":"https:\/\/progettotouring.it\/radiotouring104\/?p=10652"},"modified":"2022-10-17T14:02:12","modified_gmt":"2022-10-17T12:02:12","slug":"salvatore-fuda-presente-allincontro-al-municipio-gioiese-metrocity-da-sempre-in-prima-linea-per-garantire-trasparenza-in-materia-di-sicurezza","status":"publish","type":"post","link":"https:\/\/progettotouring.it\/radiotouring104\/2022\/10\/14\/salvatore-fuda-presente-allincontro-al-municipio-gioiese-metrocity-da-sempre-in-prima-linea-per-garantire-trasparenza-in-materia-di-sicurezza\/","title":{"rendered":"Salvatore Fuda presente all&#8217;incontro al Municipio gioiese: &#8220;Metrocity da sempre in prima linea per garantire trasparenza in materia di sicurezza&#8221;"},"content":{"rendered":"<p style=\"text-align: justify\">&#8220;La trasparenza sulle attivit\u00e0 rilevanti in termini di sicurezza ambientale \u00e8 da sempre al primo posto nella programmazione delle azioni in materia di gestione del ciclo integrato dei rifiuti&#8221;. Cosi in una nota il Consigliere metropolitano delegato all&#8217;Ambiente Salvatore Fuda ha commentato l&#8217;importante incontro svoltosi quest&#8217;oggi al Comune di Gioia Tauro. Un tavolo di lavoro, alla presenza del Sindaco di Gioia Tauro Aldo Alessio, dei vertici regionali e territoriali di ArpaCal, dei tecnici degli enti interessati e del gestore dell\u2019impianto che ha dato il via al lavoro per riattivare la pubblicizzazione dei dati derivanti dal monitoraggio ambientale continuo che si sta effettuando sul termovalorizzatore. <em>&#8220;Un incontro importante<\/em> &#8211; ha spiegato Fuda &#8211;<em> che segna l&#8217;ulteriore tappa di un percorso che punta ad un&#8217;attivit\u00e0 di piena trasparenza nei confronti delle comunit\u00e0 e dei cittadini della Piana&#8221;.<\/em><\/p>\n<p style=\"text-align: justify\"><em>&#8220;L&#8217;obiettivo<\/em> &#8211; illustra ancora il consigliere delegato &#8211;<em> \u00e8 quello di riattivare un circuito di monitoraggio, attraverso la diffusione dei dati ambientali che gi\u00e0 si raccolgono quotidianamente per fare in modo che anche i cittadini, oltre che i soggetti deputati, possano in ogni momento avere sotto controllo i dati di emissione dell\u2019impianto. Questo potr\u00e0 avvenire attraverso la sostituzione del pannello di controllo collocato presso Municipio di Gioia Tauro con altro dispositivo nonch\u00e9 sfruttando tutti gli altri canali di comunicazione come le pagine e i profili web istituzionali di degli enti coinvolti&#8221;. <\/em><\/p>\n<p style=\"text-align: justify\"><em>&#8220;Ringrazio i tecnici di <strong>Arpacal<\/strong> e il direttore <strong>Michelangelo<\/strong> <strong>Iannone<\/strong> per l\u2019impegno assunto: la validazione dei dati in tempo quasi reale \u00e8 condizione indispensabile per la loro successiva diffusione. Costruiremo una apposita convenzione dove anche il Comune di Gioia Tauro, al quale va riconosciuto lo sforzo enorme che sta facendo in tema di gestione del servizio di raccolta e smaltimento dei rifiuti, dovr\u00e0 contribuire alla diffusione dei dati. Nonostante l&#8217;incertezza e la condizione di precariet\u00e0 derivante dalla procedura di trasferimento della delega di competenza nei confronti della <strong>Regione Calabri<\/strong><\/em><strong>a<\/strong> &#8211; aggiunge Fuda &#8211; <em>come Citt\u00e0 Metropolitana non abbiamo voluto mollare il processo gi\u00e0 avviato che porter\u00e0 alla pubblicizzazione dei dati del monitoraggio, nel rispetto degli obiettivi fissati nelle linee di mandato che puntano ad un&#8217;autosufficienza del ciclo dei rifiuti sul nostro territorio, nel rispetto del bene supremo della salute dei cittadini che da sempre costituisce la nostra primaria priorit\u00e0&#8221;. <\/em><em>&#8220;Con senso di responsabilit\u00e0<\/em> &#8211; ha concluso il consigliere delegato &#8211; <em>continuiamo a lavorare nell\u2019interesse generale dei cittadini metropolitani\u201d.<\/em><\/p>\n","protected":false},"excerpt":{"rendered":"<p>&#8220;La trasparenza sulle attivit\u00e0 rilevanti in termini di sicurezza ambientale \u00e8 da sempre al primo posto nella programmazione delle azioni in materia di gestione del ciclo integrato dei rifiuti&#8221;. Cosi&hellip;<\/p>\n","protected":false},"author":8,"featured_media":10653,"comment_status":"open","ping_status":"open","sticky":false,"template":"","format":"standard","meta":{"_jetpack_memberships_contains_paid_content":false,"footnotes":"","jetpack_publicize_message":"","jetpack_publicize_feature_enabled":true,"jetpack_social_post_already_shared":false,"jetpack_social_options":{"image_generator_settings":{"template":"highway","default_image_id":0,"font":"","enabled":false},"version":2}},"categories":[921,196,140],"tags":[3620,3286,517,4839,236],"class_list":["post-10652","post","type-post","status-publish","format-standard","has-post-thumbnail","hentry","category-home","category-news","category-reggio-calabria","tag-arpacal","tag-fuda","tag-gioia-tauro","tag-michelangelo-iannone","tag-reggio-calabria"],"yoast_head":"<!-- This site is optimized with the Yoast SEO plugin v27.2 - https:\/\/yoast.com\/product\/yoast-seo-wordpress\/ -->\n<title>Salvatore Fuda presente all&#039;incontro al Municipio gioiese<\/title>\n<meta name=\"description\" content=\"Il Consigliere metropolitano delegato all&#039;Ambiente Salvatore Fuda \u00e8 stato presente all&#039;incontro al Municipio gioiese\" \/>\n<meta name=\"robots\" content=\"index, follow, max-snippet:-1, max-image-preview:large, max-video-preview:-1\" \/>\n<link rel=\"canonical\" href=\"https:\/\/progettotouring.it\/radiotouring104\/2022\/10\/14\/salvatore-fuda-presente-allincontro-al-municipio-gioiese-metrocity-da-sempre-in-prima-linea-per-garantire-trasparenza-in-materia-di-sicurezza\/\" \/>\n<meta property=\"og:locale\" content=\"it_IT\" \/>\n<meta property=\"og:type\" content=\"article\" \/>\n<meta property=\"og:title\" content=\"Salvatore Fuda presente all&#039;incontro al Municipio gioiese\" \/>\n<meta property=\"og:description\" content=\"Il Consigliere metropolitano delegato all&#039;Ambiente Salvatore Fuda \u00e8 stato presente all&#039;incontro al Municipio gioiese\" \/>\n<meta property=\"og:url\" content=\"https:\/\/progettotouring.it\/radiotouring104\/2022\/10\/14\/salvatore-fuda-presente-allincontro-al-municipio-gioiese-metrocity-da-sempre-in-prima-linea-per-garantire-trasparenza-in-materia-di-sicurezza\/\" \/>\n<meta property=\"og:site_name\" content=\"Radio Touring 104\" \/>\n<meta property=\"article:published_time\" content=\"2022-10-14T15:56:46+00:00\" \/>\n<meta property=\"article:modified_time\" content=\"2022-10-17T12:02:12+00:00\" \/>\n<meta property=\"og:image\" content=\"https:\/\/progettotouring.it\/radiotouring104\/wp-content\/uploads\/sites\/6\/2022\/10\/incontro-gioia-tauro-2.jpeg\" \/>\n\t<meta property=\"og:image:width\" content=\"1204\" \/>\n\t<meta property=\"og:image:height\" content=\"697\" \/>\n\t<meta property=\"og:image:type\" content=\"image\/jpeg\" \/>\n<meta name=\"author\" content=\"Filippo Francesco Idone\" \/>\n<meta name=\"twitter:card\" content=\"summary_large_image\" \/>\n<meta name=\"twitter:label1\" content=\"Scritto da\" \/>\n\t<meta name=\"twitter:data1\" content=\"Filippo Francesco Idone\" \/>\n\t<meta name=\"twitter:label2\" content=\"Tempo di lettura stimato\" \/>\n\t<meta name=\"twitter:data2\" content=\"2 minuti\" \/>\n<script type=\"application\/ld+json\" class=\"yoast-schema-graph\">{\"@context\":\"https:\/\/schema.org\",\"@graph\":[{\"@type\":\"Article\",\"@id\":\"https:\/\/progettotouring.it\/radiotouring104\/2022\/10\/14\/salvatore-fuda-presente-allincontro-al-municipio-gioiese-metrocity-da-sempre-in-prima-linea-per-garantire-trasparenza-in-materia-di-sicurezza\/#article\",\"isPartOf\":{\"@id\":\"https:\/\/progettotouring.it\/radiotouring104\/2022\/10\/14\/salvatore-fuda-presente-allincontro-al-municipio-gioiese-metrocity-da-sempre-in-prima-linea-per-garantire-trasparenza-in-materia-di-sicurezza\/\"},\"author\":{\"name\":\"Filippo Francesco Idone\",\"@id\":\"https:\/\/progettotouring.it\/radiotouring104\/#\/schema\/person\/4a82259ca52ac8702ad1a8f9e5a3120b\"},\"headline\":\"Salvatore Fuda presente all&#8217;incontro al Municipio gioiese: &#8220;Metrocity da sempre in prima linea per garantire trasparenza in materia di sicurezza&#8221;\",\"datePublished\":\"2022-10-14T15:56:46+00:00\",\"dateModified\":\"2022-10-17T12:02:12+00:00\",\"mainEntityOfPage\":{\"@id\":\"https:\/\/progettotouring.it\/radiotouring104\/2022\/10\/14\/salvatore-fuda-presente-allincontro-al-municipio-gioiese-metrocity-da-sempre-in-prima-linea-per-garantire-trasparenza-in-materia-di-sicurezza\/\"},\"wordCount\":416,\"commentCount\":0,\"publisher\":{\"@id\":\"https:\/\/progettotouring.it\/radiotouring104\/#organization\"},\"image\":{\"@id\":\"https:\/\/progettotouring.it\/radiotouring104\/2022\/10\/14\/salvatore-fuda-presente-allincontro-al-municipio-gioiese-metrocity-da-sempre-in-prima-linea-per-garantire-trasparenza-in-materia-di-sicurezza\/#primaryimage\"},\"thumbnailUrl\":\"https:\/\/progettotouring.it\/radiotouring104\/wp-content\/uploads\/sites\/6\/2022\/10\/incontro-gioia-tauro-2.jpeg\",\"keywords\":[\"ARPACal\",\"Fuda\",\"Gioia Tauro\",\"Michelangelo Iannone\",\"reggio calabria\"],\"articleSection\":[\"Home\",\"News\",\"Reggio Calabria\"],\"inLanguage\":\"it-IT\",\"potentialAction\":[{\"@type\":\"CommentAction\",\"name\":\"Comment\",\"target\":[\"https:\/\/progettotouring.it\/radiotouring104\/2022\/10\/14\/salvatore-fuda-presente-allincontro-al-municipio-gioiese-metrocity-da-sempre-in-prima-linea-per-garantire-trasparenza-in-materia-di-sicurezza\/#respond\"]}]},{\"@type\":\"WebPage\",\"@id\":\"https:\/\/progettotouring.it\/radiotouring104\/2022\/10\/14\/salvatore-fuda-presente-allincontro-al-municipio-gioiese-metrocity-da-sempre-in-prima-linea-per-garantire-trasparenza-in-materia-di-sicurezza\/\",\"url\":\"https:\/\/progettotouring.it\/radiotouring104\/2022\/10\/14\/salvatore-fuda-presente-allincontro-al-municipio-gioiese-metrocity-da-sempre-in-prima-linea-per-garantire-trasparenza-in-materia-di-sicurezza\/\",\"name\":\"Salvatore Fuda presente all'incontro al Municipio gioiese\",\"isPartOf\":{\"@id\":\"https:\/\/progettotouring.it\/radiotouring104\/#website\"},\"primaryImageOfPage\":{\"@id\":\"https:\/\/progettotouring.it\/radiotouring104\/2022\/10\/14\/salvatore-fuda-presente-allincontro-al-municipio-gioiese-metrocity-da-sempre-in-prima-linea-per-garantire-trasparenza-in-materia-di-sicurezza\/#primaryimage\"},\"image\":{\"@id\":\"https:\/\/progettotouring.it\/radiotouring104\/2022\/10\/14\/salvatore-fuda-presente-allincontro-al-municipio-gioiese-metrocity-da-sempre-in-prima-linea-per-garantire-trasparenza-in-materia-di-sicurezza\/#primaryimage\"},\"thumbnailUrl\":\"https:\/\/progettotouring.it\/radiotouring104\/wp-content\/uploads\/sites\/6\/2022\/10\/incontro-gioia-tauro-2.jpeg\",\"datePublished\":\"2022-10-14T15:56:46+00:00\",\"dateModified\":\"2022-10-17T12:02:12+00:00\",\"description\":\"Il Consigliere metropolitano delegato all'Ambiente Salvatore Fuda \u00e8 stato presente all'incontro al Municipio gioiese\",\"breadcrumb\":{\"@id\":\"https:\/\/progettotouring.it\/radiotouring104\/2022\/10\/14\/salvatore-fuda-presente-allincontro-al-municipio-gioiese-metrocity-da-sempre-in-prima-linea-per-garantire-trasparenza-in-materia-di-sicurezza\/#breadcrumb\"},\"inLanguage\":\"it-IT\",\"potentialAction\":[{\"@type\":\"ReadAction\",\"target\":[\"https:\/\/progettotouring.it\/radiotouring104\/2022\/10\/14\/salvatore-fuda-presente-allincontro-al-municipio-gioiese-metrocity-da-sempre-in-prima-linea-per-garantire-trasparenza-in-materia-di-sicurezza\/\"]}]},{\"@type\":\"ImageObject\",\"inLanguage\":\"it-IT\",\"@id\":\"https:\/\/progettotouring.it\/radiotouring104\/2022\/10\/14\/salvatore-fuda-presente-allincontro-al-municipio-gioiese-metrocity-da-sempre-in-prima-linea-per-garantire-trasparenza-in-materia-di-sicurezza\/#primaryimage\",\"url\":\"https:\/\/progettotouring.it\/radiotouring104\/wp-content\/uploads\/sites\/6\/2022\/10\/incontro-gioia-tauro-2.jpeg\",\"contentUrl\":\"https:\/\/progettotouring.it\/radiotouring104\/wp-content\/uploads\/sites\/6\/2022\/10\/incontro-gioia-tauro-2.jpeg\",\"width\":1204,\"height\":697},{\"@type\":\"BreadcrumbList\",\"@id\":\"https:\/\/progettotouring.it\/radiotouring104\/2022\/10\/14\/salvatore-fuda-presente-allincontro-al-municipio-gioiese-metrocity-da-sempre-in-prima-linea-per-garantire-trasparenza-in-materia-di-sicurezza\/#breadcrumb\",\"itemListElement\":[{\"@type\":\"ListItem\",\"position\":1,\"name\":\"Home\",\"item\":\"https:\/\/progettotouring.it\/radiotouring104\/\"},{\"@type\":\"ListItem\",\"position\":2,\"name\":\"Salvatore Fuda presente all&#8217;incontro al Municipio gioiese: &#8220;Metrocity da sempre in prima linea per garantire trasparenza in materia di sicurezza&#8221;\"}]},{\"@type\":\"WebSite\",\"@id\":\"https:\/\/progettotouring.it\/radiotouring104\/#website\",\"url\":\"https:\/\/progettotouring.it\/radiotouring104\/\",\"name\":\"Radio Touring 104\",\"description\":\"La prima radio Reggina\",\"publisher\":{\"@id\":\"https:\/\/progettotouring.it\/radiotouring104\/#organization\"},\"potentialAction\":[{\"@type\":\"SearchAction\",\"target\":{\"@type\":\"EntryPoint\",\"urlTemplate\":\"https:\/\/progettotouring.it\/radiotouring104\/?s={search_term_string}\"},\"query-input\":{\"@type\":\"PropertyValueSpecification\",\"valueRequired\":true,\"valueName\":\"search_term_string\"}}],\"inLanguage\":\"it-IT\"},{\"@type\":\"Organization\",\"@id\":\"https:\/\/progettotouring.it\/radiotouring104\/#organization\",\"name\":\"Radio Touring 104\",\"url\":\"https:\/\/progettotouring.it\/radiotouring104\/\",\"logo\":{\"@type\":\"ImageObject\",\"inLanguage\":\"it-IT\",\"@id\":\"https:\/\/progettotouring.it\/radiotouring104\/#\/schema\/logo\/image\/\",\"url\":\"https:\/\/progettotouring.it\/radiotouring104\/wp-content\/uploads\/sites\/6\/2022\/02\/cropped-logo-radio-touring-104.png\",\"contentUrl\":\"https:\/\/progettotouring.it\/radiotouring104\/wp-content\/uploads\/sites\/6\/2022\/02\/cropped-logo-radio-touring-104.png\",\"width\":377,\"height\":182,\"caption\":\"Radio Touring 104\"},\"image\":{\"@id\":\"https:\/\/progettotouring.it\/radiotouring104\/#\/schema\/logo\/image\/\"}},{\"@type\":\"Person\",\"@id\":\"https:\/\/progettotouring.it\/radiotouring104\/#\/schema\/person\/4a82259ca52ac8702ad1a8f9e5a3120b\",\"name\":\"Filippo Francesco Idone\",\"image\":{\"@type\":\"ImageObject\",\"inLanguage\":\"it-IT\",\"@id\":\"https:\/\/secure.gravatar.com\/avatar\/7268715d2366395c3dd314385670e6484117d44f5c442e61e230f7008b7b62d3?s=96&d=mm&r=g\",\"url\":\"https:\/\/secure.gravatar.com\/avatar\/7268715d2366395c3dd314385670e6484117d44f5c442e61e230f7008b7b62d3?s=96&d=mm&r=g\",\"contentUrl\":\"https:\/\/secure.gravatar.com\/avatar\/7268715d2366395c3dd314385670e6484117d44f5c442e61e230f7008b7b62d3?s=96&d=mm&r=g\",\"caption\":\"Filippo Francesco Idone\"},\"url\":\"https:\/\/progettotouring.it\/radiotouring104\/author\/filippoidone\/\"}]}<\/script>\n<!-- \/ Yoast SEO plugin. -->","yoast_head_json":{"title":"Salvatore Fuda presente all'incontro al Municipio gioiese","description":"Il Consigliere metropolitano delegato all'Ambiente Salvatore Fuda \u00e8 stato presente all'incontro al Municipio gioiese","robots":{"index":"index","follow":"follow","max-snippet":"max-snippet:-1","max-image-preview":"max-image-preview:large","max-video-preview":"max-video-preview:-1"},"canonical":"https:\/\/progettotouring.it\/radiotouring104\/2022\/10\/14\/salvatore-fuda-presente-allincontro-al-municipio-gioiese-metrocity-da-sempre-in-prima-linea-per-garantire-trasparenza-in-materia-di-sicurezza\/","og_locale":"it_IT","og_type":"article","og_title":"Salvatore Fuda presente all'incontro al Municipio gioiese","og_description":"Il Consigliere metropolitano delegato all'Ambiente Salvatore Fuda \u00e8 stato presente all'incontro al Municipio gioiese","og_url":"https:\/\/progettotouring.it\/radiotouring104\/2022\/10\/14\/salvatore-fuda-presente-allincontro-al-municipio-gioiese-metrocity-da-sempre-in-prima-linea-per-garantire-trasparenza-in-materia-di-sicurezza\/","og_site_name":"Radio Touring 104","article_published_time":"2022-10-14T15:56:46+00:00","article_modified_time":"2022-10-17T12:02:12+00:00","og_image":[{"width":1204,"height":697,"url":"https:\/\/progettotouring.it\/radiotouring104\/wp-content\/uploads\/sites\/6\/2022\/10\/incontro-gioia-tauro-2.jpeg","type":"image\/jpeg"}],"author":"Filippo Francesco Idone","twitter_card":"summary_large_image","twitter_misc":{"Scritto da":"Filippo Francesco Idone","Tempo di lettura stimato":"2 minuti"},"schema":{"@context":"https:\/\/schema.org","@graph":[{"@type":"Article","@id":"https:\/\/progettotouring.it\/radiotouring104\/2022\/10\/14\/salvatore-fuda-presente-allincontro-al-municipio-gioiese-metrocity-da-sempre-in-prima-linea-per-garantire-trasparenza-in-materia-di-sicurezza\/#article","isPartOf":{"@id":"https:\/\/progettotouring.it\/radiotouring104\/2022\/10\/14\/salvatore-fuda-presente-allincontro-al-municipio-gioiese-metrocity-da-sempre-in-prima-linea-per-garantire-trasparenza-in-materia-di-sicurezza\/"},"author":{"name":"Filippo Francesco Idone","@id":"https:\/\/progettotouring.it\/radiotouring104\/#\/schema\/person\/4a82259ca52ac8702ad1a8f9e5a3120b"},"headline":"Salvatore Fuda presente all&#8217;incontro al Municipio gioiese: &#8220;Metrocity da sempre in prima linea per garantire trasparenza in materia di sicurezza&#8221;","datePublished":"2022-10-14T15:56:46+00:00","dateModified":"2022-10-17T12:02:12+00:00","mainEntityOfPage":{"@id":"https:\/\/progettotouring.it\/radiotouring104\/2022\/10\/14\/salvatore-fuda-presente-allincontro-al-municipio-gioiese-metrocity-da-sempre-in-prima-linea-per-garantire-trasparenza-in-materia-di-sicurezza\/"},"wordCount":416,"commentCount":0,"publisher":{"@id":"https:\/\/progettotouring.it\/radiotouring104\/#organization"},"image":{"@id":"https:\/\/progettotouring.it\/radiotouring104\/2022\/10\/14\/salvatore-fuda-presente-allincontro-al-municipio-gioiese-metrocity-da-sempre-in-prima-linea-per-garantire-trasparenza-in-materia-di-sicurezza\/#primaryimage"},"thumbnailUrl":"https:\/\/progettotouring.it\/radiotouring104\/wp-content\/uploads\/sites\/6\/2022\/10\/incontro-gioia-tauro-2.jpeg","keywords":["ARPACal","Fuda","Gioia Tauro","Michelangelo Iannone","reggio calabria"],"articleSection":["Home","News","Reggio Calabria"],"inLanguage":"it-IT","potentialAction":[{"@type":"CommentAction","name":"Comment","target":["https:\/\/progettotouring.it\/radiotouring104\/2022\/10\/14\/salvatore-fuda-presente-allincontro-al-municipio-gioiese-metrocity-da-sempre-in-prima-linea-per-garantire-trasparenza-in-materia-di-sicurezza\/#respond"]}]},{"@type":"WebPage","@id":"https:\/\/progettotouring.it\/radiotouring104\/2022\/10\/14\/salvatore-fuda-presente-allincontro-al-municipio-gioiese-metrocity-da-sempre-in-prima-linea-per-garantire-trasparenza-in-materia-di-sicurezza\/","url":"https:\/\/progettotouring.it\/radiotouring104\/2022\/10\/14\/salvatore-fuda-presente-allincontro-al-municipio-gioiese-metrocity-da-sempre-in-prima-linea-per-garantire-trasparenza-in-materia-di-sicurezza\/","name":"Salvatore Fuda presente all'incontro al Municipio gioiese","isPartOf":{"@id":"https:\/\/progettotouring.it\/radiotouring104\/#website"},"primaryImageOfPage":{"@id":"https:\/\/progettotouring.it\/radiotouring104\/2022\/10\/14\/salvatore-fuda-presente-allincontro-al-municipio-gioiese-metrocity-da-sempre-in-prima-linea-per-garantire-trasparenza-in-materia-di-sicurezza\/#primaryimage"},"image":{"@id":"https:\/\/progettotouring.it\/radiotouring104\/2022\/10\/14\/salvatore-fuda-presente-allincontro-al-municipio-gioiese-metrocity-da-sempre-in-prima-linea-per-garantire-trasparenza-in-materia-di-sicurezza\/#primaryimage"},"thumbnailUrl":"https:\/\/progettotouring.it\/radiotouring104\/wp-content\/uploads\/sites\/6\/2022\/10\/incontro-gioia-tauro-2.jpeg","datePublished":"2022-10-14T15:56:46+00:00","dateModified":"2022-10-17T12:02:12+00:00","description":"Il Consigliere metropolitano delegato all'Ambiente Salvatore Fuda \u00e8 stato presente all'incontro al Municipio gioiese","breadcrumb":{"@id":"https:\/\/progettotouring.it\/radiotouring104\/2022\/10\/14\/salvatore-fuda-presente-allincontro-al-municipio-gioiese-metrocity-da-sempre-in-prima-linea-per-garantire-trasparenza-in-materia-di-sicurezza\/#breadcrumb"},"inLanguage":"it-IT","potentialAction":[{"@type":"ReadAction","target":["https:\/\/progettotouring.it\/radiotouring104\/2022\/10\/14\/salvatore-fuda-presente-allincontro-al-municipio-gioiese-metrocity-da-sempre-in-prima-linea-per-garantire-trasparenza-in-materia-di-sicurezza\/"]}]},{"@type":"ImageObject","inLanguage":"it-IT","@id":"https:\/\/progettotouring.it\/radiotouring104\/2022\/10\/14\/salvatore-fuda-presente-allincontro-al-municipio-gioiese-metrocity-da-sempre-in-prima-linea-per-garantire-trasparenza-in-materia-di-sicurezza\/#primaryimage","url":"https:\/\/progettotouring.it\/radiotouring104\/wp-content\/uploads\/sites\/6\/2022\/10\/incontro-gioia-tauro-2.jpeg","contentUrl":"https:\/\/progettotouring.it\/radiotouring104\/wp-content\/uploads\/sites\/6\/2022\/10\/incontro-gioia-tauro-2.jpeg","width":1204,"height":697},{"@type":"BreadcrumbList","@id":"https:\/\/progettotouring.it\/radiotouring104\/2022\/10\/14\/salvatore-fuda-presente-allincontro-al-municipio-gioiese-metrocity-da-sempre-in-prima-linea-per-garantire-trasparenza-in-materia-di-sicurezza\/#breadcrumb","itemListElement":[{"@type":"ListItem","position":1,"name":"Home","item":"https:\/\/progettotouring.it\/radiotouring104\/"},{"@type":"ListItem","position":2,"name":"Salvatore Fuda presente all&#8217;incontro al Municipio gioiese: &#8220;Metrocity da sempre in prima linea per garantire trasparenza in materia di sicurezza&#8221;"}]},{"@type":"WebSite","@id":"https:\/\/progettotouring.it\/radiotouring104\/#website","url":"https:\/\/progettotouring.it\/radiotouring104\/","name":"Radio Touring 104","description":"La prima radio Reggina","publisher":{"@id":"https:\/\/progettotouring.it\/radiotouring104\/#organization"},"potentialAction":[{"@type":"SearchAction","target":{"@type":"EntryPoint","urlTemplate":"https:\/\/progettotouring.it\/radiotouring104\/?s={search_term_string}"},"query-input":{"@type":"PropertyValueSpecification","valueRequired":true,"valueName":"search_term_string"}}],"inLanguage":"it-IT"},{"@type":"Organization","@id":"https:\/\/progettotouring.it\/radiotouring104\/#organization","name":"Radio Touring 104","url":"https:\/\/progettotouring.it\/radiotouring104\/","logo":{"@type":"ImageObject","inLanguage":"it-IT","@id":"https:\/\/progettotouring.it\/radiotouring104\/#\/schema\/logo\/image\/","url":"https:\/\/progettotouring.it\/radiotouring104\/wp-content\/uploads\/sites\/6\/2022\/02\/cropped-logo-radio-touring-104.png","contentUrl":"https:\/\/progettotouring.it\/radiotouring104\/wp-content\/uploads\/sites\/6\/2022\/02\/cropped-logo-radio-touring-104.png","width":377,"height":182,"caption":"Radio Touring 104"},"image":{"@id":"https:\/\/progettotouring.it\/radiotouring104\/#\/schema\/logo\/image\/"}},{"@type":"Person","@id":"https:\/\/progettotouring.it\/radiotouring104\/#\/schema\/person\/4a82259ca52ac8702ad1a8f9e5a3120b","name":"Filippo Francesco Idone","image":{"@type":"ImageObject","inLanguage":"it-IT","@id":"https:\/\/secure.gravatar.com\/avatar\/7268715d2366395c3dd314385670e6484117d44f5c442e61e230f7008b7b62d3?s=96&d=mm&r=g","url":"https:\/\/secure.gravatar.com\/avatar\/7268715d2366395c3dd314385670e6484117d44f5c442e61e230f7008b7b62d3?s=96&d=mm&r=g","contentUrl":"https:\/\/secure.gravatar.com\/avatar\/7268715d2366395c3dd314385670e6484117d44f5c442e61e230f7008b7b62d3?s=96&d=mm&r=g","caption":"Filippo Francesco Idone"},"url":"https:\/\/progettotouring.it\/radiotouring104\/author\/filippoidone\/"}]}},"jetpack_publicize_connections":[],"jetpack_featured_media_url":"https:\/\/progettotouring.it\/radiotouring104\/wp-content\/uploads\/sites\/6\/2022\/10\/incontro-gioia-tauro-2.jpeg","jetpack_sharing_enabled":true,"_links":{"self":[{"href":"https:\/\/progettotouring.it\/radiotouring104\/wp-json\/wp\/v2\/posts\/10652","targetHints":{"allow":["GET"]}}],"collection":[{"href":"https:\/\/progettotouring.it\/radiotouring104\/wp-json\/wp\/v2\/posts"}],"about":[{"href":"https:\/\/progettotouring.it\/radiotouring104\/wp-json\/wp\/v2\/types\/post"}],"author":[{"embeddable":true,"href":"https:\/\/progettotouring.it\/radiotouring104\/wp-json\/wp\/v2\/users\/8"}],"replies":[{"embeddable":true,"href":"https:\/\/progettotouring.it\/radiotouring104\/wp-json\/wp\/v2\/comments?post=10652"}],"version-history":[{"count":1,"href":"https:\/\/progettotouring.it\/radiotouring104\/wp-json\/wp\/v2\/posts\/10652\/revisions"}],"predecessor-version":[{"id":10654,"href":"https:\/\/progettotouring.it\/radiotouring104\/wp-json\/wp\/v2\/posts\/10652\/revisions\/10654"}],"wp:featuredmedia":[{"embeddable":true,"href":"https:\/\/progettotouring.it\/radiotouring104\/wp-json\/wp\/v2\/media\/10653"}],"wp:attachment":[{"href":"https:\/\/progettotouring.it\/radiotouring104\/wp-json\/wp\/v2\/media?parent=10652"}],"wp:term":[{"taxonomy":"category","embeddable":true,"href":"https:\/\/progettotouring.it\/radiotouring104\/wp-json\/wp\/v2\/categories?post=10652"},{"taxonomy":"post_tag","embeddable":true,"href":"https:\/\/progettotouring.it\/radiotouring104\/wp-json\/wp\/v2\/tags?post=10652"}],"curies":[{"name":"wp","href":"https:\/\/api.w.org\/{rel}","templated":true}]}}