{"id":10664,"date":"2022-10-17T16:15:16","date_gmt":"2022-10-17T14:15:16","guid":{"rendered":"https:\/\/progettotouring.it\/radiotouring104\/?p=10664"},"modified":"2022-10-19T10:47:23","modified_gmt":"2022-10-19T08:47:23","slug":"comitato-di-quartiere-reggio-campi-villini-svizzeri-trabocchetto-ringrazia-tutti-i-partecipanti-alla-camminata-eco-storica","status":"publish","type":"post","link":"https:\/\/progettotouring.it\/radiotouring104\/2022\/10\/17\/comitato-di-quartiere-reggio-campi-villini-svizzeri-trabocchetto-ringrazia-tutti-i-partecipanti-alla-camminata-eco-storica\/","title":{"rendered":"Comitato di Quartiere Reggio Campi-Villini Svizzeri-Trabocchetto ringrazia tutti i partecipanti alla Camminata Eco Storica"},"content":{"rendered":"<p style=\"text-align: justify\">Il <strong>Comitato di Quartiere Reggio Campi-Villini Svizzeri-Trabocchetto<\/strong> desidera ringraziare le tante persone che hanno preso parte alla nostra Camminata Eco Storica attraverso il quartiere. Percorrere il territorio con l&#8217;audioguida, creata insieme alla guida turistica <strong>Domenico<\/strong> <strong>Guarna<\/strong>, ha di fatto ridato ad ognuno dei partecipanti nuove e particolari sensazioni, sia tra chi ricordava parte del tragitto, sia tra chi si \u00e8 immerso per la prima volta fra la storia e i luoghi, grazie a questa occasione.<\/p>\n<p style=\"text-align: justify\">Si \u00e8 certamente determinato che siti come <strong>\u201cLe Cento Scale\u201d<\/strong> (ormai ridotte a pochi gradini per l&#8217;abusivismo incontrollato), le Mura Ellenistiche di Collina degli Angeli con l&#8217;annesso Parco, le Mura del Trabocchetto, la Caserma Duca D&#8217;Aosta, i resti della casa romana in zona Trabocchetto e il Parco Baden Powell adiacente alla parte panoramica della piazzetta della Rotonda in Reggio Campi, non possono e non devono essere fantasmi del solo passato. Sono siti da risvegliare dal torpore di lavori mai terminati oppure dalla dimenticanza delle amministrazioni e, con le dovute attenzioni, far s\u00ec che siano parte di una reale opportunit\u00e0 di visita e di diffusione, in un&#8217;azione turistica che dia valore a tutto il territorio del nostro Quartiere. Pertanto saremo pronti a promuovere iniziative tese a determinare tali momenti di risveglio, cosicch\u00e9 memoria e dignit\u00e0 di ogni sito siano la reale testimonianza della storia del quartiere e, ovviamente, della stessa citt\u00e0 essendone reali protagonisti e partner della storia reggina.<\/p>\n","protected":false},"excerpt":{"rendered":"<p>Il Comitato di Quartiere Reggio Campi-Villini Svizzeri-Trabocchetto desidera ringraziare le tante persone che hanno preso parte alla nostra Camminata Eco Storica attraverso il quartiere. Percorrere il territorio con l&#8217;audioguida, creata&hellip;<\/p>\n","protected":false},"author":8,"featured_media":10665,"comment_status":"open","ping_status":"open","sticky":false,"template":"","format":"standard","meta":{"_jetpack_memberships_contains_paid_content":false,"footnotes":"","jetpack_publicize_message":"","jetpack_publicize_feature_enabled":true,"jetpack_social_post_already_shared":false,"jetpack_social_options":{"image_generator_settings":{"template":"highway","default_image_id":0,"font":"","enabled":false},"version":2}},"categories":[921,196,140],"tags":[4842,4841],"class_list":["post-10664","post","type-post","status-publish","format-standard","has-post-thumbnail","hentry","category-home","category-news","category-reggio-calabria","tag-camminata-eco-storica","tag-comitato-di-quartiere-reggio-campi-villini-svizzeri-trabocchetto"],"yoast_head":"<!-- This site is optimized with the Yoast SEO plugin v27.2 - https:\/\/yoast.com\/product\/yoast-seo-wordpress\/ -->\n<title>Grande entusiasmo per la Camminata Eco Storica<\/title>\n<meta name=\"description\" content=\"Il Comitato di Quartiere Reggio Campi-Villini Svizzeri-Trabocchetto ha ringraziato i partecipanti della Camminata Eco Storica\" \/>\n<meta name=\"robots\" content=\"index, follow, max-snippet:-1, max-image-preview:large, max-video-preview:-1\" \/>\n<link rel=\"canonical\" href=\"https:\/\/progettotouring.it\/radiotouring104\/2022\/10\/17\/comitato-di-quartiere-reggio-campi-villini-svizzeri-trabocchetto-ringrazia-tutti-i-partecipanti-alla-camminata-eco-storica\/\" \/>\n<meta property=\"og:locale\" content=\"it_IT\" \/>\n<meta property=\"og:type\" content=\"article\" \/>\n<meta property=\"og:title\" content=\"Grande entusiasmo per la Camminata Eco Storica\" \/>\n<meta property=\"og:description\" content=\"Il Comitato di Quartiere Reggio Campi-Villini Svizzeri-Trabocchetto ha ringraziato i partecipanti della Camminata Eco Storica\" \/>\n<meta property=\"og:url\" content=\"https:\/\/progettotouring.it\/radiotouring104\/2022\/10\/17\/comitato-di-quartiere-reggio-campi-villini-svizzeri-trabocchetto-ringrazia-tutti-i-partecipanti-alla-camminata-eco-storica\/\" \/>\n<meta property=\"og:site_name\" content=\"Radio Touring 104\" \/>\n<meta property=\"article:published_time\" content=\"2022-10-17T14:15:16+00:00\" \/>\n<meta property=\"article:modified_time\" content=\"2022-10-19T08:47:23+00:00\" \/>\n<meta property=\"og:image\" content=\"https:\/\/progettotouring.it\/radiotouring104\/wp-content\/uploads\/sites\/6\/2022\/10\/Eco-camminata-storica.png\" \/>\n\t<meta property=\"og:image:width\" content=\"944\" \/>\n\t<meta property=\"og:image:height\" content=\"447\" \/>\n\t<meta property=\"og:image:type\" content=\"image\/png\" \/>\n<meta name=\"author\" content=\"Filippo Francesco Idone\" \/>\n<meta name=\"twitter:card\" content=\"summary_large_image\" \/>\n<meta name=\"twitter:label1\" content=\"Scritto da\" \/>\n\t<meta name=\"twitter:data1\" content=\"Filippo Francesco Idone\" \/>\n\t<meta name=\"twitter:label2\" content=\"Tempo di lettura stimato\" \/>\n\t<meta name=\"twitter:data2\" content=\"1 minuto\" \/>\n<script type=\"application\/ld+json\" class=\"yoast-schema-graph\">{\"@context\":\"https:\/\/schema.org\",\"@graph\":[{\"@type\":\"Article\",\"@id\":\"https:\/\/progettotouring.it\/radiotouring104\/2022\/10\/17\/comitato-di-quartiere-reggio-campi-villini-svizzeri-trabocchetto-ringrazia-tutti-i-partecipanti-alla-camminata-eco-storica\/#article\",\"isPartOf\":{\"@id\":\"https:\/\/progettotouring.it\/radiotouring104\/2022\/10\/17\/comitato-di-quartiere-reggio-campi-villini-svizzeri-trabocchetto-ringrazia-tutti-i-partecipanti-alla-camminata-eco-storica\/\"},\"author\":{\"name\":\"Filippo Francesco Idone\",\"@id\":\"https:\/\/progettotouring.it\/radiotouring104\/#\/schema\/person\/4a82259ca52ac8702ad1a8f9e5a3120b\"},\"headline\":\"Comitato di Quartiere Reggio Campi-Villini Svizzeri-Trabocchetto ringrazia tutti i partecipanti alla Camminata Eco Storica\",\"datePublished\":\"2022-10-17T14:15:16+00:00\",\"dateModified\":\"2022-10-19T08:47:23+00:00\",\"mainEntityOfPage\":{\"@id\":\"https:\/\/progettotouring.it\/radiotouring104\/2022\/10\/17\/comitato-di-quartiere-reggio-campi-villini-svizzeri-trabocchetto-ringrazia-tutti-i-partecipanti-alla-camminata-eco-storica\/\"},\"wordCount\":245,\"commentCount\":0,\"publisher\":{\"@id\":\"https:\/\/progettotouring.it\/radiotouring104\/#organization\"},\"image\":{\"@id\":\"https:\/\/progettotouring.it\/radiotouring104\/2022\/10\/17\/comitato-di-quartiere-reggio-campi-villini-svizzeri-trabocchetto-ringrazia-tutti-i-partecipanti-alla-camminata-eco-storica\/#primaryimage\"},\"thumbnailUrl\":\"https:\/\/progettotouring.it\/radiotouring104\/wp-content\/uploads\/sites\/6\/2022\/10\/Eco-camminata-storica.png\",\"keywords\":[\"Camminata Eco Storica\",\"Comitato di Quartiere Reggio Campi-Villini Svizzeri-Trabocchetto\"],\"articleSection\":[\"Home\",\"News\",\"Reggio Calabria\"],\"inLanguage\":\"it-IT\",\"potentialAction\":[{\"@type\":\"CommentAction\",\"name\":\"Comment\",\"target\":[\"https:\/\/progettotouring.it\/radiotouring104\/2022\/10\/17\/comitato-di-quartiere-reggio-campi-villini-svizzeri-trabocchetto-ringrazia-tutti-i-partecipanti-alla-camminata-eco-storica\/#respond\"]}]},{\"@type\":\"WebPage\",\"@id\":\"https:\/\/progettotouring.it\/radiotouring104\/2022\/10\/17\/comitato-di-quartiere-reggio-campi-villini-svizzeri-trabocchetto-ringrazia-tutti-i-partecipanti-alla-camminata-eco-storica\/\",\"url\":\"https:\/\/progettotouring.it\/radiotouring104\/2022\/10\/17\/comitato-di-quartiere-reggio-campi-villini-svizzeri-trabocchetto-ringrazia-tutti-i-partecipanti-alla-camminata-eco-storica\/\",\"name\":\"Grande entusiasmo per la Camminata Eco Storica\",\"isPartOf\":{\"@id\":\"https:\/\/progettotouring.it\/radiotouring104\/#website\"},\"primaryImageOfPage\":{\"@id\":\"https:\/\/progettotouring.it\/radiotouring104\/2022\/10\/17\/comitato-di-quartiere-reggio-campi-villini-svizzeri-trabocchetto-ringrazia-tutti-i-partecipanti-alla-camminata-eco-storica\/#primaryimage\"},\"image\":{\"@id\":\"https:\/\/progettotouring.it\/radiotouring104\/2022\/10\/17\/comitato-di-quartiere-reggio-campi-villini-svizzeri-trabocchetto-ringrazia-tutti-i-partecipanti-alla-camminata-eco-storica\/#primaryimage\"},\"thumbnailUrl\":\"https:\/\/progettotouring.it\/radiotouring104\/wp-content\/uploads\/sites\/6\/2022\/10\/Eco-camminata-storica.png\",\"datePublished\":\"2022-10-17T14:15:16+00:00\",\"dateModified\":\"2022-10-19T08:47:23+00:00\",\"description\":\"Il Comitato di Quartiere Reggio Campi-Villini Svizzeri-Trabocchetto ha ringraziato i partecipanti della Camminata Eco Storica\",\"breadcrumb\":{\"@id\":\"https:\/\/progettotouring.it\/radiotouring104\/2022\/10\/17\/comitato-di-quartiere-reggio-campi-villini-svizzeri-trabocchetto-ringrazia-tutti-i-partecipanti-alla-camminata-eco-storica\/#breadcrumb\"},\"inLanguage\":\"it-IT\",\"potentialAction\":[{\"@type\":\"ReadAction\",\"target\":[\"https:\/\/progettotouring.it\/radiotouring104\/2022\/10\/17\/comitato-di-quartiere-reggio-campi-villini-svizzeri-trabocchetto-ringrazia-tutti-i-partecipanti-alla-camminata-eco-storica\/\"]}]},{\"@type\":\"ImageObject\",\"inLanguage\":\"it-IT\",\"@id\":\"https:\/\/progettotouring.it\/radiotouring104\/2022\/10\/17\/comitato-di-quartiere-reggio-campi-villini-svizzeri-trabocchetto-ringrazia-tutti-i-partecipanti-alla-camminata-eco-storica\/#primaryimage\",\"url\":\"https:\/\/progettotouring.it\/radiotouring104\/wp-content\/uploads\/sites\/6\/2022\/10\/Eco-camminata-storica.png\",\"contentUrl\":\"https:\/\/progettotouring.it\/radiotouring104\/wp-content\/uploads\/sites\/6\/2022\/10\/Eco-camminata-storica.png\",\"width\":944,\"height\":447},{\"@type\":\"BreadcrumbList\",\"@id\":\"https:\/\/progettotouring.it\/radiotouring104\/2022\/10\/17\/comitato-di-quartiere-reggio-campi-villini-svizzeri-trabocchetto-ringrazia-tutti-i-partecipanti-alla-camminata-eco-storica\/#breadcrumb\",\"itemListElement\":[{\"@type\":\"ListItem\",\"position\":1,\"name\":\"Home\",\"item\":\"https:\/\/progettotouring.it\/radiotouring104\/\"},{\"@type\":\"ListItem\",\"position\":2,\"name\":\"Comitato di Quartiere Reggio Campi-Villini Svizzeri-Trabocchetto ringrazia tutti i partecipanti alla Camminata Eco Storica\"}]},{\"@type\":\"WebSite\",\"@id\":\"https:\/\/progettotouring.it\/radiotouring104\/#website\",\"url\":\"https:\/\/progettotouring.it\/radiotouring104\/\",\"name\":\"Radio Touring 104\",\"description\":\"La prima radio Reggina\",\"publisher\":{\"@id\":\"https:\/\/progettotouring.it\/radiotouring104\/#organization\"},\"potentialAction\":[{\"@type\":\"SearchAction\",\"target\":{\"@type\":\"EntryPoint\",\"urlTemplate\":\"https:\/\/progettotouring.it\/radiotouring104\/?s={search_term_string}\"},\"query-input\":{\"@type\":\"PropertyValueSpecification\",\"valueRequired\":true,\"valueName\":\"search_term_string\"}}],\"inLanguage\":\"it-IT\"},{\"@type\":\"Organization\",\"@id\":\"https:\/\/progettotouring.it\/radiotouring104\/#organization\",\"name\":\"Radio Touring 104\",\"url\":\"https:\/\/progettotouring.it\/radiotouring104\/\",\"logo\":{\"@type\":\"ImageObject\",\"inLanguage\":\"it-IT\",\"@id\":\"https:\/\/progettotouring.it\/radiotouring104\/#\/schema\/logo\/image\/\",\"url\":\"https:\/\/progettotouring.it\/radiotouring104\/wp-content\/uploads\/sites\/6\/2022\/02\/cropped-logo-radio-touring-104.png\",\"contentUrl\":\"https:\/\/progettotouring.it\/radiotouring104\/wp-content\/uploads\/sites\/6\/2022\/02\/cropped-logo-radio-touring-104.png\",\"width\":377,\"height\":182,\"caption\":\"Radio Touring 104\"},\"image\":{\"@id\":\"https:\/\/progettotouring.it\/radiotouring104\/#\/schema\/logo\/image\/\"}},{\"@type\":\"Person\",\"@id\":\"https:\/\/progettotouring.it\/radiotouring104\/#\/schema\/person\/4a82259ca52ac8702ad1a8f9e5a3120b\",\"name\":\"Filippo Francesco Idone\",\"image\":{\"@type\":\"ImageObject\",\"inLanguage\":\"it-IT\",\"@id\":\"https:\/\/secure.gravatar.com\/avatar\/7268715d2366395c3dd314385670e6484117d44f5c442e61e230f7008b7b62d3?s=96&d=mm&r=g\",\"url\":\"https:\/\/secure.gravatar.com\/avatar\/7268715d2366395c3dd314385670e6484117d44f5c442e61e230f7008b7b62d3?s=96&d=mm&r=g\",\"contentUrl\":\"https:\/\/secure.gravatar.com\/avatar\/7268715d2366395c3dd314385670e6484117d44f5c442e61e230f7008b7b62d3?s=96&d=mm&r=g\",\"caption\":\"Filippo Francesco Idone\"},\"url\":\"https:\/\/progettotouring.it\/radiotouring104\/author\/filippoidone\/\"}]}<\/script>\n<!-- \/ Yoast SEO plugin. -->","yoast_head_json":{"title":"Grande entusiasmo per la Camminata Eco Storica","description":"Il Comitato di Quartiere Reggio Campi-Villini Svizzeri-Trabocchetto ha ringraziato i partecipanti della Camminata Eco Storica","robots":{"index":"index","follow":"follow","max-snippet":"max-snippet:-1","max-image-preview":"max-image-preview:large","max-video-preview":"max-video-preview:-1"},"canonical":"https:\/\/progettotouring.it\/radiotouring104\/2022\/10\/17\/comitato-di-quartiere-reggio-campi-villini-svizzeri-trabocchetto-ringrazia-tutti-i-partecipanti-alla-camminata-eco-storica\/","og_locale":"it_IT","og_type":"article","og_title":"Grande entusiasmo per la Camminata Eco Storica","og_description":"Il Comitato di Quartiere Reggio Campi-Villini Svizzeri-Trabocchetto ha ringraziato i partecipanti della Camminata Eco Storica","og_url":"https:\/\/progettotouring.it\/radiotouring104\/2022\/10\/17\/comitato-di-quartiere-reggio-campi-villini-svizzeri-trabocchetto-ringrazia-tutti-i-partecipanti-alla-camminata-eco-storica\/","og_site_name":"Radio Touring 104","article_published_time":"2022-10-17T14:15:16+00:00","article_modified_time":"2022-10-19T08:47:23+00:00","og_image":[{"width":944,"height":447,"url":"https:\/\/progettotouring.it\/radiotouring104\/wp-content\/uploads\/sites\/6\/2022\/10\/Eco-camminata-storica.png","type":"image\/png"}],"author":"Filippo Francesco Idone","twitter_card":"summary_large_image","twitter_misc":{"Scritto da":"Filippo Francesco Idone","Tempo di lettura stimato":"1 minuto"},"schema":{"@context":"https:\/\/schema.org","@graph":[{"@type":"Article","@id":"https:\/\/progettotouring.it\/radiotouring104\/2022\/10\/17\/comitato-di-quartiere-reggio-campi-villini-svizzeri-trabocchetto-ringrazia-tutti-i-partecipanti-alla-camminata-eco-storica\/#article","isPartOf":{"@id":"https:\/\/progettotouring.it\/radiotouring104\/2022\/10\/17\/comitato-di-quartiere-reggio-campi-villini-svizzeri-trabocchetto-ringrazia-tutti-i-partecipanti-alla-camminata-eco-storica\/"},"author":{"name":"Filippo Francesco Idone","@id":"https:\/\/progettotouring.it\/radiotouring104\/#\/schema\/person\/4a82259ca52ac8702ad1a8f9e5a3120b"},"headline":"Comitato di Quartiere Reggio Campi-Villini Svizzeri-Trabocchetto ringrazia tutti i partecipanti alla Camminata Eco Storica","datePublished":"2022-10-17T14:15:16+00:00","dateModified":"2022-10-19T08:47:23+00:00","mainEntityOfPage":{"@id":"https:\/\/progettotouring.it\/radiotouring104\/2022\/10\/17\/comitato-di-quartiere-reggio-campi-villini-svizzeri-trabocchetto-ringrazia-tutti-i-partecipanti-alla-camminata-eco-storica\/"},"wordCount":245,"commentCount":0,"publisher":{"@id":"https:\/\/progettotouring.it\/radiotouring104\/#organization"},"image":{"@id":"https:\/\/progettotouring.it\/radiotouring104\/2022\/10\/17\/comitato-di-quartiere-reggio-campi-villini-svizzeri-trabocchetto-ringrazia-tutti-i-partecipanti-alla-camminata-eco-storica\/#primaryimage"},"thumbnailUrl":"https:\/\/progettotouring.it\/radiotouring104\/wp-content\/uploads\/sites\/6\/2022\/10\/Eco-camminata-storica.png","keywords":["Camminata Eco Storica","Comitato di Quartiere Reggio Campi-Villini Svizzeri-Trabocchetto"],"articleSection":["Home","News","Reggio Calabria"],"inLanguage":"it-IT","potentialAction":[{"@type":"CommentAction","name":"Comment","target":["https:\/\/progettotouring.it\/radiotouring104\/2022\/10\/17\/comitato-di-quartiere-reggio-campi-villini-svizzeri-trabocchetto-ringrazia-tutti-i-partecipanti-alla-camminata-eco-storica\/#respond"]}]},{"@type":"WebPage","@id":"https:\/\/progettotouring.it\/radiotouring104\/2022\/10\/17\/comitato-di-quartiere-reggio-campi-villini-svizzeri-trabocchetto-ringrazia-tutti-i-partecipanti-alla-camminata-eco-storica\/","url":"https:\/\/progettotouring.it\/radiotouring104\/2022\/10\/17\/comitato-di-quartiere-reggio-campi-villini-svizzeri-trabocchetto-ringrazia-tutti-i-partecipanti-alla-camminata-eco-storica\/","name":"Grande entusiasmo per la Camminata Eco Storica","isPartOf":{"@id":"https:\/\/progettotouring.it\/radiotouring104\/#website"},"primaryImageOfPage":{"@id":"https:\/\/progettotouring.it\/radiotouring104\/2022\/10\/17\/comitato-di-quartiere-reggio-campi-villini-svizzeri-trabocchetto-ringrazia-tutti-i-partecipanti-alla-camminata-eco-storica\/#primaryimage"},"image":{"@id":"https:\/\/progettotouring.it\/radiotouring104\/2022\/10\/17\/comitato-di-quartiere-reggio-campi-villini-svizzeri-trabocchetto-ringrazia-tutti-i-partecipanti-alla-camminata-eco-storica\/#primaryimage"},"thumbnailUrl":"https:\/\/progettotouring.it\/radiotouring104\/wp-content\/uploads\/sites\/6\/2022\/10\/Eco-camminata-storica.png","datePublished":"2022-10-17T14:15:16+00:00","dateModified":"2022-10-19T08:47:23+00:00","description":"Il Comitato di Quartiere Reggio Campi-Villini Svizzeri-Trabocchetto ha ringraziato i partecipanti della Camminata Eco Storica","breadcrumb":{"@id":"https:\/\/progettotouring.it\/radiotouring104\/2022\/10\/17\/comitato-di-quartiere-reggio-campi-villini-svizzeri-trabocchetto-ringrazia-tutti-i-partecipanti-alla-camminata-eco-storica\/#breadcrumb"},"inLanguage":"it-IT","potentialAction":[{"@type":"ReadAction","target":["https:\/\/progettotouring.it\/radiotouring104\/2022\/10\/17\/comitato-di-quartiere-reggio-campi-villini-svizzeri-trabocchetto-ringrazia-tutti-i-partecipanti-alla-camminata-eco-storica\/"]}]},{"@type":"ImageObject","inLanguage":"it-IT","@id":"https:\/\/progettotouring.it\/radiotouring104\/2022\/10\/17\/comitato-di-quartiere-reggio-campi-villini-svizzeri-trabocchetto-ringrazia-tutti-i-partecipanti-alla-camminata-eco-storica\/#primaryimage","url":"https:\/\/progettotouring.it\/radiotouring104\/wp-content\/uploads\/sites\/6\/2022\/10\/Eco-camminata-storica.png","contentUrl":"https:\/\/progettotouring.it\/radiotouring104\/wp-content\/uploads\/sites\/6\/2022\/10\/Eco-camminata-storica.png","width":944,"height":447},{"@type":"BreadcrumbList","@id":"https:\/\/progettotouring.it\/radiotouring104\/2022\/10\/17\/comitato-di-quartiere-reggio-campi-villini-svizzeri-trabocchetto-ringrazia-tutti-i-partecipanti-alla-camminata-eco-storica\/#breadcrumb","itemListElement":[{"@type":"ListItem","position":1,"name":"Home","item":"https:\/\/progettotouring.it\/radiotouring104\/"},{"@type":"ListItem","position":2,"name":"Comitato di Quartiere Reggio Campi-Villini Svizzeri-Trabocchetto ringrazia tutti i partecipanti alla Camminata Eco Storica"}]},{"@type":"WebSite","@id":"https:\/\/progettotouring.it\/radiotouring104\/#website","url":"https:\/\/progettotouring.it\/radiotouring104\/","name":"Radio Touring 104","description":"La prima radio Reggina","publisher":{"@id":"https:\/\/progettotouring.it\/radiotouring104\/#organization"},"potentialAction":[{"@type":"SearchAction","target":{"@type":"EntryPoint","urlTemplate":"https:\/\/progettotouring.it\/radiotouring104\/?s={search_term_string}"},"query-input":{"@type":"PropertyValueSpecification","valueRequired":true,"valueName":"search_term_string"}}],"inLanguage":"it-IT"},{"@type":"Organization","@id":"https:\/\/progettotouring.it\/radiotouring104\/#organization","name":"Radio Touring 104","url":"https:\/\/progettotouring.it\/radiotouring104\/","logo":{"@type":"ImageObject","inLanguage":"it-IT","@id":"https:\/\/progettotouring.it\/radiotouring104\/#\/schema\/logo\/image\/","url":"https:\/\/progettotouring.it\/radiotouring104\/wp-content\/uploads\/sites\/6\/2022\/02\/cropped-logo-radio-touring-104.png","contentUrl":"https:\/\/progettotouring.it\/radiotouring104\/wp-content\/uploads\/sites\/6\/2022\/02\/cropped-logo-radio-touring-104.png","width":377,"height":182,"caption":"Radio Touring 104"},"image":{"@id":"https:\/\/progettotouring.it\/radiotouring104\/#\/schema\/logo\/image\/"}},{"@type":"Person","@id":"https:\/\/progettotouring.it\/radiotouring104\/#\/schema\/person\/4a82259ca52ac8702ad1a8f9e5a3120b","name":"Filippo Francesco Idone","image":{"@type":"ImageObject","inLanguage":"it-IT","@id":"https:\/\/secure.gravatar.com\/avatar\/7268715d2366395c3dd314385670e6484117d44f5c442e61e230f7008b7b62d3?s=96&d=mm&r=g","url":"https:\/\/secure.gravatar.com\/avatar\/7268715d2366395c3dd314385670e6484117d44f5c442e61e230f7008b7b62d3?s=96&d=mm&r=g","contentUrl":"https:\/\/secure.gravatar.com\/avatar\/7268715d2366395c3dd314385670e6484117d44f5c442e61e230f7008b7b62d3?s=96&d=mm&r=g","caption":"Filippo Francesco Idone"},"url":"https:\/\/progettotouring.it\/radiotouring104\/author\/filippoidone\/"}]}},"jetpack_publicize_connections":[],"jetpack_featured_media_url":"https:\/\/progettotouring.it\/radiotouring104\/wp-content\/uploads\/sites\/6\/2022\/10\/Eco-camminata-storica.png","jetpack_sharing_enabled":true,"_links":{"self":[{"href":"https:\/\/progettotouring.it\/radiotouring104\/wp-json\/wp\/v2\/posts\/10664","targetHints":{"allow":["GET"]}}],"collection":[{"href":"https:\/\/progettotouring.it\/radiotouring104\/wp-json\/wp\/v2\/posts"}],"about":[{"href":"https:\/\/progettotouring.it\/radiotouring104\/wp-json\/wp\/v2\/types\/post"}],"author":[{"embeddable":true,"href":"https:\/\/progettotouring.it\/radiotouring104\/wp-json\/wp\/v2\/users\/8"}],"replies":[{"embeddable":true,"href":"https:\/\/progettotouring.it\/radiotouring104\/wp-json\/wp\/v2\/comments?post=10664"}],"version-history":[{"count":1,"href":"https:\/\/progettotouring.it\/radiotouring104\/wp-json\/wp\/v2\/posts\/10664\/revisions"}],"predecessor-version":[{"id":10666,"href":"https:\/\/progettotouring.it\/radiotouring104\/wp-json\/wp\/v2\/posts\/10664\/revisions\/10666"}],"wp:featuredmedia":[{"embeddable":true,"href":"https:\/\/progettotouring.it\/radiotouring104\/wp-json\/wp\/v2\/media\/10665"}],"wp:attachment":[{"href":"https:\/\/progettotouring.it\/radiotouring104\/wp-json\/wp\/v2\/media?parent=10664"}],"wp:term":[{"taxonomy":"category","embeddable":true,"href":"https:\/\/progettotouring.it\/radiotouring104\/wp-json\/wp\/v2\/categories?post=10664"},{"taxonomy":"post_tag","embeddable":true,"href":"https:\/\/progettotouring.it\/radiotouring104\/wp-json\/wp\/v2\/tags?post=10664"}],"curies":[{"name":"wp","href":"https:\/\/api.w.org\/{rel}","templated":true}]}}