{"id":11021,"date":"2022-10-26T11:47:11","date_gmt":"2022-10-26T09:47:11","guid":{"rendered":"https:\/\/progettotouring.it\/radiotouring104\/?p=11021"},"modified":"2022-10-27T11:23:15","modified_gmt":"2022-10-27T09:23:15","slug":"unindustria-calabria-gli-industriali-calabresi-hanno-incontrato-giuseppe-romano","status":"publish","type":"post","link":"https:\/\/progettotouring.it\/radiotouring104\/2022\/10\/26\/unindustria-calabria-gli-industriali-calabresi-hanno-incontrato-giuseppe-romano\/","title":{"rendered":"Unindustria Calabria: gli industriali calabresi hanno incontrato Giuseppe Romano"},"content":{"rendered":"<p style=\"text-align: justify\">Gli industriali calabresi hanno incontrato il commissario<strong> Zes Calabria, Giuseppe Romano<\/strong>, per confrontarsi sulle opportunit\u00e0 connesse alla Zona economica speciale calabrese che opera per creare condizioni favorevoli in termini economici, finanziari e amministrativi per le imprese gi\u00e0 operanti o per nuovi insediamenti nei territori di competenza, in modo da favorire lo sviluppo della regione.<\/p>\n<p style=\"text-align: justify\">La <strong>Zes Calabria<\/strong> comprende 14 aree ricadenti nei principali nodi di trasporto portuali (Reggio Calabria, Gioia Tauro, Corigliano Calabro, Villa San Giovanni, Crotone, Vibo Valentia) e aeroportuali (Lamezia Terme, Crotone, Reggio Calabria), nonch\u00e9 le aree industriali contigue agli stessi nodi (Gioia Tauro, Sen Ferdinando, Rosarno, Crotone, Porto Salvo, Vibo Valentia, Schiavonea, Corigliano-Rossano e Lamezia Terme). Al centro dell&#8217;incontro, organizzato da Unindustria Calabria e svoltosi nella sede di Confindustria Cosenza, le linee guida ed i principali vantaggi rappresentati dalle Zone economiche speciali che riguardano le semplificazioni amministrative e le agevolazioni fiscali. Il presidente di <strong>Confindustria<\/strong> <strong>Cosenza<\/strong>, Fortunato Amarelli, nell&#8217;introdurre i lavori, ha sottolineato <strong><em>&#8220;l&#8217;importanza di investire nell&#8217;industrializzazione della Calabria&#8221;<\/em>,<\/strong> auspicando che &#8220;<em>possa diventare luogo di crescita per tante aziende capaci di offrire lavoro di qualit\u00e0 e di trattenere i giovani. Occorre investire<\/em> &#8211; secondo Amarelli &#8211;<em> nelle aree industriali ed accelerare gli iter autorizzativi dei business plan che gli imprenditori presentano, ottenendo risposte rapide, per costruire valore sul territorio<\/em>&#8220;. Secondo il presidente di <strong>Ance Calabria, Giovan Battista Perciaccante<\/strong>,<em> &#8220;l&#8217;industrializzazione passa necessariamente attraverso le infrastrutture e gli investimenti. Si tratta di opportunit\u00e0 che consentono di fare impresa, creare lavoro e diffondere ricchezza. Le dotazioni infrastrutturali e logistiche hanno da sempre accorciato i divari sia geografici che economici&#8221;.<\/em><\/p>\n<p style=\"text-align: justify\">Il presidente di <strong>Unindustria Calabria, Aldo Ferrara<\/strong>, ha sostenuto che &#8220;le Zes rappresentano un fattore di sviluppo fondamentale per la nostra regione, permettendo di poter ospitare investimenti sia endogeni che esogeni. Scendere in trincea e conoscere le criticit\u00e0 delle aree \u00e8 di assoluto interesse per potere risolvere le problematiche in essere e cogliere appieno le opportunit\u00e0 offerte&#8221;. Semplificare i procedimenti, attrarre nuovi investimenti nelle 14 aree e premiare le imprese gi\u00e0 insediate sono gli obiettivi illustrati dal commissario Romano. <em>&#8220;Aree portuali, retroportuali ed aeroporti <\/em>&#8211; ha detto Romano &#8211;<em> devono essere connessi per consentire un rapido veicolo delle merci, beneficiando anche della posizione geografica della Calabria, che \u00e8 straordinaria e pu\u00f2 supportare tutto il sistema economico attraverso la realizzazione di infrastrutture primarie e secondarie necessarie al territorio. Stiamo operando, in sinergia con la Regione, per portare a compimento un piano strategico. L&#8217;introduzione dello sportello unico digitale del Commissario straordinario di Governo e l&#8217;attivazione del sito &#8216;calabria.zes.gov.it&#8217; vanno in questa direzione&#8221;.<\/em> (ANSA).<\/p>\n","protected":false},"excerpt":{"rendered":"<p>Gli industriali calabresi hanno incontrato il commissario Zes Calabria, Giuseppe Romano, per confrontarsi sulle opportunit\u00e0 connesse alla Zona economica speciale calabrese che opera per creare condizioni favorevoli in termini economici,&hellip;<\/p>\n","protected":false},"author":8,"featured_media":0,"comment_status":"open","ping_status":"open","sticky":false,"template":"","format":"standard","meta":{"_jetpack_memberships_contains_paid_content":false,"footnotes":"","jetpack_publicize_message":"","jetpack_publicize_feature_enabled":true,"jetpack_social_post_already_shared":false,"jetpack_social_options":{"image_generator_settings":{"template":"highway","default_image_id":0,"font":"","enabled":false},"version":2}},"categories":[142,921,196],"tags":[5070,2195,5068],"class_list":["post-11021","post","type-post","status-publish","format-standard","hentry","category-calabria","category-home","category-news","tag-romano","tag-unindustria-calabria","tag-zes-calabria"],"yoast_head":"<!-- This site is optimized with the Yoast SEO plugin v27.2 - https:\/\/yoast.com\/product\/yoast-seo-wordpress\/ -->\n<title>Unindustria Calabria: gli industriali calabresi hanno incontrato Giuseppe Romano - Radio Touring 104<\/title>\n<meta name=\"description\" content=\"Gli industriali calabresi hanno incontrato il commissario Zes Calabria per confrontarsi sulle opportunit\u00e0 connesse alla Zona economica\" \/>\n<meta name=\"robots\" content=\"index, follow, max-snippet:-1, max-image-preview:large, max-video-preview:-1\" \/>\n<link rel=\"canonical\" href=\"https:\/\/progettotouring.it\/radiotouring104\/2022\/10\/26\/unindustria-calabria-gli-industriali-calabresi-hanno-incontrato-giuseppe-romano\/\" \/>\n<meta property=\"og:locale\" content=\"it_IT\" \/>\n<meta property=\"og:type\" content=\"article\" \/>\n<meta property=\"og:title\" content=\"Unindustria Calabria: gli industriali calabresi hanno incontrato Giuseppe Romano - Radio Touring 104\" \/>\n<meta property=\"og:description\" content=\"Gli industriali calabresi hanno incontrato il commissario Zes Calabria per confrontarsi sulle opportunit\u00e0 connesse alla Zona economica\" \/>\n<meta property=\"og:url\" content=\"https:\/\/progettotouring.it\/radiotouring104\/2022\/10\/26\/unindustria-calabria-gli-industriali-calabresi-hanno-incontrato-giuseppe-romano\/\" \/>\n<meta property=\"og:site_name\" content=\"Radio Touring 104\" \/>\n<meta property=\"article:published_time\" content=\"2022-10-26T09:47:11+00:00\" \/>\n<meta property=\"article:modified_time\" content=\"2022-10-27T09:23:15+00:00\" \/>\n<meta property=\"og:image\" content=\"https:\/\/progettotouring.it\/radiotouring104\/wp-content\/uploads\/sites\/6\/2022\/10\/Unindustria-Calabria.jpg\" \/>\n\t<meta property=\"og:image:width\" content=\"660\" \/>\n\t<meta property=\"og:image:height\" content=\"368\" \/>\n\t<meta property=\"og:image:type\" content=\"image\/jpeg\" \/>\n<meta name=\"author\" content=\"Filippo Francesco Idone\" \/>\n<meta name=\"twitter:card\" content=\"summary_large_image\" \/>\n<meta name=\"twitter:label1\" content=\"Scritto da\" \/>\n\t<meta name=\"twitter:data1\" content=\"Filippo Francesco Idone\" \/>\n\t<meta name=\"twitter:label2\" content=\"Tempo di lettura stimato\" \/>\n\t<meta name=\"twitter:data2\" content=\"2 minuti\" \/>\n<script type=\"application\/ld+json\" class=\"yoast-schema-graph\">{\"@context\":\"https:\/\/schema.org\",\"@graph\":[{\"@type\":\"Article\",\"@id\":\"https:\/\/progettotouring.it\/radiotouring104\/2022\/10\/26\/unindustria-calabria-gli-industriali-calabresi-hanno-incontrato-giuseppe-romano\/#article\",\"isPartOf\":{\"@id\":\"https:\/\/progettotouring.it\/radiotouring104\/2022\/10\/26\/unindustria-calabria-gli-industriali-calabresi-hanno-incontrato-giuseppe-romano\/\"},\"author\":{\"name\":\"Filippo Francesco Idone\",\"@id\":\"https:\/\/progettotouring.it\/radiotouring104\/#\/schema\/person\/4a82259ca52ac8702ad1a8f9e5a3120b\"},\"headline\":\"Unindustria Calabria: gli industriali calabresi hanno incontrato Giuseppe Romano\",\"datePublished\":\"2022-10-26T09:47:11+00:00\",\"dateModified\":\"2022-10-27T09:23:15+00:00\",\"mainEntityOfPage\":{\"@id\":\"https:\/\/progettotouring.it\/radiotouring104\/2022\/10\/26\/unindustria-calabria-gli-industriali-calabresi-hanno-incontrato-giuseppe-romano\/\"},\"wordCount\":428,\"commentCount\":0,\"publisher\":{\"@id\":\"https:\/\/progettotouring.it\/radiotouring104\/#organization\"},\"keywords\":[\"romano\",\"Unindustria Calabria\",\"Zes Calabria\"],\"articleSection\":[\"Calabria\",\"Home\",\"News\"],\"inLanguage\":\"it-IT\",\"potentialAction\":[{\"@type\":\"CommentAction\",\"name\":\"Comment\",\"target\":[\"https:\/\/progettotouring.it\/radiotouring104\/2022\/10\/26\/unindustria-calabria-gli-industriali-calabresi-hanno-incontrato-giuseppe-romano\/#respond\"]}]},{\"@type\":\"WebPage\",\"@id\":\"https:\/\/progettotouring.it\/radiotouring104\/2022\/10\/26\/unindustria-calabria-gli-industriali-calabresi-hanno-incontrato-giuseppe-romano\/\",\"url\":\"https:\/\/progettotouring.it\/radiotouring104\/2022\/10\/26\/unindustria-calabria-gli-industriali-calabresi-hanno-incontrato-giuseppe-romano\/\",\"name\":\"Unindustria Calabria: gli industriali calabresi hanno incontrato Giuseppe Romano - Radio Touring 104\",\"isPartOf\":{\"@id\":\"https:\/\/progettotouring.it\/radiotouring104\/#website\"},\"datePublished\":\"2022-10-26T09:47:11+00:00\",\"dateModified\":\"2022-10-27T09:23:15+00:00\",\"description\":\"Gli industriali calabresi hanno incontrato il commissario Zes Calabria per confrontarsi sulle opportunit\u00e0 connesse alla Zona economica\",\"breadcrumb\":{\"@id\":\"https:\/\/progettotouring.it\/radiotouring104\/2022\/10\/26\/unindustria-calabria-gli-industriali-calabresi-hanno-incontrato-giuseppe-romano\/#breadcrumb\"},\"inLanguage\":\"it-IT\",\"potentialAction\":[{\"@type\":\"ReadAction\",\"target\":[\"https:\/\/progettotouring.it\/radiotouring104\/2022\/10\/26\/unindustria-calabria-gli-industriali-calabresi-hanno-incontrato-giuseppe-romano\/\"]}]},{\"@type\":\"BreadcrumbList\",\"@id\":\"https:\/\/progettotouring.it\/radiotouring104\/2022\/10\/26\/unindustria-calabria-gli-industriali-calabresi-hanno-incontrato-giuseppe-romano\/#breadcrumb\",\"itemListElement\":[{\"@type\":\"ListItem\",\"position\":1,\"name\":\"Home\",\"item\":\"https:\/\/progettotouring.it\/radiotouring104\/\"},{\"@type\":\"ListItem\",\"position\":2,\"name\":\"Unindustria Calabria: gli industriali calabresi hanno incontrato Giuseppe Romano\"}]},{\"@type\":\"WebSite\",\"@id\":\"https:\/\/progettotouring.it\/radiotouring104\/#website\",\"url\":\"https:\/\/progettotouring.it\/radiotouring104\/\",\"name\":\"Radio Touring 104\",\"description\":\"La prima radio Reggina\",\"publisher\":{\"@id\":\"https:\/\/progettotouring.it\/radiotouring104\/#organization\"},\"potentialAction\":[{\"@type\":\"SearchAction\",\"target\":{\"@type\":\"EntryPoint\",\"urlTemplate\":\"https:\/\/progettotouring.it\/radiotouring104\/?s={search_term_string}\"},\"query-input\":{\"@type\":\"PropertyValueSpecification\",\"valueRequired\":true,\"valueName\":\"search_term_string\"}}],\"inLanguage\":\"it-IT\"},{\"@type\":\"Organization\",\"@id\":\"https:\/\/progettotouring.it\/radiotouring104\/#organization\",\"name\":\"Radio Touring 104\",\"url\":\"https:\/\/progettotouring.it\/radiotouring104\/\",\"logo\":{\"@type\":\"ImageObject\",\"inLanguage\":\"it-IT\",\"@id\":\"https:\/\/progettotouring.it\/radiotouring104\/#\/schema\/logo\/image\/\",\"url\":\"https:\/\/progettotouring.it\/radiotouring104\/wp-content\/uploads\/sites\/6\/2022\/02\/cropped-logo-radio-touring-104.png\",\"contentUrl\":\"https:\/\/progettotouring.it\/radiotouring104\/wp-content\/uploads\/sites\/6\/2022\/02\/cropped-logo-radio-touring-104.png\",\"width\":377,\"height\":182,\"caption\":\"Radio Touring 104\"},\"image\":{\"@id\":\"https:\/\/progettotouring.it\/radiotouring104\/#\/schema\/logo\/image\/\"}},{\"@type\":\"Person\",\"@id\":\"https:\/\/progettotouring.it\/radiotouring104\/#\/schema\/person\/4a82259ca52ac8702ad1a8f9e5a3120b\",\"name\":\"Filippo Francesco Idone\",\"image\":{\"@type\":\"ImageObject\",\"inLanguage\":\"it-IT\",\"@id\":\"https:\/\/secure.gravatar.com\/avatar\/7268715d2366395c3dd314385670e6484117d44f5c442e61e230f7008b7b62d3?s=96&d=mm&r=g\",\"url\":\"https:\/\/secure.gravatar.com\/avatar\/7268715d2366395c3dd314385670e6484117d44f5c442e61e230f7008b7b62d3?s=96&d=mm&r=g\",\"contentUrl\":\"https:\/\/secure.gravatar.com\/avatar\/7268715d2366395c3dd314385670e6484117d44f5c442e61e230f7008b7b62d3?s=96&d=mm&r=g\",\"caption\":\"Filippo Francesco Idone\"},\"url\":\"https:\/\/progettotouring.it\/radiotouring104\/author\/filippoidone\/\"}]}<\/script>\n<!-- \/ Yoast SEO plugin. -->","yoast_head_json":{"title":"Unindustria Calabria: gli industriali calabresi hanno incontrato Giuseppe Romano - Radio Touring 104","description":"Gli industriali calabresi hanno incontrato il commissario Zes Calabria per confrontarsi sulle opportunit\u00e0 connesse alla Zona economica","robots":{"index":"index","follow":"follow","max-snippet":"max-snippet:-1","max-image-preview":"max-image-preview:large","max-video-preview":"max-video-preview:-1"},"canonical":"https:\/\/progettotouring.it\/radiotouring104\/2022\/10\/26\/unindustria-calabria-gli-industriali-calabresi-hanno-incontrato-giuseppe-romano\/","og_locale":"it_IT","og_type":"article","og_title":"Unindustria Calabria: gli industriali calabresi hanno incontrato Giuseppe Romano - Radio Touring 104","og_description":"Gli industriali calabresi hanno incontrato il commissario Zes Calabria per confrontarsi sulle opportunit\u00e0 connesse alla Zona economica","og_url":"https:\/\/progettotouring.it\/radiotouring104\/2022\/10\/26\/unindustria-calabria-gli-industriali-calabresi-hanno-incontrato-giuseppe-romano\/","og_site_name":"Radio Touring 104","article_published_time":"2022-10-26T09:47:11+00:00","article_modified_time":"2022-10-27T09:23:15+00:00","og_image":[{"width":660,"height":368,"url":"https:\/\/progettotouring.it\/radiotouring104\/wp-content\/uploads\/sites\/6\/2022\/10\/Unindustria-Calabria.jpg","type":"image\/jpeg"}],"author":"Filippo Francesco Idone","twitter_card":"summary_large_image","twitter_misc":{"Scritto da":"Filippo Francesco Idone","Tempo di lettura stimato":"2 minuti"},"schema":{"@context":"https:\/\/schema.org","@graph":[{"@type":"Article","@id":"https:\/\/progettotouring.it\/radiotouring104\/2022\/10\/26\/unindustria-calabria-gli-industriali-calabresi-hanno-incontrato-giuseppe-romano\/#article","isPartOf":{"@id":"https:\/\/progettotouring.it\/radiotouring104\/2022\/10\/26\/unindustria-calabria-gli-industriali-calabresi-hanno-incontrato-giuseppe-romano\/"},"author":{"name":"Filippo Francesco Idone","@id":"https:\/\/progettotouring.it\/radiotouring104\/#\/schema\/person\/4a82259ca52ac8702ad1a8f9e5a3120b"},"headline":"Unindustria Calabria: gli industriali calabresi hanno incontrato Giuseppe Romano","datePublished":"2022-10-26T09:47:11+00:00","dateModified":"2022-10-27T09:23:15+00:00","mainEntityOfPage":{"@id":"https:\/\/progettotouring.it\/radiotouring104\/2022\/10\/26\/unindustria-calabria-gli-industriali-calabresi-hanno-incontrato-giuseppe-romano\/"},"wordCount":428,"commentCount":0,"publisher":{"@id":"https:\/\/progettotouring.it\/radiotouring104\/#organization"},"keywords":["romano","Unindustria Calabria","Zes Calabria"],"articleSection":["Calabria","Home","News"],"inLanguage":"it-IT","potentialAction":[{"@type":"CommentAction","name":"Comment","target":["https:\/\/progettotouring.it\/radiotouring104\/2022\/10\/26\/unindustria-calabria-gli-industriali-calabresi-hanno-incontrato-giuseppe-romano\/#respond"]}]},{"@type":"WebPage","@id":"https:\/\/progettotouring.it\/radiotouring104\/2022\/10\/26\/unindustria-calabria-gli-industriali-calabresi-hanno-incontrato-giuseppe-romano\/","url":"https:\/\/progettotouring.it\/radiotouring104\/2022\/10\/26\/unindustria-calabria-gli-industriali-calabresi-hanno-incontrato-giuseppe-romano\/","name":"Unindustria Calabria: gli industriali calabresi hanno incontrato Giuseppe Romano - Radio Touring 104","isPartOf":{"@id":"https:\/\/progettotouring.it\/radiotouring104\/#website"},"datePublished":"2022-10-26T09:47:11+00:00","dateModified":"2022-10-27T09:23:15+00:00","description":"Gli industriali calabresi hanno incontrato il commissario Zes Calabria per confrontarsi sulle opportunit\u00e0 connesse alla Zona economica","breadcrumb":{"@id":"https:\/\/progettotouring.it\/radiotouring104\/2022\/10\/26\/unindustria-calabria-gli-industriali-calabresi-hanno-incontrato-giuseppe-romano\/#breadcrumb"},"inLanguage":"it-IT","potentialAction":[{"@type":"ReadAction","target":["https:\/\/progettotouring.it\/radiotouring104\/2022\/10\/26\/unindustria-calabria-gli-industriali-calabresi-hanno-incontrato-giuseppe-romano\/"]}]},{"@type":"BreadcrumbList","@id":"https:\/\/progettotouring.it\/radiotouring104\/2022\/10\/26\/unindustria-calabria-gli-industriali-calabresi-hanno-incontrato-giuseppe-romano\/#breadcrumb","itemListElement":[{"@type":"ListItem","position":1,"name":"Home","item":"https:\/\/progettotouring.it\/radiotouring104\/"},{"@type":"ListItem","position":2,"name":"Unindustria Calabria: gli industriali calabresi hanno incontrato Giuseppe Romano"}]},{"@type":"WebSite","@id":"https:\/\/progettotouring.it\/radiotouring104\/#website","url":"https:\/\/progettotouring.it\/radiotouring104\/","name":"Radio Touring 104","description":"La prima radio Reggina","publisher":{"@id":"https:\/\/progettotouring.it\/radiotouring104\/#organization"},"potentialAction":[{"@type":"SearchAction","target":{"@type":"EntryPoint","urlTemplate":"https:\/\/progettotouring.it\/radiotouring104\/?s={search_term_string}"},"query-input":{"@type":"PropertyValueSpecification","valueRequired":true,"valueName":"search_term_string"}}],"inLanguage":"it-IT"},{"@type":"Organization","@id":"https:\/\/progettotouring.it\/radiotouring104\/#organization","name":"Radio Touring 104","url":"https:\/\/progettotouring.it\/radiotouring104\/","logo":{"@type":"ImageObject","inLanguage":"it-IT","@id":"https:\/\/progettotouring.it\/radiotouring104\/#\/schema\/logo\/image\/","url":"https:\/\/progettotouring.it\/radiotouring104\/wp-content\/uploads\/sites\/6\/2022\/02\/cropped-logo-radio-touring-104.png","contentUrl":"https:\/\/progettotouring.it\/radiotouring104\/wp-content\/uploads\/sites\/6\/2022\/02\/cropped-logo-radio-touring-104.png","width":377,"height":182,"caption":"Radio Touring 104"},"image":{"@id":"https:\/\/progettotouring.it\/radiotouring104\/#\/schema\/logo\/image\/"}},{"@type":"Person","@id":"https:\/\/progettotouring.it\/radiotouring104\/#\/schema\/person\/4a82259ca52ac8702ad1a8f9e5a3120b","name":"Filippo Francesco Idone","image":{"@type":"ImageObject","inLanguage":"it-IT","@id":"https:\/\/secure.gravatar.com\/avatar\/7268715d2366395c3dd314385670e6484117d44f5c442e61e230f7008b7b62d3?s=96&d=mm&r=g","url":"https:\/\/secure.gravatar.com\/avatar\/7268715d2366395c3dd314385670e6484117d44f5c442e61e230f7008b7b62d3?s=96&d=mm&r=g","contentUrl":"https:\/\/secure.gravatar.com\/avatar\/7268715d2366395c3dd314385670e6484117d44f5c442e61e230f7008b7b62d3?s=96&d=mm&r=g","caption":"Filippo Francesco Idone"},"url":"https:\/\/progettotouring.it\/radiotouring104\/author\/filippoidone\/"}]}},"jetpack_publicize_connections":[],"jetpack_featured_media_url":"","jetpack_sharing_enabled":true,"_links":{"self":[{"href":"https:\/\/progettotouring.it\/radiotouring104\/wp-json\/wp\/v2\/posts\/11021","targetHints":{"allow":["GET"]}}],"collection":[{"href":"https:\/\/progettotouring.it\/radiotouring104\/wp-json\/wp\/v2\/posts"}],"about":[{"href":"https:\/\/progettotouring.it\/radiotouring104\/wp-json\/wp\/v2\/types\/post"}],"author":[{"embeddable":true,"href":"https:\/\/progettotouring.it\/radiotouring104\/wp-json\/wp\/v2\/users\/8"}],"replies":[{"embeddable":true,"href":"https:\/\/progettotouring.it\/radiotouring104\/wp-json\/wp\/v2\/comments?post=11021"}],"version-history":[{"count":1,"href":"https:\/\/progettotouring.it\/radiotouring104\/wp-json\/wp\/v2\/posts\/11021\/revisions"}],"predecessor-version":[{"id":11022,"href":"https:\/\/progettotouring.it\/radiotouring104\/wp-json\/wp\/v2\/posts\/11021\/revisions\/11022"}],"wp:attachment":[{"href":"https:\/\/progettotouring.it\/radiotouring104\/wp-json\/wp\/v2\/media?parent=11021"}],"wp:term":[{"taxonomy":"category","embeddable":true,"href":"https:\/\/progettotouring.it\/radiotouring104\/wp-json\/wp\/v2\/categories?post=11021"},{"taxonomy":"post_tag","embeddable":true,"href":"https:\/\/progettotouring.it\/radiotouring104\/wp-json\/wp\/v2\/tags?post=11021"}],"curies":[{"name":"wp","href":"https:\/\/api.w.org\/{rel}","templated":true}]}}