{"id":11025,"date":"2022-10-26T12:41:34","date_gmt":"2022-10-26T10:41:34","guid":{"rendered":"https:\/\/progettotouring.it\/radiotouring104\/?p=11025"},"modified":"2022-10-26T12:41:34","modified_gmt":"2022-10-26T10:41:34","slug":"mosorrofa-grande-partecipazione-per-la-seconda-edizione-della-rievocazione-di-san-demetrio","status":"publish","type":"post","link":"https:\/\/progettotouring.it\/radiotouring104\/2022\/10\/26\/mosorrofa-grande-partecipazione-per-la-seconda-edizione-della-rievocazione-di-san-demetrio\/","title":{"rendered":"Mosorrofa: grande partecipazione per la seconda edizione della rievocazione di San Demetrio"},"content":{"rendered":"<p style=\"text-align: justify\">\u00c8 stata una festa ricca di partecipazione, storia e tradizioni la seconda edizione dell\u2019evento \u201c\u039f \u0386\u03b3\u03b9\u03bf\u03c2 \u0394\u03b7\u03bc\u03ae\u03c4\u03c1\u03b9\u03bf\u03c2 &#8211; San Demetrio\u201d tenutosi a <strong>Mosorrofa<\/strong> lo scorso 22 ottobre e organizzato dal <strong>Circolo Studi Vallata del Sant\u2019Agata<\/strong> e dall\u2019Associazione Culturale Attivamente, con il patrocinio della Parrocchia di<strong> S. Demetrio in Mosorrofa<\/strong> e del comune di <strong>Reggio Calabria<\/strong>. Una rievocazione storica in costumi settecenteschi che \u00e8 servita a trasmettere e valorizzare gli aspetti storici, religiosi e civili legati al culto di San Demetrio a Mosorrofa e alle leggende fiorite attorno alla sua figura. Partendo da un quadro storico ben preciso, la peste che nel 1743 colp\u00ec le citt\u00e0 di Reggio e Messina causando decine di migliaia di morti, un centinaio di figuranti hanno rievocato la leggenda dell\u2019apparizione di <strong>San Demetrio,<\/strong> patrono di <strong>Mosorrofa<\/strong>, che ha scacciato la \u201cPeste\u201d, giunta in paese sotto forma di vecchia untrice. Difatti, come ha spiegato il prof. <strong>Orlando Sorgon\u00e0<\/strong> a chiosa dell\u2019evento, dagli studi effettuati dallo stesso non risulterebbe alcuna annotazione di morte riferita a cittadini di Mosorrofa e legata all\u2019epidemia di peste. Sorte non altrettanto lieta per i vicini abitanti di <strong>Cataforio<\/strong> dove l\u2019epidemia ha causato diverse vittime.<\/p>\n<p style=\"text-align: justify\">Per esprimere la propria gratitudine al santo per la grazia ricevuta, i figuranti hanno intonato canti di ringraziamento in dialetto mosorrofano e in greco e hanno inscenato un corteo che si \u00e8 snodato lungo le vie pi\u00f9 antiche di Mosorrofa e che ha visto sfilare una processione introdotta dai suonatori di tamburi e guidata dal governatore dell\u2019antica e gloriosa citt\u00e0 di S. Agata, di cui Mosorrofa era casale. Si sono viste le autorit\u00e0 accompagnate e protette dalle milizie settecentesche, i sindaci locali, il vescovo, i prelati membri della<strong> <em>Comunia S. Agatina<\/em>,<\/strong> e la confraternita settecentesca di S. Demetrio che ha trasportato la vara del santo, ricostruita per l\u2019occasione. Si sono susseguite poi le famiglie dei <strong>Melacrino, dei Sarlo<\/strong>, dei <strong>Borruto<\/strong> e dei <strong>Federico<\/strong>, nobili di <strong>Sant\u2019Agata<\/strong> nei loro sfarzosi vestiti e con tanto di stendardi del casato di appartenenza. E poi la parte pi\u00f9 genuinamente popolare rappresentata dalla gente comune che ha accompagnato la vara in processione a testimonianza di una fede sentita, viva e scandita dal lento pianto delle \u201cpie donne\u201d segno di un trasporto particolare per il martirio del santo.<\/p>\n<p style=\"text-align: justify\">Il tutto si \u00e8 concluso in <strong>Piazza<\/strong> <strong>Chiesa<\/strong>, dove il governatore di Sant\u2019Agata ha pronunciato il discorso finale di ringraziamento al santo e dove il \u201cvescovo\u201d ha intonato la sua benedizione al popolo di Mosorrofa. Grande \u00e8 stata la partecipazione all\u2019evento, con la presenza in tutto il paese di una folla di persone giunte per l\u2019occasione da diverse zone della citt\u00e0 per ammirare il fascino dei luoghi e la bellezza e accuratezza della rievocazione. Lo stimolo principale all\u2019organizzazione di eventi del genere viene dalla volont\u00e0 di far rivivere e perpetuare, oltre alla storia, le tradizioni e i costumi della nostra terra. \u00c8 in quest\u2019ottica che il giorno prima della rievocazione un gruppo ristretto di figuranti ha fatto visita alle scuole del territorio, trasmettendo a bambini e ragazzi le notizie storiche e spiegando gli aspetti pi\u00f9 significativi delle tradizioni mosorrofane e del culto di San Demetrio. Il tutto con l\u2019obiettivo di creare una continuit\u00e0 caratterizzata dalla conoscenza e dall\u2019amore per la propria terra e per i suoi aspetti pi\u00f9 significativi. Perch\u00e9 conoscere la propria storia \u00e8 la premessa fondante per capire cosa siamo stati e per essere il meglio di ci\u00f2 potremmo.<\/p>\n","protected":false},"excerpt":{"rendered":"<p>\u00c8 stata una festa ricca di partecipazione, storia e tradizioni la seconda edizione dell\u2019evento \u201c\u039f \u0386\u03b3\u03b9\u03bf\u03c2 \u0394\u03b7\u03bc\u03ae\u03c4\u03c1\u03b9\u03bf\u03c2 &#8211; San Demetrio\u201d tenutosi a Mosorrofa lo scorso 22 ottobre e organizzato dal&hellip;<\/p>\n","protected":false},"author":8,"featured_media":11026,"comment_status":"open","ping_status":"open","sticky":false,"template":"","format":"standard","meta":{"_jetpack_memberships_contains_paid_content":false,"footnotes":"","jetpack_publicize_message":"","jetpack_publicize_feature_enabled":true,"jetpack_social_post_already_shared":false,"jetpack_social_options":{"image_generator_settings":{"template":"highway","default_image_id":0,"font":"","enabled":false},"version":2}},"categories":[921,196,140],"tags":[5073,5074,2686,236,4913],"class_list":["post-11025","post","type-post","status-publish","format-standard","has-post-thumbnail","hentry","category-home","category-news","category-reggio-calabria","tag-comunia-s-agatina","tag-melacrino","tag-mosorrofa","tag-reggio-calabria","tag-san-demetrio"],"yoast_head":"<!-- This site is optimized with the Yoast SEO plugin v27.2 - https:\/\/yoast.com\/product\/yoast-seo-wordpress\/ -->\n<title>Mosorrofa: grande festa per la rievocazione di San Demetrio<\/title>\n<meta name=\"description\" content=\"\u00c8 stata una festa ricca di partecipazione per la seconda edizione dell\u2019evento \u201c\u039f \u0386\u03b3\u03b9\u03bf\u03c2 \u0394\u03b7\u03bc\u03ae\u03c4\u03c1\u03b9\u03bf\u03c2 - San Demetrio\u201d tenutosi a Mosorrofa\" \/>\n<meta name=\"robots\" content=\"index, follow, max-snippet:-1, max-image-preview:large, max-video-preview:-1\" \/>\n<link rel=\"canonical\" href=\"https:\/\/progettotouring.it\/radiotouring104\/2022\/10\/26\/mosorrofa-grande-partecipazione-per-la-seconda-edizione-della-rievocazione-di-san-demetrio\/\" \/>\n<meta property=\"og:locale\" content=\"it_IT\" \/>\n<meta property=\"og:type\" content=\"article\" \/>\n<meta property=\"og:title\" content=\"Mosorrofa: grande festa per la rievocazione di San Demetrio\" \/>\n<meta property=\"og:description\" content=\"\u00c8 stata una festa ricca di partecipazione per la seconda edizione dell\u2019evento \u201c\u039f \u0386\u03b3\u03b9\u03bf\u03c2 \u0394\u03b7\u03bc\u03ae\u03c4\u03c1\u03b9\u03bf\u03c2 - San Demetrio\u201d tenutosi a Mosorrofa\" \/>\n<meta property=\"og:url\" content=\"https:\/\/progettotouring.it\/radiotouring104\/2022\/10\/26\/mosorrofa-grande-partecipazione-per-la-seconda-edizione-della-rievocazione-di-san-demetrio\/\" \/>\n<meta property=\"og:site_name\" content=\"Radio Touring 104\" \/>\n<meta property=\"article:published_time\" content=\"2022-10-26T10:41:34+00:00\" \/>\n<meta property=\"og:image\" content=\"https:\/\/progettotouring.it\/radiotouring104\/wp-content\/uploads\/sites\/6\/2022\/10\/Mosorrofa.jpg\" \/>\n\t<meta property=\"og:image:width\" content=\"1079\" \/>\n\t<meta property=\"og:image:height\" content=\"720\" \/>\n\t<meta property=\"og:image:type\" content=\"image\/jpeg\" \/>\n<meta name=\"author\" content=\"Filippo Francesco Idone\" \/>\n<meta name=\"twitter:card\" content=\"summary_large_image\" \/>\n<meta name=\"twitter:label1\" content=\"Scritto da\" \/>\n\t<meta name=\"twitter:data1\" content=\"Filippo Francesco Idone\" \/>\n\t<meta name=\"twitter:label2\" content=\"Tempo di lettura stimato\" \/>\n\t<meta name=\"twitter:data2\" content=\"3 minuti\" \/>\n<script type=\"application\/ld+json\" class=\"yoast-schema-graph\">{\"@context\":\"https:\/\/schema.org\",\"@graph\":[{\"@type\":\"Article\",\"@id\":\"https:\/\/progettotouring.it\/radiotouring104\/2022\/10\/26\/mosorrofa-grande-partecipazione-per-la-seconda-edizione-della-rievocazione-di-san-demetrio\/#article\",\"isPartOf\":{\"@id\":\"https:\/\/progettotouring.it\/radiotouring104\/2022\/10\/26\/mosorrofa-grande-partecipazione-per-la-seconda-edizione-della-rievocazione-di-san-demetrio\/\"},\"author\":{\"name\":\"Filippo Francesco Idone\",\"@id\":\"https:\/\/progettotouring.it\/radiotouring104\/#\/schema\/person\/4a82259ca52ac8702ad1a8f9e5a3120b\"},\"headline\":\"Mosorrofa: grande partecipazione per la seconda edizione della rievocazione di San Demetrio\",\"datePublished\":\"2022-10-26T10:41:34+00:00\",\"mainEntityOfPage\":{\"@id\":\"https:\/\/progettotouring.it\/radiotouring104\/2022\/10\/26\/mosorrofa-grande-partecipazione-per-la-seconda-edizione-della-rievocazione-di-san-demetrio\/\"},\"wordCount\":581,\"commentCount\":0,\"publisher\":{\"@id\":\"https:\/\/progettotouring.it\/radiotouring104\/#organization\"},\"image\":{\"@id\":\"https:\/\/progettotouring.it\/radiotouring104\/2022\/10\/26\/mosorrofa-grande-partecipazione-per-la-seconda-edizione-della-rievocazione-di-san-demetrio\/#primaryimage\"},\"thumbnailUrl\":\"https:\/\/progettotouring.it\/radiotouring104\/wp-content\/uploads\/sites\/6\/2022\/10\/Mosorrofa.jpg\",\"keywords\":[\"comunia s.agatina\",\"Melacrino\",\"mosorrofa\",\"reggio calabria\",\"san demetrio\"],\"articleSection\":[\"Home\",\"News\",\"Reggio Calabria\"],\"inLanguage\":\"it-IT\",\"potentialAction\":[{\"@type\":\"CommentAction\",\"name\":\"Comment\",\"target\":[\"https:\/\/progettotouring.it\/radiotouring104\/2022\/10\/26\/mosorrofa-grande-partecipazione-per-la-seconda-edizione-della-rievocazione-di-san-demetrio\/#respond\"]}]},{\"@type\":\"WebPage\",\"@id\":\"https:\/\/progettotouring.it\/radiotouring104\/2022\/10\/26\/mosorrofa-grande-partecipazione-per-la-seconda-edizione-della-rievocazione-di-san-demetrio\/\",\"url\":\"https:\/\/progettotouring.it\/radiotouring104\/2022\/10\/26\/mosorrofa-grande-partecipazione-per-la-seconda-edizione-della-rievocazione-di-san-demetrio\/\",\"name\":\"Mosorrofa: grande festa per la rievocazione di San Demetrio\",\"isPartOf\":{\"@id\":\"https:\/\/progettotouring.it\/radiotouring104\/#website\"},\"primaryImageOfPage\":{\"@id\":\"https:\/\/progettotouring.it\/radiotouring104\/2022\/10\/26\/mosorrofa-grande-partecipazione-per-la-seconda-edizione-della-rievocazione-di-san-demetrio\/#primaryimage\"},\"image\":{\"@id\":\"https:\/\/progettotouring.it\/radiotouring104\/2022\/10\/26\/mosorrofa-grande-partecipazione-per-la-seconda-edizione-della-rievocazione-di-san-demetrio\/#primaryimage\"},\"thumbnailUrl\":\"https:\/\/progettotouring.it\/radiotouring104\/wp-content\/uploads\/sites\/6\/2022\/10\/Mosorrofa.jpg\",\"datePublished\":\"2022-10-26T10:41:34+00:00\",\"description\":\"\u00c8 stata una festa ricca di partecipazione per la seconda edizione dell\u2019evento \u201c\u039f \u0386\u03b3\u03b9\u03bf\u03c2 \u0394\u03b7\u03bc\u03ae\u03c4\u03c1\u03b9\u03bf\u03c2 - San Demetrio\u201d tenutosi a Mosorrofa\",\"breadcrumb\":{\"@id\":\"https:\/\/progettotouring.it\/radiotouring104\/2022\/10\/26\/mosorrofa-grande-partecipazione-per-la-seconda-edizione-della-rievocazione-di-san-demetrio\/#breadcrumb\"},\"inLanguage\":\"it-IT\",\"potentialAction\":[{\"@type\":\"ReadAction\",\"target\":[\"https:\/\/progettotouring.it\/radiotouring104\/2022\/10\/26\/mosorrofa-grande-partecipazione-per-la-seconda-edizione-della-rievocazione-di-san-demetrio\/\"]}]},{\"@type\":\"ImageObject\",\"inLanguage\":\"it-IT\",\"@id\":\"https:\/\/progettotouring.it\/radiotouring104\/2022\/10\/26\/mosorrofa-grande-partecipazione-per-la-seconda-edizione-della-rievocazione-di-san-demetrio\/#primaryimage\",\"url\":\"https:\/\/progettotouring.it\/radiotouring104\/wp-content\/uploads\/sites\/6\/2022\/10\/Mosorrofa.jpg\",\"contentUrl\":\"https:\/\/progettotouring.it\/radiotouring104\/wp-content\/uploads\/sites\/6\/2022\/10\/Mosorrofa.jpg\",\"width\":1079,\"height\":720},{\"@type\":\"BreadcrumbList\",\"@id\":\"https:\/\/progettotouring.it\/radiotouring104\/2022\/10\/26\/mosorrofa-grande-partecipazione-per-la-seconda-edizione-della-rievocazione-di-san-demetrio\/#breadcrumb\",\"itemListElement\":[{\"@type\":\"ListItem\",\"position\":1,\"name\":\"Home\",\"item\":\"https:\/\/progettotouring.it\/radiotouring104\/\"},{\"@type\":\"ListItem\",\"position\":2,\"name\":\"Mosorrofa: grande partecipazione per la seconda edizione della rievocazione di San Demetrio\"}]},{\"@type\":\"WebSite\",\"@id\":\"https:\/\/progettotouring.it\/radiotouring104\/#website\",\"url\":\"https:\/\/progettotouring.it\/radiotouring104\/\",\"name\":\"Radio Touring 104\",\"description\":\"La prima radio Reggina\",\"publisher\":{\"@id\":\"https:\/\/progettotouring.it\/radiotouring104\/#organization\"},\"potentialAction\":[{\"@type\":\"SearchAction\",\"target\":{\"@type\":\"EntryPoint\",\"urlTemplate\":\"https:\/\/progettotouring.it\/radiotouring104\/?s={search_term_string}\"},\"query-input\":{\"@type\":\"PropertyValueSpecification\",\"valueRequired\":true,\"valueName\":\"search_term_string\"}}],\"inLanguage\":\"it-IT\"},{\"@type\":\"Organization\",\"@id\":\"https:\/\/progettotouring.it\/radiotouring104\/#organization\",\"name\":\"Radio Touring 104\",\"url\":\"https:\/\/progettotouring.it\/radiotouring104\/\",\"logo\":{\"@type\":\"ImageObject\",\"inLanguage\":\"it-IT\",\"@id\":\"https:\/\/progettotouring.it\/radiotouring104\/#\/schema\/logo\/image\/\",\"url\":\"https:\/\/progettotouring.it\/radiotouring104\/wp-content\/uploads\/sites\/6\/2022\/02\/cropped-logo-radio-touring-104.png\",\"contentUrl\":\"https:\/\/progettotouring.it\/radiotouring104\/wp-content\/uploads\/sites\/6\/2022\/02\/cropped-logo-radio-touring-104.png\",\"width\":377,\"height\":182,\"caption\":\"Radio Touring 104\"},\"image\":{\"@id\":\"https:\/\/progettotouring.it\/radiotouring104\/#\/schema\/logo\/image\/\"}},{\"@type\":\"Person\",\"@id\":\"https:\/\/progettotouring.it\/radiotouring104\/#\/schema\/person\/4a82259ca52ac8702ad1a8f9e5a3120b\",\"name\":\"Filippo Francesco Idone\",\"image\":{\"@type\":\"ImageObject\",\"inLanguage\":\"it-IT\",\"@id\":\"https:\/\/secure.gravatar.com\/avatar\/7268715d2366395c3dd314385670e6484117d44f5c442e61e230f7008b7b62d3?s=96&d=mm&r=g\",\"url\":\"https:\/\/secure.gravatar.com\/avatar\/7268715d2366395c3dd314385670e6484117d44f5c442e61e230f7008b7b62d3?s=96&d=mm&r=g\",\"contentUrl\":\"https:\/\/secure.gravatar.com\/avatar\/7268715d2366395c3dd314385670e6484117d44f5c442e61e230f7008b7b62d3?s=96&d=mm&r=g\",\"caption\":\"Filippo Francesco Idone\"},\"url\":\"https:\/\/progettotouring.it\/radiotouring104\/author\/filippoidone\/\"}]}<\/script>\n<!-- \/ Yoast SEO plugin. -->","yoast_head_json":{"title":"Mosorrofa: grande festa per la rievocazione di San Demetrio","description":"\u00c8 stata una festa ricca di partecipazione per la seconda edizione dell\u2019evento \u201c\u039f \u0386\u03b3\u03b9\u03bf\u03c2 \u0394\u03b7\u03bc\u03ae\u03c4\u03c1\u03b9\u03bf\u03c2 - San Demetrio\u201d tenutosi a Mosorrofa","robots":{"index":"index","follow":"follow","max-snippet":"max-snippet:-1","max-image-preview":"max-image-preview:large","max-video-preview":"max-video-preview:-1"},"canonical":"https:\/\/progettotouring.it\/radiotouring104\/2022\/10\/26\/mosorrofa-grande-partecipazione-per-la-seconda-edizione-della-rievocazione-di-san-demetrio\/","og_locale":"it_IT","og_type":"article","og_title":"Mosorrofa: grande festa per la rievocazione di San Demetrio","og_description":"\u00c8 stata una festa ricca di partecipazione per la seconda edizione dell\u2019evento \u201c\u039f \u0386\u03b3\u03b9\u03bf\u03c2 \u0394\u03b7\u03bc\u03ae\u03c4\u03c1\u03b9\u03bf\u03c2 - San Demetrio\u201d tenutosi a Mosorrofa","og_url":"https:\/\/progettotouring.it\/radiotouring104\/2022\/10\/26\/mosorrofa-grande-partecipazione-per-la-seconda-edizione-della-rievocazione-di-san-demetrio\/","og_site_name":"Radio Touring 104","article_published_time":"2022-10-26T10:41:34+00:00","og_image":[{"width":1079,"height":720,"url":"https:\/\/progettotouring.it\/radiotouring104\/wp-content\/uploads\/sites\/6\/2022\/10\/Mosorrofa.jpg","type":"image\/jpeg"}],"author":"Filippo Francesco Idone","twitter_card":"summary_large_image","twitter_misc":{"Scritto da":"Filippo Francesco Idone","Tempo di lettura stimato":"3 minuti"},"schema":{"@context":"https:\/\/schema.org","@graph":[{"@type":"Article","@id":"https:\/\/progettotouring.it\/radiotouring104\/2022\/10\/26\/mosorrofa-grande-partecipazione-per-la-seconda-edizione-della-rievocazione-di-san-demetrio\/#article","isPartOf":{"@id":"https:\/\/progettotouring.it\/radiotouring104\/2022\/10\/26\/mosorrofa-grande-partecipazione-per-la-seconda-edizione-della-rievocazione-di-san-demetrio\/"},"author":{"name":"Filippo Francesco Idone","@id":"https:\/\/progettotouring.it\/radiotouring104\/#\/schema\/person\/4a82259ca52ac8702ad1a8f9e5a3120b"},"headline":"Mosorrofa: grande partecipazione per la seconda edizione della rievocazione di San Demetrio","datePublished":"2022-10-26T10:41:34+00:00","mainEntityOfPage":{"@id":"https:\/\/progettotouring.it\/radiotouring104\/2022\/10\/26\/mosorrofa-grande-partecipazione-per-la-seconda-edizione-della-rievocazione-di-san-demetrio\/"},"wordCount":581,"commentCount":0,"publisher":{"@id":"https:\/\/progettotouring.it\/radiotouring104\/#organization"},"image":{"@id":"https:\/\/progettotouring.it\/radiotouring104\/2022\/10\/26\/mosorrofa-grande-partecipazione-per-la-seconda-edizione-della-rievocazione-di-san-demetrio\/#primaryimage"},"thumbnailUrl":"https:\/\/progettotouring.it\/radiotouring104\/wp-content\/uploads\/sites\/6\/2022\/10\/Mosorrofa.jpg","keywords":["comunia s.agatina","Melacrino","mosorrofa","reggio calabria","san demetrio"],"articleSection":["Home","News","Reggio Calabria"],"inLanguage":"it-IT","potentialAction":[{"@type":"CommentAction","name":"Comment","target":["https:\/\/progettotouring.it\/radiotouring104\/2022\/10\/26\/mosorrofa-grande-partecipazione-per-la-seconda-edizione-della-rievocazione-di-san-demetrio\/#respond"]}]},{"@type":"WebPage","@id":"https:\/\/progettotouring.it\/radiotouring104\/2022\/10\/26\/mosorrofa-grande-partecipazione-per-la-seconda-edizione-della-rievocazione-di-san-demetrio\/","url":"https:\/\/progettotouring.it\/radiotouring104\/2022\/10\/26\/mosorrofa-grande-partecipazione-per-la-seconda-edizione-della-rievocazione-di-san-demetrio\/","name":"Mosorrofa: grande festa per la rievocazione di San Demetrio","isPartOf":{"@id":"https:\/\/progettotouring.it\/radiotouring104\/#website"},"primaryImageOfPage":{"@id":"https:\/\/progettotouring.it\/radiotouring104\/2022\/10\/26\/mosorrofa-grande-partecipazione-per-la-seconda-edizione-della-rievocazione-di-san-demetrio\/#primaryimage"},"image":{"@id":"https:\/\/progettotouring.it\/radiotouring104\/2022\/10\/26\/mosorrofa-grande-partecipazione-per-la-seconda-edizione-della-rievocazione-di-san-demetrio\/#primaryimage"},"thumbnailUrl":"https:\/\/progettotouring.it\/radiotouring104\/wp-content\/uploads\/sites\/6\/2022\/10\/Mosorrofa.jpg","datePublished":"2022-10-26T10:41:34+00:00","description":"\u00c8 stata una festa ricca di partecipazione per la seconda edizione dell\u2019evento \u201c\u039f \u0386\u03b3\u03b9\u03bf\u03c2 \u0394\u03b7\u03bc\u03ae\u03c4\u03c1\u03b9\u03bf\u03c2 - San Demetrio\u201d tenutosi a Mosorrofa","breadcrumb":{"@id":"https:\/\/progettotouring.it\/radiotouring104\/2022\/10\/26\/mosorrofa-grande-partecipazione-per-la-seconda-edizione-della-rievocazione-di-san-demetrio\/#breadcrumb"},"inLanguage":"it-IT","potentialAction":[{"@type":"ReadAction","target":["https:\/\/progettotouring.it\/radiotouring104\/2022\/10\/26\/mosorrofa-grande-partecipazione-per-la-seconda-edizione-della-rievocazione-di-san-demetrio\/"]}]},{"@type":"ImageObject","inLanguage":"it-IT","@id":"https:\/\/progettotouring.it\/radiotouring104\/2022\/10\/26\/mosorrofa-grande-partecipazione-per-la-seconda-edizione-della-rievocazione-di-san-demetrio\/#primaryimage","url":"https:\/\/progettotouring.it\/radiotouring104\/wp-content\/uploads\/sites\/6\/2022\/10\/Mosorrofa.jpg","contentUrl":"https:\/\/progettotouring.it\/radiotouring104\/wp-content\/uploads\/sites\/6\/2022\/10\/Mosorrofa.jpg","width":1079,"height":720},{"@type":"BreadcrumbList","@id":"https:\/\/progettotouring.it\/radiotouring104\/2022\/10\/26\/mosorrofa-grande-partecipazione-per-la-seconda-edizione-della-rievocazione-di-san-demetrio\/#breadcrumb","itemListElement":[{"@type":"ListItem","position":1,"name":"Home","item":"https:\/\/progettotouring.it\/radiotouring104\/"},{"@type":"ListItem","position":2,"name":"Mosorrofa: grande partecipazione per la seconda edizione della rievocazione di San Demetrio"}]},{"@type":"WebSite","@id":"https:\/\/progettotouring.it\/radiotouring104\/#website","url":"https:\/\/progettotouring.it\/radiotouring104\/","name":"Radio Touring 104","description":"La prima radio Reggina","publisher":{"@id":"https:\/\/progettotouring.it\/radiotouring104\/#organization"},"potentialAction":[{"@type":"SearchAction","target":{"@type":"EntryPoint","urlTemplate":"https:\/\/progettotouring.it\/radiotouring104\/?s={search_term_string}"},"query-input":{"@type":"PropertyValueSpecification","valueRequired":true,"valueName":"search_term_string"}}],"inLanguage":"it-IT"},{"@type":"Organization","@id":"https:\/\/progettotouring.it\/radiotouring104\/#organization","name":"Radio Touring 104","url":"https:\/\/progettotouring.it\/radiotouring104\/","logo":{"@type":"ImageObject","inLanguage":"it-IT","@id":"https:\/\/progettotouring.it\/radiotouring104\/#\/schema\/logo\/image\/","url":"https:\/\/progettotouring.it\/radiotouring104\/wp-content\/uploads\/sites\/6\/2022\/02\/cropped-logo-radio-touring-104.png","contentUrl":"https:\/\/progettotouring.it\/radiotouring104\/wp-content\/uploads\/sites\/6\/2022\/02\/cropped-logo-radio-touring-104.png","width":377,"height":182,"caption":"Radio Touring 104"},"image":{"@id":"https:\/\/progettotouring.it\/radiotouring104\/#\/schema\/logo\/image\/"}},{"@type":"Person","@id":"https:\/\/progettotouring.it\/radiotouring104\/#\/schema\/person\/4a82259ca52ac8702ad1a8f9e5a3120b","name":"Filippo Francesco Idone","image":{"@type":"ImageObject","inLanguage":"it-IT","@id":"https:\/\/secure.gravatar.com\/avatar\/7268715d2366395c3dd314385670e6484117d44f5c442e61e230f7008b7b62d3?s=96&d=mm&r=g","url":"https:\/\/secure.gravatar.com\/avatar\/7268715d2366395c3dd314385670e6484117d44f5c442e61e230f7008b7b62d3?s=96&d=mm&r=g","contentUrl":"https:\/\/secure.gravatar.com\/avatar\/7268715d2366395c3dd314385670e6484117d44f5c442e61e230f7008b7b62d3?s=96&d=mm&r=g","caption":"Filippo Francesco Idone"},"url":"https:\/\/progettotouring.it\/radiotouring104\/author\/filippoidone\/"}]}},"jetpack_publicize_connections":[],"jetpack_featured_media_url":"https:\/\/progettotouring.it\/radiotouring104\/wp-content\/uploads\/sites\/6\/2022\/10\/Mosorrofa.jpg","jetpack_sharing_enabled":true,"_links":{"self":[{"href":"https:\/\/progettotouring.it\/radiotouring104\/wp-json\/wp\/v2\/posts\/11025","targetHints":{"allow":["GET"]}}],"collection":[{"href":"https:\/\/progettotouring.it\/radiotouring104\/wp-json\/wp\/v2\/posts"}],"about":[{"href":"https:\/\/progettotouring.it\/radiotouring104\/wp-json\/wp\/v2\/types\/post"}],"author":[{"embeddable":true,"href":"https:\/\/progettotouring.it\/radiotouring104\/wp-json\/wp\/v2\/users\/8"}],"replies":[{"embeddable":true,"href":"https:\/\/progettotouring.it\/radiotouring104\/wp-json\/wp\/v2\/comments?post=11025"}],"version-history":[{"count":1,"href":"https:\/\/progettotouring.it\/radiotouring104\/wp-json\/wp\/v2\/posts\/11025\/revisions"}],"predecessor-version":[{"id":11028,"href":"https:\/\/progettotouring.it\/radiotouring104\/wp-json\/wp\/v2\/posts\/11025\/revisions\/11028"}],"wp:featuredmedia":[{"embeddable":true,"href":"https:\/\/progettotouring.it\/radiotouring104\/wp-json\/wp\/v2\/media\/11026"}],"wp:attachment":[{"href":"https:\/\/progettotouring.it\/radiotouring104\/wp-json\/wp\/v2\/media?parent=11025"}],"wp:term":[{"taxonomy":"category","embeddable":true,"href":"https:\/\/progettotouring.it\/radiotouring104\/wp-json\/wp\/v2\/categories?post=11025"},{"taxonomy":"post_tag","embeddable":true,"href":"https:\/\/progettotouring.it\/radiotouring104\/wp-json\/wp\/v2\/tags?post=11025"}],"curies":[{"name":"wp","href":"https:\/\/api.w.org\/{rel}","templated":true}]}}