{"id":11033,"date":"2022-10-26T13:11:54","date_gmt":"2022-10-26T11:11:54","guid":{"rendered":"https:\/\/progettotouring.it\/radiotouring104\/?p=11033"},"modified":"2022-10-26T13:11:54","modified_gmt":"2022-10-26T11:11:54","slug":"reggio-calabria-inaugurata-la-mostra-sul-milite-ignoto","status":"publish","type":"post","link":"https:\/\/progettotouring.it\/radiotouring104\/2022\/10\/26\/reggio-calabria-inaugurata-la-mostra-sul-milite-ignoto\/","title":{"rendered":"Reggio Calabria: inaugurata la mostra sul Milite Ignoto"},"content":{"rendered":"<div dir=\"auto\" style=\"text-align: justify\"><em>&#8220;L&#8217;esercizio della memoria non deve conoscere interruzioni, specie in questo particolare momento storico e tutti noi, istituzioni e societ\u00e0 civile abbiamo il dovere di essere i primi custodi di ci\u00f2 che \u00e8 stato. E bene ha fatto l&#8217;Unione Nazionale Ufficiali in Congedo d\u2019 Italia Sezione di <strong>Reggio Calabria,<\/strong> presieduta da <strong>Nicola Pavone<\/strong>, a farsi promotrice di questo importante e qualificato momento di ricordo e approfondimento di carattere storico&#8221;. E&#8217; quanto affermato dal consigliere metropolitano delegato, Giuseppe Giordano, nel corso della cerimonia di inaugurazione della mostra filatelica documentale sul Milite Ignoto presso il salone del palazzo delle Poste Italiane in via Miraglia di <strong>Reggio Calabria<\/strong>. L&#8217;iniziativa, a cui hanno preso parte tra gli altri rappresentanti del Ministero della Difesa e autorit\u00e0 militari locali, si inserisce nel quadro pi\u00f9 ampio della \u201c<strong>Grande Guerra: chiusura celebrazioni 100\u00b0 anniversario della tumulazione del Milite Ignoto<\/strong>\u201d<\/em>. Per l&#8217;occasione, inoltre, \u00e8 stato presentato anche l\u2019annullo filatelico speciale di Poste Italiane dedicato a questa ricorrenza.<\/div>\n<div dir=\"auto\"><\/div>\n<div dir=\"auto\" style=\"text-align: justify\"><em>&#8220;Attualizzare questa importantissima pagina di storia del nostro Paese &#8211;<\/em> ha poi aggiunto Giordano &#8211; <em>significa rafforzare quel percorso di consapevolezza e conoscenza intorno ai valori pi\u00f9 nobili e alti che caratterizzano il profilo di coloro che attraverso l&#8217;estremo sacrificio hanno consentito alle future generazioni di conoscere un avvenire di convivenza pacifica, diritti e democrazia. E&#8217; questo, credo, il messaggio pi\u00f9 autentico e incisivo di cui il Milite ignoto, ancora oggi, si fa portatore. E voglio rinnovare, a nome della Citt\u00e0 metropolitana di Reggio Calabria, &#8211; ha poi concluso il rappresentante di Palazzo &#8220;Corrado Alvaro&#8221;<\/em> &#8211; i complimenti pi\u00f9 convinti all&#8217;UNUCI per il costante e fattivo impegno che questa virtuosa realt\u00e0 nazionale continua a promuovere sul nostro territorio, facendosi interprete e divulgatore, specie all\u2019interno delle scuole e nei confronti dei pi\u00f9 giovani, proprio di quei principi morali e valori culturali che legano insieme le Forze armate e la societ\u00e0 civile\u201d.<\/div>\n","protected":false},"excerpt":{"rendered":"<p>&#8220;L&#8217;esercizio della memoria non deve conoscere interruzioni, specie in questo particolare momento storico e tutti noi, istituzioni e societ\u00e0 civile abbiamo il dovere di essere i primi custodi di ci\u00f2&hellip;<\/p>\n","protected":false},"author":8,"featured_media":11034,"comment_status":"open","ping_status":"open","sticky":false,"template":"","format":"standard","meta":{"_jetpack_memberships_contains_paid_content":false,"footnotes":"","jetpack_publicize_message":"","jetpack_publicize_feature_enabled":true,"jetpack_social_post_already_shared":false,"jetpack_social_options":{"image_generator_settings":{"template":"highway","default_image_id":0,"font":"","enabled":false},"version":2}},"categories":[921,196,140],"tags":[5077,2617,236],"class_list":["post-11033","post","type-post","status-publish","format-standard","has-post-thumbnail","hentry","category-home","category-news","category-reggio-calabria","tag-milite-ignoto","tag-nicola-pavone","tag-reggio-calabria"],"yoast_head":"<!-- This site is optimized with the Yoast SEO plugin v27.2 - https:\/\/yoast.com\/product\/yoast-seo-wordpress\/ -->\n<title>Reggio Calabria: inaugurata la mostra sul Milite Ignoto<\/title>\n<meta name=\"description\" content=\"Il consigliere metropolitano delegato Giordano \u00e8 stato presente alla cerimonia di inaugurazione della mostra sul Milite Ignoto\" \/>\n<meta name=\"robots\" content=\"index, follow, max-snippet:-1, max-image-preview:large, max-video-preview:-1\" \/>\n<link rel=\"canonical\" href=\"https:\/\/progettotouring.it\/radiotouring104\/2022\/10\/26\/reggio-calabria-inaugurata-la-mostra-sul-milite-ignoto\/\" \/>\n<meta property=\"og:locale\" content=\"it_IT\" \/>\n<meta property=\"og:type\" content=\"article\" \/>\n<meta property=\"og:title\" content=\"Reggio Calabria: inaugurata la mostra sul Milite Ignoto\" \/>\n<meta property=\"og:description\" content=\"Il consigliere metropolitano delegato Giordano \u00e8 stato presente alla cerimonia di inaugurazione della mostra sul Milite Ignoto\" \/>\n<meta property=\"og:url\" content=\"https:\/\/progettotouring.it\/radiotouring104\/2022\/10\/26\/reggio-calabria-inaugurata-la-mostra-sul-milite-ignoto\/\" \/>\n<meta property=\"og:site_name\" content=\"Radio Touring 104\" \/>\n<meta property=\"article:published_time\" content=\"2022-10-26T11:11:54+00:00\" \/>\n<meta property=\"og:image\" content=\"https:\/\/progettotouring.it\/radiotouring104\/wp-content\/uploads\/sites\/6\/2022\/10\/Milite-Ignoto.jpg\" \/>\n\t<meta property=\"og:image:width\" content=\"1824\" \/>\n\t<meta property=\"og:image:height\" content=\"1368\" \/>\n\t<meta property=\"og:image:type\" content=\"image\/jpeg\" \/>\n<meta name=\"author\" content=\"Filippo Francesco Idone\" \/>\n<meta name=\"twitter:card\" content=\"summary_large_image\" \/>\n<meta name=\"twitter:label1\" content=\"Scritto da\" \/>\n\t<meta name=\"twitter:data1\" content=\"Filippo Francesco Idone\" \/>\n\t<meta name=\"twitter:label2\" content=\"Tempo di lettura stimato\" \/>\n\t<meta name=\"twitter:data2\" content=\"2 minuti\" \/>\n<script type=\"application\/ld+json\" class=\"yoast-schema-graph\">{\"@context\":\"https:\/\/schema.org\",\"@graph\":[{\"@type\":\"Article\",\"@id\":\"https:\/\/progettotouring.it\/radiotouring104\/2022\/10\/26\/reggio-calabria-inaugurata-la-mostra-sul-milite-ignoto\/#article\",\"isPartOf\":{\"@id\":\"https:\/\/progettotouring.it\/radiotouring104\/2022\/10\/26\/reggio-calabria-inaugurata-la-mostra-sul-milite-ignoto\/\"},\"author\":{\"name\":\"Filippo Francesco Idone\",\"@id\":\"https:\/\/progettotouring.it\/radiotouring104\/#\/schema\/person\/4a82259ca52ac8702ad1a8f9e5a3120b\"},\"headline\":\"Reggio Calabria: inaugurata la mostra sul Milite Ignoto\",\"datePublished\":\"2022-10-26T11:11:54+00:00\",\"mainEntityOfPage\":{\"@id\":\"https:\/\/progettotouring.it\/radiotouring104\/2022\/10\/26\/reggio-calabria-inaugurata-la-mostra-sul-milite-ignoto\/\"},\"wordCount\":314,\"commentCount\":0,\"publisher\":{\"@id\":\"https:\/\/progettotouring.it\/radiotouring104\/#organization\"},\"image\":{\"@id\":\"https:\/\/progettotouring.it\/radiotouring104\/2022\/10\/26\/reggio-calabria-inaugurata-la-mostra-sul-milite-ignoto\/#primaryimage\"},\"thumbnailUrl\":\"https:\/\/progettotouring.it\/radiotouring104\/wp-content\/uploads\/sites\/6\/2022\/10\/Milite-Ignoto.jpg\",\"keywords\":[\"Milite Ignoto\",\"Nicola Pavone\",\"reggio calabria\"],\"articleSection\":[\"Home\",\"News\",\"Reggio Calabria\"],\"inLanguage\":\"it-IT\",\"potentialAction\":[{\"@type\":\"CommentAction\",\"name\":\"Comment\",\"target\":[\"https:\/\/progettotouring.it\/radiotouring104\/2022\/10\/26\/reggio-calabria-inaugurata-la-mostra-sul-milite-ignoto\/#respond\"]}]},{\"@type\":\"WebPage\",\"@id\":\"https:\/\/progettotouring.it\/radiotouring104\/2022\/10\/26\/reggio-calabria-inaugurata-la-mostra-sul-milite-ignoto\/\",\"url\":\"https:\/\/progettotouring.it\/radiotouring104\/2022\/10\/26\/reggio-calabria-inaugurata-la-mostra-sul-milite-ignoto\/\",\"name\":\"Reggio Calabria: inaugurata la mostra sul Milite Ignoto\",\"isPartOf\":{\"@id\":\"https:\/\/progettotouring.it\/radiotouring104\/#website\"},\"primaryImageOfPage\":{\"@id\":\"https:\/\/progettotouring.it\/radiotouring104\/2022\/10\/26\/reggio-calabria-inaugurata-la-mostra-sul-milite-ignoto\/#primaryimage\"},\"image\":{\"@id\":\"https:\/\/progettotouring.it\/radiotouring104\/2022\/10\/26\/reggio-calabria-inaugurata-la-mostra-sul-milite-ignoto\/#primaryimage\"},\"thumbnailUrl\":\"https:\/\/progettotouring.it\/radiotouring104\/wp-content\/uploads\/sites\/6\/2022\/10\/Milite-Ignoto.jpg\",\"datePublished\":\"2022-10-26T11:11:54+00:00\",\"description\":\"Il consigliere metropolitano delegato Giordano \u00e8 stato presente alla cerimonia di inaugurazione della mostra sul Milite Ignoto\",\"breadcrumb\":{\"@id\":\"https:\/\/progettotouring.it\/radiotouring104\/2022\/10\/26\/reggio-calabria-inaugurata-la-mostra-sul-milite-ignoto\/#breadcrumb\"},\"inLanguage\":\"it-IT\",\"potentialAction\":[{\"@type\":\"ReadAction\",\"target\":[\"https:\/\/progettotouring.it\/radiotouring104\/2022\/10\/26\/reggio-calabria-inaugurata-la-mostra-sul-milite-ignoto\/\"]}]},{\"@type\":\"ImageObject\",\"inLanguage\":\"it-IT\",\"@id\":\"https:\/\/progettotouring.it\/radiotouring104\/2022\/10\/26\/reggio-calabria-inaugurata-la-mostra-sul-milite-ignoto\/#primaryimage\",\"url\":\"https:\/\/progettotouring.it\/radiotouring104\/wp-content\/uploads\/sites\/6\/2022\/10\/Milite-Ignoto.jpg\",\"contentUrl\":\"https:\/\/progettotouring.it\/radiotouring104\/wp-content\/uploads\/sites\/6\/2022\/10\/Milite-Ignoto.jpg\",\"width\":1824,\"height\":1368},{\"@type\":\"BreadcrumbList\",\"@id\":\"https:\/\/progettotouring.it\/radiotouring104\/2022\/10\/26\/reggio-calabria-inaugurata-la-mostra-sul-milite-ignoto\/#breadcrumb\",\"itemListElement\":[{\"@type\":\"ListItem\",\"position\":1,\"name\":\"Home\",\"item\":\"https:\/\/progettotouring.it\/radiotouring104\/\"},{\"@type\":\"ListItem\",\"position\":2,\"name\":\"Reggio Calabria: inaugurata la mostra sul Milite Ignoto\"}]},{\"@type\":\"WebSite\",\"@id\":\"https:\/\/progettotouring.it\/radiotouring104\/#website\",\"url\":\"https:\/\/progettotouring.it\/radiotouring104\/\",\"name\":\"Radio Touring 104\",\"description\":\"La prima radio Reggina\",\"publisher\":{\"@id\":\"https:\/\/progettotouring.it\/radiotouring104\/#organization\"},\"potentialAction\":[{\"@type\":\"SearchAction\",\"target\":{\"@type\":\"EntryPoint\",\"urlTemplate\":\"https:\/\/progettotouring.it\/radiotouring104\/?s={search_term_string}\"},\"query-input\":{\"@type\":\"PropertyValueSpecification\",\"valueRequired\":true,\"valueName\":\"search_term_string\"}}],\"inLanguage\":\"it-IT\"},{\"@type\":\"Organization\",\"@id\":\"https:\/\/progettotouring.it\/radiotouring104\/#organization\",\"name\":\"Radio Touring 104\",\"url\":\"https:\/\/progettotouring.it\/radiotouring104\/\",\"logo\":{\"@type\":\"ImageObject\",\"inLanguage\":\"it-IT\",\"@id\":\"https:\/\/progettotouring.it\/radiotouring104\/#\/schema\/logo\/image\/\",\"url\":\"https:\/\/progettotouring.it\/radiotouring104\/wp-content\/uploads\/sites\/6\/2022\/02\/cropped-logo-radio-touring-104.png\",\"contentUrl\":\"https:\/\/progettotouring.it\/radiotouring104\/wp-content\/uploads\/sites\/6\/2022\/02\/cropped-logo-radio-touring-104.png\",\"width\":377,\"height\":182,\"caption\":\"Radio Touring 104\"},\"image\":{\"@id\":\"https:\/\/progettotouring.it\/radiotouring104\/#\/schema\/logo\/image\/\"}},{\"@type\":\"Person\",\"@id\":\"https:\/\/progettotouring.it\/radiotouring104\/#\/schema\/person\/4a82259ca52ac8702ad1a8f9e5a3120b\",\"name\":\"Filippo Francesco Idone\",\"image\":{\"@type\":\"ImageObject\",\"inLanguage\":\"it-IT\",\"@id\":\"https:\/\/secure.gravatar.com\/avatar\/7268715d2366395c3dd314385670e6484117d44f5c442e61e230f7008b7b62d3?s=96&d=mm&r=g\",\"url\":\"https:\/\/secure.gravatar.com\/avatar\/7268715d2366395c3dd314385670e6484117d44f5c442e61e230f7008b7b62d3?s=96&d=mm&r=g\",\"contentUrl\":\"https:\/\/secure.gravatar.com\/avatar\/7268715d2366395c3dd314385670e6484117d44f5c442e61e230f7008b7b62d3?s=96&d=mm&r=g\",\"caption\":\"Filippo Francesco Idone\"},\"url\":\"https:\/\/progettotouring.it\/radiotouring104\/author\/filippoidone\/\"}]}<\/script>\n<!-- \/ Yoast SEO plugin. -->","yoast_head_json":{"title":"Reggio Calabria: inaugurata la mostra sul Milite Ignoto","description":"Il consigliere metropolitano delegato Giordano \u00e8 stato presente alla cerimonia di inaugurazione della mostra sul Milite Ignoto","robots":{"index":"index","follow":"follow","max-snippet":"max-snippet:-1","max-image-preview":"max-image-preview:large","max-video-preview":"max-video-preview:-1"},"canonical":"https:\/\/progettotouring.it\/radiotouring104\/2022\/10\/26\/reggio-calabria-inaugurata-la-mostra-sul-milite-ignoto\/","og_locale":"it_IT","og_type":"article","og_title":"Reggio Calabria: inaugurata la mostra sul Milite Ignoto","og_description":"Il consigliere metropolitano delegato Giordano \u00e8 stato presente alla cerimonia di inaugurazione della mostra sul Milite Ignoto","og_url":"https:\/\/progettotouring.it\/radiotouring104\/2022\/10\/26\/reggio-calabria-inaugurata-la-mostra-sul-milite-ignoto\/","og_site_name":"Radio Touring 104","article_published_time":"2022-10-26T11:11:54+00:00","og_image":[{"width":1824,"height":1368,"url":"https:\/\/progettotouring.it\/radiotouring104\/wp-content\/uploads\/sites\/6\/2022\/10\/Milite-Ignoto.jpg","type":"image\/jpeg"}],"author":"Filippo Francesco Idone","twitter_card":"summary_large_image","twitter_misc":{"Scritto da":"Filippo Francesco Idone","Tempo di lettura stimato":"2 minuti"},"schema":{"@context":"https:\/\/schema.org","@graph":[{"@type":"Article","@id":"https:\/\/progettotouring.it\/radiotouring104\/2022\/10\/26\/reggio-calabria-inaugurata-la-mostra-sul-milite-ignoto\/#article","isPartOf":{"@id":"https:\/\/progettotouring.it\/radiotouring104\/2022\/10\/26\/reggio-calabria-inaugurata-la-mostra-sul-milite-ignoto\/"},"author":{"name":"Filippo Francesco Idone","@id":"https:\/\/progettotouring.it\/radiotouring104\/#\/schema\/person\/4a82259ca52ac8702ad1a8f9e5a3120b"},"headline":"Reggio Calabria: inaugurata la mostra sul Milite Ignoto","datePublished":"2022-10-26T11:11:54+00:00","mainEntityOfPage":{"@id":"https:\/\/progettotouring.it\/radiotouring104\/2022\/10\/26\/reggio-calabria-inaugurata-la-mostra-sul-milite-ignoto\/"},"wordCount":314,"commentCount":0,"publisher":{"@id":"https:\/\/progettotouring.it\/radiotouring104\/#organization"},"image":{"@id":"https:\/\/progettotouring.it\/radiotouring104\/2022\/10\/26\/reggio-calabria-inaugurata-la-mostra-sul-milite-ignoto\/#primaryimage"},"thumbnailUrl":"https:\/\/progettotouring.it\/radiotouring104\/wp-content\/uploads\/sites\/6\/2022\/10\/Milite-Ignoto.jpg","keywords":["Milite Ignoto","Nicola Pavone","reggio calabria"],"articleSection":["Home","News","Reggio Calabria"],"inLanguage":"it-IT","potentialAction":[{"@type":"CommentAction","name":"Comment","target":["https:\/\/progettotouring.it\/radiotouring104\/2022\/10\/26\/reggio-calabria-inaugurata-la-mostra-sul-milite-ignoto\/#respond"]}]},{"@type":"WebPage","@id":"https:\/\/progettotouring.it\/radiotouring104\/2022\/10\/26\/reggio-calabria-inaugurata-la-mostra-sul-milite-ignoto\/","url":"https:\/\/progettotouring.it\/radiotouring104\/2022\/10\/26\/reggio-calabria-inaugurata-la-mostra-sul-milite-ignoto\/","name":"Reggio Calabria: inaugurata la mostra sul Milite Ignoto","isPartOf":{"@id":"https:\/\/progettotouring.it\/radiotouring104\/#website"},"primaryImageOfPage":{"@id":"https:\/\/progettotouring.it\/radiotouring104\/2022\/10\/26\/reggio-calabria-inaugurata-la-mostra-sul-milite-ignoto\/#primaryimage"},"image":{"@id":"https:\/\/progettotouring.it\/radiotouring104\/2022\/10\/26\/reggio-calabria-inaugurata-la-mostra-sul-milite-ignoto\/#primaryimage"},"thumbnailUrl":"https:\/\/progettotouring.it\/radiotouring104\/wp-content\/uploads\/sites\/6\/2022\/10\/Milite-Ignoto.jpg","datePublished":"2022-10-26T11:11:54+00:00","description":"Il consigliere metropolitano delegato Giordano \u00e8 stato presente alla cerimonia di inaugurazione della mostra sul Milite Ignoto","breadcrumb":{"@id":"https:\/\/progettotouring.it\/radiotouring104\/2022\/10\/26\/reggio-calabria-inaugurata-la-mostra-sul-milite-ignoto\/#breadcrumb"},"inLanguage":"it-IT","potentialAction":[{"@type":"ReadAction","target":["https:\/\/progettotouring.it\/radiotouring104\/2022\/10\/26\/reggio-calabria-inaugurata-la-mostra-sul-milite-ignoto\/"]}]},{"@type":"ImageObject","inLanguage":"it-IT","@id":"https:\/\/progettotouring.it\/radiotouring104\/2022\/10\/26\/reggio-calabria-inaugurata-la-mostra-sul-milite-ignoto\/#primaryimage","url":"https:\/\/progettotouring.it\/radiotouring104\/wp-content\/uploads\/sites\/6\/2022\/10\/Milite-Ignoto.jpg","contentUrl":"https:\/\/progettotouring.it\/radiotouring104\/wp-content\/uploads\/sites\/6\/2022\/10\/Milite-Ignoto.jpg","width":1824,"height":1368},{"@type":"BreadcrumbList","@id":"https:\/\/progettotouring.it\/radiotouring104\/2022\/10\/26\/reggio-calabria-inaugurata-la-mostra-sul-milite-ignoto\/#breadcrumb","itemListElement":[{"@type":"ListItem","position":1,"name":"Home","item":"https:\/\/progettotouring.it\/radiotouring104\/"},{"@type":"ListItem","position":2,"name":"Reggio Calabria: inaugurata la mostra sul Milite Ignoto"}]},{"@type":"WebSite","@id":"https:\/\/progettotouring.it\/radiotouring104\/#website","url":"https:\/\/progettotouring.it\/radiotouring104\/","name":"Radio Touring 104","description":"La prima radio Reggina","publisher":{"@id":"https:\/\/progettotouring.it\/radiotouring104\/#organization"},"potentialAction":[{"@type":"SearchAction","target":{"@type":"EntryPoint","urlTemplate":"https:\/\/progettotouring.it\/radiotouring104\/?s={search_term_string}"},"query-input":{"@type":"PropertyValueSpecification","valueRequired":true,"valueName":"search_term_string"}}],"inLanguage":"it-IT"},{"@type":"Organization","@id":"https:\/\/progettotouring.it\/radiotouring104\/#organization","name":"Radio Touring 104","url":"https:\/\/progettotouring.it\/radiotouring104\/","logo":{"@type":"ImageObject","inLanguage":"it-IT","@id":"https:\/\/progettotouring.it\/radiotouring104\/#\/schema\/logo\/image\/","url":"https:\/\/progettotouring.it\/radiotouring104\/wp-content\/uploads\/sites\/6\/2022\/02\/cropped-logo-radio-touring-104.png","contentUrl":"https:\/\/progettotouring.it\/radiotouring104\/wp-content\/uploads\/sites\/6\/2022\/02\/cropped-logo-radio-touring-104.png","width":377,"height":182,"caption":"Radio Touring 104"},"image":{"@id":"https:\/\/progettotouring.it\/radiotouring104\/#\/schema\/logo\/image\/"}},{"@type":"Person","@id":"https:\/\/progettotouring.it\/radiotouring104\/#\/schema\/person\/4a82259ca52ac8702ad1a8f9e5a3120b","name":"Filippo Francesco Idone","image":{"@type":"ImageObject","inLanguage":"it-IT","@id":"https:\/\/secure.gravatar.com\/avatar\/7268715d2366395c3dd314385670e6484117d44f5c442e61e230f7008b7b62d3?s=96&d=mm&r=g","url":"https:\/\/secure.gravatar.com\/avatar\/7268715d2366395c3dd314385670e6484117d44f5c442e61e230f7008b7b62d3?s=96&d=mm&r=g","contentUrl":"https:\/\/secure.gravatar.com\/avatar\/7268715d2366395c3dd314385670e6484117d44f5c442e61e230f7008b7b62d3?s=96&d=mm&r=g","caption":"Filippo Francesco Idone"},"url":"https:\/\/progettotouring.it\/radiotouring104\/author\/filippoidone\/"}]}},"jetpack_publicize_connections":[],"jetpack_featured_media_url":"https:\/\/progettotouring.it\/radiotouring104\/wp-content\/uploads\/sites\/6\/2022\/10\/Milite-Ignoto.jpg","jetpack_sharing_enabled":true,"_links":{"self":[{"href":"https:\/\/progettotouring.it\/radiotouring104\/wp-json\/wp\/v2\/posts\/11033","targetHints":{"allow":["GET"]}}],"collection":[{"href":"https:\/\/progettotouring.it\/radiotouring104\/wp-json\/wp\/v2\/posts"}],"about":[{"href":"https:\/\/progettotouring.it\/radiotouring104\/wp-json\/wp\/v2\/types\/post"}],"author":[{"embeddable":true,"href":"https:\/\/progettotouring.it\/radiotouring104\/wp-json\/wp\/v2\/users\/8"}],"replies":[{"embeddable":true,"href":"https:\/\/progettotouring.it\/radiotouring104\/wp-json\/wp\/v2\/comments?post=11033"}],"version-history":[{"count":1,"href":"https:\/\/progettotouring.it\/radiotouring104\/wp-json\/wp\/v2\/posts\/11033\/revisions"}],"predecessor-version":[{"id":11035,"href":"https:\/\/progettotouring.it\/radiotouring104\/wp-json\/wp\/v2\/posts\/11033\/revisions\/11035"}],"wp:featuredmedia":[{"embeddable":true,"href":"https:\/\/progettotouring.it\/radiotouring104\/wp-json\/wp\/v2\/media\/11034"}],"wp:attachment":[{"href":"https:\/\/progettotouring.it\/radiotouring104\/wp-json\/wp\/v2\/media?parent=11033"}],"wp:term":[{"taxonomy":"category","embeddable":true,"href":"https:\/\/progettotouring.it\/radiotouring104\/wp-json\/wp\/v2\/categories?post=11033"},{"taxonomy":"post_tag","embeddable":true,"href":"https:\/\/progettotouring.it\/radiotouring104\/wp-json\/wp\/v2\/tags?post=11033"}],"curies":[{"name":"wp","href":"https:\/\/api.w.org\/{rel}","templated":true}]}}