{"id":11036,"date":"2022-10-26T13:17:45","date_gmt":"2022-10-26T11:17:45","guid":{"rendered":"https:\/\/progettotouring.it\/radiotouring104\/?p=11036"},"modified":"2022-10-26T13:17:45","modified_gmt":"2022-10-26T11:17:45","slug":"siderno-i-beneficiari-del-sai-hanno-aderito-allevento-le-giornate-insieme-a-te-per-lambiente","status":"publish","type":"post","link":"https:\/\/progettotouring.it\/radiotouring104\/2022\/10\/26\/siderno-i-beneficiari-del-sai-hanno-aderito-allevento-le-giornate-insieme-a-te-per-lambiente\/","title":{"rendered":"Siderno: i beneficiari del SAI hanno aderito all&#8217;evento \u201cLe giornate insieme a te per l\u2019ambiente\u201d"},"content":{"rendered":"<p style=\"text-align: justify\"><strong>\u201cLe giornate insieme a te per l\u2019ambiente\u201d<\/strong> \u00e8 un\u2019iniziativa di volontariato aziendale proposta da McDonald\u2019s e dedicata ad attivit\u00e0 di riqualifica ambientale. Una di queste giornate si \u00e8 tenuta la scorsa domenica 16 ottobre a <strong>Siderno<\/strong> in <strong>Piazza<\/strong> <strong>Vittorio Veneto<\/strong> e ha visto impegnati in prima linea anche i beneficiari del Progetto di accoglienza aderente alla <strong>Rete SAI<\/strong> attivo nel<strong> Comune di Gioiosa Ionica<\/strong> e gestito dalla <strong>Rete delle Comunit\u00e0 Solidali e dalla Societ\u00e0 Cooperativa Sankara<\/strong>. Questa attivit\u00e0 \u00e8 frutto dell&#8217;impegno messo in campo da McDonald&#8217;s in sinergia con le principali realt\u00e0 del terzo settore presenti sul territorio e gli enti locali, col fine di elaborare nuove strategie partecipate di contrasto al fenomeno dell\u2019abbandono illecito di rifiuti.<\/p>\n<p style=\"text-align: justify\"><em>\u201cI <strong>ragazzi<\/strong> &#8211;<\/em> ci racconta una delle insegnanti di italiano impegnata nelle attivit\u00e0 progettuali SAI &#8211;<strong><em> si <\/em><\/strong><em><strong>sono sempre dimostrati particolarmente sensibili quando si affrontano queste tematiche;<\/strong> l\u2019ambiente <\/em><em>\u00e8 tra i punti pi\u00f9 presenti sia nei nostri programmi di insegnamento che nel nostro progetto di <\/em><em>accoglienza e questo grazie anche alla collaborazione con l\u2019Amministrazione Comunale di Gioiosa, che <\/em><em>da sempre ci supporta in queste importanti iniziative di sensibilizzazione\u201d. <\/em>I beneficiari del Progetto SAI del Comune di Gioiosa Ionica hanno partecipato all\u2019iniziativa proposta con entusiasmo e senso di responsabilit\u00e0. Queste occasioni rappresentano una reale possibilit\u00e0 di porre in essere un gesto concreto a sostegno della comunit\u00e0 in cui operiamo quotidianamente, consapevoli dell\u2019importanza di agire in prima persona in alcune delle sfide sociali e ambientali oggi pi\u00f9 urgenti e di influenzare il cambiamento promuovendo comportamenti virtuosi anche in ambito sostenibile.<\/p>\n","protected":false},"excerpt":{"rendered":"<p>\u201cLe giornate insieme a te per l\u2019ambiente\u201d \u00e8 un\u2019iniziativa di volontariato aziendale proposta da McDonald\u2019s e dedicata ad attivit\u00e0 di riqualifica ambientale. Una di queste giornate si \u00e8 tenuta la&hellip;<\/p>\n","protected":false},"author":8,"featured_media":11037,"comment_status":"open","ping_status":"open","sticky":false,"template":"","format":"standard","meta":{"_jetpack_memberships_contains_paid_content":false,"footnotes":"","jetpack_publicize_message":"","jetpack_publicize_feature_enabled":true,"jetpack_social_post_already_shared":false,"jetpack_social_options":{"image_generator_settings":{"template":"highway","default_image_id":0,"font":"","enabled":false},"version":2}},"categories":[921,196,140],"tags":[2898,5078,679],"class_list":["post-11036","post","type-post","status-publish","format-standard","has-post-thumbnail","hentry","category-home","category-news","category-reggio-calabria","tag-fai","tag-le-giornate-insieme-a-te-per-lambiente","tag-siderno"],"yoast_head":"<!-- This site is optimized with the Yoast SEO plugin v27.2 - https:\/\/yoast.com\/product\/yoast-seo-wordpress\/ -->\n<title>Grande festa a Siderno per &#039;Le giornate insieme a te per l\u2019ambiente&#039;<\/title>\n<meta name=\"description\" content=\"I beneficiari del Progetto di accoglienza SAI di Gioiosa Ionica hanno aderito a \u201cLe giornate insieme a te per l\u2019ambiente\u201d\" \/>\n<meta name=\"robots\" content=\"index, follow, max-snippet:-1, max-image-preview:large, max-video-preview:-1\" \/>\n<link rel=\"canonical\" href=\"https:\/\/progettotouring.it\/radiotouring104\/2022\/10\/26\/siderno-i-beneficiari-del-sai-hanno-aderito-allevento-le-giornate-insieme-a-te-per-lambiente\/\" \/>\n<meta property=\"og:locale\" content=\"it_IT\" \/>\n<meta property=\"og:type\" content=\"article\" \/>\n<meta property=\"og:title\" content=\"Grande festa a Siderno per &#039;Le giornate insieme a te per l\u2019ambiente&#039;\" \/>\n<meta property=\"og:description\" content=\"I beneficiari del Progetto di accoglienza SAI di Gioiosa Ionica hanno aderito a \u201cLe giornate insieme a te per l\u2019ambiente\u201d\" \/>\n<meta property=\"og:url\" content=\"https:\/\/progettotouring.it\/radiotouring104\/2022\/10\/26\/siderno-i-beneficiari-del-sai-hanno-aderito-allevento-le-giornate-insieme-a-te-per-lambiente\/\" \/>\n<meta property=\"og:site_name\" content=\"Radio Touring 104\" \/>\n<meta property=\"article:published_time\" content=\"2022-10-26T11:17:45+00:00\" \/>\n<meta property=\"og:image\" content=\"https:\/\/progettotouring.it\/radiotouring104\/wp-content\/uploads\/sites\/6\/2022\/10\/SAI-di-Gioiosa-Ionica.jpeg\" \/>\n\t<meta property=\"og:image:width\" content=\"1600\" \/>\n\t<meta property=\"og:image:height\" content=\"1197\" \/>\n\t<meta property=\"og:image:type\" content=\"image\/jpeg\" \/>\n<meta name=\"author\" content=\"Filippo Francesco Idone\" \/>\n<meta name=\"twitter:card\" content=\"summary_large_image\" \/>\n<meta name=\"twitter:label1\" content=\"Scritto da\" \/>\n\t<meta name=\"twitter:data1\" content=\"Filippo Francesco Idone\" \/>\n\t<meta name=\"twitter:label2\" content=\"Tempo di lettura stimato\" \/>\n\t<meta name=\"twitter:data2\" content=\"1 minuto\" \/>\n<script type=\"application\/ld+json\" class=\"yoast-schema-graph\">{\"@context\":\"https:\/\/schema.org\",\"@graph\":[{\"@type\":\"Article\",\"@id\":\"https:\/\/progettotouring.it\/radiotouring104\/2022\/10\/26\/siderno-i-beneficiari-del-sai-hanno-aderito-allevento-le-giornate-insieme-a-te-per-lambiente\/#article\",\"isPartOf\":{\"@id\":\"https:\/\/progettotouring.it\/radiotouring104\/2022\/10\/26\/siderno-i-beneficiari-del-sai-hanno-aderito-allevento-le-giornate-insieme-a-te-per-lambiente\/\"},\"author\":{\"name\":\"Filippo Francesco Idone\",\"@id\":\"https:\/\/progettotouring.it\/radiotouring104\/#\/schema\/person\/4a82259ca52ac8702ad1a8f9e5a3120b\"},\"headline\":\"Siderno: i beneficiari del SAI hanno aderito all&#8217;evento \u201cLe giornate insieme a te per l\u2019ambiente\u201d\",\"datePublished\":\"2022-10-26T11:17:45+00:00\",\"mainEntityOfPage\":{\"@id\":\"https:\/\/progettotouring.it\/radiotouring104\/2022\/10\/26\/siderno-i-beneficiari-del-sai-hanno-aderito-allevento-le-giornate-insieme-a-te-per-lambiente\/\"},\"wordCount\":274,\"commentCount\":0,\"publisher\":{\"@id\":\"https:\/\/progettotouring.it\/radiotouring104\/#organization\"},\"image\":{\"@id\":\"https:\/\/progettotouring.it\/radiotouring104\/2022\/10\/26\/siderno-i-beneficiari-del-sai-hanno-aderito-allevento-le-giornate-insieme-a-te-per-lambiente\/#primaryimage\"},\"thumbnailUrl\":\"https:\/\/progettotouring.it\/radiotouring104\/wp-content\/uploads\/sites\/6\/2022\/10\/SAI-di-Gioiosa-Ionica.jpeg\",\"keywords\":[\"FAI\",\"Le giornate insieme a te per l\u2019ambiente\",\"siderno\"],\"articleSection\":[\"Home\",\"News\",\"Reggio Calabria\"],\"inLanguage\":\"it-IT\",\"potentialAction\":[{\"@type\":\"CommentAction\",\"name\":\"Comment\",\"target\":[\"https:\/\/progettotouring.it\/radiotouring104\/2022\/10\/26\/siderno-i-beneficiari-del-sai-hanno-aderito-allevento-le-giornate-insieme-a-te-per-lambiente\/#respond\"]}]},{\"@type\":\"WebPage\",\"@id\":\"https:\/\/progettotouring.it\/radiotouring104\/2022\/10\/26\/siderno-i-beneficiari-del-sai-hanno-aderito-allevento-le-giornate-insieme-a-te-per-lambiente\/\",\"url\":\"https:\/\/progettotouring.it\/radiotouring104\/2022\/10\/26\/siderno-i-beneficiari-del-sai-hanno-aderito-allevento-le-giornate-insieme-a-te-per-lambiente\/\",\"name\":\"Grande festa a Siderno per 'Le giornate insieme a te per l\u2019ambiente'\",\"isPartOf\":{\"@id\":\"https:\/\/progettotouring.it\/radiotouring104\/#website\"},\"primaryImageOfPage\":{\"@id\":\"https:\/\/progettotouring.it\/radiotouring104\/2022\/10\/26\/siderno-i-beneficiari-del-sai-hanno-aderito-allevento-le-giornate-insieme-a-te-per-lambiente\/#primaryimage\"},\"image\":{\"@id\":\"https:\/\/progettotouring.it\/radiotouring104\/2022\/10\/26\/siderno-i-beneficiari-del-sai-hanno-aderito-allevento-le-giornate-insieme-a-te-per-lambiente\/#primaryimage\"},\"thumbnailUrl\":\"https:\/\/progettotouring.it\/radiotouring104\/wp-content\/uploads\/sites\/6\/2022\/10\/SAI-di-Gioiosa-Ionica.jpeg\",\"datePublished\":\"2022-10-26T11:17:45+00:00\",\"description\":\"I beneficiari del Progetto di accoglienza SAI di Gioiosa Ionica hanno aderito a \u201cLe giornate insieme a te per l\u2019ambiente\u201d\",\"breadcrumb\":{\"@id\":\"https:\/\/progettotouring.it\/radiotouring104\/2022\/10\/26\/siderno-i-beneficiari-del-sai-hanno-aderito-allevento-le-giornate-insieme-a-te-per-lambiente\/#breadcrumb\"},\"inLanguage\":\"it-IT\",\"potentialAction\":[{\"@type\":\"ReadAction\",\"target\":[\"https:\/\/progettotouring.it\/radiotouring104\/2022\/10\/26\/siderno-i-beneficiari-del-sai-hanno-aderito-allevento-le-giornate-insieme-a-te-per-lambiente\/\"]}]},{\"@type\":\"ImageObject\",\"inLanguage\":\"it-IT\",\"@id\":\"https:\/\/progettotouring.it\/radiotouring104\/2022\/10\/26\/siderno-i-beneficiari-del-sai-hanno-aderito-allevento-le-giornate-insieme-a-te-per-lambiente\/#primaryimage\",\"url\":\"https:\/\/progettotouring.it\/radiotouring104\/wp-content\/uploads\/sites\/6\/2022\/10\/SAI-di-Gioiosa-Ionica.jpeg\",\"contentUrl\":\"https:\/\/progettotouring.it\/radiotouring104\/wp-content\/uploads\/sites\/6\/2022\/10\/SAI-di-Gioiosa-Ionica.jpeg\",\"width\":1600,\"height\":1197},{\"@type\":\"BreadcrumbList\",\"@id\":\"https:\/\/progettotouring.it\/radiotouring104\/2022\/10\/26\/siderno-i-beneficiari-del-sai-hanno-aderito-allevento-le-giornate-insieme-a-te-per-lambiente\/#breadcrumb\",\"itemListElement\":[{\"@type\":\"ListItem\",\"position\":1,\"name\":\"Home\",\"item\":\"https:\/\/progettotouring.it\/radiotouring104\/\"},{\"@type\":\"ListItem\",\"position\":2,\"name\":\"Siderno: i beneficiari del SAI hanno aderito all&#8217;evento \u201cLe giornate insieme a te per l\u2019ambiente\u201d\"}]},{\"@type\":\"WebSite\",\"@id\":\"https:\/\/progettotouring.it\/radiotouring104\/#website\",\"url\":\"https:\/\/progettotouring.it\/radiotouring104\/\",\"name\":\"Radio Touring 104\",\"description\":\"La prima radio Reggina\",\"publisher\":{\"@id\":\"https:\/\/progettotouring.it\/radiotouring104\/#organization\"},\"potentialAction\":[{\"@type\":\"SearchAction\",\"target\":{\"@type\":\"EntryPoint\",\"urlTemplate\":\"https:\/\/progettotouring.it\/radiotouring104\/?s={search_term_string}\"},\"query-input\":{\"@type\":\"PropertyValueSpecification\",\"valueRequired\":true,\"valueName\":\"search_term_string\"}}],\"inLanguage\":\"it-IT\"},{\"@type\":\"Organization\",\"@id\":\"https:\/\/progettotouring.it\/radiotouring104\/#organization\",\"name\":\"Radio Touring 104\",\"url\":\"https:\/\/progettotouring.it\/radiotouring104\/\",\"logo\":{\"@type\":\"ImageObject\",\"inLanguage\":\"it-IT\",\"@id\":\"https:\/\/progettotouring.it\/radiotouring104\/#\/schema\/logo\/image\/\",\"url\":\"https:\/\/progettotouring.it\/radiotouring104\/wp-content\/uploads\/sites\/6\/2022\/02\/cropped-logo-radio-touring-104.png\",\"contentUrl\":\"https:\/\/progettotouring.it\/radiotouring104\/wp-content\/uploads\/sites\/6\/2022\/02\/cropped-logo-radio-touring-104.png\",\"width\":377,\"height\":182,\"caption\":\"Radio Touring 104\"},\"image\":{\"@id\":\"https:\/\/progettotouring.it\/radiotouring104\/#\/schema\/logo\/image\/\"}},{\"@type\":\"Person\",\"@id\":\"https:\/\/progettotouring.it\/radiotouring104\/#\/schema\/person\/4a82259ca52ac8702ad1a8f9e5a3120b\",\"name\":\"Filippo Francesco Idone\",\"image\":{\"@type\":\"ImageObject\",\"inLanguage\":\"it-IT\",\"@id\":\"https:\/\/secure.gravatar.com\/avatar\/7268715d2366395c3dd314385670e6484117d44f5c442e61e230f7008b7b62d3?s=96&d=mm&r=g\",\"url\":\"https:\/\/secure.gravatar.com\/avatar\/7268715d2366395c3dd314385670e6484117d44f5c442e61e230f7008b7b62d3?s=96&d=mm&r=g\",\"contentUrl\":\"https:\/\/secure.gravatar.com\/avatar\/7268715d2366395c3dd314385670e6484117d44f5c442e61e230f7008b7b62d3?s=96&d=mm&r=g\",\"caption\":\"Filippo Francesco Idone\"},\"url\":\"https:\/\/progettotouring.it\/radiotouring104\/author\/filippoidone\/\"}]}<\/script>\n<!-- \/ Yoast SEO plugin. -->","yoast_head_json":{"title":"Grande festa a Siderno per 'Le giornate insieme a te per l\u2019ambiente'","description":"I beneficiari del Progetto di accoglienza SAI di Gioiosa Ionica hanno aderito a \u201cLe giornate insieme a te per l\u2019ambiente\u201d","robots":{"index":"index","follow":"follow","max-snippet":"max-snippet:-1","max-image-preview":"max-image-preview:large","max-video-preview":"max-video-preview:-1"},"canonical":"https:\/\/progettotouring.it\/radiotouring104\/2022\/10\/26\/siderno-i-beneficiari-del-sai-hanno-aderito-allevento-le-giornate-insieme-a-te-per-lambiente\/","og_locale":"it_IT","og_type":"article","og_title":"Grande festa a Siderno per 'Le giornate insieme a te per l\u2019ambiente'","og_description":"I beneficiari del Progetto di accoglienza SAI di Gioiosa Ionica hanno aderito a \u201cLe giornate insieme a te per l\u2019ambiente\u201d","og_url":"https:\/\/progettotouring.it\/radiotouring104\/2022\/10\/26\/siderno-i-beneficiari-del-sai-hanno-aderito-allevento-le-giornate-insieme-a-te-per-lambiente\/","og_site_name":"Radio Touring 104","article_published_time":"2022-10-26T11:17:45+00:00","og_image":[{"width":1600,"height":1197,"url":"https:\/\/progettotouring.it\/radiotouring104\/wp-content\/uploads\/sites\/6\/2022\/10\/SAI-di-Gioiosa-Ionica.jpeg","type":"image\/jpeg"}],"author":"Filippo Francesco Idone","twitter_card":"summary_large_image","twitter_misc":{"Scritto da":"Filippo Francesco Idone","Tempo di lettura stimato":"1 minuto"},"schema":{"@context":"https:\/\/schema.org","@graph":[{"@type":"Article","@id":"https:\/\/progettotouring.it\/radiotouring104\/2022\/10\/26\/siderno-i-beneficiari-del-sai-hanno-aderito-allevento-le-giornate-insieme-a-te-per-lambiente\/#article","isPartOf":{"@id":"https:\/\/progettotouring.it\/radiotouring104\/2022\/10\/26\/siderno-i-beneficiari-del-sai-hanno-aderito-allevento-le-giornate-insieme-a-te-per-lambiente\/"},"author":{"name":"Filippo Francesco Idone","@id":"https:\/\/progettotouring.it\/radiotouring104\/#\/schema\/person\/4a82259ca52ac8702ad1a8f9e5a3120b"},"headline":"Siderno: i beneficiari del SAI hanno aderito all&#8217;evento \u201cLe giornate insieme a te per l\u2019ambiente\u201d","datePublished":"2022-10-26T11:17:45+00:00","mainEntityOfPage":{"@id":"https:\/\/progettotouring.it\/radiotouring104\/2022\/10\/26\/siderno-i-beneficiari-del-sai-hanno-aderito-allevento-le-giornate-insieme-a-te-per-lambiente\/"},"wordCount":274,"commentCount":0,"publisher":{"@id":"https:\/\/progettotouring.it\/radiotouring104\/#organization"},"image":{"@id":"https:\/\/progettotouring.it\/radiotouring104\/2022\/10\/26\/siderno-i-beneficiari-del-sai-hanno-aderito-allevento-le-giornate-insieme-a-te-per-lambiente\/#primaryimage"},"thumbnailUrl":"https:\/\/progettotouring.it\/radiotouring104\/wp-content\/uploads\/sites\/6\/2022\/10\/SAI-di-Gioiosa-Ionica.jpeg","keywords":["FAI","Le giornate insieme a te per l\u2019ambiente","siderno"],"articleSection":["Home","News","Reggio Calabria"],"inLanguage":"it-IT","potentialAction":[{"@type":"CommentAction","name":"Comment","target":["https:\/\/progettotouring.it\/radiotouring104\/2022\/10\/26\/siderno-i-beneficiari-del-sai-hanno-aderito-allevento-le-giornate-insieme-a-te-per-lambiente\/#respond"]}]},{"@type":"WebPage","@id":"https:\/\/progettotouring.it\/radiotouring104\/2022\/10\/26\/siderno-i-beneficiari-del-sai-hanno-aderito-allevento-le-giornate-insieme-a-te-per-lambiente\/","url":"https:\/\/progettotouring.it\/radiotouring104\/2022\/10\/26\/siderno-i-beneficiari-del-sai-hanno-aderito-allevento-le-giornate-insieme-a-te-per-lambiente\/","name":"Grande festa a Siderno per 'Le giornate insieme a te per l\u2019ambiente'","isPartOf":{"@id":"https:\/\/progettotouring.it\/radiotouring104\/#website"},"primaryImageOfPage":{"@id":"https:\/\/progettotouring.it\/radiotouring104\/2022\/10\/26\/siderno-i-beneficiari-del-sai-hanno-aderito-allevento-le-giornate-insieme-a-te-per-lambiente\/#primaryimage"},"image":{"@id":"https:\/\/progettotouring.it\/radiotouring104\/2022\/10\/26\/siderno-i-beneficiari-del-sai-hanno-aderito-allevento-le-giornate-insieme-a-te-per-lambiente\/#primaryimage"},"thumbnailUrl":"https:\/\/progettotouring.it\/radiotouring104\/wp-content\/uploads\/sites\/6\/2022\/10\/SAI-di-Gioiosa-Ionica.jpeg","datePublished":"2022-10-26T11:17:45+00:00","description":"I beneficiari del Progetto di accoglienza SAI di Gioiosa Ionica hanno aderito a \u201cLe giornate insieme a te per l\u2019ambiente\u201d","breadcrumb":{"@id":"https:\/\/progettotouring.it\/radiotouring104\/2022\/10\/26\/siderno-i-beneficiari-del-sai-hanno-aderito-allevento-le-giornate-insieme-a-te-per-lambiente\/#breadcrumb"},"inLanguage":"it-IT","potentialAction":[{"@type":"ReadAction","target":["https:\/\/progettotouring.it\/radiotouring104\/2022\/10\/26\/siderno-i-beneficiari-del-sai-hanno-aderito-allevento-le-giornate-insieme-a-te-per-lambiente\/"]}]},{"@type":"ImageObject","inLanguage":"it-IT","@id":"https:\/\/progettotouring.it\/radiotouring104\/2022\/10\/26\/siderno-i-beneficiari-del-sai-hanno-aderito-allevento-le-giornate-insieme-a-te-per-lambiente\/#primaryimage","url":"https:\/\/progettotouring.it\/radiotouring104\/wp-content\/uploads\/sites\/6\/2022\/10\/SAI-di-Gioiosa-Ionica.jpeg","contentUrl":"https:\/\/progettotouring.it\/radiotouring104\/wp-content\/uploads\/sites\/6\/2022\/10\/SAI-di-Gioiosa-Ionica.jpeg","width":1600,"height":1197},{"@type":"BreadcrumbList","@id":"https:\/\/progettotouring.it\/radiotouring104\/2022\/10\/26\/siderno-i-beneficiari-del-sai-hanno-aderito-allevento-le-giornate-insieme-a-te-per-lambiente\/#breadcrumb","itemListElement":[{"@type":"ListItem","position":1,"name":"Home","item":"https:\/\/progettotouring.it\/radiotouring104\/"},{"@type":"ListItem","position":2,"name":"Siderno: i beneficiari del SAI hanno aderito all&#8217;evento \u201cLe giornate insieme a te per l\u2019ambiente\u201d"}]},{"@type":"WebSite","@id":"https:\/\/progettotouring.it\/radiotouring104\/#website","url":"https:\/\/progettotouring.it\/radiotouring104\/","name":"Radio Touring 104","description":"La prima radio Reggina","publisher":{"@id":"https:\/\/progettotouring.it\/radiotouring104\/#organization"},"potentialAction":[{"@type":"SearchAction","target":{"@type":"EntryPoint","urlTemplate":"https:\/\/progettotouring.it\/radiotouring104\/?s={search_term_string}"},"query-input":{"@type":"PropertyValueSpecification","valueRequired":true,"valueName":"search_term_string"}}],"inLanguage":"it-IT"},{"@type":"Organization","@id":"https:\/\/progettotouring.it\/radiotouring104\/#organization","name":"Radio Touring 104","url":"https:\/\/progettotouring.it\/radiotouring104\/","logo":{"@type":"ImageObject","inLanguage":"it-IT","@id":"https:\/\/progettotouring.it\/radiotouring104\/#\/schema\/logo\/image\/","url":"https:\/\/progettotouring.it\/radiotouring104\/wp-content\/uploads\/sites\/6\/2022\/02\/cropped-logo-radio-touring-104.png","contentUrl":"https:\/\/progettotouring.it\/radiotouring104\/wp-content\/uploads\/sites\/6\/2022\/02\/cropped-logo-radio-touring-104.png","width":377,"height":182,"caption":"Radio Touring 104"},"image":{"@id":"https:\/\/progettotouring.it\/radiotouring104\/#\/schema\/logo\/image\/"}},{"@type":"Person","@id":"https:\/\/progettotouring.it\/radiotouring104\/#\/schema\/person\/4a82259ca52ac8702ad1a8f9e5a3120b","name":"Filippo Francesco Idone","image":{"@type":"ImageObject","inLanguage":"it-IT","@id":"https:\/\/secure.gravatar.com\/avatar\/7268715d2366395c3dd314385670e6484117d44f5c442e61e230f7008b7b62d3?s=96&d=mm&r=g","url":"https:\/\/secure.gravatar.com\/avatar\/7268715d2366395c3dd314385670e6484117d44f5c442e61e230f7008b7b62d3?s=96&d=mm&r=g","contentUrl":"https:\/\/secure.gravatar.com\/avatar\/7268715d2366395c3dd314385670e6484117d44f5c442e61e230f7008b7b62d3?s=96&d=mm&r=g","caption":"Filippo Francesco Idone"},"url":"https:\/\/progettotouring.it\/radiotouring104\/author\/filippoidone\/"}]}},"jetpack_publicize_connections":[],"jetpack_featured_media_url":"https:\/\/progettotouring.it\/radiotouring104\/wp-content\/uploads\/sites\/6\/2022\/10\/SAI-di-Gioiosa-Ionica.jpeg","jetpack_sharing_enabled":true,"_links":{"self":[{"href":"https:\/\/progettotouring.it\/radiotouring104\/wp-json\/wp\/v2\/posts\/11036","targetHints":{"allow":["GET"]}}],"collection":[{"href":"https:\/\/progettotouring.it\/radiotouring104\/wp-json\/wp\/v2\/posts"}],"about":[{"href":"https:\/\/progettotouring.it\/radiotouring104\/wp-json\/wp\/v2\/types\/post"}],"author":[{"embeddable":true,"href":"https:\/\/progettotouring.it\/radiotouring104\/wp-json\/wp\/v2\/users\/8"}],"replies":[{"embeddable":true,"href":"https:\/\/progettotouring.it\/radiotouring104\/wp-json\/wp\/v2\/comments?post=11036"}],"version-history":[{"count":1,"href":"https:\/\/progettotouring.it\/radiotouring104\/wp-json\/wp\/v2\/posts\/11036\/revisions"}],"predecessor-version":[{"id":11038,"href":"https:\/\/progettotouring.it\/radiotouring104\/wp-json\/wp\/v2\/posts\/11036\/revisions\/11038"}],"wp:featuredmedia":[{"embeddable":true,"href":"https:\/\/progettotouring.it\/radiotouring104\/wp-json\/wp\/v2\/media\/11037"}],"wp:attachment":[{"href":"https:\/\/progettotouring.it\/radiotouring104\/wp-json\/wp\/v2\/media?parent=11036"}],"wp:term":[{"taxonomy":"category","embeddable":true,"href":"https:\/\/progettotouring.it\/radiotouring104\/wp-json\/wp\/v2\/categories?post=11036"},{"taxonomy":"post_tag","embeddable":true,"href":"https:\/\/progettotouring.it\/radiotouring104\/wp-json\/wp\/v2\/tags?post=11036"}],"curies":[{"name":"wp","href":"https:\/\/api.w.org\/{rel}","templated":true}]}}