{"id":11041,"date":"2022-10-27T10:02:24","date_gmt":"2022-10-27T08:02:24","guid":{"rendered":"https:\/\/progettotouring.it\/radiotouring104\/?p=11041"},"modified":"2022-10-27T10:34:39","modified_gmt":"2022-10-27T08:34:39","slug":"commissione-sviluppo-economico-a-confronto-con-le-categorie-produttive-sostegno-alle-imprese-caro-energia-e-organizzazione-degli-eventi-natalizi","status":"publish","type":"post","link":"https:\/\/progettotouring.it\/radiotouring104\/2022\/10\/27\/commissione-sviluppo-economico-a-confronto-con-le-categorie-produttive-sostegno-alle-imprese-caro-energia-e-organizzazione-degli-eventi-natalizi\/","title":{"rendered":"Commissione Sviluppo Economico a confronto con le categorie produttive"},"content":{"rendered":"<p>Caro bollette, crisi post pandemica e l\u2019organizzazione dei prossimi eventi natalizi sono stati i temi sui quali la Commissione comunale \u201cSviluppo economico ed attivit\u00e0 produttive, turismo\u201d, presieduta dal Consigliere Carmelo Versace, si \u00e8 confrontata con i Presidenti di Confcommercio e Confesercenti, Lorenzo Labate e Claudio Aloisio.<\/p>\n<p>L\u2019organismo consiliare ha raccolto spunti e idee provenienti dai rappresentati delle associazioni di categoria per far fronte alle difficolt\u00e0 che il comparto sta affrontando in un periodo storico drammaticamente scandito da numerose emergenze. L\u2019ultima, in ordine di tempo, \u00e8 dettata dalle conseguenze che il conflitto russoucraino sta producendo, in varie forme e livelli, sui territori, a partire dall\u2019aumento dei costi per l\u2019energia. Fra le proposte avanzate dai Presidenti Labate e Aloisio, proprio per dare respiro alle economie, la dilazione degli avvisi di pagamento delle vecchie cartelle e di quelle in corso, cos\u00ec come la riduzione della tariffa per l\u2019occupazione del suolo pubblico. Per andare incontro alle esigenze del settore e favorire il commercio \u00e8 stata, poi, posta l\u2019idea di riproporre, come \u00e8 stato per lo scorso anno, l\u2019incentivo alla sosta in centro, consentendone la gratuit\u00e0 per la prima mezz&#8217;ora, e l\u2019estensione delle agevolazioni ai titolari delle attivit\u00e0 cos\u00ec come gi\u00e0 avviene per i dipendenti delle stesse.<\/p>\n<p>I presidenti di Confcommercio e Confesercenti hanno, quindi, esposto alcuni progetti, basati anche sullo sviluppo di app dedicate, che possano consentire un maggior afflusso di clientela alle imprese del territorio. Per quanto riguarda le iniziative legate alle ormai imminenti festivit\u00e0 natalizie, le organizzazioni di categoria hanno chiesto la rimodulazione dei calendari dei tradizionali \u201cMercatini di Natale\u201d, riducendo i tempi di svolgimento della manifestazione e concentrando la vendita, soprattutto, sulle eccellenze enogastronomiche del territorio in maniera tale da incentivare il turismo ed il rilancio dell\u2019immagine della citt\u00e0. Proprio sulla promozione del turismo si \u00e8 concentrata una lunga fetta degli interventi, ponendo all\u2019attenzione dei commissari altri ed ulteriori programmi elaborati da Confcommercio e Confesercenti come la promozione continua dei Bronzi di Riace nel 50\u00b0 anniversario della loro scoperta.<\/p>\n<p>Al termine dell\u2019audizione, il presidente Carmelo Versace si \u00e8 detto \u00abcompiaciuto e particolarmente interessato alle proposte dei presidenti Labate e Aloisio\u00bb. \u00abIl confronto \u2013 ha detto \u2013 \u00e8 sempre foriero di buone prassi ed ottime iniziative e pu\u00f2, sicuramente, aiutare gli amministratori a fare di pi\u00f9 e sempre meglio. Ringrazio i presidenti Labate ed Aloisio per quanto stanno facendo in un momento delicato e complesso per il settore, fondamentale e strategico, del commercio. Dalla loro audizione, la Commissione ha avuto modo di apprendere ed approfondire questioni sulle quali necessita dare immediate risposte con pragmatismo. E\u2019 in itinere, infatti, una mozione da presentare in consiglio comunale proprio per alleggerire il peso della crisi e provare ad intervenire concretamente per calmierare, ad esempio, i costi dell\u2019energia. Dalla viva voce di chi, quotidianamente, si confronta con le asperit\u00e0 del mercato abbiamo, quindi, raccolto degli spunti necessari a programmare e realizzare interventi decisivi per il tessuto economico\u00a0cittadino\u00bb.<\/p>\n","protected":false},"excerpt":{"rendered":"<p>Caro bollette, crisi post pandemica e l\u2019organizzazione dei prossimi eventi natalizi sono stati i temi sui quali la Commissione comunale \u201cSviluppo economico ed attivit\u00e0 produttive, turismo\u201d, presieduta dal Consigliere Carmelo&hellip;<\/p>\n","protected":false},"author":12,"featured_media":11042,"comment_status":"open","ping_status":"open","sticky":false,"template":"","format":"standard","meta":{"_jetpack_memberships_contains_paid_content":false,"footnotes":"","jetpack_publicize_message":"","jetpack_publicize_feature_enabled":true,"jetpack_social_post_already_shared":false,"jetpack_social_options":{"image_generator_settings":{"template":"highway","default_image_id":0,"font":"","enabled":false},"version":2}},"categories":[921,196,140],"tags":[5080,5081,5079,5083,5082,3746],"class_list":["post-11041","post","type-post","status-publish","format-standard","has-post-thumbnail","hentry","category-home","category-news","category-reggio-calabria","tag-claudio-aloisio","tag-commissione-sviluppo-economico","tag-confcommercio","tag-crisi-energetica","tag-eventi-natalizi","tag-lorenzo-labate"],"yoast_head":"<!-- This site is optimized with the Yoast SEO plugin v27.2 - https:\/\/yoast.com\/product\/yoast-seo-wordpress\/ -->\n<title>Incontro Commissione Sviluppo Economico<\/title>\n<meta name=\"description\" content=\"Soddisfazione del Presidente Carmelo Versace che ha raccolto le istanze dei Presidenti di Confcommercio e Confesercenti, Lorenzo Labate e Claudio Aloisio\" \/>\n<meta name=\"robots\" content=\"index, follow, max-snippet:-1, max-image-preview:large, max-video-preview:-1\" \/>\n<link rel=\"canonical\" href=\"https:\/\/progettotouring.it\/radiotouring104\/2022\/10\/27\/commissione-sviluppo-economico-a-confronto-con-le-categorie-produttive-sostegno-alle-imprese-caro-energia-e-organizzazione-degli-eventi-natalizi\/\" \/>\n<meta property=\"og:locale\" content=\"it_IT\" \/>\n<meta property=\"og:type\" content=\"article\" \/>\n<meta property=\"og:title\" content=\"Incontro Commissione Sviluppo Economico\" \/>\n<meta property=\"og:description\" content=\"Soddisfazione del Presidente Carmelo Versace che ha raccolto le istanze dei Presidenti di Confcommercio e Confesercenti, Lorenzo Labate e Claudio Aloisio\" \/>\n<meta property=\"og:url\" content=\"https:\/\/progettotouring.it\/radiotouring104\/2022\/10\/27\/commissione-sviluppo-economico-a-confronto-con-le-categorie-produttive-sostegno-alle-imprese-caro-energia-e-organizzazione-degli-eventi-natalizi\/\" \/>\n<meta property=\"og:site_name\" content=\"Radio Touring 104\" \/>\n<meta property=\"article:published_time\" content=\"2022-10-27T08:02:24+00:00\" \/>\n<meta property=\"article:modified_time\" content=\"2022-10-27T08:34:39+00:00\" \/>\n<meta property=\"og:image\" content=\"https:\/\/progettotouring.it\/radiotouring104\/wp-content\/uploads\/sites\/6\/2022\/10\/commissione-versace.jpeg\" \/>\n\t<meta property=\"og:image:width\" content=\"1536\" \/>\n\t<meta property=\"og:image:height\" content=\"1005\" \/>\n\t<meta property=\"og:image:type\" content=\"image\/jpeg\" \/>\n<meta name=\"author\" content=\"Sebastiano Plutino\" \/>\n<meta name=\"twitter:card\" content=\"summary_large_image\" \/>\n<meta name=\"twitter:label1\" content=\"Scritto da\" \/>\n\t<meta name=\"twitter:data1\" content=\"Sebastiano Plutino\" \/>\n\t<meta name=\"twitter:label2\" content=\"Tempo di lettura stimato\" \/>\n\t<meta name=\"twitter:data2\" content=\"2 minuti\" \/>\n<script type=\"application\/ld+json\" class=\"yoast-schema-graph\">{\"@context\":\"https:\/\/schema.org\",\"@graph\":[{\"@type\":\"Article\",\"@id\":\"https:\/\/progettotouring.it\/radiotouring104\/2022\/10\/27\/commissione-sviluppo-economico-a-confronto-con-le-categorie-produttive-sostegno-alle-imprese-caro-energia-e-organizzazione-degli-eventi-natalizi\/#article\",\"isPartOf\":{\"@id\":\"https:\/\/progettotouring.it\/radiotouring104\/2022\/10\/27\/commissione-sviluppo-economico-a-confronto-con-le-categorie-produttive-sostegno-alle-imprese-caro-energia-e-organizzazione-degli-eventi-natalizi\/\"},\"author\":{\"name\":\"Sebastiano Plutino\",\"@id\":\"https:\/\/progettotouring.it\/radiotouring104\/#\/schema\/person\/78613917f1851f041f7483f5af1d422e\"},\"headline\":\"Commissione Sviluppo Economico a confronto con le categorie produttive\",\"datePublished\":\"2022-10-27T08:02:24+00:00\",\"dateModified\":\"2022-10-27T08:34:39+00:00\",\"mainEntityOfPage\":{\"@id\":\"https:\/\/progettotouring.it\/radiotouring104\/2022\/10\/27\/commissione-sviluppo-economico-a-confronto-con-le-categorie-produttive-sostegno-alle-imprese-caro-energia-e-organizzazione-degli-eventi-natalizi\/\"},\"wordCount\":494,\"commentCount\":0,\"publisher\":{\"@id\":\"https:\/\/progettotouring.it\/radiotouring104\/#organization\"},\"image\":{\"@id\":\"https:\/\/progettotouring.it\/radiotouring104\/2022\/10\/27\/commissione-sviluppo-economico-a-confronto-con-le-categorie-produttive-sostegno-alle-imprese-caro-energia-e-organizzazione-degli-eventi-natalizi\/#primaryimage\"},\"thumbnailUrl\":\"https:\/\/progettotouring.it\/radiotouring104\/wp-content\/uploads\/sites\/6\/2022\/10\/commissione-versace.jpeg\",\"keywords\":[\"Claudio Aloisio\",\"Commissione Sviluppo Economico\",\"Confcommercio\",\"Crisi Energetica\",\"Eventi natalizi\",\"Lorenzo Labate\"],\"articleSection\":[\"Home\",\"News\",\"Reggio Calabria\"],\"inLanguage\":\"it-IT\",\"potentialAction\":[{\"@type\":\"CommentAction\",\"name\":\"Comment\",\"target\":[\"https:\/\/progettotouring.it\/radiotouring104\/2022\/10\/27\/commissione-sviluppo-economico-a-confronto-con-le-categorie-produttive-sostegno-alle-imprese-caro-energia-e-organizzazione-degli-eventi-natalizi\/#respond\"]}]},{\"@type\":\"WebPage\",\"@id\":\"https:\/\/progettotouring.it\/radiotouring104\/2022\/10\/27\/commissione-sviluppo-economico-a-confronto-con-le-categorie-produttive-sostegno-alle-imprese-caro-energia-e-organizzazione-degli-eventi-natalizi\/\",\"url\":\"https:\/\/progettotouring.it\/radiotouring104\/2022\/10\/27\/commissione-sviluppo-economico-a-confronto-con-le-categorie-produttive-sostegno-alle-imprese-caro-energia-e-organizzazione-degli-eventi-natalizi\/\",\"name\":\"Incontro Commissione Sviluppo Economico\",\"isPartOf\":{\"@id\":\"https:\/\/progettotouring.it\/radiotouring104\/#website\"},\"primaryImageOfPage\":{\"@id\":\"https:\/\/progettotouring.it\/radiotouring104\/2022\/10\/27\/commissione-sviluppo-economico-a-confronto-con-le-categorie-produttive-sostegno-alle-imprese-caro-energia-e-organizzazione-degli-eventi-natalizi\/#primaryimage\"},\"image\":{\"@id\":\"https:\/\/progettotouring.it\/radiotouring104\/2022\/10\/27\/commissione-sviluppo-economico-a-confronto-con-le-categorie-produttive-sostegno-alle-imprese-caro-energia-e-organizzazione-degli-eventi-natalizi\/#primaryimage\"},\"thumbnailUrl\":\"https:\/\/progettotouring.it\/radiotouring104\/wp-content\/uploads\/sites\/6\/2022\/10\/commissione-versace.jpeg\",\"datePublished\":\"2022-10-27T08:02:24+00:00\",\"dateModified\":\"2022-10-27T08:34:39+00:00\",\"description\":\"Soddisfazione del Presidente Carmelo Versace che ha raccolto le istanze dei Presidenti di Confcommercio e Confesercenti, Lorenzo Labate e Claudio Aloisio\",\"breadcrumb\":{\"@id\":\"https:\/\/progettotouring.it\/radiotouring104\/2022\/10\/27\/commissione-sviluppo-economico-a-confronto-con-le-categorie-produttive-sostegno-alle-imprese-caro-energia-e-organizzazione-degli-eventi-natalizi\/#breadcrumb\"},\"inLanguage\":\"it-IT\",\"potentialAction\":[{\"@type\":\"ReadAction\",\"target\":[\"https:\/\/progettotouring.it\/radiotouring104\/2022\/10\/27\/commissione-sviluppo-economico-a-confronto-con-le-categorie-produttive-sostegno-alle-imprese-caro-energia-e-organizzazione-degli-eventi-natalizi\/\"]}]},{\"@type\":\"ImageObject\",\"inLanguage\":\"it-IT\",\"@id\":\"https:\/\/progettotouring.it\/radiotouring104\/2022\/10\/27\/commissione-sviluppo-economico-a-confronto-con-le-categorie-produttive-sostegno-alle-imprese-caro-energia-e-organizzazione-degli-eventi-natalizi\/#primaryimage\",\"url\":\"https:\/\/progettotouring.it\/radiotouring104\/wp-content\/uploads\/sites\/6\/2022\/10\/commissione-versace.jpeg\",\"contentUrl\":\"https:\/\/progettotouring.it\/radiotouring104\/wp-content\/uploads\/sites\/6\/2022\/10\/commissione-versace.jpeg\",\"width\":1536,\"height\":1005},{\"@type\":\"BreadcrumbList\",\"@id\":\"https:\/\/progettotouring.it\/radiotouring104\/2022\/10\/27\/commissione-sviluppo-economico-a-confronto-con-le-categorie-produttive-sostegno-alle-imprese-caro-energia-e-organizzazione-degli-eventi-natalizi\/#breadcrumb\",\"itemListElement\":[{\"@type\":\"ListItem\",\"position\":1,\"name\":\"Home\",\"item\":\"https:\/\/progettotouring.it\/radiotouring104\/\"},{\"@type\":\"ListItem\",\"position\":2,\"name\":\"Commissione Sviluppo Economico a confronto con le categorie produttive\"}]},{\"@type\":\"WebSite\",\"@id\":\"https:\/\/progettotouring.it\/radiotouring104\/#website\",\"url\":\"https:\/\/progettotouring.it\/radiotouring104\/\",\"name\":\"Radio Touring 104\",\"description\":\"La prima radio Reggina\",\"publisher\":{\"@id\":\"https:\/\/progettotouring.it\/radiotouring104\/#organization\"},\"potentialAction\":[{\"@type\":\"SearchAction\",\"target\":{\"@type\":\"EntryPoint\",\"urlTemplate\":\"https:\/\/progettotouring.it\/radiotouring104\/?s={search_term_string}\"},\"query-input\":{\"@type\":\"PropertyValueSpecification\",\"valueRequired\":true,\"valueName\":\"search_term_string\"}}],\"inLanguage\":\"it-IT\"},{\"@type\":\"Organization\",\"@id\":\"https:\/\/progettotouring.it\/radiotouring104\/#organization\",\"name\":\"Radio Touring 104\",\"url\":\"https:\/\/progettotouring.it\/radiotouring104\/\",\"logo\":{\"@type\":\"ImageObject\",\"inLanguage\":\"it-IT\",\"@id\":\"https:\/\/progettotouring.it\/radiotouring104\/#\/schema\/logo\/image\/\",\"url\":\"https:\/\/progettotouring.it\/radiotouring104\/wp-content\/uploads\/sites\/6\/2022\/02\/cropped-logo-radio-touring-104.png\",\"contentUrl\":\"https:\/\/progettotouring.it\/radiotouring104\/wp-content\/uploads\/sites\/6\/2022\/02\/cropped-logo-radio-touring-104.png\",\"width\":377,\"height\":182,\"caption\":\"Radio Touring 104\"},\"image\":{\"@id\":\"https:\/\/progettotouring.it\/radiotouring104\/#\/schema\/logo\/image\/\"}},{\"@type\":\"Person\",\"@id\":\"https:\/\/progettotouring.it\/radiotouring104\/#\/schema\/person\/78613917f1851f041f7483f5af1d422e\",\"name\":\"Sebastiano Plutino\",\"image\":{\"@type\":\"ImageObject\",\"inLanguage\":\"it-IT\",\"@id\":\"https:\/\/secure.gravatar.com\/avatar\/0546ffaa9b79224faf9f2a156b67a529ae861d3287c66c1d8ccfdf909bcba78d?s=96&d=mm&r=g\",\"url\":\"https:\/\/secure.gravatar.com\/avatar\/0546ffaa9b79224faf9f2a156b67a529ae861d3287c66c1d8ccfdf909bcba78d?s=96&d=mm&r=g\",\"contentUrl\":\"https:\/\/secure.gravatar.com\/avatar\/0546ffaa9b79224faf9f2a156b67a529ae861d3287c66c1d8ccfdf909bcba78d?s=96&d=mm&r=g\",\"caption\":\"Sebastiano Plutino\"},\"url\":\"https:\/\/progettotouring.it\/radiotouring104\/author\/sebastiano\/\"}]}<\/script>\n<!-- \/ Yoast SEO plugin. -->","yoast_head_json":{"title":"Incontro Commissione Sviluppo Economico","description":"Soddisfazione del Presidente Carmelo Versace che ha raccolto le istanze dei Presidenti di Confcommercio e Confesercenti, Lorenzo Labate e Claudio Aloisio","robots":{"index":"index","follow":"follow","max-snippet":"max-snippet:-1","max-image-preview":"max-image-preview:large","max-video-preview":"max-video-preview:-1"},"canonical":"https:\/\/progettotouring.it\/radiotouring104\/2022\/10\/27\/commissione-sviluppo-economico-a-confronto-con-le-categorie-produttive-sostegno-alle-imprese-caro-energia-e-organizzazione-degli-eventi-natalizi\/","og_locale":"it_IT","og_type":"article","og_title":"Incontro Commissione Sviluppo Economico","og_description":"Soddisfazione del Presidente Carmelo Versace che ha raccolto le istanze dei Presidenti di Confcommercio e Confesercenti, Lorenzo Labate e Claudio Aloisio","og_url":"https:\/\/progettotouring.it\/radiotouring104\/2022\/10\/27\/commissione-sviluppo-economico-a-confronto-con-le-categorie-produttive-sostegno-alle-imprese-caro-energia-e-organizzazione-degli-eventi-natalizi\/","og_site_name":"Radio Touring 104","article_published_time":"2022-10-27T08:02:24+00:00","article_modified_time":"2022-10-27T08:34:39+00:00","og_image":[{"width":1536,"height":1005,"url":"https:\/\/progettotouring.it\/radiotouring104\/wp-content\/uploads\/sites\/6\/2022\/10\/commissione-versace.jpeg","type":"image\/jpeg"}],"author":"Sebastiano Plutino","twitter_card":"summary_large_image","twitter_misc":{"Scritto da":"Sebastiano Plutino","Tempo di lettura stimato":"2 minuti"},"schema":{"@context":"https:\/\/schema.org","@graph":[{"@type":"Article","@id":"https:\/\/progettotouring.it\/radiotouring104\/2022\/10\/27\/commissione-sviluppo-economico-a-confronto-con-le-categorie-produttive-sostegno-alle-imprese-caro-energia-e-organizzazione-degli-eventi-natalizi\/#article","isPartOf":{"@id":"https:\/\/progettotouring.it\/radiotouring104\/2022\/10\/27\/commissione-sviluppo-economico-a-confronto-con-le-categorie-produttive-sostegno-alle-imprese-caro-energia-e-organizzazione-degli-eventi-natalizi\/"},"author":{"name":"Sebastiano Plutino","@id":"https:\/\/progettotouring.it\/radiotouring104\/#\/schema\/person\/78613917f1851f041f7483f5af1d422e"},"headline":"Commissione Sviluppo Economico a confronto con le categorie produttive","datePublished":"2022-10-27T08:02:24+00:00","dateModified":"2022-10-27T08:34:39+00:00","mainEntityOfPage":{"@id":"https:\/\/progettotouring.it\/radiotouring104\/2022\/10\/27\/commissione-sviluppo-economico-a-confronto-con-le-categorie-produttive-sostegno-alle-imprese-caro-energia-e-organizzazione-degli-eventi-natalizi\/"},"wordCount":494,"commentCount":0,"publisher":{"@id":"https:\/\/progettotouring.it\/radiotouring104\/#organization"},"image":{"@id":"https:\/\/progettotouring.it\/radiotouring104\/2022\/10\/27\/commissione-sviluppo-economico-a-confronto-con-le-categorie-produttive-sostegno-alle-imprese-caro-energia-e-organizzazione-degli-eventi-natalizi\/#primaryimage"},"thumbnailUrl":"https:\/\/progettotouring.it\/radiotouring104\/wp-content\/uploads\/sites\/6\/2022\/10\/commissione-versace.jpeg","keywords":["Claudio Aloisio","Commissione Sviluppo Economico","Confcommercio","Crisi Energetica","Eventi natalizi","Lorenzo Labate"],"articleSection":["Home","News","Reggio Calabria"],"inLanguage":"it-IT","potentialAction":[{"@type":"CommentAction","name":"Comment","target":["https:\/\/progettotouring.it\/radiotouring104\/2022\/10\/27\/commissione-sviluppo-economico-a-confronto-con-le-categorie-produttive-sostegno-alle-imprese-caro-energia-e-organizzazione-degli-eventi-natalizi\/#respond"]}]},{"@type":"WebPage","@id":"https:\/\/progettotouring.it\/radiotouring104\/2022\/10\/27\/commissione-sviluppo-economico-a-confronto-con-le-categorie-produttive-sostegno-alle-imprese-caro-energia-e-organizzazione-degli-eventi-natalizi\/","url":"https:\/\/progettotouring.it\/radiotouring104\/2022\/10\/27\/commissione-sviluppo-economico-a-confronto-con-le-categorie-produttive-sostegno-alle-imprese-caro-energia-e-organizzazione-degli-eventi-natalizi\/","name":"Incontro Commissione Sviluppo Economico","isPartOf":{"@id":"https:\/\/progettotouring.it\/radiotouring104\/#website"},"primaryImageOfPage":{"@id":"https:\/\/progettotouring.it\/radiotouring104\/2022\/10\/27\/commissione-sviluppo-economico-a-confronto-con-le-categorie-produttive-sostegno-alle-imprese-caro-energia-e-organizzazione-degli-eventi-natalizi\/#primaryimage"},"image":{"@id":"https:\/\/progettotouring.it\/radiotouring104\/2022\/10\/27\/commissione-sviluppo-economico-a-confronto-con-le-categorie-produttive-sostegno-alle-imprese-caro-energia-e-organizzazione-degli-eventi-natalizi\/#primaryimage"},"thumbnailUrl":"https:\/\/progettotouring.it\/radiotouring104\/wp-content\/uploads\/sites\/6\/2022\/10\/commissione-versace.jpeg","datePublished":"2022-10-27T08:02:24+00:00","dateModified":"2022-10-27T08:34:39+00:00","description":"Soddisfazione del Presidente Carmelo Versace che ha raccolto le istanze dei Presidenti di Confcommercio e Confesercenti, Lorenzo Labate e Claudio Aloisio","breadcrumb":{"@id":"https:\/\/progettotouring.it\/radiotouring104\/2022\/10\/27\/commissione-sviluppo-economico-a-confronto-con-le-categorie-produttive-sostegno-alle-imprese-caro-energia-e-organizzazione-degli-eventi-natalizi\/#breadcrumb"},"inLanguage":"it-IT","potentialAction":[{"@type":"ReadAction","target":["https:\/\/progettotouring.it\/radiotouring104\/2022\/10\/27\/commissione-sviluppo-economico-a-confronto-con-le-categorie-produttive-sostegno-alle-imprese-caro-energia-e-organizzazione-degli-eventi-natalizi\/"]}]},{"@type":"ImageObject","inLanguage":"it-IT","@id":"https:\/\/progettotouring.it\/radiotouring104\/2022\/10\/27\/commissione-sviluppo-economico-a-confronto-con-le-categorie-produttive-sostegno-alle-imprese-caro-energia-e-organizzazione-degli-eventi-natalizi\/#primaryimage","url":"https:\/\/progettotouring.it\/radiotouring104\/wp-content\/uploads\/sites\/6\/2022\/10\/commissione-versace.jpeg","contentUrl":"https:\/\/progettotouring.it\/radiotouring104\/wp-content\/uploads\/sites\/6\/2022\/10\/commissione-versace.jpeg","width":1536,"height":1005},{"@type":"BreadcrumbList","@id":"https:\/\/progettotouring.it\/radiotouring104\/2022\/10\/27\/commissione-sviluppo-economico-a-confronto-con-le-categorie-produttive-sostegno-alle-imprese-caro-energia-e-organizzazione-degli-eventi-natalizi\/#breadcrumb","itemListElement":[{"@type":"ListItem","position":1,"name":"Home","item":"https:\/\/progettotouring.it\/radiotouring104\/"},{"@type":"ListItem","position":2,"name":"Commissione Sviluppo Economico a confronto con le categorie produttive"}]},{"@type":"WebSite","@id":"https:\/\/progettotouring.it\/radiotouring104\/#website","url":"https:\/\/progettotouring.it\/radiotouring104\/","name":"Radio Touring 104","description":"La prima radio Reggina","publisher":{"@id":"https:\/\/progettotouring.it\/radiotouring104\/#organization"},"potentialAction":[{"@type":"SearchAction","target":{"@type":"EntryPoint","urlTemplate":"https:\/\/progettotouring.it\/radiotouring104\/?s={search_term_string}"},"query-input":{"@type":"PropertyValueSpecification","valueRequired":true,"valueName":"search_term_string"}}],"inLanguage":"it-IT"},{"@type":"Organization","@id":"https:\/\/progettotouring.it\/radiotouring104\/#organization","name":"Radio Touring 104","url":"https:\/\/progettotouring.it\/radiotouring104\/","logo":{"@type":"ImageObject","inLanguage":"it-IT","@id":"https:\/\/progettotouring.it\/radiotouring104\/#\/schema\/logo\/image\/","url":"https:\/\/progettotouring.it\/radiotouring104\/wp-content\/uploads\/sites\/6\/2022\/02\/cropped-logo-radio-touring-104.png","contentUrl":"https:\/\/progettotouring.it\/radiotouring104\/wp-content\/uploads\/sites\/6\/2022\/02\/cropped-logo-radio-touring-104.png","width":377,"height":182,"caption":"Radio Touring 104"},"image":{"@id":"https:\/\/progettotouring.it\/radiotouring104\/#\/schema\/logo\/image\/"}},{"@type":"Person","@id":"https:\/\/progettotouring.it\/radiotouring104\/#\/schema\/person\/78613917f1851f041f7483f5af1d422e","name":"Sebastiano Plutino","image":{"@type":"ImageObject","inLanguage":"it-IT","@id":"https:\/\/secure.gravatar.com\/avatar\/0546ffaa9b79224faf9f2a156b67a529ae861d3287c66c1d8ccfdf909bcba78d?s=96&d=mm&r=g","url":"https:\/\/secure.gravatar.com\/avatar\/0546ffaa9b79224faf9f2a156b67a529ae861d3287c66c1d8ccfdf909bcba78d?s=96&d=mm&r=g","contentUrl":"https:\/\/secure.gravatar.com\/avatar\/0546ffaa9b79224faf9f2a156b67a529ae861d3287c66c1d8ccfdf909bcba78d?s=96&d=mm&r=g","caption":"Sebastiano Plutino"},"url":"https:\/\/progettotouring.it\/radiotouring104\/author\/sebastiano\/"}]}},"jetpack_publicize_connections":[],"jetpack_featured_media_url":"https:\/\/progettotouring.it\/radiotouring104\/wp-content\/uploads\/sites\/6\/2022\/10\/commissione-versace.jpeg","jetpack_sharing_enabled":true,"_links":{"self":[{"href":"https:\/\/progettotouring.it\/radiotouring104\/wp-json\/wp\/v2\/posts\/11041","targetHints":{"allow":["GET"]}}],"collection":[{"href":"https:\/\/progettotouring.it\/radiotouring104\/wp-json\/wp\/v2\/posts"}],"about":[{"href":"https:\/\/progettotouring.it\/radiotouring104\/wp-json\/wp\/v2\/types\/post"}],"author":[{"embeddable":true,"href":"https:\/\/progettotouring.it\/radiotouring104\/wp-json\/wp\/v2\/users\/12"}],"replies":[{"embeddable":true,"href":"https:\/\/progettotouring.it\/radiotouring104\/wp-json\/wp\/v2\/comments?post=11041"}],"version-history":[{"count":3,"href":"https:\/\/progettotouring.it\/radiotouring104\/wp-json\/wp\/v2\/posts\/11041\/revisions"}],"predecessor-version":[{"id":11050,"href":"https:\/\/progettotouring.it\/radiotouring104\/wp-json\/wp\/v2\/posts\/11041\/revisions\/11050"}],"wp:featuredmedia":[{"embeddable":true,"href":"https:\/\/progettotouring.it\/radiotouring104\/wp-json\/wp\/v2\/media\/11042"}],"wp:attachment":[{"href":"https:\/\/progettotouring.it\/radiotouring104\/wp-json\/wp\/v2\/media?parent=11041"}],"wp:term":[{"taxonomy":"category","embeddable":true,"href":"https:\/\/progettotouring.it\/radiotouring104\/wp-json\/wp\/v2\/categories?post=11041"},{"taxonomy":"post_tag","embeddable":true,"href":"https:\/\/progettotouring.it\/radiotouring104\/wp-json\/wp\/v2\/tags?post=11041"}],"curies":[{"name":"wp","href":"https:\/\/api.w.org\/{rel}","templated":true}]}}