{"id":11044,"date":"2022-10-27T10:30:34","date_gmt":"2022-10-27T08:30:34","guid":{"rendered":"https:\/\/progettotouring.it\/radiotouring104\/?p=11044"},"modified":"2022-10-27T10:30:34","modified_gmt":"2022-10-27T08:30:34","slug":"stazione-sperimentale-delle-essenze-ok-dalla-giunta-alla-convenzione-con-la-camera-di-commercio-e-la-mediterranea","status":"publish","type":"post","link":"https:\/\/progettotouring.it\/radiotouring104\/2022\/10\/27\/stazione-sperimentale-delle-essenze-ok-dalla-giunta-alla-convenzione-con-la-camera-di-commercio-e-la-mediterranea\/","title":{"rendered":"Stazione sperimentale delle essenze, ok dalla Giunta alla convenzione con la Camera di Commercio e la Mediterranea"},"content":{"rendered":"<p>Il Comune di Reggio Calabria punta sul rilancio della \u201cStazione sperimentale per le industrie delle essenze e dei derivati degli agrumi\u201d, un luogo simbolo della storia, della ricerca e dell\u2019industria cittadina ospitato in un antico complesso che sorge sul corso Vittorio Emanuele. La giunta comunale, infatti, ha licenziato lo schema di convenzione che, a tale scopo, nelle prossime settimane verr\u00e0 sottoscritto con la Camera di Commercio e l\u2019Universit\u00e0 \u201cMediterranea\u201d.<\/p>\n<p>L\u2019assessora allo Sviluppo Economico Angela Martino, si \u00e8 detta \u00abparticolarmente soddisfatta per un\u2019operazione che mira a risollevare le sorti di una realt\u00e0 entrata in crisi negli ultimi venti anni e che pu\u00f2 rappresentare un sicuro volano di sviluppo scientifico, industriale, didattico, culturale e turistico per l\u2019intera comunit\u00e0\u00bb.<\/p>\n<p>\u00abSiamo ad un punto di svolta\u00bb, ha affermato la delegata di giunta aggiungendo: \u00abGrazie all\u2019accordo che legher\u00e0 tre importanti istituzioni cittadine, la Stazione sperimentale potr\u00e0 tornare ad essere un centro nevralgico per le economie del territorio\u00bb.<\/p>\n<p>\u00abIl piano di collaborazione \u2013 ha spiegato Martino \u2013 prevede interventi congiunti finalizzati all\u2019attivazione di un vero e proprio polo di innovazione in grado di gestire, fra le altre cose, una rete istituzionalizzata specializzata per la caratterizzazione e la certificazione delle essenze agrumarie. Attivit\u00e0 che riguarderanno tutte le essenze, i succhi e gli altri derivati agrumari, con particolare riferimento al bergamotto, ma non solo\u00bb.<\/p>\n<p>\u00abSi dar\u00e0 vita &#8211; ha proseguito \u2013 ad una piattaforma per la ricerca, la formazione, il trasferimento tecnologico mutuabile anche ad altre produzioni agricole ed agroalimentari. Senza contare, poi, la possibilit\u00e0 di organizzare una serie di iniziative di carattere formativo promosse per fornire le conoscenze teoriche e pratiche volte alla qualificazione di specialisti in scienze e tecnologie delle produzioni agrumarie, essenze, profumi o generi alimentari. Importante, dunque, sar\u00e0 anche il coinvolgimento delle scuole con l\u2019attivazione di corsi per tecnici e la formazione enogastronomica, ma anche e soprattutto delle universit\u00e0 che avranno l\u2019opportunit\u00e0 di attingere a percorsi di specializzazione post-laurea in agraria, chimica, biologia o farmacia\u00bb.<\/p>\n<p>Nella convenzione rientrano, ancora, il rilancio dell\u2019Orto botanico, sito sul viale Calabria, che andr\u00e0 in gestione per \u00abincentivare le specie maggiormente rappresentative del territorio e che sar\u00e0 adibito a \u201ccampo catalogo del bergamotto\u201d\u00bb e di un bergamotteto, sito a Pellaro, che il Comune metter\u00e0 a disposizione per \u00absperimentazioni e visite guidate ai fini turistici e didattici\u00bb.<\/p>\n<p>Considerato, poi, il patrimonio bibliografico e tecnologico custodito nel complesso di Corso Vittorio Emanuele, per l\u2019assessora Martino e gli esperti di Camera di Commercio ed Universit\u00e0 si potr\u00e0 allestire \u00abun museo quale centro di documentazione in grado di valorizzare la storia, i luoghi ed i protagonisti della storia del bergamotto\u00bb. In questo luogo, si potranno organizzare visite sensoriali \u00abcapaci di far \u201cvivere\u201d le antiche modalit\u00e0 estrattive delle essenze, immergendosi in una realt\u00e0 virtuale tale da sperimentare il connubio tra prodotto, territorio e la sua valenza storico-culturale\u00bb.<\/p>\n<p>\u00abInsomma \u2013 ha concluso \u2013 stiamo per chiudere una delle principali linee di mandato del sindaco Giuseppe Falcomat\u00e0, seguite in continuit\u00e0 dal sindaco facente funzioni, Paolo Brunetti, che con la giunta comunale ha colto pienamente l\u2019importanza di valorizzare al massimo un bene con un potenziale enorme sotto tantissimi aspetti. L\u2019intesa raggiunta con Camera di Commercio ed Universit\u00e0 rappresenta un elemento di garanzia affinch\u00e9 la Stazione sperimentale delle essenze possa finalmente tornare ad acquisire il ruolo, a lei pi\u00f9 consono, di snodo e punto di riferimento fondamentale per lo sviluppo del territorio. La sinergia istituzionale fondata su intenti comuni di crescita \u00e8, sicuramente, l\u2019elemento chiave perch\u00e9 si raggiungano traguardi decisivi per la citt\u00e0 che lasceremo alle future\u00a0generazioni\u00bb.<\/p>\n","protected":false},"excerpt":{"rendered":"<p>Il Comune di Reggio Calabria punta sul rilancio della \u201cStazione sperimentale per le industrie delle essenze e dei derivati degli agrumi\u201d, un luogo simbolo della storia, della ricerca e dell\u2019industria&hellip;<\/p>\n","protected":false},"author":12,"featured_media":5666,"comment_status":"open","ping_status":"open","sticky":false,"template":"","format":"standard","meta":{"_jetpack_memberships_contains_paid_content":false,"footnotes":"","jetpack_publicize_message":"","jetpack_publicize_feature_enabled":true,"jetpack_social_post_already_shared":false,"jetpack_social_options":{"image_generator_settings":{"template":"highway","default_image_id":0,"font":"","enabled":false},"version":2}},"categories":[921,196,140],"tags":[2833,4068,5085,2237],"class_list":["post-11044","post","type-post","status-publish","format-standard","has-post-thumbnail","hentry","category-home","category-news","category-reggio-calabria","tag-camera-di-commercio","tag-giunta-comunale","tag-stazione-delle-essenze","tag-universita-mediterranea-di-reggio-calabria"],"yoast_head":"<!-- This site is optimized with the Yoast SEO plugin v27.2 - https:\/\/yoast.com\/product\/yoast-seo-wordpress\/ -->\n<title>Ok dalla giunta alla convenzione con la Camera di Commercio<\/title>\n<meta name=\"robots\" content=\"index, follow, max-snippet:-1, max-image-preview:large, max-video-preview:-1\" \/>\n<link rel=\"canonical\" href=\"https:\/\/progettotouring.it\/radiotouring104\/2022\/10\/27\/stazione-sperimentale-delle-essenze-ok-dalla-giunta-alla-convenzione-con-la-camera-di-commercio-e-la-mediterranea\/\" \/>\n<meta property=\"og:locale\" content=\"it_IT\" \/>\n<meta property=\"og:type\" content=\"article\" \/>\n<meta property=\"og:title\" content=\"Ok dalla giunta alla convenzione con la Camera di Commercio\" \/>\n<meta property=\"og:description\" content=\"Il Comune di Reggio Calabria punta sul rilancio della \u201cStazione sperimentale per le industrie delle essenze e dei derivati degli agrumi\u201d, un luogo simbolo della storia, della ricerca e dell\u2019industria&hellip;\" \/>\n<meta property=\"og:url\" content=\"https:\/\/progettotouring.it\/radiotouring104\/2022\/10\/27\/stazione-sperimentale-delle-essenze-ok-dalla-giunta-alla-convenzione-con-la-camera-di-commercio-e-la-mediterranea\/\" \/>\n<meta property=\"og:site_name\" content=\"Radio Touring 104\" \/>\n<meta property=\"article:published_time\" content=\"2022-10-27T08:30:34+00:00\" \/>\n<meta property=\"og:image\" content=\"https:\/\/progettotouring.it\/radiotouring104\/wp-content\/uploads\/sites\/6\/2022\/05\/san-giorgio-comune.jpg\" \/>\n\t<meta property=\"og:image:width\" content=\"1920\" \/>\n\t<meta property=\"og:image:height\" content=\"1080\" \/>\n\t<meta property=\"og:image:type\" content=\"image\/jpeg\" \/>\n<meta name=\"author\" content=\"Sebastiano Plutino\" \/>\n<meta name=\"twitter:card\" content=\"summary_large_image\" \/>\n<meta name=\"twitter:label1\" content=\"Scritto da\" \/>\n\t<meta name=\"twitter:data1\" content=\"Sebastiano Plutino\" \/>\n\t<meta name=\"twitter:label2\" content=\"Tempo di lettura stimato\" \/>\n\t<meta name=\"twitter:data2\" content=\"3 minuti\" \/>\n<script type=\"application\/ld+json\" class=\"yoast-schema-graph\">{\"@context\":\"https:\/\/schema.org\",\"@graph\":[{\"@type\":\"Article\",\"@id\":\"https:\/\/progettotouring.it\/radiotouring104\/2022\/10\/27\/stazione-sperimentale-delle-essenze-ok-dalla-giunta-alla-convenzione-con-la-camera-di-commercio-e-la-mediterranea\/#article\",\"isPartOf\":{\"@id\":\"https:\/\/progettotouring.it\/radiotouring104\/2022\/10\/27\/stazione-sperimentale-delle-essenze-ok-dalla-giunta-alla-convenzione-con-la-camera-di-commercio-e-la-mediterranea\/\"},\"author\":{\"name\":\"Sebastiano Plutino\",\"@id\":\"https:\/\/progettotouring.it\/radiotouring104\/#\/schema\/person\/78613917f1851f041f7483f5af1d422e\"},\"headline\":\"Stazione sperimentale delle essenze, ok dalla Giunta alla convenzione con la Camera di Commercio e la Mediterranea\",\"datePublished\":\"2022-10-27T08:30:34+00:00\",\"mainEntityOfPage\":{\"@id\":\"https:\/\/progettotouring.it\/radiotouring104\/2022\/10\/27\/stazione-sperimentale-delle-essenze-ok-dalla-giunta-alla-convenzione-con-la-camera-di-commercio-e-la-mediterranea\/\"},\"wordCount\":604,\"commentCount\":0,\"publisher\":{\"@id\":\"https:\/\/progettotouring.it\/radiotouring104\/#organization\"},\"image\":{\"@id\":\"https:\/\/progettotouring.it\/radiotouring104\/2022\/10\/27\/stazione-sperimentale-delle-essenze-ok-dalla-giunta-alla-convenzione-con-la-camera-di-commercio-e-la-mediterranea\/#primaryimage\"},\"thumbnailUrl\":\"https:\/\/progettotouring.it\/radiotouring104\/wp-content\/uploads\/sites\/6\/2022\/05\/san-giorgio-comune.jpg\",\"keywords\":[\"camera di commercio\",\"giunta comunale\",\"Stazione delle essenze\",\"Universit\u00e0 Mediterranea di Reggio Calabria\"],\"articleSection\":[\"Home\",\"News\",\"Reggio Calabria\"],\"inLanguage\":\"it-IT\",\"potentialAction\":[{\"@type\":\"CommentAction\",\"name\":\"Comment\",\"target\":[\"https:\/\/progettotouring.it\/radiotouring104\/2022\/10\/27\/stazione-sperimentale-delle-essenze-ok-dalla-giunta-alla-convenzione-con-la-camera-di-commercio-e-la-mediterranea\/#respond\"]}]},{\"@type\":\"WebPage\",\"@id\":\"https:\/\/progettotouring.it\/radiotouring104\/2022\/10\/27\/stazione-sperimentale-delle-essenze-ok-dalla-giunta-alla-convenzione-con-la-camera-di-commercio-e-la-mediterranea\/\",\"url\":\"https:\/\/progettotouring.it\/radiotouring104\/2022\/10\/27\/stazione-sperimentale-delle-essenze-ok-dalla-giunta-alla-convenzione-con-la-camera-di-commercio-e-la-mediterranea\/\",\"name\":\"Ok dalla giunta alla convenzione con la Camera di Commercio\",\"isPartOf\":{\"@id\":\"https:\/\/progettotouring.it\/radiotouring104\/#website\"},\"primaryImageOfPage\":{\"@id\":\"https:\/\/progettotouring.it\/radiotouring104\/2022\/10\/27\/stazione-sperimentale-delle-essenze-ok-dalla-giunta-alla-convenzione-con-la-camera-di-commercio-e-la-mediterranea\/#primaryimage\"},\"image\":{\"@id\":\"https:\/\/progettotouring.it\/radiotouring104\/2022\/10\/27\/stazione-sperimentale-delle-essenze-ok-dalla-giunta-alla-convenzione-con-la-camera-di-commercio-e-la-mediterranea\/#primaryimage\"},\"thumbnailUrl\":\"https:\/\/progettotouring.it\/radiotouring104\/wp-content\/uploads\/sites\/6\/2022\/05\/san-giorgio-comune.jpg\",\"datePublished\":\"2022-10-27T08:30:34+00:00\",\"breadcrumb\":{\"@id\":\"https:\/\/progettotouring.it\/radiotouring104\/2022\/10\/27\/stazione-sperimentale-delle-essenze-ok-dalla-giunta-alla-convenzione-con-la-camera-di-commercio-e-la-mediterranea\/#breadcrumb\"},\"inLanguage\":\"it-IT\",\"potentialAction\":[{\"@type\":\"ReadAction\",\"target\":[\"https:\/\/progettotouring.it\/radiotouring104\/2022\/10\/27\/stazione-sperimentale-delle-essenze-ok-dalla-giunta-alla-convenzione-con-la-camera-di-commercio-e-la-mediterranea\/\"]}]},{\"@type\":\"ImageObject\",\"inLanguage\":\"it-IT\",\"@id\":\"https:\/\/progettotouring.it\/radiotouring104\/2022\/10\/27\/stazione-sperimentale-delle-essenze-ok-dalla-giunta-alla-convenzione-con-la-camera-di-commercio-e-la-mediterranea\/#primaryimage\",\"url\":\"https:\/\/progettotouring.it\/radiotouring104\/wp-content\/uploads\/sites\/6\/2022\/05\/san-giorgio-comune.jpg\",\"contentUrl\":\"https:\/\/progettotouring.it\/radiotouring104\/wp-content\/uploads\/sites\/6\/2022\/05\/san-giorgio-comune.jpg\",\"width\":1920,\"height\":1080},{\"@type\":\"BreadcrumbList\",\"@id\":\"https:\/\/progettotouring.it\/radiotouring104\/2022\/10\/27\/stazione-sperimentale-delle-essenze-ok-dalla-giunta-alla-convenzione-con-la-camera-di-commercio-e-la-mediterranea\/#breadcrumb\",\"itemListElement\":[{\"@type\":\"ListItem\",\"position\":1,\"name\":\"Home\",\"item\":\"https:\/\/progettotouring.it\/radiotouring104\/\"},{\"@type\":\"ListItem\",\"position\":2,\"name\":\"Stazione sperimentale delle essenze, ok dalla Giunta alla convenzione con la Camera di Commercio e la Mediterranea\"}]},{\"@type\":\"WebSite\",\"@id\":\"https:\/\/progettotouring.it\/radiotouring104\/#website\",\"url\":\"https:\/\/progettotouring.it\/radiotouring104\/\",\"name\":\"Radio Touring 104\",\"description\":\"La prima radio Reggina\",\"publisher\":{\"@id\":\"https:\/\/progettotouring.it\/radiotouring104\/#organization\"},\"potentialAction\":[{\"@type\":\"SearchAction\",\"target\":{\"@type\":\"EntryPoint\",\"urlTemplate\":\"https:\/\/progettotouring.it\/radiotouring104\/?s={search_term_string}\"},\"query-input\":{\"@type\":\"PropertyValueSpecification\",\"valueRequired\":true,\"valueName\":\"search_term_string\"}}],\"inLanguage\":\"it-IT\"},{\"@type\":\"Organization\",\"@id\":\"https:\/\/progettotouring.it\/radiotouring104\/#organization\",\"name\":\"Radio Touring 104\",\"url\":\"https:\/\/progettotouring.it\/radiotouring104\/\",\"logo\":{\"@type\":\"ImageObject\",\"inLanguage\":\"it-IT\",\"@id\":\"https:\/\/progettotouring.it\/radiotouring104\/#\/schema\/logo\/image\/\",\"url\":\"https:\/\/progettotouring.it\/radiotouring104\/wp-content\/uploads\/sites\/6\/2022\/02\/cropped-logo-radio-touring-104.png\",\"contentUrl\":\"https:\/\/progettotouring.it\/radiotouring104\/wp-content\/uploads\/sites\/6\/2022\/02\/cropped-logo-radio-touring-104.png\",\"width\":377,\"height\":182,\"caption\":\"Radio Touring 104\"},\"image\":{\"@id\":\"https:\/\/progettotouring.it\/radiotouring104\/#\/schema\/logo\/image\/\"}},{\"@type\":\"Person\",\"@id\":\"https:\/\/progettotouring.it\/radiotouring104\/#\/schema\/person\/78613917f1851f041f7483f5af1d422e\",\"name\":\"Sebastiano Plutino\",\"image\":{\"@type\":\"ImageObject\",\"inLanguage\":\"it-IT\",\"@id\":\"https:\/\/secure.gravatar.com\/avatar\/0546ffaa9b79224faf9f2a156b67a529ae861d3287c66c1d8ccfdf909bcba78d?s=96&d=mm&r=g\",\"url\":\"https:\/\/secure.gravatar.com\/avatar\/0546ffaa9b79224faf9f2a156b67a529ae861d3287c66c1d8ccfdf909bcba78d?s=96&d=mm&r=g\",\"contentUrl\":\"https:\/\/secure.gravatar.com\/avatar\/0546ffaa9b79224faf9f2a156b67a529ae861d3287c66c1d8ccfdf909bcba78d?s=96&d=mm&r=g\",\"caption\":\"Sebastiano Plutino\"},\"url\":\"https:\/\/progettotouring.it\/radiotouring104\/author\/sebastiano\/\"}]}<\/script>\n<!-- \/ Yoast SEO plugin. -->","yoast_head_json":{"title":"Ok dalla giunta alla convenzione con la Camera di Commercio","robots":{"index":"index","follow":"follow","max-snippet":"max-snippet:-1","max-image-preview":"max-image-preview:large","max-video-preview":"max-video-preview:-1"},"canonical":"https:\/\/progettotouring.it\/radiotouring104\/2022\/10\/27\/stazione-sperimentale-delle-essenze-ok-dalla-giunta-alla-convenzione-con-la-camera-di-commercio-e-la-mediterranea\/","og_locale":"it_IT","og_type":"article","og_title":"Ok dalla giunta alla convenzione con la Camera di Commercio","og_description":"Il Comune di Reggio Calabria punta sul rilancio della \u201cStazione sperimentale per le industrie delle essenze e dei derivati degli agrumi\u201d, un luogo simbolo della storia, della ricerca e dell\u2019industria&hellip;","og_url":"https:\/\/progettotouring.it\/radiotouring104\/2022\/10\/27\/stazione-sperimentale-delle-essenze-ok-dalla-giunta-alla-convenzione-con-la-camera-di-commercio-e-la-mediterranea\/","og_site_name":"Radio Touring 104","article_published_time":"2022-10-27T08:30:34+00:00","og_image":[{"width":1920,"height":1080,"url":"https:\/\/progettotouring.it\/radiotouring104\/wp-content\/uploads\/sites\/6\/2022\/05\/san-giorgio-comune.jpg","type":"image\/jpeg"}],"author":"Sebastiano Plutino","twitter_card":"summary_large_image","twitter_misc":{"Scritto da":"Sebastiano Plutino","Tempo di lettura stimato":"3 minuti"},"schema":{"@context":"https:\/\/schema.org","@graph":[{"@type":"Article","@id":"https:\/\/progettotouring.it\/radiotouring104\/2022\/10\/27\/stazione-sperimentale-delle-essenze-ok-dalla-giunta-alla-convenzione-con-la-camera-di-commercio-e-la-mediterranea\/#article","isPartOf":{"@id":"https:\/\/progettotouring.it\/radiotouring104\/2022\/10\/27\/stazione-sperimentale-delle-essenze-ok-dalla-giunta-alla-convenzione-con-la-camera-di-commercio-e-la-mediterranea\/"},"author":{"name":"Sebastiano Plutino","@id":"https:\/\/progettotouring.it\/radiotouring104\/#\/schema\/person\/78613917f1851f041f7483f5af1d422e"},"headline":"Stazione sperimentale delle essenze, ok dalla Giunta alla convenzione con la Camera di Commercio e la Mediterranea","datePublished":"2022-10-27T08:30:34+00:00","mainEntityOfPage":{"@id":"https:\/\/progettotouring.it\/radiotouring104\/2022\/10\/27\/stazione-sperimentale-delle-essenze-ok-dalla-giunta-alla-convenzione-con-la-camera-di-commercio-e-la-mediterranea\/"},"wordCount":604,"commentCount":0,"publisher":{"@id":"https:\/\/progettotouring.it\/radiotouring104\/#organization"},"image":{"@id":"https:\/\/progettotouring.it\/radiotouring104\/2022\/10\/27\/stazione-sperimentale-delle-essenze-ok-dalla-giunta-alla-convenzione-con-la-camera-di-commercio-e-la-mediterranea\/#primaryimage"},"thumbnailUrl":"https:\/\/progettotouring.it\/radiotouring104\/wp-content\/uploads\/sites\/6\/2022\/05\/san-giorgio-comune.jpg","keywords":["camera di commercio","giunta comunale","Stazione delle essenze","Universit\u00e0 Mediterranea di Reggio Calabria"],"articleSection":["Home","News","Reggio Calabria"],"inLanguage":"it-IT","potentialAction":[{"@type":"CommentAction","name":"Comment","target":["https:\/\/progettotouring.it\/radiotouring104\/2022\/10\/27\/stazione-sperimentale-delle-essenze-ok-dalla-giunta-alla-convenzione-con-la-camera-di-commercio-e-la-mediterranea\/#respond"]}]},{"@type":"WebPage","@id":"https:\/\/progettotouring.it\/radiotouring104\/2022\/10\/27\/stazione-sperimentale-delle-essenze-ok-dalla-giunta-alla-convenzione-con-la-camera-di-commercio-e-la-mediterranea\/","url":"https:\/\/progettotouring.it\/radiotouring104\/2022\/10\/27\/stazione-sperimentale-delle-essenze-ok-dalla-giunta-alla-convenzione-con-la-camera-di-commercio-e-la-mediterranea\/","name":"Ok dalla giunta alla convenzione con la Camera di Commercio","isPartOf":{"@id":"https:\/\/progettotouring.it\/radiotouring104\/#website"},"primaryImageOfPage":{"@id":"https:\/\/progettotouring.it\/radiotouring104\/2022\/10\/27\/stazione-sperimentale-delle-essenze-ok-dalla-giunta-alla-convenzione-con-la-camera-di-commercio-e-la-mediterranea\/#primaryimage"},"image":{"@id":"https:\/\/progettotouring.it\/radiotouring104\/2022\/10\/27\/stazione-sperimentale-delle-essenze-ok-dalla-giunta-alla-convenzione-con-la-camera-di-commercio-e-la-mediterranea\/#primaryimage"},"thumbnailUrl":"https:\/\/progettotouring.it\/radiotouring104\/wp-content\/uploads\/sites\/6\/2022\/05\/san-giorgio-comune.jpg","datePublished":"2022-10-27T08:30:34+00:00","breadcrumb":{"@id":"https:\/\/progettotouring.it\/radiotouring104\/2022\/10\/27\/stazione-sperimentale-delle-essenze-ok-dalla-giunta-alla-convenzione-con-la-camera-di-commercio-e-la-mediterranea\/#breadcrumb"},"inLanguage":"it-IT","potentialAction":[{"@type":"ReadAction","target":["https:\/\/progettotouring.it\/radiotouring104\/2022\/10\/27\/stazione-sperimentale-delle-essenze-ok-dalla-giunta-alla-convenzione-con-la-camera-di-commercio-e-la-mediterranea\/"]}]},{"@type":"ImageObject","inLanguage":"it-IT","@id":"https:\/\/progettotouring.it\/radiotouring104\/2022\/10\/27\/stazione-sperimentale-delle-essenze-ok-dalla-giunta-alla-convenzione-con-la-camera-di-commercio-e-la-mediterranea\/#primaryimage","url":"https:\/\/progettotouring.it\/radiotouring104\/wp-content\/uploads\/sites\/6\/2022\/05\/san-giorgio-comune.jpg","contentUrl":"https:\/\/progettotouring.it\/radiotouring104\/wp-content\/uploads\/sites\/6\/2022\/05\/san-giorgio-comune.jpg","width":1920,"height":1080},{"@type":"BreadcrumbList","@id":"https:\/\/progettotouring.it\/radiotouring104\/2022\/10\/27\/stazione-sperimentale-delle-essenze-ok-dalla-giunta-alla-convenzione-con-la-camera-di-commercio-e-la-mediterranea\/#breadcrumb","itemListElement":[{"@type":"ListItem","position":1,"name":"Home","item":"https:\/\/progettotouring.it\/radiotouring104\/"},{"@type":"ListItem","position":2,"name":"Stazione sperimentale delle essenze, ok dalla Giunta alla convenzione con la Camera di Commercio e la Mediterranea"}]},{"@type":"WebSite","@id":"https:\/\/progettotouring.it\/radiotouring104\/#website","url":"https:\/\/progettotouring.it\/radiotouring104\/","name":"Radio Touring 104","description":"La prima radio Reggina","publisher":{"@id":"https:\/\/progettotouring.it\/radiotouring104\/#organization"},"potentialAction":[{"@type":"SearchAction","target":{"@type":"EntryPoint","urlTemplate":"https:\/\/progettotouring.it\/radiotouring104\/?s={search_term_string}"},"query-input":{"@type":"PropertyValueSpecification","valueRequired":true,"valueName":"search_term_string"}}],"inLanguage":"it-IT"},{"@type":"Organization","@id":"https:\/\/progettotouring.it\/radiotouring104\/#organization","name":"Radio Touring 104","url":"https:\/\/progettotouring.it\/radiotouring104\/","logo":{"@type":"ImageObject","inLanguage":"it-IT","@id":"https:\/\/progettotouring.it\/radiotouring104\/#\/schema\/logo\/image\/","url":"https:\/\/progettotouring.it\/radiotouring104\/wp-content\/uploads\/sites\/6\/2022\/02\/cropped-logo-radio-touring-104.png","contentUrl":"https:\/\/progettotouring.it\/radiotouring104\/wp-content\/uploads\/sites\/6\/2022\/02\/cropped-logo-radio-touring-104.png","width":377,"height":182,"caption":"Radio Touring 104"},"image":{"@id":"https:\/\/progettotouring.it\/radiotouring104\/#\/schema\/logo\/image\/"}},{"@type":"Person","@id":"https:\/\/progettotouring.it\/radiotouring104\/#\/schema\/person\/78613917f1851f041f7483f5af1d422e","name":"Sebastiano Plutino","image":{"@type":"ImageObject","inLanguage":"it-IT","@id":"https:\/\/secure.gravatar.com\/avatar\/0546ffaa9b79224faf9f2a156b67a529ae861d3287c66c1d8ccfdf909bcba78d?s=96&d=mm&r=g","url":"https:\/\/secure.gravatar.com\/avatar\/0546ffaa9b79224faf9f2a156b67a529ae861d3287c66c1d8ccfdf909bcba78d?s=96&d=mm&r=g","contentUrl":"https:\/\/secure.gravatar.com\/avatar\/0546ffaa9b79224faf9f2a156b67a529ae861d3287c66c1d8ccfdf909bcba78d?s=96&d=mm&r=g","caption":"Sebastiano Plutino"},"url":"https:\/\/progettotouring.it\/radiotouring104\/author\/sebastiano\/"}]}},"jetpack_publicize_connections":[],"jetpack_featured_media_url":"https:\/\/progettotouring.it\/radiotouring104\/wp-content\/uploads\/sites\/6\/2022\/05\/san-giorgio-comune.jpg","jetpack_sharing_enabled":true,"_links":{"self":[{"href":"https:\/\/progettotouring.it\/radiotouring104\/wp-json\/wp\/v2\/posts\/11044","targetHints":{"allow":["GET"]}}],"collection":[{"href":"https:\/\/progettotouring.it\/radiotouring104\/wp-json\/wp\/v2\/posts"}],"about":[{"href":"https:\/\/progettotouring.it\/radiotouring104\/wp-json\/wp\/v2\/types\/post"}],"author":[{"embeddable":true,"href":"https:\/\/progettotouring.it\/radiotouring104\/wp-json\/wp\/v2\/users\/12"}],"replies":[{"embeddable":true,"href":"https:\/\/progettotouring.it\/radiotouring104\/wp-json\/wp\/v2\/comments?post=11044"}],"version-history":[{"count":1,"href":"https:\/\/progettotouring.it\/radiotouring104\/wp-json\/wp\/v2\/posts\/11044\/revisions"}],"predecessor-version":[{"id":11048,"href":"https:\/\/progettotouring.it\/radiotouring104\/wp-json\/wp\/v2\/posts\/11044\/revisions\/11048"}],"wp:featuredmedia":[{"embeddable":true,"href":"https:\/\/progettotouring.it\/radiotouring104\/wp-json\/wp\/v2\/media\/5666"}],"wp:attachment":[{"href":"https:\/\/progettotouring.it\/radiotouring104\/wp-json\/wp\/v2\/media?parent=11044"}],"wp:term":[{"taxonomy":"category","embeddable":true,"href":"https:\/\/progettotouring.it\/radiotouring104\/wp-json\/wp\/v2\/categories?post=11044"},{"taxonomy":"post_tag","embeddable":true,"href":"https:\/\/progettotouring.it\/radiotouring104\/wp-json\/wp\/v2\/tags?post=11044"}],"curies":[{"name":"wp","href":"https:\/\/api.w.org\/{rel}","templated":true}]}}