{"id":11049,"date":"2022-10-27T10:42:43","date_gmt":"2022-10-27T08:42:43","guid":{"rendered":"https:\/\/progettotouring.it\/radiotouring104\/?p=11049"},"modified":"2022-10-27T10:42:43","modified_gmt":"2022-10-27T08:42:43","slug":"reggio-calabria-lo-spettacolo-cosa-dicono-i-bronzi-celebra-le-maestose-statue-di-riace","status":"publish","type":"post","link":"https:\/\/progettotouring.it\/radiotouring104\/2022\/10\/27\/reggio-calabria-lo-spettacolo-cosa-dicono-i-bronzi-celebra-le-maestose-statue-di-riace\/","title":{"rendered":"Reggio Calabria: lo spettacolo &#8220;Cosa dicono i Bronzi&#8221; celebra le maestose statue di Riace"},"content":{"rendered":"<p style=\"text-align: justify\">Musica, canto, danza, prosa. Una reunion di arti per dare vita a uno spettacolo originale firmato Accademia del Tempo Libero di<strong> Reggio Calabria.<\/strong> Il 5 novembre, alle ore 18, l\u2019<strong>Auditorium Zanotti Bianco<\/strong> ospiter\u00e0 questa produzione teatrale dal titolo \u201cCosa dicono i Bronzi?\u201d, realizzata grazie al <strong>\u201cPon Metro\u201d<\/strong> cofinanziato <strong>dall\u2019UE<\/strong> e al Comune di <strong>Reggio<\/strong> <strong>Calabria<\/strong>, per offrire un omaggio alla citt\u00e0 nell\u2019anno del 50enario del ritrovamento, a Riace, dei preziosi guerrieri bronzei del V secolo a.C.<\/p>\n<p><img fetchpriority=\"high\" decoding=\"async\" class=\"alignnone size-medium wp-image-11053\" src=\"https:\/\/progettotouring.it\/radiotouring104\/wp-content\/uploads\/sites\/6\/2022\/10\/cosa-dicono-i-bronzi-2-211x300.jpg\" alt=\"\" width=\"211\" height=\"300\" srcset=\"https:\/\/progettotouring.it\/radiotouring104\/wp-content\/uploads\/sites\/6\/2022\/10\/cosa-dicono-i-bronzi-2-211x300.jpg 211w, https:\/\/progettotouring.it\/radiotouring104\/wp-content\/uploads\/sites\/6\/2022\/10\/cosa-dicono-i-bronzi-2-585x831.jpg 585w, https:\/\/progettotouring.it\/radiotouring104\/wp-content\/uploads\/sites\/6\/2022\/10\/cosa-dicono-i-bronzi-2.jpg 637w\" sizes=\"(max-width: 211px) 100vw, 211px\" \/><\/p>\n<p style=\"text-align: justify\">Tanti i soci che si sono voluti cimentare in questo splendido progetto che costituisce solo una delle innumerevoli attivit\u00e0 pensate dall\u2019Accademia, della <strong>Presidente Silvana Velon\u00e0,<\/strong> che si svolgono nel corso dell\u2019anno sociale. Preziosa la consulenza e partecipazione di artisti e professionisti che da anni lavorano per il sodalizio. Inserito dal Comune di Reggio Calabria nel quadro delle manifestazioni per la celebrazione del 50\u00b0 anno dal ritrovamento dei Bronzi di Riace, lo spettacolo dell\u2019autrice Antonia Rigo Festini, sar\u00e0 a ingresso libero e l\u2019Accademia invita i cittadini a una grande partecipazione. Per la regia di <strong>Eugenia D\u2019Africa i Bronzi<\/strong> saranno interpretati da Giuseppe Dieni e Pietro Mafrici; il coro: Marina Amedeo, Mariella Fonte, Maria Ielo, Pina Mangano, Pietro Morabito; la classe in visita: Valeria Scopelliti e l\u2019Accademia Juniores; \u00a0professore e studenti: Francesco Tassone e Starlight Company Rc; il testimone: Giuseppe Romano; artisti: Francesca Canale, Samuela Piccolo, Alessandro Carere, che offre anche la sua consulenza artistica; le riprese dal vivo che hanno originato i fotogrammi sono di Salvatore Marrari, le scenografie virtuali sono di Maurizio Basci\u00e0.<\/p>\n<p style=\"text-align: justify\">Dallo spettacolo scaturir\u00e0 un video\/filmato didattico che l\u2019associazione consegner\u00e0 al <strong>MArRc<\/strong> e metter\u00e0 a disposizione degli istituti scolastici del territorio reggino. La pi\u00e8ce \u00e8 incentrata, ovviamente, proprio sui due guerrieri che in perfetto stile \u201cAccademia\u201d crea un armonioso connubio tra le arti: teatrale, tersicorea, e musicale, sullo sfondo implicito della storia, la nostra storia\u2026 e del nostro presente.<\/p>\n","protected":false},"excerpt":{"rendered":"<p>Musica, canto, danza, prosa. Una reunion di arti per dare vita a uno spettacolo originale firmato Accademia del Tempo Libero di Reggio Calabria. Il 5 novembre, alle ore 18, l\u2019Auditorium&hellip;<\/p>\n","protected":false},"author":8,"featured_media":11054,"comment_status":"open","ping_status":"open","sticky":false,"template":"","format":"standard","meta":{"_jetpack_memberships_contains_paid_content":false,"footnotes":"","jetpack_publicize_message":"","jetpack_publicize_feature_enabled":true,"jetpack_social_post_already_shared":false,"jetpack_social_options":{"image_generator_settings":{"template":"highway","default_image_id":0,"font":"","enabled":false},"version":2}},"categories":[921,196,140,147],"tags":[5086,5089,5087,479,5088],"class_list":["post-11049","post","type-post","status-publish","format-standard","has-post-thumbnail","hentry","category-home","category-news","category-reggio-calabria","category-spettacoli","tag-auditorium-zanotti-bianco","tag-cosa-dicono-i-bronzi","tag-eugenia-dafrica-i-bronzi","tag-marrc","tag-presidente-silvana-velona"],"yoast_head":"<!-- This site is optimized with the Yoast SEO plugin v27.2 - https:\/\/yoast.com\/product\/yoast-seo-wordpress\/ -->\n<title>Lo spettacolo Cosa dicono i Bronzi celebra le statue di Riace<\/title>\n<meta name=\"description\" content=\"Cosa dicono i Bronzi? \u00e8 lo spettacolo dell\u2019Accademia del Tempo Libero inserito dal Comune per la celebrare i Bronzi di Riace\" \/>\n<meta name=\"robots\" content=\"index, follow, max-snippet:-1, max-image-preview:large, max-video-preview:-1\" \/>\n<link rel=\"canonical\" href=\"https:\/\/progettotouring.it\/radiotouring104\/2022\/10\/27\/reggio-calabria-lo-spettacolo-cosa-dicono-i-bronzi-celebra-le-maestose-statue-di-riace\/\" \/>\n<meta property=\"og:locale\" content=\"it_IT\" \/>\n<meta property=\"og:type\" content=\"article\" \/>\n<meta property=\"og:title\" content=\"Lo spettacolo Cosa dicono i Bronzi celebra le statue di Riace\" \/>\n<meta property=\"og:description\" content=\"Cosa dicono i Bronzi? \u00e8 lo spettacolo dell\u2019Accademia del Tempo Libero inserito dal Comune per la celebrare i Bronzi di Riace\" \/>\n<meta property=\"og:url\" content=\"https:\/\/progettotouring.it\/radiotouring104\/2022\/10\/27\/reggio-calabria-lo-spettacolo-cosa-dicono-i-bronzi-celebra-le-maestose-statue-di-riace\/\" \/>\n<meta property=\"og:site_name\" content=\"Radio Touring 104\" \/>\n<meta property=\"article:published_time\" content=\"2022-10-27T08:42:43+00:00\" \/>\n<meta property=\"og:image\" content=\"https:\/\/progettotouring.it\/radiotouring104\/wp-content\/uploads\/sites\/6\/2022\/10\/cosa-dicono-i-bronzi.jpg\" \/>\n\t<meta property=\"og:image:width\" content=\"883\" \/>\n\t<meta property=\"og:image:height\" content=\"630\" \/>\n\t<meta property=\"og:image:type\" content=\"image\/jpeg\" \/>\n<meta name=\"author\" content=\"Filippo Francesco Idone\" \/>\n<meta name=\"twitter:card\" content=\"summary_large_image\" \/>\n<meta name=\"twitter:label1\" content=\"Scritto da\" \/>\n\t<meta name=\"twitter:data1\" content=\"Filippo Francesco Idone\" \/>\n\t<meta name=\"twitter:label2\" content=\"Tempo di lettura stimato\" \/>\n\t<meta name=\"twitter:data2\" content=\"2 minuti\" \/>\n<script type=\"application\/ld+json\" class=\"yoast-schema-graph\">{\"@context\":\"https:\/\/schema.org\",\"@graph\":[{\"@type\":\"Article\",\"@id\":\"https:\/\/progettotouring.it\/radiotouring104\/2022\/10\/27\/reggio-calabria-lo-spettacolo-cosa-dicono-i-bronzi-celebra-le-maestose-statue-di-riace\/#article\",\"isPartOf\":{\"@id\":\"https:\/\/progettotouring.it\/radiotouring104\/2022\/10\/27\/reggio-calabria-lo-spettacolo-cosa-dicono-i-bronzi-celebra-le-maestose-statue-di-riace\/\"},\"author\":{\"name\":\"Filippo Francesco Idone\",\"@id\":\"https:\/\/progettotouring.it\/radiotouring104\/#\/schema\/person\/4a82259ca52ac8702ad1a8f9e5a3120b\"},\"headline\":\"Reggio Calabria: lo spettacolo &#8220;Cosa dicono i Bronzi&#8221; celebra le maestose statue di Riace\",\"datePublished\":\"2022-10-27T08:42:43+00:00\",\"mainEntityOfPage\":{\"@id\":\"https:\/\/progettotouring.it\/radiotouring104\/2022\/10\/27\/reggio-calabria-lo-spettacolo-cosa-dicono-i-bronzi-celebra-le-maestose-statue-di-riace\/\"},\"wordCount\":330,\"commentCount\":0,\"publisher\":{\"@id\":\"https:\/\/progettotouring.it\/radiotouring104\/#organization\"},\"image\":{\"@id\":\"https:\/\/progettotouring.it\/radiotouring104\/2022\/10\/27\/reggio-calabria-lo-spettacolo-cosa-dicono-i-bronzi-celebra-le-maestose-statue-di-riace\/#primaryimage\"},\"thumbnailUrl\":\"https:\/\/progettotouring.it\/radiotouring104\/wp-content\/uploads\/sites\/6\/2022\/10\/cosa-dicono-i-bronzi.jpg\",\"keywords\":[\"Auditorium Zanotti Bianco\",\"Cosa dicono i Bronzi?\",\"Eugenia D\u2019Africa i Bronzi\",\"MArRC\",\"Presidente Silvana Velon\u00e0\"],\"articleSection\":[\"Home\",\"News\",\"Reggio Calabria\",\"Spettacoli\"],\"inLanguage\":\"it-IT\",\"potentialAction\":[{\"@type\":\"CommentAction\",\"name\":\"Comment\",\"target\":[\"https:\/\/progettotouring.it\/radiotouring104\/2022\/10\/27\/reggio-calabria-lo-spettacolo-cosa-dicono-i-bronzi-celebra-le-maestose-statue-di-riace\/#respond\"]}]},{\"@type\":\"WebPage\",\"@id\":\"https:\/\/progettotouring.it\/radiotouring104\/2022\/10\/27\/reggio-calabria-lo-spettacolo-cosa-dicono-i-bronzi-celebra-le-maestose-statue-di-riace\/\",\"url\":\"https:\/\/progettotouring.it\/radiotouring104\/2022\/10\/27\/reggio-calabria-lo-spettacolo-cosa-dicono-i-bronzi-celebra-le-maestose-statue-di-riace\/\",\"name\":\"Lo spettacolo Cosa dicono i Bronzi celebra le statue di Riace\",\"isPartOf\":{\"@id\":\"https:\/\/progettotouring.it\/radiotouring104\/#website\"},\"primaryImageOfPage\":{\"@id\":\"https:\/\/progettotouring.it\/radiotouring104\/2022\/10\/27\/reggio-calabria-lo-spettacolo-cosa-dicono-i-bronzi-celebra-le-maestose-statue-di-riace\/#primaryimage\"},\"image\":{\"@id\":\"https:\/\/progettotouring.it\/radiotouring104\/2022\/10\/27\/reggio-calabria-lo-spettacolo-cosa-dicono-i-bronzi-celebra-le-maestose-statue-di-riace\/#primaryimage\"},\"thumbnailUrl\":\"https:\/\/progettotouring.it\/radiotouring104\/wp-content\/uploads\/sites\/6\/2022\/10\/cosa-dicono-i-bronzi.jpg\",\"datePublished\":\"2022-10-27T08:42:43+00:00\",\"description\":\"Cosa dicono i Bronzi? \u00e8 lo spettacolo dell\u2019Accademia del Tempo Libero inserito dal Comune per la celebrare i Bronzi di Riace\",\"breadcrumb\":{\"@id\":\"https:\/\/progettotouring.it\/radiotouring104\/2022\/10\/27\/reggio-calabria-lo-spettacolo-cosa-dicono-i-bronzi-celebra-le-maestose-statue-di-riace\/#breadcrumb\"},\"inLanguage\":\"it-IT\",\"potentialAction\":[{\"@type\":\"ReadAction\",\"target\":[\"https:\/\/progettotouring.it\/radiotouring104\/2022\/10\/27\/reggio-calabria-lo-spettacolo-cosa-dicono-i-bronzi-celebra-le-maestose-statue-di-riace\/\"]}]},{\"@type\":\"ImageObject\",\"inLanguage\":\"it-IT\",\"@id\":\"https:\/\/progettotouring.it\/radiotouring104\/2022\/10\/27\/reggio-calabria-lo-spettacolo-cosa-dicono-i-bronzi-celebra-le-maestose-statue-di-riace\/#primaryimage\",\"url\":\"https:\/\/progettotouring.it\/radiotouring104\/wp-content\/uploads\/sites\/6\/2022\/10\/cosa-dicono-i-bronzi.jpg\",\"contentUrl\":\"https:\/\/progettotouring.it\/radiotouring104\/wp-content\/uploads\/sites\/6\/2022\/10\/cosa-dicono-i-bronzi.jpg\",\"width\":883,\"height\":630},{\"@type\":\"BreadcrumbList\",\"@id\":\"https:\/\/progettotouring.it\/radiotouring104\/2022\/10\/27\/reggio-calabria-lo-spettacolo-cosa-dicono-i-bronzi-celebra-le-maestose-statue-di-riace\/#breadcrumb\",\"itemListElement\":[{\"@type\":\"ListItem\",\"position\":1,\"name\":\"Home\",\"item\":\"https:\/\/progettotouring.it\/radiotouring104\/\"},{\"@type\":\"ListItem\",\"position\":2,\"name\":\"Reggio Calabria: lo spettacolo &#8220;Cosa dicono i Bronzi&#8221; celebra le maestose statue di Riace\"}]},{\"@type\":\"WebSite\",\"@id\":\"https:\/\/progettotouring.it\/radiotouring104\/#website\",\"url\":\"https:\/\/progettotouring.it\/radiotouring104\/\",\"name\":\"Radio Touring 104\",\"description\":\"La prima radio Reggina\",\"publisher\":{\"@id\":\"https:\/\/progettotouring.it\/radiotouring104\/#organization\"},\"potentialAction\":[{\"@type\":\"SearchAction\",\"target\":{\"@type\":\"EntryPoint\",\"urlTemplate\":\"https:\/\/progettotouring.it\/radiotouring104\/?s={search_term_string}\"},\"query-input\":{\"@type\":\"PropertyValueSpecification\",\"valueRequired\":true,\"valueName\":\"search_term_string\"}}],\"inLanguage\":\"it-IT\"},{\"@type\":\"Organization\",\"@id\":\"https:\/\/progettotouring.it\/radiotouring104\/#organization\",\"name\":\"Radio Touring 104\",\"url\":\"https:\/\/progettotouring.it\/radiotouring104\/\",\"logo\":{\"@type\":\"ImageObject\",\"inLanguage\":\"it-IT\",\"@id\":\"https:\/\/progettotouring.it\/radiotouring104\/#\/schema\/logo\/image\/\",\"url\":\"https:\/\/progettotouring.it\/radiotouring104\/wp-content\/uploads\/sites\/6\/2022\/02\/cropped-logo-radio-touring-104.png\",\"contentUrl\":\"https:\/\/progettotouring.it\/radiotouring104\/wp-content\/uploads\/sites\/6\/2022\/02\/cropped-logo-radio-touring-104.png\",\"width\":377,\"height\":182,\"caption\":\"Radio Touring 104\"},\"image\":{\"@id\":\"https:\/\/progettotouring.it\/radiotouring104\/#\/schema\/logo\/image\/\"}},{\"@type\":\"Person\",\"@id\":\"https:\/\/progettotouring.it\/radiotouring104\/#\/schema\/person\/4a82259ca52ac8702ad1a8f9e5a3120b\",\"name\":\"Filippo Francesco Idone\",\"image\":{\"@type\":\"ImageObject\",\"inLanguage\":\"it-IT\",\"@id\":\"https:\/\/secure.gravatar.com\/avatar\/7268715d2366395c3dd314385670e6484117d44f5c442e61e230f7008b7b62d3?s=96&d=mm&r=g\",\"url\":\"https:\/\/secure.gravatar.com\/avatar\/7268715d2366395c3dd314385670e6484117d44f5c442e61e230f7008b7b62d3?s=96&d=mm&r=g\",\"contentUrl\":\"https:\/\/secure.gravatar.com\/avatar\/7268715d2366395c3dd314385670e6484117d44f5c442e61e230f7008b7b62d3?s=96&d=mm&r=g\",\"caption\":\"Filippo Francesco Idone\"},\"url\":\"https:\/\/progettotouring.it\/radiotouring104\/author\/filippoidone\/\"}]}<\/script>\n<!-- \/ Yoast SEO plugin. -->","yoast_head_json":{"title":"Lo spettacolo Cosa dicono i Bronzi celebra le statue di Riace","description":"Cosa dicono i Bronzi? \u00e8 lo spettacolo dell\u2019Accademia del Tempo Libero inserito dal Comune per la celebrare i Bronzi di Riace","robots":{"index":"index","follow":"follow","max-snippet":"max-snippet:-1","max-image-preview":"max-image-preview:large","max-video-preview":"max-video-preview:-1"},"canonical":"https:\/\/progettotouring.it\/radiotouring104\/2022\/10\/27\/reggio-calabria-lo-spettacolo-cosa-dicono-i-bronzi-celebra-le-maestose-statue-di-riace\/","og_locale":"it_IT","og_type":"article","og_title":"Lo spettacolo Cosa dicono i Bronzi celebra le statue di Riace","og_description":"Cosa dicono i Bronzi? \u00e8 lo spettacolo dell\u2019Accademia del Tempo Libero inserito dal Comune per la celebrare i Bronzi di Riace","og_url":"https:\/\/progettotouring.it\/radiotouring104\/2022\/10\/27\/reggio-calabria-lo-spettacolo-cosa-dicono-i-bronzi-celebra-le-maestose-statue-di-riace\/","og_site_name":"Radio Touring 104","article_published_time":"2022-10-27T08:42:43+00:00","og_image":[{"width":883,"height":630,"url":"https:\/\/progettotouring.it\/radiotouring104\/wp-content\/uploads\/sites\/6\/2022\/10\/cosa-dicono-i-bronzi.jpg","type":"image\/jpeg"}],"author":"Filippo Francesco Idone","twitter_card":"summary_large_image","twitter_misc":{"Scritto da":"Filippo Francesco Idone","Tempo di lettura stimato":"2 minuti"},"schema":{"@context":"https:\/\/schema.org","@graph":[{"@type":"Article","@id":"https:\/\/progettotouring.it\/radiotouring104\/2022\/10\/27\/reggio-calabria-lo-spettacolo-cosa-dicono-i-bronzi-celebra-le-maestose-statue-di-riace\/#article","isPartOf":{"@id":"https:\/\/progettotouring.it\/radiotouring104\/2022\/10\/27\/reggio-calabria-lo-spettacolo-cosa-dicono-i-bronzi-celebra-le-maestose-statue-di-riace\/"},"author":{"name":"Filippo Francesco Idone","@id":"https:\/\/progettotouring.it\/radiotouring104\/#\/schema\/person\/4a82259ca52ac8702ad1a8f9e5a3120b"},"headline":"Reggio Calabria: lo spettacolo &#8220;Cosa dicono i Bronzi&#8221; celebra le maestose statue di Riace","datePublished":"2022-10-27T08:42:43+00:00","mainEntityOfPage":{"@id":"https:\/\/progettotouring.it\/radiotouring104\/2022\/10\/27\/reggio-calabria-lo-spettacolo-cosa-dicono-i-bronzi-celebra-le-maestose-statue-di-riace\/"},"wordCount":330,"commentCount":0,"publisher":{"@id":"https:\/\/progettotouring.it\/radiotouring104\/#organization"},"image":{"@id":"https:\/\/progettotouring.it\/radiotouring104\/2022\/10\/27\/reggio-calabria-lo-spettacolo-cosa-dicono-i-bronzi-celebra-le-maestose-statue-di-riace\/#primaryimage"},"thumbnailUrl":"https:\/\/progettotouring.it\/radiotouring104\/wp-content\/uploads\/sites\/6\/2022\/10\/cosa-dicono-i-bronzi.jpg","keywords":["Auditorium Zanotti Bianco","Cosa dicono i Bronzi?","Eugenia D\u2019Africa i Bronzi","MArRC","Presidente Silvana Velon\u00e0"],"articleSection":["Home","News","Reggio Calabria","Spettacoli"],"inLanguage":"it-IT","potentialAction":[{"@type":"CommentAction","name":"Comment","target":["https:\/\/progettotouring.it\/radiotouring104\/2022\/10\/27\/reggio-calabria-lo-spettacolo-cosa-dicono-i-bronzi-celebra-le-maestose-statue-di-riace\/#respond"]}]},{"@type":"WebPage","@id":"https:\/\/progettotouring.it\/radiotouring104\/2022\/10\/27\/reggio-calabria-lo-spettacolo-cosa-dicono-i-bronzi-celebra-le-maestose-statue-di-riace\/","url":"https:\/\/progettotouring.it\/radiotouring104\/2022\/10\/27\/reggio-calabria-lo-spettacolo-cosa-dicono-i-bronzi-celebra-le-maestose-statue-di-riace\/","name":"Lo spettacolo Cosa dicono i Bronzi celebra le statue di Riace","isPartOf":{"@id":"https:\/\/progettotouring.it\/radiotouring104\/#website"},"primaryImageOfPage":{"@id":"https:\/\/progettotouring.it\/radiotouring104\/2022\/10\/27\/reggio-calabria-lo-spettacolo-cosa-dicono-i-bronzi-celebra-le-maestose-statue-di-riace\/#primaryimage"},"image":{"@id":"https:\/\/progettotouring.it\/radiotouring104\/2022\/10\/27\/reggio-calabria-lo-spettacolo-cosa-dicono-i-bronzi-celebra-le-maestose-statue-di-riace\/#primaryimage"},"thumbnailUrl":"https:\/\/progettotouring.it\/radiotouring104\/wp-content\/uploads\/sites\/6\/2022\/10\/cosa-dicono-i-bronzi.jpg","datePublished":"2022-10-27T08:42:43+00:00","description":"Cosa dicono i Bronzi? \u00e8 lo spettacolo dell\u2019Accademia del Tempo Libero inserito dal Comune per la celebrare i Bronzi di Riace","breadcrumb":{"@id":"https:\/\/progettotouring.it\/radiotouring104\/2022\/10\/27\/reggio-calabria-lo-spettacolo-cosa-dicono-i-bronzi-celebra-le-maestose-statue-di-riace\/#breadcrumb"},"inLanguage":"it-IT","potentialAction":[{"@type":"ReadAction","target":["https:\/\/progettotouring.it\/radiotouring104\/2022\/10\/27\/reggio-calabria-lo-spettacolo-cosa-dicono-i-bronzi-celebra-le-maestose-statue-di-riace\/"]}]},{"@type":"ImageObject","inLanguage":"it-IT","@id":"https:\/\/progettotouring.it\/radiotouring104\/2022\/10\/27\/reggio-calabria-lo-spettacolo-cosa-dicono-i-bronzi-celebra-le-maestose-statue-di-riace\/#primaryimage","url":"https:\/\/progettotouring.it\/radiotouring104\/wp-content\/uploads\/sites\/6\/2022\/10\/cosa-dicono-i-bronzi.jpg","contentUrl":"https:\/\/progettotouring.it\/radiotouring104\/wp-content\/uploads\/sites\/6\/2022\/10\/cosa-dicono-i-bronzi.jpg","width":883,"height":630},{"@type":"BreadcrumbList","@id":"https:\/\/progettotouring.it\/radiotouring104\/2022\/10\/27\/reggio-calabria-lo-spettacolo-cosa-dicono-i-bronzi-celebra-le-maestose-statue-di-riace\/#breadcrumb","itemListElement":[{"@type":"ListItem","position":1,"name":"Home","item":"https:\/\/progettotouring.it\/radiotouring104\/"},{"@type":"ListItem","position":2,"name":"Reggio Calabria: lo spettacolo &#8220;Cosa dicono i Bronzi&#8221; celebra le maestose statue di Riace"}]},{"@type":"WebSite","@id":"https:\/\/progettotouring.it\/radiotouring104\/#website","url":"https:\/\/progettotouring.it\/radiotouring104\/","name":"Radio Touring 104","description":"La prima radio Reggina","publisher":{"@id":"https:\/\/progettotouring.it\/radiotouring104\/#organization"},"potentialAction":[{"@type":"SearchAction","target":{"@type":"EntryPoint","urlTemplate":"https:\/\/progettotouring.it\/radiotouring104\/?s={search_term_string}"},"query-input":{"@type":"PropertyValueSpecification","valueRequired":true,"valueName":"search_term_string"}}],"inLanguage":"it-IT"},{"@type":"Organization","@id":"https:\/\/progettotouring.it\/radiotouring104\/#organization","name":"Radio Touring 104","url":"https:\/\/progettotouring.it\/radiotouring104\/","logo":{"@type":"ImageObject","inLanguage":"it-IT","@id":"https:\/\/progettotouring.it\/radiotouring104\/#\/schema\/logo\/image\/","url":"https:\/\/progettotouring.it\/radiotouring104\/wp-content\/uploads\/sites\/6\/2022\/02\/cropped-logo-radio-touring-104.png","contentUrl":"https:\/\/progettotouring.it\/radiotouring104\/wp-content\/uploads\/sites\/6\/2022\/02\/cropped-logo-radio-touring-104.png","width":377,"height":182,"caption":"Radio Touring 104"},"image":{"@id":"https:\/\/progettotouring.it\/radiotouring104\/#\/schema\/logo\/image\/"}},{"@type":"Person","@id":"https:\/\/progettotouring.it\/radiotouring104\/#\/schema\/person\/4a82259ca52ac8702ad1a8f9e5a3120b","name":"Filippo Francesco Idone","image":{"@type":"ImageObject","inLanguage":"it-IT","@id":"https:\/\/secure.gravatar.com\/avatar\/7268715d2366395c3dd314385670e6484117d44f5c442e61e230f7008b7b62d3?s=96&d=mm&r=g","url":"https:\/\/secure.gravatar.com\/avatar\/7268715d2366395c3dd314385670e6484117d44f5c442e61e230f7008b7b62d3?s=96&d=mm&r=g","contentUrl":"https:\/\/secure.gravatar.com\/avatar\/7268715d2366395c3dd314385670e6484117d44f5c442e61e230f7008b7b62d3?s=96&d=mm&r=g","caption":"Filippo Francesco Idone"},"url":"https:\/\/progettotouring.it\/radiotouring104\/author\/filippoidone\/"}]}},"jetpack_publicize_connections":[],"jetpack_featured_media_url":"https:\/\/progettotouring.it\/radiotouring104\/wp-content\/uploads\/sites\/6\/2022\/10\/cosa-dicono-i-bronzi.jpg","jetpack_sharing_enabled":true,"_links":{"self":[{"href":"https:\/\/progettotouring.it\/radiotouring104\/wp-json\/wp\/v2\/posts\/11049","targetHints":{"allow":["GET"]}}],"collection":[{"href":"https:\/\/progettotouring.it\/radiotouring104\/wp-json\/wp\/v2\/posts"}],"about":[{"href":"https:\/\/progettotouring.it\/radiotouring104\/wp-json\/wp\/v2\/types\/post"}],"author":[{"embeddable":true,"href":"https:\/\/progettotouring.it\/radiotouring104\/wp-json\/wp\/v2\/users\/8"}],"replies":[{"embeddable":true,"href":"https:\/\/progettotouring.it\/radiotouring104\/wp-json\/wp\/v2\/comments?post=11049"}],"version-history":[{"count":1,"href":"https:\/\/progettotouring.it\/radiotouring104\/wp-json\/wp\/v2\/posts\/11049\/revisions"}],"predecessor-version":[{"id":11055,"href":"https:\/\/progettotouring.it\/radiotouring104\/wp-json\/wp\/v2\/posts\/11049\/revisions\/11055"}],"wp:featuredmedia":[{"embeddable":true,"href":"https:\/\/progettotouring.it\/radiotouring104\/wp-json\/wp\/v2\/media\/11054"}],"wp:attachment":[{"href":"https:\/\/progettotouring.it\/radiotouring104\/wp-json\/wp\/v2\/media?parent=11049"}],"wp:term":[{"taxonomy":"category","embeddable":true,"href":"https:\/\/progettotouring.it\/radiotouring104\/wp-json\/wp\/v2\/categories?post=11049"},{"taxonomy":"post_tag","embeddable":true,"href":"https:\/\/progettotouring.it\/radiotouring104\/wp-json\/wp\/v2\/tags?post=11049"}],"curies":[{"name":"wp","href":"https:\/\/api.w.org\/{rel}","templated":true}]}}