{"id":11052,"date":"2022-10-27T10:53:04","date_gmt":"2022-10-27T08:53:04","guid":{"rendered":"https:\/\/progettotouring.it\/radiotouring104\/?p=11052"},"modified":"2022-10-27T10:53:04","modified_gmt":"2022-10-27T08:53:04","slug":"fondo-non-autosufficienze-intervento-di-annalisa-alfano","status":"publish","type":"post","link":"https:\/\/progettotouring.it\/radiotouring104\/2022\/10\/27\/fondo-non-autosufficienze-intervento-di-annalisa-alfano\/","title":{"rendered":"Fondo non autosufficienze: intervento di Annalisa Alfano"},"content":{"rendered":"<p>Fondo non autosufficienze: Annalisa Alfano (IdM), \u201cSe vivi al sud resti fuori dall\u2019assistenza ma se abiti al nord puoi avere pi\u00f9 di quanto ti spetta. Non \u00e8 cos\u00ec che si eliminano i divari\u201d.<\/p>\n<p>&nbsp;<\/p>\n<p>Ormai dovremmo essere abituati ai continui scippi a cui il Meridione viene, ripetutamente, sottoposto. Ma, stavolta, \u00e8 pi\u00f9 difficile che mai accettare che risorse maggiori vengano destinate alle regioni settentrionali. Lo \u00e8 perch\u00e9 ad essere privati di quanto dovuto sono i meridionali disabili e non autosufficienti. \u00c8 il caso del riparto del Fondo non autosufficienze. Non si ha rispetto nemmeno per gli anziani e i giovani che, per svariati motivi, non sono in grado di condurre autonomamente una vita regolare. Il problema non \u00e8 la carenza di fondi perch\u00e9 le disponibilit\u00e0 ci sono &#8211; ben 2,5 miliardi di euro da distribuire tra le Regioni &#8211; ma il metodo di ripartizione che, invece di utilizzare i rapporti sullo stato di salute degli italiani elaborati dall&#8217;Istat secondo parametri europei, segue criteri di riparto che non colgono in maniera precisa e adeguata la platea dei beneficiari delle prestazioni del Fna (Fondo non autosufficienze).<\/p>\n<p>Questo \u00e8 quanto emerge da un&#8217;analisi della Commissione tecnica dei fabbisogni standard (Ctfs) che ha valutato il riparto dei fondi. La Ctfs, per misurare il problema della non autosufficienza nelle singole Regioni, ha messo a confronto i dati Istat, sulle condizioni di salute degli italiani, con il riparto del Fna, attuato dal precedente governo, ed \u00e8 venuto fuori che le percentuali del disagio reale nelle regioni meridionali non corrispondono al bisogno riconosciuto dalla ripartizione del fondo. Percentuali che rappresentano persone e che, per perversi calcoli, si ritrovano fuori dall&#8217;assistenza riconosciuta mentre al Nord vengono assegnati fondi per un numero maggiore rispetto a quello realmente necessario. Quindi se vivi al Sud resti fuori ma se abiti al nord puoi avere addirittura pi\u00f9 di quanto ti spetta. \u00c8, ancora una volta, una\u00a0 questione di coordinate geografiche? No, la questione \u00e8 politica. Una politica assente e disinteressata alle reali esigenze delle persone e dei territori. Da Segretario Provinciale di \u2018Italia del Meridione\u2019 e da cittadina del Sud, mi piacerebbe sapere a cosa stessero pensando i parlamentari meridionali mentre il precedente esecutivo, e l&#8217;ex ministro del lavoro e delle politiche sociali Andrea Orlando, battevano l&#8217;ennesimo schiaffo discriminatorio nei confronti del Sud, dei suoi disabili, dei suoi non autosufficienti.<\/p>\n<p>Ma \u00e8 cos\u00ec difficile capire che sedere tra i banchi del Parlamento significa essere portavoce dei bisogni, delle difficolt\u00e0, delle esigenze, dei diritti degli italiani, tutti, che non possono fare altro che affidare le proprie speranze ad una classe politica che vigili con coscienza e responsabilit\u00e0 sulle decisioni governative? Questa triste e sconcertante vicenda del fondo delle non autosufficienze \u00e8 il risultato di un modus operandi che da decenni sta depredando gli abitanti del Sud di tutto ci\u00f2 che gli spetterebbe di diritto e che continua, incessantemente, coadiuvato dalla miopia di una classe politica dirigente, probabilmente, senza competenza ma, sicuramente, senza consapevolezza. La consapevolezza che non si pu\u00f2 continuare a governare differenziando a discapito di una parte del paese, sempre la stessa.<\/p>\n<p>Per il riparto del fondo delle non autosufficienze pu\u00f2 esserci ancora uno spiraglio di luce e di riscatto perch\u00e9, se \u00e8 vero che per l&#8217;annualit\u00e0 2022, ormai, il disastro \u00e8 consumato, qualcosa si potrebbe ancora fare le annualit\u00e0 2023 e 2024. Questo dipende solo dalla volont\u00e0 e dal coraggio dei nuovi eletti di opporsi a questo scempio. Quindi mi rivolgo agli attuali parlamentari del Mezzogiorno affinch\u00e9 intervengano con urgenza a restituire dignit\u00e0 a chi gi\u00e0 \u00e8 stato messo a dura prova dalla vita e che, finalmente, si possa attuare quel cambio di marcia che l&#8217;Italia del Meridione sta aspettando da troppo tempo. Solo con una reale attenzione e dedizione al Meridione sar\u00e0 possibile una ripartenza dell&#8217;intero Paese Italia.<\/p>\n<p><em>\u00a0<\/em><\/p>\n","protected":false},"excerpt":{"rendered":"<p>Fondo non autosufficienze: Annalisa Alfano (IdM), \u201cSe vivi al sud resti fuori dall\u2019assistenza ma se abiti al nord puoi avere pi\u00f9 di quanto ti spetta. Non \u00e8 cos\u00ec che si&hellip;<\/p>\n","protected":false},"author":12,"featured_media":11059,"comment_status":"open","ping_status":"open","sticky":false,"template":"","format":"standard","meta":{"_jetpack_memberships_contains_paid_content":false,"footnotes":"","jetpack_publicize_message":"","jetpack_publicize_feature_enabled":true,"jetpack_social_post_already_shared":false,"jetpack_social_options":{"image_generator_settings":{"template":"highway","default_image_id":0,"font":"","enabled":false},"version":2}},"categories":[921,196,140],"tags":[5093,5092,5094],"class_list":["post-11052","post","type-post","status-publish","format-standard","has-post-thumbnail","hentry","category-home","category-news","category-reggio-calabria","tag-annalisa-alfano","tag-fondo-non-autosufficienze","tag-idm"],"yoast_head":"<!-- This site is optimized with the Yoast SEO plugin v27.2 - https:\/\/yoast.com\/product\/yoast-seo-wordpress\/ -->\n<title>Fondo non autosufficienze: interviene Alfano<\/title>\n<meta name=\"description\" content=\"L&#039;esponente Idm: \u201cSe vivi al sud resti fuori dall\u2019assistenza ma se abiti al nord puoi avere pi\u00f9 di quanto ti spetta. Non \u00e8 cos\u00ec che si eliminano i divari\u201d.\" \/>\n<meta name=\"robots\" content=\"index, follow, max-snippet:-1, max-image-preview:large, max-video-preview:-1\" \/>\n<link rel=\"canonical\" href=\"https:\/\/progettotouring.it\/radiotouring104\/2022\/10\/27\/fondo-non-autosufficienze-intervento-di-annalisa-alfano\/\" \/>\n<meta property=\"og:locale\" content=\"it_IT\" \/>\n<meta property=\"og:type\" content=\"article\" \/>\n<meta property=\"og:title\" content=\"Fondo non autosufficienze: interviene Alfano\" \/>\n<meta property=\"og:description\" content=\"L&#039;esponente Idm: \u201cSe vivi al sud resti fuori dall\u2019assistenza ma se abiti al nord puoi avere pi\u00f9 di quanto ti spetta. Non \u00e8 cos\u00ec che si eliminano i divari\u201d.\" \/>\n<meta property=\"og:url\" content=\"https:\/\/progettotouring.it\/radiotouring104\/2022\/10\/27\/fondo-non-autosufficienze-intervento-di-annalisa-alfano\/\" \/>\n<meta property=\"og:site_name\" content=\"Radio Touring 104\" \/>\n<meta property=\"article:published_time\" content=\"2022-10-27T08:53:04+00:00\" \/>\n<meta property=\"og:image\" content=\"https:\/\/progettotouring.it\/radiotouring104\/wp-content\/uploads\/sites\/6\/2022\/10\/FOTO-ANNALISA-ALFANO.jpg\" \/>\n\t<meta property=\"og:image:width\" content=\"918\" \/>\n\t<meta property=\"og:image:height\" content=\"913\" \/>\n\t<meta property=\"og:image:type\" content=\"image\/jpeg\" \/>\n<meta name=\"author\" content=\"Sebastiano Plutino\" \/>\n<meta name=\"twitter:card\" content=\"summary_large_image\" \/>\n<meta name=\"twitter:label1\" content=\"Scritto da\" \/>\n\t<meta name=\"twitter:data1\" content=\"Sebastiano Plutino\" \/>\n\t<meta name=\"twitter:label2\" content=\"Tempo di lettura stimato\" \/>\n\t<meta name=\"twitter:data2\" content=\"3 minuti\" \/>\n<script type=\"application\/ld+json\" class=\"yoast-schema-graph\">{\"@context\":\"https:\/\/schema.org\",\"@graph\":[{\"@type\":\"Article\",\"@id\":\"https:\/\/progettotouring.it\/radiotouring104\/2022\/10\/27\/fondo-non-autosufficienze-intervento-di-annalisa-alfano\/#article\",\"isPartOf\":{\"@id\":\"https:\/\/progettotouring.it\/radiotouring104\/2022\/10\/27\/fondo-non-autosufficienze-intervento-di-annalisa-alfano\/\"},\"author\":{\"name\":\"Sebastiano Plutino\",\"@id\":\"https:\/\/progettotouring.it\/radiotouring104\/#\/schema\/person\/78613917f1851f041f7483f5af1d422e\"},\"headline\":\"Fondo non autosufficienze: intervento di Annalisa Alfano\",\"datePublished\":\"2022-10-27T08:53:04+00:00\",\"mainEntityOfPage\":{\"@id\":\"https:\/\/progettotouring.it\/radiotouring104\/2022\/10\/27\/fondo-non-autosufficienze-intervento-di-annalisa-alfano\/\"},\"wordCount\":618,\"commentCount\":0,\"publisher\":{\"@id\":\"https:\/\/progettotouring.it\/radiotouring104\/#organization\"},\"image\":{\"@id\":\"https:\/\/progettotouring.it\/radiotouring104\/2022\/10\/27\/fondo-non-autosufficienze-intervento-di-annalisa-alfano\/#primaryimage\"},\"thumbnailUrl\":\"https:\/\/progettotouring.it\/radiotouring104\/wp-content\/uploads\/sites\/6\/2022\/10\/FOTO-ANNALISA-ALFANO.jpg\",\"keywords\":[\"Annalisa Alfano\",\"fondo non autosufficienze\",\"Idm\"],\"articleSection\":[\"Home\",\"News\",\"Reggio Calabria\"],\"inLanguage\":\"it-IT\",\"potentialAction\":[{\"@type\":\"CommentAction\",\"name\":\"Comment\",\"target\":[\"https:\/\/progettotouring.it\/radiotouring104\/2022\/10\/27\/fondo-non-autosufficienze-intervento-di-annalisa-alfano\/#respond\"]}]},{\"@type\":\"WebPage\",\"@id\":\"https:\/\/progettotouring.it\/radiotouring104\/2022\/10\/27\/fondo-non-autosufficienze-intervento-di-annalisa-alfano\/\",\"url\":\"https:\/\/progettotouring.it\/radiotouring104\/2022\/10\/27\/fondo-non-autosufficienze-intervento-di-annalisa-alfano\/\",\"name\":\"Fondo non autosufficienze: interviene Alfano\",\"isPartOf\":{\"@id\":\"https:\/\/progettotouring.it\/radiotouring104\/#website\"},\"primaryImageOfPage\":{\"@id\":\"https:\/\/progettotouring.it\/radiotouring104\/2022\/10\/27\/fondo-non-autosufficienze-intervento-di-annalisa-alfano\/#primaryimage\"},\"image\":{\"@id\":\"https:\/\/progettotouring.it\/radiotouring104\/2022\/10\/27\/fondo-non-autosufficienze-intervento-di-annalisa-alfano\/#primaryimage\"},\"thumbnailUrl\":\"https:\/\/progettotouring.it\/radiotouring104\/wp-content\/uploads\/sites\/6\/2022\/10\/FOTO-ANNALISA-ALFANO.jpg\",\"datePublished\":\"2022-10-27T08:53:04+00:00\",\"description\":\"L'esponente Idm: \u201cSe vivi al sud resti fuori dall\u2019assistenza ma se abiti al nord puoi avere pi\u00f9 di quanto ti spetta. Non \u00e8 cos\u00ec che si eliminano i divari\u201d.\",\"breadcrumb\":{\"@id\":\"https:\/\/progettotouring.it\/radiotouring104\/2022\/10\/27\/fondo-non-autosufficienze-intervento-di-annalisa-alfano\/#breadcrumb\"},\"inLanguage\":\"it-IT\",\"potentialAction\":[{\"@type\":\"ReadAction\",\"target\":[\"https:\/\/progettotouring.it\/radiotouring104\/2022\/10\/27\/fondo-non-autosufficienze-intervento-di-annalisa-alfano\/\"]}]},{\"@type\":\"ImageObject\",\"inLanguage\":\"it-IT\",\"@id\":\"https:\/\/progettotouring.it\/radiotouring104\/2022\/10\/27\/fondo-non-autosufficienze-intervento-di-annalisa-alfano\/#primaryimage\",\"url\":\"https:\/\/progettotouring.it\/radiotouring104\/wp-content\/uploads\/sites\/6\/2022\/10\/FOTO-ANNALISA-ALFANO.jpg\",\"contentUrl\":\"https:\/\/progettotouring.it\/radiotouring104\/wp-content\/uploads\/sites\/6\/2022\/10\/FOTO-ANNALISA-ALFANO.jpg\",\"width\":918,\"height\":913},{\"@type\":\"BreadcrumbList\",\"@id\":\"https:\/\/progettotouring.it\/radiotouring104\/2022\/10\/27\/fondo-non-autosufficienze-intervento-di-annalisa-alfano\/#breadcrumb\",\"itemListElement\":[{\"@type\":\"ListItem\",\"position\":1,\"name\":\"Home\",\"item\":\"https:\/\/progettotouring.it\/radiotouring104\/\"},{\"@type\":\"ListItem\",\"position\":2,\"name\":\"Fondo non autosufficienze: intervento di Annalisa Alfano\"}]},{\"@type\":\"WebSite\",\"@id\":\"https:\/\/progettotouring.it\/radiotouring104\/#website\",\"url\":\"https:\/\/progettotouring.it\/radiotouring104\/\",\"name\":\"Radio Touring 104\",\"description\":\"La prima radio Reggina\",\"publisher\":{\"@id\":\"https:\/\/progettotouring.it\/radiotouring104\/#organization\"},\"potentialAction\":[{\"@type\":\"SearchAction\",\"target\":{\"@type\":\"EntryPoint\",\"urlTemplate\":\"https:\/\/progettotouring.it\/radiotouring104\/?s={search_term_string}\"},\"query-input\":{\"@type\":\"PropertyValueSpecification\",\"valueRequired\":true,\"valueName\":\"search_term_string\"}}],\"inLanguage\":\"it-IT\"},{\"@type\":\"Organization\",\"@id\":\"https:\/\/progettotouring.it\/radiotouring104\/#organization\",\"name\":\"Radio Touring 104\",\"url\":\"https:\/\/progettotouring.it\/radiotouring104\/\",\"logo\":{\"@type\":\"ImageObject\",\"inLanguage\":\"it-IT\",\"@id\":\"https:\/\/progettotouring.it\/radiotouring104\/#\/schema\/logo\/image\/\",\"url\":\"https:\/\/progettotouring.it\/radiotouring104\/wp-content\/uploads\/sites\/6\/2022\/02\/cropped-logo-radio-touring-104.png\",\"contentUrl\":\"https:\/\/progettotouring.it\/radiotouring104\/wp-content\/uploads\/sites\/6\/2022\/02\/cropped-logo-radio-touring-104.png\",\"width\":377,\"height\":182,\"caption\":\"Radio Touring 104\"},\"image\":{\"@id\":\"https:\/\/progettotouring.it\/radiotouring104\/#\/schema\/logo\/image\/\"}},{\"@type\":\"Person\",\"@id\":\"https:\/\/progettotouring.it\/radiotouring104\/#\/schema\/person\/78613917f1851f041f7483f5af1d422e\",\"name\":\"Sebastiano Plutino\",\"image\":{\"@type\":\"ImageObject\",\"inLanguage\":\"it-IT\",\"@id\":\"https:\/\/secure.gravatar.com\/avatar\/0546ffaa9b79224faf9f2a156b67a529ae861d3287c66c1d8ccfdf909bcba78d?s=96&d=mm&r=g\",\"url\":\"https:\/\/secure.gravatar.com\/avatar\/0546ffaa9b79224faf9f2a156b67a529ae861d3287c66c1d8ccfdf909bcba78d?s=96&d=mm&r=g\",\"contentUrl\":\"https:\/\/secure.gravatar.com\/avatar\/0546ffaa9b79224faf9f2a156b67a529ae861d3287c66c1d8ccfdf909bcba78d?s=96&d=mm&r=g\",\"caption\":\"Sebastiano Plutino\"},\"url\":\"https:\/\/progettotouring.it\/radiotouring104\/author\/sebastiano\/\"}]}<\/script>\n<!-- \/ Yoast SEO plugin. -->","yoast_head_json":{"title":"Fondo non autosufficienze: interviene Alfano","description":"L'esponente Idm: \u201cSe vivi al sud resti fuori dall\u2019assistenza ma se abiti al nord puoi avere pi\u00f9 di quanto ti spetta. Non \u00e8 cos\u00ec che si eliminano i divari\u201d.","robots":{"index":"index","follow":"follow","max-snippet":"max-snippet:-1","max-image-preview":"max-image-preview:large","max-video-preview":"max-video-preview:-1"},"canonical":"https:\/\/progettotouring.it\/radiotouring104\/2022\/10\/27\/fondo-non-autosufficienze-intervento-di-annalisa-alfano\/","og_locale":"it_IT","og_type":"article","og_title":"Fondo non autosufficienze: interviene Alfano","og_description":"L'esponente Idm: \u201cSe vivi al sud resti fuori dall\u2019assistenza ma se abiti al nord puoi avere pi\u00f9 di quanto ti spetta. Non \u00e8 cos\u00ec che si eliminano i divari\u201d.","og_url":"https:\/\/progettotouring.it\/radiotouring104\/2022\/10\/27\/fondo-non-autosufficienze-intervento-di-annalisa-alfano\/","og_site_name":"Radio Touring 104","article_published_time":"2022-10-27T08:53:04+00:00","og_image":[{"width":918,"height":913,"url":"https:\/\/progettotouring.it\/radiotouring104\/wp-content\/uploads\/sites\/6\/2022\/10\/FOTO-ANNALISA-ALFANO.jpg","type":"image\/jpeg"}],"author":"Sebastiano Plutino","twitter_card":"summary_large_image","twitter_misc":{"Scritto da":"Sebastiano Plutino","Tempo di lettura stimato":"3 minuti"},"schema":{"@context":"https:\/\/schema.org","@graph":[{"@type":"Article","@id":"https:\/\/progettotouring.it\/radiotouring104\/2022\/10\/27\/fondo-non-autosufficienze-intervento-di-annalisa-alfano\/#article","isPartOf":{"@id":"https:\/\/progettotouring.it\/radiotouring104\/2022\/10\/27\/fondo-non-autosufficienze-intervento-di-annalisa-alfano\/"},"author":{"name":"Sebastiano Plutino","@id":"https:\/\/progettotouring.it\/radiotouring104\/#\/schema\/person\/78613917f1851f041f7483f5af1d422e"},"headline":"Fondo non autosufficienze: intervento di Annalisa Alfano","datePublished":"2022-10-27T08:53:04+00:00","mainEntityOfPage":{"@id":"https:\/\/progettotouring.it\/radiotouring104\/2022\/10\/27\/fondo-non-autosufficienze-intervento-di-annalisa-alfano\/"},"wordCount":618,"commentCount":0,"publisher":{"@id":"https:\/\/progettotouring.it\/radiotouring104\/#organization"},"image":{"@id":"https:\/\/progettotouring.it\/radiotouring104\/2022\/10\/27\/fondo-non-autosufficienze-intervento-di-annalisa-alfano\/#primaryimage"},"thumbnailUrl":"https:\/\/progettotouring.it\/radiotouring104\/wp-content\/uploads\/sites\/6\/2022\/10\/FOTO-ANNALISA-ALFANO.jpg","keywords":["Annalisa Alfano","fondo non autosufficienze","Idm"],"articleSection":["Home","News","Reggio Calabria"],"inLanguage":"it-IT","potentialAction":[{"@type":"CommentAction","name":"Comment","target":["https:\/\/progettotouring.it\/radiotouring104\/2022\/10\/27\/fondo-non-autosufficienze-intervento-di-annalisa-alfano\/#respond"]}]},{"@type":"WebPage","@id":"https:\/\/progettotouring.it\/radiotouring104\/2022\/10\/27\/fondo-non-autosufficienze-intervento-di-annalisa-alfano\/","url":"https:\/\/progettotouring.it\/radiotouring104\/2022\/10\/27\/fondo-non-autosufficienze-intervento-di-annalisa-alfano\/","name":"Fondo non autosufficienze: interviene Alfano","isPartOf":{"@id":"https:\/\/progettotouring.it\/radiotouring104\/#website"},"primaryImageOfPage":{"@id":"https:\/\/progettotouring.it\/radiotouring104\/2022\/10\/27\/fondo-non-autosufficienze-intervento-di-annalisa-alfano\/#primaryimage"},"image":{"@id":"https:\/\/progettotouring.it\/radiotouring104\/2022\/10\/27\/fondo-non-autosufficienze-intervento-di-annalisa-alfano\/#primaryimage"},"thumbnailUrl":"https:\/\/progettotouring.it\/radiotouring104\/wp-content\/uploads\/sites\/6\/2022\/10\/FOTO-ANNALISA-ALFANO.jpg","datePublished":"2022-10-27T08:53:04+00:00","description":"L'esponente Idm: \u201cSe vivi al sud resti fuori dall\u2019assistenza ma se abiti al nord puoi avere pi\u00f9 di quanto ti spetta. Non \u00e8 cos\u00ec che si eliminano i divari\u201d.","breadcrumb":{"@id":"https:\/\/progettotouring.it\/radiotouring104\/2022\/10\/27\/fondo-non-autosufficienze-intervento-di-annalisa-alfano\/#breadcrumb"},"inLanguage":"it-IT","potentialAction":[{"@type":"ReadAction","target":["https:\/\/progettotouring.it\/radiotouring104\/2022\/10\/27\/fondo-non-autosufficienze-intervento-di-annalisa-alfano\/"]}]},{"@type":"ImageObject","inLanguage":"it-IT","@id":"https:\/\/progettotouring.it\/radiotouring104\/2022\/10\/27\/fondo-non-autosufficienze-intervento-di-annalisa-alfano\/#primaryimage","url":"https:\/\/progettotouring.it\/radiotouring104\/wp-content\/uploads\/sites\/6\/2022\/10\/FOTO-ANNALISA-ALFANO.jpg","contentUrl":"https:\/\/progettotouring.it\/radiotouring104\/wp-content\/uploads\/sites\/6\/2022\/10\/FOTO-ANNALISA-ALFANO.jpg","width":918,"height":913},{"@type":"BreadcrumbList","@id":"https:\/\/progettotouring.it\/radiotouring104\/2022\/10\/27\/fondo-non-autosufficienze-intervento-di-annalisa-alfano\/#breadcrumb","itemListElement":[{"@type":"ListItem","position":1,"name":"Home","item":"https:\/\/progettotouring.it\/radiotouring104\/"},{"@type":"ListItem","position":2,"name":"Fondo non autosufficienze: intervento di Annalisa Alfano"}]},{"@type":"WebSite","@id":"https:\/\/progettotouring.it\/radiotouring104\/#website","url":"https:\/\/progettotouring.it\/radiotouring104\/","name":"Radio Touring 104","description":"La prima radio Reggina","publisher":{"@id":"https:\/\/progettotouring.it\/radiotouring104\/#organization"},"potentialAction":[{"@type":"SearchAction","target":{"@type":"EntryPoint","urlTemplate":"https:\/\/progettotouring.it\/radiotouring104\/?s={search_term_string}"},"query-input":{"@type":"PropertyValueSpecification","valueRequired":true,"valueName":"search_term_string"}}],"inLanguage":"it-IT"},{"@type":"Organization","@id":"https:\/\/progettotouring.it\/radiotouring104\/#organization","name":"Radio Touring 104","url":"https:\/\/progettotouring.it\/radiotouring104\/","logo":{"@type":"ImageObject","inLanguage":"it-IT","@id":"https:\/\/progettotouring.it\/radiotouring104\/#\/schema\/logo\/image\/","url":"https:\/\/progettotouring.it\/radiotouring104\/wp-content\/uploads\/sites\/6\/2022\/02\/cropped-logo-radio-touring-104.png","contentUrl":"https:\/\/progettotouring.it\/radiotouring104\/wp-content\/uploads\/sites\/6\/2022\/02\/cropped-logo-radio-touring-104.png","width":377,"height":182,"caption":"Radio Touring 104"},"image":{"@id":"https:\/\/progettotouring.it\/radiotouring104\/#\/schema\/logo\/image\/"}},{"@type":"Person","@id":"https:\/\/progettotouring.it\/radiotouring104\/#\/schema\/person\/78613917f1851f041f7483f5af1d422e","name":"Sebastiano Plutino","image":{"@type":"ImageObject","inLanguage":"it-IT","@id":"https:\/\/secure.gravatar.com\/avatar\/0546ffaa9b79224faf9f2a156b67a529ae861d3287c66c1d8ccfdf909bcba78d?s=96&d=mm&r=g","url":"https:\/\/secure.gravatar.com\/avatar\/0546ffaa9b79224faf9f2a156b67a529ae861d3287c66c1d8ccfdf909bcba78d?s=96&d=mm&r=g","contentUrl":"https:\/\/secure.gravatar.com\/avatar\/0546ffaa9b79224faf9f2a156b67a529ae861d3287c66c1d8ccfdf909bcba78d?s=96&d=mm&r=g","caption":"Sebastiano Plutino"},"url":"https:\/\/progettotouring.it\/radiotouring104\/author\/sebastiano\/"}]}},"jetpack_publicize_connections":[],"jetpack_featured_media_url":"https:\/\/progettotouring.it\/radiotouring104\/wp-content\/uploads\/sites\/6\/2022\/10\/FOTO-ANNALISA-ALFANO.jpg","jetpack_sharing_enabled":true,"_links":{"self":[{"href":"https:\/\/progettotouring.it\/radiotouring104\/wp-json\/wp\/v2\/posts\/11052","targetHints":{"allow":["GET"]}}],"collection":[{"href":"https:\/\/progettotouring.it\/radiotouring104\/wp-json\/wp\/v2\/posts"}],"about":[{"href":"https:\/\/progettotouring.it\/radiotouring104\/wp-json\/wp\/v2\/types\/post"}],"author":[{"embeddable":true,"href":"https:\/\/progettotouring.it\/radiotouring104\/wp-json\/wp\/v2\/users\/12"}],"replies":[{"embeddable":true,"href":"https:\/\/progettotouring.it\/radiotouring104\/wp-json\/wp\/v2\/comments?post=11052"}],"version-history":[{"count":1,"href":"https:\/\/progettotouring.it\/radiotouring104\/wp-json\/wp\/v2\/posts\/11052\/revisions"}],"predecessor-version":[{"id":11060,"href":"https:\/\/progettotouring.it\/radiotouring104\/wp-json\/wp\/v2\/posts\/11052\/revisions\/11060"}],"wp:featuredmedia":[{"embeddable":true,"href":"https:\/\/progettotouring.it\/radiotouring104\/wp-json\/wp\/v2\/media\/11059"}],"wp:attachment":[{"href":"https:\/\/progettotouring.it\/radiotouring104\/wp-json\/wp\/v2\/media?parent=11052"}],"wp:term":[{"taxonomy":"category","embeddable":true,"href":"https:\/\/progettotouring.it\/radiotouring104\/wp-json\/wp\/v2\/categories?post=11052"},{"taxonomy":"post_tag","embeddable":true,"href":"https:\/\/progettotouring.it\/radiotouring104\/wp-json\/wp\/v2\/tags?post=11052"}],"curies":[{"name":"wp","href":"https:\/\/api.w.org\/{rel}","templated":true}]}}