{"id":11061,"date":"2022-10-27T11:13:41","date_gmt":"2022-10-27T09:13:41","guid":{"rendered":"https:\/\/progettotouring.it\/radiotouring104\/?p=11061"},"modified":"2022-10-27T11:13:41","modified_gmt":"2022-10-27T09:13:41","slug":"la-stanza-di-adel-domani-al-caffe-letterario-di-lamezia-terme","status":"publish","type":"post","link":"https:\/\/progettotouring.it\/radiotouring104\/2022\/10\/27\/la-stanza-di-adel-domani-al-caffe-letterario-di-lamezia-terme\/","title":{"rendered":"&#8220;La stanza di Adel&#8221;, domani al Caff\u00e8 Letterario di Lamezia Terme"},"content":{"rendered":"<p class=\"xmprfx_MsoNormal\">Continua ad emozionare \u201c<b>La stanza di Adel<\/b>\u201d (edito da Santelli lo scorso aprile), il nuovo romanzo di\u00a0<b>Ruggero Pegna<\/b>, il noto produttore e promoter musicale con l\u2019altro volto di autore e scrittore eclettico: dalle raccolte di poesia alla satira, ai romanzi. Dopo numerose partecipazioni in diverse rassegne e prestigiosi riconoscimenti, il commovente romanzo, finalista anche al Premio Caravaggio 2022 di Monte Argentario nella categoria \u201cNarrativa d\u2019emozione\u201d, domani alle ore 19:00 sar\u00e0 presentato nel Chiostro Caff\u00e8 Letterario di Lamezia Terme. L\u2019incontro \u00e8 organizzato dall\u2019 Assessorato alla Cultura del Comune di Lamezia Terme, in collaborazione con Open Space Aps, Chiostro Caff\u00e8 Letterario e Associazione Culturale Muricello, nell\u2019ambito della rassegna \u201cOrmeggi Preview\u201d. Dialogher\u00e0 con l\u2019autore Antonio Chieffallo, interverranno l\u2019Assessore alla Cultura Giorgia Gargano, Rita Giura di Open Space, la psicologa Tiziana Pirelli, l\u2019attrice &#8211; regista Angelica Artemisia Pedatella.<\/p>\n<p class=\"xmprfx_MsoNormal\">Dopo aver condiviso in \u201c<b>Miracolo d\u2019Amore<\/b>\u201d la storia della sua improvvisa leucemia fulminante e della miracolosa guarigione grazie al trapianto di midollo donato da una ragazza americana e, come sostiene, alle preghiere della mistica Natuzza Evolo, Pegna ha toccato il tema della pena di morte di un condannato innocente in \u201c<b>La penna di Donney<\/b>\u201d e quelli del razzismo e dell\u2019integrazione nel toccante \u201c<b>Il cacciatore di meduse<\/b>\u201d, con protagonista un piccolo migrante somalo sbarcato con la madre a Lampedusa.\u00a0\u00a0Ora, con \u201c<b>La stanza di Adel<\/b>\u201d ha scelto di addentrarsi nel tema dell\u2019adozione, che s\u2019intreccia a quelli dell\u2019essere genitori, della famiglia, dei figli, dell\u2019esistenza stessa; un tema delicato, spesso gravato da burocrazia e difficolt\u00e0 sia per le adozioni nazionali e, soprattutto, per le internazionali. Una storia di particolare attualit\u00e0, che stride con le cronache di guerra di questi giorni, anche perch\u00e9 la protagonista \u00e8 proprio\u00a0<b>Adeliya,\u00a0<\/b>una bimba russa adottata da genitori italiani. Ancora una volta sono la realt\u00e0, l\u2019umanit\u00e0 e temi di grande attualit\u00e0, a trasformarsi in un romanzo del promoter lametino.<\/p>\n<p class=\"xmprfx_MsoNormal\">\u201c<b>La stanza di Adel<\/b>\u201d \u00e8 un libro da non perdere, sia per chi ha vissuto e vive questa stupenda realt\u00e0, sia per chi volesse emozionarsi con l\u2019avventura di una genitorialit\u00e0 piena raccontata con sensibilit\u00e0, delicatezza e senso poetico, a tratti fiabesco. Un padre ripercorre la sua vita tra paure, sogni, speranze e la sofferenza dovuta all\u2019impossibilit\u00e0 di avere un figlio, finch\u00e9 incontra la piccola Adeliya di pochi mesi. Raggiunta la maggiore et\u00e0, lei decide di tornare nella citt\u00e0 natale con il suo ragazzo. Durante l\u2019assenza, preso da sconforto e nostalgia, il padre s\u2019impossessa della sua cameretta e rivive la loro storia, dal desiderio di un figlio fino alla lotta per un\u2019adozione, tra burocrazia e timori, nell\u2019inquieta e incerta attesa del suo ritorno, a tratti come se fosse una favola.<\/p>\n<p class=\"xmprfx_MsoNormal\"><i>\u201cNon esiste un figlio adottato, ma semplicemente un figlio, a volte portato nel luogo sbagliato da una cicogna sbadata che smarrisce l\u2019orientamento e la destinazione, e che i genitori devono cercare, con coraggio e amore, fino a trovarlo in una qualsiasi parte del mondo!\u201d,\u00a0<\/i>dice l\u2019autore, animato dal desiderio di trasmettere ancora una volta forti emozioni legate a storie vere, seppure romanzate dalla sua penna originale e con finali davvero sorprendenti. \u201cA<i>\u00a0volte la societ\u00e0 tende a sottolineare una sorta di diversit\u00e0 nell\u2019essere genitori e figli \u2013\u00a0<\/i>conclude\u00a0<i>&#8211; arrivando quasi ad affermare che l\u2019adozione o altre opportunit\u00e0 di creare una famiglia non siano naturali; ma la realt\u00e0 \u00e8 ben diversa, l\u2019amore supera ogni schema e convenzione!<\/i>\u201d.<\/p>\n<p class=\"xmprfx_MsoNormal\">\u201c<b>La stanza di Adel<\/b>\u201d \u00e8 un romanzo capace di avvicinare il lettore ai sentimenti pi\u00f9 forti e, forse, di contribuire a dipanare ogni dubbio sull\u2019adozione. E\u2019 un romanzo avvincente dedicato a tutti i bambini, in un momento di grande sofferenza in molti luoghi del mondo, come si legge nella pagina iniziale:\u00a0<i>\u201cAi bimbi che siamo stati, a quelli che verranno; a quelli fortunati, sperando che ne siano consapevoli e seminino bene per il mondo; ai bimbi miseri e abbandonati, a quelli malati o affamati, a quelli soli; a tutti i bimbi infelici, feriti, mutilati o uccisi, vittime innocenti di guerre, violenza e abusi; ai tanti bimbi troppo presto uomini, operai, schiavi o soldati, ai bimbi di ogni colore; a padri e madri, custodi delle loro piccole vite; ai bimbi nati per caso, a quelli indesiderati, ai bimbi mai nati!\u201d .<\/i><\/p>\n","protected":false},"excerpt":{"rendered":"<p>Continua ad emozionare \u201cLa stanza di Adel\u201d (edito da Santelli lo scorso aprile), il nuovo romanzo di\u00a0Ruggero Pegna, il noto produttore e promoter musicale con l\u2019altro volto di autore e&hellip;<\/p>\n","protected":false},"author":12,"featured_media":11066,"comment_status":"open","ping_status":"open","sticky":false,"template":"","format":"standard","meta":{"_jetpack_memberships_contains_paid_content":false,"footnotes":"","jetpack_publicize_message":"","jetpack_publicize_feature_enabled":true,"jetpack_social_post_already_shared":false,"jetpack_social_options":{"image_generator_settings":{"template":"highway","default_image_id":0,"font":"","enabled":false},"version":2}},"categories":[142,145,921,196,140],"tags":[5097,571,282],"class_list":["post-11061","post","type-post","status-publish","format-standard","has-post-thumbnail","hentry","category-calabria","category-cultura","category-home","category-news","category-reggio-calabria","tag-caffe-letterario-di-lamezia-terme","tag-la-stanza-di-adel","tag-ruggero-pegna"],"yoast_head":"<!-- This site is optimized with the Yoast SEO plugin v27.2 - https:\/\/yoast.com\/product\/yoast-seo-wordpress\/ -->\n<title>Presentazione &quot;La stanza di Adel&quot;, al caff\u00e8 Letterario di Lamezia<\/title>\n<meta name=\"description\" content=\"Il nuovo libro di Ruggero Pegna, continua a stupire e far\u00e0 tappa, domani, al Caff\u00e8 letterario di Lamezia Terme\" \/>\n<meta name=\"robots\" content=\"index, follow, max-snippet:-1, max-image-preview:large, max-video-preview:-1\" \/>\n<link rel=\"canonical\" href=\"https:\/\/progettotouring.it\/radiotouring104\/2022\/10\/27\/la-stanza-di-adel-domani-al-caffe-letterario-di-lamezia-terme\/\" \/>\n<meta property=\"og:locale\" content=\"it_IT\" \/>\n<meta property=\"og:type\" content=\"article\" \/>\n<meta property=\"og:title\" content=\"Presentazione &quot;La stanza di Adel&quot;, al caff\u00e8 Letterario di Lamezia\" \/>\n<meta property=\"og:description\" content=\"Il nuovo libro di Ruggero Pegna, continua a stupire e far\u00e0 tappa, domani, al Caff\u00e8 letterario di Lamezia Terme\" \/>\n<meta property=\"og:url\" content=\"https:\/\/progettotouring.it\/radiotouring104\/2022\/10\/27\/la-stanza-di-adel-domani-al-caffe-letterario-di-lamezia-terme\/\" \/>\n<meta property=\"og:site_name\" content=\"Radio Touring 104\" \/>\n<meta property=\"article:published_time\" content=\"2022-10-27T09:13:41+00:00\" \/>\n<meta property=\"og:image\" content=\"https:\/\/progettotouring.it\/radiotouring104\/wp-content\/uploads\/sites\/6\/2022\/10\/La-stanza-di-Adel-copertina.jpg\" \/>\n\t<meta property=\"og:image:width\" content=\"682\" \/>\n\t<meta property=\"og:image:height\" content=\"1024\" \/>\n\t<meta property=\"og:image:type\" content=\"image\/jpeg\" \/>\n<meta name=\"author\" content=\"Sebastiano Plutino\" \/>\n<meta name=\"twitter:card\" content=\"summary_large_image\" \/>\n<meta name=\"twitter:label1\" content=\"Scritto da\" \/>\n\t<meta name=\"twitter:data1\" content=\"Sebastiano Plutino\" \/>\n\t<meta name=\"twitter:label2\" content=\"Tempo di lettura stimato\" \/>\n\t<meta name=\"twitter:data2\" content=\"4 minuti\" \/>\n<script type=\"application\/ld+json\" class=\"yoast-schema-graph\">{\"@context\":\"https:\/\/schema.org\",\"@graph\":[{\"@type\":\"Article\",\"@id\":\"https:\/\/progettotouring.it\/radiotouring104\/2022\/10\/27\/la-stanza-di-adel-domani-al-caffe-letterario-di-lamezia-terme\/#article\",\"isPartOf\":{\"@id\":\"https:\/\/progettotouring.it\/radiotouring104\/2022\/10\/27\/la-stanza-di-adel-domani-al-caffe-letterario-di-lamezia-terme\/\"},\"author\":{\"name\":\"Sebastiano Plutino\",\"@id\":\"https:\/\/progettotouring.it\/radiotouring104\/#\/schema\/person\/78613917f1851f041f7483f5af1d422e\"},\"headline\":\"&#8220;La stanza di Adel&#8221;, domani al Caff\u00e8 Letterario di Lamezia Terme\",\"datePublished\":\"2022-10-27T09:13:41+00:00\",\"mainEntityOfPage\":{\"@id\":\"https:\/\/progettotouring.it\/radiotouring104\/2022\/10\/27\/la-stanza-di-adel-domani-al-caffe-letterario-di-lamezia-terme\/\"},\"wordCount\":720,\"commentCount\":0,\"publisher\":{\"@id\":\"https:\/\/progettotouring.it\/radiotouring104\/#organization\"},\"image\":{\"@id\":\"https:\/\/progettotouring.it\/radiotouring104\/2022\/10\/27\/la-stanza-di-adel-domani-al-caffe-letterario-di-lamezia-terme\/#primaryimage\"},\"thumbnailUrl\":\"https:\/\/progettotouring.it\/radiotouring104\/wp-content\/uploads\/sites\/6\/2022\/10\/La-stanza-di-Adel-copertina.jpg\",\"keywords\":[\"Caff\u00e8 Letterario di Lamezia Terme\",\"la stanza di Adel\",\"Ruggero Pegna\"],\"articleSection\":[\"Calabria\",\"Cultura\",\"Home\",\"News\",\"Reggio Calabria\"],\"inLanguage\":\"it-IT\",\"potentialAction\":[{\"@type\":\"CommentAction\",\"name\":\"Comment\",\"target\":[\"https:\/\/progettotouring.it\/radiotouring104\/2022\/10\/27\/la-stanza-di-adel-domani-al-caffe-letterario-di-lamezia-terme\/#respond\"]}]},{\"@type\":\"WebPage\",\"@id\":\"https:\/\/progettotouring.it\/radiotouring104\/2022\/10\/27\/la-stanza-di-adel-domani-al-caffe-letterario-di-lamezia-terme\/\",\"url\":\"https:\/\/progettotouring.it\/radiotouring104\/2022\/10\/27\/la-stanza-di-adel-domani-al-caffe-letterario-di-lamezia-terme\/\",\"name\":\"Presentazione \\\"La stanza di Adel\\\", al caff\u00e8 Letterario di Lamezia\",\"isPartOf\":{\"@id\":\"https:\/\/progettotouring.it\/radiotouring104\/#website\"},\"primaryImageOfPage\":{\"@id\":\"https:\/\/progettotouring.it\/radiotouring104\/2022\/10\/27\/la-stanza-di-adel-domani-al-caffe-letterario-di-lamezia-terme\/#primaryimage\"},\"image\":{\"@id\":\"https:\/\/progettotouring.it\/radiotouring104\/2022\/10\/27\/la-stanza-di-adel-domani-al-caffe-letterario-di-lamezia-terme\/#primaryimage\"},\"thumbnailUrl\":\"https:\/\/progettotouring.it\/radiotouring104\/wp-content\/uploads\/sites\/6\/2022\/10\/La-stanza-di-Adel-copertina.jpg\",\"datePublished\":\"2022-10-27T09:13:41+00:00\",\"description\":\"Il nuovo libro di Ruggero Pegna, continua a stupire e far\u00e0 tappa, domani, al Caff\u00e8 letterario di Lamezia Terme\",\"breadcrumb\":{\"@id\":\"https:\/\/progettotouring.it\/radiotouring104\/2022\/10\/27\/la-stanza-di-adel-domani-al-caffe-letterario-di-lamezia-terme\/#breadcrumb\"},\"inLanguage\":\"it-IT\",\"potentialAction\":[{\"@type\":\"ReadAction\",\"target\":[\"https:\/\/progettotouring.it\/radiotouring104\/2022\/10\/27\/la-stanza-di-adel-domani-al-caffe-letterario-di-lamezia-terme\/\"]}]},{\"@type\":\"ImageObject\",\"inLanguage\":\"it-IT\",\"@id\":\"https:\/\/progettotouring.it\/radiotouring104\/2022\/10\/27\/la-stanza-di-adel-domani-al-caffe-letterario-di-lamezia-terme\/#primaryimage\",\"url\":\"https:\/\/progettotouring.it\/radiotouring104\/wp-content\/uploads\/sites\/6\/2022\/10\/La-stanza-di-Adel-copertina.jpg\",\"contentUrl\":\"https:\/\/progettotouring.it\/radiotouring104\/wp-content\/uploads\/sites\/6\/2022\/10\/La-stanza-di-Adel-copertina.jpg\",\"width\":682,\"height\":1024},{\"@type\":\"BreadcrumbList\",\"@id\":\"https:\/\/progettotouring.it\/radiotouring104\/2022\/10\/27\/la-stanza-di-adel-domani-al-caffe-letterario-di-lamezia-terme\/#breadcrumb\",\"itemListElement\":[{\"@type\":\"ListItem\",\"position\":1,\"name\":\"Home\",\"item\":\"https:\/\/progettotouring.it\/radiotouring104\/\"},{\"@type\":\"ListItem\",\"position\":2,\"name\":\"&#8220;La stanza di Adel&#8221;, domani al Caff\u00e8 Letterario di Lamezia Terme\"}]},{\"@type\":\"WebSite\",\"@id\":\"https:\/\/progettotouring.it\/radiotouring104\/#website\",\"url\":\"https:\/\/progettotouring.it\/radiotouring104\/\",\"name\":\"Radio Touring 104\",\"description\":\"La prima radio Reggina\",\"publisher\":{\"@id\":\"https:\/\/progettotouring.it\/radiotouring104\/#organization\"},\"potentialAction\":[{\"@type\":\"SearchAction\",\"target\":{\"@type\":\"EntryPoint\",\"urlTemplate\":\"https:\/\/progettotouring.it\/radiotouring104\/?s={search_term_string}\"},\"query-input\":{\"@type\":\"PropertyValueSpecification\",\"valueRequired\":true,\"valueName\":\"search_term_string\"}}],\"inLanguage\":\"it-IT\"},{\"@type\":\"Organization\",\"@id\":\"https:\/\/progettotouring.it\/radiotouring104\/#organization\",\"name\":\"Radio Touring 104\",\"url\":\"https:\/\/progettotouring.it\/radiotouring104\/\",\"logo\":{\"@type\":\"ImageObject\",\"inLanguage\":\"it-IT\",\"@id\":\"https:\/\/progettotouring.it\/radiotouring104\/#\/schema\/logo\/image\/\",\"url\":\"https:\/\/progettotouring.it\/radiotouring104\/wp-content\/uploads\/sites\/6\/2022\/02\/cropped-logo-radio-touring-104.png\",\"contentUrl\":\"https:\/\/progettotouring.it\/radiotouring104\/wp-content\/uploads\/sites\/6\/2022\/02\/cropped-logo-radio-touring-104.png\",\"width\":377,\"height\":182,\"caption\":\"Radio Touring 104\"},\"image\":{\"@id\":\"https:\/\/progettotouring.it\/radiotouring104\/#\/schema\/logo\/image\/\"}},{\"@type\":\"Person\",\"@id\":\"https:\/\/progettotouring.it\/radiotouring104\/#\/schema\/person\/78613917f1851f041f7483f5af1d422e\",\"name\":\"Sebastiano Plutino\",\"image\":{\"@type\":\"ImageObject\",\"inLanguage\":\"it-IT\",\"@id\":\"https:\/\/secure.gravatar.com\/avatar\/0546ffaa9b79224faf9f2a156b67a529ae861d3287c66c1d8ccfdf909bcba78d?s=96&d=mm&r=g\",\"url\":\"https:\/\/secure.gravatar.com\/avatar\/0546ffaa9b79224faf9f2a156b67a529ae861d3287c66c1d8ccfdf909bcba78d?s=96&d=mm&r=g\",\"contentUrl\":\"https:\/\/secure.gravatar.com\/avatar\/0546ffaa9b79224faf9f2a156b67a529ae861d3287c66c1d8ccfdf909bcba78d?s=96&d=mm&r=g\",\"caption\":\"Sebastiano Plutino\"},\"url\":\"https:\/\/progettotouring.it\/radiotouring104\/author\/sebastiano\/\"}]}<\/script>\n<!-- \/ Yoast SEO plugin. -->","yoast_head_json":{"title":"Presentazione \"La stanza di Adel\", al caff\u00e8 Letterario di Lamezia","description":"Il nuovo libro di Ruggero Pegna, continua a stupire e far\u00e0 tappa, domani, al Caff\u00e8 letterario di Lamezia Terme","robots":{"index":"index","follow":"follow","max-snippet":"max-snippet:-1","max-image-preview":"max-image-preview:large","max-video-preview":"max-video-preview:-1"},"canonical":"https:\/\/progettotouring.it\/radiotouring104\/2022\/10\/27\/la-stanza-di-adel-domani-al-caffe-letterario-di-lamezia-terme\/","og_locale":"it_IT","og_type":"article","og_title":"Presentazione \"La stanza di Adel\", al caff\u00e8 Letterario di Lamezia","og_description":"Il nuovo libro di Ruggero Pegna, continua a stupire e far\u00e0 tappa, domani, al Caff\u00e8 letterario di Lamezia Terme","og_url":"https:\/\/progettotouring.it\/radiotouring104\/2022\/10\/27\/la-stanza-di-adel-domani-al-caffe-letterario-di-lamezia-terme\/","og_site_name":"Radio Touring 104","article_published_time":"2022-10-27T09:13:41+00:00","og_image":[{"width":682,"height":1024,"url":"https:\/\/progettotouring.it\/radiotouring104\/wp-content\/uploads\/sites\/6\/2022\/10\/La-stanza-di-Adel-copertina.jpg","type":"image\/jpeg"}],"author":"Sebastiano Plutino","twitter_card":"summary_large_image","twitter_misc":{"Scritto da":"Sebastiano Plutino","Tempo di lettura stimato":"4 minuti"},"schema":{"@context":"https:\/\/schema.org","@graph":[{"@type":"Article","@id":"https:\/\/progettotouring.it\/radiotouring104\/2022\/10\/27\/la-stanza-di-adel-domani-al-caffe-letterario-di-lamezia-terme\/#article","isPartOf":{"@id":"https:\/\/progettotouring.it\/radiotouring104\/2022\/10\/27\/la-stanza-di-adel-domani-al-caffe-letterario-di-lamezia-terme\/"},"author":{"name":"Sebastiano Plutino","@id":"https:\/\/progettotouring.it\/radiotouring104\/#\/schema\/person\/78613917f1851f041f7483f5af1d422e"},"headline":"&#8220;La stanza di Adel&#8221;, domani al Caff\u00e8 Letterario di Lamezia Terme","datePublished":"2022-10-27T09:13:41+00:00","mainEntityOfPage":{"@id":"https:\/\/progettotouring.it\/radiotouring104\/2022\/10\/27\/la-stanza-di-adel-domani-al-caffe-letterario-di-lamezia-terme\/"},"wordCount":720,"commentCount":0,"publisher":{"@id":"https:\/\/progettotouring.it\/radiotouring104\/#organization"},"image":{"@id":"https:\/\/progettotouring.it\/radiotouring104\/2022\/10\/27\/la-stanza-di-adel-domani-al-caffe-letterario-di-lamezia-terme\/#primaryimage"},"thumbnailUrl":"https:\/\/progettotouring.it\/radiotouring104\/wp-content\/uploads\/sites\/6\/2022\/10\/La-stanza-di-Adel-copertina.jpg","keywords":["Caff\u00e8 Letterario di Lamezia Terme","la stanza di Adel","Ruggero Pegna"],"articleSection":["Calabria","Cultura","Home","News","Reggio Calabria"],"inLanguage":"it-IT","potentialAction":[{"@type":"CommentAction","name":"Comment","target":["https:\/\/progettotouring.it\/radiotouring104\/2022\/10\/27\/la-stanza-di-adel-domani-al-caffe-letterario-di-lamezia-terme\/#respond"]}]},{"@type":"WebPage","@id":"https:\/\/progettotouring.it\/radiotouring104\/2022\/10\/27\/la-stanza-di-adel-domani-al-caffe-letterario-di-lamezia-terme\/","url":"https:\/\/progettotouring.it\/radiotouring104\/2022\/10\/27\/la-stanza-di-adel-domani-al-caffe-letterario-di-lamezia-terme\/","name":"Presentazione \"La stanza di Adel\", al caff\u00e8 Letterario di Lamezia","isPartOf":{"@id":"https:\/\/progettotouring.it\/radiotouring104\/#website"},"primaryImageOfPage":{"@id":"https:\/\/progettotouring.it\/radiotouring104\/2022\/10\/27\/la-stanza-di-adel-domani-al-caffe-letterario-di-lamezia-terme\/#primaryimage"},"image":{"@id":"https:\/\/progettotouring.it\/radiotouring104\/2022\/10\/27\/la-stanza-di-adel-domani-al-caffe-letterario-di-lamezia-terme\/#primaryimage"},"thumbnailUrl":"https:\/\/progettotouring.it\/radiotouring104\/wp-content\/uploads\/sites\/6\/2022\/10\/La-stanza-di-Adel-copertina.jpg","datePublished":"2022-10-27T09:13:41+00:00","description":"Il nuovo libro di Ruggero Pegna, continua a stupire e far\u00e0 tappa, domani, al Caff\u00e8 letterario di Lamezia Terme","breadcrumb":{"@id":"https:\/\/progettotouring.it\/radiotouring104\/2022\/10\/27\/la-stanza-di-adel-domani-al-caffe-letterario-di-lamezia-terme\/#breadcrumb"},"inLanguage":"it-IT","potentialAction":[{"@type":"ReadAction","target":["https:\/\/progettotouring.it\/radiotouring104\/2022\/10\/27\/la-stanza-di-adel-domani-al-caffe-letterario-di-lamezia-terme\/"]}]},{"@type":"ImageObject","inLanguage":"it-IT","@id":"https:\/\/progettotouring.it\/radiotouring104\/2022\/10\/27\/la-stanza-di-adel-domani-al-caffe-letterario-di-lamezia-terme\/#primaryimage","url":"https:\/\/progettotouring.it\/radiotouring104\/wp-content\/uploads\/sites\/6\/2022\/10\/La-stanza-di-Adel-copertina.jpg","contentUrl":"https:\/\/progettotouring.it\/radiotouring104\/wp-content\/uploads\/sites\/6\/2022\/10\/La-stanza-di-Adel-copertina.jpg","width":682,"height":1024},{"@type":"BreadcrumbList","@id":"https:\/\/progettotouring.it\/radiotouring104\/2022\/10\/27\/la-stanza-di-adel-domani-al-caffe-letterario-di-lamezia-terme\/#breadcrumb","itemListElement":[{"@type":"ListItem","position":1,"name":"Home","item":"https:\/\/progettotouring.it\/radiotouring104\/"},{"@type":"ListItem","position":2,"name":"&#8220;La stanza di Adel&#8221;, domani al Caff\u00e8 Letterario di Lamezia Terme"}]},{"@type":"WebSite","@id":"https:\/\/progettotouring.it\/radiotouring104\/#website","url":"https:\/\/progettotouring.it\/radiotouring104\/","name":"Radio Touring 104","description":"La prima radio Reggina","publisher":{"@id":"https:\/\/progettotouring.it\/radiotouring104\/#organization"},"potentialAction":[{"@type":"SearchAction","target":{"@type":"EntryPoint","urlTemplate":"https:\/\/progettotouring.it\/radiotouring104\/?s={search_term_string}"},"query-input":{"@type":"PropertyValueSpecification","valueRequired":true,"valueName":"search_term_string"}}],"inLanguage":"it-IT"},{"@type":"Organization","@id":"https:\/\/progettotouring.it\/radiotouring104\/#organization","name":"Radio Touring 104","url":"https:\/\/progettotouring.it\/radiotouring104\/","logo":{"@type":"ImageObject","inLanguage":"it-IT","@id":"https:\/\/progettotouring.it\/radiotouring104\/#\/schema\/logo\/image\/","url":"https:\/\/progettotouring.it\/radiotouring104\/wp-content\/uploads\/sites\/6\/2022\/02\/cropped-logo-radio-touring-104.png","contentUrl":"https:\/\/progettotouring.it\/radiotouring104\/wp-content\/uploads\/sites\/6\/2022\/02\/cropped-logo-radio-touring-104.png","width":377,"height":182,"caption":"Radio Touring 104"},"image":{"@id":"https:\/\/progettotouring.it\/radiotouring104\/#\/schema\/logo\/image\/"}},{"@type":"Person","@id":"https:\/\/progettotouring.it\/radiotouring104\/#\/schema\/person\/78613917f1851f041f7483f5af1d422e","name":"Sebastiano Plutino","image":{"@type":"ImageObject","inLanguage":"it-IT","@id":"https:\/\/secure.gravatar.com\/avatar\/0546ffaa9b79224faf9f2a156b67a529ae861d3287c66c1d8ccfdf909bcba78d?s=96&d=mm&r=g","url":"https:\/\/secure.gravatar.com\/avatar\/0546ffaa9b79224faf9f2a156b67a529ae861d3287c66c1d8ccfdf909bcba78d?s=96&d=mm&r=g","contentUrl":"https:\/\/secure.gravatar.com\/avatar\/0546ffaa9b79224faf9f2a156b67a529ae861d3287c66c1d8ccfdf909bcba78d?s=96&d=mm&r=g","caption":"Sebastiano Plutino"},"url":"https:\/\/progettotouring.it\/radiotouring104\/author\/sebastiano\/"}]}},"jetpack_publicize_connections":[],"jetpack_featured_media_url":"https:\/\/progettotouring.it\/radiotouring104\/wp-content\/uploads\/sites\/6\/2022\/10\/La-stanza-di-Adel-copertina.jpg","jetpack_sharing_enabled":true,"_links":{"self":[{"href":"https:\/\/progettotouring.it\/radiotouring104\/wp-json\/wp\/v2\/posts\/11061","targetHints":{"allow":["GET"]}}],"collection":[{"href":"https:\/\/progettotouring.it\/radiotouring104\/wp-json\/wp\/v2\/posts"}],"about":[{"href":"https:\/\/progettotouring.it\/radiotouring104\/wp-json\/wp\/v2\/types\/post"}],"author":[{"embeddable":true,"href":"https:\/\/progettotouring.it\/radiotouring104\/wp-json\/wp\/v2\/users\/12"}],"replies":[{"embeddable":true,"href":"https:\/\/progettotouring.it\/radiotouring104\/wp-json\/wp\/v2\/comments?post=11061"}],"version-history":[{"count":1,"href":"https:\/\/progettotouring.it\/radiotouring104\/wp-json\/wp\/v2\/posts\/11061\/revisions"}],"predecessor-version":[{"id":11069,"href":"https:\/\/progettotouring.it\/radiotouring104\/wp-json\/wp\/v2\/posts\/11061\/revisions\/11069"}],"wp:featuredmedia":[{"embeddable":true,"href":"https:\/\/progettotouring.it\/radiotouring104\/wp-json\/wp\/v2\/media\/11066"}],"wp:attachment":[{"href":"https:\/\/progettotouring.it\/radiotouring104\/wp-json\/wp\/v2\/media?parent=11061"}],"wp:term":[{"taxonomy":"category","embeddable":true,"href":"https:\/\/progettotouring.it\/radiotouring104\/wp-json\/wp\/v2\/categories?post=11061"},{"taxonomy":"post_tag","embeddable":true,"href":"https:\/\/progettotouring.it\/radiotouring104\/wp-json\/wp\/v2\/tags?post=11061"}],"curies":[{"name":"wp","href":"https:\/\/api.w.org\/{rel}","templated":true}]}}