{"id":11071,"date":"2022-10-27T11:34:10","date_gmt":"2022-10-27T09:34:10","guid":{"rendered":"https:\/\/progettotouring.it\/radiotouring104\/?p=11071"},"modified":"2022-10-27T11:34:10","modified_gmt":"2022-10-27T09:34:10","slug":"fondazione-girolamo-tripodi-consegnato-il-premio-alla-radice-alighieri","status":"publish","type":"post","link":"https:\/\/progettotouring.it\/radiotouring104\/2022\/10\/27\/fondazione-girolamo-tripodi-consegnato-il-premio-alla-radice-alighieri\/","title":{"rendered":"Fondazione &#8220;Girolamo Tripodi&#8221;: consegnato il Premio alla &#8220;Radice Alighieri&#8221;"},"content":{"rendered":"<p class=\"xmprfx_MsoNormal\">Il Premio di Studio &#8220;Girolamo Tripodi&#8221;, giunto quest&#8217;anno alla sua III edizione, ha fatto tappa all&#8217;Istituto Comprensivo &#8220;Radice Alighieri&#8221; di Catona.<\/p>\n<p class=\"xmprfx_MsoNormal\">Il premio \u00e8 stato consegnato allo studente Siclari Domenico Antonio della classe 3^ E, che lo\u00a0 scorso anno scolastico \u00e8 risultato il pi\u00f9 meritevole e bisognoso diplomato dell&#8217;Istituto Comprensivo di Catona.<\/p>\n<p class=\"xmprfx_MsoNormal\">Erano presenti alla cerimonia i rappresentanti di tutte le classi terze della Scuola Secondaria di I\u00b0 Grado dell&#8217;Istituto Comprensivo.<\/p>\n<p class=\"xmprfx_MsoNormal\">La cerimonia \u00e8 stata aperta dalla Dirigente Scolastica avv. Simona Sapone che ha presentato il premio istituito dalla Fondazione Girolamo Tripodi, che ormai rappresenta un punto fermo per la scuola di Catona. La Dirigente ha pronunciato parole di apprezzamento per il lavoro portato avanti dalla Fondazione a favore degli studenti reggini ed ha espresso l&#8217;augurio che anche in futuro possa proseguire la proficua e feconda collaborazione che \u00e8 stata instaurata e che \u00e8 ormai giunta al terzo anno di iniziative ed attivit\u00e0 comuni che vedono protagonista l&#8217;Istituto Comprensivo di Catona e la Fondazione Girolamo Tripodi.<\/p>\n<p class=\"xmprfx_MsoNormal\">Prima della consegna del premio \u00e8 intervenuto Michelangelo Tripodi, Presidente della Fondazione, che era presente insieme alla sorella Maria Concetta, al fratello Ivan e all&#8217;avv. Lorenzo Fasc\u00ec, del Consiglio di Amministrazione.<\/p>\n<p class=\"xmprfx_MsoNormal\">Michelangelo Tripodi, gi\u00e0 DSGA dell&#8217;Istituto, ha rivolto un sentito ringraziamento alla Dirigente Scolastica avv. Simona Sapone, sempre disponibile ad accogliere e a sostenere le iniziative portate avanti dalla Fondazione. Inoltre, il ringraziamento \u00e8 stato esteso ai docenti, al personale ATA, agli studenti e ai genitori della comunit\u00e0 scolastica catonese. Michelangelo Tripodi ha voluto sottolineare che la scelta di premiare gli studenti meritevoli delle scuole reggine rappresenta un indirizzo strategico della Fondazione che sta investendo molto sui giovani proprio perch\u00e8 essi costituiranno la classe dirigente del futuro e proprio, in quanto tali devono acquisire la piena consapevolezza di quello che c&#8217;\u00e8 stato alle loro spalle. In tal senso, attraverso la figura simbolica di Girolamo Tripodi, la Fondazione ritiene necessario promuovere e far conoscere questa storia collettiva della nostra comunit\u00e0 che ha fatto passi da gigante per riscattarsi dalla subalternit\u00e0, dall&#8217;oppressione e dallo sfruttamento. E&#8217; questa storia collettiva che \u00e8 alla base del progresso e della crescita sociale di un popolo che si \u00e8 emancipato e liberato da condizioni di arretratezza semifeudale.<\/p>\n<p class=\"xmprfx_MsoNormal\">Subito dopo si \u00e8 passati alla premiazione dello studente Siclari Domenico Antonio, della classe 3^ E dell&#8217;anno scolastico 2021\/2022,<\/p>\n<p class=\"xmprfx_MsoNormal\">risultato vincitore del Premio di studio &#8220;Girolamo Tripodi&#8221; quale pi\u00f9 meritevole e bisognoso diplomato dell&#8217;Istituto Comprensivo.<\/p>\n<p class=\"xmprfx_MsoNormal\">La Fondazione e la Scuola hanno espresso un encomio al ragazzo e ai genitori che erano presenti unitamente all&#8217;augurio di grandi successi nel successivo traguardo scolastico che il giovane Domenico dovr\u00e0 affrontare.<\/p>\n<p class=\"xmprfx_MsoNormal\">\n","protected":false},"excerpt":{"rendered":"<p>Il Premio di Studio &#8220;Girolamo Tripodi&#8221;, giunto quest&#8217;anno alla sua III edizione, ha fatto tappa all&#8217;Istituto Comprensivo &#8220;Radice Alighieri&#8221; di Catona. Il premio \u00e8 stato consegnato allo studente Siclari Domenico&hellip;<\/p>\n","protected":false},"author":12,"featured_media":11076,"comment_status":"open","ping_status":"open","sticky":false,"template":"","format":"standard","meta":{"_jetpack_memberships_contains_paid_content":false,"footnotes":"","jetpack_publicize_message":"","jetpack_publicize_feature_enabled":true,"jetpack_social_post_already_shared":false,"jetpack_social_options":{"image_generator_settings":{"template":"highway","default_image_id":0,"font":"","enabled":false},"version":2}},"categories":[145,921,4303,196,140],"tags":[5103,752,2629,5104],"class_list":["post-11071","post","type-post","status-publish","format-standard","has-post-thumbnail","hentry","category-cultura","category-home","category-istruzione","category-news","category-reggio-calabria","tag-avv-simona-sapone","tag-fondazione-girolamo-tripodi","tag-istituto-radice-alighieri-catona","tag-michelangelo-tripodi"],"yoast_head":"<!-- This site is optimized with the Yoast SEO plugin v27.2 - https:\/\/yoast.com\/product\/yoast-seo-wordpress\/ -->\n<title>Fondazione Tripodi, consegnato Premio alla Radice Alighieri<\/title>\n<meta name=\"description\" content=\"Il Premio di studio, giunto alla sua Terza Edizione, ha fatto tappa all&#039;Istituto Comprensivo &quot;Radice Alighieri&quot; di Catona.\" \/>\n<meta name=\"robots\" content=\"index, follow, max-snippet:-1, max-image-preview:large, max-video-preview:-1\" \/>\n<link rel=\"canonical\" href=\"https:\/\/progettotouring.it\/radiotouring104\/2022\/10\/27\/fondazione-girolamo-tripodi-consegnato-il-premio-alla-radice-alighieri\/\" \/>\n<meta property=\"og:locale\" content=\"it_IT\" \/>\n<meta property=\"og:type\" content=\"article\" \/>\n<meta property=\"og:title\" content=\"Fondazione Tripodi, consegnato Premio alla Radice Alighieri\" \/>\n<meta property=\"og:description\" content=\"Il Premio di studio, giunto alla sua Terza Edizione, ha fatto tappa all&#039;Istituto Comprensivo &quot;Radice Alighieri&quot; di Catona.\" \/>\n<meta property=\"og:url\" content=\"https:\/\/progettotouring.it\/radiotouring104\/2022\/10\/27\/fondazione-girolamo-tripodi-consegnato-il-premio-alla-radice-alighieri\/\" \/>\n<meta property=\"og:site_name\" content=\"Radio Touring 104\" \/>\n<meta property=\"article:published_time\" content=\"2022-10-27T09:34:10+00:00\" \/>\n<meta property=\"og:image\" content=\"https:\/\/progettotouring.it\/radiotouring104\/wp-content\/uploads\/sites\/6\/2022\/10\/premio-fondazione-tripodi.jpg\" \/>\n\t<meta property=\"og:image:width\" content=\"1600\" \/>\n\t<meta property=\"og:image:height\" content=\"1330\" \/>\n\t<meta property=\"og:image:type\" content=\"image\/jpeg\" \/>\n<meta name=\"author\" content=\"Sebastiano Plutino\" \/>\n<meta name=\"twitter:card\" content=\"summary_large_image\" \/>\n<meta name=\"twitter:label1\" content=\"Scritto da\" \/>\n\t<meta name=\"twitter:data1\" content=\"Sebastiano Plutino\" \/>\n\t<meta name=\"twitter:label2\" content=\"Tempo di lettura stimato\" \/>\n\t<meta name=\"twitter:data2\" content=\"2 minuti\" \/>\n<script type=\"application\/ld+json\" class=\"yoast-schema-graph\">{\"@context\":\"https:\/\/schema.org\",\"@graph\":[{\"@type\":\"Article\",\"@id\":\"https:\/\/progettotouring.it\/radiotouring104\/2022\/10\/27\/fondazione-girolamo-tripodi-consegnato-il-premio-alla-radice-alighieri\/#article\",\"isPartOf\":{\"@id\":\"https:\/\/progettotouring.it\/radiotouring104\/2022\/10\/27\/fondazione-girolamo-tripodi-consegnato-il-premio-alla-radice-alighieri\/\"},\"author\":{\"name\":\"Sebastiano Plutino\",\"@id\":\"https:\/\/progettotouring.it\/radiotouring104\/#\/schema\/person\/78613917f1851f041f7483f5af1d422e\"},\"headline\":\"Fondazione &#8220;Girolamo Tripodi&#8221;: consegnato il Premio alla &#8220;Radice Alighieri&#8221;\",\"datePublished\":\"2022-10-27T09:34:10+00:00\",\"mainEntityOfPage\":{\"@id\":\"https:\/\/progettotouring.it\/radiotouring104\/2022\/10\/27\/fondazione-girolamo-tripodi-consegnato-il-premio-alla-radice-alighieri\/\"},\"wordCount\":430,\"commentCount\":0,\"publisher\":{\"@id\":\"https:\/\/progettotouring.it\/radiotouring104\/#organization\"},\"image\":{\"@id\":\"https:\/\/progettotouring.it\/radiotouring104\/2022\/10\/27\/fondazione-girolamo-tripodi-consegnato-il-premio-alla-radice-alighieri\/#primaryimage\"},\"thumbnailUrl\":\"https:\/\/progettotouring.it\/radiotouring104\/wp-content\/uploads\/sites\/6\/2022\/10\/premio-fondazione-tripodi.jpg\",\"keywords\":[\"avv. Simona Sapone\",\"fondazione girolamo tripodi\",\"istituto radice alighieri catona\",\"Michelangelo Tripodi\"],\"articleSection\":[\"Cultura\",\"Home\",\"Istruzione\",\"News\",\"Reggio Calabria\"],\"inLanguage\":\"it-IT\",\"potentialAction\":[{\"@type\":\"CommentAction\",\"name\":\"Comment\",\"target\":[\"https:\/\/progettotouring.it\/radiotouring104\/2022\/10\/27\/fondazione-girolamo-tripodi-consegnato-il-premio-alla-radice-alighieri\/#respond\"]}]},{\"@type\":\"WebPage\",\"@id\":\"https:\/\/progettotouring.it\/radiotouring104\/2022\/10\/27\/fondazione-girolamo-tripodi-consegnato-il-premio-alla-radice-alighieri\/\",\"url\":\"https:\/\/progettotouring.it\/radiotouring104\/2022\/10\/27\/fondazione-girolamo-tripodi-consegnato-il-premio-alla-radice-alighieri\/\",\"name\":\"Fondazione Tripodi, consegnato Premio alla Radice Alighieri\",\"isPartOf\":{\"@id\":\"https:\/\/progettotouring.it\/radiotouring104\/#website\"},\"primaryImageOfPage\":{\"@id\":\"https:\/\/progettotouring.it\/radiotouring104\/2022\/10\/27\/fondazione-girolamo-tripodi-consegnato-il-premio-alla-radice-alighieri\/#primaryimage\"},\"image\":{\"@id\":\"https:\/\/progettotouring.it\/radiotouring104\/2022\/10\/27\/fondazione-girolamo-tripodi-consegnato-il-premio-alla-radice-alighieri\/#primaryimage\"},\"thumbnailUrl\":\"https:\/\/progettotouring.it\/radiotouring104\/wp-content\/uploads\/sites\/6\/2022\/10\/premio-fondazione-tripodi.jpg\",\"datePublished\":\"2022-10-27T09:34:10+00:00\",\"description\":\"Il Premio di studio, giunto alla sua Terza Edizione, ha fatto tappa all'Istituto Comprensivo \\\"Radice Alighieri\\\" di Catona.\",\"breadcrumb\":{\"@id\":\"https:\/\/progettotouring.it\/radiotouring104\/2022\/10\/27\/fondazione-girolamo-tripodi-consegnato-il-premio-alla-radice-alighieri\/#breadcrumb\"},\"inLanguage\":\"it-IT\",\"potentialAction\":[{\"@type\":\"ReadAction\",\"target\":[\"https:\/\/progettotouring.it\/radiotouring104\/2022\/10\/27\/fondazione-girolamo-tripodi-consegnato-il-premio-alla-radice-alighieri\/\"]}]},{\"@type\":\"ImageObject\",\"inLanguage\":\"it-IT\",\"@id\":\"https:\/\/progettotouring.it\/radiotouring104\/2022\/10\/27\/fondazione-girolamo-tripodi-consegnato-il-premio-alla-radice-alighieri\/#primaryimage\",\"url\":\"https:\/\/progettotouring.it\/radiotouring104\/wp-content\/uploads\/sites\/6\/2022\/10\/premio-fondazione-tripodi.jpg\",\"contentUrl\":\"https:\/\/progettotouring.it\/radiotouring104\/wp-content\/uploads\/sites\/6\/2022\/10\/premio-fondazione-tripodi.jpg\",\"width\":1600,\"height\":1330},{\"@type\":\"BreadcrumbList\",\"@id\":\"https:\/\/progettotouring.it\/radiotouring104\/2022\/10\/27\/fondazione-girolamo-tripodi-consegnato-il-premio-alla-radice-alighieri\/#breadcrumb\",\"itemListElement\":[{\"@type\":\"ListItem\",\"position\":1,\"name\":\"Home\",\"item\":\"https:\/\/progettotouring.it\/radiotouring104\/\"},{\"@type\":\"ListItem\",\"position\":2,\"name\":\"Fondazione &#8220;Girolamo Tripodi&#8221;: consegnato il Premio alla &#8220;Radice Alighieri&#8221;\"}]},{\"@type\":\"WebSite\",\"@id\":\"https:\/\/progettotouring.it\/radiotouring104\/#website\",\"url\":\"https:\/\/progettotouring.it\/radiotouring104\/\",\"name\":\"Radio Touring 104\",\"description\":\"La prima radio Reggina\",\"publisher\":{\"@id\":\"https:\/\/progettotouring.it\/radiotouring104\/#organization\"},\"potentialAction\":[{\"@type\":\"SearchAction\",\"target\":{\"@type\":\"EntryPoint\",\"urlTemplate\":\"https:\/\/progettotouring.it\/radiotouring104\/?s={search_term_string}\"},\"query-input\":{\"@type\":\"PropertyValueSpecification\",\"valueRequired\":true,\"valueName\":\"search_term_string\"}}],\"inLanguage\":\"it-IT\"},{\"@type\":\"Organization\",\"@id\":\"https:\/\/progettotouring.it\/radiotouring104\/#organization\",\"name\":\"Radio Touring 104\",\"url\":\"https:\/\/progettotouring.it\/radiotouring104\/\",\"logo\":{\"@type\":\"ImageObject\",\"inLanguage\":\"it-IT\",\"@id\":\"https:\/\/progettotouring.it\/radiotouring104\/#\/schema\/logo\/image\/\",\"url\":\"https:\/\/progettotouring.it\/radiotouring104\/wp-content\/uploads\/sites\/6\/2022\/02\/cropped-logo-radio-touring-104.png\",\"contentUrl\":\"https:\/\/progettotouring.it\/radiotouring104\/wp-content\/uploads\/sites\/6\/2022\/02\/cropped-logo-radio-touring-104.png\",\"width\":377,\"height\":182,\"caption\":\"Radio Touring 104\"},\"image\":{\"@id\":\"https:\/\/progettotouring.it\/radiotouring104\/#\/schema\/logo\/image\/\"}},{\"@type\":\"Person\",\"@id\":\"https:\/\/progettotouring.it\/radiotouring104\/#\/schema\/person\/78613917f1851f041f7483f5af1d422e\",\"name\":\"Sebastiano Plutino\",\"image\":{\"@type\":\"ImageObject\",\"inLanguage\":\"it-IT\",\"@id\":\"https:\/\/secure.gravatar.com\/avatar\/0546ffaa9b79224faf9f2a156b67a529ae861d3287c66c1d8ccfdf909bcba78d?s=96&d=mm&r=g\",\"url\":\"https:\/\/secure.gravatar.com\/avatar\/0546ffaa9b79224faf9f2a156b67a529ae861d3287c66c1d8ccfdf909bcba78d?s=96&d=mm&r=g\",\"contentUrl\":\"https:\/\/secure.gravatar.com\/avatar\/0546ffaa9b79224faf9f2a156b67a529ae861d3287c66c1d8ccfdf909bcba78d?s=96&d=mm&r=g\",\"caption\":\"Sebastiano Plutino\"},\"url\":\"https:\/\/progettotouring.it\/radiotouring104\/author\/sebastiano\/\"}]}<\/script>\n<!-- \/ Yoast SEO plugin. -->","yoast_head_json":{"title":"Fondazione Tripodi, consegnato Premio alla Radice Alighieri","description":"Il Premio di studio, giunto alla sua Terza Edizione, ha fatto tappa all'Istituto Comprensivo \"Radice Alighieri\" di Catona.","robots":{"index":"index","follow":"follow","max-snippet":"max-snippet:-1","max-image-preview":"max-image-preview:large","max-video-preview":"max-video-preview:-1"},"canonical":"https:\/\/progettotouring.it\/radiotouring104\/2022\/10\/27\/fondazione-girolamo-tripodi-consegnato-il-premio-alla-radice-alighieri\/","og_locale":"it_IT","og_type":"article","og_title":"Fondazione Tripodi, consegnato Premio alla Radice Alighieri","og_description":"Il Premio di studio, giunto alla sua Terza Edizione, ha fatto tappa all'Istituto Comprensivo \"Radice Alighieri\" di Catona.","og_url":"https:\/\/progettotouring.it\/radiotouring104\/2022\/10\/27\/fondazione-girolamo-tripodi-consegnato-il-premio-alla-radice-alighieri\/","og_site_name":"Radio Touring 104","article_published_time":"2022-10-27T09:34:10+00:00","og_image":[{"width":1600,"height":1330,"url":"https:\/\/progettotouring.it\/radiotouring104\/wp-content\/uploads\/sites\/6\/2022\/10\/premio-fondazione-tripodi.jpg","type":"image\/jpeg"}],"author":"Sebastiano Plutino","twitter_card":"summary_large_image","twitter_misc":{"Scritto da":"Sebastiano Plutino","Tempo di lettura stimato":"2 minuti"},"schema":{"@context":"https:\/\/schema.org","@graph":[{"@type":"Article","@id":"https:\/\/progettotouring.it\/radiotouring104\/2022\/10\/27\/fondazione-girolamo-tripodi-consegnato-il-premio-alla-radice-alighieri\/#article","isPartOf":{"@id":"https:\/\/progettotouring.it\/radiotouring104\/2022\/10\/27\/fondazione-girolamo-tripodi-consegnato-il-premio-alla-radice-alighieri\/"},"author":{"name":"Sebastiano Plutino","@id":"https:\/\/progettotouring.it\/radiotouring104\/#\/schema\/person\/78613917f1851f041f7483f5af1d422e"},"headline":"Fondazione &#8220;Girolamo Tripodi&#8221;: consegnato il Premio alla &#8220;Radice Alighieri&#8221;","datePublished":"2022-10-27T09:34:10+00:00","mainEntityOfPage":{"@id":"https:\/\/progettotouring.it\/radiotouring104\/2022\/10\/27\/fondazione-girolamo-tripodi-consegnato-il-premio-alla-radice-alighieri\/"},"wordCount":430,"commentCount":0,"publisher":{"@id":"https:\/\/progettotouring.it\/radiotouring104\/#organization"},"image":{"@id":"https:\/\/progettotouring.it\/radiotouring104\/2022\/10\/27\/fondazione-girolamo-tripodi-consegnato-il-premio-alla-radice-alighieri\/#primaryimage"},"thumbnailUrl":"https:\/\/progettotouring.it\/radiotouring104\/wp-content\/uploads\/sites\/6\/2022\/10\/premio-fondazione-tripodi.jpg","keywords":["avv. Simona Sapone","fondazione girolamo tripodi","istituto radice alighieri catona","Michelangelo Tripodi"],"articleSection":["Cultura","Home","Istruzione","News","Reggio Calabria"],"inLanguage":"it-IT","potentialAction":[{"@type":"CommentAction","name":"Comment","target":["https:\/\/progettotouring.it\/radiotouring104\/2022\/10\/27\/fondazione-girolamo-tripodi-consegnato-il-premio-alla-radice-alighieri\/#respond"]}]},{"@type":"WebPage","@id":"https:\/\/progettotouring.it\/radiotouring104\/2022\/10\/27\/fondazione-girolamo-tripodi-consegnato-il-premio-alla-radice-alighieri\/","url":"https:\/\/progettotouring.it\/radiotouring104\/2022\/10\/27\/fondazione-girolamo-tripodi-consegnato-il-premio-alla-radice-alighieri\/","name":"Fondazione Tripodi, consegnato Premio alla Radice Alighieri","isPartOf":{"@id":"https:\/\/progettotouring.it\/radiotouring104\/#website"},"primaryImageOfPage":{"@id":"https:\/\/progettotouring.it\/radiotouring104\/2022\/10\/27\/fondazione-girolamo-tripodi-consegnato-il-premio-alla-radice-alighieri\/#primaryimage"},"image":{"@id":"https:\/\/progettotouring.it\/radiotouring104\/2022\/10\/27\/fondazione-girolamo-tripodi-consegnato-il-premio-alla-radice-alighieri\/#primaryimage"},"thumbnailUrl":"https:\/\/progettotouring.it\/radiotouring104\/wp-content\/uploads\/sites\/6\/2022\/10\/premio-fondazione-tripodi.jpg","datePublished":"2022-10-27T09:34:10+00:00","description":"Il Premio di studio, giunto alla sua Terza Edizione, ha fatto tappa all'Istituto Comprensivo \"Radice Alighieri\" di Catona.","breadcrumb":{"@id":"https:\/\/progettotouring.it\/radiotouring104\/2022\/10\/27\/fondazione-girolamo-tripodi-consegnato-il-premio-alla-radice-alighieri\/#breadcrumb"},"inLanguage":"it-IT","potentialAction":[{"@type":"ReadAction","target":["https:\/\/progettotouring.it\/radiotouring104\/2022\/10\/27\/fondazione-girolamo-tripodi-consegnato-il-premio-alla-radice-alighieri\/"]}]},{"@type":"ImageObject","inLanguage":"it-IT","@id":"https:\/\/progettotouring.it\/radiotouring104\/2022\/10\/27\/fondazione-girolamo-tripodi-consegnato-il-premio-alla-radice-alighieri\/#primaryimage","url":"https:\/\/progettotouring.it\/radiotouring104\/wp-content\/uploads\/sites\/6\/2022\/10\/premio-fondazione-tripodi.jpg","contentUrl":"https:\/\/progettotouring.it\/radiotouring104\/wp-content\/uploads\/sites\/6\/2022\/10\/premio-fondazione-tripodi.jpg","width":1600,"height":1330},{"@type":"BreadcrumbList","@id":"https:\/\/progettotouring.it\/radiotouring104\/2022\/10\/27\/fondazione-girolamo-tripodi-consegnato-il-premio-alla-radice-alighieri\/#breadcrumb","itemListElement":[{"@type":"ListItem","position":1,"name":"Home","item":"https:\/\/progettotouring.it\/radiotouring104\/"},{"@type":"ListItem","position":2,"name":"Fondazione &#8220;Girolamo Tripodi&#8221;: consegnato il Premio alla &#8220;Radice Alighieri&#8221;"}]},{"@type":"WebSite","@id":"https:\/\/progettotouring.it\/radiotouring104\/#website","url":"https:\/\/progettotouring.it\/radiotouring104\/","name":"Radio Touring 104","description":"La prima radio Reggina","publisher":{"@id":"https:\/\/progettotouring.it\/radiotouring104\/#organization"},"potentialAction":[{"@type":"SearchAction","target":{"@type":"EntryPoint","urlTemplate":"https:\/\/progettotouring.it\/radiotouring104\/?s={search_term_string}"},"query-input":{"@type":"PropertyValueSpecification","valueRequired":true,"valueName":"search_term_string"}}],"inLanguage":"it-IT"},{"@type":"Organization","@id":"https:\/\/progettotouring.it\/radiotouring104\/#organization","name":"Radio Touring 104","url":"https:\/\/progettotouring.it\/radiotouring104\/","logo":{"@type":"ImageObject","inLanguage":"it-IT","@id":"https:\/\/progettotouring.it\/radiotouring104\/#\/schema\/logo\/image\/","url":"https:\/\/progettotouring.it\/radiotouring104\/wp-content\/uploads\/sites\/6\/2022\/02\/cropped-logo-radio-touring-104.png","contentUrl":"https:\/\/progettotouring.it\/radiotouring104\/wp-content\/uploads\/sites\/6\/2022\/02\/cropped-logo-radio-touring-104.png","width":377,"height":182,"caption":"Radio Touring 104"},"image":{"@id":"https:\/\/progettotouring.it\/radiotouring104\/#\/schema\/logo\/image\/"}},{"@type":"Person","@id":"https:\/\/progettotouring.it\/radiotouring104\/#\/schema\/person\/78613917f1851f041f7483f5af1d422e","name":"Sebastiano Plutino","image":{"@type":"ImageObject","inLanguage":"it-IT","@id":"https:\/\/secure.gravatar.com\/avatar\/0546ffaa9b79224faf9f2a156b67a529ae861d3287c66c1d8ccfdf909bcba78d?s=96&d=mm&r=g","url":"https:\/\/secure.gravatar.com\/avatar\/0546ffaa9b79224faf9f2a156b67a529ae861d3287c66c1d8ccfdf909bcba78d?s=96&d=mm&r=g","contentUrl":"https:\/\/secure.gravatar.com\/avatar\/0546ffaa9b79224faf9f2a156b67a529ae861d3287c66c1d8ccfdf909bcba78d?s=96&d=mm&r=g","caption":"Sebastiano Plutino"},"url":"https:\/\/progettotouring.it\/radiotouring104\/author\/sebastiano\/"}]}},"jetpack_publicize_connections":[],"jetpack_featured_media_url":"https:\/\/progettotouring.it\/radiotouring104\/wp-content\/uploads\/sites\/6\/2022\/10\/premio-fondazione-tripodi.jpg","jetpack_sharing_enabled":true,"_links":{"self":[{"href":"https:\/\/progettotouring.it\/radiotouring104\/wp-json\/wp\/v2\/posts\/11071","targetHints":{"allow":["GET"]}}],"collection":[{"href":"https:\/\/progettotouring.it\/radiotouring104\/wp-json\/wp\/v2\/posts"}],"about":[{"href":"https:\/\/progettotouring.it\/radiotouring104\/wp-json\/wp\/v2\/types\/post"}],"author":[{"embeddable":true,"href":"https:\/\/progettotouring.it\/radiotouring104\/wp-json\/wp\/v2\/users\/12"}],"replies":[{"embeddable":true,"href":"https:\/\/progettotouring.it\/radiotouring104\/wp-json\/wp\/v2\/comments?post=11071"}],"version-history":[{"count":1,"href":"https:\/\/progettotouring.it\/radiotouring104\/wp-json\/wp\/v2\/posts\/11071\/revisions"}],"predecessor-version":[{"id":11078,"href":"https:\/\/progettotouring.it\/radiotouring104\/wp-json\/wp\/v2\/posts\/11071\/revisions\/11078"}],"wp:featuredmedia":[{"embeddable":true,"href":"https:\/\/progettotouring.it\/radiotouring104\/wp-json\/wp\/v2\/media\/11076"}],"wp:attachment":[{"href":"https:\/\/progettotouring.it\/radiotouring104\/wp-json\/wp\/v2\/media?parent=11071"}],"wp:term":[{"taxonomy":"category","embeddable":true,"href":"https:\/\/progettotouring.it\/radiotouring104\/wp-json\/wp\/v2\/categories?post=11071"},{"taxonomy":"post_tag","embeddable":true,"href":"https:\/\/progettotouring.it\/radiotouring104\/wp-json\/wp\/v2\/tags?post=11071"}],"curies":[{"name":"wp","href":"https:\/\/api.w.org\/{rel}","templated":true}]}}