{"id":11079,"date":"2022-10-27T11:49:18","date_gmt":"2022-10-27T09:49:18","guid":{"rendered":"https:\/\/progettotouring.it\/radiotouring104\/?p=11079"},"modified":"2022-10-27T11:49:18","modified_gmt":"2022-10-27T09:49:18","slug":"minibasket-anna-fotia-nuova-responsabile-provinciale-reggio-calabria","status":"publish","type":"post","link":"https:\/\/progettotouring.it\/radiotouring104\/2022\/10\/27\/minibasket-anna-fotia-nuova-responsabile-provinciale-reggio-calabria\/","title":{"rendered":"Minibasket: Anna Fotia, nuova Responsabile provinciale Reggio Calabria"},"content":{"rendered":"<div><\/div>\n<div id=\"signature\">\n<div>Reggio Calabria risponde presente grazie all\u2019incarico per l\u2019Istruttrice Anna Fotia.<\/div>\n<div>Per tanti anni in campo da giocatrice, da altrettanti, mamma al cento per cento cestistica, allenatrice ed istruttrice, oggi, chiamata ad un impegno importante ed intrigante iniziata gi\u00e0 dalla riuscitissima giornata di domenica scorsa al PalaCalafiore, l\u2019OpenDay del Minibasket, kermesse alla quale hanno partecipato con profitto Cono Bovalino,Jumping,Kleos,Lumaka,Bagnara,Jolly,Aleandre,Taurianova,Gio Gio Palmi,Nuovo Basket Soccorso.<\/div>\n<div>\u201cLa giornata domenicale dell\u2019Openday Minibasket \u00e8 andata benissimo &#8211; ha commentato Anna Fotia.<\/div>\n<div>Vedere i bambini scendere in campo, finalmente uniti sotto il segno della palla a spicchi ci regala speranza e sorrisi.<\/div>\n<div>Una bella emozione vederli giocare: quello che faccio lo faccio con sentimento e sono entusiasta del nuovo incarico.<\/div>\n<div>Ringrazio tutti i Centri Minibasket che hanno aderito alla giornata del PalaCalafiore:uno scenario significativo e non casuale che palesa la voglia di rimetterci in moto.<\/div>\n<div>Tutti noi abbiamo bisogno di giornate come questa.<\/div>\n<div>E\u2019 un inizio, importante senza dubbio, ma non ci fermiamo, serve continuit\u00e0 e ripartire dai pi\u00f9 piccoli, cercando di sviluppare pi\u00f9 giornate dedicate al MInibasket reggino possibili.<\/div>\n<div>I nostri bimbi hanno bisogno di giocare, divertirsi, formarsi e, sinceramente, lo meritano &#8211; ha concluso l\u2019Istruttrice\u201d.<\/div>\n<\/div>\n","protected":false},"excerpt":{"rendered":"<p>Reggio Calabria risponde presente grazie all\u2019incarico per l\u2019Istruttrice Anna Fotia. Per tanti anni in campo da giocatrice, da altrettanti, mamma al cento per cento cestistica, allenatrice ed istruttrice, oggi, chiamata&hellip;<\/p>\n","protected":false},"author":12,"featured_media":11082,"comment_status":"open","ping_status":"open","sticky":false,"template":"","format":"standard","meta":{"_jetpack_memberships_contains_paid_content":false,"footnotes":"","jetpack_publicize_message":"","jetpack_publicize_feature_enabled":true,"jetpack_social_post_already_shared":false,"jetpack_social_options":{"image_generator_settings":{"template":"highway","default_image_id":0,"font":"","enabled":false},"version":2}},"categories":[921,196,140,144],"tags":[5108,2824,5109,5110],"class_list":["post-11079","post","type-post","status-publish","format-standard","has-post-thumbnail","hentry","category-home","category-news","category-reggio-calabria","category-sport","tag-anna-fotia","tag-fip-calabria","tag-minibasket","tag-responsabile-provinciale"],"yoast_head":"<!-- This site is optimized with the Yoast SEO plugin v27.2 - https:\/\/yoast.com\/product\/yoast-seo-wordpress\/ -->\n<title>Anna Fotia nuova Responsabile Provinciale Minibasket<\/title>\n<meta name=\"description\" content=\"Il Comitato Fip Calabria ha nell&#039;ex giocatrice la nuova Responsabile Provinciale del Minibasket\" \/>\n<meta name=\"robots\" content=\"index, follow, max-snippet:-1, max-image-preview:large, max-video-preview:-1\" \/>\n<link rel=\"canonical\" href=\"https:\/\/progettotouring.it\/radiotouring104\/2022\/10\/27\/minibasket-anna-fotia-nuova-responsabile-provinciale-reggio-calabria\/\" \/>\n<meta property=\"og:locale\" content=\"it_IT\" \/>\n<meta property=\"og:type\" content=\"article\" \/>\n<meta property=\"og:title\" content=\"Anna Fotia nuova Responsabile Provinciale Minibasket\" \/>\n<meta property=\"og:description\" content=\"Il Comitato Fip Calabria ha nell&#039;ex giocatrice la nuova Responsabile Provinciale del Minibasket\" \/>\n<meta property=\"og:url\" content=\"https:\/\/progettotouring.it\/radiotouring104\/2022\/10\/27\/minibasket-anna-fotia-nuova-responsabile-provinciale-reggio-calabria\/\" \/>\n<meta property=\"og:site_name\" content=\"Radio Touring 104\" \/>\n<meta property=\"article:published_time\" content=\"2022-10-27T09:49:18+00:00\" \/>\n<meta property=\"og:image\" content=\"https:\/\/progettotouring.it\/radiotouring104\/wp-content\/uploads\/sites\/6\/2022\/10\/anna-fotia-responsabile-provinciale-minibasket.png\" \/>\n\t<meta property=\"og:image:width\" content=\"791\" \/>\n\t<meta property=\"og:image:height\" content=\"445\" \/>\n\t<meta property=\"og:image:type\" content=\"image\/png\" \/>\n<meta name=\"author\" content=\"Sebastiano Plutino\" \/>\n<meta name=\"twitter:card\" content=\"summary_large_image\" \/>\n<meta name=\"twitter:label1\" content=\"Scritto da\" \/>\n\t<meta name=\"twitter:data1\" content=\"Sebastiano Plutino\" \/>\n\t<meta name=\"twitter:label2\" content=\"Tempo di lettura stimato\" \/>\n\t<meta name=\"twitter:data2\" content=\"1 minuto\" \/>\n<script type=\"application\/ld+json\" class=\"yoast-schema-graph\">{\"@context\":\"https:\/\/schema.org\",\"@graph\":[{\"@type\":\"Article\",\"@id\":\"https:\/\/progettotouring.it\/radiotouring104\/2022\/10\/27\/minibasket-anna-fotia-nuova-responsabile-provinciale-reggio-calabria\/#article\",\"isPartOf\":{\"@id\":\"https:\/\/progettotouring.it\/radiotouring104\/2022\/10\/27\/minibasket-anna-fotia-nuova-responsabile-provinciale-reggio-calabria\/\"},\"author\":{\"name\":\"Sebastiano Plutino\",\"@id\":\"https:\/\/progettotouring.it\/radiotouring104\/#\/schema\/person\/78613917f1851f041f7483f5af1d422e\"},\"headline\":\"Minibasket: Anna Fotia, nuova Responsabile provinciale Reggio Calabria\",\"datePublished\":\"2022-10-27T09:49:18+00:00\",\"mainEntityOfPage\":{\"@id\":\"https:\/\/progettotouring.it\/radiotouring104\/2022\/10\/27\/minibasket-anna-fotia-nuova-responsabile-provinciale-reggio-calabria\/\"},\"wordCount\":212,\"commentCount\":0,\"publisher\":{\"@id\":\"https:\/\/progettotouring.it\/radiotouring104\/#organization\"},\"image\":{\"@id\":\"https:\/\/progettotouring.it\/radiotouring104\/2022\/10\/27\/minibasket-anna-fotia-nuova-responsabile-provinciale-reggio-calabria\/#primaryimage\"},\"thumbnailUrl\":\"https:\/\/progettotouring.it\/radiotouring104\/wp-content\/uploads\/sites\/6\/2022\/10\/anna-fotia-responsabile-provinciale-minibasket.png\",\"keywords\":[\"Anna Fotia\",\"fip calabria\",\"minibasket\",\"responsabile provinciale\"],\"articleSection\":[\"Home\",\"News\",\"Reggio Calabria\",\"Sport\"],\"inLanguage\":\"it-IT\",\"potentialAction\":[{\"@type\":\"CommentAction\",\"name\":\"Comment\",\"target\":[\"https:\/\/progettotouring.it\/radiotouring104\/2022\/10\/27\/minibasket-anna-fotia-nuova-responsabile-provinciale-reggio-calabria\/#respond\"]}]},{\"@type\":\"WebPage\",\"@id\":\"https:\/\/progettotouring.it\/radiotouring104\/2022\/10\/27\/minibasket-anna-fotia-nuova-responsabile-provinciale-reggio-calabria\/\",\"url\":\"https:\/\/progettotouring.it\/radiotouring104\/2022\/10\/27\/minibasket-anna-fotia-nuova-responsabile-provinciale-reggio-calabria\/\",\"name\":\"Anna Fotia nuova Responsabile Provinciale Minibasket\",\"isPartOf\":{\"@id\":\"https:\/\/progettotouring.it\/radiotouring104\/#website\"},\"primaryImageOfPage\":{\"@id\":\"https:\/\/progettotouring.it\/radiotouring104\/2022\/10\/27\/minibasket-anna-fotia-nuova-responsabile-provinciale-reggio-calabria\/#primaryimage\"},\"image\":{\"@id\":\"https:\/\/progettotouring.it\/radiotouring104\/2022\/10\/27\/minibasket-anna-fotia-nuova-responsabile-provinciale-reggio-calabria\/#primaryimage\"},\"thumbnailUrl\":\"https:\/\/progettotouring.it\/radiotouring104\/wp-content\/uploads\/sites\/6\/2022\/10\/anna-fotia-responsabile-provinciale-minibasket.png\",\"datePublished\":\"2022-10-27T09:49:18+00:00\",\"description\":\"Il Comitato Fip Calabria ha nell'ex giocatrice la nuova Responsabile Provinciale del Minibasket\",\"breadcrumb\":{\"@id\":\"https:\/\/progettotouring.it\/radiotouring104\/2022\/10\/27\/minibasket-anna-fotia-nuova-responsabile-provinciale-reggio-calabria\/#breadcrumb\"},\"inLanguage\":\"it-IT\",\"potentialAction\":[{\"@type\":\"ReadAction\",\"target\":[\"https:\/\/progettotouring.it\/radiotouring104\/2022\/10\/27\/minibasket-anna-fotia-nuova-responsabile-provinciale-reggio-calabria\/\"]}]},{\"@type\":\"ImageObject\",\"inLanguage\":\"it-IT\",\"@id\":\"https:\/\/progettotouring.it\/radiotouring104\/2022\/10\/27\/minibasket-anna-fotia-nuova-responsabile-provinciale-reggio-calabria\/#primaryimage\",\"url\":\"https:\/\/progettotouring.it\/radiotouring104\/wp-content\/uploads\/sites\/6\/2022\/10\/anna-fotia-responsabile-provinciale-minibasket.png\",\"contentUrl\":\"https:\/\/progettotouring.it\/radiotouring104\/wp-content\/uploads\/sites\/6\/2022\/10\/anna-fotia-responsabile-provinciale-minibasket.png\",\"width\":791,\"height\":445},{\"@type\":\"BreadcrumbList\",\"@id\":\"https:\/\/progettotouring.it\/radiotouring104\/2022\/10\/27\/minibasket-anna-fotia-nuova-responsabile-provinciale-reggio-calabria\/#breadcrumb\",\"itemListElement\":[{\"@type\":\"ListItem\",\"position\":1,\"name\":\"Home\",\"item\":\"https:\/\/progettotouring.it\/radiotouring104\/\"},{\"@type\":\"ListItem\",\"position\":2,\"name\":\"Minibasket: Anna Fotia, nuova Responsabile provinciale Reggio Calabria\"}]},{\"@type\":\"WebSite\",\"@id\":\"https:\/\/progettotouring.it\/radiotouring104\/#website\",\"url\":\"https:\/\/progettotouring.it\/radiotouring104\/\",\"name\":\"Radio Touring 104\",\"description\":\"La prima radio Reggina\",\"publisher\":{\"@id\":\"https:\/\/progettotouring.it\/radiotouring104\/#organization\"},\"potentialAction\":[{\"@type\":\"SearchAction\",\"target\":{\"@type\":\"EntryPoint\",\"urlTemplate\":\"https:\/\/progettotouring.it\/radiotouring104\/?s={search_term_string}\"},\"query-input\":{\"@type\":\"PropertyValueSpecification\",\"valueRequired\":true,\"valueName\":\"search_term_string\"}}],\"inLanguage\":\"it-IT\"},{\"@type\":\"Organization\",\"@id\":\"https:\/\/progettotouring.it\/radiotouring104\/#organization\",\"name\":\"Radio Touring 104\",\"url\":\"https:\/\/progettotouring.it\/radiotouring104\/\",\"logo\":{\"@type\":\"ImageObject\",\"inLanguage\":\"it-IT\",\"@id\":\"https:\/\/progettotouring.it\/radiotouring104\/#\/schema\/logo\/image\/\",\"url\":\"https:\/\/progettotouring.it\/radiotouring104\/wp-content\/uploads\/sites\/6\/2022\/02\/cropped-logo-radio-touring-104.png\",\"contentUrl\":\"https:\/\/progettotouring.it\/radiotouring104\/wp-content\/uploads\/sites\/6\/2022\/02\/cropped-logo-radio-touring-104.png\",\"width\":377,\"height\":182,\"caption\":\"Radio Touring 104\"},\"image\":{\"@id\":\"https:\/\/progettotouring.it\/radiotouring104\/#\/schema\/logo\/image\/\"}},{\"@type\":\"Person\",\"@id\":\"https:\/\/progettotouring.it\/radiotouring104\/#\/schema\/person\/78613917f1851f041f7483f5af1d422e\",\"name\":\"Sebastiano Plutino\",\"image\":{\"@type\":\"ImageObject\",\"inLanguage\":\"it-IT\",\"@id\":\"https:\/\/secure.gravatar.com\/avatar\/0546ffaa9b79224faf9f2a156b67a529ae861d3287c66c1d8ccfdf909bcba78d?s=96&d=mm&r=g\",\"url\":\"https:\/\/secure.gravatar.com\/avatar\/0546ffaa9b79224faf9f2a156b67a529ae861d3287c66c1d8ccfdf909bcba78d?s=96&d=mm&r=g\",\"contentUrl\":\"https:\/\/secure.gravatar.com\/avatar\/0546ffaa9b79224faf9f2a156b67a529ae861d3287c66c1d8ccfdf909bcba78d?s=96&d=mm&r=g\",\"caption\":\"Sebastiano Plutino\"},\"url\":\"https:\/\/progettotouring.it\/radiotouring104\/author\/sebastiano\/\"}]}<\/script>\n<!-- \/ Yoast SEO plugin. -->","yoast_head_json":{"title":"Anna Fotia nuova Responsabile Provinciale Minibasket","description":"Il Comitato Fip Calabria ha nell'ex giocatrice la nuova Responsabile Provinciale del Minibasket","robots":{"index":"index","follow":"follow","max-snippet":"max-snippet:-1","max-image-preview":"max-image-preview:large","max-video-preview":"max-video-preview:-1"},"canonical":"https:\/\/progettotouring.it\/radiotouring104\/2022\/10\/27\/minibasket-anna-fotia-nuova-responsabile-provinciale-reggio-calabria\/","og_locale":"it_IT","og_type":"article","og_title":"Anna Fotia nuova Responsabile Provinciale Minibasket","og_description":"Il Comitato Fip Calabria ha nell'ex giocatrice la nuova Responsabile Provinciale del Minibasket","og_url":"https:\/\/progettotouring.it\/radiotouring104\/2022\/10\/27\/minibasket-anna-fotia-nuova-responsabile-provinciale-reggio-calabria\/","og_site_name":"Radio Touring 104","article_published_time":"2022-10-27T09:49:18+00:00","og_image":[{"width":791,"height":445,"url":"https:\/\/progettotouring.it\/radiotouring104\/wp-content\/uploads\/sites\/6\/2022\/10\/anna-fotia-responsabile-provinciale-minibasket.png","type":"image\/png"}],"author":"Sebastiano Plutino","twitter_card":"summary_large_image","twitter_misc":{"Scritto da":"Sebastiano Plutino","Tempo di lettura stimato":"1 minuto"},"schema":{"@context":"https:\/\/schema.org","@graph":[{"@type":"Article","@id":"https:\/\/progettotouring.it\/radiotouring104\/2022\/10\/27\/minibasket-anna-fotia-nuova-responsabile-provinciale-reggio-calabria\/#article","isPartOf":{"@id":"https:\/\/progettotouring.it\/radiotouring104\/2022\/10\/27\/minibasket-anna-fotia-nuova-responsabile-provinciale-reggio-calabria\/"},"author":{"name":"Sebastiano Plutino","@id":"https:\/\/progettotouring.it\/radiotouring104\/#\/schema\/person\/78613917f1851f041f7483f5af1d422e"},"headline":"Minibasket: Anna Fotia, nuova Responsabile provinciale Reggio Calabria","datePublished":"2022-10-27T09:49:18+00:00","mainEntityOfPage":{"@id":"https:\/\/progettotouring.it\/radiotouring104\/2022\/10\/27\/minibasket-anna-fotia-nuova-responsabile-provinciale-reggio-calabria\/"},"wordCount":212,"commentCount":0,"publisher":{"@id":"https:\/\/progettotouring.it\/radiotouring104\/#organization"},"image":{"@id":"https:\/\/progettotouring.it\/radiotouring104\/2022\/10\/27\/minibasket-anna-fotia-nuova-responsabile-provinciale-reggio-calabria\/#primaryimage"},"thumbnailUrl":"https:\/\/progettotouring.it\/radiotouring104\/wp-content\/uploads\/sites\/6\/2022\/10\/anna-fotia-responsabile-provinciale-minibasket.png","keywords":["Anna Fotia","fip calabria","minibasket","responsabile provinciale"],"articleSection":["Home","News","Reggio Calabria","Sport"],"inLanguage":"it-IT","potentialAction":[{"@type":"CommentAction","name":"Comment","target":["https:\/\/progettotouring.it\/radiotouring104\/2022\/10\/27\/minibasket-anna-fotia-nuova-responsabile-provinciale-reggio-calabria\/#respond"]}]},{"@type":"WebPage","@id":"https:\/\/progettotouring.it\/radiotouring104\/2022\/10\/27\/minibasket-anna-fotia-nuova-responsabile-provinciale-reggio-calabria\/","url":"https:\/\/progettotouring.it\/radiotouring104\/2022\/10\/27\/minibasket-anna-fotia-nuova-responsabile-provinciale-reggio-calabria\/","name":"Anna Fotia nuova Responsabile Provinciale Minibasket","isPartOf":{"@id":"https:\/\/progettotouring.it\/radiotouring104\/#website"},"primaryImageOfPage":{"@id":"https:\/\/progettotouring.it\/radiotouring104\/2022\/10\/27\/minibasket-anna-fotia-nuova-responsabile-provinciale-reggio-calabria\/#primaryimage"},"image":{"@id":"https:\/\/progettotouring.it\/radiotouring104\/2022\/10\/27\/minibasket-anna-fotia-nuova-responsabile-provinciale-reggio-calabria\/#primaryimage"},"thumbnailUrl":"https:\/\/progettotouring.it\/radiotouring104\/wp-content\/uploads\/sites\/6\/2022\/10\/anna-fotia-responsabile-provinciale-minibasket.png","datePublished":"2022-10-27T09:49:18+00:00","description":"Il Comitato Fip Calabria ha nell'ex giocatrice la nuova Responsabile Provinciale del Minibasket","breadcrumb":{"@id":"https:\/\/progettotouring.it\/radiotouring104\/2022\/10\/27\/minibasket-anna-fotia-nuova-responsabile-provinciale-reggio-calabria\/#breadcrumb"},"inLanguage":"it-IT","potentialAction":[{"@type":"ReadAction","target":["https:\/\/progettotouring.it\/radiotouring104\/2022\/10\/27\/minibasket-anna-fotia-nuova-responsabile-provinciale-reggio-calabria\/"]}]},{"@type":"ImageObject","inLanguage":"it-IT","@id":"https:\/\/progettotouring.it\/radiotouring104\/2022\/10\/27\/minibasket-anna-fotia-nuova-responsabile-provinciale-reggio-calabria\/#primaryimage","url":"https:\/\/progettotouring.it\/radiotouring104\/wp-content\/uploads\/sites\/6\/2022\/10\/anna-fotia-responsabile-provinciale-minibasket.png","contentUrl":"https:\/\/progettotouring.it\/radiotouring104\/wp-content\/uploads\/sites\/6\/2022\/10\/anna-fotia-responsabile-provinciale-minibasket.png","width":791,"height":445},{"@type":"BreadcrumbList","@id":"https:\/\/progettotouring.it\/radiotouring104\/2022\/10\/27\/minibasket-anna-fotia-nuova-responsabile-provinciale-reggio-calabria\/#breadcrumb","itemListElement":[{"@type":"ListItem","position":1,"name":"Home","item":"https:\/\/progettotouring.it\/radiotouring104\/"},{"@type":"ListItem","position":2,"name":"Minibasket: Anna Fotia, nuova Responsabile provinciale Reggio Calabria"}]},{"@type":"WebSite","@id":"https:\/\/progettotouring.it\/radiotouring104\/#website","url":"https:\/\/progettotouring.it\/radiotouring104\/","name":"Radio Touring 104","description":"La prima radio Reggina","publisher":{"@id":"https:\/\/progettotouring.it\/radiotouring104\/#organization"},"potentialAction":[{"@type":"SearchAction","target":{"@type":"EntryPoint","urlTemplate":"https:\/\/progettotouring.it\/radiotouring104\/?s={search_term_string}"},"query-input":{"@type":"PropertyValueSpecification","valueRequired":true,"valueName":"search_term_string"}}],"inLanguage":"it-IT"},{"@type":"Organization","@id":"https:\/\/progettotouring.it\/radiotouring104\/#organization","name":"Radio Touring 104","url":"https:\/\/progettotouring.it\/radiotouring104\/","logo":{"@type":"ImageObject","inLanguage":"it-IT","@id":"https:\/\/progettotouring.it\/radiotouring104\/#\/schema\/logo\/image\/","url":"https:\/\/progettotouring.it\/radiotouring104\/wp-content\/uploads\/sites\/6\/2022\/02\/cropped-logo-radio-touring-104.png","contentUrl":"https:\/\/progettotouring.it\/radiotouring104\/wp-content\/uploads\/sites\/6\/2022\/02\/cropped-logo-radio-touring-104.png","width":377,"height":182,"caption":"Radio Touring 104"},"image":{"@id":"https:\/\/progettotouring.it\/radiotouring104\/#\/schema\/logo\/image\/"}},{"@type":"Person","@id":"https:\/\/progettotouring.it\/radiotouring104\/#\/schema\/person\/78613917f1851f041f7483f5af1d422e","name":"Sebastiano Plutino","image":{"@type":"ImageObject","inLanguage":"it-IT","@id":"https:\/\/secure.gravatar.com\/avatar\/0546ffaa9b79224faf9f2a156b67a529ae861d3287c66c1d8ccfdf909bcba78d?s=96&d=mm&r=g","url":"https:\/\/secure.gravatar.com\/avatar\/0546ffaa9b79224faf9f2a156b67a529ae861d3287c66c1d8ccfdf909bcba78d?s=96&d=mm&r=g","contentUrl":"https:\/\/secure.gravatar.com\/avatar\/0546ffaa9b79224faf9f2a156b67a529ae861d3287c66c1d8ccfdf909bcba78d?s=96&d=mm&r=g","caption":"Sebastiano Plutino"},"url":"https:\/\/progettotouring.it\/radiotouring104\/author\/sebastiano\/"}]}},"jetpack_publicize_connections":[],"jetpack_featured_media_url":"https:\/\/progettotouring.it\/radiotouring104\/wp-content\/uploads\/sites\/6\/2022\/10\/anna-fotia-responsabile-provinciale-minibasket.png","jetpack_sharing_enabled":true,"_links":{"self":[{"href":"https:\/\/progettotouring.it\/radiotouring104\/wp-json\/wp\/v2\/posts\/11079","targetHints":{"allow":["GET"]}}],"collection":[{"href":"https:\/\/progettotouring.it\/radiotouring104\/wp-json\/wp\/v2\/posts"}],"about":[{"href":"https:\/\/progettotouring.it\/radiotouring104\/wp-json\/wp\/v2\/types\/post"}],"author":[{"embeddable":true,"href":"https:\/\/progettotouring.it\/radiotouring104\/wp-json\/wp\/v2\/users\/12"}],"replies":[{"embeddable":true,"href":"https:\/\/progettotouring.it\/radiotouring104\/wp-json\/wp\/v2\/comments?post=11079"}],"version-history":[{"count":1,"href":"https:\/\/progettotouring.it\/radiotouring104\/wp-json\/wp\/v2\/posts\/11079\/revisions"}],"predecessor-version":[{"id":11083,"href":"https:\/\/progettotouring.it\/radiotouring104\/wp-json\/wp\/v2\/posts\/11079\/revisions\/11083"}],"wp:featuredmedia":[{"embeddable":true,"href":"https:\/\/progettotouring.it\/radiotouring104\/wp-json\/wp\/v2\/media\/11082"}],"wp:attachment":[{"href":"https:\/\/progettotouring.it\/radiotouring104\/wp-json\/wp\/v2\/media?parent=11079"}],"wp:term":[{"taxonomy":"category","embeddable":true,"href":"https:\/\/progettotouring.it\/radiotouring104\/wp-json\/wp\/v2\/categories?post=11079"},{"taxonomy":"post_tag","embeddable":true,"href":"https:\/\/progettotouring.it\/radiotouring104\/wp-json\/wp\/v2\/tags?post=11079"}],"curies":[{"name":"wp","href":"https:\/\/api.w.org\/{rel}","templated":true}]}}