{"id":11080,"date":"2022-10-26T20:35:44","date_gmt":"2022-10-26T18:35:44","guid":{"rendered":"https:\/\/progettotouring.it\/radiotouring104\/?p=11080"},"modified":"2022-10-27T11:44:11","modified_gmt":"2022-10-27T09:44:11","slug":"calabria-il-consigliere-lo-schiavo-chiede-il-ripristino-della-scorta-a-pino-masciari","status":"publish","type":"post","link":"https:\/\/progettotouring.it\/radiotouring104\/2022\/10\/26\/calabria-il-consigliere-lo-schiavo-chiede-il-ripristino-della-scorta-a-pino-masciari\/","title":{"rendered":"Calabria: il consigliere Lo Schiavo chiede il ripristino della scorta a Pino Masciari"},"content":{"rendered":"<div id=\"signature\">\n<div style=\"text-align: justify\"><em><span style=\"text-align: justify\"><strong>&#8220;L\u2019avvio della procedura di revoca della scorta,<\/strong> da parte del ministero dell\u2019Interno, al testimone di giustizia <strong>Pino Masciari<\/strong> non \u00e8 buona notizia e rischia, tra le altre cose, di far passare un messaggio pericoloso. Vale a dire che con il passare del tempo si dimentichi chi ha denunciato mafia e malaffare e chi ha affrontato le conseguenze che ne derivano in termini di rischi e di rinuncia alla libert\u00e0 personale&#8221;. <\/span><\/em><span style=\"text-align: justify\">Lo afferma, in un comunicato stampa, il consigliere regionale <strong>Antonio<\/strong> <strong>Lo<\/strong> <strong>Schiavo<\/strong>, intervenendo sull\u2019avvio della procedura di revoca della misura di protezione personale al testimone di giustizia Pino Masciari e alla sua famiglia, resa nota dallo stesso Masciari in una memoria scritta inviata alla Prefettura della provincia in cui risiede.<\/span><\/div>\n<div style=\"text-align: justify\">\n<p class=\"gmail-MsoNoSpacing\"><em>&#8220;Il contributo dato da <strong>Pino<\/strong> <strong>Masciari<\/strong> alla giustizia e alla lotta alla criminalit\u00e0, come testimoniano le cronache e i procedimenti che ha contribuito a far avviare, non \u00e8 certo di facciata. Masciari ha dato un impulso notevole alla giustizia e non meno importante, negli anni, \u00e8 stato il suo infaticabile impegno nella divulgazione dei principi di legalit\u00e0 a migliaia di giovani che ha incontrato portando la sua testimonianza nelle scuole di tutta Italia. Attivit\u00e0 che ha potuto portare avanti anche grazie alle misure di protezione. Il ministro dell\u2019Interno del nuovo Governo tenga conto di tutto ci\u00f2 e riconsideri con attenzione la decisione di revocare la misura di protezione, anzi valuti se ricorrono le condizioni per rafforzare la scorta a chi con coraggio e alto senso di responsabilit\u00e0 contribuisce a fare del nostro un Paese pi\u00f9 giusto e pi\u00f9 libero&#8221;.<\/em><\/p>\n<\/div>\n<\/div>\n","protected":false},"excerpt":{"rendered":"<p>&#8220;L\u2019avvio della procedura di revoca della scorta, da parte del ministero dell\u2019Interno, al testimone di giustizia Pino Masciari non \u00e8 buona notizia e rischia, tra le altre cose, di far&hellip;<\/p>\n","protected":false},"author":8,"featured_media":5381,"comment_status":"open","ping_status":"open","sticky":false,"template":"","format":"standard","meta":{"_jetpack_memberships_contains_paid_content":false,"footnotes":"","jetpack_publicize_message":"","jetpack_publicize_feature_enabled":true,"jetpack_social_post_already_shared":false,"jetpack_social_options":{"image_generator_settings":{"template":"highway","default_image_id":0,"font":"","enabled":false},"version":2}},"categories":[921,196,140],"tags":[5106,5107,5105,4762],"class_list":["post-11080","post","type-post","status-publish","format-standard","has-post-thumbnail","hentry","category-home","category-news","category-reggio-calabria","tag-consigliere-regionale","tag-governo","tag-lo-schiavo","tag-pino-masciari"],"yoast_head":"<!-- This site is optimized with the Yoast SEO plugin v27.2 - https:\/\/yoast.com\/product\/yoast-seo-wordpress\/ -->\n<title>Il consigliere Lo Schiavo chiede il ripristino della scorta a Masciari<\/title>\n<meta name=\"description\" content=\"Il consigliere regionale Antonio Lo Schiavo chiede il ripristino della scorta al testimone di giustizia Pino Masciari\" \/>\n<meta name=\"robots\" content=\"index, follow, max-snippet:-1, max-image-preview:large, max-video-preview:-1\" \/>\n<link rel=\"canonical\" href=\"https:\/\/progettotouring.it\/radiotouring104\/2022\/10\/26\/calabria-il-consigliere-lo-schiavo-chiede-il-ripristino-della-scorta-a-pino-masciari\/\" \/>\n<meta property=\"og:locale\" content=\"it_IT\" \/>\n<meta property=\"og:type\" content=\"article\" \/>\n<meta property=\"og:title\" content=\"Il consigliere Lo Schiavo chiede il ripristino della scorta a Masciari\" \/>\n<meta property=\"og:description\" content=\"Il consigliere regionale Antonio Lo Schiavo chiede il ripristino della scorta al testimone di giustizia Pino Masciari\" \/>\n<meta property=\"og:url\" content=\"https:\/\/progettotouring.it\/radiotouring104\/2022\/10\/26\/calabria-il-consigliere-lo-schiavo-chiede-il-ripristino-della-scorta-a-pino-masciari\/\" \/>\n<meta property=\"og:site_name\" content=\"Radio Touring 104\" \/>\n<meta property=\"article:published_time\" content=\"2022-10-26T18:35:44+00:00\" \/>\n<meta property=\"article:modified_time\" content=\"2022-10-27T09:44:11+00:00\" \/>\n<meta property=\"og:image\" content=\"https:\/\/progettotouring.it\/radiotouring104\/wp-content\/uploads\/sites\/6\/2022\/05\/Antonio-Lo-Schiavo-in-Commissione.jpg\" \/>\n\t<meta property=\"og:image:width\" content=\"899\" \/>\n\t<meta property=\"og:image:height\" content=\"576\" \/>\n\t<meta property=\"og:image:type\" content=\"image\/jpeg\" \/>\n<meta name=\"author\" content=\"Filippo Francesco Idone\" \/>\n<meta name=\"twitter:card\" content=\"summary_large_image\" \/>\n<meta name=\"twitter:label1\" content=\"Scritto da\" \/>\n\t<meta name=\"twitter:data1\" content=\"Filippo Francesco Idone\" \/>\n\t<meta name=\"twitter:label2\" content=\"Tempo di lettura stimato\" \/>\n\t<meta name=\"twitter:data2\" content=\"1 minuto\" \/>\n<script type=\"application\/ld+json\" class=\"yoast-schema-graph\">{\"@context\":\"https:\/\/schema.org\",\"@graph\":[{\"@type\":\"Article\",\"@id\":\"https:\/\/progettotouring.it\/radiotouring104\/2022\/10\/26\/calabria-il-consigliere-lo-schiavo-chiede-il-ripristino-della-scorta-a-pino-masciari\/#article\",\"isPartOf\":{\"@id\":\"https:\/\/progettotouring.it\/radiotouring104\/2022\/10\/26\/calabria-il-consigliere-lo-schiavo-chiede-il-ripristino-della-scorta-a-pino-masciari\/\"},\"author\":{\"name\":\"Filippo Francesco Idone\",\"@id\":\"https:\/\/progettotouring.it\/radiotouring104\/#\/schema\/person\/4a82259ca52ac8702ad1a8f9e5a3120b\"},\"headline\":\"Calabria: il consigliere Lo Schiavo chiede il ripristino della scorta a Pino Masciari\",\"datePublished\":\"2022-10-26T18:35:44+00:00\",\"dateModified\":\"2022-10-27T09:44:11+00:00\",\"mainEntityOfPage\":{\"@id\":\"https:\/\/progettotouring.it\/radiotouring104\/2022\/10\/26\/calabria-il-consigliere-lo-schiavo-chiede-il-ripristino-della-scorta-a-pino-masciari\/\"},\"wordCount\":273,\"commentCount\":0,\"publisher\":{\"@id\":\"https:\/\/progettotouring.it\/radiotouring104\/#organization\"},\"image\":{\"@id\":\"https:\/\/progettotouring.it\/radiotouring104\/2022\/10\/26\/calabria-il-consigliere-lo-schiavo-chiede-il-ripristino-della-scorta-a-pino-masciari\/#primaryimage\"},\"thumbnailUrl\":\"https:\/\/progettotouring.it\/radiotouring104\/wp-content\/uploads\/sites\/6\/2022\/05\/Antonio-Lo-Schiavo-in-Commissione.jpg\",\"keywords\":[\"consigliere regionale\",\"governo\",\"lo schiavo\",\"Pino Masciari\"],\"articleSection\":[\"Home\",\"News\",\"Reggio Calabria\"],\"inLanguage\":\"it-IT\",\"potentialAction\":[{\"@type\":\"CommentAction\",\"name\":\"Comment\",\"target\":[\"https:\/\/progettotouring.it\/radiotouring104\/2022\/10\/26\/calabria-il-consigliere-lo-schiavo-chiede-il-ripristino-della-scorta-a-pino-masciari\/#respond\"]}]},{\"@type\":\"WebPage\",\"@id\":\"https:\/\/progettotouring.it\/radiotouring104\/2022\/10\/26\/calabria-il-consigliere-lo-schiavo-chiede-il-ripristino-della-scorta-a-pino-masciari\/\",\"url\":\"https:\/\/progettotouring.it\/radiotouring104\/2022\/10\/26\/calabria-il-consigliere-lo-schiavo-chiede-il-ripristino-della-scorta-a-pino-masciari\/\",\"name\":\"Il consigliere Lo Schiavo chiede il ripristino della scorta a Masciari\",\"isPartOf\":{\"@id\":\"https:\/\/progettotouring.it\/radiotouring104\/#website\"},\"primaryImageOfPage\":{\"@id\":\"https:\/\/progettotouring.it\/radiotouring104\/2022\/10\/26\/calabria-il-consigliere-lo-schiavo-chiede-il-ripristino-della-scorta-a-pino-masciari\/#primaryimage\"},\"image\":{\"@id\":\"https:\/\/progettotouring.it\/radiotouring104\/2022\/10\/26\/calabria-il-consigliere-lo-schiavo-chiede-il-ripristino-della-scorta-a-pino-masciari\/#primaryimage\"},\"thumbnailUrl\":\"https:\/\/progettotouring.it\/radiotouring104\/wp-content\/uploads\/sites\/6\/2022\/05\/Antonio-Lo-Schiavo-in-Commissione.jpg\",\"datePublished\":\"2022-10-26T18:35:44+00:00\",\"dateModified\":\"2022-10-27T09:44:11+00:00\",\"description\":\"Il consigliere regionale Antonio Lo Schiavo chiede il ripristino della scorta al testimone di giustizia Pino Masciari\",\"breadcrumb\":{\"@id\":\"https:\/\/progettotouring.it\/radiotouring104\/2022\/10\/26\/calabria-il-consigliere-lo-schiavo-chiede-il-ripristino-della-scorta-a-pino-masciari\/#breadcrumb\"},\"inLanguage\":\"it-IT\",\"potentialAction\":[{\"@type\":\"ReadAction\",\"target\":[\"https:\/\/progettotouring.it\/radiotouring104\/2022\/10\/26\/calabria-il-consigliere-lo-schiavo-chiede-il-ripristino-della-scorta-a-pino-masciari\/\"]}]},{\"@type\":\"ImageObject\",\"inLanguage\":\"it-IT\",\"@id\":\"https:\/\/progettotouring.it\/radiotouring104\/2022\/10\/26\/calabria-il-consigliere-lo-schiavo-chiede-il-ripristino-della-scorta-a-pino-masciari\/#primaryimage\",\"url\":\"https:\/\/progettotouring.it\/radiotouring104\/wp-content\/uploads\/sites\/6\/2022\/05\/Antonio-Lo-Schiavo-in-Commissione.jpg\",\"contentUrl\":\"https:\/\/progettotouring.it\/radiotouring104\/wp-content\/uploads\/sites\/6\/2022\/05\/Antonio-Lo-Schiavo-in-Commissione.jpg\",\"width\":899,\"height\":576},{\"@type\":\"BreadcrumbList\",\"@id\":\"https:\/\/progettotouring.it\/radiotouring104\/2022\/10\/26\/calabria-il-consigliere-lo-schiavo-chiede-il-ripristino-della-scorta-a-pino-masciari\/#breadcrumb\",\"itemListElement\":[{\"@type\":\"ListItem\",\"position\":1,\"name\":\"Home\",\"item\":\"https:\/\/progettotouring.it\/radiotouring104\/\"},{\"@type\":\"ListItem\",\"position\":2,\"name\":\"Calabria: il consigliere Lo Schiavo chiede il ripristino della scorta a Pino Masciari\"}]},{\"@type\":\"WebSite\",\"@id\":\"https:\/\/progettotouring.it\/radiotouring104\/#website\",\"url\":\"https:\/\/progettotouring.it\/radiotouring104\/\",\"name\":\"Radio Touring 104\",\"description\":\"La prima radio Reggina\",\"publisher\":{\"@id\":\"https:\/\/progettotouring.it\/radiotouring104\/#organization\"},\"potentialAction\":[{\"@type\":\"SearchAction\",\"target\":{\"@type\":\"EntryPoint\",\"urlTemplate\":\"https:\/\/progettotouring.it\/radiotouring104\/?s={search_term_string}\"},\"query-input\":{\"@type\":\"PropertyValueSpecification\",\"valueRequired\":true,\"valueName\":\"search_term_string\"}}],\"inLanguage\":\"it-IT\"},{\"@type\":\"Organization\",\"@id\":\"https:\/\/progettotouring.it\/radiotouring104\/#organization\",\"name\":\"Radio Touring 104\",\"url\":\"https:\/\/progettotouring.it\/radiotouring104\/\",\"logo\":{\"@type\":\"ImageObject\",\"inLanguage\":\"it-IT\",\"@id\":\"https:\/\/progettotouring.it\/radiotouring104\/#\/schema\/logo\/image\/\",\"url\":\"https:\/\/progettotouring.it\/radiotouring104\/wp-content\/uploads\/sites\/6\/2022\/02\/cropped-logo-radio-touring-104.png\",\"contentUrl\":\"https:\/\/progettotouring.it\/radiotouring104\/wp-content\/uploads\/sites\/6\/2022\/02\/cropped-logo-radio-touring-104.png\",\"width\":377,\"height\":182,\"caption\":\"Radio Touring 104\"},\"image\":{\"@id\":\"https:\/\/progettotouring.it\/radiotouring104\/#\/schema\/logo\/image\/\"}},{\"@type\":\"Person\",\"@id\":\"https:\/\/progettotouring.it\/radiotouring104\/#\/schema\/person\/4a82259ca52ac8702ad1a8f9e5a3120b\",\"name\":\"Filippo Francesco Idone\",\"image\":{\"@type\":\"ImageObject\",\"inLanguage\":\"it-IT\",\"@id\":\"https:\/\/secure.gravatar.com\/avatar\/7268715d2366395c3dd314385670e6484117d44f5c442e61e230f7008b7b62d3?s=96&d=mm&r=g\",\"url\":\"https:\/\/secure.gravatar.com\/avatar\/7268715d2366395c3dd314385670e6484117d44f5c442e61e230f7008b7b62d3?s=96&d=mm&r=g\",\"contentUrl\":\"https:\/\/secure.gravatar.com\/avatar\/7268715d2366395c3dd314385670e6484117d44f5c442e61e230f7008b7b62d3?s=96&d=mm&r=g\",\"caption\":\"Filippo Francesco Idone\"},\"url\":\"https:\/\/progettotouring.it\/radiotouring104\/author\/filippoidone\/\"}]}<\/script>\n<!-- \/ Yoast SEO plugin. -->","yoast_head_json":{"title":"Il consigliere Lo Schiavo chiede il ripristino della scorta a Masciari","description":"Il consigliere regionale Antonio Lo Schiavo chiede il ripristino della scorta al testimone di giustizia Pino Masciari","robots":{"index":"index","follow":"follow","max-snippet":"max-snippet:-1","max-image-preview":"max-image-preview:large","max-video-preview":"max-video-preview:-1"},"canonical":"https:\/\/progettotouring.it\/radiotouring104\/2022\/10\/26\/calabria-il-consigliere-lo-schiavo-chiede-il-ripristino-della-scorta-a-pino-masciari\/","og_locale":"it_IT","og_type":"article","og_title":"Il consigliere Lo Schiavo chiede il ripristino della scorta a Masciari","og_description":"Il consigliere regionale Antonio Lo Schiavo chiede il ripristino della scorta al testimone di giustizia Pino Masciari","og_url":"https:\/\/progettotouring.it\/radiotouring104\/2022\/10\/26\/calabria-il-consigliere-lo-schiavo-chiede-il-ripristino-della-scorta-a-pino-masciari\/","og_site_name":"Radio Touring 104","article_published_time":"2022-10-26T18:35:44+00:00","article_modified_time":"2022-10-27T09:44:11+00:00","og_image":[{"width":899,"height":576,"url":"https:\/\/progettotouring.it\/radiotouring104\/wp-content\/uploads\/sites\/6\/2022\/05\/Antonio-Lo-Schiavo-in-Commissione.jpg","type":"image\/jpeg"}],"author":"Filippo Francesco Idone","twitter_card":"summary_large_image","twitter_misc":{"Scritto da":"Filippo Francesco Idone","Tempo di lettura stimato":"1 minuto"},"schema":{"@context":"https:\/\/schema.org","@graph":[{"@type":"Article","@id":"https:\/\/progettotouring.it\/radiotouring104\/2022\/10\/26\/calabria-il-consigliere-lo-schiavo-chiede-il-ripristino-della-scorta-a-pino-masciari\/#article","isPartOf":{"@id":"https:\/\/progettotouring.it\/radiotouring104\/2022\/10\/26\/calabria-il-consigliere-lo-schiavo-chiede-il-ripristino-della-scorta-a-pino-masciari\/"},"author":{"name":"Filippo Francesco Idone","@id":"https:\/\/progettotouring.it\/radiotouring104\/#\/schema\/person\/4a82259ca52ac8702ad1a8f9e5a3120b"},"headline":"Calabria: il consigliere Lo Schiavo chiede il ripristino della scorta a Pino Masciari","datePublished":"2022-10-26T18:35:44+00:00","dateModified":"2022-10-27T09:44:11+00:00","mainEntityOfPage":{"@id":"https:\/\/progettotouring.it\/radiotouring104\/2022\/10\/26\/calabria-il-consigliere-lo-schiavo-chiede-il-ripristino-della-scorta-a-pino-masciari\/"},"wordCount":273,"commentCount":0,"publisher":{"@id":"https:\/\/progettotouring.it\/radiotouring104\/#organization"},"image":{"@id":"https:\/\/progettotouring.it\/radiotouring104\/2022\/10\/26\/calabria-il-consigliere-lo-schiavo-chiede-il-ripristino-della-scorta-a-pino-masciari\/#primaryimage"},"thumbnailUrl":"https:\/\/progettotouring.it\/radiotouring104\/wp-content\/uploads\/sites\/6\/2022\/05\/Antonio-Lo-Schiavo-in-Commissione.jpg","keywords":["consigliere regionale","governo","lo schiavo","Pino Masciari"],"articleSection":["Home","News","Reggio Calabria"],"inLanguage":"it-IT","potentialAction":[{"@type":"CommentAction","name":"Comment","target":["https:\/\/progettotouring.it\/radiotouring104\/2022\/10\/26\/calabria-il-consigliere-lo-schiavo-chiede-il-ripristino-della-scorta-a-pino-masciari\/#respond"]}]},{"@type":"WebPage","@id":"https:\/\/progettotouring.it\/radiotouring104\/2022\/10\/26\/calabria-il-consigliere-lo-schiavo-chiede-il-ripristino-della-scorta-a-pino-masciari\/","url":"https:\/\/progettotouring.it\/radiotouring104\/2022\/10\/26\/calabria-il-consigliere-lo-schiavo-chiede-il-ripristino-della-scorta-a-pino-masciari\/","name":"Il consigliere Lo Schiavo chiede il ripristino della scorta a Masciari","isPartOf":{"@id":"https:\/\/progettotouring.it\/radiotouring104\/#website"},"primaryImageOfPage":{"@id":"https:\/\/progettotouring.it\/radiotouring104\/2022\/10\/26\/calabria-il-consigliere-lo-schiavo-chiede-il-ripristino-della-scorta-a-pino-masciari\/#primaryimage"},"image":{"@id":"https:\/\/progettotouring.it\/radiotouring104\/2022\/10\/26\/calabria-il-consigliere-lo-schiavo-chiede-il-ripristino-della-scorta-a-pino-masciari\/#primaryimage"},"thumbnailUrl":"https:\/\/progettotouring.it\/radiotouring104\/wp-content\/uploads\/sites\/6\/2022\/05\/Antonio-Lo-Schiavo-in-Commissione.jpg","datePublished":"2022-10-26T18:35:44+00:00","dateModified":"2022-10-27T09:44:11+00:00","description":"Il consigliere regionale Antonio Lo Schiavo chiede il ripristino della scorta al testimone di giustizia Pino Masciari","breadcrumb":{"@id":"https:\/\/progettotouring.it\/radiotouring104\/2022\/10\/26\/calabria-il-consigliere-lo-schiavo-chiede-il-ripristino-della-scorta-a-pino-masciari\/#breadcrumb"},"inLanguage":"it-IT","potentialAction":[{"@type":"ReadAction","target":["https:\/\/progettotouring.it\/radiotouring104\/2022\/10\/26\/calabria-il-consigliere-lo-schiavo-chiede-il-ripristino-della-scorta-a-pino-masciari\/"]}]},{"@type":"ImageObject","inLanguage":"it-IT","@id":"https:\/\/progettotouring.it\/radiotouring104\/2022\/10\/26\/calabria-il-consigliere-lo-schiavo-chiede-il-ripristino-della-scorta-a-pino-masciari\/#primaryimage","url":"https:\/\/progettotouring.it\/radiotouring104\/wp-content\/uploads\/sites\/6\/2022\/05\/Antonio-Lo-Schiavo-in-Commissione.jpg","contentUrl":"https:\/\/progettotouring.it\/radiotouring104\/wp-content\/uploads\/sites\/6\/2022\/05\/Antonio-Lo-Schiavo-in-Commissione.jpg","width":899,"height":576},{"@type":"BreadcrumbList","@id":"https:\/\/progettotouring.it\/radiotouring104\/2022\/10\/26\/calabria-il-consigliere-lo-schiavo-chiede-il-ripristino-della-scorta-a-pino-masciari\/#breadcrumb","itemListElement":[{"@type":"ListItem","position":1,"name":"Home","item":"https:\/\/progettotouring.it\/radiotouring104\/"},{"@type":"ListItem","position":2,"name":"Calabria: il consigliere Lo Schiavo chiede il ripristino della scorta a Pino Masciari"}]},{"@type":"WebSite","@id":"https:\/\/progettotouring.it\/radiotouring104\/#website","url":"https:\/\/progettotouring.it\/radiotouring104\/","name":"Radio Touring 104","description":"La prima radio Reggina","publisher":{"@id":"https:\/\/progettotouring.it\/radiotouring104\/#organization"},"potentialAction":[{"@type":"SearchAction","target":{"@type":"EntryPoint","urlTemplate":"https:\/\/progettotouring.it\/radiotouring104\/?s={search_term_string}"},"query-input":{"@type":"PropertyValueSpecification","valueRequired":true,"valueName":"search_term_string"}}],"inLanguage":"it-IT"},{"@type":"Organization","@id":"https:\/\/progettotouring.it\/radiotouring104\/#organization","name":"Radio Touring 104","url":"https:\/\/progettotouring.it\/radiotouring104\/","logo":{"@type":"ImageObject","inLanguage":"it-IT","@id":"https:\/\/progettotouring.it\/radiotouring104\/#\/schema\/logo\/image\/","url":"https:\/\/progettotouring.it\/radiotouring104\/wp-content\/uploads\/sites\/6\/2022\/02\/cropped-logo-radio-touring-104.png","contentUrl":"https:\/\/progettotouring.it\/radiotouring104\/wp-content\/uploads\/sites\/6\/2022\/02\/cropped-logo-radio-touring-104.png","width":377,"height":182,"caption":"Radio Touring 104"},"image":{"@id":"https:\/\/progettotouring.it\/radiotouring104\/#\/schema\/logo\/image\/"}},{"@type":"Person","@id":"https:\/\/progettotouring.it\/radiotouring104\/#\/schema\/person\/4a82259ca52ac8702ad1a8f9e5a3120b","name":"Filippo Francesco Idone","image":{"@type":"ImageObject","inLanguage":"it-IT","@id":"https:\/\/secure.gravatar.com\/avatar\/7268715d2366395c3dd314385670e6484117d44f5c442e61e230f7008b7b62d3?s=96&d=mm&r=g","url":"https:\/\/secure.gravatar.com\/avatar\/7268715d2366395c3dd314385670e6484117d44f5c442e61e230f7008b7b62d3?s=96&d=mm&r=g","contentUrl":"https:\/\/secure.gravatar.com\/avatar\/7268715d2366395c3dd314385670e6484117d44f5c442e61e230f7008b7b62d3?s=96&d=mm&r=g","caption":"Filippo Francesco Idone"},"url":"https:\/\/progettotouring.it\/radiotouring104\/author\/filippoidone\/"}]}},"jetpack_publicize_connections":[],"jetpack_featured_media_url":"https:\/\/progettotouring.it\/radiotouring104\/wp-content\/uploads\/sites\/6\/2022\/05\/Antonio-Lo-Schiavo-in-Commissione.jpg","jetpack_sharing_enabled":true,"_links":{"self":[{"href":"https:\/\/progettotouring.it\/radiotouring104\/wp-json\/wp\/v2\/posts\/11080","targetHints":{"allow":["GET"]}}],"collection":[{"href":"https:\/\/progettotouring.it\/radiotouring104\/wp-json\/wp\/v2\/posts"}],"about":[{"href":"https:\/\/progettotouring.it\/radiotouring104\/wp-json\/wp\/v2\/types\/post"}],"author":[{"embeddable":true,"href":"https:\/\/progettotouring.it\/radiotouring104\/wp-json\/wp\/v2\/users\/8"}],"replies":[{"embeddable":true,"href":"https:\/\/progettotouring.it\/radiotouring104\/wp-json\/wp\/v2\/comments?post=11080"}],"version-history":[{"count":1,"href":"https:\/\/progettotouring.it\/radiotouring104\/wp-json\/wp\/v2\/posts\/11080\/revisions"}],"predecessor-version":[{"id":11081,"href":"https:\/\/progettotouring.it\/radiotouring104\/wp-json\/wp\/v2\/posts\/11080\/revisions\/11081"}],"wp:featuredmedia":[{"embeddable":true,"href":"https:\/\/progettotouring.it\/radiotouring104\/wp-json\/wp\/v2\/media\/5381"}],"wp:attachment":[{"href":"https:\/\/progettotouring.it\/radiotouring104\/wp-json\/wp\/v2\/media?parent=11080"}],"wp:term":[{"taxonomy":"category","embeddable":true,"href":"https:\/\/progettotouring.it\/radiotouring104\/wp-json\/wp\/v2\/categories?post=11080"},{"taxonomy":"post_tag","embeddable":true,"href":"https:\/\/progettotouring.it\/radiotouring104\/wp-json\/wp\/v2\/tags?post=11080"}],"curies":[{"name":"wp","href":"https:\/\/api.w.org\/{rel}","templated":true}]}}