{"id":11084,"date":"2022-10-27T12:07:16","date_gmt":"2022-10-27T10:07:16","guid":{"rendered":"https:\/\/progettotouring.it\/radiotouring104\/?p=11084"},"modified":"2022-10-27T12:07:16","modified_gmt":"2022-10-27T10:07:16","slug":"festival-christmas-fest-al-grandinetti-di-lamezia-terme","status":"publish","type":"post","link":"https:\/\/progettotouring.it\/radiotouring104\/2022\/10\/27\/festival-christmas-fest-al-grandinetti-di-lamezia-terme\/","title":{"rendered":"Festival &#8220;Christmas Fest&#8221; al &#8220;Grandinetti&#8221; di Lamezia Terme"},"content":{"rendered":"<p class=\"xmprfx_MsoNormal\" align=\"center\">\n<p class=\"xmprfx_MsoNormal\"><b>Arriva al Teatro Comunale Grandinetti di Lamezia Terme il<\/b>\u00a0\u201c<b>Christmas Fest<\/b>&#8220;, il festival con concerti natalizi per animare l\u2019arrivo del Natale, organizzato dall\u2019Associazione Culturale\u00a0<b>Art-Music&amp;Co<\/b>\u00a0presieduta da Giusy Leone, con il Patrocinio dell\u2019Assessorato alla Cultura del Comune di Lamezia Terme. Si svolger\u00e0 nello storico Teatro, situato nel cuore della Citt\u00e0,\u00a0<b>domenica 18 dicembre alle ore 18:30 e gioved\u00ec 22 dicembre alle ore 21:00.<\/b><\/p>\n<p class=\"xmprfx_MsoNormal\">La prima serata prevede il concerto &#8220;<b>Natale per Caso<\/b>&#8221; dei\u00a0<b>Neri per Caso<\/b>, gruppo \u201ca cappella\u201d specializzato nel canto corale senza strumenti e in particolare del canto natalizio, ben rappresentato dal disco interamente dedicato alle carols natalizie.\u00a0<b>Ciro Caravano, Gonzalo Caravano, Domenico Pablo &#8220;Mim\u00ec&#8221; Caravano, Mario Crescenzo, Massimo de Divitiis, Daniele Blaquier<\/b>, fondono le voci senza strumenti, sullo stile di alcune grandi formazioni internazionali, come gli statunitensi Manhattan Transfer e gli israeliani The Voca People. Numerosi i riconoscimenti internazionali ricevuti, tra cui il prestigioso premio &#8220;Miglior disco a cappella europeo&#8221; della\u00a0<i>Contemporary A Cappella Recording Awards<\/i>\u00a0statunitense. In scaletta canti natalizi noti in tutto il mondo, come:\u00a0<i>Jingle Bells, Oh, Happy Day<\/i>,\u00a0<i>White Christmas, Happy Xmas di John Lennon &amp; Yoko Ono<\/i>, i canti tradizionali\u00a0<i>We Wish You A Merry Christmas<\/i>\u00a0e\u00a0<i>God Rest You Merry Gentlemen<\/i>, ecc.<\/p>\n<p class=\"xmprfx_MsoNormal\">La seconda serata prevede il concerto dal titolo &#8220;<b>Karima Xmas<\/b>&#8221; di\u00a0<b>Karima<\/b>\u00a0con Piero Frassi al pianoforte, Gabriele Evangelista al basso e Bernardo Guerra alla batteria. Karima porter\u00e0 in scena con la sua voce straordinaria un repertorio dedicato alle canzoni natalizie arrangiate in modo originale.\u00a0All&#8217;anagrafe Karima Ammar, \u00e8 una delle voci femminili pi\u00f9 belle e raffinate del panorama musicale internazionale. Il suo primo album, dal titolo &#8220;Karima&#8221;, \u00e8 stato registrato nel 2010 a Los Angeles con la direzione di Burt Bacharach, di cui ha anche inciso la raccolta dei pi\u00f9 grandi successi. Nello stesso anno, \u00e8 chiamata ad aprire i concerti di Whitney Houston, &#8220;The Voice&#8221;, un riconoscimento alle sue straordinarie qualit\u00e0 artistiche e vocali. Il concerto di Karima scelto per il \u201cChristmas Fest\u201d \u00e8 un viaggio nel repertorio natalizio mondiale tra jazz, soul e gospel.<\/p>\n<p class=\"xmprfx_MsoNormal\">Si va dai successi del sodalizio artistico tra Burt Bacharach e Dionne Warwick, come\u00a0<i>Close to You<\/i>,\u00a0<i>I Say a Little Prayer<\/i>,\u00a0<i>That\u2019s What Friends Are For<\/i>,\u00a0<i>Waiting for Charlie<\/i>, a celebri canzoni natalizie statunitensi, come\u00a0<i>Santa Claus Is Coming to Town<\/i>,\u00a0<i>Have Yourself A Merry Little Christmas<\/i>,\u00a0<i>The Christmas Song<\/i>e\u00a0<i>Let It Snow<\/i>, fino a due chicche composte da Steve Wonder,\u00a0<i>Can\u2019t Help It<\/i>\u00a0interpretata pure da Michael Jackson e la ballata soul\u00a0<i>Lately<\/i>, cantata dallo stesso Wonder.<\/p>\n<p class=\"xmprfx_MsoNormal\">Il \u201cChristmas Fest\u201d assumer\u00e0 anche forti connotati socio-umanitari, dal sostegno alla campagna informativa dell\u2019 \u201cAssociazione Susan G. Komen\u201d per la lotta al tumore al seno, alla dedica ai bambini russi e ucraini. Per l&#8217;occasione, il Teatro sar\u00e0 addobbato con allestimenti a tema e sul palcoscenico saranno sistemati due ledwall che, attraverso una regia mobile, trasmetteranno auguri di studenti coinvolti nel progetto, cartoline e immagini festose da tutto il mondo.<\/p>\n<p class=\"xmprfx_MsoNormal\">I biglietti per assistere ai due eventi sono gi\u00e0 disponibili su<a href=\"http:\/\/www.ticketone.it\/\" target=\"_blank\" rel=\"noopener noreferrer\">\u00a0www.ticketone.it\u00a0<\/a>e presso gli Uffici Pegna (corso G. Nicotera n. 237) al costo di \u20ac 17,50 per platea e palchi e di \u20ac 12,50 per la galleria, compresi diritti di prevendita. Tutte le informazioni sono disponibili allo 0968441888.<\/p>\n","protected":false},"excerpt":{"rendered":"<p>Arriva al Teatro Comunale Grandinetti di Lamezia Terme il\u00a0\u201cChristmas Fest&#8220;, il festival con concerti natalizi per animare l\u2019arrivo del Natale, organizzato dall\u2019Associazione Culturale\u00a0Art-Music&amp;Co\u00a0presieduta da Giusy Leone, con il Patrocinio dell\u2019Assessorato&hellip;<\/p>\n","protected":false},"author":12,"featured_media":11087,"comment_status":"open","ping_status":"open","sticky":false,"template":"","format":"standard","meta":{"_jetpack_memberships_contains_paid_content":false,"footnotes":"","jetpack_publicize_message":"","jetpack_publicize_feature_enabled":true,"jetpack_social_post_already_shared":false,"jetpack_social_options":{"image_generator_settings":{"template":"highway","default_image_id":0,"font":"","enabled":false},"version":2}},"categories":[142,921,146,196,140,147],"tags":[5115,1705,869,5114,5113],"class_list":["post-11084","post","type-post","status-publish","format-standard","has-post-thumbnail","hentry","category-calabria","category-home","category-musica","category-news","category-reggio-calabria","category-spettacoli","tag-festival-christmas-fest","tag-lamezia-terme","tag-musica","tag-neri-per-caso","tag-teatro-grandinetti"],"yoast_head":"<!-- This site is optimized with the Yoast SEO plugin v27.2 - https:\/\/yoast.com\/product\/yoast-seo-wordpress\/ -->\n<title>Festival &quot;Christmas Fest&quot; al &quot;Teatro Grandinetti&quot;di Lamezia<\/title>\n<meta name=\"description\" content=\"Il Festival di concerti natalizi, organizzato dall\u2019Associazione Culturale\u00a0Art-Music&amp;Co, si terr\u00e0 nello storico Teatro, domenica 18 dicembre alle ore 18:30 e gioved\u00ec 22 dicembre alle ore 21:00.\" \/>\n<meta name=\"robots\" content=\"index, follow, max-snippet:-1, max-image-preview:large, max-video-preview:-1\" \/>\n<link rel=\"canonical\" href=\"https:\/\/progettotouring.it\/radiotouring104\/2022\/10\/27\/festival-christmas-fest-al-grandinetti-di-lamezia-terme\/\" \/>\n<meta property=\"og:locale\" content=\"it_IT\" \/>\n<meta property=\"og:type\" content=\"article\" \/>\n<meta property=\"og:title\" content=\"Festival &quot;Christmas Fest&quot; al &quot;Teatro Grandinetti&quot;di Lamezia\" \/>\n<meta property=\"og:description\" content=\"Il Festival di concerti natalizi, organizzato dall\u2019Associazione Culturale\u00a0Art-Music&amp;Co, si terr\u00e0 nello storico Teatro, domenica 18 dicembre alle ore 18:30 e gioved\u00ec 22 dicembre alle ore 21:00.\" \/>\n<meta property=\"og:url\" content=\"https:\/\/progettotouring.it\/radiotouring104\/2022\/10\/27\/festival-christmas-fest-al-grandinetti-di-lamezia-terme\/\" \/>\n<meta property=\"og:site_name\" content=\"Radio Touring 104\" \/>\n<meta property=\"article:published_time\" content=\"2022-10-27T10:07:16+00:00\" \/>\n<meta property=\"og:image\" content=\"https:\/\/progettotouring.it\/radiotouring104\/wp-content\/uploads\/sites\/6\/2022\/10\/Neri-per-Caso-al-Festival-Christmas-Fest.jpg\" \/>\n\t<meta property=\"og:image:width\" content=\"1920\" \/>\n\t<meta property=\"og:image:height\" content=\"1851\" \/>\n\t<meta property=\"og:image:type\" content=\"image\/jpeg\" \/>\n<meta name=\"author\" content=\"Sebastiano Plutino\" \/>\n<meta name=\"twitter:card\" content=\"summary_large_image\" \/>\n<meta name=\"twitter:label1\" content=\"Scritto da\" \/>\n\t<meta name=\"twitter:data1\" content=\"Sebastiano Plutino\" \/>\n\t<meta name=\"twitter:label2\" content=\"Tempo di lettura stimato\" \/>\n\t<meta name=\"twitter:data2\" content=\"3 minuti\" \/>\n<script type=\"application\/ld+json\" class=\"yoast-schema-graph\">{\"@context\":\"https:\/\/schema.org\",\"@graph\":[{\"@type\":\"Article\",\"@id\":\"https:\/\/progettotouring.it\/radiotouring104\/2022\/10\/27\/festival-christmas-fest-al-grandinetti-di-lamezia-terme\/#article\",\"isPartOf\":{\"@id\":\"https:\/\/progettotouring.it\/radiotouring104\/2022\/10\/27\/festival-christmas-fest-al-grandinetti-di-lamezia-terme\/\"},\"author\":{\"name\":\"Sebastiano Plutino\",\"@id\":\"https:\/\/progettotouring.it\/radiotouring104\/#\/schema\/person\/78613917f1851f041f7483f5af1d422e\"},\"headline\":\"Festival &#8220;Christmas Fest&#8221; al &#8220;Grandinetti&#8221; di Lamezia Terme\",\"datePublished\":\"2022-10-27T10:07:16+00:00\",\"mainEntityOfPage\":{\"@id\":\"https:\/\/progettotouring.it\/radiotouring104\/2022\/10\/27\/festival-christmas-fest-al-grandinetti-di-lamezia-terme\/\"},\"wordCount\":537,\"commentCount\":0,\"publisher\":{\"@id\":\"https:\/\/progettotouring.it\/radiotouring104\/#organization\"},\"image\":{\"@id\":\"https:\/\/progettotouring.it\/radiotouring104\/2022\/10\/27\/festival-christmas-fest-al-grandinetti-di-lamezia-terme\/#primaryimage\"},\"thumbnailUrl\":\"https:\/\/progettotouring.it\/radiotouring104\/wp-content\/uploads\/sites\/6\/2022\/10\/Neri-per-Caso-al-Festival-Christmas-Fest.jpg\",\"keywords\":[\"Festival \\\"Christmas Fest\\\"\",\"Lamezia Terme\",\"musica\",\"Neri Per Caso\",\"Teatro Grandinetti\"],\"articleSection\":[\"Calabria\",\"Home\",\"Musica\",\"News\",\"Reggio Calabria\",\"Spettacoli\"],\"inLanguage\":\"it-IT\",\"potentialAction\":[{\"@type\":\"CommentAction\",\"name\":\"Comment\",\"target\":[\"https:\/\/progettotouring.it\/radiotouring104\/2022\/10\/27\/festival-christmas-fest-al-grandinetti-di-lamezia-terme\/#respond\"]}]},{\"@type\":\"WebPage\",\"@id\":\"https:\/\/progettotouring.it\/radiotouring104\/2022\/10\/27\/festival-christmas-fest-al-grandinetti-di-lamezia-terme\/\",\"url\":\"https:\/\/progettotouring.it\/radiotouring104\/2022\/10\/27\/festival-christmas-fest-al-grandinetti-di-lamezia-terme\/\",\"name\":\"Festival \\\"Christmas Fest\\\" al \\\"Teatro Grandinetti\\\"di Lamezia\",\"isPartOf\":{\"@id\":\"https:\/\/progettotouring.it\/radiotouring104\/#website\"},\"primaryImageOfPage\":{\"@id\":\"https:\/\/progettotouring.it\/radiotouring104\/2022\/10\/27\/festival-christmas-fest-al-grandinetti-di-lamezia-terme\/#primaryimage\"},\"image\":{\"@id\":\"https:\/\/progettotouring.it\/radiotouring104\/2022\/10\/27\/festival-christmas-fest-al-grandinetti-di-lamezia-terme\/#primaryimage\"},\"thumbnailUrl\":\"https:\/\/progettotouring.it\/radiotouring104\/wp-content\/uploads\/sites\/6\/2022\/10\/Neri-per-Caso-al-Festival-Christmas-Fest.jpg\",\"datePublished\":\"2022-10-27T10:07:16+00:00\",\"description\":\"Il Festival di concerti natalizi, organizzato dall\u2019Associazione Culturale\u00a0Art-Music&Co, si terr\u00e0 nello storico Teatro, domenica 18 dicembre alle ore 18:30 e gioved\u00ec 22 dicembre alle ore 21:00.\",\"breadcrumb\":{\"@id\":\"https:\/\/progettotouring.it\/radiotouring104\/2022\/10\/27\/festival-christmas-fest-al-grandinetti-di-lamezia-terme\/#breadcrumb\"},\"inLanguage\":\"it-IT\",\"potentialAction\":[{\"@type\":\"ReadAction\",\"target\":[\"https:\/\/progettotouring.it\/radiotouring104\/2022\/10\/27\/festival-christmas-fest-al-grandinetti-di-lamezia-terme\/\"]}]},{\"@type\":\"ImageObject\",\"inLanguage\":\"it-IT\",\"@id\":\"https:\/\/progettotouring.it\/radiotouring104\/2022\/10\/27\/festival-christmas-fest-al-grandinetti-di-lamezia-terme\/#primaryimage\",\"url\":\"https:\/\/progettotouring.it\/radiotouring104\/wp-content\/uploads\/sites\/6\/2022\/10\/Neri-per-Caso-al-Festival-Christmas-Fest.jpg\",\"contentUrl\":\"https:\/\/progettotouring.it\/radiotouring104\/wp-content\/uploads\/sites\/6\/2022\/10\/Neri-per-Caso-al-Festival-Christmas-Fest.jpg\",\"width\":1920,\"height\":1851},{\"@type\":\"BreadcrumbList\",\"@id\":\"https:\/\/progettotouring.it\/radiotouring104\/2022\/10\/27\/festival-christmas-fest-al-grandinetti-di-lamezia-terme\/#breadcrumb\",\"itemListElement\":[{\"@type\":\"ListItem\",\"position\":1,\"name\":\"Home\",\"item\":\"https:\/\/progettotouring.it\/radiotouring104\/\"},{\"@type\":\"ListItem\",\"position\":2,\"name\":\"Festival &#8220;Christmas Fest&#8221; al &#8220;Grandinetti&#8221; di Lamezia Terme\"}]},{\"@type\":\"WebSite\",\"@id\":\"https:\/\/progettotouring.it\/radiotouring104\/#website\",\"url\":\"https:\/\/progettotouring.it\/radiotouring104\/\",\"name\":\"Radio Touring 104\",\"description\":\"La prima radio Reggina\",\"publisher\":{\"@id\":\"https:\/\/progettotouring.it\/radiotouring104\/#organization\"},\"potentialAction\":[{\"@type\":\"SearchAction\",\"target\":{\"@type\":\"EntryPoint\",\"urlTemplate\":\"https:\/\/progettotouring.it\/radiotouring104\/?s={search_term_string}\"},\"query-input\":{\"@type\":\"PropertyValueSpecification\",\"valueRequired\":true,\"valueName\":\"search_term_string\"}}],\"inLanguage\":\"it-IT\"},{\"@type\":\"Organization\",\"@id\":\"https:\/\/progettotouring.it\/radiotouring104\/#organization\",\"name\":\"Radio Touring 104\",\"url\":\"https:\/\/progettotouring.it\/radiotouring104\/\",\"logo\":{\"@type\":\"ImageObject\",\"inLanguage\":\"it-IT\",\"@id\":\"https:\/\/progettotouring.it\/radiotouring104\/#\/schema\/logo\/image\/\",\"url\":\"https:\/\/progettotouring.it\/radiotouring104\/wp-content\/uploads\/sites\/6\/2022\/02\/cropped-logo-radio-touring-104.png\",\"contentUrl\":\"https:\/\/progettotouring.it\/radiotouring104\/wp-content\/uploads\/sites\/6\/2022\/02\/cropped-logo-radio-touring-104.png\",\"width\":377,\"height\":182,\"caption\":\"Radio Touring 104\"},\"image\":{\"@id\":\"https:\/\/progettotouring.it\/radiotouring104\/#\/schema\/logo\/image\/\"}},{\"@type\":\"Person\",\"@id\":\"https:\/\/progettotouring.it\/radiotouring104\/#\/schema\/person\/78613917f1851f041f7483f5af1d422e\",\"name\":\"Sebastiano Plutino\",\"image\":{\"@type\":\"ImageObject\",\"inLanguage\":\"it-IT\",\"@id\":\"https:\/\/secure.gravatar.com\/avatar\/0546ffaa9b79224faf9f2a156b67a529ae861d3287c66c1d8ccfdf909bcba78d?s=96&d=mm&r=g\",\"url\":\"https:\/\/secure.gravatar.com\/avatar\/0546ffaa9b79224faf9f2a156b67a529ae861d3287c66c1d8ccfdf909bcba78d?s=96&d=mm&r=g\",\"contentUrl\":\"https:\/\/secure.gravatar.com\/avatar\/0546ffaa9b79224faf9f2a156b67a529ae861d3287c66c1d8ccfdf909bcba78d?s=96&d=mm&r=g\",\"caption\":\"Sebastiano Plutino\"},\"url\":\"https:\/\/progettotouring.it\/radiotouring104\/author\/sebastiano\/\"}]}<\/script>\n<!-- \/ Yoast SEO plugin. -->","yoast_head_json":{"title":"Festival \"Christmas Fest\" al \"Teatro Grandinetti\"di Lamezia","description":"Il Festival di concerti natalizi, organizzato dall\u2019Associazione Culturale\u00a0Art-Music&Co, si terr\u00e0 nello storico Teatro, domenica 18 dicembre alle ore 18:30 e gioved\u00ec 22 dicembre alle ore 21:00.","robots":{"index":"index","follow":"follow","max-snippet":"max-snippet:-1","max-image-preview":"max-image-preview:large","max-video-preview":"max-video-preview:-1"},"canonical":"https:\/\/progettotouring.it\/radiotouring104\/2022\/10\/27\/festival-christmas-fest-al-grandinetti-di-lamezia-terme\/","og_locale":"it_IT","og_type":"article","og_title":"Festival \"Christmas Fest\" al \"Teatro Grandinetti\"di Lamezia","og_description":"Il Festival di concerti natalizi, organizzato dall\u2019Associazione Culturale\u00a0Art-Music&Co, si terr\u00e0 nello storico Teatro, domenica 18 dicembre alle ore 18:30 e gioved\u00ec 22 dicembre alle ore 21:00.","og_url":"https:\/\/progettotouring.it\/radiotouring104\/2022\/10\/27\/festival-christmas-fest-al-grandinetti-di-lamezia-terme\/","og_site_name":"Radio Touring 104","article_published_time":"2022-10-27T10:07:16+00:00","og_image":[{"width":1920,"height":1851,"url":"https:\/\/progettotouring.it\/radiotouring104\/wp-content\/uploads\/sites\/6\/2022\/10\/Neri-per-Caso-al-Festival-Christmas-Fest.jpg","type":"image\/jpeg"}],"author":"Sebastiano Plutino","twitter_card":"summary_large_image","twitter_misc":{"Scritto da":"Sebastiano Plutino","Tempo di lettura stimato":"3 minuti"},"schema":{"@context":"https:\/\/schema.org","@graph":[{"@type":"Article","@id":"https:\/\/progettotouring.it\/radiotouring104\/2022\/10\/27\/festival-christmas-fest-al-grandinetti-di-lamezia-terme\/#article","isPartOf":{"@id":"https:\/\/progettotouring.it\/radiotouring104\/2022\/10\/27\/festival-christmas-fest-al-grandinetti-di-lamezia-terme\/"},"author":{"name":"Sebastiano Plutino","@id":"https:\/\/progettotouring.it\/radiotouring104\/#\/schema\/person\/78613917f1851f041f7483f5af1d422e"},"headline":"Festival &#8220;Christmas Fest&#8221; al &#8220;Grandinetti&#8221; di Lamezia Terme","datePublished":"2022-10-27T10:07:16+00:00","mainEntityOfPage":{"@id":"https:\/\/progettotouring.it\/radiotouring104\/2022\/10\/27\/festival-christmas-fest-al-grandinetti-di-lamezia-terme\/"},"wordCount":537,"commentCount":0,"publisher":{"@id":"https:\/\/progettotouring.it\/radiotouring104\/#organization"},"image":{"@id":"https:\/\/progettotouring.it\/radiotouring104\/2022\/10\/27\/festival-christmas-fest-al-grandinetti-di-lamezia-terme\/#primaryimage"},"thumbnailUrl":"https:\/\/progettotouring.it\/radiotouring104\/wp-content\/uploads\/sites\/6\/2022\/10\/Neri-per-Caso-al-Festival-Christmas-Fest.jpg","keywords":["Festival \"Christmas Fest\"","Lamezia Terme","musica","Neri Per Caso","Teatro Grandinetti"],"articleSection":["Calabria","Home","Musica","News","Reggio Calabria","Spettacoli"],"inLanguage":"it-IT","potentialAction":[{"@type":"CommentAction","name":"Comment","target":["https:\/\/progettotouring.it\/radiotouring104\/2022\/10\/27\/festival-christmas-fest-al-grandinetti-di-lamezia-terme\/#respond"]}]},{"@type":"WebPage","@id":"https:\/\/progettotouring.it\/radiotouring104\/2022\/10\/27\/festival-christmas-fest-al-grandinetti-di-lamezia-terme\/","url":"https:\/\/progettotouring.it\/radiotouring104\/2022\/10\/27\/festival-christmas-fest-al-grandinetti-di-lamezia-terme\/","name":"Festival \"Christmas Fest\" al \"Teatro Grandinetti\"di Lamezia","isPartOf":{"@id":"https:\/\/progettotouring.it\/radiotouring104\/#website"},"primaryImageOfPage":{"@id":"https:\/\/progettotouring.it\/radiotouring104\/2022\/10\/27\/festival-christmas-fest-al-grandinetti-di-lamezia-terme\/#primaryimage"},"image":{"@id":"https:\/\/progettotouring.it\/radiotouring104\/2022\/10\/27\/festival-christmas-fest-al-grandinetti-di-lamezia-terme\/#primaryimage"},"thumbnailUrl":"https:\/\/progettotouring.it\/radiotouring104\/wp-content\/uploads\/sites\/6\/2022\/10\/Neri-per-Caso-al-Festival-Christmas-Fest.jpg","datePublished":"2022-10-27T10:07:16+00:00","description":"Il Festival di concerti natalizi, organizzato dall\u2019Associazione Culturale\u00a0Art-Music&Co, si terr\u00e0 nello storico Teatro, domenica 18 dicembre alle ore 18:30 e gioved\u00ec 22 dicembre alle ore 21:00.","breadcrumb":{"@id":"https:\/\/progettotouring.it\/radiotouring104\/2022\/10\/27\/festival-christmas-fest-al-grandinetti-di-lamezia-terme\/#breadcrumb"},"inLanguage":"it-IT","potentialAction":[{"@type":"ReadAction","target":["https:\/\/progettotouring.it\/radiotouring104\/2022\/10\/27\/festival-christmas-fest-al-grandinetti-di-lamezia-terme\/"]}]},{"@type":"ImageObject","inLanguage":"it-IT","@id":"https:\/\/progettotouring.it\/radiotouring104\/2022\/10\/27\/festival-christmas-fest-al-grandinetti-di-lamezia-terme\/#primaryimage","url":"https:\/\/progettotouring.it\/radiotouring104\/wp-content\/uploads\/sites\/6\/2022\/10\/Neri-per-Caso-al-Festival-Christmas-Fest.jpg","contentUrl":"https:\/\/progettotouring.it\/radiotouring104\/wp-content\/uploads\/sites\/6\/2022\/10\/Neri-per-Caso-al-Festival-Christmas-Fest.jpg","width":1920,"height":1851},{"@type":"BreadcrumbList","@id":"https:\/\/progettotouring.it\/radiotouring104\/2022\/10\/27\/festival-christmas-fest-al-grandinetti-di-lamezia-terme\/#breadcrumb","itemListElement":[{"@type":"ListItem","position":1,"name":"Home","item":"https:\/\/progettotouring.it\/radiotouring104\/"},{"@type":"ListItem","position":2,"name":"Festival &#8220;Christmas Fest&#8221; al &#8220;Grandinetti&#8221; di Lamezia Terme"}]},{"@type":"WebSite","@id":"https:\/\/progettotouring.it\/radiotouring104\/#website","url":"https:\/\/progettotouring.it\/radiotouring104\/","name":"Radio Touring 104","description":"La prima radio Reggina","publisher":{"@id":"https:\/\/progettotouring.it\/radiotouring104\/#organization"},"potentialAction":[{"@type":"SearchAction","target":{"@type":"EntryPoint","urlTemplate":"https:\/\/progettotouring.it\/radiotouring104\/?s={search_term_string}"},"query-input":{"@type":"PropertyValueSpecification","valueRequired":true,"valueName":"search_term_string"}}],"inLanguage":"it-IT"},{"@type":"Organization","@id":"https:\/\/progettotouring.it\/radiotouring104\/#organization","name":"Radio Touring 104","url":"https:\/\/progettotouring.it\/radiotouring104\/","logo":{"@type":"ImageObject","inLanguage":"it-IT","@id":"https:\/\/progettotouring.it\/radiotouring104\/#\/schema\/logo\/image\/","url":"https:\/\/progettotouring.it\/radiotouring104\/wp-content\/uploads\/sites\/6\/2022\/02\/cropped-logo-radio-touring-104.png","contentUrl":"https:\/\/progettotouring.it\/radiotouring104\/wp-content\/uploads\/sites\/6\/2022\/02\/cropped-logo-radio-touring-104.png","width":377,"height":182,"caption":"Radio Touring 104"},"image":{"@id":"https:\/\/progettotouring.it\/radiotouring104\/#\/schema\/logo\/image\/"}},{"@type":"Person","@id":"https:\/\/progettotouring.it\/radiotouring104\/#\/schema\/person\/78613917f1851f041f7483f5af1d422e","name":"Sebastiano Plutino","image":{"@type":"ImageObject","inLanguage":"it-IT","@id":"https:\/\/secure.gravatar.com\/avatar\/0546ffaa9b79224faf9f2a156b67a529ae861d3287c66c1d8ccfdf909bcba78d?s=96&d=mm&r=g","url":"https:\/\/secure.gravatar.com\/avatar\/0546ffaa9b79224faf9f2a156b67a529ae861d3287c66c1d8ccfdf909bcba78d?s=96&d=mm&r=g","contentUrl":"https:\/\/secure.gravatar.com\/avatar\/0546ffaa9b79224faf9f2a156b67a529ae861d3287c66c1d8ccfdf909bcba78d?s=96&d=mm&r=g","caption":"Sebastiano Plutino"},"url":"https:\/\/progettotouring.it\/radiotouring104\/author\/sebastiano\/"}]}},"jetpack_publicize_connections":[],"jetpack_featured_media_url":"https:\/\/progettotouring.it\/radiotouring104\/wp-content\/uploads\/sites\/6\/2022\/10\/Neri-per-Caso-al-Festival-Christmas-Fest.jpg","jetpack_sharing_enabled":true,"_links":{"self":[{"href":"https:\/\/progettotouring.it\/radiotouring104\/wp-json\/wp\/v2\/posts\/11084","targetHints":{"allow":["GET"]}}],"collection":[{"href":"https:\/\/progettotouring.it\/radiotouring104\/wp-json\/wp\/v2\/posts"}],"about":[{"href":"https:\/\/progettotouring.it\/radiotouring104\/wp-json\/wp\/v2\/types\/post"}],"author":[{"embeddable":true,"href":"https:\/\/progettotouring.it\/radiotouring104\/wp-json\/wp\/v2\/users\/12"}],"replies":[{"embeddable":true,"href":"https:\/\/progettotouring.it\/radiotouring104\/wp-json\/wp\/v2\/comments?post=11084"}],"version-history":[{"count":1,"href":"https:\/\/progettotouring.it\/radiotouring104\/wp-json\/wp\/v2\/posts\/11084\/revisions"}],"predecessor-version":[{"id":11090,"href":"https:\/\/progettotouring.it\/radiotouring104\/wp-json\/wp\/v2\/posts\/11084\/revisions\/11090"}],"wp:featuredmedia":[{"embeddable":true,"href":"https:\/\/progettotouring.it\/radiotouring104\/wp-json\/wp\/v2\/media\/11087"}],"wp:attachment":[{"href":"https:\/\/progettotouring.it\/radiotouring104\/wp-json\/wp\/v2\/media?parent=11084"}],"wp:term":[{"taxonomy":"category","embeddable":true,"href":"https:\/\/progettotouring.it\/radiotouring104\/wp-json\/wp\/v2\/categories?post=11084"},{"taxonomy":"post_tag","embeddable":true,"href":"https:\/\/progettotouring.it\/radiotouring104\/wp-json\/wp\/v2\/tags?post=11084"}],"curies":[{"name":"wp","href":"https:\/\/api.w.org\/{rel}","templated":true}]}}