{"id":11085,"date":"2022-10-27T12:05:07","date_gmt":"2022-10-27T10:05:07","guid":{"rendered":"https:\/\/progettotouring.it\/radiotouring104\/?p=11085"},"modified":"2022-10-27T12:05:07","modified_gmt":"2022-10-27T10:05:07","slug":"coldiretti-calabria-sbloccati-24-milioni-per-rafforzare-filiere-e-distretti","status":"publish","type":"post","link":"https:\/\/progettotouring.it\/radiotouring104\/2022\/10\/27\/coldiretti-calabria-sbloccati-24-milioni-per-rafforzare-filiere-e-distretti\/","title":{"rendered":"Coldiretti Calabria: sbloccati 24 milioni per rafforzare filiere e distretti"},"content":{"rendered":"<p class=\"xmprfx_MsoNormal\" style=\"text-align: justify\">Al via gli interventi per l\u2019agricoltura biologica, con il segmento del bio che vede la <strong>Calabria<\/strong> forte con pi\u00f9 di un campo su 3 in bio 36,4%, nonostante gli agricoltori siano stretti tra speculazioni e caro bollette, aggravati dalla guerra in Ucraina. A darne notizia \u00e8 <strong>Coldiretti Calabria<\/strong> , dopo la firma del Decreto del Ministero delle Politiche Agricole con cui diventano operativi, dopo anni di attesa, gli interventi previsti dalla Legge di Bilancio 2020 per il settore dell\u2019agricoltura biologica. La legge di Bilancio aveva istituito il \u201c<em>Fondo per l&#8217;agricoltura biologica<\/em>\u201d, con l\u2019obiettivo \u2013 spiega Coldiretti Calabria &#8211; di dare attuazione a interventi a favore delle forme di produzione agricola a ridotto impatto ambientale e per la promozione di filiere e distretti di agricoltura biologica e di ogni attivit\u00e0 a queste connessa, con una dotazione che nel 2021 \u00e8 stata ulteriormente incrementata, per arrivare ad una disponibilit\u00e0 totale, per il 2020 e il 2021, di 24 milioni di euro e che vedr\u00e0 per ciascun anno successivo una dotazione di <strong>5 milioni di euro. <\/strong><\/p>\n<p class=\"xmprfx_MsoNormal\" style=\"text-align: justify\">L&#8217;obiettivo \u00e8 di favorire forme aggregative e partecipative nei rapporti tra i differenti soggetti delle filiere biologiche \u2013 aggiunge Coldiretti Calabria- implementando la transizione ecologica del comparto, lo sviluppo, la collaborazione e l&#8217;integrazione fra i soggetti della filiera, stimolare le relazioni di mercato e garantire ricadute positive sulla produzione agricola di prossimit\u00e0 e sull&#8217;economia del territorio. Coldiretti\u00a0\u00a0&#8211; spiega\u00a0<b>Vincenzo Abbruzzese vice-presidente Coldiretti Calabria<\/b> e componente nazionale di\u00a0\u00a0\u201c<em>Coldiretti Bio \u00e8 da tempo convinta che sia necessario per il biologico ritrovare la sua dimensione agricola, saldamente legata al territorio di produzione e per questo auspica che questi obiettivi possano guidare lo sviluppo di un modello produttivo attento all&#8217;ambiente e alle persone, di cui le aziende agricole sono da tempo protagoniste e che contano, nella nostra regione,\u00a0\u00a0un patrimonio di oltre 11mila aziende agricole coinvolte su un totale nazionale di 80.643\u201d.<\/em><\/p>\n<p class=\"xmprfx_MsoNormal\" style=\"text-align: justify\">Una crescita &#8211; annota Coldiretti &#8211; alla quale fa per\u00f2 da contraltare l\u2019invasione di prodotti biologici da Paesi extracomunitari che registra un incremento. Grazie alla ricerca il settore biologico pu\u00f2 diventare un formidabile strumento di valorizzazione e un bacino di approvvigionamento \u2013 aggiunge <strong>Coldiretti Calabria<\/strong>&#8211; di prodotti di alta qualit\u00e0 e un valore aggiunto per gli enti pubblici sensibili alla corretta alimentazione di adulti e bambini. E\u2019 necessario al contempo che tutti i prodotti che entrano nei confini regionali, nazionali ed europei rispettino gli stessi criteri a tutela della sicurezza dei consumatori, perch\u00e9 dietro gli alimenti, italiani e stranieri in vendita sugli scaffali ci deve essere la garanzia di un percorso di qualit\u00e0 che riguarda l\u2019ambiente, la salute e il lavoro, con una giusta distribuzione del valore. L\u2019attenzione dei consumatori di cibo biologico ha portato alla realizzazione nei <strong>Mercati di Campagna Amica<\/strong> di spazi destinati alle produzioni agroalimentari biologiche, oltre alle <strong>Botteghe Italiane<\/strong> completamente bio e numerosi agriturismo di Campagna Amica che hanno impostato la ristorazione proprio sulle produzioni aziendali bio.<\/p>\n<p class=\"xmprfx_MsoNormal\" style=\"text-align: justify\">Altro punto centrale del progetto di Coldiretti sul biologico \u00e8 l\u2019attenzione alla sicurezza alimentare nei servizi di ristorazione collettiva, che deve diventare un preciso dovere degli enti locali (Comuni, Province e Regioni). La continua richiesta di prodotti freschi e di stagione stimola l\u2019imprenditore biologico a ricercare ulteriori forme di contatto commerciale con il consumatore. I timori dei consumatori, innescati dal Covid e soprattutto dagli scandali alimentari, si sono tradotti \u2013 aggiunge <b>Vincenzo Abbruzzese<\/b> &#8211; in una seria preoccupazione per la sicurezza alimentare e in una domanda crescente di garanzie di qualit\u00e0 e maggiori informazioni sui metodi di produzione. L\u2019Italia \u00e8 uno dei maggiori importatori di alimenti biologici da Paesi extracomunitari e non pu\u00f2 accettare passi indietro sulla sicurezza alimentare che mettono a rischio la salute dei consumatori ma anche la competitivit\u00e0 del Made in Italy campo alla tavola, con la leadership Ue proprio nel biologico.<\/p>\n","protected":false},"excerpt":{"rendered":"<p>Al via gli interventi per l\u2019agricoltura biologica, con il segmento del bio che vede la Calabria forte con pi\u00f9 di un campo su 3 in bio 36,4%, nonostante gli agricoltori&hellip;<\/p>\n","protected":false},"author":8,"featured_media":11086,"comment_status":"open","ping_status":"open","sticky":false,"template":"","format":"standard","meta":{"_jetpack_memberships_contains_paid_content":false,"footnotes":"","jetpack_publicize_message":"","jetpack_publicize_feature_enabled":true,"jetpack_social_post_already_shared":false,"jetpack_social_options":{"image_generator_settings":{"template":"highway","default_image_id":0,"font":"","enabled":false},"version":2}},"categories":[142,921,196],"tags":[557,5112,5111],"class_list":["post-11085","post","type-post","status-publish","format-standard","has-post-thumbnail","hentry","category-calabria","category-home","category-news","tag-coldiretti-calabria","tag-mercati-di-campagna-amica","tag-vincenzo-abbruzzese"],"yoast_head":"<!-- This site is optimized with the Yoast SEO plugin v27.2 - https:\/\/yoast.com\/product\/yoast-seo-wordpress\/ -->\n<title>Coldiretti Calabria: sbloccati 24 milioni per rafforzare le filiere<\/title>\n<meta name=\"description\" content=\"Al via i sostegni per agricoltura biologica, sbloccati 24 milioni per rafforzare filiere e distretti. A comunicarlo \u00e8 Coldiretti Calabria\" \/>\n<meta name=\"robots\" content=\"index, follow, max-snippet:-1, max-image-preview:large, max-video-preview:-1\" \/>\n<link rel=\"canonical\" href=\"https:\/\/progettotouring.it\/radiotouring104\/2022\/10\/27\/coldiretti-calabria-sbloccati-24-milioni-per-rafforzare-filiere-e-distretti\/\" \/>\n<meta property=\"og:locale\" content=\"it_IT\" \/>\n<meta property=\"og:type\" content=\"article\" \/>\n<meta property=\"og:title\" content=\"Coldiretti Calabria: sbloccati 24 milioni per rafforzare le filiere\" \/>\n<meta property=\"og:description\" content=\"Al via i sostegni per agricoltura biologica, sbloccati 24 milioni per rafforzare filiere e distretti. A comunicarlo \u00e8 Coldiretti Calabria\" \/>\n<meta property=\"og:url\" content=\"https:\/\/progettotouring.it\/radiotouring104\/2022\/10\/27\/coldiretti-calabria-sbloccati-24-milioni-per-rafforzare-filiere-e-distretti\/\" \/>\n<meta property=\"og:site_name\" content=\"Radio Touring 104\" \/>\n<meta property=\"article:published_time\" content=\"2022-10-27T10:05:07+00:00\" \/>\n<meta property=\"og:image\" content=\"https:\/\/progettotouring.it\/radiotouring104\/wp-content\/uploads\/sites\/6\/2022\/10\/vincenzo-abbruzzese-2.png\" \/>\n\t<meta property=\"og:image:width\" content=\"909\" \/>\n\t<meta property=\"og:image:height\" content=\"831\" \/>\n\t<meta property=\"og:image:type\" content=\"image\/png\" \/>\n<meta name=\"author\" content=\"Filippo Francesco Idone\" \/>\n<meta name=\"twitter:card\" content=\"summary_large_image\" \/>\n<meta name=\"twitter:label1\" content=\"Scritto da\" \/>\n\t<meta name=\"twitter:data1\" content=\"Filippo Francesco Idone\" \/>\n\t<meta name=\"twitter:label2\" content=\"Tempo di lettura stimato\" \/>\n\t<meta name=\"twitter:data2\" content=\"3 minuti\" \/>\n<script type=\"application\/ld+json\" class=\"yoast-schema-graph\">{\"@context\":\"https:\/\/schema.org\",\"@graph\":[{\"@type\":\"Article\",\"@id\":\"https:\/\/progettotouring.it\/radiotouring104\/2022\/10\/27\/coldiretti-calabria-sbloccati-24-milioni-per-rafforzare-filiere-e-distretti\/#article\",\"isPartOf\":{\"@id\":\"https:\/\/progettotouring.it\/radiotouring104\/2022\/10\/27\/coldiretti-calabria-sbloccati-24-milioni-per-rafforzare-filiere-e-distretti\/\"},\"author\":{\"name\":\"Filippo Francesco Idone\",\"@id\":\"https:\/\/progettotouring.it\/radiotouring104\/#\/schema\/person\/4a82259ca52ac8702ad1a8f9e5a3120b\"},\"headline\":\"Coldiretti Calabria: sbloccati 24 milioni per rafforzare filiere e distretti\",\"datePublished\":\"2022-10-27T10:05:07+00:00\",\"mainEntityOfPage\":{\"@id\":\"https:\/\/progettotouring.it\/radiotouring104\/2022\/10\/27\/coldiretti-calabria-sbloccati-24-milioni-per-rafforzare-filiere-e-distretti\/\"},\"wordCount\":627,\"commentCount\":0,\"publisher\":{\"@id\":\"https:\/\/progettotouring.it\/radiotouring104\/#organization\"},\"image\":{\"@id\":\"https:\/\/progettotouring.it\/radiotouring104\/2022\/10\/27\/coldiretti-calabria-sbloccati-24-milioni-per-rafforzare-filiere-e-distretti\/#primaryimage\"},\"thumbnailUrl\":\"https:\/\/progettotouring.it\/radiotouring104\/wp-content\/uploads\/sites\/6\/2022\/10\/vincenzo-abbruzzese-2.png\",\"keywords\":[\"Coldiretti Calabria\",\"Mercati di Campagna Amica\",\"Vincenzo Abbruzzese\"],\"articleSection\":[\"Calabria\",\"Home\",\"News\"],\"inLanguage\":\"it-IT\",\"potentialAction\":[{\"@type\":\"CommentAction\",\"name\":\"Comment\",\"target\":[\"https:\/\/progettotouring.it\/radiotouring104\/2022\/10\/27\/coldiretti-calabria-sbloccati-24-milioni-per-rafforzare-filiere-e-distretti\/#respond\"]}]},{\"@type\":\"WebPage\",\"@id\":\"https:\/\/progettotouring.it\/radiotouring104\/2022\/10\/27\/coldiretti-calabria-sbloccati-24-milioni-per-rafforzare-filiere-e-distretti\/\",\"url\":\"https:\/\/progettotouring.it\/radiotouring104\/2022\/10\/27\/coldiretti-calabria-sbloccati-24-milioni-per-rafforzare-filiere-e-distretti\/\",\"name\":\"Coldiretti Calabria: sbloccati 24 milioni per rafforzare le filiere\",\"isPartOf\":{\"@id\":\"https:\/\/progettotouring.it\/radiotouring104\/#website\"},\"primaryImageOfPage\":{\"@id\":\"https:\/\/progettotouring.it\/radiotouring104\/2022\/10\/27\/coldiretti-calabria-sbloccati-24-milioni-per-rafforzare-filiere-e-distretti\/#primaryimage\"},\"image\":{\"@id\":\"https:\/\/progettotouring.it\/radiotouring104\/2022\/10\/27\/coldiretti-calabria-sbloccati-24-milioni-per-rafforzare-filiere-e-distretti\/#primaryimage\"},\"thumbnailUrl\":\"https:\/\/progettotouring.it\/radiotouring104\/wp-content\/uploads\/sites\/6\/2022\/10\/vincenzo-abbruzzese-2.png\",\"datePublished\":\"2022-10-27T10:05:07+00:00\",\"description\":\"Al via i sostegni per agricoltura biologica, sbloccati 24 milioni per rafforzare filiere e distretti. A comunicarlo \u00e8 Coldiretti Calabria\",\"breadcrumb\":{\"@id\":\"https:\/\/progettotouring.it\/radiotouring104\/2022\/10\/27\/coldiretti-calabria-sbloccati-24-milioni-per-rafforzare-filiere-e-distretti\/#breadcrumb\"},\"inLanguage\":\"it-IT\",\"potentialAction\":[{\"@type\":\"ReadAction\",\"target\":[\"https:\/\/progettotouring.it\/radiotouring104\/2022\/10\/27\/coldiretti-calabria-sbloccati-24-milioni-per-rafforzare-filiere-e-distretti\/\"]}]},{\"@type\":\"ImageObject\",\"inLanguage\":\"it-IT\",\"@id\":\"https:\/\/progettotouring.it\/radiotouring104\/2022\/10\/27\/coldiretti-calabria-sbloccati-24-milioni-per-rafforzare-filiere-e-distretti\/#primaryimage\",\"url\":\"https:\/\/progettotouring.it\/radiotouring104\/wp-content\/uploads\/sites\/6\/2022\/10\/vincenzo-abbruzzese-2.png\",\"contentUrl\":\"https:\/\/progettotouring.it\/radiotouring104\/wp-content\/uploads\/sites\/6\/2022\/10\/vincenzo-abbruzzese-2.png\",\"width\":909,\"height\":831},{\"@type\":\"BreadcrumbList\",\"@id\":\"https:\/\/progettotouring.it\/radiotouring104\/2022\/10\/27\/coldiretti-calabria-sbloccati-24-milioni-per-rafforzare-filiere-e-distretti\/#breadcrumb\",\"itemListElement\":[{\"@type\":\"ListItem\",\"position\":1,\"name\":\"Home\",\"item\":\"https:\/\/progettotouring.it\/radiotouring104\/\"},{\"@type\":\"ListItem\",\"position\":2,\"name\":\"Coldiretti Calabria: sbloccati 24 milioni per rafforzare filiere e distretti\"}]},{\"@type\":\"WebSite\",\"@id\":\"https:\/\/progettotouring.it\/radiotouring104\/#website\",\"url\":\"https:\/\/progettotouring.it\/radiotouring104\/\",\"name\":\"Radio Touring 104\",\"description\":\"La prima radio Reggina\",\"publisher\":{\"@id\":\"https:\/\/progettotouring.it\/radiotouring104\/#organization\"},\"potentialAction\":[{\"@type\":\"SearchAction\",\"target\":{\"@type\":\"EntryPoint\",\"urlTemplate\":\"https:\/\/progettotouring.it\/radiotouring104\/?s={search_term_string}\"},\"query-input\":{\"@type\":\"PropertyValueSpecification\",\"valueRequired\":true,\"valueName\":\"search_term_string\"}}],\"inLanguage\":\"it-IT\"},{\"@type\":\"Organization\",\"@id\":\"https:\/\/progettotouring.it\/radiotouring104\/#organization\",\"name\":\"Radio Touring 104\",\"url\":\"https:\/\/progettotouring.it\/radiotouring104\/\",\"logo\":{\"@type\":\"ImageObject\",\"inLanguage\":\"it-IT\",\"@id\":\"https:\/\/progettotouring.it\/radiotouring104\/#\/schema\/logo\/image\/\",\"url\":\"https:\/\/progettotouring.it\/radiotouring104\/wp-content\/uploads\/sites\/6\/2022\/02\/cropped-logo-radio-touring-104.png\",\"contentUrl\":\"https:\/\/progettotouring.it\/radiotouring104\/wp-content\/uploads\/sites\/6\/2022\/02\/cropped-logo-radio-touring-104.png\",\"width\":377,\"height\":182,\"caption\":\"Radio Touring 104\"},\"image\":{\"@id\":\"https:\/\/progettotouring.it\/radiotouring104\/#\/schema\/logo\/image\/\"}},{\"@type\":\"Person\",\"@id\":\"https:\/\/progettotouring.it\/radiotouring104\/#\/schema\/person\/4a82259ca52ac8702ad1a8f9e5a3120b\",\"name\":\"Filippo Francesco Idone\",\"image\":{\"@type\":\"ImageObject\",\"inLanguage\":\"it-IT\",\"@id\":\"https:\/\/secure.gravatar.com\/avatar\/7268715d2366395c3dd314385670e6484117d44f5c442e61e230f7008b7b62d3?s=96&d=mm&r=g\",\"url\":\"https:\/\/secure.gravatar.com\/avatar\/7268715d2366395c3dd314385670e6484117d44f5c442e61e230f7008b7b62d3?s=96&d=mm&r=g\",\"contentUrl\":\"https:\/\/secure.gravatar.com\/avatar\/7268715d2366395c3dd314385670e6484117d44f5c442e61e230f7008b7b62d3?s=96&d=mm&r=g\",\"caption\":\"Filippo Francesco Idone\"},\"url\":\"https:\/\/progettotouring.it\/radiotouring104\/author\/filippoidone\/\"}]}<\/script>\n<!-- \/ Yoast SEO plugin. -->","yoast_head_json":{"title":"Coldiretti Calabria: sbloccati 24 milioni per rafforzare le filiere","description":"Al via i sostegni per agricoltura biologica, sbloccati 24 milioni per rafforzare filiere e distretti. A comunicarlo \u00e8 Coldiretti Calabria","robots":{"index":"index","follow":"follow","max-snippet":"max-snippet:-1","max-image-preview":"max-image-preview:large","max-video-preview":"max-video-preview:-1"},"canonical":"https:\/\/progettotouring.it\/radiotouring104\/2022\/10\/27\/coldiretti-calabria-sbloccati-24-milioni-per-rafforzare-filiere-e-distretti\/","og_locale":"it_IT","og_type":"article","og_title":"Coldiretti Calabria: sbloccati 24 milioni per rafforzare le filiere","og_description":"Al via i sostegni per agricoltura biologica, sbloccati 24 milioni per rafforzare filiere e distretti. A comunicarlo \u00e8 Coldiretti Calabria","og_url":"https:\/\/progettotouring.it\/radiotouring104\/2022\/10\/27\/coldiretti-calabria-sbloccati-24-milioni-per-rafforzare-filiere-e-distretti\/","og_site_name":"Radio Touring 104","article_published_time":"2022-10-27T10:05:07+00:00","og_image":[{"width":909,"height":831,"url":"https:\/\/progettotouring.it\/radiotouring104\/wp-content\/uploads\/sites\/6\/2022\/10\/vincenzo-abbruzzese-2.png","type":"image\/png"}],"author":"Filippo Francesco Idone","twitter_card":"summary_large_image","twitter_misc":{"Scritto da":"Filippo Francesco Idone","Tempo di lettura stimato":"3 minuti"},"schema":{"@context":"https:\/\/schema.org","@graph":[{"@type":"Article","@id":"https:\/\/progettotouring.it\/radiotouring104\/2022\/10\/27\/coldiretti-calabria-sbloccati-24-milioni-per-rafforzare-filiere-e-distretti\/#article","isPartOf":{"@id":"https:\/\/progettotouring.it\/radiotouring104\/2022\/10\/27\/coldiretti-calabria-sbloccati-24-milioni-per-rafforzare-filiere-e-distretti\/"},"author":{"name":"Filippo Francesco Idone","@id":"https:\/\/progettotouring.it\/radiotouring104\/#\/schema\/person\/4a82259ca52ac8702ad1a8f9e5a3120b"},"headline":"Coldiretti Calabria: sbloccati 24 milioni per rafforzare filiere e distretti","datePublished":"2022-10-27T10:05:07+00:00","mainEntityOfPage":{"@id":"https:\/\/progettotouring.it\/radiotouring104\/2022\/10\/27\/coldiretti-calabria-sbloccati-24-milioni-per-rafforzare-filiere-e-distretti\/"},"wordCount":627,"commentCount":0,"publisher":{"@id":"https:\/\/progettotouring.it\/radiotouring104\/#organization"},"image":{"@id":"https:\/\/progettotouring.it\/radiotouring104\/2022\/10\/27\/coldiretti-calabria-sbloccati-24-milioni-per-rafforzare-filiere-e-distretti\/#primaryimage"},"thumbnailUrl":"https:\/\/progettotouring.it\/radiotouring104\/wp-content\/uploads\/sites\/6\/2022\/10\/vincenzo-abbruzzese-2.png","keywords":["Coldiretti Calabria","Mercati di Campagna Amica","Vincenzo Abbruzzese"],"articleSection":["Calabria","Home","News"],"inLanguage":"it-IT","potentialAction":[{"@type":"CommentAction","name":"Comment","target":["https:\/\/progettotouring.it\/radiotouring104\/2022\/10\/27\/coldiretti-calabria-sbloccati-24-milioni-per-rafforzare-filiere-e-distretti\/#respond"]}]},{"@type":"WebPage","@id":"https:\/\/progettotouring.it\/radiotouring104\/2022\/10\/27\/coldiretti-calabria-sbloccati-24-milioni-per-rafforzare-filiere-e-distretti\/","url":"https:\/\/progettotouring.it\/radiotouring104\/2022\/10\/27\/coldiretti-calabria-sbloccati-24-milioni-per-rafforzare-filiere-e-distretti\/","name":"Coldiretti Calabria: sbloccati 24 milioni per rafforzare le filiere","isPartOf":{"@id":"https:\/\/progettotouring.it\/radiotouring104\/#website"},"primaryImageOfPage":{"@id":"https:\/\/progettotouring.it\/radiotouring104\/2022\/10\/27\/coldiretti-calabria-sbloccati-24-milioni-per-rafforzare-filiere-e-distretti\/#primaryimage"},"image":{"@id":"https:\/\/progettotouring.it\/radiotouring104\/2022\/10\/27\/coldiretti-calabria-sbloccati-24-milioni-per-rafforzare-filiere-e-distretti\/#primaryimage"},"thumbnailUrl":"https:\/\/progettotouring.it\/radiotouring104\/wp-content\/uploads\/sites\/6\/2022\/10\/vincenzo-abbruzzese-2.png","datePublished":"2022-10-27T10:05:07+00:00","description":"Al via i sostegni per agricoltura biologica, sbloccati 24 milioni per rafforzare filiere e distretti. A comunicarlo \u00e8 Coldiretti Calabria","breadcrumb":{"@id":"https:\/\/progettotouring.it\/radiotouring104\/2022\/10\/27\/coldiretti-calabria-sbloccati-24-milioni-per-rafforzare-filiere-e-distretti\/#breadcrumb"},"inLanguage":"it-IT","potentialAction":[{"@type":"ReadAction","target":["https:\/\/progettotouring.it\/radiotouring104\/2022\/10\/27\/coldiretti-calabria-sbloccati-24-milioni-per-rafforzare-filiere-e-distretti\/"]}]},{"@type":"ImageObject","inLanguage":"it-IT","@id":"https:\/\/progettotouring.it\/radiotouring104\/2022\/10\/27\/coldiretti-calabria-sbloccati-24-milioni-per-rafforzare-filiere-e-distretti\/#primaryimage","url":"https:\/\/progettotouring.it\/radiotouring104\/wp-content\/uploads\/sites\/6\/2022\/10\/vincenzo-abbruzzese-2.png","contentUrl":"https:\/\/progettotouring.it\/radiotouring104\/wp-content\/uploads\/sites\/6\/2022\/10\/vincenzo-abbruzzese-2.png","width":909,"height":831},{"@type":"BreadcrumbList","@id":"https:\/\/progettotouring.it\/radiotouring104\/2022\/10\/27\/coldiretti-calabria-sbloccati-24-milioni-per-rafforzare-filiere-e-distretti\/#breadcrumb","itemListElement":[{"@type":"ListItem","position":1,"name":"Home","item":"https:\/\/progettotouring.it\/radiotouring104\/"},{"@type":"ListItem","position":2,"name":"Coldiretti Calabria: sbloccati 24 milioni per rafforzare filiere e distretti"}]},{"@type":"WebSite","@id":"https:\/\/progettotouring.it\/radiotouring104\/#website","url":"https:\/\/progettotouring.it\/radiotouring104\/","name":"Radio Touring 104","description":"La prima radio Reggina","publisher":{"@id":"https:\/\/progettotouring.it\/radiotouring104\/#organization"},"potentialAction":[{"@type":"SearchAction","target":{"@type":"EntryPoint","urlTemplate":"https:\/\/progettotouring.it\/radiotouring104\/?s={search_term_string}"},"query-input":{"@type":"PropertyValueSpecification","valueRequired":true,"valueName":"search_term_string"}}],"inLanguage":"it-IT"},{"@type":"Organization","@id":"https:\/\/progettotouring.it\/radiotouring104\/#organization","name":"Radio Touring 104","url":"https:\/\/progettotouring.it\/radiotouring104\/","logo":{"@type":"ImageObject","inLanguage":"it-IT","@id":"https:\/\/progettotouring.it\/radiotouring104\/#\/schema\/logo\/image\/","url":"https:\/\/progettotouring.it\/radiotouring104\/wp-content\/uploads\/sites\/6\/2022\/02\/cropped-logo-radio-touring-104.png","contentUrl":"https:\/\/progettotouring.it\/radiotouring104\/wp-content\/uploads\/sites\/6\/2022\/02\/cropped-logo-radio-touring-104.png","width":377,"height":182,"caption":"Radio Touring 104"},"image":{"@id":"https:\/\/progettotouring.it\/radiotouring104\/#\/schema\/logo\/image\/"}},{"@type":"Person","@id":"https:\/\/progettotouring.it\/radiotouring104\/#\/schema\/person\/4a82259ca52ac8702ad1a8f9e5a3120b","name":"Filippo Francesco Idone","image":{"@type":"ImageObject","inLanguage":"it-IT","@id":"https:\/\/secure.gravatar.com\/avatar\/7268715d2366395c3dd314385670e6484117d44f5c442e61e230f7008b7b62d3?s=96&d=mm&r=g","url":"https:\/\/secure.gravatar.com\/avatar\/7268715d2366395c3dd314385670e6484117d44f5c442e61e230f7008b7b62d3?s=96&d=mm&r=g","contentUrl":"https:\/\/secure.gravatar.com\/avatar\/7268715d2366395c3dd314385670e6484117d44f5c442e61e230f7008b7b62d3?s=96&d=mm&r=g","caption":"Filippo Francesco Idone"},"url":"https:\/\/progettotouring.it\/radiotouring104\/author\/filippoidone\/"}]}},"jetpack_publicize_connections":[],"jetpack_featured_media_url":"https:\/\/progettotouring.it\/radiotouring104\/wp-content\/uploads\/sites\/6\/2022\/10\/vincenzo-abbruzzese-2.png","jetpack_sharing_enabled":true,"_links":{"self":[{"href":"https:\/\/progettotouring.it\/radiotouring104\/wp-json\/wp\/v2\/posts\/11085","targetHints":{"allow":["GET"]}}],"collection":[{"href":"https:\/\/progettotouring.it\/radiotouring104\/wp-json\/wp\/v2\/posts"}],"about":[{"href":"https:\/\/progettotouring.it\/radiotouring104\/wp-json\/wp\/v2\/types\/post"}],"author":[{"embeddable":true,"href":"https:\/\/progettotouring.it\/radiotouring104\/wp-json\/wp\/v2\/users\/8"}],"replies":[{"embeddable":true,"href":"https:\/\/progettotouring.it\/radiotouring104\/wp-json\/wp\/v2\/comments?post=11085"}],"version-history":[{"count":1,"href":"https:\/\/progettotouring.it\/radiotouring104\/wp-json\/wp\/v2\/posts\/11085\/revisions"}],"predecessor-version":[{"id":11088,"href":"https:\/\/progettotouring.it\/radiotouring104\/wp-json\/wp\/v2\/posts\/11085\/revisions\/11088"}],"wp:featuredmedia":[{"embeddable":true,"href":"https:\/\/progettotouring.it\/radiotouring104\/wp-json\/wp\/v2\/media\/11086"}],"wp:attachment":[{"href":"https:\/\/progettotouring.it\/radiotouring104\/wp-json\/wp\/v2\/media?parent=11085"}],"wp:term":[{"taxonomy":"category","embeddable":true,"href":"https:\/\/progettotouring.it\/radiotouring104\/wp-json\/wp\/v2\/categories?post=11085"},{"taxonomy":"post_tag","embeddable":true,"href":"https:\/\/progettotouring.it\/radiotouring104\/wp-json\/wp\/v2\/tags?post=11085"}],"curies":[{"name":"wp","href":"https:\/\/api.w.org\/{rel}","templated":true}]}}