{"id":11094,"date":"2022-10-27T09:16:43","date_gmt":"2022-10-27T07:16:43","guid":{"rendered":"https:\/\/progettotouring.it\/radiotouring104\/?p=11094"},"modified":"2022-10-27T12:20:11","modified_gmt":"2022-10-27T10:20:11","slug":"reggio-calabria-al-museo-diocesano-sara-consegnata-una-campana-in-bronzo","status":"publish","type":"post","link":"https:\/\/progettotouring.it\/radiotouring104\/2022\/10\/27\/reggio-calabria-al-museo-diocesano-sara-consegnata-una-campana-in-bronzo\/","title":{"rendered":"Reggio Calabria: al Museo Diocesano sar\u00e0 consegnata una campana in bronzo"},"content":{"rendered":"<p style=\"text-align: justify\">Il 28 ottobre 2022, alle ore 11:00, in <strong>Reggio Calabria,<\/strong> presso il<strong> Museo Diocesano &#8220;Monsignor Aurelio Sorrentino&#8221;<\/strong>, ubicato nel complesso architettonico dell&#8217;Arcivescovado, alla presenza di Sua Eccellenza Mons. <strong>Fortunato Morrone,<\/strong> Arcivescovo Metropolita di Reggio Calabria &#8211; Bova e Presidente della Conferenza Episcopale Calabra, nonch\u00e9 delle massime Autorit\u00e0 Civili, Militari e Religiose provinciali e cittadine, il Tenente Giacomo Geloso, Comandante del Nucleo Carabinieri Tutela Patrimonio Culturale di Cosenza, restituir\u00e0 a S.E. Arcivescovo Fortunato Marrone una campana in bronzo dell&#8217;ottocento, un tempo facente parte della <strong>Chiesa<\/strong> intitolata a <strong>Sant&#8217;Antonio<\/strong> <strong>da Padova<\/strong>, esistita nel Villaggio Belfatto del gi\u00e0 Comune di Gallico (RC) &#8211; oggi quartiere della Citt\u00e0 Metropolitana di Reggio Calabria &#8211; andata distrutta a seguito del catastrofico sisma del 1908 che interess\u00f2 le citt\u00e0 di Reggio Calabria e di Messina.<\/p>\n","protected":false},"excerpt":{"rendered":"<p>Il 28 ottobre 2022, alle ore 11:00, in Reggio Calabria, presso il Museo Diocesano &#8220;Monsignor Aurelio Sorrentino&#8221;, ubicato nel complesso architettonico dell&#8217;Arcivescovado, alla presenza di Sua Eccellenza Mons. Fortunato Morrone,&hellip;<\/p>\n","protected":false},"author":8,"featured_media":9372,"comment_status":"open","ping_status":"open","sticky":false,"template":"","format":"standard","meta":{"_jetpack_memberships_contains_paid_content":false,"footnotes":"","jetpack_publicize_message":"","jetpack_publicize_feature_enabled":true,"jetpack_social_post_already_shared":false,"jetpack_social_options":{"image_generator_settings":{"template":"highway","default_image_id":0,"font":"","enabled":false},"version":2}},"categories":[921,196,140],"tags":[5119,5118,236],"class_list":["post-11094","post","type-post","status-publish","format-standard","has-post-thumbnail","hentry","category-home","category-news","category-reggio-calabria","tag-fortunato-morrone","tag-monsignor-aurelio-sorrentino","tag-reggio-calabria"],"yoast_head":"<!-- This site is optimized with the Yoast SEO plugin v27.2 - https:\/\/yoast.com\/product\/yoast-seo-wordpress\/ -->\n<title>Al Museo Diocesano sar\u00e0 consegnata una campana in bronzo<\/title>\n<meta name=\"description\" content=\"Al Museo Diocesano &quot;Monsignor Aurelio Sorrentino&quot; di Reggio Calabria sar\u00e0 consegnata una campana in bronzo dell&#039;ottocento\" \/>\n<meta name=\"robots\" content=\"index, follow, max-snippet:-1, max-image-preview:large, max-video-preview:-1\" \/>\n<link rel=\"canonical\" href=\"https:\/\/progettotouring.it\/radiotouring104\/2022\/10\/27\/reggio-calabria-al-museo-diocesano-sara-consegnata-una-campana-in-bronzo\/\" \/>\n<meta property=\"og:locale\" content=\"it_IT\" \/>\n<meta property=\"og:type\" content=\"article\" \/>\n<meta property=\"og:title\" content=\"Al Museo Diocesano sar\u00e0 consegnata una campana in bronzo\" \/>\n<meta property=\"og:description\" content=\"Al Museo Diocesano &quot;Monsignor Aurelio Sorrentino&quot; di Reggio Calabria sar\u00e0 consegnata una campana in bronzo dell&#039;ottocento\" \/>\n<meta property=\"og:url\" content=\"https:\/\/progettotouring.it\/radiotouring104\/2022\/10\/27\/reggio-calabria-al-museo-diocesano-sara-consegnata-una-campana-in-bronzo\/\" \/>\n<meta property=\"og:site_name\" content=\"Radio Touring 104\" \/>\n<meta property=\"article:published_time\" content=\"2022-10-27T07:16:43+00:00\" \/>\n<meta property=\"article:modified_time\" content=\"2022-10-27T10:20:11+00:00\" \/>\n<meta property=\"og:image\" content=\"https:\/\/progettotouring.it\/radiotouring104\/wp-content\/uploads\/sites\/6\/2022\/09\/museo-diocesano.jpg\" \/>\n\t<meta property=\"og:image:width\" content=\"1797\" \/>\n\t<meta property=\"og:image:height\" content=\"1237\" \/>\n\t<meta property=\"og:image:type\" content=\"image\/jpeg\" \/>\n<meta name=\"author\" content=\"Filippo Francesco Idone\" \/>\n<meta name=\"twitter:card\" content=\"summary_large_image\" \/>\n<meta name=\"twitter:label1\" content=\"Scritto da\" \/>\n\t<meta name=\"twitter:data1\" content=\"Filippo Francesco Idone\" \/>\n\t<meta name=\"twitter:label2\" content=\"Tempo di lettura stimato\" \/>\n\t<meta name=\"twitter:data2\" content=\"1 minuto\" \/>\n<script type=\"application\/ld+json\" class=\"yoast-schema-graph\">{\"@context\":\"https:\/\/schema.org\",\"@graph\":[{\"@type\":\"Article\",\"@id\":\"https:\/\/progettotouring.it\/radiotouring104\/2022\/10\/27\/reggio-calabria-al-museo-diocesano-sara-consegnata-una-campana-in-bronzo\/#article\",\"isPartOf\":{\"@id\":\"https:\/\/progettotouring.it\/radiotouring104\/2022\/10\/27\/reggio-calabria-al-museo-diocesano-sara-consegnata-una-campana-in-bronzo\/\"},\"author\":{\"name\":\"Filippo Francesco Idone\",\"@id\":\"https:\/\/progettotouring.it\/radiotouring104\/#\/schema\/person\/4a82259ca52ac8702ad1a8f9e5a3120b\"},\"headline\":\"Reggio Calabria: al Museo Diocesano sar\u00e0 consegnata una campana in bronzo\",\"datePublished\":\"2022-10-27T07:16:43+00:00\",\"dateModified\":\"2022-10-27T10:20:11+00:00\",\"mainEntityOfPage\":{\"@id\":\"https:\/\/progettotouring.it\/radiotouring104\/2022\/10\/27\/reggio-calabria-al-museo-diocesano-sara-consegnata-una-campana-in-bronzo\/\"},\"wordCount\":136,\"commentCount\":0,\"publisher\":{\"@id\":\"https:\/\/progettotouring.it\/radiotouring104\/#organization\"},\"image\":{\"@id\":\"https:\/\/progettotouring.it\/radiotouring104\/2022\/10\/27\/reggio-calabria-al-museo-diocesano-sara-consegnata-una-campana-in-bronzo\/#primaryimage\"},\"thumbnailUrl\":\"https:\/\/progettotouring.it\/radiotouring104\/wp-content\/uploads\/sites\/6\/2022\/09\/museo-diocesano.jpg\",\"keywords\":[\"Fortunato Morrone\",\"Monsignor Aurelio Sorrentino\\\"\",\"reggio calabria\"],\"articleSection\":[\"Home\",\"News\",\"Reggio Calabria\"],\"inLanguage\":\"it-IT\",\"potentialAction\":[{\"@type\":\"CommentAction\",\"name\":\"Comment\",\"target\":[\"https:\/\/progettotouring.it\/radiotouring104\/2022\/10\/27\/reggio-calabria-al-museo-diocesano-sara-consegnata-una-campana-in-bronzo\/#respond\"]}]},{\"@type\":\"WebPage\",\"@id\":\"https:\/\/progettotouring.it\/radiotouring104\/2022\/10\/27\/reggio-calabria-al-museo-diocesano-sara-consegnata-una-campana-in-bronzo\/\",\"url\":\"https:\/\/progettotouring.it\/radiotouring104\/2022\/10\/27\/reggio-calabria-al-museo-diocesano-sara-consegnata-una-campana-in-bronzo\/\",\"name\":\"Al Museo Diocesano sar\u00e0 consegnata una campana in bronzo\",\"isPartOf\":{\"@id\":\"https:\/\/progettotouring.it\/radiotouring104\/#website\"},\"primaryImageOfPage\":{\"@id\":\"https:\/\/progettotouring.it\/radiotouring104\/2022\/10\/27\/reggio-calabria-al-museo-diocesano-sara-consegnata-una-campana-in-bronzo\/#primaryimage\"},\"image\":{\"@id\":\"https:\/\/progettotouring.it\/radiotouring104\/2022\/10\/27\/reggio-calabria-al-museo-diocesano-sara-consegnata-una-campana-in-bronzo\/#primaryimage\"},\"thumbnailUrl\":\"https:\/\/progettotouring.it\/radiotouring104\/wp-content\/uploads\/sites\/6\/2022\/09\/museo-diocesano.jpg\",\"datePublished\":\"2022-10-27T07:16:43+00:00\",\"dateModified\":\"2022-10-27T10:20:11+00:00\",\"description\":\"Al Museo Diocesano \\\"Monsignor Aurelio Sorrentino\\\" di Reggio Calabria sar\u00e0 consegnata una campana in bronzo dell'ottocento\",\"breadcrumb\":{\"@id\":\"https:\/\/progettotouring.it\/radiotouring104\/2022\/10\/27\/reggio-calabria-al-museo-diocesano-sara-consegnata-una-campana-in-bronzo\/#breadcrumb\"},\"inLanguage\":\"it-IT\",\"potentialAction\":[{\"@type\":\"ReadAction\",\"target\":[\"https:\/\/progettotouring.it\/radiotouring104\/2022\/10\/27\/reggio-calabria-al-museo-diocesano-sara-consegnata-una-campana-in-bronzo\/\"]}]},{\"@type\":\"ImageObject\",\"inLanguage\":\"it-IT\",\"@id\":\"https:\/\/progettotouring.it\/radiotouring104\/2022\/10\/27\/reggio-calabria-al-museo-diocesano-sara-consegnata-una-campana-in-bronzo\/#primaryimage\",\"url\":\"https:\/\/progettotouring.it\/radiotouring104\/wp-content\/uploads\/sites\/6\/2022\/09\/museo-diocesano.jpg\",\"contentUrl\":\"https:\/\/progettotouring.it\/radiotouring104\/wp-content\/uploads\/sites\/6\/2022\/09\/museo-diocesano.jpg\",\"width\":1797,\"height\":1237},{\"@type\":\"BreadcrumbList\",\"@id\":\"https:\/\/progettotouring.it\/radiotouring104\/2022\/10\/27\/reggio-calabria-al-museo-diocesano-sara-consegnata-una-campana-in-bronzo\/#breadcrumb\",\"itemListElement\":[{\"@type\":\"ListItem\",\"position\":1,\"name\":\"Home\",\"item\":\"https:\/\/progettotouring.it\/radiotouring104\/\"},{\"@type\":\"ListItem\",\"position\":2,\"name\":\"Reggio Calabria: al Museo Diocesano sar\u00e0 consegnata una campana in bronzo\"}]},{\"@type\":\"WebSite\",\"@id\":\"https:\/\/progettotouring.it\/radiotouring104\/#website\",\"url\":\"https:\/\/progettotouring.it\/radiotouring104\/\",\"name\":\"Radio Touring 104\",\"description\":\"La prima radio Reggina\",\"publisher\":{\"@id\":\"https:\/\/progettotouring.it\/radiotouring104\/#organization\"},\"potentialAction\":[{\"@type\":\"SearchAction\",\"target\":{\"@type\":\"EntryPoint\",\"urlTemplate\":\"https:\/\/progettotouring.it\/radiotouring104\/?s={search_term_string}\"},\"query-input\":{\"@type\":\"PropertyValueSpecification\",\"valueRequired\":true,\"valueName\":\"search_term_string\"}}],\"inLanguage\":\"it-IT\"},{\"@type\":\"Organization\",\"@id\":\"https:\/\/progettotouring.it\/radiotouring104\/#organization\",\"name\":\"Radio Touring 104\",\"url\":\"https:\/\/progettotouring.it\/radiotouring104\/\",\"logo\":{\"@type\":\"ImageObject\",\"inLanguage\":\"it-IT\",\"@id\":\"https:\/\/progettotouring.it\/radiotouring104\/#\/schema\/logo\/image\/\",\"url\":\"https:\/\/progettotouring.it\/radiotouring104\/wp-content\/uploads\/sites\/6\/2022\/02\/cropped-logo-radio-touring-104.png\",\"contentUrl\":\"https:\/\/progettotouring.it\/radiotouring104\/wp-content\/uploads\/sites\/6\/2022\/02\/cropped-logo-radio-touring-104.png\",\"width\":377,\"height\":182,\"caption\":\"Radio Touring 104\"},\"image\":{\"@id\":\"https:\/\/progettotouring.it\/radiotouring104\/#\/schema\/logo\/image\/\"}},{\"@type\":\"Person\",\"@id\":\"https:\/\/progettotouring.it\/radiotouring104\/#\/schema\/person\/4a82259ca52ac8702ad1a8f9e5a3120b\",\"name\":\"Filippo Francesco Idone\",\"image\":{\"@type\":\"ImageObject\",\"inLanguage\":\"it-IT\",\"@id\":\"https:\/\/secure.gravatar.com\/avatar\/7268715d2366395c3dd314385670e6484117d44f5c442e61e230f7008b7b62d3?s=96&d=mm&r=g\",\"url\":\"https:\/\/secure.gravatar.com\/avatar\/7268715d2366395c3dd314385670e6484117d44f5c442e61e230f7008b7b62d3?s=96&d=mm&r=g\",\"contentUrl\":\"https:\/\/secure.gravatar.com\/avatar\/7268715d2366395c3dd314385670e6484117d44f5c442e61e230f7008b7b62d3?s=96&d=mm&r=g\",\"caption\":\"Filippo Francesco Idone\"},\"url\":\"https:\/\/progettotouring.it\/radiotouring104\/author\/filippoidone\/\"}]}<\/script>\n<!-- \/ Yoast SEO plugin. -->","yoast_head_json":{"title":"Al Museo Diocesano sar\u00e0 consegnata una campana in bronzo","description":"Al Museo Diocesano \"Monsignor Aurelio Sorrentino\" di Reggio Calabria sar\u00e0 consegnata una campana in bronzo dell'ottocento","robots":{"index":"index","follow":"follow","max-snippet":"max-snippet:-1","max-image-preview":"max-image-preview:large","max-video-preview":"max-video-preview:-1"},"canonical":"https:\/\/progettotouring.it\/radiotouring104\/2022\/10\/27\/reggio-calabria-al-museo-diocesano-sara-consegnata-una-campana-in-bronzo\/","og_locale":"it_IT","og_type":"article","og_title":"Al Museo Diocesano sar\u00e0 consegnata una campana in bronzo","og_description":"Al Museo Diocesano \"Monsignor Aurelio Sorrentino\" di Reggio Calabria sar\u00e0 consegnata una campana in bronzo dell'ottocento","og_url":"https:\/\/progettotouring.it\/radiotouring104\/2022\/10\/27\/reggio-calabria-al-museo-diocesano-sara-consegnata-una-campana-in-bronzo\/","og_site_name":"Radio Touring 104","article_published_time":"2022-10-27T07:16:43+00:00","article_modified_time":"2022-10-27T10:20:11+00:00","og_image":[{"width":1797,"height":1237,"url":"https:\/\/progettotouring.it\/radiotouring104\/wp-content\/uploads\/sites\/6\/2022\/09\/museo-diocesano.jpg","type":"image\/jpeg"}],"author":"Filippo Francesco Idone","twitter_card":"summary_large_image","twitter_misc":{"Scritto da":"Filippo Francesco Idone","Tempo di lettura stimato":"1 minuto"},"schema":{"@context":"https:\/\/schema.org","@graph":[{"@type":"Article","@id":"https:\/\/progettotouring.it\/radiotouring104\/2022\/10\/27\/reggio-calabria-al-museo-diocesano-sara-consegnata-una-campana-in-bronzo\/#article","isPartOf":{"@id":"https:\/\/progettotouring.it\/radiotouring104\/2022\/10\/27\/reggio-calabria-al-museo-diocesano-sara-consegnata-una-campana-in-bronzo\/"},"author":{"name":"Filippo Francesco Idone","@id":"https:\/\/progettotouring.it\/radiotouring104\/#\/schema\/person\/4a82259ca52ac8702ad1a8f9e5a3120b"},"headline":"Reggio Calabria: al Museo Diocesano sar\u00e0 consegnata una campana in bronzo","datePublished":"2022-10-27T07:16:43+00:00","dateModified":"2022-10-27T10:20:11+00:00","mainEntityOfPage":{"@id":"https:\/\/progettotouring.it\/radiotouring104\/2022\/10\/27\/reggio-calabria-al-museo-diocesano-sara-consegnata-una-campana-in-bronzo\/"},"wordCount":136,"commentCount":0,"publisher":{"@id":"https:\/\/progettotouring.it\/radiotouring104\/#organization"},"image":{"@id":"https:\/\/progettotouring.it\/radiotouring104\/2022\/10\/27\/reggio-calabria-al-museo-diocesano-sara-consegnata-una-campana-in-bronzo\/#primaryimage"},"thumbnailUrl":"https:\/\/progettotouring.it\/radiotouring104\/wp-content\/uploads\/sites\/6\/2022\/09\/museo-diocesano.jpg","keywords":["Fortunato Morrone","Monsignor Aurelio Sorrentino\"","reggio calabria"],"articleSection":["Home","News","Reggio Calabria"],"inLanguage":"it-IT","potentialAction":[{"@type":"CommentAction","name":"Comment","target":["https:\/\/progettotouring.it\/radiotouring104\/2022\/10\/27\/reggio-calabria-al-museo-diocesano-sara-consegnata-una-campana-in-bronzo\/#respond"]}]},{"@type":"WebPage","@id":"https:\/\/progettotouring.it\/radiotouring104\/2022\/10\/27\/reggio-calabria-al-museo-diocesano-sara-consegnata-una-campana-in-bronzo\/","url":"https:\/\/progettotouring.it\/radiotouring104\/2022\/10\/27\/reggio-calabria-al-museo-diocesano-sara-consegnata-una-campana-in-bronzo\/","name":"Al Museo Diocesano sar\u00e0 consegnata una campana in bronzo","isPartOf":{"@id":"https:\/\/progettotouring.it\/radiotouring104\/#website"},"primaryImageOfPage":{"@id":"https:\/\/progettotouring.it\/radiotouring104\/2022\/10\/27\/reggio-calabria-al-museo-diocesano-sara-consegnata-una-campana-in-bronzo\/#primaryimage"},"image":{"@id":"https:\/\/progettotouring.it\/radiotouring104\/2022\/10\/27\/reggio-calabria-al-museo-diocesano-sara-consegnata-una-campana-in-bronzo\/#primaryimage"},"thumbnailUrl":"https:\/\/progettotouring.it\/radiotouring104\/wp-content\/uploads\/sites\/6\/2022\/09\/museo-diocesano.jpg","datePublished":"2022-10-27T07:16:43+00:00","dateModified":"2022-10-27T10:20:11+00:00","description":"Al Museo Diocesano \"Monsignor Aurelio Sorrentino\" di Reggio Calabria sar\u00e0 consegnata una campana in bronzo dell'ottocento","breadcrumb":{"@id":"https:\/\/progettotouring.it\/radiotouring104\/2022\/10\/27\/reggio-calabria-al-museo-diocesano-sara-consegnata-una-campana-in-bronzo\/#breadcrumb"},"inLanguage":"it-IT","potentialAction":[{"@type":"ReadAction","target":["https:\/\/progettotouring.it\/radiotouring104\/2022\/10\/27\/reggio-calabria-al-museo-diocesano-sara-consegnata-una-campana-in-bronzo\/"]}]},{"@type":"ImageObject","inLanguage":"it-IT","@id":"https:\/\/progettotouring.it\/radiotouring104\/2022\/10\/27\/reggio-calabria-al-museo-diocesano-sara-consegnata-una-campana-in-bronzo\/#primaryimage","url":"https:\/\/progettotouring.it\/radiotouring104\/wp-content\/uploads\/sites\/6\/2022\/09\/museo-diocesano.jpg","contentUrl":"https:\/\/progettotouring.it\/radiotouring104\/wp-content\/uploads\/sites\/6\/2022\/09\/museo-diocesano.jpg","width":1797,"height":1237},{"@type":"BreadcrumbList","@id":"https:\/\/progettotouring.it\/radiotouring104\/2022\/10\/27\/reggio-calabria-al-museo-diocesano-sara-consegnata-una-campana-in-bronzo\/#breadcrumb","itemListElement":[{"@type":"ListItem","position":1,"name":"Home","item":"https:\/\/progettotouring.it\/radiotouring104\/"},{"@type":"ListItem","position":2,"name":"Reggio Calabria: al Museo Diocesano sar\u00e0 consegnata una campana in bronzo"}]},{"@type":"WebSite","@id":"https:\/\/progettotouring.it\/radiotouring104\/#website","url":"https:\/\/progettotouring.it\/radiotouring104\/","name":"Radio Touring 104","description":"La prima radio Reggina","publisher":{"@id":"https:\/\/progettotouring.it\/radiotouring104\/#organization"},"potentialAction":[{"@type":"SearchAction","target":{"@type":"EntryPoint","urlTemplate":"https:\/\/progettotouring.it\/radiotouring104\/?s={search_term_string}"},"query-input":{"@type":"PropertyValueSpecification","valueRequired":true,"valueName":"search_term_string"}}],"inLanguage":"it-IT"},{"@type":"Organization","@id":"https:\/\/progettotouring.it\/radiotouring104\/#organization","name":"Radio Touring 104","url":"https:\/\/progettotouring.it\/radiotouring104\/","logo":{"@type":"ImageObject","inLanguage":"it-IT","@id":"https:\/\/progettotouring.it\/radiotouring104\/#\/schema\/logo\/image\/","url":"https:\/\/progettotouring.it\/radiotouring104\/wp-content\/uploads\/sites\/6\/2022\/02\/cropped-logo-radio-touring-104.png","contentUrl":"https:\/\/progettotouring.it\/radiotouring104\/wp-content\/uploads\/sites\/6\/2022\/02\/cropped-logo-radio-touring-104.png","width":377,"height":182,"caption":"Radio Touring 104"},"image":{"@id":"https:\/\/progettotouring.it\/radiotouring104\/#\/schema\/logo\/image\/"}},{"@type":"Person","@id":"https:\/\/progettotouring.it\/radiotouring104\/#\/schema\/person\/4a82259ca52ac8702ad1a8f9e5a3120b","name":"Filippo Francesco Idone","image":{"@type":"ImageObject","inLanguage":"it-IT","@id":"https:\/\/secure.gravatar.com\/avatar\/7268715d2366395c3dd314385670e6484117d44f5c442e61e230f7008b7b62d3?s=96&d=mm&r=g","url":"https:\/\/secure.gravatar.com\/avatar\/7268715d2366395c3dd314385670e6484117d44f5c442e61e230f7008b7b62d3?s=96&d=mm&r=g","contentUrl":"https:\/\/secure.gravatar.com\/avatar\/7268715d2366395c3dd314385670e6484117d44f5c442e61e230f7008b7b62d3?s=96&d=mm&r=g","caption":"Filippo Francesco Idone"},"url":"https:\/\/progettotouring.it\/radiotouring104\/author\/filippoidone\/"}]}},"jetpack_publicize_connections":[],"jetpack_featured_media_url":"https:\/\/progettotouring.it\/radiotouring104\/wp-content\/uploads\/sites\/6\/2022\/09\/museo-diocesano.jpg","jetpack_sharing_enabled":true,"_links":{"self":[{"href":"https:\/\/progettotouring.it\/radiotouring104\/wp-json\/wp\/v2\/posts\/11094","targetHints":{"allow":["GET"]}}],"collection":[{"href":"https:\/\/progettotouring.it\/radiotouring104\/wp-json\/wp\/v2\/posts"}],"about":[{"href":"https:\/\/progettotouring.it\/radiotouring104\/wp-json\/wp\/v2\/types\/post"}],"author":[{"embeddable":true,"href":"https:\/\/progettotouring.it\/radiotouring104\/wp-json\/wp\/v2\/users\/8"}],"replies":[{"embeddable":true,"href":"https:\/\/progettotouring.it\/radiotouring104\/wp-json\/wp\/v2\/comments?post=11094"}],"version-history":[{"count":1,"href":"https:\/\/progettotouring.it\/radiotouring104\/wp-json\/wp\/v2\/posts\/11094\/revisions"}],"predecessor-version":[{"id":11097,"href":"https:\/\/progettotouring.it\/radiotouring104\/wp-json\/wp\/v2\/posts\/11094\/revisions\/11097"}],"wp:featuredmedia":[{"embeddable":true,"href":"https:\/\/progettotouring.it\/radiotouring104\/wp-json\/wp\/v2\/media\/9372"}],"wp:attachment":[{"href":"https:\/\/progettotouring.it\/radiotouring104\/wp-json\/wp\/v2\/media?parent=11094"}],"wp:term":[{"taxonomy":"category","embeddable":true,"href":"https:\/\/progettotouring.it\/radiotouring104\/wp-json\/wp\/v2\/categories?post=11094"},{"taxonomy":"post_tag","embeddable":true,"href":"https:\/\/progettotouring.it\/radiotouring104\/wp-json\/wp\/v2\/tags?post=11094"}],"curies":[{"name":"wp","href":"https:\/\/api.w.org\/{rel}","templated":true}]}}