{"id":11109,"date":"2022-10-28T09:21:49","date_gmt":"2022-10-28T07:21:49","guid":{"rendered":"https:\/\/progettotouring.it\/radiotouring104\/?p=11109"},"modified":"2022-10-28T09:21:49","modified_gmt":"2022-10-28T07:21:49","slug":"al-via-puliamo-il-mondo-metrocity-e-comuni-insieme-per-la-tutela-della-costa-viola","status":"publish","type":"post","link":"https:\/\/progettotouring.it\/radiotouring104\/2022\/10\/28\/al-via-puliamo-il-mondo-metrocity-e-comuni-insieme-per-la-tutela-della-costa-viola\/","title":{"rendered":"Al via &#8220;Puliamo il mondo&#8221;, Metrocity e Comuni insieme per la tutela della Costa Viola"},"content":{"rendered":"<div>E&#8217; stata presentata questa mattina a Palazzo &#8220;Corrado Alvaro&#8221; l&#8217;iniziativa &#8220;Puliamo il Mondo 2022&#8221;. Il progetto, che coinvolge le amministrazioni comunali di tre municipi della Costa Viola (Villa San Giovanni, Bagnara e Palmi), \u00e8 promosso dalla Citt\u00e0 Metropolitana con il coordinamento del Circolo Legambiente Reggio Calabria \u201cCitt\u00e0 dello Stretto\u201d in collaborazione con i Comuni e le associazioni di volontariato della Costa Viola e il coinvolgimento di docenti e studenti dell\u2019I.C. Giovanni XXIII di Villa S. Giovanni, dell\u2019Istituto di Istruzione Superiore E. Fermi di Bagnara, dell&#8217;I.C. Ugo Foscolo di Bagnara e dell\u2019 I.C. San Francesco di Palmi.<\/div>\n<div>\nIn 30 anni di &#8220;Puliamo il Mondo&#8221;, \u00e8 stato spiegato, migliaia di persone hanno ripristinato luoghi e spazi pubblici, non solo liberandoli dai rifiuti e dal degrado, ma costruendo comunit\u00e0, inclusione e pace. Nello specifico, l&#8217;intervento nel territorio metropolitano reggino agir\u00e0 sul patrimonio naturalistico e ambientale della ZSC (Zona speciale di conservazione) della Costa Viola e Monte Sant&#8217;Elia.<br \/>\nAd illustrare l&#8217;iniziativa il Consigliere delegato all&#8217;Ambiente della Citt\u00e0 Metropolitana, Salvatore Fuda, i sindaci dei Comuni coinvolti, Giusy Caminiti, di Villa San Giovanni, Giuseppe Ranuccio di Palmi e Adone Pistolesi, di Bagnara Calabra, il funzionario del Settore Ambiente della Metrocity, Sabrina Santagati e la responsabile del Circolo Legambiente Reggio Calabria, Lidia Liotta.<\/p>\n<p>La Citt\u00e0 Metropolitana partecipa convintamente a \u201cPuliamo il Mondo\u201d anche come occasione per lanciare un\u2019azione pi\u00f9 ampia, ha spiegato il consigliere Fuda, \u201cche ha l\u2019obiettivo di stimolare nuova consapevolezza e un pi\u00f9 deciso spirito di comunit\u00e0 territoriale intorno ai temi, centrali, della tutela dell\u2019ambiente e del miglioramento del sistema di gestione dei rifiuti che a noi sta particolarmente a cuore. Accanto alle iniziative nelle comunit\u00e0 della Costa Viola di Villa San Giovanni, Bagnara e Palmi, &#8211; ha poi aggiunto il rappresentante di Palazzo alvaro &#8211; sono previsti anche altri interventi programmati di pulizia dei fondali e delle aree naturali di maggior pregio nel quadro di una leva di finanziamento che fa capo al Por Calabria per circa 140 tonnellate di rifiuti. Un\u2019azione che si colloca nel quadro di un percorso pi\u00f9 esteso che la Citt\u00e0 metropolitana sta compiendo anche con riferimento al complesso lavoro che l\u2019Ente sta portando avanti per il ciclo integrato dei rifiuti e che ci sta consentendo di rimettere in piedi un sistema che era piuttosto inefficace e disorganizzato e che oggi riesce a garantire alle comunit\u00e0 dei servizi di buon livello\u201d.<\/p>\n<p><b>L\u2019appuntamento \u00e8 previsto sabato 29 ottobre 2022 con il seguente programma:<br \/>\n<\/b><br \/>\n<b>Comune di Villa San Giovanni<\/b><\/div>\n<div>Ore 9.00 presso la Rada San Gregorio, dove verr\u00e0 allestito un punto di riunione per i partecipanti, dove verranno distribuiti materiale informativo e dispositivi di protezione individuale per le operazioni di pulizia della spiaggia adiacente al Lido dei Finanzieri dove verranno lasciati i sacchi contenenti i rifiuti raccolti. Seguir\u00e0 una breve escursione sul sentiero di Torre Cavallo e la visita della Tone e della Fortezza Murattiana, alle ore 12 rientro, con i propri mezzi, dal Sentiero di Via Petrello.<\/p>\n<p><b>Comune di Bagnara<\/b><br \/>\nOre 9.30 presso Piazzale Lido del Lungomare Bagnara Calabra dove verr\u00e0 allestito un punto di riunione per i partecipanti, dove verranno distribuiti materiale informativo e dispositivi di protezione individuale per le operazioni di pulizia.<\/p>\n<p><b>Comune di Palmi<br \/>\n<\/b>Ore 9.30 presso la localit\u00e0 Scin\u00e0 di Palmi, dove verr\u00e0 allestito un punto di riunione per i partecipanti, dove verranno distribuiti materiale informativo e dispositivi di protezione individuale per le operazioni di pulizia.<\/div>\n","protected":false},"excerpt":{"rendered":"<p>E&#8217; stata presentata questa mattina a Palazzo &#8220;Corrado Alvaro&#8221; l&#8217;iniziativa &#8220;Puliamo il Mondo 2022&#8221;. Il progetto, che coinvolge le amministrazioni comunali di tre municipi della Costa Viola (Villa San Giovanni,&hellip;<\/p>\n","protected":false},"author":12,"featured_media":11110,"comment_status":"open","ping_status":"open","sticky":false,"template":"","format":"standard","meta":{"_jetpack_memberships_contains_paid_content":false,"footnotes":"","jetpack_publicize_message":"","jetpack_publicize_feature_enabled":true,"jetpack_social_post_already_shared":false,"jetpack_social_options":{"image_generator_settings":{"template":"highway","default_image_id":0,"font":"","enabled":false},"version":2}},"categories":[921,196,140],"tags":[2361,5130,531],"class_list":["post-11109","post","type-post","status-publish","format-standard","has-post-thumbnail","hentry","category-home","category-news","category-reggio-calabria","tag-costa-viola","tag-legambiente-reggio-calabria","tag-metrocity"],"yoast_head":"<!-- This site is optimized with the Yoast SEO plugin v27.2 - https:\/\/yoast.com\/product\/yoast-seo-wordpress\/ -->\n<title>&quot;Puliamo il Mondo&quot;: Metrocity e Comuni per la Costa Viola<\/title>\n<meta name=\"description\" content=\"L&#039;Ente metropolitano ha aderito al progetto coordinato dal Circolo Legambiente Reggio Calabria \u201cCitt\u00e0 dello Stretto\u201d. Sabato 29 ottobre previsti tre interventi a Villa San Giovanni, Bagnara e Palmi\" \/>\n<meta name=\"robots\" content=\"index, follow, max-snippet:-1, max-image-preview:large, max-video-preview:-1\" \/>\n<link rel=\"canonical\" href=\"https:\/\/progettotouring.it\/radiotouring104\/2022\/10\/28\/al-via-puliamo-il-mondo-metrocity-e-comuni-insieme-per-la-tutela-della-costa-viola\/\" \/>\n<meta property=\"og:locale\" content=\"it_IT\" \/>\n<meta property=\"og:type\" content=\"article\" \/>\n<meta property=\"og:title\" content=\"&quot;Puliamo il Mondo&quot;: Metrocity e Comuni per la Costa Viola\" \/>\n<meta property=\"og:description\" content=\"L&#039;Ente metropolitano ha aderito al progetto coordinato dal Circolo Legambiente Reggio Calabria \u201cCitt\u00e0 dello Stretto\u201d. Sabato 29 ottobre previsti tre interventi a Villa San Giovanni, Bagnara e Palmi\" \/>\n<meta property=\"og:url\" content=\"https:\/\/progettotouring.it\/radiotouring104\/2022\/10\/28\/al-via-puliamo-il-mondo-metrocity-e-comuni-insieme-per-la-tutela-della-costa-viola\/\" \/>\n<meta property=\"og:site_name\" content=\"Radio Touring 104\" \/>\n<meta property=\"article:published_time\" content=\"2022-10-28T07:21:49+00:00\" \/>\n<meta property=\"og:image\" content=\"https:\/\/progettotouring.it\/radiotouring104\/wp-content\/uploads\/sites\/6\/2022\/10\/Puliamo-il-Mondo.jpg\" \/>\n\t<meta property=\"og:image:width\" content=\"1772\" \/>\n\t<meta property=\"og:image:height\" content=\"2481\" \/>\n\t<meta property=\"og:image:type\" content=\"image\/jpeg\" \/>\n<meta name=\"author\" content=\"Sebastiano Plutino\" \/>\n<meta name=\"twitter:card\" content=\"summary_large_image\" \/>\n<meta name=\"twitter:label1\" content=\"Scritto da\" \/>\n\t<meta name=\"twitter:data1\" content=\"Sebastiano Plutino\" \/>\n\t<meta name=\"twitter:label2\" content=\"Tempo di lettura stimato\" \/>\n\t<meta name=\"twitter:data2\" content=\"3 minuti\" \/>\n<script type=\"application\/ld+json\" class=\"yoast-schema-graph\">{\"@context\":\"https:\/\/schema.org\",\"@graph\":[{\"@type\":\"Article\",\"@id\":\"https:\/\/progettotouring.it\/radiotouring104\/2022\/10\/28\/al-via-puliamo-il-mondo-metrocity-e-comuni-insieme-per-la-tutela-della-costa-viola\/#article\",\"isPartOf\":{\"@id\":\"https:\/\/progettotouring.it\/radiotouring104\/2022\/10\/28\/al-via-puliamo-il-mondo-metrocity-e-comuni-insieme-per-la-tutela-della-costa-viola\/\"},\"author\":{\"name\":\"Sebastiano Plutino\",\"@id\":\"https:\/\/progettotouring.it\/radiotouring104\/#\/schema\/person\/78613917f1851f041f7483f5af1d422e\"},\"headline\":\"Al via &#8220;Puliamo il mondo&#8221;, Metrocity e Comuni insieme per la tutela della Costa Viola\",\"datePublished\":\"2022-10-28T07:21:49+00:00\",\"mainEntityOfPage\":{\"@id\":\"https:\/\/progettotouring.it\/radiotouring104\/2022\/10\/28\/al-via-puliamo-il-mondo-metrocity-e-comuni-insieme-per-la-tutela-della-costa-viola\/\"},\"wordCount\":573,\"commentCount\":0,\"publisher\":{\"@id\":\"https:\/\/progettotouring.it\/radiotouring104\/#organization\"},\"image\":{\"@id\":\"https:\/\/progettotouring.it\/radiotouring104\/2022\/10\/28\/al-via-puliamo-il-mondo-metrocity-e-comuni-insieme-per-la-tutela-della-costa-viola\/#primaryimage\"},\"thumbnailUrl\":\"https:\/\/progettotouring.it\/radiotouring104\/wp-content\/uploads\/sites\/6\/2022\/10\/Puliamo-il-Mondo.jpg\",\"keywords\":[\"Costa Viola\",\"Legambiente Reggio Calabria\",\"Metrocity\"],\"articleSection\":[\"Home\",\"News\",\"Reggio Calabria\"],\"inLanguage\":\"it-IT\",\"potentialAction\":[{\"@type\":\"CommentAction\",\"name\":\"Comment\",\"target\":[\"https:\/\/progettotouring.it\/radiotouring104\/2022\/10\/28\/al-via-puliamo-il-mondo-metrocity-e-comuni-insieme-per-la-tutela-della-costa-viola\/#respond\"]}]},{\"@type\":\"WebPage\",\"@id\":\"https:\/\/progettotouring.it\/radiotouring104\/2022\/10\/28\/al-via-puliamo-il-mondo-metrocity-e-comuni-insieme-per-la-tutela-della-costa-viola\/\",\"url\":\"https:\/\/progettotouring.it\/radiotouring104\/2022\/10\/28\/al-via-puliamo-il-mondo-metrocity-e-comuni-insieme-per-la-tutela-della-costa-viola\/\",\"name\":\"\\\"Puliamo il Mondo\\\": Metrocity e Comuni per la Costa Viola\",\"isPartOf\":{\"@id\":\"https:\/\/progettotouring.it\/radiotouring104\/#website\"},\"primaryImageOfPage\":{\"@id\":\"https:\/\/progettotouring.it\/radiotouring104\/2022\/10\/28\/al-via-puliamo-il-mondo-metrocity-e-comuni-insieme-per-la-tutela-della-costa-viola\/#primaryimage\"},\"image\":{\"@id\":\"https:\/\/progettotouring.it\/radiotouring104\/2022\/10\/28\/al-via-puliamo-il-mondo-metrocity-e-comuni-insieme-per-la-tutela-della-costa-viola\/#primaryimage\"},\"thumbnailUrl\":\"https:\/\/progettotouring.it\/radiotouring104\/wp-content\/uploads\/sites\/6\/2022\/10\/Puliamo-il-Mondo.jpg\",\"datePublished\":\"2022-10-28T07:21:49+00:00\",\"description\":\"L'Ente metropolitano ha aderito al progetto coordinato dal Circolo Legambiente Reggio Calabria \u201cCitt\u00e0 dello Stretto\u201d. Sabato 29 ottobre previsti tre interventi a Villa San Giovanni, Bagnara e Palmi\",\"breadcrumb\":{\"@id\":\"https:\/\/progettotouring.it\/radiotouring104\/2022\/10\/28\/al-via-puliamo-il-mondo-metrocity-e-comuni-insieme-per-la-tutela-della-costa-viola\/#breadcrumb\"},\"inLanguage\":\"it-IT\",\"potentialAction\":[{\"@type\":\"ReadAction\",\"target\":[\"https:\/\/progettotouring.it\/radiotouring104\/2022\/10\/28\/al-via-puliamo-il-mondo-metrocity-e-comuni-insieme-per-la-tutela-della-costa-viola\/\"]}]},{\"@type\":\"ImageObject\",\"inLanguage\":\"it-IT\",\"@id\":\"https:\/\/progettotouring.it\/radiotouring104\/2022\/10\/28\/al-via-puliamo-il-mondo-metrocity-e-comuni-insieme-per-la-tutela-della-costa-viola\/#primaryimage\",\"url\":\"https:\/\/progettotouring.it\/radiotouring104\/wp-content\/uploads\/sites\/6\/2022\/10\/Puliamo-il-Mondo.jpg\",\"contentUrl\":\"https:\/\/progettotouring.it\/radiotouring104\/wp-content\/uploads\/sites\/6\/2022\/10\/Puliamo-il-Mondo.jpg\",\"width\":1772,\"height\":2481},{\"@type\":\"BreadcrumbList\",\"@id\":\"https:\/\/progettotouring.it\/radiotouring104\/2022\/10\/28\/al-via-puliamo-il-mondo-metrocity-e-comuni-insieme-per-la-tutela-della-costa-viola\/#breadcrumb\",\"itemListElement\":[{\"@type\":\"ListItem\",\"position\":1,\"name\":\"Home\",\"item\":\"https:\/\/progettotouring.it\/radiotouring104\/\"},{\"@type\":\"ListItem\",\"position\":2,\"name\":\"Al via &#8220;Puliamo il mondo&#8221;, Metrocity e Comuni insieme per la tutela della Costa Viola\"}]},{\"@type\":\"WebSite\",\"@id\":\"https:\/\/progettotouring.it\/radiotouring104\/#website\",\"url\":\"https:\/\/progettotouring.it\/radiotouring104\/\",\"name\":\"Radio Touring 104\",\"description\":\"La prima radio Reggina\",\"publisher\":{\"@id\":\"https:\/\/progettotouring.it\/radiotouring104\/#organization\"},\"potentialAction\":[{\"@type\":\"SearchAction\",\"target\":{\"@type\":\"EntryPoint\",\"urlTemplate\":\"https:\/\/progettotouring.it\/radiotouring104\/?s={search_term_string}\"},\"query-input\":{\"@type\":\"PropertyValueSpecification\",\"valueRequired\":true,\"valueName\":\"search_term_string\"}}],\"inLanguage\":\"it-IT\"},{\"@type\":\"Organization\",\"@id\":\"https:\/\/progettotouring.it\/radiotouring104\/#organization\",\"name\":\"Radio Touring 104\",\"url\":\"https:\/\/progettotouring.it\/radiotouring104\/\",\"logo\":{\"@type\":\"ImageObject\",\"inLanguage\":\"it-IT\",\"@id\":\"https:\/\/progettotouring.it\/radiotouring104\/#\/schema\/logo\/image\/\",\"url\":\"https:\/\/progettotouring.it\/radiotouring104\/wp-content\/uploads\/sites\/6\/2022\/02\/cropped-logo-radio-touring-104.png\",\"contentUrl\":\"https:\/\/progettotouring.it\/radiotouring104\/wp-content\/uploads\/sites\/6\/2022\/02\/cropped-logo-radio-touring-104.png\",\"width\":377,\"height\":182,\"caption\":\"Radio Touring 104\"},\"image\":{\"@id\":\"https:\/\/progettotouring.it\/radiotouring104\/#\/schema\/logo\/image\/\"}},{\"@type\":\"Person\",\"@id\":\"https:\/\/progettotouring.it\/radiotouring104\/#\/schema\/person\/78613917f1851f041f7483f5af1d422e\",\"name\":\"Sebastiano Plutino\",\"image\":{\"@type\":\"ImageObject\",\"inLanguage\":\"it-IT\",\"@id\":\"https:\/\/secure.gravatar.com\/avatar\/0546ffaa9b79224faf9f2a156b67a529ae861d3287c66c1d8ccfdf909bcba78d?s=96&d=mm&r=g\",\"url\":\"https:\/\/secure.gravatar.com\/avatar\/0546ffaa9b79224faf9f2a156b67a529ae861d3287c66c1d8ccfdf909bcba78d?s=96&d=mm&r=g\",\"contentUrl\":\"https:\/\/secure.gravatar.com\/avatar\/0546ffaa9b79224faf9f2a156b67a529ae861d3287c66c1d8ccfdf909bcba78d?s=96&d=mm&r=g\",\"caption\":\"Sebastiano Plutino\"},\"url\":\"https:\/\/progettotouring.it\/radiotouring104\/author\/sebastiano\/\"}]}<\/script>\n<!-- \/ Yoast SEO plugin. -->","yoast_head_json":{"title":"\"Puliamo il Mondo\": Metrocity e Comuni per la Costa Viola","description":"L'Ente metropolitano ha aderito al progetto coordinato dal Circolo Legambiente Reggio Calabria \u201cCitt\u00e0 dello Stretto\u201d. Sabato 29 ottobre previsti tre interventi a Villa San Giovanni, Bagnara e Palmi","robots":{"index":"index","follow":"follow","max-snippet":"max-snippet:-1","max-image-preview":"max-image-preview:large","max-video-preview":"max-video-preview:-1"},"canonical":"https:\/\/progettotouring.it\/radiotouring104\/2022\/10\/28\/al-via-puliamo-il-mondo-metrocity-e-comuni-insieme-per-la-tutela-della-costa-viola\/","og_locale":"it_IT","og_type":"article","og_title":"\"Puliamo il Mondo\": Metrocity e Comuni per la Costa Viola","og_description":"L'Ente metropolitano ha aderito al progetto coordinato dal Circolo Legambiente Reggio Calabria \u201cCitt\u00e0 dello Stretto\u201d. Sabato 29 ottobre previsti tre interventi a Villa San Giovanni, Bagnara e Palmi","og_url":"https:\/\/progettotouring.it\/radiotouring104\/2022\/10\/28\/al-via-puliamo-il-mondo-metrocity-e-comuni-insieme-per-la-tutela-della-costa-viola\/","og_site_name":"Radio Touring 104","article_published_time":"2022-10-28T07:21:49+00:00","og_image":[{"width":1772,"height":2481,"url":"https:\/\/progettotouring.it\/radiotouring104\/wp-content\/uploads\/sites\/6\/2022\/10\/Puliamo-il-Mondo.jpg","type":"image\/jpeg"}],"author":"Sebastiano Plutino","twitter_card":"summary_large_image","twitter_misc":{"Scritto da":"Sebastiano Plutino","Tempo di lettura stimato":"3 minuti"},"schema":{"@context":"https:\/\/schema.org","@graph":[{"@type":"Article","@id":"https:\/\/progettotouring.it\/radiotouring104\/2022\/10\/28\/al-via-puliamo-il-mondo-metrocity-e-comuni-insieme-per-la-tutela-della-costa-viola\/#article","isPartOf":{"@id":"https:\/\/progettotouring.it\/radiotouring104\/2022\/10\/28\/al-via-puliamo-il-mondo-metrocity-e-comuni-insieme-per-la-tutela-della-costa-viola\/"},"author":{"name":"Sebastiano Plutino","@id":"https:\/\/progettotouring.it\/radiotouring104\/#\/schema\/person\/78613917f1851f041f7483f5af1d422e"},"headline":"Al via &#8220;Puliamo il mondo&#8221;, Metrocity e Comuni insieme per la tutela della Costa Viola","datePublished":"2022-10-28T07:21:49+00:00","mainEntityOfPage":{"@id":"https:\/\/progettotouring.it\/radiotouring104\/2022\/10\/28\/al-via-puliamo-il-mondo-metrocity-e-comuni-insieme-per-la-tutela-della-costa-viola\/"},"wordCount":573,"commentCount":0,"publisher":{"@id":"https:\/\/progettotouring.it\/radiotouring104\/#organization"},"image":{"@id":"https:\/\/progettotouring.it\/radiotouring104\/2022\/10\/28\/al-via-puliamo-il-mondo-metrocity-e-comuni-insieme-per-la-tutela-della-costa-viola\/#primaryimage"},"thumbnailUrl":"https:\/\/progettotouring.it\/radiotouring104\/wp-content\/uploads\/sites\/6\/2022\/10\/Puliamo-il-Mondo.jpg","keywords":["Costa Viola","Legambiente Reggio Calabria","Metrocity"],"articleSection":["Home","News","Reggio Calabria"],"inLanguage":"it-IT","potentialAction":[{"@type":"CommentAction","name":"Comment","target":["https:\/\/progettotouring.it\/radiotouring104\/2022\/10\/28\/al-via-puliamo-il-mondo-metrocity-e-comuni-insieme-per-la-tutela-della-costa-viola\/#respond"]}]},{"@type":"WebPage","@id":"https:\/\/progettotouring.it\/radiotouring104\/2022\/10\/28\/al-via-puliamo-il-mondo-metrocity-e-comuni-insieme-per-la-tutela-della-costa-viola\/","url":"https:\/\/progettotouring.it\/radiotouring104\/2022\/10\/28\/al-via-puliamo-il-mondo-metrocity-e-comuni-insieme-per-la-tutela-della-costa-viola\/","name":"\"Puliamo il Mondo\": Metrocity e Comuni per la Costa Viola","isPartOf":{"@id":"https:\/\/progettotouring.it\/radiotouring104\/#website"},"primaryImageOfPage":{"@id":"https:\/\/progettotouring.it\/radiotouring104\/2022\/10\/28\/al-via-puliamo-il-mondo-metrocity-e-comuni-insieme-per-la-tutela-della-costa-viola\/#primaryimage"},"image":{"@id":"https:\/\/progettotouring.it\/radiotouring104\/2022\/10\/28\/al-via-puliamo-il-mondo-metrocity-e-comuni-insieme-per-la-tutela-della-costa-viola\/#primaryimage"},"thumbnailUrl":"https:\/\/progettotouring.it\/radiotouring104\/wp-content\/uploads\/sites\/6\/2022\/10\/Puliamo-il-Mondo.jpg","datePublished":"2022-10-28T07:21:49+00:00","description":"L'Ente metropolitano ha aderito al progetto coordinato dal Circolo Legambiente Reggio Calabria \u201cCitt\u00e0 dello Stretto\u201d. Sabato 29 ottobre previsti tre interventi a Villa San Giovanni, Bagnara e Palmi","breadcrumb":{"@id":"https:\/\/progettotouring.it\/radiotouring104\/2022\/10\/28\/al-via-puliamo-il-mondo-metrocity-e-comuni-insieme-per-la-tutela-della-costa-viola\/#breadcrumb"},"inLanguage":"it-IT","potentialAction":[{"@type":"ReadAction","target":["https:\/\/progettotouring.it\/radiotouring104\/2022\/10\/28\/al-via-puliamo-il-mondo-metrocity-e-comuni-insieme-per-la-tutela-della-costa-viola\/"]}]},{"@type":"ImageObject","inLanguage":"it-IT","@id":"https:\/\/progettotouring.it\/radiotouring104\/2022\/10\/28\/al-via-puliamo-il-mondo-metrocity-e-comuni-insieme-per-la-tutela-della-costa-viola\/#primaryimage","url":"https:\/\/progettotouring.it\/radiotouring104\/wp-content\/uploads\/sites\/6\/2022\/10\/Puliamo-il-Mondo.jpg","contentUrl":"https:\/\/progettotouring.it\/radiotouring104\/wp-content\/uploads\/sites\/6\/2022\/10\/Puliamo-il-Mondo.jpg","width":1772,"height":2481},{"@type":"BreadcrumbList","@id":"https:\/\/progettotouring.it\/radiotouring104\/2022\/10\/28\/al-via-puliamo-il-mondo-metrocity-e-comuni-insieme-per-la-tutela-della-costa-viola\/#breadcrumb","itemListElement":[{"@type":"ListItem","position":1,"name":"Home","item":"https:\/\/progettotouring.it\/radiotouring104\/"},{"@type":"ListItem","position":2,"name":"Al via &#8220;Puliamo il mondo&#8221;, Metrocity e Comuni insieme per la tutela della Costa Viola"}]},{"@type":"WebSite","@id":"https:\/\/progettotouring.it\/radiotouring104\/#website","url":"https:\/\/progettotouring.it\/radiotouring104\/","name":"Radio Touring 104","description":"La prima radio Reggina","publisher":{"@id":"https:\/\/progettotouring.it\/radiotouring104\/#organization"},"potentialAction":[{"@type":"SearchAction","target":{"@type":"EntryPoint","urlTemplate":"https:\/\/progettotouring.it\/radiotouring104\/?s={search_term_string}"},"query-input":{"@type":"PropertyValueSpecification","valueRequired":true,"valueName":"search_term_string"}}],"inLanguage":"it-IT"},{"@type":"Organization","@id":"https:\/\/progettotouring.it\/radiotouring104\/#organization","name":"Radio Touring 104","url":"https:\/\/progettotouring.it\/radiotouring104\/","logo":{"@type":"ImageObject","inLanguage":"it-IT","@id":"https:\/\/progettotouring.it\/radiotouring104\/#\/schema\/logo\/image\/","url":"https:\/\/progettotouring.it\/radiotouring104\/wp-content\/uploads\/sites\/6\/2022\/02\/cropped-logo-radio-touring-104.png","contentUrl":"https:\/\/progettotouring.it\/radiotouring104\/wp-content\/uploads\/sites\/6\/2022\/02\/cropped-logo-radio-touring-104.png","width":377,"height":182,"caption":"Radio Touring 104"},"image":{"@id":"https:\/\/progettotouring.it\/radiotouring104\/#\/schema\/logo\/image\/"}},{"@type":"Person","@id":"https:\/\/progettotouring.it\/radiotouring104\/#\/schema\/person\/78613917f1851f041f7483f5af1d422e","name":"Sebastiano Plutino","image":{"@type":"ImageObject","inLanguage":"it-IT","@id":"https:\/\/secure.gravatar.com\/avatar\/0546ffaa9b79224faf9f2a156b67a529ae861d3287c66c1d8ccfdf909bcba78d?s=96&d=mm&r=g","url":"https:\/\/secure.gravatar.com\/avatar\/0546ffaa9b79224faf9f2a156b67a529ae861d3287c66c1d8ccfdf909bcba78d?s=96&d=mm&r=g","contentUrl":"https:\/\/secure.gravatar.com\/avatar\/0546ffaa9b79224faf9f2a156b67a529ae861d3287c66c1d8ccfdf909bcba78d?s=96&d=mm&r=g","caption":"Sebastiano Plutino"},"url":"https:\/\/progettotouring.it\/radiotouring104\/author\/sebastiano\/"}]}},"jetpack_publicize_connections":[],"jetpack_featured_media_url":"https:\/\/progettotouring.it\/radiotouring104\/wp-content\/uploads\/sites\/6\/2022\/10\/Puliamo-il-Mondo.jpg","jetpack_sharing_enabled":true,"_links":{"self":[{"href":"https:\/\/progettotouring.it\/radiotouring104\/wp-json\/wp\/v2\/posts\/11109","targetHints":{"allow":["GET"]}}],"collection":[{"href":"https:\/\/progettotouring.it\/radiotouring104\/wp-json\/wp\/v2\/posts"}],"about":[{"href":"https:\/\/progettotouring.it\/radiotouring104\/wp-json\/wp\/v2\/types\/post"}],"author":[{"embeddable":true,"href":"https:\/\/progettotouring.it\/radiotouring104\/wp-json\/wp\/v2\/users\/12"}],"replies":[{"embeddable":true,"href":"https:\/\/progettotouring.it\/radiotouring104\/wp-json\/wp\/v2\/comments?post=11109"}],"version-history":[{"count":1,"href":"https:\/\/progettotouring.it\/radiotouring104\/wp-json\/wp\/v2\/posts\/11109\/revisions"}],"predecessor-version":[{"id":11111,"href":"https:\/\/progettotouring.it\/radiotouring104\/wp-json\/wp\/v2\/posts\/11109\/revisions\/11111"}],"wp:featuredmedia":[{"embeddable":true,"href":"https:\/\/progettotouring.it\/radiotouring104\/wp-json\/wp\/v2\/media\/11110"}],"wp:attachment":[{"href":"https:\/\/progettotouring.it\/radiotouring104\/wp-json\/wp\/v2\/media?parent=11109"}],"wp:term":[{"taxonomy":"category","embeddable":true,"href":"https:\/\/progettotouring.it\/radiotouring104\/wp-json\/wp\/v2\/categories?post=11109"},{"taxonomy":"post_tag","embeddable":true,"href":"https:\/\/progettotouring.it\/radiotouring104\/wp-json\/wp\/v2\/tags?post=11109"}],"curies":[{"name":"wp","href":"https:\/\/api.w.org\/{rel}","templated":true}]}}