{"id":11112,"date":"2022-10-28T09:36:31","date_gmt":"2022-10-28T07:36:31","guid":{"rendered":"https:\/\/progettotouring.it\/radiotouring104\/?p=11112"},"modified":"2022-10-28T09:57:20","modified_gmt":"2022-10-28T07:57:20","slug":"festa-regionale-polisportive-giovanili-salesiane-a-bova-marina","status":"publish","type":"post","link":"https:\/\/progettotouring.it\/radiotouring104\/2022\/10\/28\/festa-regionale-polisportive-giovanili-salesiane-a-bova-marina\/","title":{"rendered":"PGS Calabria, il 30 ottobre a Bova Marina tutti in campo per la Festa Regionale"},"content":{"rendered":"<div>\n<div>Prosegue a ritmi spediti l\u2019avvio di stagione delle <strong>Polisportive Giovanili Salesiane calabresi<\/strong>. Dopo gli stati generali, il campo scuola per alleducatori di Camigliatello Silano, la costituzione del Comitato Provinciale di Vibo Valentia, l\u2019assemblea dei dirigenti quadri, l\u2019inizio della Coppa Calabria di calcio a 5 e pallavolo e l\u2019inaugurazione della stagione sportiva delle PGS Reggio Calabria con ospiti il procuratore Di Palma ed il presidente della Reggina 1914 Cardona, si torna in campo per la prima <strong>Festa Regionale<\/strong> riservata alle categorie <strong>pigiessini<\/strong>, <strong>micro<\/strong> e <strong>mini<\/strong>.<\/div>\n<\/div>\n<div>\n<p>Sar\u00e0 l\u2019<strong>Oratorio Salesiano di Bova Marina<\/strong>, in provincia di Reggio Calabria, ad ospitare, <strong><u>domenica 30 ottobre 2022<\/u><\/strong>, l\u2019importante concentramento sportivo di <strong>calcio a 5<\/strong> e <strong>volley<\/strong> che registrer\u00e0 la partecipazione di associazioni affiliate alle PGS, dirigenti, alleducatori e piccoli atleti provenienti da pi\u00f9 parti della Calabria. Oltre alle consuete e attesissime partite, non mancheranno i giochi a punti, i momenti di riflessione, la celebrazione eucaristica, nonch\u00e9 occasioni di intrattenimento per bambini e famiglie. Il programma di massima della giornata prevende alle ore 9.00 gli arrivi, l\u2019accoglienza, la sistemazione delle squadre e la consegna dei documenti. Alle ore 9.30 si terr\u00e0 la celebrazione eucaristica, seguita dalla riunione tecnica e dalla consegna dei calendari delle gare. L\u2019inizio dei tornei e dei giochi \u00e8 previsto alle ore 10.45. Dopo la pausa pranzo delle 12.45, si proseguir\u00e0 fino alle ore 17.00 per concludere con i saluti e le partenze.<\/p>\n<p>Nel frattempo, il <strong>Comitato PGS Calabria<\/strong> presieduto da Fabio Armeni ha attivato il <strong>\u201cCorso Regionale di Tecnico di Secondo Livello\u201d valido per l\u2019acquisizione crediti del primo livello SNaQ<\/strong>. Il percorso formativo &#8211; aperto ai laureati Isef\/scienze motorie ed ai tecnici PGS e federali di primo livello &#8211; si terr\u00e0 in modalit\u00e0 online da novembre 2022 a marzo 2023 e proseguir\u00e0 ad agosto del prossimo anno con la parte pratica.<\/p>\n<p>Per ulteriori informazioni sulle attivit\u00e0 e sui corsi di formazione delle Polisportive Giovanili Salesiane \u00e8 possibile visitare il sito <strong>www.pgscalabria.it<\/strong> ed i canali social \u201cPGS Calabria\u201d.<\/p>\n<p>&nbsp;<\/p>\n<\/div>\n","protected":false},"excerpt":{"rendered":"<p>Prosegue a ritmi spediti l\u2019avvio di stagione delle Polisportive Giovanili Salesiane calabresi. Dopo gli stati generali, il campo scuola per alleducatori di Camigliatello Silano, la costituzione del Comitato Provinciale di&hellip;<\/p>\n","protected":false},"author":12,"featured_media":11113,"comment_status":"open","ping_status":"open","sticky":false,"template":"","format":"standard","meta":{"_jetpack_memberships_contains_paid_content":false,"footnotes":"","jetpack_publicize_message":"","jetpack_publicize_feature_enabled":true,"jetpack_social_post_already_shared":false,"jetpack_social_options":{"image_generator_settings":{"template":"highway","default_image_id":0,"font":"","enabled":false},"version":2}},"categories":[921,196,140,144],"tags":[5131,701],"class_list":["post-11112","post","type-post","status-publish","format-standard","has-post-thumbnail","hentry","category-home","category-news","category-reggio-calabria","category-sport","tag-festa-regionale","tag-polisportive-giovanili-salesiane"],"yoast_head":"<!-- This site is optimized with the Yoast SEO plugin v27.2 - https:\/\/yoast.com\/product\/yoast-seo-wordpress\/ -->\n<title>PGS Calabria, Festa Regionale, il 30 ottobre, a Bova Marina<\/title>\n<meta name=\"description\" content=\"L\u2019evento di calcio a 5 e volley sar\u00e0 ospitato dall\u2019Oratorio Salesiano e coinvolger\u00e0 tanti bambini\" \/>\n<meta name=\"robots\" content=\"index, follow, max-snippet:-1, max-image-preview:large, max-video-preview:-1\" \/>\n<link rel=\"canonical\" href=\"https:\/\/progettotouring.it\/radiotouring104\/2022\/10\/28\/festa-regionale-polisportive-giovanili-salesiane-a-bova-marina\/\" \/>\n<meta property=\"og:locale\" content=\"it_IT\" \/>\n<meta property=\"og:type\" content=\"article\" \/>\n<meta property=\"og:title\" content=\"PGS Calabria, Festa Regionale, il 30 ottobre, a Bova Marina\" \/>\n<meta property=\"og:description\" content=\"L\u2019evento di calcio a 5 e volley sar\u00e0 ospitato dall\u2019Oratorio Salesiano e coinvolger\u00e0 tanti bambini\" \/>\n<meta property=\"og:url\" content=\"https:\/\/progettotouring.it\/radiotouring104\/2022\/10\/28\/festa-regionale-polisportive-giovanili-salesiane-a-bova-marina\/\" \/>\n<meta property=\"og:site_name\" content=\"Radio Touring 104\" \/>\n<meta property=\"article:published_time\" content=\"2022-10-28T07:36:31+00:00\" \/>\n<meta property=\"article:modified_time\" content=\"2022-10-28T07:57:20+00:00\" \/>\n<meta property=\"og:image\" content=\"https:\/\/progettotouring.it\/radiotouring104\/wp-content\/uploads\/sites\/6\/2022\/10\/foto_archivio_festa_regionale_pgs_calabria.jpg\" \/>\n\t<meta property=\"og:image:width\" content=\"2048\" \/>\n\t<meta property=\"og:image:height\" content=\"1153\" \/>\n\t<meta property=\"og:image:type\" content=\"image\/jpeg\" \/>\n<meta name=\"author\" content=\"Sebastiano Plutino\" \/>\n<meta name=\"twitter:card\" content=\"summary_large_image\" \/>\n<meta name=\"twitter:label1\" content=\"Scritto da\" \/>\n\t<meta name=\"twitter:data1\" content=\"Sebastiano Plutino\" \/>\n\t<meta name=\"twitter:label2\" content=\"Tempo di lettura stimato\" \/>\n\t<meta name=\"twitter:data2\" content=\"2 minuti\" \/>\n<script type=\"application\/ld+json\" class=\"yoast-schema-graph\">{\"@context\":\"https:\/\/schema.org\",\"@graph\":[{\"@type\":\"Article\",\"@id\":\"https:\/\/progettotouring.it\/radiotouring104\/2022\/10\/28\/festa-regionale-polisportive-giovanili-salesiane-a-bova-marina\/#article\",\"isPartOf\":{\"@id\":\"https:\/\/progettotouring.it\/radiotouring104\/2022\/10\/28\/festa-regionale-polisportive-giovanili-salesiane-a-bova-marina\/\"},\"author\":{\"name\":\"Sebastiano Plutino\",\"@id\":\"https:\/\/progettotouring.it\/radiotouring104\/#\/schema\/person\/78613917f1851f041f7483f5af1d422e\"},\"headline\":\"PGS Calabria, il 30 ottobre a Bova Marina tutti in campo per la Festa Regionale\",\"datePublished\":\"2022-10-28T07:36:31+00:00\",\"dateModified\":\"2022-10-28T07:57:20+00:00\",\"mainEntityOfPage\":{\"@id\":\"https:\/\/progettotouring.it\/radiotouring104\/2022\/10\/28\/festa-regionale-polisportive-giovanili-salesiane-a-bova-marina\/\"},\"wordCount\":337,\"commentCount\":0,\"publisher\":{\"@id\":\"https:\/\/progettotouring.it\/radiotouring104\/#organization\"},\"image\":{\"@id\":\"https:\/\/progettotouring.it\/radiotouring104\/2022\/10\/28\/festa-regionale-polisportive-giovanili-salesiane-a-bova-marina\/#primaryimage\"},\"thumbnailUrl\":\"https:\/\/progettotouring.it\/radiotouring104\/wp-content\/uploads\/sites\/6\/2022\/10\/foto_archivio_festa_regionale_pgs_calabria.jpg\",\"keywords\":[\"festa regionale\",\"polisportive giovanili salesiane\"],\"articleSection\":[\"Home\",\"News\",\"Reggio Calabria\",\"Sport\"],\"inLanguage\":\"it-IT\",\"potentialAction\":[{\"@type\":\"CommentAction\",\"name\":\"Comment\",\"target\":[\"https:\/\/progettotouring.it\/radiotouring104\/2022\/10\/28\/festa-regionale-polisportive-giovanili-salesiane-a-bova-marina\/#respond\"]}]},{\"@type\":\"WebPage\",\"@id\":\"https:\/\/progettotouring.it\/radiotouring104\/2022\/10\/28\/festa-regionale-polisportive-giovanili-salesiane-a-bova-marina\/\",\"url\":\"https:\/\/progettotouring.it\/radiotouring104\/2022\/10\/28\/festa-regionale-polisportive-giovanili-salesiane-a-bova-marina\/\",\"name\":\"PGS Calabria, Festa Regionale, il 30 ottobre, a Bova Marina\",\"isPartOf\":{\"@id\":\"https:\/\/progettotouring.it\/radiotouring104\/#website\"},\"primaryImageOfPage\":{\"@id\":\"https:\/\/progettotouring.it\/radiotouring104\/2022\/10\/28\/festa-regionale-polisportive-giovanili-salesiane-a-bova-marina\/#primaryimage\"},\"image\":{\"@id\":\"https:\/\/progettotouring.it\/radiotouring104\/2022\/10\/28\/festa-regionale-polisportive-giovanili-salesiane-a-bova-marina\/#primaryimage\"},\"thumbnailUrl\":\"https:\/\/progettotouring.it\/radiotouring104\/wp-content\/uploads\/sites\/6\/2022\/10\/foto_archivio_festa_regionale_pgs_calabria.jpg\",\"datePublished\":\"2022-10-28T07:36:31+00:00\",\"dateModified\":\"2022-10-28T07:57:20+00:00\",\"description\":\"L\u2019evento di calcio a 5 e volley sar\u00e0 ospitato dall\u2019Oratorio Salesiano e coinvolger\u00e0 tanti bambini\",\"breadcrumb\":{\"@id\":\"https:\/\/progettotouring.it\/radiotouring104\/2022\/10\/28\/festa-regionale-polisportive-giovanili-salesiane-a-bova-marina\/#breadcrumb\"},\"inLanguage\":\"it-IT\",\"potentialAction\":[{\"@type\":\"ReadAction\",\"target\":[\"https:\/\/progettotouring.it\/radiotouring104\/2022\/10\/28\/festa-regionale-polisportive-giovanili-salesiane-a-bova-marina\/\"]}]},{\"@type\":\"ImageObject\",\"inLanguage\":\"it-IT\",\"@id\":\"https:\/\/progettotouring.it\/radiotouring104\/2022\/10\/28\/festa-regionale-polisportive-giovanili-salesiane-a-bova-marina\/#primaryimage\",\"url\":\"https:\/\/progettotouring.it\/radiotouring104\/wp-content\/uploads\/sites\/6\/2022\/10\/foto_archivio_festa_regionale_pgs_calabria.jpg\",\"contentUrl\":\"https:\/\/progettotouring.it\/radiotouring104\/wp-content\/uploads\/sites\/6\/2022\/10\/foto_archivio_festa_regionale_pgs_calabria.jpg\",\"width\":2048,\"height\":1153},{\"@type\":\"BreadcrumbList\",\"@id\":\"https:\/\/progettotouring.it\/radiotouring104\/2022\/10\/28\/festa-regionale-polisportive-giovanili-salesiane-a-bova-marina\/#breadcrumb\",\"itemListElement\":[{\"@type\":\"ListItem\",\"position\":1,\"name\":\"Home\",\"item\":\"https:\/\/progettotouring.it\/radiotouring104\/\"},{\"@type\":\"ListItem\",\"position\":2,\"name\":\"PGS Calabria, il 30 ottobre a Bova Marina tutti in campo per la Festa Regionale\"}]},{\"@type\":\"WebSite\",\"@id\":\"https:\/\/progettotouring.it\/radiotouring104\/#website\",\"url\":\"https:\/\/progettotouring.it\/radiotouring104\/\",\"name\":\"Radio Touring 104\",\"description\":\"La prima radio Reggina\",\"publisher\":{\"@id\":\"https:\/\/progettotouring.it\/radiotouring104\/#organization\"},\"potentialAction\":[{\"@type\":\"SearchAction\",\"target\":{\"@type\":\"EntryPoint\",\"urlTemplate\":\"https:\/\/progettotouring.it\/radiotouring104\/?s={search_term_string}\"},\"query-input\":{\"@type\":\"PropertyValueSpecification\",\"valueRequired\":true,\"valueName\":\"search_term_string\"}}],\"inLanguage\":\"it-IT\"},{\"@type\":\"Organization\",\"@id\":\"https:\/\/progettotouring.it\/radiotouring104\/#organization\",\"name\":\"Radio Touring 104\",\"url\":\"https:\/\/progettotouring.it\/radiotouring104\/\",\"logo\":{\"@type\":\"ImageObject\",\"inLanguage\":\"it-IT\",\"@id\":\"https:\/\/progettotouring.it\/radiotouring104\/#\/schema\/logo\/image\/\",\"url\":\"https:\/\/progettotouring.it\/radiotouring104\/wp-content\/uploads\/sites\/6\/2022\/02\/cropped-logo-radio-touring-104.png\",\"contentUrl\":\"https:\/\/progettotouring.it\/radiotouring104\/wp-content\/uploads\/sites\/6\/2022\/02\/cropped-logo-radio-touring-104.png\",\"width\":377,\"height\":182,\"caption\":\"Radio Touring 104\"},\"image\":{\"@id\":\"https:\/\/progettotouring.it\/radiotouring104\/#\/schema\/logo\/image\/\"}},{\"@type\":\"Person\",\"@id\":\"https:\/\/progettotouring.it\/radiotouring104\/#\/schema\/person\/78613917f1851f041f7483f5af1d422e\",\"name\":\"Sebastiano Plutino\",\"image\":{\"@type\":\"ImageObject\",\"inLanguage\":\"it-IT\",\"@id\":\"https:\/\/secure.gravatar.com\/avatar\/0546ffaa9b79224faf9f2a156b67a529ae861d3287c66c1d8ccfdf909bcba78d?s=96&d=mm&r=g\",\"url\":\"https:\/\/secure.gravatar.com\/avatar\/0546ffaa9b79224faf9f2a156b67a529ae861d3287c66c1d8ccfdf909bcba78d?s=96&d=mm&r=g\",\"contentUrl\":\"https:\/\/secure.gravatar.com\/avatar\/0546ffaa9b79224faf9f2a156b67a529ae861d3287c66c1d8ccfdf909bcba78d?s=96&d=mm&r=g\",\"caption\":\"Sebastiano Plutino\"},\"url\":\"https:\/\/progettotouring.it\/radiotouring104\/author\/sebastiano\/\"}]}<\/script>\n<!-- \/ Yoast SEO plugin. -->","yoast_head_json":{"title":"PGS Calabria, Festa Regionale, il 30 ottobre, a Bova Marina","description":"L\u2019evento di calcio a 5 e volley sar\u00e0 ospitato dall\u2019Oratorio Salesiano e coinvolger\u00e0 tanti bambini","robots":{"index":"index","follow":"follow","max-snippet":"max-snippet:-1","max-image-preview":"max-image-preview:large","max-video-preview":"max-video-preview:-1"},"canonical":"https:\/\/progettotouring.it\/radiotouring104\/2022\/10\/28\/festa-regionale-polisportive-giovanili-salesiane-a-bova-marina\/","og_locale":"it_IT","og_type":"article","og_title":"PGS Calabria, Festa Regionale, il 30 ottobre, a Bova Marina","og_description":"L\u2019evento di calcio a 5 e volley sar\u00e0 ospitato dall\u2019Oratorio Salesiano e coinvolger\u00e0 tanti bambini","og_url":"https:\/\/progettotouring.it\/radiotouring104\/2022\/10\/28\/festa-regionale-polisportive-giovanili-salesiane-a-bova-marina\/","og_site_name":"Radio Touring 104","article_published_time":"2022-10-28T07:36:31+00:00","article_modified_time":"2022-10-28T07:57:20+00:00","og_image":[{"width":2048,"height":1153,"url":"https:\/\/progettotouring.it\/radiotouring104\/wp-content\/uploads\/sites\/6\/2022\/10\/foto_archivio_festa_regionale_pgs_calabria.jpg","type":"image\/jpeg"}],"author":"Sebastiano Plutino","twitter_card":"summary_large_image","twitter_misc":{"Scritto da":"Sebastiano Plutino","Tempo di lettura stimato":"2 minuti"},"schema":{"@context":"https:\/\/schema.org","@graph":[{"@type":"Article","@id":"https:\/\/progettotouring.it\/radiotouring104\/2022\/10\/28\/festa-regionale-polisportive-giovanili-salesiane-a-bova-marina\/#article","isPartOf":{"@id":"https:\/\/progettotouring.it\/radiotouring104\/2022\/10\/28\/festa-regionale-polisportive-giovanili-salesiane-a-bova-marina\/"},"author":{"name":"Sebastiano Plutino","@id":"https:\/\/progettotouring.it\/radiotouring104\/#\/schema\/person\/78613917f1851f041f7483f5af1d422e"},"headline":"PGS Calabria, il 30 ottobre a Bova Marina tutti in campo per la Festa Regionale","datePublished":"2022-10-28T07:36:31+00:00","dateModified":"2022-10-28T07:57:20+00:00","mainEntityOfPage":{"@id":"https:\/\/progettotouring.it\/radiotouring104\/2022\/10\/28\/festa-regionale-polisportive-giovanili-salesiane-a-bova-marina\/"},"wordCount":337,"commentCount":0,"publisher":{"@id":"https:\/\/progettotouring.it\/radiotouring104\/#organization"},"image":{"@id":"https:\/\/progettotouring.it\/radiotouring104\/2022\/10\/28\/festa-regionale-polisportive-giovanili-salesiane-a-bova-marina\/#primaryimage"},"thumbnailUrl":"https:\/\/progettotouring.it\/radiotouring104\/wp-content\/uploads\/sites\/6\/2022\/10\/foto_archivio_festa_regionale_pgs_calabria.jpg","keywords":["festa regionale","polisportive giovanili salesiane"],"articleSection":["Home","News","Reggio Calabria","Sport"],"inLanguage":"it-IT","potentialAction":[{"@type":"CommentAction","name":"Comment","target":["https:\/\/progettotouring.it\/radiotouring104\/2022\/10\/28\/festa-regionale-polisportive-giovanili-salesiane-a-bova-marina\/#respond"]}]},{"@type":"WebPage","@id":"https:\/\/progettotouring.it\/radiotouring104\/2022\/10\/28\/festa-regionale-polisportive-giovanili-salesiane-a-bova-marina\/","url":"https:\/\/progettotouring.it\/radiotouring104\/2022\/10\/28\/festa-regionale-polisportive-giovanili-salesiane-a-bova-marina\/","name":"PGS Calabria, Festa Regionale, il 30 ottobre, a Bova Marina","isPartOf":{"@id":"https:\/\/progettotouring.it\/radiotouring104\/#website"},"primaryImageOfPage":{"@id":"https:\/\/progettotouring.it\/radiotouring104\/2022\/10\/28\/festa-regionale-polisportive-giovanili-salesiane-a-bova-marina\/#primaryimage"},"image":{"@id":"https:\/\/progettotouring.it\/radiotouring104\/2022\/10\/28\/festa-regionale-polisportive-giovanili-salesiane-a-bova-marina\/#primaryimage"},"thumbnailUrl":"https:\/\/progettotouring.it\/radiotouring104\/wp-content\/uploads\/sites\/6\/2022\/10\/foto_archivio_festa_regionale_pgs_calabria.jpg","datePublished":"2022-10-28T07:36:31+00:00","dateModified":"2022-10-28T07:57:20+00:00","description":"L\u2019evento di calcio a 5 e volley sar\u00e0 ospitato dall\u2019Oratorio Salesiano e coinvolger\u00e0 tanti bambini","breadcrumb":{"@id":"https:\/\/progettotouring.it\/radiotouring104\/2022\/10\/28\/festa-regionale-polisportive-giovanili-salesiane-a-bova-marina\/#breadcrumb"},"inLanguage":"it-IT","potentialAction":[{"@type":"ReadAction","target":["https:\/\/progettotouring.it\/radiotouring104\/2022\/10\/28\/festa-regionale-polisportive-giovanili-salesiane-a-bova-marina\/"]}]},{"@type":"ImageObject","inLanguage":"it-IT","@id":"https:\/\/progettotouring.it\/radiotouring104\/2022\/10\/28\/festa-regionale-polisportive-giovanili-salesiane-a-bova-marina\/#primaryimage","url":"https:\/\/progettotouring.it\/radiotouring104\/wp-content\/uploads\/sites\/6\/2022\/10\/foto_archivio_festa_regionale_pgs_calabria.jpg","contentUrl":"https:\/\/progettotouring.it\/radiotouring104\/wp-content\/uploads\/sites\/6\/2022\/10\/foto_archivio_festa_regionale_pgs_calabria.jpg","width":2048,"height":1153},{"@type":"BreadcrumbList","@id":"https:\/\/progettotouring.it\/radiotouring104\/2022\/10\/28\/festa-regionale-polisportive-giovanili-salesiane-a-bova-marina\/#breadcrumb","itemListElement":[{"@type":"ListItem","position":1,"name":"Home","item":"https:\/\/progettotouring.it\/radiotouring104\/"},{"@type":"ListItem","position":2,"name":"PGS Calabria, il 30 ottobre a Bova Marina tutti in campo per la Festa Regionale"}]},{"@type":"WebSite","@id":"https:\/\/progettotouring.it\/radiotouring104\/#website","url":"https:\/\/progettotouring.it\/radiotouring104\/","name":"Radio Touring 104","description":"La prima radio Reggina","publisher":{"@id":"https:\/\/progettotouring.it\/radiotouring104\/#organization"},"potentialAction":[{"@type":"SearchAction","target":{"@type":"EntryPoint","urlTemplate":"https:\/\/progettotouring.it\/radiotouring104\/?s={search_term_string}"},"query-input":{"@type":"PropertyValueSpecification","valueRequired":true,"valueName":"search_term_string"}}],"inLanguage":"it-IT"},{"@type":"Organization","@id":"https:\/\/progettotouring.it\/radiotouring104\/#organization","name":"Radio Touring 104","url":"https:\/\/progettotouring.it\/radiotouring104\/","logo":{"@type":"ImageObject","inLanguage":"it-IT","@id":"https:\/\/progettotouring.it\/radiotouring104\/#\/schema\/logo\/image\/","url":"https:\/\/progettotouring.it\/radiotouring104\/wp-content\/uploads\/sites\/6\/2022\/02\/cropped-logo-radio-touring-104.png","contentUrl":"https:\/\/progettotouring.it\/radiotouring104\/wp-content\/uploads\/sites\/6\/2022\/02\/cropped-logo-radio-touring-104.png","width":377,"height":182,"caption":"Radio Touring 104"},"image":{"@id":"https:\/\/progettotouring.it\/radiotouring104\/#\/schema\/logo\/image\/"}},{"@type":"Person","@id":"https:\/\/progettotouring.it\/radiotouring104\/#\/schema\/person\/78613917f1851f041f7483f5af1d422e","name":"Sebastiano Plutino","image":{"@type":"ImageObject","inLanguage":"it-IT","@id":"https:\/\/secure.gravatar.com\/avatar\/0546ffaa9b79224faf9f2a156b67a529ae861d3287c66c1d8ccfdf909bcba78d?s=96&d=mm&r=g","url":"https:\/\/secure.gravatar.com\/avatar\/0546ffaa9b79224faf9f2a156b67a529ae861d3287c66c1d8ccfdf909bcba78d?s=96&d=mm&r=g","contentUrl":"https:\/\/secure.gravatar.com\/avatar\/0546ffaa9b79224faf9f2a156b67a529ae861d3287c66c1d8ccfdf909bcba78d?s=96&d=mm&r=g","caption":"Sebastiano Plutino"},"url":"https:\/\/progettotouring.it\/radiotouring104\/author\/sebastiano\/"}]}},"jetpack_publicize_connections":[],"jetpack_featured_media_url":"https:\/\/progettotouring.it\/radiotouring104\/wp-content\/uploads\/sites\/6\/2022\/10\/foto_archivio_festa_regionale_pgs_calabria.jpg","jetpack_sharing_enabled":true,"_links":{"self":[{"href":"https:\/\/progettotouring.it\/radiotouring104\/wp-json\/wp\/v2\/posts\/11112","targetHints":{"allow":["GET"]}}],"collection":[{"href":"https:\/\/progettotouring.it\/radiotouring104\/wp-json\/wp\/v2\/posts"}],"about":[{"href":"https:\/\/progettotouring.it\/radiotouring104\/wp-json\/wp\/v2\/types\/post"}],"author":[{"embeddable":true,"href":"https:\/\/progettotouring.it\/radiotouring104\/wp-json\/wp\/v2\/users\/12"}],"replies":[{"embeddable":true,"href":"https:\/\/progettotouring.it\/radiotouring104\/wp-json\/wp\/v2\/comments?post=11112"}],"version-history":[{"count":3,"href":"https:\/\/progettotouring.it\/radiotouring104\/wp-json\/wp\/v2\/posts\/11112\/revisions"}],"predecessor-version":[{"id":11119,"href":"https:\/\/progettotouring.it\/radiotouring104\/wp-json\/wp\/v2\/posts\/11112\/revisions\/11119"}],"wp:featuredmedia":[{"embeddable":true,"href":"https:\/\/progettotouring.it\/radiotouring104\/wp-json\/wp\/v2\/media\/11113"}],"wp:attachment":[{"href":"https:\/\/progettotouring.it\/radiotouring104\/wp-json\/wp\/v2\/media?parent=11112"}],"wp:term":[{"taxonomy":"category","embeddable":true,"href":"https:\/\/progettotouring.it\/radiotouring104\/wp-json\/wp\/v2\/categories?post=11112"},{"taxonomy":"post_tag","embeddable":true,"href":"https:\/\/progettotouring.it\/radiotouring104\/wp-json\/wp\/v2\/tags?post=11112"}],"curies":[{"name":"wp","href":"https:\/\/api.w.org\/{rel}","templated":true}]}}