{"id":11120,"date":"2022-10-28T10:15:03","date_gmt":"2022-10-28T08:15:03","guid":{"rendered":"https:\/\/progettotouring.it\/radiotouring104\/?p=11120"},"modified":"2022-10-28T10:15:03","modified_gmt":"2022-10-28T08:15:03","slug":"due-studenti-reggini-sul-podio-dei-campionati-di-astronomia-di-matera","status":"publish","type":"post","link":"https:\/\/progettotouring.it\/radiotouring104\/2022\/10\/28\/due-studenti-reggini-sul-podio-dei-campionati-di-astronomia-di-matera\/","title":{"rendered":"Due studenti reggini sul podio dei Campionati di Astronomia di Matera"},"content":{"rendered":"<p>\u00abUn altro importante successo per due studenti reggini, saliti sul podio dei Campionati internazionali di astronomia. La nostra Citt\u00e0 metropolitana \u00e8, quindi, orgogliosa del prestigioso risultato ottenuto da Raffaello Marino e Marco Carbone\u00bb. Cos\u00ec, in una nota stampa, il sindaco ff della Citt\u00e0 Metropolitana di Reggio Calabria, Carmelo Versace, ed il Consigliere metropolitano delegato alla Cultura, Filippo Quartuccio, commentano l&#8217;esito della manifestazione svoltasi a Matera, dal 16 al 24 ottobre, con la partecipazione di 78 ragazzi in rappresentanza di 12 nazioni.<\/p>\n<p>\u00abIl risultato &#8211; hanno aggiunto &#8211; premia gli sforzi e la passione di giovani fortemente coinvolti da una materia scientifica che, grazie soprattutto allo straordinario lavoro del Planetario metropolitano &#8220;Pitagora&#8221; e della sua direttrice Angela Misano, \u00e8 diventata segno distintivo per la nostra comunit\u00e0, celebrata, solo per fare un esempio, con il Premio Cosmos, l&#8217;evento di straordinario interesse internazionale ed il pi\u00f9 importante di settore nell&#8217;intero Mezzogiorno d&#8217;Italia\u00bb.<\/p>\n<p>\u00abOggi &#8211; hanno continuato Versace e Quartuccio &#8211; riconosciamo i meriti di due astri nascenti, \u00e8 proprio il caso di dirlo, nel campo astronomico. Raffaello Marino, del Liceo Classico \u201cCampanella\u201d, e Marco Carbone, dello Scientifico &#8220;Da Vinci&#8221;, componenti della squadra italiana, hanno rispettivamente ottenuto la medaglia di bronzo nella categoria dei giovanissimi (14 -15 anni) e nella categoria gamma, cos\u00ec definita dal regolamento internazionale, riservata ai ragazzi che hanno conquistato, nella precedente edizione, almeno una medaglia d\u2019argento. Bravissimi!\u00bb.<\/p>\n<p>\u00abI campionati di Astronomia &#8211; hanno ricordato ancora i due rappresentanti della Metrocity &#8211; sono promossi dal Ministero dell\u2019Istruzione ed organizzati dalla Societ\u00e0 Astronomica Italiana (SAIt), in sinergia con l\u2019Istituto Nazionale di Astrofisica (INAF). Ci\u00f2 dimostra l&#8217;autorevolezza e lo spessore di una manifestazione nella quale svettano i nostri Raffaello e Marco. Il loro risultato, oltretutto, diventa ancora di pi\u00f9 eccezionale perch\u00e9 \u00e8 riferito ad una disciplina non curriculare all\u2019interno del nostro ordinamento scolastico ed \u00e8 frutto, certamente, delle loro eccellenti capacit\u00e0 intellettive e del notevole impegno personale che dimostrano un\u2019ottima preparazione in matematica e fisica, il cui merito \u00e8 da ascrivere alla scuola e ai docenti\u00bb.<\/p>\n<p>\u00abIn questo contesto &#8211; hanno concluso Versace e Quartuccio &#8211; non \u00e8 secondario il ruolo del Planetario metropolitano che affianca nella preparazione i docenti ed i ragazzi per gli aspetti pratici-osservativi. Insomma, da Matera sono tornati vincenti Raffaello e Marco, ma la loro \u00e8, senza dubbio, una vittoria per l&#8217;intero territorio\u00a0metropolitano\u00bb.<\/p>\n<div><\/div>\n","protected":false},"excerpt":{"rendered":"<p>\u00abUn altro importante successo per due studenti reggini, saliti sul podio dei Campionati internazionali di astronomia. La nostra Citt\u00e0 metropolitana \u00e8, quindi, orgogliosa del prestigioso risultato ottenuto da Raffaello Marino&hellip;<\/p>\n","protected":false},"author":12,"featured_media":11121,"comment_status":"open","ping_status":"open","sticky":false,"template":"","format":"standard","meta":{"_jetpack_memberships_contains_paid_content":false,"footnotes":"","jetpack_publicize_message":"","jetpack_publicize_feature_enabled":true,"jetpack_social_post_already_shared":false,"jetpack_social_options":{"image_generator_settings":{"template":"highway","default_image_id":0,"font":"","enabled":false},"version":2}},"categories":[921,4303,152,196,140],"tags":[1170,2610,5132,531],"class_list":["post-11120","post","type-post","status-publish","format-standard","has-post-thumbnail","hentry","category-home","category-istruzione","category-italia","category-news","category-reggio-calabria","tag-astronomia","tag-campionati-studenteschi","tag-matera","tag-metrocity"],"yoast_head":"<!-- This site is optimized with the Yoast SEO plugin v27.2 - https:\/\/yoast.com\/product\/yoast-seo-wordpress\/ -->\n<title>Premiati due studenti reggini ai Campionati di Astronomia di Matera<\/title>\n<meta name=\"description\" content=\"Alla manifestazione, svoltasi a Matera, hanno preso parte 78 ragazzi in rappresentanza di 12 nazioni. La soddisfazione della Metrocity: &quot;Orgogliosi dei nostri ragazzi&quot;\" \/>\n<meta name=\"robots\" content=\"index, follow, max-snippet:-1, max-image-preview:large, max-video-preview:-1\" \/>\n<link rel=\"canonical\" href=\"https:\/\/progettotouring.it\/radiotouring104\/2022\/10\/28\/due-studenti-reggini-sul-podio-dei-campionati-di-astronomia-di-matera\/\" \/>\n<meta property=\"og:locale\" content=\"it_IT\" \/>\n<meta property=\"og:type\" content=\"article\" \/>\n<meta property=\"og:title\" content=\"Premiati due studenti reggini ai Campionati di Astronomia di Matera\" \/>\n<meta property=\"og:description\" content=\"Alla manifestazione, svoltasi a Matera, hanno preso parte 78 ragazzi in rappresentanza di 12 nazioni. La soddisfazione della Metrocity: &quot;Orgogliosi dei nostri ragazzi&quot;\" \/>\n<meta property=\"og:url\" content=\"https:\/\/progettotouring.it\/radiotouring104\/2022\/10\/28\/due-studenti-reggini-sul-podio-dei-campionati-di-astronomia-di-matera\/\" \/>\n<meta property=\"og:site_name\" content=\"Radio Touring 104\" \/>\n<meta property=\"article:published_time\" content=\"2022-10-28T08:15:03+00:00\" \/>\n<meta property=\"og:image\" content=\"https:\/\/progettotouring.it\/radiotouring104\/wp-content\/uploads\/sites\/6\/2022\/10\/campionati-di-astronomia.jpg\" \/>\n\t<meta property=\"og:image:width\" content=\"1024\" \/>\n\t<meta property=\"og:image:height\" content=\"768\" \/>\n\t<meta property=\"og:image:type\" content=\"image\/jpeg\" \/>\n<meta name=\"author\" content=\"Sebastiano Plutino\" \/>\n<meta name=\"twitter:card\" content=\"summary_large_image\" \/>\n<meta name=\"twitter:label1\" content=\"Scritto da\" \/>\n\t<meta name=\"twitter:data1\" content=\"Sebastiano Plutino\" \/>\n\t<meta name=\"twitter:label2\" content=\"Tempo di lettura stimato\" \/>\n\t<meta name=\"twitter:data2\" content=\"2 minuti\" \/>\n<script type=\"application\/ld+json\" class=\"yoast-schema-graph\">{\"@context\":\"https:\/\/schema.org\",\"@graph\":[{\"@type\":\"Article\",\"@id\":\"https:\/\/progettotouring.it\/radiotouring104\/2022\/10\/28\/due-studenti-reggini-sul-podio-dei-campionati-di-astronomia-di-matera\/#article\",\"isPartOf\":{\"@id\":\"https:\/\/progettotouring.it\/radiotouring104\/2022\/10\/28\/due-studenti-reggini-sul-podio-dei-campionati-di-astronomia-di-matera\/\"},\"author\":{\"name\":\"Sebastiano Plutino\",\"@id\":\"https:\/\/progettotouring.it\/radiotouring104\/#\/schema\/person\/78613917f1851f041f7483f5af1d422e\"},\"headline\":\"Due studenti reggini sul podio dei Campionati di Astronomia di Matera\",\"datePublished\":\"2022-10-28T08:15:03+00:00\",\"mainEntityOfPage\":{\"@id\":\"https:\/\/progettotouring.it\/radiotouring104\/2022\/10\/28\/due-studenti-reggini-sul-podio-dei-campionati-di-astronomia-di-matera\/\"},\"wordCount\":388,\"commentCount\":0,\"publisher\":{\"@id\":\"https:\/\/progettotouring.it\/radiotouring104\/#organization\"},\"image\":{\"@id\":\"https:\/\/progettotouring.it\/radiotouring104\/2022\/10\/28\/due-studenti-reggini-sul-podio-dei-campionati-di-astronomia-di-matera\/#primaryimage\"},\"thumbnailUrl\":\"https:\/\/progettotouring.it\/radiotouring104\/wp-content\/uploads\/sites\/6\/2022\/10\/campionati-di-astronomia.jpg\",\"keywords\":[\"astronomia\",\"Campionati studenteschi\",\"Matera\",\"Metrocity\"],\"articleSection\":[\"Home\",\"Istruzione\",\"Italia\",\"News\",\"Reggio Calabria\"],\"inLanguage\":\"it-IT\",\"potentialAction\":[{\"@type\":\"CommentAction\",\"name\":\"Comment\",\"target\":[\"https:\/\/progettotouring.it\/radiotouring104\/2022\/10\/28\/due-studenti-reggini-sul-podio-dei-campionati-di-astronomia-di-matera\/#respond\"]}]},{\"@type\":\"WebPage\",\"@id\":\"https:\/\/progettotouring.it\/radiotouring104\/2022\/10\/28\/due-studenti-reggini-sul-podio-dei-campionati-di-astronomia-di-matera\/\",\"url\":\"https:\/\/progettotouring.it\/radiotouring104\/2022\/10\/28\/due-studenti-reggini-sul-podio-dei-campionati-di-astronomia-di-matera\/\",\"name\":\"Premiati due studenti reggini ai Campionati di Astronomia di Matera\",\"isPartOf\":{\"@id\":\"https:\/\/progettotouring.it\/radiotouring104\/#website\"},\"primaryImageOfPage\":{\"@id\":\"https:\/\/progettotouring.it\/radiotouring104\/2022\/10\/28\/due-studenti-reggini-sul-podio-dei-campionati-di-astronomia-di-matera\/#primaryimage\"},\"image\":{\"@id\":\"https:\/\/progettotouring.it\/radiotouring104\/2022\/10\/28\/due-studenti-reggini-sul-podio-dei-campionati-di-astronomia-di-matera\/#primaryimage\"},\"thumbnailUrl\":\"https:\/\/progettotouring.it\/radiotouring104\/wp-content\/uploads\/sites\/6\/2022\/10\/campionati-di-astronomia.jpg\",\"datePublished\":\"2022-10-28T08:15:03+00:00\",\"description\":\"Alla manifestazione, svoltasi a Matera, hanno preso parte 78 ragazzi in rappresentanza di 12 nazioni. La soddisfazione della Metrocity: \\\"Orgogliosi dei nostri ragazzi\\\"\",\"breadcrumb\":{\"@id\":\"https:\/\/progettotouring.it\/radiotouring104\/2022\/10\/28\/due-studenti-reggini-sul-podio-dei-campionati-di-astronomia-di-matera\/#breadcrumb\"},\"inLanguage\":\"it-IT\",\"potentialAction\":[{\"@type\":\"ReadAction\",\"target\":[\"https:\/\/progettotouring.it\/radiotouring104\/2022\/10\/28\/due-studenti-reggini-sul-podio-dei-campionati-di-astronomia-di-matera\/\"]}]},{\"@type\":\"ImageObject\",\"inLanguage\":\"it-IT\",\"@id\":\"https:\/\/progettotouring.it\/radiotouring104\/2022\/10\/28\/due-studenti-reggini-sul-podio-dei-campionati-di-astronomia-di-matera\/#primaryimage\",\"url\":\"https:\/\/progettotouring.it\/radiotouring104\/wp-content\/uploads\/sites\/6\/2022\/10\/campionati-di-astronomia.jpg\",\"contentUrl\":\"https:\/\/progettotouring.it\/radiotouring104\/wp-content\/uploads\/sites\/6\/2022\/10\/campionati-di-astronomia.jpg\",\"width\":1024,\"height\":768},{\"@type\":\"BreadcrumbList\",\"@id\":\"https:\/\/progettotouring.it\/radiotouring104\/2022\/10\/28\/due-studenti-reggini-sul-podio-dei-campionati-di-astronomia-di-matera\/#breadcrumb\",\"itemListElement\":[{\"@type\":\"ListItem\",\"position\":1,\"name\":\"Home\",\"item\":\"https:\/\/progettotouring.it\/radiotouring104\/\"},{\"@type\":\"ListItem\",\"position\":2,\"name\":\"Due studenti reggini sul podio dei Campionati di Astronomia di Matera\"}]},{\"@type\":\"WebSite\",\"@id\":\"https:\/\/progettotouring.it\/radiotouring104\/#website\",\"url\":\"https:\/\/progettotouring.it\/radiotouring104\/\",\"name\":\"Radio Touring 104\",\"description\":\"La prima radio Reggina\",\"publisher\":{\"@id\":\"https:\/\/progettotouring.it\/radiotouring104\/#organization\"},\"potentialAction\":[{\"@type\":\"SearchAction\",\"target\":{\"@type\":\"EntryPoint\",\"urlTemplate\":\"https:\/\/progettotouring.it\/radiotouring104\/?s={search_term_string}\"},\"query-input\":{\"@type\":\"PropertyValueSpecification\",\"valueRequired\":true,\"valueName\":\"search_term_string\"}}],\"inLanguage\":\"it-IT\"},{\"@type\":\"Organization\",\"@id\":\"https:\/\/progettotouring.it\/radiotouring104\/#organization\",\"name\":\"Radio Touring 104\",\"url\":\"https:\/\/progettotouring.it\/radiotouring104\/\",\"logo\":{\"@type\":\"ImageObject\",\"inLanguage\":\"it-IT\",\"@id\":\"https:\/\/progettotouring.it\/radiotouring104\/#\/schema\/logo\/image\/\",\"url\":\"https:\/\/progettotouring.it\/radiotouring104\/wp-content\/uploads\/sites\/6\/2022\/02\/cropped-logo-radio-touring-104.png\",\"contentUrl\":\"https:\/\/progettotouring.it\/radiotouring104\/wp-content\/uploads\/sites\/6\/2022\/02\/cropped-logo-radio-touring-104.png\",\"width\":377,\"height\":182,\"caption\":\"Radio Touring 104\"},\"image\":{\"@id\":\"https:\/\/progettotouring.it\/radiotouring104\/#\/schema\/logo\/image\/\"}},{\"@type\":\"Person\",\"@id\":\"https:\/\/progettotouring.it\/radiotouring104\/#\/schema\/person\/78613917f1851f041f7483f5af1d422e\",\"name\":\"Sebastiano Plutino\",\"image\":{\"@type\":\"ImageObject\",\"inLanguage\":\"it-IT\",\"@id\":\"https:\/\/secure.gravatar.com\/avatar\/0546ffaa9b79224faf9f2a156b67a529ae861d3287c66c1d8ccfdf909bcba78d?s=96&d=mm&r=g\",\"url\":\"https:\/\/secure.gravatar.com\/avatar\/0546ffaa9b79224faf9f2a156b67a529ae861d3287c66c1d8ccfdf909bcba78d?s=96&d=mm&r=g\",\"contentUrl\":\"https:\/\/secure.gravatar.com\/avatar\/0546ffaa9b79224faf9f2a156b67a529ae861d3287c66c1d8ccfdf909bcba78d?s=96&d=mm&r=g\",\"caption\":\"Sebastiano Plutino\"},\"url\":\"https:\/\/progettotouring.it\/radiotouring104\/author\/sebastiano\/\"}]}<\/script>\n<!-- \/ Yoast SEO plugin. -->","yoast_head_json":{"title":"Premiati due studenti reggini ai Campionati di Astronomia di Matera","description":"Alla manifestazione, svoltasi a Matera, hanno preso parte 78 ragazzi in rappresentanza di 12 nazioni. La soddisfazione della Metrocity: \"Orgogliosi dei nostri ragazzi\"","robots":{"index":"index","follow":"follow","max-snippet":"max-snippet:-1","max-image-preview":"max-image-preview:large","max-video-preview":"max-video-preview:-1"},"canonical":"https:\/\/progettotouring.it\/radiotouring104\/2022\/10\/28\/due-studenti-reggini-sul-podio-dei-campionati-di-astronomia-di-matera\/","og_locale":"it_IT","og_type":"article","og_title":"Premiati due studenti reggini ai Campionati di Astronomia di Matera","og_description":"Alla manifestazione, svoltasi a Matera, hanno preso parte 78 ragazzi in rappresentanza di 12 nazioni. La soddisfazione della Metrocity: \"Orgogliosi dei nostri ragazzi\"","og_url":"https:\/\/progettotouring.it\/radiotouring104\/2022\/10\/28\/due-studenti-reggini-sul-podio-dei-campionati-di-astronomia-di-matera\/","og_site_name":"Radio Touring 104","article_published_time":"2022-10-28T08:15:03+00:00","og_image":[{"width":1024,"height":768,"url":"https:\/\/progettotouring.it\/radiotouring104\/wp-content\/uploads\/sites\/6\/2022\/10\/campionati-di-astronomia.jpg","type":"image\/jpeg"}],"author":"Sebastiano Plutino","twitter_card":"summary_large_image","twitter_misc":{"Scritto da":"Sebastiano Plutino","Tempo di lettura stimato":"2 minuti"},"schema":{"@context":"https:\/\/schema.org","@graph":[{"@type":"Article","@id":"https:\/\/progettotouring.it\/radiotouring104\/2022\/10\/28\/due-studenti-reggini-sul-podio-dei-campionati-di-astronomia-di-matera\/#article","isPartOf":{"@id":"https:\/\/progettotouring.it\/radiotouring104\/2022\/10\/28\/due-studenti-reggini-sul-podio-dei-campionati-di-astronomia-di-matera\/"},"author":{"name":"Sebastiano Plutino","@id":"https:\/\/progettotouring.it\/radiotouring104\/#\/schema\/person\/78613917f1851f041f7483f5af1d422e"},"headline":"Due studenti reggini sul podio dei Campionati di Astronomia di Matera","datePublished":"2022-10-28T08:15:03+00:00","mainEntityOfPage":{"@id":"https:\/\/progettotouring.it\/radiotouring104\/2022\/10\/28\/due-studenti-reggini-sul-podio-dei-campionati-di-astronomia-di-matera\/"},"wordCount":388,"commentCount":0,"publisher":{"@id":"https:\/\/progettotouring.it\/radiotouring104\/#organization"},"image":{"@id":"https:\/\/progettotouring.it\/radiotouring104\/2022\/10\/28\/due-studenti-reggini-sul-podio-dei-campionati-di-astronomia-di-matera\/#primaryimage"},"thumbnailUrl":"https:\/\/progettotouring.it\/radiotouring104\/wp-content\/uploads\/sites\/6\/2022\/10\/campionati-di-astronomia.jpg","keywords":["astronomia","Campionati studenteschi","Matera","Metrocity"],"articleSection":["Home","Istruzione","Italia","News","Reggio Calabria"],"inLanguage":"it-IT","potentialAction":[{"@type":"CommentAction","name":"Comment","target":["https:\/\/progettotouring.it\/radiotouring104\/2022\/10\/28\/due-studenti-reggini-sul-podio-dei-campionati-di-astronomia-di-matera\/#respond"]}]},{"@type":"WebPage","@id":"https:\/\/progettotouring.it\/radiotouring104\/2022\/10\/28\/due-studenti-reggini-sul-podio-dei-campionati-di-astronomia-di-matera\/","url":"https:\/\/progettotouring.it\/radiotouring104\/2022\/10\/28\/due-studenti-reggini-sul-podio-dei-campionati-di-astronomia-di-matera\/","name":"Premiati due studenti reggini ai Campionati di Astronomia di Matera","isPartOf":{"@id":"https:\/\/progettotouring.it\/radiotouring104\/#website"},"primaryImageOfPage":{"@id":"https:\/\/progettotouring.it\/radiotouring104\/2022\/10\/28\/due-studenti-reggini-sul-podio-dei-campionati-di-astronomia-di-matera\/#primaryimage"},"image":{"@id":"https:\/\/progettotouring.it\/radiotouring104\/2022\/10\/28\/due-studenti-reggini-sul-podio-dei-campionati-di-astronomia-di-matera\/#primaryimage"},"thumbnailUrl":"https:\/\/progettotouring.it\/radiotouring104\/wp-content\/uploads\/sites\/6\/2022\/10\/campionati-di-astronomia.jpg","datePublished":"2022-10-28T08:15:03+00:00","description":"Alla manifestazione, svoltasi a Matera, hanno preso parte 78 ragazzi in rappresentanza di 12 nazioni. La soddisfazione della Metrocity: \"Orgogliosi dei nostri ragazzi\"","breadcrumb":{"@id":"https:\/\/progettotouring.it\/radiotouring104\/2022\/10\/28\/due-studenti-reggini-sul-podio-dei-campionati-di-astronomia-di-matera\/#breadcrumb"},"inLanguage":"it-IT","potentialAction":[{"@type":"ReadAction","target":["https:\/\/progettotouring.it\/radiotouring104\/2022\/10\/28\/due-studenti-reggini-sul-podio-dei-campionati-di-astronomia-di-matera\/"]}]},{"@type":"ImageObject","inLanguage":"it-IT","@id":"https:\/\/progettotouring.it\/radiotouring104\/2022\/10\/28\/due-studenti-reggini-sul-podio-dei-campionati-di-astronomia-di-matera\/#primaryimage","url":"https:\/\/progettotouring.it\/radiotouring104\/wp-content\/uploads\/sites\/6\/2022\/10\/campionati-di-astronomia.jpg","contentUrl":"https:\/\/progettotouring.it\/radiotouring104\/wp-content\/uploads\/sites\/6\/2022\/10\/campionati-di-astronomia.jpg","width":1024,"height":768},{"@type":"BreadcrumbList","@id":"https:\/\/progettotouring.it\/radiotouring104\/2022\/10\/28\/due-studenti-reggini-sul-podio-dei-campionati-di-astronomia-di-matera\/#breadcrumb","itemListElement":[{"@type":"ListItem","position":1,"name":"Home","item":"https:\/\/progettotouring.it\/radiotouring104\/"},{"@type":"ListItem","position":2,"name":"Due studenti reggini sul podio dei Campionati di Astronomia di Matera"}]},{"@type":"WebSite","@id":"https:\/\/progettotouring.it\/radiotouring104\/#website","url":"https:\/\/progettotouring.it\/radiotouring104\/","name":"Radio Touring 104","description":"La prima radio Reggina","publisher":{"@id":"https:\/\/progettotouring.it\/radiotouring104\/#organization"},"potentialAction":[{"@type":"SearchAction","target":{"@type":"EntryPoint","urlTemplate":"https:\/\/progettotouring.it\/radiotouring104\/?s={search_term_string}"},"query-input":{"@type":"PropertyValueSpecification","valueRequired":true,"valueName":"search_term_string"}}],"inLanguage":"it-IT"},{"@type":"Organization","@id":"https:\/\/progettotouring.it\/radiotouring104\/#organization","name":"Radio Touring 104","url":"https:\/\/progettotouring.it\/radiotouring104\/","logo":{"@type":"ImageObject","inLanguage":"it-IT","@id":"https:\/\/progettotouring.it\/radiotouring104\/#\/schema\/logo\/image\/","url":"https:\/\/progettotouring.it\/radiotouring104\/wp-content\/uploads\/sites\/6\/2022\/02\/cropped-logo-radio-touring-104.png","contentUrl":"https:\/\/progettotouring.it\/radiotouring104\/wp-content\/uploads\/sites\/6\/2022\/02\/cropped-logo-radio-touring-104.png","width":377,"height":182,"caption":"Radio Touring 104"},"image":{"@id":"https:\/\/progettotouring.it\/radiotouring104\/#\/schema\/logo\/image\/"}},{"@type":"Person","@id":"https:\/\/progettotouring.it\/radiotouring104\/#\/schema\/person\/78613917f1851f041f7483f5af1d422e","name":"Sebastiano Plutino","image":{"@type":"ImageObject","inLanguage":"it-IT","@id":"https:\/\/secure.gravatar.com\/avatar\/0546ffaa9b79224faf9f2a156b67a529ae861d3287c66c1d8ccfdf909bcba78d?s=96&d=mm&r=g","url":"https:\/\/secure.gravatar.com\/avatar\/0546ffaa9b79224faf9f2a156b67a529ae861d3287c66c1d8ccfdf909bcba78d?s=96&d=mm&r=g","contentUrl":"https:\/\/secure.gravatar.com\/avatar\/0546ffaa9b79224faf9f2a156b67a529ae861d3287c66c1d8ccfdf909bcba78d?s=96&d=mm&r=g","caption":"Sebastiano Plutino"},"url":"https:\/\/progettotouring.it\/radiotouring104\/author\/sebastiano\/"}]}},"jetpack_publicize_connections":[],"jetpack_featured_media_url":"https:\/\/progettotouring.it\/radiotouring104\/wp-content\/uploads\/sites\/6\/2022\/10\/campionati-di-astronomia.jpg","jetpack_sharing_enabled":true,"_links":{"self":[{"href":"https:\/\/progettotouring.it\/radiotouring104\/wp-json\/wp\/v2\/posts\/11120","targetHints":{"allow":["GET"]}}],"collection":[{"href":"https:\/\/progettotouring.it\/radiotouring104\/wp-json\/wp\/v2\/posts"}],"about":[{"href":"https:\/\/progettotouring.it\/radiotouring104\/wp-json\/wp\/v2\/types\/post"}],"author":[{"embeddable":true,"href":"https:\/\/progettotouring.it\/radiotouring104\/wp-json\/wp\/v2\/users\/12"}],"replies":[{"embeddable":true,"href":"https:\/\/progettotouring.it\/radiotouring104\/wp-json\/wp\/v2\/comments?post=11120"}],"version-history":[{"count":1,"href":"https:\/\/progettotouring.it\/radiotouring104\/wp-json\/wp\/v2\/posts\/11120\/revisions"}],"predecessor-version":[{"id":11122,"href":"https:\/\/progettotouring.it\/radiotouring104\/wp-json\/wp\/v2\/posts\/11120\/revisions\/11122"}],"wp:featuredmedia":[{"embeddable":true,"href":"https:\/\/progettotouring.it\/radiotouring104\/wp-json\/wp\/v2\/media\/11121"}],"wp:attachment":[{"href":"https:\/\/progettotouring.it\/radiotouring104\/wp-json\/wp\/v2\/media?parent=11120"}],"wp:term":[{"taxonomy":"category","embeddable":true,"href":"https:\/\/progettotouring.it\/radiotouring104\/wp-json\/wp\/v2\/categories?post=11120"},{"taxonomy":"post_tag","embeddable":true,"href":"https:\/\/progettotouring.it\/radiotouring104\/wp-json\/wp\/v2\/tags?post=11120"}],"curies":[{"name":"wp","href":"https:\/\/api.w.org\/{rel}","templated":true}]}}