{"id":11131,"date":"2022-10-27T15:40:55","date_gmt":"2022-10-27T13:40:55","guid":{"rendered":"https:\/\/progettotouring.it\/radiotouring104\/?p=11131"},"modified":"2022-10-28T10:53:13","modified_gmt":"2022-10-28T08:53:13","slug":"occhiuto-e-princi-puntano-sui-giovani-la-cittadella-e-il-palazzo-del-governo-regionale-intesi-come-se-fosse-casa-vostra","status":"publish","type":"post","link":"https:\/\/progettotouring.it\/radiotouring104\/2022\/10\/27\/occhiuto-e-princi-puntano-sui-giovani-la-cittadella-e-il-palazzo-del-governo-regionale-intesi-come-se-fosse-casa-vostra\/","title":{"rendered":"Occhiuto e Princi puntano sui giovani: &#8220;La Cittadella e il Palazzo del governo regionale intesi come se fosse casa vostra&#8221;"},"content":{"rendered":"<p style=\"text-align: justify\">&#8220;<em>La <strong>Cittadella<\/strong>, il Palazzo del governo regionale, deve essere inteso da Voi ragazzi come se fosse casa vostra, perch\u00e9 di fatto lo \u00e8. Deve rappresentare sempre pi\u00f9 uno spazio aperto, luogo di proposte e spunti, o anche solo di comunicazione. Sarete da stimolo per tutti noi e, perch\u00e9 no, anche fonte di ispirazione per le attivit\u00e0 da portare avanti ed a cui dare priorit\u00e0 nelle nostre azioni di governo&#8221;.<\/em> A dirlo sono il presidente ed il vicepresidente della <strong>Giunta regionale della Calabria<\/strong>, <strong>Roberto Occhiuto<\/strong> e<strong> Giusi Princi,<\/strong> in una nota stampa congiunta rivolta a tutti i giovani calabresi. <em>&#8220;Il momento ispiratore di questo messaggio che intendiamo mandare a ragazze e ragazzi di ogni angolo di <strong>Calabria<\/strong> &#8211; proseguono &#8211; \u00e8 stato l&#8217;incontro avvenuto ieri proprio in Cittadella con alcuni studenti liceali, accompagnati dai docenti e dal Dirigente scolastico, desiderosi di metterci a conoscenza di un prestigioso risultato raggiunto e condividere con noi tutto l&#8217;orgoglio e la soddisfazione provocati da un&#8217;esperienza di livello&#8221;.<\/em> Il riferimento \u00e8 al concorso di idee &#8220;Inventiamo una banconota&#8221; indetto da Banca d&#8217;Italia su tutto il territorio nazionale, che ha visto primeggiare una scuola calabrese, a fronte delle 821 proposte pervenute da tutta Italia. <em>&#8220;Ad aggiudicarsi il primo posto nella sezione Istituti superiori di secondo grado \u00e8 stata la classe <strong>3A del Liceo Artistico di Squillace Lido &#8216;Ettore Majorana&#8217;<\/strong>. \u00c8 splendido<\/em> &#8211; affermano le massime cariche della Giunta regionale &#8211; che abbiano insistito proprio loro per condividere con noi, personalmente, questo prestigioso riconoscimento e grande traguardo raggiunto!&#8221;.<\/p>\n<p style=\"text-align: justify\">Esposti tutti i dettagli dell&#8217;emozionante percorso realizzato e della premiazione gi\u00e0 avvenuta a <strong>Roma<\/strong> con il Governatore di <strong>Banca Italia<\/strong> <strong>Ignazio Visco<\/strong>, gli studenti poi, carichi di entusiasmo, hanno anche avuto modo di vivere, per una mattina, il luogo pi\u00f9 importante dell&#8217;Istituzione regionale, accolti e accompagnati dal Vicepresidente con delega all&#8217;Istruzione Giusi Princi. Da qui lo spunto per mandare un invito speciale rivolto a tutti gli studenti calabresi: <em>&#8220;<strong>Vi invitiamo tutti, chiedendo a ciascuno di voi di considerare questa sede come la casa di ogni studente<\/strong>. Sarete sempre accolti calorosamente<\/em> &#8211; concludono il presidente <strong>Occhiuto<\/strong> ed il vicepresidente <strong>Princi<\/strong> &#8211; <em>e saremo felici di illustrarvi come funziona la complessa macchina di una Regione. La <strong>Calabria<\/strong> ha bisogno del vostro apporto, anche nel modo pi\u00f9 semplice possibile, come una lieta visita a Palazzo&#8221;. <\/em>(ANSA)<\/p>\n","protected":false},"excerpt":{"rendered":"<p>&#8220;La Cittadella, il Palazzo del governo regionale, deve essere inteso da Voi ragazzi come se fosse casa vostra, perch\u00e9 di fatto lo \u00e8. Deve rappresentare sempre pi\u00f9 uno spazio aperto,&hellip;<\/p>\n","protected":false},"author":8,"featured_media":9079,"comment_status":"open","ping_status":"open","sticky":false,"template":"","format":"standard","meta":{"_jetpack_memberships_contains_paid_content":false,"footnotes":"","jetpack_publicize_message":"","jetpack_publicize_feature_enabled":true,"jetpack_social_post_already_shared":false,"jetpack_social_options":{"image_generator_settings":{"template":"highway","default_image_id":0,"font":"","enabled":false},"version":2}},"categories":[142,921,150,196],"tags":[5137,5138,2307,588,1235],"class_list":["post-11131","post","type-post","status-publish","format-standard","has-post-thumbnail","hentry","category-calabria","category-home","category-in-primo-piano","category-news","tag-giunta-regionale-della-calabria","tag-liceo-artistico-di-squillace-lido-ettore-majorana","tag-occhiuto","tag-princi","tag-roberto-occhiuto"],"yoast_head":"<!-- This site is optimized with the Yoast SEO plugin v27.2 - https:\/\/yoast.com\/product\/yoast-seo-wordpress\/ -->\n<title>Regione Calabria: Occhiuto e Princi puntano sui giovani calabresi<\/title>\n<meta name=\"description\" content=\"Il Presidente Occhiuto e il vice presidente Princi puntano sui giovani calabresi e consegnano le &quot;chiavi&quot; delle strutture amministrative\" \/>\n<meta name=\"robots\" content=\"index, follow, max-snippet:-1, max-image-preview:large, max-video-preview:-1\" \/>\n<link rel=\"canonical\" href=\"https:\/\/progettotouring.it\/radiotouring104\/2022\/10\/27\/occhiuto-e-princi-puntano-sui-giovani-la-cittadella-e-il-palazzo-del-governo-regionale-intesi-come-se-fosse-casa-vostra\/\" \/>\n<meta property=\"og:locale\" content=\"it_IT\" \/>\n<meta property=\"og:type\" content=\"article\" \/>\n<meta property=\"og:title\" content=\"Regione Calabria: Occhiuto e Princi puntano sui giovani calabresi\" \/>\n<meta property=\"og:description\" content=\"Il Presidente Occhiuto e il vice presidente Princi puntano sui giovani calabresi e consegnano le &quot;chiavi&quot; delle strutture amministrative\" \/>\n<meta property=\"og:url\" content=\"https:\/\/progettotouring.it\/radiotouring104\/2022\/10\/27\/occhiuto-e-princi-puntano-sui-giovani-la-cittadella-e-il-palazzo-del-governo-regionale-intesi-come-se-fosse-casa-vostra\/\" \/>\n<meta property=\"og:site_name\" content=\"Radio Touring 104\" \/>\n<meta property=\"article:published_time\" content=\"2022-10-27T13:40:55+00:00\" \/>\n<meta property=\"article:modified_time\" content=\"2022-10-28T08:53:13+00:00\" \/>\n<meta property=\"og:image\" content=\"https:\/\/progettotouring.it\/radiotouring104\/wp-content\/uploads\/sites\/6\/2022\/08\/occhiuto-princi-scaled.jpg\" \/>\n\t<meta property=\"og:image:width\" content=\"2560\" \/>\n\t<meta property=\"og:image:height\" content=\"1871\" \/>\n\t<meta property=\"og:image:type\" content=\"image\/jpeg\" \/>\n<meta name=\"author\" content=\"Filippo Francesco Idone\" \/>\n<meta name=\"twitter:card\" content=\"summary_large_image\" \/>\n<meta name=\"twitter:label1\" content=\"Scritto da\" \/>\n\t<meta name=\"twitter:data1\" content=\"Filippo Francesco Idone\" \/>\n\t<meta name=\"twitter:label2\" content=\"Tempo di lettura stimato\" \/>\n\t<meta name=\"twitter:data2\" content=\"2 minuti\" \/>\n<script type=\"application\/ld+json\" class=\"yoast-schema-graph\">{\"@context\":\"https:\/\/schema.org\",\"@graph\":[{\"@type\":\"Article\",\"@id\":\"https:\/\/progettotouring.it\/radiotouring104\/2022\/10\/27\/occhiuto-e-princi-puntano-sui-giovani-la-cittadella-e-il-palazzo-del-governo-regionale-intesi-come-se-fosse-casa-vostra\/#article\",\"isPartOf\":{\"@id\":\"https:\/\/progettotouring.it\/radiotouring104\/2022\/10\/27\/occhiuto-e-princi-puntano-sui-giovani-la-cittadella-e-il-palazzo-del-governo-regionale-intesi-come-se-fosse-casa-vostra\/\"},\"author\":{\"name\":\"Filippo Francesco Idone\",\"@id\":\"https:\/\/progettotouring.it\/radiotouring104\/#\/schema\/person\/4a82259ca52ac8702ad1a8f9e5a3120b\"},\"headline\":\"Occhiuto e Princi puntano sui giovani: &#8220;La Cittadella e il Palazzo del governo regionale intesi come se fosse casa vostra&#8221;\",\"datePublished\":\"2022-10-27T13:40:55+00:00\",\"dateModified\":\"2022-10-28T08:53:13+00:00\",\"mainEntityOfPage\":{\"@id\":\"https:\/\/progettotouring.it\/radiotouring104\/2022\/10\/27\/occhiuto-e-princi-puntano-sui-giovani-la-cittadella-e-il-palazzo-del-governo-regionale-intesi-come-se-fosse-casa-vostra\/\"},\"wordCount\":397,\"commentCount\":0,\"publisher\":{\"@id\":\"https:\/\/progettotouring.it\/radiotouring104\/#organization\"},\"image\":{\"@id\":\"https:\/\/progettotouring.it\/radiotouring104\/2022\/10\/27\/occhiuto-e-princi-puntano-sui-giovani-la-cittadella-e-il-palazzo-del-governo-regionale-intesi-come-se-fosse-casa-vostra\/#primaryimage\"},\"thumbnailUrl\":\"https:\/\/progettotouring.it\/radiotouring104\/wp-content\/uploads\/sites\/6\/2022\/08\/occhiuto-princi-scaled.jpg\",\"keywords\":[\"Giunta regionale della Calabria\",\"Liceo Artistico di Squillace Lido 'Ettore Majorana'.\",\"Occhiuto\",\"princi\",\"roberto occhiuto\"],\"articleSection\":[\"Calabria\",\"Home\",\"In primo piano\",\"News\"],\"inLanguage\":\"it-IT\",\"potentialAction\":[{\"@type\":\"CommentAction\",\"name\":\"Comment\",\"target\":[\"https:\/\/progettotouring.it\/radiotouring104\/2022\/10\/27\/occhiuto-e-princi-puntano-sui-giovani-la-cittadella-e-il-palazzo-del-governo-regionale-intesi-come-se-fosse-casa-vostra\/#respond\"]}]},{\"@type\":\"WebPage\",\"@id\":\"https:\/\/progettotouring.it\/radiotouring104\/2022\/10\/27\/occhiuto-e-princi-puntano-sui-giovani-la-cittadella-e-il-palazzo-del-governo-regionale-intesi-come-se-fosse-casa-vostra\/\",\"url\":\"https:\/\/progettotouring.it\/radiotouring104\/2022\/10\/27\/occhiuto-e-princi-puntano-sui-giovani-la-cittadella-e-il-palazzo-del-governo-regionale-intesi-come-se-fosse-casa-vostra\/\",\"name\":\"Regione Calabria: Occhiuto e Princi puntano sui giovani calabresi\",\"isPartOf\":{\"@id\":\"https:\/\/progettotouring.it\/radiotouring104\/#website\"},\"primaryImageOfPage\":{\"@id\":\"https:\/\/progettotouring.it\/radiotouring104\/2022\/10\/27\/occhiuto-e-princi-puntano-sui-giovani-la-cittadella-e-il-palazzo-del-governo-regionale-intesi-come-se-fosse-casa-vostra\/#primaryimage\"},\"image\":{\"@id\":\"https:\/\/progettotouring.it\/radiotouring104\/2022\/10\/27\/occhiuto-e-princi-puntano-sui-giovani-la-cittadella-e-il-palazzo-del-governo-regionale-intesi-come-se-fosse-casa-vostra\/#primaryimage\"},\"thumbnailUrl\":\"https:\/\/progettotouring.it\/radiotouring104\/wp-content\/uploads\/sites\/6\/2022\/08\/occhiuto-princi-scaled.jpg\",\"datePublished\":\"2022-10-27T13:40:55+00:00\",\"dateModified\":\"2022-10-28T08:53:13+00:00\",\"description\":\"Il Presidente Occhiuto e il vice presidente Princi puntano sui giovani calabresi e consegnano le \\\"chiavi\\\" delle strutture amministrative\",\"breadcrumb\":{\"@id\":\"https:\/\/progettotouring.it\/radiotouring104\/2022\/10\/27\/occhiuto-e-princi-puntano-sui-giovani-la-cittadella-e-il-palazzo-del-governo-regionale-intesi-come-se-fosse-casa-vostra\/#breadcrumb\"},\"inLanguage\":\"it-IT\",\"potentialAction\":[{\"@type\":\"ReadAction\",\"target\":[\"https:\/\/progettotouring.it\/radiotouring104\/2022\/10\/27\/occhiuto-e-princi-puntano-sui-giovani-la-cittadella-e-il-palazzo-del-governo-regionale-intesi-come-se-fosse-casa-vostra\/\"]}]},{\"@type\":\"ImageObject\",\"inLanguage\":\"it-IT\",\"@id\":\"https:\/\/progettotouring.it\/radiotouring104\/2022\/10\/27\/occhiuto-e-princi-puntano-sui-giovani-la-cittadella-e-il-palazzo-del-governo-regionale-intesi-come-se-fosse-casa-vostra\/#primaryimage\",\"url\":\"https:\/\/progettotouring.it\/radiotouring104\/wp-content\/uploads\/sites\/6\/2022\/08\/occhiuto-princi-scaled.jpg\",\"contentUrl\":\"https:\/\/progettotouring.it\/radiotouring104\/wp-content\/uploads\/sites\/6\/2022\/08\/occhiuto-princi-scaled.jpg\",\"width\":2560,\"height\":1871},{\"@type\":\"BreadcrumbList\",\"@id\":\"https:\/\/progettotouring.it\/radiotouring104\/2022\/10\/27\/occhiuto-e-princi-puntano-sui-giovani-la-cittadella-e-il-palazzo-del-governo-regionale-intesi-come-se-fosse-casa-vostra\/#breadcrumb\",\"itemListElement\":[{\"@type\":\"ListItem\",\"position\":1,\"name\":\"Home\",\"item\":\"https:\/\/progettotouring.it\/radiotouring104\/\"},{\"@type\":\"ListItem\",\"position\":2,\"name\":\"Occhiuto e Princi puntano sui giovani: &#8220;La Cittadella e il Palazzo del governo regionale intesi come se fosse casa vostra&#8221;\"}]},{\"@type\":\"WebSite\",\"@id\":\"https:\/\/progettotouring.it\/radiotouring104\/#website\",\"url\":\"https:\/\/progettotouring.it\/radiotouring104\/\",\"name\":\"Radio Touring 104\",\"description\":\"La prima radio Reggina\",\"publisher\":{\"@id\":\"https:\/\/progettotouring.it\/radiotouring104\/#organization\"},\"potentialAction\":[{\"@type\":\"SearchAction\",\"target\":{\"@type\":\"EntryPoint\",\"urlTemplate\":\"https:\/\/progettotouring.it\/radiotouring104\/?s={search_term_string}\"},\"query-input\":{\"@type\":\"PropertyValueSpecification\",\"valueRequired\":true,\"valueName\":\"search_term_string\"}}],\"inLanguage\":\"it-IT\"},{\"@type\":\"Organization\",\"@id\":\"https:\/\/progettotouring.it\/radiotouring104\/#organization\",\"name\":\"Radio Touring 104\",\"url\":\"https:\/\/progettotouring.it\/radiotouring104\/\",\"logo\":{\"@type\":\"ImageObject\",\"inLanguage\":\"it-IT\",\"@id\":\"https:\/\/progettotouring.it\/radiotouring104\/#\/schema\/logo\/image\/\",\"url\":\"https:\/\/progettotouring.it\/radiotouring104\/wp-content\/uploads\/sites\/6\/2022\/02\/cropped-logo-radio-touring-104.png\",\"contentUrl\":\"https:\/\/progettotouring.it\/radiotouring104\/wp-content\/uploads\/sites\/6\/2022\/02\/cropped-logo-radio-touring-104.png\",\"width\":377,\"height\":182,\"caption\":\"Radio Touring 104\"},\"image\":{\"@id\":\"https:\/\/progettotouring.it\/radiotouring104\/#\/schema\/logo\/image\/\"}},{\"@type\":\"Person\",\"@id\":\"https:\/\/progettotouring.it\/radiotouring104\/#\/schema\/person\/4a82259ca52ac8702ad1a8f9e5a3120b\",\"name\":\"Filippo Francesco Idone\",\"image\":{\"@type\":\"ImageObject\",\"inLanguage\":\"it-IT\",\"@id\":\"https:\/\/secure.gravatar.com\/avatar\/7268715d2366395c3dd314385670e6484117d44f5c442e61e230f7008b7b62d3?s=96&d=mm&r=g\",\"url\":\"https:\/\/secure.gravatar.com\/avatar\/7268715d2366395c3dd314385670e6484117d44f5c442e61e230f7008b7b62d3?s=96&d=mm&r=g\",\"contentUrl\":\"https:\/\/secure.gravatar.com\/avatar\/7268715d2366395c3dd314385670e6484117d44f5c442e61e230f7008b7b62d3?s=96&d=mm&r=g\",\"caption\":\"Filippo Francesco Idone\"},\"url\":\"https:\/\/progettotouring.it\/radiotouring104\/author\/filippoidone\/\"}]}<\/script>\n<!-- \/ Yoast SEO plugin. -->","yoast_head_json":{"title":"Regione Calabria: Occhiuto e Princi puntano sui giovani calabresi","description":"Il Presidente Occhiuto e il vice presidente Princi puntano sui giovani calabresi e consegnano le \"chiavi\" delle strutture amministrative","robots":{"index":"index","follow":"follow","max-snippet":"max-snippet:-1","max-image-preview":"max-image-preview:large","max-video-preview":"max-video-preview:-1"},"canonical":"https:\/\/progettotouring.it\/radiotouring104\/2022\/10\/27\/occhiuto-e-princi-puntano-sui-giovani-la-cittadella-e-il-palazzo-del-governo-regionale-intesi-come-se-fosse-casa-vostra\/","og_locale":"it_IT","og_type":"article","og_title":"Regione Calabria: Occhiuto e Princi puntano sui giovani calabresi","og_description":"Il Presidente Occhiuto e il vice presidente Princi puntano sui giovani calabresi e consegnano le \"chiavi\" delle strutture amministrative","og_url":"https:\/\/progettotouring.it\/radiotouring104\/2022\/10\/27\/occhiuto-e-princi-puntano-sui-giovani-la-cittadella-e-il-palazzo-del-governo-regionale-intesi-come-se-fosse-casa-vostra\/","og_site_name":"Radio Touring 104","article_published_time":"2022-10-27T13:40:55+00:00","article_modified_time":"2022-10-28T08:53:13+00:00","og_image":[{"width":2560,"height":1871,"url":"https:\/\/progettotouring.it\/radiotouring104\/wp-content\/uploads\/sites\/6\/2022\/08\/occhiuto-princi-scaled.jpg","type":"image\/jpeg"}],"author":"Filippo Francesco Idone","twitter_card":"summary_large_image","twitter_misc":{"Scritto da":"Filippo Francesco Idone","Tempo di lettura stimato":"2 minuti"},"schema":{"@context":"https:\/\/schema.org","@graph":[{"@type":"Article","@id":"https:\/\/progettotouring.it\/radiotouring104\/2022\/10\/27\/occhiuto-e-princi-puntano-sui-giovani-la-cittadella-e-il-palazzo-del-governo-regionale-intesi-come-se-fosse-casa-vostra\/#article","isPartOf":{"@id":"https:\/\/progettotouring.it\/radiotouring104\/2022\/10\/27\/occhiuto-e-princi-puntano-sui-giovani-la-cittadella-e-il-palazzo-del-governo-regionale-intesi-come-se-fosse-casa-vostra\/"},"author":{"name":"Filippo Francesco Idone","@id":"https:\/\/progettotouring.it\/radiotouring104\/#\/schema\/person\/4a82259ca52ac8702ad1a8f9e5a3120b"},"headline":"Occhiuto e Princi puntano sui giovani: &#8220;La Cittadella e il Palazzo del governo regionale intesi come se fosse casa vostra&#8221;","datePublished":"2022-10-27T13:40:55+00:00","dateModified":"2022-10-28T08:53:13+00:00","mainEntityOfPage":{"@id":"https:\/\/progettotouring.it\/radiotouring104\/2022\/10\/27\/occhiuto-e-princi-puntano-sui-giovani-la-cittadella-e-il-palazzo-del-governo-regionale-intesi-come-se-fosse-casa-vostra\/"},"wordCount":397,"commentCount":0,"publisher":{"@id":"https:\/\/progettotouring.it\/radiotouring104\/#organization"},"image":{"@id":"https:\/\/progettotouring.it\/radiotouring104\/2022\/10\/27\/occhiuto-e-princi-puntano-sui-giovani-la-cittadella-e-il-palazzo-del-governo-regionale-intesi-come-se-fosse-casa-vostra\/#primaryimage"},"thumbnailUrl":"https:\/\/progettotouring.it\/radiotouring104\/wp-content\/uploads\/sites\/6\/2022\/08\/occhiuto-princi-scaled.jpg","keywords":["Giunta regionale della Calabria","Liceo Artistico di Squillace Lido 'Ettore Majorana'.","Occhiuto","princi","roberto occhiuto"],"articleSection":["Calabria","Home","In primo piano","News"],"inLanguage":"it-IT","potentialAction":[{"@type":"CommentAction","name":"Comment","target":["https:\/\/progettotouring.it\/radiotouring104\/2022\/10\/27\/occhiuto-e-princi-puntano-sui-giovani-la-cittadella-e-il-palazzo-del-governo-regionale-intesi-come-se-fosse-casa-vostra\/#respond"]}]},{"@type":"WebPage","@id":"https:\/\/progettotouring.it\/radiotouring104\/2022\/10\/27\/occhiuto-e-princi-puntano-sui-giovani-la-cittadella-e-il-palazzo-del-governo-regionale-intesi-come-se-fosse-casa-vostra\/","url":"https:\/\/progettotouring.it\/radiotouring104\/2022\/10\/27\/occhiuto-e-princi-puntano-sui-giovani-la-cittadella-e-il-palazzo-del-governo-regionale-intesi-come-se-fosse-casa-vostra\/","name":"Regione Calabria: Occhiuto e Princi puntano sui giovani calabresi","isPartOf":{"@id":"https:\/\/progettotouring.it\/radiotouring104\/#website"},"primaryImageOfPage":{"@id":"https:\/\/progettotouring.it\/radiotouring104\/2022\/10\/27\/occhiuto-e-princi-puntano-sui-giovani-la-cittadella-e-il-palazzo-del-governo-regionale-intesi-come-se-fosse-casa-vostra\/#primaryimage"},"image":{"@id":"https:\/\/progettotouring.it\/radiotouring104\/2022\/10\/27\/occhiuto-e-princi-puntano-sui-giovani-la-cittadella-e-il-palazzo-del-governo-regionale-intesi-come-se-fosse-casa-vostra\/#primaryimage"},"thumbnailUrl":"https:\/\/progettotouring.it\/radiotouring104\/wp-content\/uploads\/sites\/6\/2022\/08\/occhiuto-princi-scaled.jpg","datePublished":"2022-10-27T13:40:55+00:00","dateModified":"2022-10-28T08:53:13+00:00","description":"Il Presidente Occhiuto e il vice presidente Princi puntano sui giovani calabresi e consegnano le \"chiavi\" delle strutture amministrative","breadcrumb":{"@id":"https:\/\/progettotouring.it\/radiotouring104\/2022\/10\/27\/occhiuto-e-princi-puntano-sui-giovani-la-cittadella-e-il-palazzo-del-governo-regionale-intesi-come-se-fosse-casa-vostra\/#breadcrumb"},"inLanguage":"it-IT","potentialAction":[{"@type":"ReadAction","target":["https:\/\/progettotouring.it\/radiotouring104\/2022\/10\/27\/occhiuto-e-princi-puntano-sui-giovani-la-cittadella-e-il-palazzo-del-governo-regionale-intesi-come-se-fosse-casa-vostra\/"]}]},{"@type":"ImageObject","inLanguage":"it-IT","@id":"https:\/\/progettotouring.it\/radiotouring104\/2022\/10\/27\/occhiuto-e-princi-puntano-sui-giovani-la-cittadella-e-il-palazzo-del-governo-regionale-intesi-come-se-fosse-casa-vostra\/#primaryimage","url":"https:\/\/progettotouring.it\/radiotouring104\/wp-content\/uploads\/sites\/6\/2022\/08\/occhiuto-princi-scaled.jpg","contentUrl":"https:\/\/progettotouring.it\/radiotouring104\/wp-content\/uploads\/sites\/6\/2022\/08\/occhiuto-princi-scaled.jpg","width":2560,"height":1871},{"@type":"BreadcrumbList","@id":"https:\/\/progettotouring.it\/radiotouring104\/2022\/10\/27\/occhiuto-e-princi-puntano-sui-giovani-la-cittadella-e-il-palazzo-del-governo-regionale-intesi-come-se-fosse-casa-vostra\/#breadcrumb","itemListElement":[{"@type":"ListItem","position":1,"name":"Home","item":"https:\/\/progettotouring.it\/radiotouring104\/"},{"@type":"ListItem","position":2,"name":"Occhiuto e Princi puntano sui giovani: &#8220;La Cittadella e il Palazzo del governo regionale intesi come se fosse casa vostra&#8221;"}]},{"@type":"WebSite","@id":"https:\/\/progettotouring.it\/radiotouring104\/#website","url":"https:\/\/progettotouring.it\/radiotouring104\/","name":"Radio Touring 104","description":"La prima radio Reggina","publisher":{"@id":"https:\/\/progettotouring.it\/radiotouring104\/#organization"},"potentialAction":[{"@type":"SearchAction","target":{"@type":"EntryPoint","urlTemplate":"https:\/\/progettotouring.it\/radiotouring104\/?s={search_term_string}"},"query-input":{"@type":"PropertyValueSpecification","valueRequired":true,"valueName":"search_term_string"}}],"inLanguage":"it-IT"},{"@type":"Organization","@id":"https:\/\/progettotouring.it\/radiotouring104\/#organization","name":"Radio Touring 104","url":"https:\/\/progettotouring.it\/radiotouring104\/","logo":{"@type":"ImageObject","inLanguage":"it-IT","@id":"https:\/\/progettotouring.it\/radiotouring104\/#\/schema\/logo\/image\/","url":"https:\/\/progettotouring.it\/radiotouring104\/wp-content\/uploads\/sites\/6\/2022\/02\/cropped-logo-radio-touring-104.png","contentUrl":"https:\/\/progettotouring.it\/radiotouring104\/wp-content\/uploads\/sites\/6\/2022\/02\/cropped-logo-radio-touring-104.png","width":377,"height":182,"caption":"Radio Touring 104"},"image":{"@id":"https:\/\/progettotouring.it\/radiotouring104\/#\/schema\/logo\/image\/"}},{"@type":"Person","@id":"https:\/\/progettotouring.it\/radiotouring104\/#\/schema\/person\/4a82259ca52ac8702ad1a8f9e5a3120b","name":"Filippo Francesco Idone","image":{"@type":"ImageObject","inLanguage":"it-IT","@id":"https:\/\/secure.gravatar.com\/avatar\/7268715d2366395c3dd314385670e6484117d44f5c442e61e230f7008b7b62d3?s=96&d=mm&r=g","url":"https:\/\/secure.gravatar.com\/avatar\/7268715d2366395c3dd314385670e6484117d44f5c442e61e230f7008b7b62d3?s=96&d=mm&r=g","contentUrl":"https:\/\/secure.gravatar.com\/avatar\/7268715d2366395c3dd314385670e6484117d44f5c442e61e230f7008b7b62d3?s=96&d=mm&r=g","caption":"Filippo Francesco Idone"},"url":"https:\/\/progettotouring.it\/radiotouring104\/author\/filippoidone\/"}]}},"jetpack_publicize_connections":[],"jetpack_featured_media_url":"https:\/\/progettotouring.it\/radiotouring104\/wp-content\/uploads\/sites\/6\/2022\/08\/occhiuto-princi-scaled.jpg","jetpack_sharing_enabled":true,"_links":{"self":[{"href":"https:\/\/progettotouring.it\/radiotouring104\/wp-json\/wp\/v2\/posts\/11131","targetHints":{"allow":["GET"]}}],"collection":[{"href":"https:\/\/progettotouring.it\/radiotouring104\/wp-json\/wp\/v2\/posts"}],"about":[{"href":"https:\/\/progettotouring.it\/radiotouring104\/wp-json\/wp\/v2\/types\/post"}],"author":[{"embeddable":true,"href":"https:\/\/progettotouring.it\/radiotouring104\/wp-json\/wp\/v2\/users\/8"}],"replies":[{"embeddable":true,"href":"https:\/\/progettotouring.it\/radiotouring104\/wp-json\/wp\/v2\/comments?post=11131"}],"version-history":[{"count":1,"href":"https:\/\/progettotouring.it\/radiotouring104\/wp-json\/wp\/v2\/posts\/11131\/revisions"}],"predecessor-version":[{"id":11133,"href":"https:\/\/progettotouring.it\/radiotouring104\/wp-json\/wp\/v2\/posts\/11131\/revisions\/11133"}],"wp:featuredmedia":[{"embeddable":true,"href":"https:\/\/progettotouring.it\/radiotouring104\/wp-json\/wp\/v2\/media\/9079"}],"wp:attachment":[{"href":"https:\/\/progettotouring.it\/radiotouring104\/wp-json\/wp\/v2\/media?parent=11131"}],"wp:term":[{"taxonomy":"category","embeddable":true,"href":"https:\/\/progettotouring.it\/radiotouring104\/wp-json\/wp\/v2\/categories?post=11131"},{"taxonomy":"post_tag","embeddable":true,"href":"https:\/\/progettotouring.it\/radiotouring104\/wp-json\/wp\/v2\/tags?post=11131"}],"curies":[{"name":"wp","href":"https:\/\/api.w.org\/{rel}","templated":true}]}}