{"id":11142,"date":"2022-10-27T17:23:51","date_gmt":"2022-10-27T15:23:51","guid":{"rendered":"https:\/\/progettotouring.it\/radiotouring104\/?p=11142"},"modified":"2022-10-28T11:03:54","modified_gmt":"2022-10-28T09:03:54","slug":"calabria-il-capogruppo-del-pd-attacca-occhiuto-mancata-la-capacita-di-individuare-un-percorso-legislativo-razionale","status":"publish","type":"post","link":"https:\/\/progettotouring.it\/radiotouring104\/2022\/10\/27\/calabria-il-capogruppo-del-pd-attacca-occhiuto-mancata-la-capacita-di-individuare-un-percorso-legislativo-razionale\/","title":{"rendered":"Calabria, il capogruppo del PD attacca Occhiuto: &#8220;Mancata la capacit\u00e0 di individuare un percorso legislativo razionale&#8221;"},"content":{"rendered":"<p style=\"text-align: justify\">&#8220;<em>Appena qualche giorno fa, eravamo tornati in <strong>Consiglio regionale<\/strong> per modificare, per la terza volta, il provvedimento di istituzione dell&#8217;Autorit\u00e0 idrica per recepire i rilievi <strong>dell&#8217;Anac<\/strong>. Come gruppo del <strong>Pd<\/strong>, avevamo messo in evidenza la mancanza, da parte di questo centrodestra, della capacit\u00e0 di individuare un percorso legislativo razionale ed efficace, essendosi manifestato un livello di approssimazione inaccettabile<\/em>&#8220;. Ad affermarlo \u00e8 il capogruppo del Pd in <strong>Consiglio regionale Mimmo Bevacqua<\/strong>, intervenendo dopo l&#8217;annuncio del governatore Occhiuto sull&#8217;avanzamento del percorso che dovrebbe portare alla costruzione di una multiutility che gestisca rifiuti e risorse idriche insieme. <em>&#8220;In realt\u00e0<\/em> &#8211; prosegue &#8211; <em>si tratta, ancora una volta, di un annuncio vuoto di contenuti in quanto abbiamo davanti soltanto un decreto del commissario straordinario <strong>Bruno Gualtieri<\/strong> che individua formalmente in <strong>Sorical<\/strong> il soggetto Gestore unico. Prima di concludere l&#8217;iter, insomma, ci sar\u00e0 molta strada da percorrere. Non \u00e8 ben chiaro, infatti, come e in che forme avverr\u00e0 il passaggio delle quote societarie da <strong>Sorical<\/strong> ai Comuni. Fra l&#8217;altro, il trasferimento del 40% delle azioni sembra non garantire il controllo analogo che la legge affida ai sindaci&#8221;. <\/em><\/p>\n<p style=\"text-align: justify\"><em>&#8220;Non si comprende, poi, come avverr\u00e0 da parte di <strong>Sorical<\/strong> l&#8217;acquisizione di tutto il segmento della depurazione, cos\u00ec come dubbi operativi insistono sull&#8217;ipotesi di una riscossione affidata a <strong>Sorical<\/strong> (non si capisce se in house o attraverso una concessionaria esterna). Per non parlare dei debiti ereditati da <strong>Sorical<\/strong>, sui quali permane il silenzio assoluto. Peraltro, oltre alla solita &#8216;annuncite&#8217;, si conferma un atteggiamento della giunta regionale che non \u00e8 pi\u00f9 tollerabile. Dall&#8217;inizio della legislatura, chiediamo che vengano rispettate le prerogative e i compiti del Consiglio regionale che, invece, vengono puntualmente calpestati. Su temi cos\u00ec importanti, serve un diverso tipo di concertazione e coinvolgimento, altrimenti il rischio \u00e8 quello di andare avanti in maniera confusa e di dovere ripetutamente tornare indietro per procedere a continui aggiustamenti delle proposte di legge e dei provvedimenti successivi. Il <strong>Pd<\/strong> chiede, per l&#8217;ennesima volta, che il <strong>Consiglio<\/strong> torni ad essere il luogo istituzionale della discussione e del confronto e non sia pi\u00f9 il semplice passacarte dell&#8217;esecutivo regionale. Inoltre, la &#8216;rivoluzione&#8217; che si vorrebbe produrre nel settore idrico, non pu\u00f2 avvenire a freddo ovvero senza un preventivo coinvolgimento dei sindaci e dei loro organi di rappresentanza. Anche in questo caso, come \u00e8 stato per i rifiuti, i primi cittadini, che hanno competenza sulla materia, sono stati messi di fronte al fatto compiuto, senza alcuna preventiva sinergia ed efficace concertazione&#8221;.<\/em> (ANSA).<\/p>\n","protected":false},"excerpt":{"rendered":"<p>&#8220;Appena qualche giorno fa, eravamo tornati in Consiglio regionale per modificare, per la terza volta, il provvedimento di istituzione dell&#8217;Autorit\u00e0 idrica per recepire i rilievi dell&#8217;Anac. Come gruppo del Pd,&hellip;<\/p>\n","protected":false},"author":8,"featured_media":0,"comment_status":"open","ping_status":"open","sticky":false,"template":"","format":"standard","meta":{"_jetpack_memberships_contains_paid_content":false,"footnotes":"","jetpack_publicize_message":"","jetpack_publicize_feature_enabled":true,"jetpack_social_post_already_shared":false,"jetpack_social_options":{"image_generator_settings":{"template":"highway","default_image_id":0,"font":"","enabled":false},"version":2}},"categories":[142,921,196],"tags":[5149,5148,5147,2775],"class_list":["post-11142","post","type-post","status-publish","format-standard","hentry","category-calabria","category-home","category-news","tag-anac","tag-bruno-gualtieri","tag-mimmo-bevacqua","tag-sorical"],"yoast_head":"<!-- This site is optimized with the Yoast SEO plugin v27.2 - https:\/\/yoast.com\/product\/yoast-seo-wordpress\/ -->\n<title>Calabria, il capogruppo del PD Bevacqua ha attaccato Occhiuto<\/title>\n<meta name=\"description\" content=\"Il capogruppo del Pd Bevacqua ha attaccato il Presidente della Calabria Roberto Occhiuto. Parole di fuoco del consigliere regionale\" \/>\n<meta name=\"robots\" content=\"index, follow, max-snippet:-1, max-image-preview:large, max-video-preview:-1\" \/>\n<link rel=\"canonical\" href=\"https:\/\/progettotouring.it\/radiotouring104\/2022\/10\/27\/calabria-il-capogruppo-del-pd-attacca-occhiuto-mancata-la-capacita-di-individuare-un-percorso-legislativo-razionale\/\" \/>\n<meta property=\"og:locale\" content=\"it_IT\" \/>\n<meta property=\"og:type\" content=\"article\" \/>\n<meta property=\"og:title\" content=\"Calabria, il capogruppo del PD Bevacqua ha attaccato Occhiuto\" \/>\n<meta property=\"og:description\" content=\"Il capogruppo del Pd Bevacqua ha attaccato il Presidente della Calabria Roberto Occhiuto. Parole di fuoco del consigliere regionale\" \/>\n<meta property=\"og:url\" content=\"https:\/\/progettotouring.it\/radiotouring104\/2022\/10\/27\/calabria-il-capogruppo-del-pd-attacca-occhiuto-mancata-la-capacita-di-individuare-un-percorso-legislativo-razionale\/\" \/>\n<meta property=\"og:site_name\" content=\"Radio Touring 104\" \/>\n<meta property=\"article:published_time\" content=\"2022-10-27T15:23:51+00:00\" \/>\n<meta property=\"article:modified_time\" content=\"2022-10-28T09:03:54+00:00\" \/>\n<meta property=\"og:image\" content=\"https:\/\/progettotouring.it\/radiotouring104\/wp-content\/uploads\/sites\/6\/2022\/06\/pd-calabria.png\" \/>\n\t<meta property=\"og:image:width\" content=\"225\" \/>\n\t<meta property=\"og:image:height\" content=\"225\" \/>\n\t<meta property=\"og:image:type\" content=\"image\/png\" \/>\n<meta name=\"author\" content=\"Filippo Francesco Idone\" \/>\n<meta name=\"twitter:card\" content=\"summary_large_image\" \/>\n<meta name=\"twitter:label1\" content=\"Scritto da\" \/>\n\t<meta name=\"twitter:data1\" content=\"Filippo Francesco Idone\" \/>\n\t<meta name=\"twitter:label2\" content=\"Tempo di lettura stimato\" \/>\n\t<meta name=\"twitter:data2\" content=\"2 minuti\" \/>\n<script type=\"application\/ld+json\" class=\"yoast-schema-graph\">{\"@context\":\"https:\/\/schema.org\",\"@graph\":[{\"@type\":\"Article\",\"@id\":\"https:\/\/progettotouring.it\/radiotouring104\/2022\/10\/27\/calabria-il-capogruppo-del-pd-attacca-occhiuto-mancata-la-capacita-di-individuare-un-percorso-legislativo-razionale\/#article\",\"isPartOf\":{\"@id\":\"https:\/\/progettotouring.it\/radiotouring104\/2022\/10\/27\/calabria-il-capogruppo-del-pd-attacca-occhiuto-mancata-la-capacita-di-individuare-un-percorso-legislativo-razionale\/\"},\"author\":{\"name\":\"Filippo Francesco Idone\",\"@id\":\"https:\/\/progettotouring.it\/radiotouring104\/#\/schema\/person\/4a82259ca52ac8702ad1a8f9e5a3120b\"},\"headline\":\"Calabria, il capogruppo del PD attacca Occhiuto: &#8220;Mancata la capacit\u00e0 di individuare un percorso legislativo razionale&#8221;\",\"datePublished\":\"2022-10-27T15:23:51+00:00\",\"dateModified\":\"2022-10-28T09:03:54+00:00\",\"mainEntityOfPage\":{\"@id\":\"https:\/\/progettotouring.it\/radiotouring104\/2022\/10\/27\/calabria-il-capogruppo-del-pd-attacca-occhiuto-mancata-la-capacita-di-individuare-un-percorso-legislativo-razionale\/\"},\"wordCount\":416,\"commentCount\":0,\"publisher\":{\"@id\":\"https:\/\/progettotouring.it\/radiotouring104\/#organization\"},\"keywords\":[\"Anac\",\"Bruno Gualtieri\",\"Mimmo Bevacqua\",\"sorical\"],\"articleSection\":[\"Calabria\",\"Home\",\"News\"],\"inLanguage\":\"it-IT\",\"potentialAction\":[{\"@type\":\"CommentAction\",\"name\":\"Comment\",\"target\":[\"https:\/\/progettotouring.it\/radiotouring104\/2022\/10\/27\/calabria-il-capogruppo-del-pd-attacca-occhiuto-mancata-la-capacita-di-individuare-un-percorso-legislativo-razionale\/#respond\"]}]},{\"@type\":\"WebPage\",\"@id\":\"https:\/\/progettotouring.it\/radiotouring104\/2022\/10\/27\/calabria-il-capogruppo-del-pd-attacca-occhiuto-mancata-la-capacita-di-individuare-un-percorso-legislativo-razionale\/\",\"url\":\"https:\/\/progettotouring.it\/radiotouring104\/2022\/10\/27\/calabria-il-capogruppo-del-pd-attacca-occhiuto-mancata-la-capacita-di-individuare-un-percorso-legislativo-razionale\/\",\"name\":\"Calabria, il capogruppo del PD Bevacqua ha attaccato Occhiuto\",\"isPartOf\":{\"@id\":\"https:\/\/progettotouring.it\/radiotouring104\/#website\"},\"datePublished\":\"2022-10-27T15:23:51+00:00\",\"dateModified\":\"2022-10-28T09:03:54+00:00\",\"description\":\"Il capogruppo del Pd Bevacqua ha attaccato il Presidente della Calabria Roberto Occhiuto. Parole di fuoco del consigliere regionale\",\"breadcrumb\":{\"@id\":\"https:\/\/progettotouring.it\/radiotouring104\/2022\/10\/27\/calabria-il-capogruppo-del-pd-attacca-occhiuto-mancata-la-capacita-di-individuare-un-percorso-legislativo-razionale\/#breadcrumb\"},\"inLanguage\":\"it-IT\",\"potentialAction\":[{\"@type\":\"ReadAction\",\"target\":[\"https:\/\/progettotouring.it\/radiotouring104\/2022\/10\/27\/calabria-il-capogruppo-del-pd-attacca-occhiuto-mancata-la-capacita-di-individuare-un-percorso-legislativo-razionale\/\"]}]},{\"@type\":\"BreadcrumbList\",\"@id\":\"https:\/\/progettotouring.it\/radiotouring104\/2022\/10\/27\/calabria-il-capogruppo-del-pd-attacca-occhiuto-mancata-la-capacita-di-individuare-un-percorso-legislativo-razionale\/#breadcrumb\",\"itemListElement\":[{\"@type\":\"ListItem\",\"position\":1,\"name\":\"Home\",\"item\":\"https:\/\/progettotouring.it\/radiotouring104\/\"},{\"@type\":\"ListItem\",\"position\":2,\"name\":\"Calabria, il capogruppo del PD attacca Occhiuto: &#8220;Mancata la capacit\u00e0 di individuare un percorso legislativo razionale&#8221;\"}]},{\"@type\":\"WebSite\",\"@id\":\"https:\/\/progettotouring.it\/radiotouring104\/#website\",\"url\":\"https:\/\/progettotouring.it\/radiotouring104\/\",\"name\":\"Radio Touring 104\",\"description\":\"La prima radio Reggina\",\"publisher\":{\"@id\":\"https:\/\/progettotouring.it\/radiotouring104\/#organization\"},\"potentialAction\":[{\"@type\":\"SearchAction\",\"target\":{\"@type\":\"EntryPoint\",\"urlTemplate\":\"https:\/\/progettotouring.it\/radiotouring104\/?s={search_term_string}\"},\"query-input\":{\"@type\":\"PropertyValueSpecification\",\"valueRequired\":true,\"valueName\":\"search_term_string\"}}],\"inLanguage\":\"it-IT\"},{\"@type\":\"Organization\",\"@id\":\"https:\/\/progettotouring.it\/radiotouring104\/#organization\",\"name\":\"Radio Touring 104\",\"url\":\"https:\/\/progettotouring.it\/radiotouring104\/\",\"logo\":{\"@type\":\"ImageObject\",\"inLanguage\":\"it-IT\",\"@id\":\"https:\/\/progettotouring.it\/radiotouring104\/#\/schema\/logo\/image\/\",\"url\":\"https:\/\/progettotouring.it\/radiotouring104\/wp-content\/uploads\/sites\/6\/2022\/02\/cropped-logo-radio-touring-104.png\",\"contentUrl\":\"https:\/\/progettotouring.it\/radiotouring104\/wp-content\/uploads\/sites\/6\/2022\/02\/cropped-logo-radio-touring-104.png\",\"width\":377,\"height\":182,\"caption\":\"Radio Touring 104\"},\"image\":{\"@id\":\"https:\/\/progettotouring.it\/radiotouring104\/#\/schema\/logo\/image\/\"}},{\"@type\":\"Person\",\"@id\":\"https:\/\/progettotouring.it\/radiotouring104\/#\/schema\/person\/4a82259ca52ac8702ad1a8f9e5a3120b\",\"name\":\"Filippo Francesco Idone\",\"image\":{\"@type\":\"ImageObject\",\"inLanguage\":\"it-IT\",\"@id\":\"https:\/\/secure.gravatar.com\/avatar\/7268715d2366395c3dd314385670e6484117d44f5c442e61e230f7008b7b62d3?s=96&d=mm&r=g\",\"url\":\"https:\/\/secure.gravatar.com\/avatar\/7268715d2366395c3dd314385670e6484117d44f5c442e61e230f7008b7b62d3?s=96&d=mm&r=g\",\"contentUrl\":\"https:\/\/secure.gravatar.com\/avatar\/7268715d2366395c3dd314385670e6484117d44f5c442e61e230f7008b7b62d3?s=96&d=mm&r=g\",\"caption\":\"Filippo Francesco Idone\"},\"url\":\"https:\/\/progettotouring.it\/radiotouring104\/author\/filippoidone\/\"}]}<\/script>\n<!-- \/ Yoast SEO plugin. -->","yoast_head_json":{"title":"Calabria, il capogruppo del PD Bevacqua ha attaccato Occhiuto","description":"Il capogruppo del Pd Bevacqua ha attaccato il Presidente della Calabria Roberto Occhiuto. Parole di fuoco del consigliere regionale","robots":{"index":"index","follow":"follow","max-snippet":"max-snippet:-1","max-image-preview":"max-image-preview:large","max-video-preview":"max-video-preview:-1"},"canonical":"https:\/\/progettotouring.it\/radiotouring104\/2022\/10\/27\/calabria-il-capogruppo-del-pd-attacca-occhiuto-mancata-la-capacita-di-individuare-un-percorso-legislativo-razionale\/","og_locale":"it_IT","og_type":"article","og_title":"Calabria, il capogruppo del PD Bevacqua ha attaccato Occhiuto","og_description":"Il capogruppo del Pd Bevacqua ha attaccato il Presidente della Calabria Roberto Occhiuto. Parole di fuoco del consigliere regionale","og_url":"https:\/\/progettotouring.it\/radiotouring104\/2022\/10\/27\/calabria-il-capogruppo-del-pd-attacca-occhiuto-mancata-la-capacita-di-individuare-un-percorso-legislativo-razionale\/","og_site_name":"Radio Touring 104","article_published_time":"2022-10-27T15:23:51+00:00","article_modified_time":"2022-10-28T09:03:54+00:00","og_image":[{"width":225,"height":225,"url":"https:\/\/progettotouring.it\/radiotouring104\/wp-content\/uploads\/sites\/6\/2022\/06\/pd-calabria.png","type":"image\/png"}],"author":"Filippo Francesco Idone","twitter_card":"summary_large_image","twitter_misc":{"Scritto da":"Filippo Francesco Idone","Tempo di lettura stimato":"2 minuti"},"schema":{"@context":"https:\/\/schema.org","@graph":[{"@type":"Article","@id":"https:\/\/progettotouring.it\/radiotouring104\/2022\/10\/27\/calabria-il-capogruppo-del-pd-attacca-occhiuto-mancata-la-capacita-di-individuare-un-percorso-legislativo-razionale\/#article","isPartOf":{"@id":"https:\/\/progettotouring.it\/radiotouring104\/2022\/10\/27\/calabria-il-capogruppo-del-pd-attacca-occhiuto-mancata-la-capacita-di-individuare-un-percorso-legislativo-razionale\/"},"author":{"name":"Filippo Francesco Idone","@id":"https:\/\/progettotouring.it\/radiotouring104\/#\/schema\/person\/4a82259ca52ac8702ad1a8f9e5a3120b"},"headline":"Calabria, il capogruppo del PD attacca Occhiuto: &#8220;Mancata la capacit\u00e0 di individuare un percorso legislativo razionale&#8221;","datePublished":"2022-10-27T15:23:51+00:00","dateModified":"2022-10-28T09:03:54+00:00","mainEntityOfPage":{"@id":"https:\/\/progettotouring.it\/radiotouring104\/2022\/10\/27\/calabria-il-capogruppo-del-pd-attacca-occhiuto-mancata-la-capacita-di-individuare-un-percorso-legislativo-razionale\/"},"wordCount":416,"commentCount":0,"publisher":{"@id":"https:\/\/progettotouring.it\/radiotouring104\/#organization"},"keywords":["Anac","Bruno Gualtieri","Mimmo Bevacqua","sorical"],"articleSection":["Calabria","Home","News"],"inLanguage":"it-IT","potentialAction":[{"@type":"CommentAction","name":"Comment","target":["https:\/\/progettotouring.it\/radiotouring104\/2022\/10\/27\/calabria-il-capogruppo-del-pd-attacca-occhiuto-mancata-la-capacita-di-individuare-un-percorso-legislativo-razionale\/#respond"]}]},{"@type":"WebPage","@id":"https:\/\/progettotouring.it\/radiotouring104\/2022\/10\/27\/calabria-il-capogruppo-del-pd-attacca-occhiuto-mancata-la-capacita-di-individuare-un-percorso-legislativo-razionale\/","url":"https:\/\/progettotouring.it\/radiotouring104\/2022\/10\/27\/calabria-il-capogruppo-del-pd-attacca-occhiuto-mancata-la-capacita-di-individuare-un-percorso-legislativo-razionale\/","name":"Calabria, il capogruppo del PD Bevacqua ha attaccato Occhiuto","isPartOf":{"@id":"https:\/\/progettotouring.it\/radiotouring104\/#website"},"datePublished":"2022-10-27T15:23:51+00:00","dateModified":"2022-10-28T09:03:54+00:00","description":"Il capogruppo del Pd Bevacqua ha attaccato il Presidente della Calabria Roberto Occhiuto. Parole di fuoco del consigliere regionale","breadcrumb":{"@id":"https:\/\/progettotouring.it\/radiotouring104\/2022\/10\/27\/calabria-il-capogruppo-del-pd-attacca-occhiuto-mancata-la-capacita-di-individuare-un-percorso-legislativo-razionale\/#breadcrumb"},"inLanguage":"it-IT","potentialAction":[{"@type":"ReadAction","target":["https:\/\/progettotouring.it\/radiotouring104\/2022\/10\/27\/calabria-il-capogruppo-del-pd-attacca-occhiuto-mancata-la-capacita-di-individuare-un-percorso-legislativo-razionale\/"]}]},{"@type":"BreadcrumbList","@id":"https:\/\/progettotouring.it\/radiotouring104\/2022\/10\/27\/calabria-il-capogruppo-del-pd-attacca-occhiuto-mancata-la-capacita-di-individuare-un-percorso-legislativo-razionale\/#breadcrumb","itemListElement":[{"@type":"ListItem","position":1,"name":"Home","item":"https:\/\/progettotouring.it\/radiotouring104\/"},{"@type":"ListItem","position":2,"name":"Calabria, il capogruppo del PD attacca Occhiuto: &#8220;Mancata la capacit\u00e0 di individuare un percorso legislativo razionale&#8221;"}]},{"@type":"WebSite","@id":"https:\/\/progettotouring.it\/radiotouring104\/#website","url":"https:\/\/progettotouring.it\/radiotouring104\/","name":"Radio Touring 104","description":"La prima radio Reggina","publisher":{"@id":"https:\/\/progettotouring.it\/radiotouring104\/#organization"},"potentialAction":[{"@type":"SearchAction","target":{"@type":"EntryPoint","urlTemplate":"https:\/\/progettotouring.it\/radiotouring104\/?s={search_term_string}"},"query-input":{"@type":"PropertyValueSpecification","valueRequired":true,"valueName":"search_term_string"}}],"inLanguage":"it-IT"},{"@type":"Organization","@id":"https:\/\/progettotouring.it\/radiotouring104\/#organization","name":"Radio Touring 104","url":"https:\/\/progettotouring.it\/radiotouring104\/","logo":{"@type":"ImageObject","inLanguage":"it-IT","@id":"https:\/\/progettotouring.it\/radiotouring104\/#\/schema\/logo\/image\/","url":"https:\/\/progettotouring.it\/radiotouring104\/wp-content\/uploads\/sites\/6\/2022\/02\/cropped-logo-radio-touring-104.png","contentUrl":"https:\/\/progettotouring.it\/radiotouring104\/wp-content\/uploads\/sites\/6\/2022\/02\/cropped-logo-radio-touring-104.png","width":377,"height":182,"caption":"Radio Touring 104"},"image":{"@id":"https:\/\/progettotouring.it\/radiotouring104\/#\/schema\/logo\/image\/"}},{"@type":"Person","@id":"https:\/\/progettotouring.it\/radiotouring104\/#\/schema\/person\/4a82259ca52ac8702ad1a8f9e5a3120b","name":"Filippo Francesco Idone","image":{"@type":"ImageObject","inLanguage":"it-IT","@id":"https:\/\/secure.gravatar.com\/avatar\/7268715d2366395c3dd314385670e6484117d44f5c442e61e230f7008b7b62d3?s=96&d=mm&r=g","url":"https:\/\/secure.gravatar.com\/avatar\/7268715d2366395c3dd314385670e6484117d44f5c442e61e230f7008b7b62d3?s=96&d=mm&r=g","contentUrl":"https:\/\/secure.gravatar.com\/avatar\/7268715d2366395c3dd314385670e6484117d44f5c442e61e230f7008b7b62d3?s=96&d=mm&r=g","caption":"Filippo Francesco Idone"},"url":"https:\/\/progettotouring.it\/radiotouring104\/author\/filippoidone\/"}]}},"jetpack_publicize_connections":[],"jetpack_featured_media_url":"","jetpack_sharing_enabled":true,"_links":{"self":[{"href":"https:\/\/progettotouring.it\/radiotouring104\/wp-json\/wp\/v2\/posts\/11142","targetHints":{"allow":["GET"]}}],"collection":[{"href":"https:\/\/progettotouring.it\/radiotouring104\/wp-json\/wp\/v2\/posts"}],"about":[{"href":"https:\/\/progettotouring.it\/radiotouring104\/wp-json\/wp\/v2\/types\/post"}],"author":[{"embeddable":true,"href":"https:\/\/progettotouring.it\/radiotouring104\/wp-json\/wp\/v2\/users\/8"}],"replies":[{"embeddable":true,"href":"https:\/\/progettotouring.it\/radiotouring104\/wp-json\/wp\/v2\/comments?post=11142"}],"version-history":[{"count":1,"href":"https:\/\/progettotouring.it\/radiotouring104\/wp-json\/wp\/v2\/posts\/11142\/revisions"}],"predecessor-version":[{"id":11144,"href":"https:\/\/progettotouring.it\/radiotouring104\/wp-json\/wp\/v2\/posts\/11142\/revisions\/11144"}],"wp:attachment":[{"href":"https:\/\/progettotouring.it\/radiotouring104\/wp-json\/wp\/v2\/media?parent=11142"}],"wp:term":[{"taxonomy":"category","embeddable":true,"href":"https:\/\/progettotouring.it\/radiotouring104\/wp-json\/wp\/v2\/categories?post=11142"},{"taxonomy":"post_tag","embeddable":true,"href":"https:\/\/progettotouring.it\/radiotouring104\/wp-json\/wp\/v2\/tags?post=11142"}],"curies":[{"name":"wp","href":"https:\/\/api.w.org\/{rel}","templated":true}]}}