{"id":11149,"date":"2022-10-27T21:36:49","date_gmt":"2022-10-27T19:36:49","guid":{"rendered":"https:\/\/progettotouring.it\/radiotouring104\/?p=11149"},"modified":"2022-10-28T11:41:21","modified_gmt":"2022-10-28T09:41:21","slug":"shock-ad-assago-un-46enne-armato-di-un-coltello-uccide-un-uomo-e-ferisce-5-persone","status":"publish","type":"post","link":"https:\/\/progettotouring.it\/radiotouring104\/2022\/10\/27\/shock-ad-assago-un-46enne-armato-di-un-coltello-uccide-un-uomo-e-ferisce-5-persone\/","title":{"rendered":"Shock ad Assago: un 46enne armato di un coltello uccide un uomo e ferisce 5 persone"},"content":{"rendered":"<div class=\"p p__media__i p__media__top\">\n<div class=\"txb_first_paragraph\">\n<p class=\"txb_first_paragraph\" style=\"text-align: justify\"><strong>Assago<\/strong> ha vissuto attimi di paura a causa di un uomo, con gravi problemi psichici, che armato di un coltello ha aggredito delle persone all&#8217;interno di un supermercato. L&#8217;aggressore, <strong>Andrea<\/strong> <strong>Tombolini<\/strong>, ha preso dagli scaffali un oggetto contundente e ha iniziato a colpire chiunque gli venisse a tiro. A disarmare l&#8217;uomo \u00e8 stato l&#8217;ex giocatore dell&#8217;Inter <strong>Massimo Tarantino<\/strong> che \u00e8 riuscito a fermarlo e successivamente le forze dell&#8217;ordine hanno sedato la situazione.<\/p>\n<p style=\"text-align: justify\">Tra le cinque persone ferite ci sono l&#8217;ex calciatore dell&#8217;Udinese, attualmente al <strong>Monza<\/strong>, <strong>Pablo<\/strong> <strong>Mar\u00ec<\/strong>. Da registrare la morte del titolare del supermercato a causa delle ferite profonde subite dall&#8217;aggressore. Durante l&#8217;interrogatorio, <strong>Tombolini<\/strong> ha pronunciato frasi senza un senso compiuto, in chiaro stato di confusione. Inoltre \u00e8 stato accertato che l&#8217;uomo si \u00e8 auto inflitto una ferita e preso a pugni. A causa di questa aggressione, il 46enne \u00e8 accusato di omicidio colposo, tentato omicidio plurimo ed \u00e8 piantonato in ospedale.<\/p>\n<\/div>\n<p style=\"text-align: justify\">Il dirigente del <strong>Monza<\/strong>, Galliani sul profilo Twitter della squadra, ha scritto parole di supporto alla famiglia del giocatore Mar\u00ec colpito alla schiena durante l&#8217;aggressione:<em>\u00a0&#8220;<strong>Caro Pablo, siamo tutti qui vicino a te e alla tua famiglia,<\/strong> ti vogliamo bene, continua a lottare come sai fare, sei un guerriero e guarirai presto&#8221;.\u00a0<\/em>Il calciatore sar\u00e0 sottoposto ad intervento per ricucire i muscoli colpiti dall&#8217;aggressore. Anche <strong>l&#8217;Arsenal<\/strong>, squadra proprietaria del cartellino del difensore spagnolo, ha espresso parole solidali verso il giocatore.<\/p>\n<\/div>\n","protected":false},"excerpt":{"rendered":"<p>Assago ha vissuto attimi di paura a causa di un uomo, con gravi problemi psichici, che armato di un coltello ha aggredito delle persone all&#8217;interno di un supermercato. L&#8217;aggressore, Andrea&hellip;<\/p>\n","protected":false},"author":8,"featured_media":11160,"comment_status":"open","ping_status":"open","sticky":false,"template":"","format":"standard","meta":{"_jetpack_memberships_contains_paid_content":false,"footnotes":"","jetpack_publicize_message":"","jetpack_publicize_feature_enabled":true,"jetpack_social_post_already_shared":false,"jetpack_social_options":{"image_generator_settings":{"template":"highway","default_image_id":0,"font":"","enabled":false},"version":2}},"categories":[921,150,152,196],"tags":[5157,5160,5158,5159,5161],"class_list":["post-11149","post","type-post","status-publish","format-standard","has-post-thumbnail","hentry","category-home","category-in-primo-piano","category-italia","category-news","tag-assago","tag-galliani","tag-mari","tag-monza","tag-tarantino"],"yoast_head":"<!-- This site is optimized with the Yoast SEO plugin v27.2 - https:\/\/yoast.com\/product\/yoast-seo-wordpress\/ -->\n<title>Shock ad Assago: un 46enne armato di un coltello uccide un uomo<\/title>\n<meta name=\"description\" content=\"Un uomo con gravi problemi psichici ha aggredito 6 persone all&#039;interno di un supermercato. Morto il titolare\" \/>\n<meta name=\"robots\" content=\"index, follow, max-snippet:-1, max-image-preview:large, max-video-preview:-1\" \/>\n<link rel=\"canonical\" href=\"https:\/\/progettotouring.it\/radiotouring104\/2022\/10\/27\/shock-ad-assago-un-46enne-armato-di-un-coltello-uccide-un-uomo-e-ferisce-5-persone\/\" \/>\n<meta property=\"og:locale\" content=\"it_IT\" \/>\n<meta property=\"og:type\" content=\"article\" \/>\n<meta property=\"og:title\" content=\"Shock ad Assago: un 46enne armato di un coltello uccide un uomo\" \/>\n<meta property=\"og:description\" content=\"Un uomo con gravi problemi psichici ha aggredito 6 persone all&#039;interno di un supermercato. Morto il titolare\" \/>\n<meta property=\"og:url\" content=\"https:\/\/progettotouring.it\/radiotouring104\/2022\/10\/27\/shock-ad-assago-un-46enne-armato-di-un-coltello-uccide-un-uomo-e-ferisce-5-persone\/\" \/>\n<meta property=\"og:site_name\" content=\"Radio Touring 104\" \/>\n<meta property=\"article:published_time\" content=\"2022-10-27T19:36:49+00:00\" \/>\n<meta property=\"article:modified_time\" content=\"2022-10-28T09:41:21+00:00\" \/>\n<meta property=\"og:image\" content=\"https:\/\/progettotouring.it\/radiotouring104\/wp-content\/uploads\/sites\/6\/2022\/10\/centrocommericale-milanofiori.jpg\" \/>\n\t<meta property=\"og:image:width\" content=\"560\" \/>\n\t<meta property=\"og:image:height\" content=\"330\" \/>\n\t<meta property=\"og:image:type\" content=\"image\/jpeg\" \/>\n<meta name=\"author\" content=\"Filippo Francesco Idone\" \/>\n<meta name=\"twitter:card\" content=\"summary_large_image\" \/>\n<meta name=\"twitter:label1\" content=\"Scritto da\" \/>\n\t<meta name=\"twitter:data1\" content=\"Filippo Francesco Idone\" \/>\n\t<meta name=\"twitter:label2\" content=\"Tempo di lettura stimato\" \/>\n\t<meta name=\"twitter:data2\" content=\"1 minuto\" \/>\n<script type=\"application\/ld+json\" class=\"yoast-schema-graph\">{\"@context\":\"https:\/\/schema.org\",\"@graph\":[{\"@type\":\"Article\",\"@id\":\"https:\/\/progettotouring.it\/radiotouring104\/2022\/10\/27\/shock-ad-assago-un-46enne-armato-di-un-coltello-uccide-un-uomo-e-ferisce-5-persone\/#article\",\"isPartOf\":{\"@id\":\"https:\/\/progettotouring.it\/radiotouring104\/2022\/10\/27\/shock-ad-assago-un-46enne-armato-di-un-coltello-uccide-un-uomo-e-ferisce-5-persone\/\"},\"author\":{\"name\":\"Filippo Francesco Idone\",\"@id\":\"https:\/\/progettotouring.it\/radiotouring104\/#\/schema\/person\/4a82259ca52ac8702ad1a8f9e5a3120b\"},\"headline\":\"Shock ad Assago: un 46enne armato di un coltello uccide un uomo e ferisce 5 persone\",\"datePublished\":\"2022-10-27T19:36:49+00:00\",\"dateModified\":\"2022-10-28T09:41:21+00:00\",\"mainEntityOfPage\":{\"@id\":\"https:\/\/progettotouring.it\/radiotouring104\/2022\/10\/27\/shock-ad-assago-un-46enne-armato-di-un-coltello-uccide-un-uomo-e-ferisce-5-persone\/\"},\"wordCount\":242,\"commentCount\":0,\"publisher\":{\"@id\":\"https:\/\/progettotouring.it\/radiotouring104\/#organization\"},\"image\":{\"@id\":\"https:\/\/progettotouring.it\/radiotouring104\/2022\/10\/27\/shock-ad-assago-un-46enne-armato-di-un-coltello-uccide-un-uomo-e-ferisce-5-persone\/#primaryimage\"},\"thumbnailUrl\":\"https:\/\/progettotouring.it\/radiotouring104\/wp-content\/uploads\/sites\/6\/2022\/10\/centrocommericale-milanofiori.jpg\",\"keywords\":[\"assago\",\"galliani\",\"mar\u00ec\",\"monza\",\"tarantino\"],\"articleSection\":[\"Home\",\"In primo piano\",\"Italia\",\"News\"],\"inLanguage\":\"it-IT\",\"potentialAction\":[{\"@type\":\"CommentAction\",\"name\":\"Comment\",\"target\":[\"https:\/\/progettotouring.it\/radiotouring104\/2022\/10\/27\/shock-ad-assago-un-46enne-armato-di-un-coltello-uccide-un-uomo-e-ferisce-5-persone\/#respond\"]}]},{\"@type\":\"WebPage\",\"@id\":\"https:\/\/progettotouring.it\/radiotouring104\/2022\/10\/27\/shock-ad-assago-un-46enne-armato-di-un-coltello-uccide-un-uomo-e-ferisce-5-persone\/\",\"url\":\"https:\/\/progettotouring.it\/radiotouring104\/2022\/10\/27\/shock-ad-assago-un-46enne-armato-di-un-coltello-uccide-un-uomo-e-ferisce-5-persone\/\",\"name\":\"Shock ad Assago: un 46enne armato di un coltello uccide un uomo\",\"isPartOf\":{\"@id\":\"https:\/\/progettotouring.it\/radiotouring104\/#website\"},\"primaryImageOfPage\":{\"@id\":\"https:\/\/progettotouring.it\/radiotouring104\/2022\/10\/27\/shock-ad-assago-un-46enne-armato-di-un-coltello-uccide-un-uomo-e-ferisce-5-persone\/#primaryimage\"},\"image\":{\"@id\":\"https:\/\/progettotouring.it\/radiotouring104\/2022\/10\/27\/shock-ad-assago-un-46enne-armato-di-un-coltello-uccide-un-uomo-e-ferisce-5-persone\/#primaryimage\"},\"thumbnailUrl\":\"https:\/\/progettotouring.it\/radiotouring104\/wp-content\/uploads\/sites\/6\/2022\/10\/centrocommericale-milanofiori.jpg\",\"datePublished\":\"2022-10-27T19:36:49+00:00\",\"dateModified\":\"2022-10-28T09:41:21+00:00\",\"description\":\"Un uomo con gravi problemi psichici ha aggredito 6 persone all'interno di un supermercato. Morto il titolare\",\"breadcrumb\":{\"@id\":\"https:\/\/progettotouring.it\/radiotouring104\/2022\/10\/27\/shock-ad-assago-un-46enne-armato-di-un-coltello-uccide-un-uomo-e-ferisce-5-persone\/#breadcrumb\"},\"inLanguage\":\"it-IT\",\"potentialAction\":[{\"@type\":\"ReadAction\",\"target\":[\"https:\/\/progettotouring.it\/radiotouring104\/2022\/10\/27\/shock-ad-assago-un-46enne-armato-di-un-coltello-uccide-un-uomo-e-ferisce-5-persone\/\"]}]},{\"@type\":\"ImageObject\",\"inLanguage\":\"it-IT\",\"@id\":\"https:\/\/progettotouring.it\/radiotouring104\/2022\/10\/27\/shock-ad-assago-un-46enne-armato-di-un-coltello-uccide-un-uomo-e-ferisce-5-persone\/#primaryimage\",\"url\":\"https:\/\/progettotouring.it\/radiotouring104\/wp-content\/uploads\/sites\/6\/2022\/10\/centrocommericale-milanofiori.jpg\",\"contentUrl\":\"https:\/\/progettotouring.it\/radiotouring104\/wp-content\/uploads\/sites\/6\/2022\/10\/centrocommericale-milanofiori.jpg\",\"width\":560,\"height\":330},{\"@type\":\"BreadcrumbList\",\"@id\":\"https:\/\/progettotouring.it\/radiotouring104\/2022\/10\/27\/shock-ad-assago-un-46enne-armato-di-un-coltello-uccide-un-uomo-e-ferisce-5-persone\/#breadcrumb\",\"itemListElement\":[{\"@type\":\"ListItem\",\"position\":1,\"name\":\"Home\",\"item\":\"https:\/\/progettotouring.it\/radiotouring104\/\"},{\"@type\":\"ListItem\",\"position\":2,\"name\":\"Shock ad Assago: un 46enne armato di un coltello uccide un uomo e ferisce 5 persone\"}]},{\"@type\":\"WebSite\",\"@id\":\"https:\/\/progettotouring.it\/radiotouring104\/#website\",\"url\":\"https:\/\/progettotouring.it\/radiotouring104\/\",\"name\":\"Radio Touring 104\",\"description\":\"La prima radio Reggina\",\"publisher\":{\"@id\":\"https:\/\/progettotouring.it\/radiotouring104\/#organization\"},\"potentialAction\":[{\"@type\":\"SearchAction\",\"target\":{\"@type\":\"EntryPoint\",\"urlTemplate\":\"https:\/\/progettotouring.it\/radiotouring104\/?s={search_term_string}\"},\"query-input\":{\"@type\":\"PropertyValueSpecification\",\"valueRequired\":true,\"valueName\":\"search_term_string\"}}],\"inLanguage\":\"it-IT\"},{\"@type\":\"Organization\",\"@id\":\"https:\/\/progettotouring.it\/radiotouring104\/#organization\",\"name\":\"Radio Touring 104\",\"url\":\"https:\/\/progettotouring.it\/radiotouring104\/\",\"logo\":{\"@type\":\"ImageObject\",\"inLanguage\":\"it-IT\",\"@id\":\"https:\/\/progettotouring.it\/radiotouring104\/#\/schema\/logo\/image\/\",\"url\":\"https:\/\/progettotouring.it\/radiotouring104\/wp-content\/uploads\/sites\/6\/2022\/02\/cropped-logo-radio-touring-104.png\",\"contentUrl\":\"https:\/\/progettotouring.it\/radiotouring104\/wp-content\/uploads\/sites\/6\/2022\/02\/cropped-logo-radio-touring-104.png\",\"width\":377,\"height\":182,\"caption\":\"Radio Touring 104\"},\"image\":{\"@id\":\"https:\/\/progettotouring.it\/radiotouring104\/#\/schema\/logo\/image\/\"}},{\"@type\":\"Person\",\"@id\":\"https:\/\/progettotouring.it\/radiotouring104\/#\/schema\/person\/4a82259ca52ac8702ad1a8f9e5a3120b\",\"name\":\"Filippo Francesco Idone\",\"image\":{\"@type\":\"ImageObject\",\"inLanguage\":\"it-IT\",\"@id\":\"https:\/\/secure.gravatar.com\/avatar\/7268715d2366395c3dd314385670e6484117d44f5c442e61e230f7008b7b62d3?s=96&d=mm&r=g\",\"url\":\"https:\/\/secure.gravatar.com\/avatar\/7268715d2366395c3dd314385670e6484117d44f5c442e61e230f7008b7b62d3?s=96&d=mm&r=g\",\"contentUrl\":\"https:\/\/secure.gravatar.com\/avatar\/7268715d2366395c3dd314385670e6484117d44f5c442e61e230f7008b7b62d3?s=96&d=mm&r=g\",\"caption\":\"Filippo Francesco Idone\"},\"url\":\"https:\/\/progettotouring.it\/radiotouring104\/author\/filippoidone\/\"}]}<\/script>\n<!-- \/ Yoast SEO plugin. -->","yoast_head_json":{"title":"Shock ad Assago: un 46enne armato di un coltello uccide un uomo","description":"Un uomo con gravi problemi psichici ha aggredito 6 persone all'interno di un supermercato. Morto il titolare","robots":{"index":"index","follow":"follow","max-snippet":"max-snippet:-1","max-image-preview":"max-image-preview:large","max-video-preview":"max-video-preview:-1"},"canonical":"https:\/\/progettotouring.it\/radiotouring104\/2022\/10\/27\/shock-ad-assago-un-46enne-armato-di-un-coltello-uccide-un-uomo-e-ferisce-5-persone\/","og_locale":"it_IT","og_type":"article","og_title":"Shock ad Assago: un 46enne armato di un coltello uccide un uomo","og_description":"Un uomo con gravi problemi psichici ha aggredito 6 persone all'interno di un supermercato. Morto il titolare","og_url":"https:\/\/progettotouring.it\/radiotouring104\/2022\/10\/27\/shock-ad-assago-un-46enne-armato-di-un-coltello-uccide-un-uomo-e-ferisce-5-persone\/","og_site_name":"Radio Touring 104","article_published_time":"2022-10-27T19:36:49+00:00","article_modified_time":"2022-10-28T09:41:21+00:00","og_image":[{"width":560,"height":330,"url":"https:\/\/progettotouring.it\/radiotouring104\/wp-content\/uploads\/sites\/6\/2022\/10\/centrocommericale-milanofiori.jpg","type":"image\/jpeg"}],"author":"Filippo Francesco Idone","twitter_card":"summary_large_image","twitter_misc":{"Scritto da":"Filippo Francesco Idone","Tempo di lettura stimato":"1 minuto"},"schema":{"@context":"https:\/\/schema.org","@graph":[{"@type":"Article","@id":"https:\/\/progettotouring.it\/radiotouring104\/2022\/10\/27\/shock-ad-assago-un-46enne-armato-di-un-coltello-uccide-un-uomo-e-ferisce-5-persone\/#article","isPartOf":{"@id":"https:\/\/progettotouring.it\/radiotouring104\/2022\/10\/27\/shock-ad-assago-un-46enne-armato-di-un-coltello-uccide-un-uomo-e-ferisce-5-persone\/"},"author":{"name":"Filippo Francesco Idone","@id":"https:\/\/progettotouring.it\/radiotouring104\/#\/schema\/person\/4a82259ca52ac8702ad1a8f9e5a3120b"},"headline":"Shock ad Assago: un 46enne armato di un coltello uccide un uomo e ferisce 5 persone","datePublished":"2022-10-27T19:36:49+00:00","dateModified":"2022-10-28T09:41:21+00:00","mainEntityOfPage":{"@id":"https:\/\/progettotouring.it\/radiotouring104\/2022\/10\/27\/shock-ad-assago-un-46enne-armato-di-un-coltello-uccide-un-uomo-e-ferisce-5-persone\/"},"wordCount":242,"commentCount":0,"publisher":{"@id":"https:\/\/progettotouring.it\/radiotouring104\/#organization"},"image":{"@id":"https:\/\/progettotouring.it\/radiotouring104\/2022\/10\/27\/shock-ad-assago-un-46enne-armato-di-un-coltello-uccide-un-uomo-e-ferisce-5-persone\/#primaryimage"},"thumbnailUrl":"https:\/\/progettotouring.it\/radiotouring104\/wp-content\/uploads\/sites\/6\/2022\/10\/centrocommericale-milanofiori.jpg","keywords":["assago","galliani","mar\u00ec","monza","tarantino"],"articleSection":["Home","In primo piano","Italia","News"],"inLanguage":"it-IT","potentialAction":[{"@type":"CommentAction","name":"Comment","target":["https:\/\/progettotouring.it\/radiotouring104\/2022\/10\/27\/shock-ad-assago-un-46enne-armato-di-un-coltello-uccide-un-uomo-e-ferisce-5-persone\/#respond"]}]},{"@type":"WebPage","@id":"https:\/\/progettotouring.it\/radiotouring104\/2022\/10\/27\/shock-ad-assago-un-46enne-armato-di-un-coltello-uccide-un-uomo-e-ferisce-5-persone\/","url":"https:\/\/progettotouring.it\/radiotouring104\/2022\/10\/27\/shock-ad-assago-un-46enne-armato-di-un-coltello-uccide-un-uomo-e-ferisce-5-persone\/","name":"Shock ad Assago: un 46enne armato di un coltello uccide un uomo","isPartOf":{"@id":"https:\/\/progettotouring.it\/radiotouring104\/#website"},"primaryImageOfPage":{"@id":"https:\/\/progettotouring.it\/radiotouring104\/2022\/10\/27\/shock-ad-assago-un-46enne-armato-di-un-coltello-uccide-un-uomo-e-ferisce-5-persone\/#primaryimage"},"image":{"@id":"https:\/\/progettotouring.it\/radiotouring104\/2022\/10\/27\/shock-ad-assago-un-46enne-armato-di-un-coltello-uccide-un-uomo-e-ferisce-5-persone\/#primaryimage"},"thumbnailUrl":"https:\/\/progettotouring.it\/radiotouring104\/wp-content\/uploads\/sites\/6\/2022\/10\/centrocommericale-milanofiori.jpg","datePublished":"2022-10-27T19:36:49+00:00","dateModified":"2022-10-28T09:41:21+00:00","description":"Un uomo con gravi problemi psichici ha aggredito 6 persone all'interno di un supermercato. Morto il titolare","breadcrumb":{"@id":"https:\/\/progettotouring.it\/radiotouring104\/2022\/10\/27\/shock-ad-assago-un-46enne-armato-di-un-coltello-uccide-un-uomo-e-ferisce-5-persone\/#breadcrumb"},"inLanguage":"it-IT","potentialAction":[{"@type":"ReadAction","target":["https:\/\/progettotouring.it\/radiotouring104\/2022\/10\/27\/shock-ad-assago-un-46enne-armato-di-un-coltello-uccide-un-uomo-e-ferisce-5-persone\/"]}]},{"@type":"ImageObject","inLanguage":"it-IT","@id":"https:\/\/progettotouring.it\/radiotouring104\/2022\/10\/27\/shock-ad-assago-un-46enne-armato-di-un-coltello-uccide-un-uomo-e-ferisce-5-persone\/#primaryimage","url":"https:\/\/progettotouring.it\/radiotouring104\/wp-content\/uploads\/sites\/6\/2022\/10\/centrocommericale-milanofiori.jpg","contentUrl":"https:\/\/progettotouring.it\/radiotouring104\/wp-content\/uploads\/sites\/6\/2022\/10\/centrocommericale-milanofiori.jpg","width":560,"height":330},{"@type":"BreadcrumbList","@id":"https:\/\/progettotouring.it\/radiotouring104\/2022\/10\/27\/shock-ad-assago-un-46enne-armato-di-un-coltello-uccide-un-uomo-e-ferisce-5-persone\/#breadcrumb","itemListElement":[{"@type":"ListItem","position":1,"name":"Home","item":"https:\/\/progettotouring.it\/radiotouring104\/"},{"@type":"ListItem","position":2,"name":"Shock ad Assago: un 46enne armato di un coltello uccide un uomo e ferisce 5 persone"}]},{"@type":"WebSite","@id":"https:\/\/progettotouring.it\/radiotouring104\/#website","url":"https:\/\/progettotouring.it\/radiotouring104\/","name":"Radio Touring 104","description":"La prima radio Reggina","publisher":{"@id":"https:\/\/progettotouring.it\/radiotouring104\/#organization"},"potentialAction":[{"@type":"SearchAction","target":{"@type":"EntryPoint","urlTemplate":"https:\/\/progettotouring.it\/radiotouring104\/?s={search_term_string}"},"query-input":{"@type":"PropertyValueSpecification","valueRequired":true,"valueName":"search_term_string"}}],"inLanguage":"it-IT"},{"@type":"Organization","@id":"https:\/\/progettotouring.it\/radiotouring104\/#organization","name":"Radio Touring 104","url":"https:\/\/progettotouring.it\/radiotouring104\/","logo":{"@type":"ImageObject","inLanguage":"it-IT","@id":"https:\/\/progettotouring.it\/radiotouring104\/#\/schema\/logo\/image\/","url":"https:\/\/progettotouring.it\/radiotouring104\/wp-content\/uploads\/sites\/6\/2022\/02\/cropped-logo-radio-touring-104.png","contentUrl":"https:\/\/progettotouring.it\/radiotouring104\/wp-content\/uploads\/sites\/6\/2022\/02\/cropped-logo-radio-touring-104.png","width":377,"height":182,"caption":"Radio Touring 104"},"image":{"@id":"https:\/\/progettotouring.it\/radiotouring104\/#\/schema\/logo\/image\/"}},{"@type":"Person","@id":"https:\/\/progettotouring.it\/radiotouring104\/#\/schema\/person\/4a82259ca52ac8702ad1a8f9e5a3120b","name":"Filippo Francesco Idone","image":{"@type":"ImageObject","inLanguage":"it-IT","@id":"https:\/\/secure.gravatar.com\/avatar\/7268715d2366395c3dd314385670e6484117d44f5c442e61e230f7008b7b62d3?s=96&d=mm&r=g","url":"https:\/\/secure.gravatar.com\/avatar\/7268715d2366395c3dd314385670e6484117d44f5c442e61e230f7008b7b62d3?s=96&d=mm&r=g","contentUrl":"https:\/\/secure.gravatar.com\/avatar\/7268715d2366395c3dd314385670e6484117d44f5c442e61e230f7008b7b62d3?s=96&d=mm&r=g","caption":"Filippo Francesco Idone"},"url":"https:\/\/progettotouring.it\/radiotouring104\/author\/filippoidone\/"}]}},"jetpack_publicize_connections":[],"jetpack_featured_media_url":"https:\/\/progettotouring.it\/radiotouring104\/wp-content\/uploads\/sites\/6\/2022\/10\/centrocommericale-milanofiori.jpg","jetpack_sharing_enabled":true,"_links":{"self":[{"href":"https:\/\/progettotouring.it\/radiotouring104\/wp-json\/wp\/v2\/posts\/11149","targetHints":{"allow":["GET"]}}],"collection":[{"href":"https:\/\/progettotouring.it\/radiotouring104\/wp-json\/wp\/v2\/posts"}],"about":[{"href":"https:\/\/progettotouring.it\/radiotouring104\/wp-json\/wp\/v2\/types\/post"}],"author":[{"embeddable":true,"href":"https:\/\/progettotouring.it\/radiotouring104\/wp-json\/wp\/v2\/users\/8"}],"replies":[{"embeddable":true,"href":"https:\/\/progettotouring.it\/radiotouring104\/wp-json\/wp\/v2\/comments?post=11149"}],"version-history":[{"count":2,"href":"https:\/\/progettotouring.it\/radiotouring104\/wp-json\/wp\/v2\/posts\/11149\/revisions"}],"predecessor-version":[{"id":11161,"href":"https:\/\/progettotouring.it\/radiotouring104\/wp-json\/wp\/v2\/posts\/11149\/revisions\/11161"}],"wp:featuredmedia":[{"embeddable":true,"href":"https:\/\/progettotouring.it\/radiotouring104\/wp-json\/wp\/v2\/media\/11160"}],"wp:attachment":[{"href":"https:\/\/progettotouring.it\/radiotouring104\/wp-json\/wp\/v2\/media?parent=11149"}],"wp:term":[{"taxonomy":"category","embeddable":true,"href":"https:\/\/progettotouring.it\/radiotouring104\/wp-json\/wp\/v2\/categories?post=11149"},{"taxonomy":"post_tag","embeddable":true,"href":"https:\/\/progettotouring.it\/radiotouring104\/wp-json\/wp\/v2\/tags?post=11149"}],"curies":[{"name":"wp","href":"https:\/\/api.w.org\/{rel}","templated":true}]}}