{"id":11294,"date":"2022-11-01T20:25:53","date_gmt":"2022-11-01T19:25:53","guid":{"rendered":"https:\/\/progettotouring.it\/radiotouring104\/?p=11294"},"modified":"2022-11-01T20:26:03","modified_gmt":"2022-11-01T19:26:03","slug":"premio-girolamo-tripodi-nuova-tappa-allistituto-tecnico-industriale-conte-milano-di-polistena","status":"publish","type":"post","link":"https:\/\/progettotouring.it\/radiotouring104\/2022\/11\/01\/premio-girolamo-tripodi-nuova-tappa-allistituto-tecnico-industriale-conte-milano-di-polistena\/","title":{"rendered":"Premio &#8220;Girolamo Tripodi&#8221;: nuova tappa all&#8217;istituto tecnico industriale Conte Milano di Polistena"},"content":{"rendered":"<p class=\"xmprfx_MsoNormal\">Dopo la consegna dei premi avvenuta lo scorso 30 settembre presso il Liceo Scientifico \u201cA. Volta\u201d, il 12 ottobre presso l\u2019Istituto d\u2019Istruzione Superiore \u201cBoccioni-Fermi\u201d di Reggio Calabria, il 19 ottobre all\u2019Istituto d\u2019Istruzione Superiore\u00a0 \u201cG. Renda\u201d\u00a0 di Polistena e\u00a0 il 26 ottobre all\u2019Istituto comprensivo \u201cRadice Alighieri\u201d Catona, una nuova tappa della III edizione dei Premi di Studio \u201cGirolamo Tripodi&#8221; il prossimo 3 novembre si svolger\u00e0 presso\u00a0 l\u2019ITIS \u201cConte Milano\u201d di Polistena.<\/p>\n<p class=\"xmprfx_MsoNormal\">Tale iniziativa \u00e8 stata organizzata, cos\u00ec come le precedenti edizioni,\u00a0 in ottemperanza dell\u2019art. 3 dello Statuto della Fondazione che, tra le attivit\u00e0\u00a0 della stessa, prevede \u201cl\u2019istituzione di borse di studio e di premi a favore di giovani studenti, segnatamente di quelli meritevoli e bisognosi\u201d.<\/p>\n<p class=\"xmprfx_MsoNormal\">La Fondazione \u00e8 stata creata proprio per trasmettere ai giovani una parte di storia che altrimenti non sarebbe stata conosciuta. In tal senso la figura di Girolamo Tripodi,\u00a0 rappresenta l\u2019espressione di una storia collettiva della nostra regione e del meridione dopo i drammi della seconda guerra mondiale. Milioni di persone sono uscite dalla miseria, dalla povert\u00e0, dalla fame con le loro lotte e le loro battaglie che hanno combattuto per il riscatto e la giustizia sociale. E\u2019 la conoscenza di questa storia che vogliamo\u00a0 trasmettere ai giovani proprio perch\u00e9 riteniamo che il futuro si costruisce partendo da salde e solide radici.<\/p>\n<p class=\"xmprfx_MsoNormal\">Con questo premio, andiamo avanti nella scelta strategica della Fondazione che punta ad investire sui giovani, sui nostri ragazzi, su questa risorsa straordinaria della nostra terra che molto spesso non \u00e8 affatto considerata per il valore che rappresenta. Il nostro obiettivo \u00e8 lavorare contro la desertificazione del territorio, tentando di dare un contributo per rovesciare questa tendenza infausta.<\/p>\n<p class=\"xmprfx_MsoNormal\">I premi sono indirizzati ad incoraggiare l\u2019impegno dei giovani destinati a divenire la classe dirigente di un territorio che il Senatore Girolamo \u201cMommo\u201d Tripodi ha profondamente amato ed al quale ha dedicato l\u2019intera sua esistenza.<\/p>\n<p>Da sindacalista, sindaco di Polistena e\u00a0 parlamentare ha sempre continuato nelle battaglie per il riscatto e ha dato prova di grande capacit\u00e0 amministrativa, trasformando la citt\u00e0 di Polistena da paese rurale a citt\u00e0 moderna e progredita, modello di buongoverno ammirata da tutti.<\/p>\n<p class=\"xmprfx_MsoNormal\">Con l\u2019organizzazione di questo Bando di Concorso e l\u2019istituzione dei Premi di Studio \u201cGirolamo Tripodi\u201d, destinati agli studenti calabresi, la Fondazione intende mantenere viva la memoria di una storia collettiva che non va dispersa\u00a0 e che ha rappresentato la prima e finora unica grande stagione di riscatto delle classi umili e diseredate della Calabria e del Mezzogiorno.<\/p>\n<p class=\"xmprfx_MsoNormal\">Nella giornata del 3 novembre\u00a0 verr\u00e0 premiato il pi\u00f9 brillante diplomato dell\u2019anno scolastico 2021\/2022 dell\u2019ITIS \u201cConte Milano\u201d di Polistena. La premiazione degli studenti, concordata in collaborazione con la Dirigente Scolastico dell\u2019Istituto Tecnico Industriale Statale \u201cConte Milano\u201d di Polistena, prof.ssa Simona Prochilo, a cui rivolgiamo il nostro ringraziamento, si svolger\u00e0 secondo il seguente programma: <b>Istituto Tecnico Industriale Statale<\/b><b> &#8220;Conte Milano&#8221;, Via dello Sport, 25 &#8211; Polistena,\u00a0<\/b><b>con cerimonia di premiazione a cominciare dalle ore 11,00.<\/b><\/p>\n<p class=\"xmprfx_MsoNormal\">Nel nome di Girolamo Tripodi il lavoro della Fondazione va avanti\u00a0 all\u2019insegna del motto \u201cTenere viva la memoria, per costruire il presente e progettare il futuro\u201d. E con questo spirito prosegue il\u200b sostegno ai giovani studenti degli istituti scolastici reggini che rappresentano la nostra speranza per un futuro migliore.<\/p>\n","protected":false},"excerpt":{"rendered":"<p>Dopo la consegna dei premi avvenuta lo scorso 30 settembre presso il Liceo Scientifico \u201cA. Volta\u201d, il 12 ottobre presso l\u2019Istituto d\u2019Istruzione Superiore \u201cBoccioni-Fermi\u201d di Reggio Calabria, il 19 ottobre&hellip;<\/p>\n","protected":false},"author":5,"featured_media":11295,"comment_status":"open","ping_status":"open","sticky":false,"template":"","format":"standard","meta":{"_jetpack_memberships_contains_paid_content":false,"footnotes":"","jetpack_publicize_message":"","jetpack_publicize_feature_enabled":true,"jetpack_social_post_already_shared":false,"jetpack_social_options":{"image_generator_settings":{"template":"highway","default_image_id":0,"font":"","enabled":false},"version":2}},"categories":[921,196,140],"tags":[],"class_list":["post-11294","post","type-post","status-publish","format-standard","has-post-thumbnail","hentry","category-home","category-news","category-reggio-calabria"],"yoast_head":"<!-- This site is optimized with the Yoast SEO plugin v27.2 - https:\/\/yoast.com\/product\/yoast-seo-wordpress\/ -->\n<title>Premio &quot;Girolamo Tripodi&quot;: nuova tappa all&#039;istituto tecnico industriale Conte Milano di Polistena - Radio Touring 104<\/title>\n<meta name=\"robots\" content=\"index, follow, max-snippet:-1, max-image-preview:large, max-video-preview:-1\" \/>\n<link rel=\"canonical\" href=\"https:\/\/progettotouring.it\/radiotouring104\/2022\/11\/01\/premio-girolamo-tripodi-nuova-tappa-allistituto-tecnico-industriale-conte-milano-di-polistena\/\" \/>\n<meta property=\"og:locale\" content=\"it_IT\" \/>\n<meta property=\"og:type\" content=\"article\" \/>\n<meta property=\"og:title\" content=\"Premio &quot;Girolamo Tripodi&quot;: nuova tappa all&#039;istituto tecnico industriale Conte Milano di Polistena - Radio Touring 104\" \/>\n<meta property=\"og:description\" content=\"Dopo la consegna dei premi avvenuta lo scorso 30 settembre presso il Liceo Scientifico \u201cA. Volta\u201d, il 12 ottobre presso l\u2019Istituto d\u2019Istruzione Superiore \u201cBoccioni-Fermi\u201d di Reggio Calabria, il 19 ottobre&hellip;\" \/>\n<meta property=\"og:url\" content=\"https:\/\/progettotouring.it\/radiotouring104\/2022\/11\/01\/premio-girolamo-tripodi-nuova-tappa-allistituto-tecnico-industriale-conte-milano-di-polistena\/\" \/>\n<meta property=\"og:site_name\" content=\"Radio Touring 104\" \/>\n<meta property=\"article:published_time\" content=\"2022-11-01T19:25:53+00:00\" \/>\n<meta property=\"article:modified_time\" content=\"2022-11-01T19:26:03+00:00\" \/>\n<meta property=\"og:image\" content=\"https:\/\/progettotouring.it\/radiotouring104\/wp-content\/uploads\/sites\/6\/2022\/11\/itis-conte-milano-polistena.jpg\" \/>\n\t<meta property=\"og:image:width\" content=\"538\" \/>\n\t<meta property=\"og:image:height\" content=\"536\" \/>\n\t<meta property=\"og:image:type\" content=\"image\/jpeg\" \/>\n<meta name=\"author\" content=\"redazione\" \/>\n<meta name=\"twitter:card\" content=\"summary_large_image\" \/>\n<meta name=\"twitter:label1\" content=\"Scritto da\" \/>\n\t<meta name=\"twitter:data1\" content=\"redazione\" \/>\n\t<meta name=\"twitter:label2\" content=\"Tempo di lettura stimato\" \/>\n\t<meta name=\"twitter:data2\" content=\"3 minuti\" \/>\n<script type=\"application\/ld+json\" class=\"yoast-schema-graph\">{\"@context\":\"https:\/\/schema.org\",\"@graph\":[{\"@type\":\"Article\",\"@id\":\"https:\/\/progettotouring.it\/radiotouring104\/2022\/11\/01\/premio-girolamo-tripodi-nuova-tappa-allistituto-tecnico-industriale-conte-milano-di-polistena\/#article\",\"isPartOf\":{\"@id\":\"https:\/\/progettotouring.it\/radiotouring104\/2022\/11\/01\/premio-girolamo-tripodi-nuova-tappa-allistituto-tecnico-industriale-conte-milano-di-polistena\/\"},\"author\":{\"name\":\"redazione\",\"@id\":\"https:\/\/progettotouring.it\/radiotouring104\/#\/schema\/person\/1b3eb3c07c47136bc44c785c543e635f\"},\"headline\":\"Premio &#8220;Girolamo Tripodi&#8221;: nuova tappa all&#8217;istituto tecnico industriale Conte Milano di Polistena\",\"datePublished\":\"2022-11-01T19:25:53+00:00\",\"dateModified\":\"2022-11-01T19:26:03+00:00\",\"mainEntityOfPage\":{\"@id\":\"https:\/\/progettotouring.it\/radiotouring104\/2022\/11\/01\/premio-girolamo-tripodi-nuova-tappa-allistituto-tecnico-industriale-conte-milano-di-polistena\/\"},\"wordCount\":546,\"commentCount\":0,\"publisher\":{\"@id\":\"https:\/\/progettotouring.it\/radiotouring104\/#organization\"},\"image\":{\"@id\":\"https:\/\/progettotouring.it\/radiotouring104\/2022\/11\/01\/premio-girolamo-tripodi-nuova-tappa-allistituto-tecnico-industriale-conte-milano-di-polistena\/#primaryimage\"},\"thumbnailUrl\":\"https:\/\/progettotouring.it\/radiotouring104\/wp-content\/uploads\/sites\/6\/2022\/11\/itis-conte-milano-polistena.jpg\",\"articleSection\":[\"Home\",\"News\",\"Reggio Calabria\"],\"inLanguage\":\"it-IT\",\"potentialAction\":[{\"@type\":\"CommentAction\",\"name\":\"Comment\",\"target\":[\"https:\/\/progettotouring.it\/radiotouring104\/2022\/11\/01\/premio-girolamo-tripodi-nuova-tappa-allistituto-tecnico-industriale-conte-milano-di-polistena\/#respond\"]}]},{\"@type\":\"WebPage\",\"@id\":\"https:\/\/progettotouring.it\/radiotouring104\/2022\/11\/01\/premio-girolamo-tripodi-nuova-tappa-allistituto-tecnico-industriale-conte-milano-di-polistena\/\",\"url\":\"https:\/\/progettotouring.it\/radiotouring104\/2022\/11\/01\/premio-girolamo-tripodi-nuova-tappa-allistituto-tecnico-industriale-conte-milano-di-polistena\/\",\"name\":\"Premio \\\"Girolamo Tripodi\\\": nuova tappa all'istituto tecnico industriale Conte Milano di Polistena - Radio Touring 104\",\"isPartOf\":{\"@id\":\"https:\/\/progettotouring.it\/radiotouring104\/#website\"},\"primaryImageOfPage\":{\"@id\":\"https:\/\/progettotouring.it\/radiotouring104\/2022\/11\/01\/premio-girolamo-tripodi-nuova-tappa-allistituto-tecnico-industriale-conte-milano-di-polistena\/#primaryimage\"},\"image\":{\"@id\":\"https:\/\/progettotouring.it\/radiotouring104\/2022\/11\/01\/premio-girolamo-tripodi-nuova-tappa-allistituto-tecnico-industriale-conte-milano-di-polistena\/#primaryimage\"},\"thumbnailUrl\":\"https:\/\/progettotouring.it\/radiotouring104\/wp-content\/uploads\/sites\/6\/2022\/11\/itis-conte-milano-polistena.jpg\",\"datePublished\":\"2022-11-01T19:25:53+00:00\",\"dateModified\":\"2022-11-01T19:26:03+00:00\",\"breadcrumb\":{\"@id\":\"https:\/\/progettotouring.it\/radiotouring104\/2022\/11\/01\/premio-girolamo-tripodi-nuova-tappa-allistituto-tecnico-industriale-conte-milano-di-polistena\/#breadcrumb\"},\"inLanguage\":\"it-IT\",\"potentialAction\":[{\"@type\":\"ReadAction\",\"target\":[\"https:\/\/progettotouring.it\/radiotouring104\/2022\/11\/01\/premio-girolamo-tripodi-nuova-tappa-allistituto-tecnico-industriale-conte-milano-di-polistena\/\"]}]},{\"@type\":\"ImageObject\",\"inLanguage\":\"it-IT\",\"@id\":\"https:\/\/progettotouring.it\/radiotouring104\/2022\/11\/01\/premio-girolamo-tripodi-nuova-tappa-allistituto-tecnico-industriale-conte-milano-di-polistena\/#primaryimage\",\"url\":\"https:\/\/progettotouring.it\/radiotouring104\/wp-content\/uploads\/sites\/6\/2022\/11\/itis-conte-milano-polistena.jpg\",\"contentUrl\":\"https:\/\/progettotouring.it\/radiotouring104\/wp-content\/uploads\/sites\/6\/2022\/11\/itis-conte-milano-polistena.jpg\",\"width\":538,\"height\":536},{\"@type\":\"BreadcrumbList\",\"@id\":\"https:\/\/progettotouring.it\/radiotouring104\/2022\/11\/01\/premio-girolamo-tripodi-nuova-tappa-allistituto-tecnico-industriale-conte-milano-di-polistena\/#breadcrumb\",\"itemListElement\":[{\"@type\":\"ListItem\",\"position\":1,\"name\":\"Home\",\"item\":\"https:\/\/progettotouring.it\/radiotouring104\/\"},{\"@type\":\"ListItem\",\"position\":2,\"name\":\"Premio &#8220;Girolamo Tripodi&#8221;: nuova tappa all&#8217;istituto tecnico industriale Conte Milano di Polistena\"}]},{\"@type\":\"WebSite\",\"@id\":\"https:\/\/progettotouring.it\/radiotouring104\/#website\",\"url\":\"https:\/\/progettotouring.it\/radiotouring104\/\",\"name\":\"Radio Touring 104\",\"description\":\"La prima radio Reggina\",\"publisher\":{\"@id\":\"https:\/\/progettotouring.it\/radiotouring104\/#organization\"},\"potentialAction\":[{\"@type\":\"SearchAction\",\"target\":{\"@type\":\"EntryPoint\",\"urlTemplate\":\"https:\/\/progettotouring.it\/radiotouring104\/?s={search_term_string}\"},\"query-input\":{\"@type\":\"PropertyValueSpecification\",\"valueRequired\":true,\"valueName\":\"search_term_string\"}}],\"inLanguage\":\"it-IT\"},{\"@type\":\"Organization\",\"@id\":\"https:\/\/progettotouring.it\/radiotouring104\/#organization\",\"name\":\"Radio Touring 104\",\"url\":\"https:\/\/progettotouring.it\/radiotouring104\/\",\"logo\":{\"@type\":\"ImageObject\",\"inLanguage\":\"it-IT\",\"@id\":\"https:\/\/progettotouring.it\/radiotouring104\/#\/schema\/logo\/image\/\",\"url\":\"https:\/\/progettotouring.it\/radiotouring104\/wp-content\/uploads\/sites\/6\/2022\/02\/cropped-logo-radio-touring-104.png\",\"contentUrl\":\"https:\/\/progettotouring.it\/radiotouring104\/wp-content\/uploads\/sites\/6\/2022\/02\/cropped-logo-radio-touring-104.png\",\"width\":377,\"height\":182,\"caption\":\"Radio Touring 104\"},\"image\":{\"@id\":\"https:\/\/progettotouring.it\/radiotouring104\/#\/schema\/logo\/image\/\"}},{\"@type\":\"Person\",\"@id\":\"https:\/\/progettotouring.it\/radiotouring104\/#\/schema\/person\/1b3eb3c07c47136bc44c785c543e635f\",\"name\":\"redazione\",\"image\":{\"@type\":\"ImageObject\",\"inLanguage\":\"it-IT\",\"@id\":\"https:\/\/secure.gravatar.com\/avatar\/0b31605b49f100769e8b624b3e05de1b73e1692e9568a352f60f53fd072e6e11?s=96&d=mm&r=g\",\"url\":\"https:\/\/secure.gravatar.com\/avatar\/0b31605b49f100769e8b624b3e05de1b73e1692e9568a352f60f53fd072e6e11?s=96&d=mm&r=g\",\"contentUrl\":\"https:\/\/secure.gravatar.com\/avatar\/0b31605b49f100769e8b624b3e05de1b73e1692e9568a352f60f53fd072e6e11?s=96&d=mm&r=g\",\"caption\":\"redazione\"},\"url\":\"https:\/\/progettotouring.it\/radiotouring104\/author\/redazione\/\"}]}<\/script>\n<!-- \/ Yoast SEO plugin. -->","yoast_head_json":{"title":"Premio \"Girolamo Tripodi\": nuova tappa all'istituto tecnico industriale Conte Milano di Polistena - Radio Touring 104","robots":{"index":"index","follow":"follow","max-snippet":"max-snippet:-1","max-image-preview":"max-image-preview:large","max-video-preview":"max-video-preview:-1"},"canonical":"https:\/\/progettotouring.it\/radiotouring104\/2022\/11\/01\/premio-girolamo-tripodi-nuova-tappa-allistituto-tecnico-industriale-conte-milano-di-polistena\/","og_locale":"it_IT","og_type":"article","og_title":"Premio \"Girolamo Tripodi\": nuova tappa all'istituto tecnico industriale Conte Milano di Polistena - Radio Touring 104","og_description":"Dopo la consegna dei premi avvenuta lo scorso 30 settembre presso il Liceo Scientifico \u201cA. Volta\u201d, il 12 ottobre presso l\u2019Istituto d\u2019Istruzione Superiore \u201cBoccioni-Fermi\u201d di Reggio Calabria, il 19 ottobre&hellip;","og_url":"https:\/\/progettotouring.it\/radiotouring104\/2022\/11\/01\/premio-girolamo-tripodi-nuova-tappa-allistituto-tecnico-industriale-conte-milano-di-polistena\/","og_site_name":"Radio Touring 104","article_published_time":"2022-11-01T19:25:53+00:00","article_modified_time":"2022-11-01T19:26:03+00:00","og_image":[{"width":538,"height":536,"url":"https:\/\/progettotouring.it\/radiotouring104\/wp-content\/uploads\/sites\/6\/2022\/11\/itis-conte-milano-polistena.jpg","type":"image\/jpeg"}],"author":"redazione","twitter_card":"summary_large_image","twitter_misc":{"Scritto da":"redazione","Tempo di lettura stimato":"3 minuti"},"schema":{"@context":"https:\/\/schema.org","@graph":[{"@type":"Article","@id":"https:\/\/progettotouring.it\/radiotouring104\/2022\/11\/01\/premio-girolamo-tripodi-nuova-tappa-allistituto-tecnico-industriale-conte-milano-di-polistena\/#article","isPartOf":{"@id":"https:\/\/progettotouring.it\/radiotouring104\/2022\/11\/01\/premio-girolamo-tripodi-nuova-tappa-allistituto-tecnico-industriale-conte-milano-di-polistena\/"},"author":{"name":"redazione","@id":"https:\/\/progettotouring.it\/radiotouring104\/#\/schema\/person\/1b3eb3c07c47136bc44c785c543e635f"},"headline":"Premio &#8220;Girolamo Tripodi&#8221;: nuova tappa all&#8217;istituto tecnico industriale Conte Milano di Polistena","datePublished":"2022-11-01T19:25:53+00:00","dateModified":"2022-11-01T19:26:03+00:00","mainEntityOfPage":{"@id":"https:\/\/progettotouring.it\/radiotouring104\/2022\/11\/01\/premio-girolamo-tripodi-nuova-tappa-allistituto-tecnico-industriale-conte-milano-di-polistena\/"},"wordCount":546,"commentCount":0,"publisher":{"@id":"https:\/\/progettotouring.it\/radiotouring104\/#organization"},"image":{"@id":"https:\/\/progettotouring.it\/radiotouring104\/2022\/11\/01\/premio-girolamo-tripodi-nuova-tappa-allistituto-tecnico-industriale-conte-milano-di-polistena\/#primaryimage"},"thumbnailUrl":"https:\/\/progettotouring.it\/radiotouring104\/wp-content\/uploads\/sites\/6\/2022\/11\/itis-conte-milano-polistena.jpg","articleSection":["Home","News","Reggio Calabria"],"inLanguage":"it-IT","potentialAction":[{"@type":"CommentAction","name":"Comment","target":["https:\/\/progettotouring.it\/radiotouring104\/2022\/11\/01\/premio-girolamo-tripodi-nuova-tappa-allistituto-tecnico-industriale-conte-milano-di-polistena\/#respond"]}]},{"@type":"WebPage","@id":"https:\/\/progettotouring.it\/radiotouring104\/2022\/11\/01\/premio-girolamo-tripodi-nuova-tappa-allistituto-tecnico-industriale-conte-milano-di-polistena\/","url":"https:\/\/progettotouring.it\/radiotouring104\/2022\/11\/01\/premio-girolamo-tripodi-nuova-tappa-allistituto-tecnico-industriale-conte-milano-di-polistena\/","name":"Premio \"Girolamo Tripodi\": nuova tappa all'istituto tecnico industriale Conte Milano di Polistena - Radio Touring 104","isPartOf":{"@id":"https:\/\/progettotouring.it\/radiotouring104\/#website"},"primaryImageOfPage":{"@id":"https:\/\/progettotouring.it\/radiotouring104\/2022\/11\/01\/premio-girolamo-tripodi-nuova-tappa-allistituto-tecnico-industriale-conte-milano-di-polistena\/#primaryimage"},"image":{"@id":"https:\/\/progettotouring.it\/radiotouring104\/2022\/11\/01\/premio-girolamo-tripodi-nuova-tappa-allistituto-tecnico-industriale-conte-milano-di-polistena\/#primaryimage"},"thumbnailUrl":"https:\/\/progettotouring.it\/radiotouring104\/wp-content\/uploads\/sites\/6\/2022\/11\/itis-conte-milano-polistena.jpg","datePublished":"2022-11-01T19:25:53+00:00","dateModified":"2022-11-01T19:26:03+00:00","breadcrumb":{"@id":"https:\/\/progettotouring.it\/radiotouring104\/2022\/11\/01\/premio-girolamo-tripodi-nuova-tappa-allistituto-tecnico-industriale-conte-milano-di-polistena\/#breadcrumb"},"inLanguage":"it-IT","potentialAction":[{"@type":"ReadAction","target":["https:\/\/progettotouring.it\/radiotouring104\/2022\/11\/01\/premio-girolamo-tripodi-nuova-tappa-allistituto-tecnico-industriale-conte-milano-di-polistena\/"]}]},{"@type":"ImageObject","inLanguage":"it-IT","@id":"https:\/\/progettotouring.it\/radiotouring104\/2022\/11\/01\/premio-girolamo-tripodi-nuova-tappa-allistituto-tecnico-industriale-conte-milano-di-polistena\/#primaryimage","url":"https:\/\/progettotouring.it\/radiotouring104\/wp-content\/uploads\/sites\/6\/2022\/11\/itis-conte-milano-polistena.jpg","contentUrl":"https:\/\/progettotouring.it\/radiotouring104\/wp-content\/uploads\/sites\/6\/2022\/11\/itis-conte-milano-polistena.jpg","width":538,"height":536},{"@type":"BreadcrumbList","@id":"https:\/\/progettotouring.it\/radiotouring104\/2022\/11\/01\/premio-girolamo-tripodi-nuova-tappa-allistituto-tecnico-industriale-conte-milano-di-polistena\/#breadcrumb","itemListElement":[{"@type":"ListItem","position":1,"name":"Home","item":"https:\/\/progettotouring.it\/radiotouring104\/"},{"@type":"ListItem","position":2,"name":"Premio &#8220;Girolamo Tripodi&#8221;: nuova tappa all&#8217;istituto tecnico industriale Conte Milano di Polistena"}]},{"@type":"WebSite","@id":"https:\/\/progettotouring.it\/radiotouring104\/#website","url":"https:\/\/progettotouring.it\/radiotouring104\/","name":"Radio Touring 104","description":"La prima radio Reggina","publisher":{"@id":"https:\/\/progettotouring.it\/radiotouring104\/#organization"},"potentialAction":[{"@type":"SearchAction","target":{"@type":"EntryPoint","urlTemplate":"https:\/\/progettotouring.it\/radiotouring104\/?s={search_term_string}"},"query-input":{"@type":"PropertyValueSpecification","valueRequired":true,"valueName":"search_term_string"}}],"inLanguage":"it-IT"},{"@type":"Organization","@id":"https:\/\/progettotouring.it\/radiotouring104\/#organization","name":"Radio Touring 104","url":"https:\/\/progettotouring.it\/radiotouring104\/","logo":{"@type":"ImageObject","inLanguage":"it-IT","@id":"https:\/\/progettotouring.it\/radiotouring104\/#\/schema\/logo\/image\/","url":"https:\/\/progettotouring.it\/radiotouring104\/wp-content\/uploads\/sites\/6\/2022\/02\/cropped-logo-radio-touring-104.png","contentUrl":"https:\/\/progettotouring.it\/radiotouring104\/wp-content\/uploads\/sites\/6\/2022\/02\/cropped-logo-radio-touring-104.png","width":377,"height":182,"caption":"Radio Touring 104"},"image":{"@id":"https:\/\/progettotouring.it\/radiotouring104\/#\/schema\/logo\/image\/"}},{"@type":"Person","@id":"https:\/\/progettotouring.it\/radiotouring104\/#\/schema\/person\/1b3eb3c07c47136bc44c785c543e635f","name":"redazione","image":{"@type":"ImageObject","inLanguage":"it-IT","@id":"https:\/\/secure.gravatar.com\/avatar\/0b31605b49f100769e8b624b3e05de1b73e1692e9568a352f60f53fd072e6e11?s=96&d=mm&r=g","url":"https:\/\/secure.gravatar.com\/avatar\/0b31605b49f100769e8b624b3e05de1b73e1692e9568a352f60f53fd072e6e11?s=96&d=mm&r=g","contentUrl":"https:\/\/secure.gravatar.com\/avatar\/0b31605b49f100769e8b624b3e05de1b73e1692e9568a352f60f53fd072e6e11?s=96&d=mm&r=g","caption":"redazione"},"url":"https:\/\/progettotouring.it\/radiotouring104\/author\/redazione\/"}]}},"jetpack_publicize_connections":[],"jetpack_featured_media_url":"https:\/\/progettotouring.it\/radiotouring104\/wp-content\/uploads\/sites\/6\/2022\/11\/itis-conte-milano-polistena.jpg","jetpack_sharing_enabled":true,"_links":{"self":[{"href":"https:\/\/progettotouring.it\/radiotouring104\/wp-json\/wp\/v2\/posts\/11294","targetHints":{"allow":["GET"]}}],"collection":[{"href":"https:\/\/progettotouring.it\/radiotouring104\/wp-json\/wp\/v2\/posts"}],"about":[{"href":"https:\/\/progettotouring.it\/radiotouring104\/wp-json\/wp\/v2\/types\/post"}],"author":[{"embeddable":true,"href":"https:\/\/progettotouring.it\/radiotouring104\/wp-json\/wp\/v2\/users\/5"}],"replies":[{"embeddable":true,"href":"https:\/\/progettotouring.it\/radiotouring104\/wp-json\/wp\/v2\/comments?post=11294"}],"version-history":[{"count":1,"href":"https:\/\/progettotouring.it\/radiotouring104\/wp-json\/wp\/v2\/posts\/11294\/revisions"}],"predecessor-version":[{"id":11296,"href":"https:\/\/progettotouring.it\/radiotouring104\/wp-json\/wp\/v2\/posts\/11294\/revisions\/11296"}],"wp:featuredmedia":[{"embeddable":true,"href":"https:\/\/progettotouring.it\/radiotouring104\/wp-json\/wp\/v2\/media\/11295"}],"wp:attachment":[{"href":"https:\/\/progettotouring.it\/radiotouring104\/wp-json\/wp\/v2\/media?parent=11294"}],"wp:term":[{"taxonomy":"category","embeddable":true,"href":"https:\/\/progettotouring.it\/radiotouring104\/wp-json\/wp\/v2\/categories?post=11294"},{"taxonomy":"post_tag","embeddable":true,"href":"https:\/\/progettotouring.it\/radiotouring104\/wp-json\/wp\/v2\/tags?post=11294"}],"curies":[{"name":"wp","href":"https:\/\/api.w.org\/{rel}","templated":true}]}}