{"id":11300,"date":"2022-11-01T20:31:33","date_gmt":"2022-11-01T19:31:33","guid":{"rendered":"https:\/\/progettotouring.it\/radiotouring104\/?p=11300"},"modified":"2022-11-01T20:31:45","modified_gmt":"2022-11-01T19:31:45","slug":"alla-palestra-di-archi-una-targa-ricordera-per-sempre-nuccio-geri","status":"publish","type":"post","link":"https:\/\/progettotouring.it\/radiotouring104\/2022\/11\/01\/alla-palestra-di-archi-una-targa-ricordera-per-sempre-nuccio-geri\/","title":{"rendered":"Alla palestra di Archi una targa ricorder\u00e0 per sempre Nuccio Geri"},"content":{"rendered":"<p>L&#8217;assessora comunale Giuggi Palmenta ed il consigliere delegato allo Sport, Giovanni Latella, hanno preso parte alla cerimonia in ricordo di Nuccio Geri, indimenticato coach del basket reggino, il cui nome e volto, da ieri, saranno per sempre impressi sulla Palestra di Archi.<\/p>\n<p>Moltissimi amici, tanti familiari, tifosi della Viola ed ex allievi di Geri, si sono riuniti prima per assistere alla scopertura di una targa apposta in memoria dell&#8217;allenatore e per sfidarsi, subito dopo, in una partita fra vecchie glorie della palla a spicchi cittadina. L&#8217;iniziativa, promossa da Viola Inside e FIP, coi rispettivi presidenti Gaetano Gebbia e Paolo Surace, \u00e8 stata subito sposata dal Comune che, nel frattempo, ha avviato le pratiche per l&#8217;intitolazione a Nuccio Geri della struttura di Archi.<\/p>\n<p>\u00abCi ritroviamo qui &#8211; ha detto l&#8217;assessora Palmenta &#8211; per ricordare e celebrare l&#8217;uomo Nuccio Geri, l&#8217;educatore e lo sportivo che, visto quanto affetto riempie oggi questa palestra, ha evidentemente lasciato un buon segno nella comunit\u00e0, non solo sportiva. I valori che ha trasmesso a decine di generazioni di giovani reggini sono sicuramente legati al mondo della pallacanestro, ma anche e soprattutto alla passione ed al modo d&#8217;intendere lo sport e la vita\u00bb.<br \/>\nPer il consigliere Giovanni Latella, Nuccio Geri \u00ab\u00e8 stato un faro per tantissimi ragazzi e tantissime ragazze che, sotto la sua guida, hanno imparato ad amare una disciplina bellissima\u00bb.<\/p>\n<p>\u00abLa famiglia &#8211; ha detto &#8211; alla quale va il mio abbraccio pi\u00f9 caloroso, non scopre certo oggi tutto il bene e l&#8217;affetto che Nuccio ha diffuso in citt\u00e0 nei lunghi anni in cui \u00e8 stato protagonista nei parquet dell&#8217;intera provincia. Tuttavia, vedere tanta gente a questa cerimonia \u00e8 la testimonianza pi\u00f9 efficace per comprendere la persona che \u00e8 stata il coach mai dimenticato\u00bb.<br \/>\nDagli amministratori, infine, \u00e8 andato un ringraziamento ai presidenti di Viola inside e FIP, Gebbia e Surace, per \u00abl&#8217;impegno e il trasporto che mettono nel sostenere, in ogni sua forma, il movimento cestistico cittadino\u00bb.<\/p>\n","protected":false},"excerpt":{"rendered":"<p>L&#8217;assessora comunale Giuggi Palmenta ed il consigliere delegato allo Sport, Giovanni Latella, hanno preso parte alla cerimonia in ricordo di Nuccio Geri, indimenticato coach del basket reggino, il cui nome&hellip;<\/p>\n","protected":false},"author":5,"featured_media":11301,"comment_status":"open","ping_status":"open","sticky":false,"template":"","format":"standard","meta":{"_jetpack_memberships_contains_paid_content":false,"footnotes":"","jetpack_publicize_message":"","jetpack_publicize_feature_enabled":true,"jetpack_social_post_already_shared":false,"jetpack_social_options":{"image_generator_settings":{"template":"highway","default_image_id":0,"font":"","enabled":false},"version":2}},"categories":[921,150,196,140],"tags":[],"class_list":["post-11300","post","type-post","status-publish","format-standard","has-post-thumbnail","hentry","category-home","category-in-primo-piano","category-news","category-reggio-calabria"],"yoast_head":"<!-- This site is optimized with the Yoast SEO plugin v27.2 - https:\/\/yoast.com\/product\/yoast-seo-wordpress\/ -->\n<title>Alla palestra di Archi una targa ricorder\u00e0 per sempre Nuccio Geri - Radio Touring 104<\/title>\n<meta name=\"robots\" content=\"index, follow, max-snippet:-1, max-image-preview:large, max-video-preview:-1\" \/>\n<link rel=\"canonical\" href=\"https:\/\/progettotouring.it\/radiotouring104\/2022\/11\/01\/alla-palestra-di-archi-una-targa-ricordera-per-sempre-nuccio-geri\/\" \/>\n<meta property=\"og:locale\" content=\"it_IT\" \/>\n<meta property=\"og:type\" content=\"article\" \/>\n<meta property=\"og:title\" content=\"Alla palestra di Archi una targa ricorder\u00e0 per sempre Nuccio Geri - Radio Touring 104\" \/>\n<meta property=\"og:description\" content=\"L&#8217;assessora comunale Giuggi Palmenta ed il consigliere delegato allo Sport, Giovanni Latella, hanno preso parte alla cerimonia in ricordo di Nuccio Geri, indimenticato coach del basket reggino, il cui nome&hellip;\" \/>\n<meta property=\"og:url\" content=\"https:\/\/progettotouring.it\/radiotouring104\/2022\/11\/01\/alla-palestra-di-archi-una-targa-ricordera-per-sempre-nuccio-geri\/\" \/>\n<meta property=\"og:site_name\" content=\"Radio Touring 104\" \/>\n<meta property=\"article:published_time\" content=\"2022-11-01T19:31:33+00:00\" \/>\n<meta property=\"article:modified_time\" content=\"2022-11-01T19:31:45+00:00\" \/>\n<meta property=\"og:image\" content=\"https:\/\/progettotouring.it\/radiotouring104\/wp-content\/uploads\/sites\/6\/2022\/11\/TARGA-NUCCIO-GERI.jpeg\" \/>\n\t<meta property=\"og:image:width\" content=\"2000\" \/>\n\t<meta property=\"og:image:height\" content=\"1500\" \/>\n\t<meta property=\"og:image:type\" content=\"image\/jpeg\" \/>\n<meta name=\"author\" content=\"redazione\" \/>\n<meta name=\"twitter:card\" content=\"summary_large_image\" \/>\n<meta name=\"twitter:label1\" content=\"Scritto da\" \/>\n\t<meta name=\"twitter:data1\" content=\"redazione\" \/>\n\t<meta name=\"twitter:label2\" content=\"Tempo di lettura stimato\" \/>\n\t<meta name=\"twitter:data2\" content=\"2 minuti\" \/>\n<script type=\"application\/ld+json\" class=\"yoast-schema-graph\">{\"@context\":\"https:\/\/schema.org\",\"@graph\":[{\"@type\":\"Article\",\"@id\":\"https:\/\/progettotouring.it\/radiotouring104\/2022\/11\/01\/alla-palestra-di-archi-una-targa-ricordera-per-sempre-nuccio-geri\/#article\",\"isPartOf\":{\"@id\":\"https:\/\/progettotouring.it\/radiotouring104\/2022\/11\/01\/alla-palestra-di-archi-una-targa-ricordera-per-sempre-nuccio-geri\/\"},\"author\":{\"name\":\"redazione\",\"@id\":\"https:\/\/progettotouring.it\/radiotouring104\/#\/schema\/person\/1b3eb3c07c47136bc44c785c543e635f\"},\"headline\":\"Alla palestra di Archi una targa ricorder\u00e0 per sempre Nuccio Geri\",\"datePublished\":\"2022-11-01T19:31:33+00:00\",\"dateModified\":\"2022-11-01T19:31:45+00:00\",\"mainEntityOfPage\":{\"@id\":\"https:\/\/progettotouring.it\/radiotouring104\/2022\/11\/01\/alla-palestra-di-archi-una-targa-ricordera-per-sempre-nuccio-geri\/\"},\"wordCount\":327,\"commentCount\":0,\"publisher\":{\"@id\":\"https:\/\/progettotouring.it\/radiotouring104\/#organization\"},\"image\":{\"@id\":\"https:\/\/progettotouring.it\/radiotouring104\/2022\/11\/01\/alla-palestra-di-archi-una-targa-ricordera-per-sempre-nuccio-geri\/#primaryimage\"},\"thumbnailUrl\":\"https:\/\/progettotouring.it\/radiotouring104\/wp-content\/uploads\/sites\/6\/2022\/11\/TARGA-NUCCIO-GERI.jpeg\",\"articleSection\":[\"Home\",\"In primo piano\",\"News\",\"Reggio Calabria\"],\"inLanguage\":\"it-IT\",\"potentialAction\":[{\"@type\":\"CommentAction\",\"name\":\"Comment\",\"target\":[\"https:\/\/progettotouring.it\/radiotouring104\/2022\/11\/01\/alla-palestra-di-archi-una-targa-ricordera-per-sempre-nuccio-geri\/#respond\"]}]},{\"@type\":\"WebPage\",\"@id\":\"https:\/\/progettotouring.it\/radiotouring104\/2022\/11\/01\/alla-palestra-di-archi-una-targa-ricordera-per-sempre-nuccio-geri\/\",\"url\":\"https:\/\/progettotouring.it\/radiotouring104\/2022\/11\/01\/alla-palestra-di-archi-una-targa-ricordera-per-sempre-nuccio-geri\/\",\"name\":\"Alla palestra di Archi una targa ricorder\u00e0 per sempre Nuccio Geri - Radio Touring 104\",\"isPartOf\":{\"@id\":\"https:\/\/progettotouring.it\/radiotouring104\/#website\"},\"primaryImageOfPage\":{\"@id\":\"https:\/\/progettotouring.it\/radiotouring104\/2022\/11\/01\/alla-palestra-di-archi-una-targa-ricordera-per-sempre-nuccio-geri\/#primaryimage\"},\"image\":{\"@id\":\"https:\/\/progettotouring.it\/radiotouring104\/2022\/11\/01\/alla-palestra-di-archi-una-targa-ricordera-per-sempre-nuccio-geri\/#primaryimage\"},\"thumbnailUrl\":\"https:\/\/progettotouring.it\/radiotouring104\/wp-content\/uploads\/sites\/6\/2022\/11\/TARGA-NUCCIO-GERI.jpeg\",\"datePublished\":\"2022-11-01T19:31:33+00:00\",\"dateModified\":\"2022-11-01T19:31:45+00:00\",\"breadcrumb\":{\"@id\":\"https:\/\/progettotouring.it\/radiotouring104\/2022\/11\/01\/alla-palestra-di-archi-una-targa-ricordera-per-sempre-nuccio-geri\/#breadcrumb\"},\"inLanguage\":\"it-IT\",\"potentialAction\":[{\"@type\":\"ReadAction\",\"target\":[\"https:\/\/progettotouring.it\/radiotouring104\/2022\/11\/01\/alla-palestra-di-archi-una-targa-ricordera-per-sempre-nuccio-geri\/\"]}]},{\"@type\":\"ImageObject\",\"inLanguage\":\"it-IT\",\"@id\":\"https:\/\/progettotouring.it\/radiotouring104\/2022\/11\/01\/alla-palestra-di-archi-una-targa-ricordera-per-sempre-nuccio-geri\/#primaryimage\",\"url\":\"https:\/\/progettotouring.it\/radiotouring104\/wp-content\/uploads\/sites\/6\/2022\/11\/TARGA-NUCCIO-GERI.jpeg\",\"contentUrl\":\"https:\/\/progettotouring.it\/radiotouring104\/wp-content\/uploads\/sites\/6\/2022\/11\/TARGA-NUCCIO-GERI.jpeg\",\"width\":2000,\"height\":1500},{\"@type\":\"BreadcrumbList\",\"@id\":\"https:\/\/progettotouring.it\/radiotouring104\/2022\/11\/01\/alla-palestra-di-archi-una-targa-ricordera-per-sempre-nuccio-geri\/#breadcrumb\",\"itemListElement\":[{\"@type\":\"ListItem\",\"position\":1,\"name\":\"Home\",\"item\":\"https:\/\/progettotouring.it\/radiotouring104\/\"},{\"@type\":\"ListItem\",\"position\":2,\"name\":\"Alla palestra di Archi una targa ricorder\u00e0 per sempre Nuccio Geri\"}]},{\"@type\":\"WebSite\",\"@id\":\"https:\/\/progettotouring.it\/radiotouring104\/#website\",\"url\":\"https:\/\/progettotouring.it\/radiotouring104\/\",\"name\":\"Radio Touring 104\",\"description\":\"La prima radio Reggina\",\"publisher\":{\"@id\":\"https:\/\/progettotouring.it\/radiotouring104\/#organization\"},\"potentialAction\":[{\"@type\":\"SearchAction\",\"target\":{\"@type\":\"EntryPoint\",\"urlTemplate\":\"https:\/\/progettotouring.it\/radiotouring104\/?s={search_term_string}\"},\"query-input\":{\"@type\":\"PropertyValueSpecification\",\"valueRequired\":true,\"valueName\":\"search_term_string\"}}],\"inLanguage\":\"it-IT\"},{\"@type\":\"Organization\",\"@id\":\"https:\/\/progettotouring.it\/radiotouring104\/#organization\",\"name\":\"Radio Touring 104\",\"url\":\"https:\/\/progettotouring.it\/radiotouring104\/\",\"logo\":{\"@type\":\"ImageObject\",\"inLanguage\":\"it-IT\",\"@id\":\"https:\/\/progettotouring.it\/radiotouring104\/#\/schema\/logo\/image\/\",\"url\":\"https:\/\/progettotouring.it\/radiotouring104\/wp-content\/uploads\/sites\/6\/2022\/02\/cropped-logo-radio-touring-104.png\",\"contentUrl\":\"https:\/\/progettotouring.it\/radiotouring104\/wp-content\/uploads\/sites\/6\/2022\/02\/cropped-logo-radio-touring-104.png\",\"width\":377,\"height\":182,\"caption\":\"Radio Touring 104\"},\"image\":{\"@id\":\"https:\/\/progettotouring.it\/radiotouring104\/#\/schema\/logo\/image\/\"}},{\"@type\":\"Person\",\"@id\":\"https:\/\/progettotouring.it\/radiotouring104\/#\/schema\/person\/1b3eb3c07c47136bc44c785c543e635f\",\"name\":\"redazione\",\"image\":{\"@type\":\"ImageObject\",\"inLanguage\":\"it-IT\",\"@id\":\"https:\/\/secure.gravatar.com\/avatar\/0b31605b49f100769e8b624b3e05de1b73e1692e9568a352f60f53fd072e6e11?s=96&d=mm&r=g\",\"url\":\"https:\/\/secure.gravatar.com\/avatar\/0b31605b49f100769e8b624b3e05de1b73e1692e9568a352f60f53fd072e6e11?s=96&d=mm&r=g\",\"contentUrl\":\"https:\/\/secure.gravatar.com\/avatar\/0b31605b49f100769e8b624b3e05de1b73e1692e9568a352f60f53fd072e6e11?s=96&d=mm&r=g\",\"caption\":\"redazione\"},\"url\":\"https:\/\/progettotouring.it\/radiotouring104\/author\/redazione\/\"}]}<\/script>\n<!-- \/ Yoast SEO plugin. -->","yoast_head_json":{"title":"Alla palestra di Archi una targa ricorder\u00e0 per sempre Nuccio Geri - Radio Touring 104","robots":{"index":"index","follow":"follow","max-snippet":"max-snippet:-1","max-image-preview":"max-image-preview:large","max-video-preview":"max-video-preview:-1"},"canonical":"https:\/\/progettotouring.it\/radiotouring104\/2022\/11\/01\/alla-palestra-di-archi-una-targa-ricordera-per-sempre-nuccio-geri\/","og_locale":"it_IT","og_type":"article","og_title":"Alla palestra di Archi una targa ricorder\u00e0 per sempre Nuccio Geri - Radio Touring 104","og_description":"L&#8217;assessora comunale Giuggi Palmenta ed il consigliere delegato allo Sport, Giovanni Latella, hanno preso parte alla cerimonia in ricordo di Nuccio Geri, indimenticato coach del basket reggino, il cui nome&hellip;","og_url":"https:\/\/progettotouring.it\/radiotouring104\/2022\/11\/01\/alla-palestra-di-archi-una-targa-ricordera-per-sempre-nuccio-geri\/","og_site_name":"Radio Touring 104","article_published_time":"2022-11-01T19:31:33+00:00","article_modified_time":"2022-11-01T19:31:45+00:00","og_image":[{"width":2000,"height":1500,"url":"https:\/\/progettotouring.it\/radiotouring104\/wp-content\/uploads\/sites\/6\/2022\/11\/TARGA-NUCCIO-GERI.jpeg","type":"image\/jpeg"}],"author":"redazione","twitter_card":"summary_large_image","twitter_misc":{"Scritto da":"redazione","Tempo di lettura stimato":"2 minuti"},"schema":{"@context":"https:\/\/schema.org","@graph":[{"@type":"Article","@id":"https:\/\/progettotouring.it\/radiotouring104\/2022\/11\/01\/alla-palestra-di-archi-una-targa-ricordera-per-sempre-nuccio-geri\/#article","isPartOf":{"@id":"https:\/\/progettotouring.it\/radiotouring104\/2022\/11\/01\/alla-palestra-di-archi-una-targa-ricordera-per-sempre-nuccio-geri\/"},"author":{"name":"redazione","@id":"https:\/\/progettotouring.it\/radiotouring104\/#\/schema\/person\/1b3eb3c07c47136bc44c785c543e635f"},"headline":"Alla palestra di Archi una targa ricorder\u00e0 per sempre Nuccio Geri","datePublished":"2022-11-01T19:31:33+00:00","dateModified":"2022-11-01T19:31:45+00:00","mainEntityOfPage":{"@id":"https:\/\/progettotouring.it\/radiotouring104\/2022\/11\/01\/alla-palestra-di-archi-una-targa-ricordera-per-sempre-nuccio-geri\/"},"wordCount":327,"commentCount":0,"publisher":{"@id":"https:\/\/progettotouring.it\/radiotouring104\/#organization"},"image":{"@id":"https:\/\/progettotouring.it\/radiotouring104\/2022\/11\/01\/alla-palestra-di-archi-una-targa-ricordera-per-sempre-nuccio-geri\/#primaryimage"},"thumbnailUrl":"https:\/\/progettotouring.it\/radiotouring104\/wp-content\/uploads\/sites\/6\/2022\/11\/TARGA-NUCCIO-GERI.jpeg","articleSection":["Home","In primo piano","News","Reggio Calabria"],"inLanguage":"it-IT","potentialAction":[{"@type":"CommentAction","name":"Comment","target":["https:\/\/progettotouring.it\/radiotouring104\/2022\/11\/01\/alla-palestra-di-archi-una-targa-ricordera-per-sempre-nuccio-geri\/#respond"]}]},{"@type":"WebPage","@id":"https:\/\/progettotouring.it\/radiotouring104\/2022\/11\/01\/alla-palestra-di-archi-una-targa-ricordera-per-sempre-nuccio-geri\/","url":"https:\/\/progettotouring.it\/radiotouring104\/2022\/11\/01\/alla-palestra-di-archi-una-targa-ricordera-per-sempre-nuccio-geri\/","name":"Alla palestra di Archi una targa ricorder\u00e0 per sempre Nuccio Geri - Radio Touring 104","isPartOf":{"@id":"https:\/\/progettotouring.it\/radiotouring104\/#website"},"primaryImageOfPage":{"@id":"https:\/\/progettotouring.it\/radiotouring104\/2022\/11\/01\/alla-palestra-di-archi-una-targa-ricordera-per-sempre-nuccio-geri\/#primaryimage"},"image":{"@id":"https:\/\/progettotouring.it\/radiotouring104\/2022\/11\/01\/alla-palestra-di-archi-una-targa-ricordera-per-sempre-nuccio-geri\/#primaryimage"},"thumbnailUrl":"https:\/\/progettotouring.it\/radiotouring104\/wp-content\/uploads\/sites\/6\/2022\/11\/TARGA-NUCCIO-GERI.jpeg","datePublished":"2022-11-01T19:31:33+00:00","dateModified":"2022-11-01T19:31:45+00:00","breadcrumb":{"@id":"https:\/\/progettotouring.it\/radiotouring104\/2022\/11\/01\/alla-palestra-di-archi-una-targa-ricordera-per-sempre-nuccio-geri\/#breadcrumb"},"inLanguage":"it-IT","potentialAction":[{"@type":"ReadAction","target":["https:\/\/progettotouring.it\/radiotouring104\/2022\/11\/01\/alla-palestra-di-archi-una-targa-ricordera-per-sempre-nuccio-geri\/"]}]},{"@type":"ImageObject","inLanguage":"it-IT","@id":"https:\/\/progettotouring.it\/radiotouring104\/2022\/11\/01\/alla-palestra-di-archi-una-targa-ricordera-per-sempre-nuccio-geri\/#primaryimage","url":"https:\/\/progettotouring.it\/radiotouring104\/wp-content\/uploads\/sites\/6\/2022\/11\/TARGA-NUCCIO-GERI.jpeg","contentUrl":"https:\/\/progettotouring.it\/radiotouring104\/wp-content\/uploads\/sites\/6\/2022\/11\/TARGA-NUCCIO-GERI.jpeg","width":2000,"height":1500},{"@type":"BreadcrumbList","@id":"https:\/\/progettotouring.it\/radiotouring104\/2022\/11\/01\/alla-palestra-di-archi-una-targa-ricordera-per-sempre-nuccio-geri\/#breadcrumb","itemListElement":[{"@type":"ListItem","position":1,"name":"Home","item":"https:\/\/progettotouring.it\/radiotouring104\/"},{"@type":"ListItem","position":2,"name":"Alla palestra di Archi una targa ricorder\u00e0 per sempre Nuccio Geri"}]},{"@type":"WebSite","@id":"https:\/\/progettotouring.it\/radiotouring104\/#website","url":"https:\/\/progettotouring.it\/radiotouring104\/","name":"Radio Touring 104","description":"La prima radio Reggina","publisher":{"@id":"https:\/\/progettotouring.it\/radiotouring104\/#organization"},"potentialAction":[{"@type":"SearchAction","target":{"@type":"EntryPoint","urlTemplate":"https:\/\/progettotouring.it\/radiotouring104\/?s={search_term_string}"},"query-input":{"@type":"PropertyValueSpecification","valueRequired":true,"valueName":"search_term_string"}}],"inLanguage":"it-IT"},{"@type":"Organization","@id":"https:\/\/progettotouring.it\/radiotouring104\/#organization","name":"Radio Touring 104","url":"https:\/\/progettotouring.it\/radiotouring104\/","logo":{"@type":"ImageObject","inLanguage":"it-IT","@id":"https:\/\/progettotouring.it\/radiotouring104\/#\/schema\/logo\/image\/","url":"https:\/\/progettotouring.it\/radiotouring104\/wp-content\/uploads\/sites\/6\/2022\/02\/cropped-logo-radio-touring-104.png","contentUrl":"https:\/\/progettotouring.it\/radiotouring104\/wp-content\/uploads\/sites\/6\/2022\/02\/cropped-logo-radio-touring-104.png","width":377,"height":182,"caption":"Radio Touring 104"},"image":{"@id":"https:\/\/progettotouring.it\/radiotouring104\/#\/schema\/logo\/image\/"}},{"@type":"Person","@id":"https:\/\/progettotouring.it\/radiotouring104\/#\/schema\/person\/1b3eb3c07c47136bc44c785c543e635f","name":"redazione","image":{"@type":"ImageObject","inLanguage":"it-IT","@id":"https:\/\/secure.gravatar.com\/avatar\/0b31605b49f100769e8b624b3e05de1b73e1692e9568a352f60f53fd072e6e11?s=96&d=mm&r=g","url":"https:\/\/secure.gravatar.com\/avatar\/0b31605b49f100769e8b624b3e05de1b73e1692e9568a352f60f53fd072e6e11?s=96&d=mm&r=g","contentUrl":"https:\/\/secure.gravatar.com\/avatar\/0b31605b49f100769e8b624b3e05de1b73e1692e9568a352f60f53fd072e6e11?s=96&d=mm&r=g","caption":"redazione"},"url":"https:\/\/progettotouring.it\/radiotouring104\/author\/redazione\/"}]}},"jetpack_publicize_connections":[],"jetpack_featured_media_url":"https:\/\/progettotouring.it\/radiotouring104\/wp-content\/uploads\/sites\/6\/2022\/11\/TARGA-NUCCIO-GERI.jpeg","jetpack_sharing_enabled":true,"_links":{"self":[{"href":"https:\/\/progettotouring.it\/radiotouring104\/wp-json\/wp\/v2\/posts\/11300","targetHints":{"allow":["GET"]}}],"collection":[{"href":"https:\/\/progettotouring.it\/radiotouring104\/wp-json\/wp\/v2\/posts"}],"about":[{"href":"https:\/\/progettotouring.it\/radiotouring104\/wp-json\/wp\/v2\/types\/post"}],"author":[{"embeddable":true,"href":"https:\/\/progettotouring.it\/radiotouring104\/wp-json\/wp\/v2\/users\/5"}],"replies":[{"embeddable":true,"href":"https:\/\/progettotouring.it\/radiotouring104\/wp-json\/wp\/v2\/comments?post=11300"}],"version-history":[{"count":1,"href":"https:\/\/progettotouring.it\/radiotouring104\/wp-json\/wp\/v2\/posts\/11300\/revisions"}],"predecessor-version":[{"id":11302,"href":"https:\/\/progettotouring.it\/radiotouring104\/wp-json\/wp\/v2\/posts\/11300\/revisions\/11302"}],"wp:featuredmedia":[{"embeddable":true,"href":"https:\/\/progettotouring.it\/radiotouring104\/wp-json\/wp\/v2\/media\/11301"}],"wp:attachment":[{"href":"https:\/\/progettotouring.it\/radiotouring104\/wp-json\/wp\/v2\/media?parent=11300"}],"wp:term":[{"taxonomy":"category","embeddable":true,"href":"https:\/\/progettotouring.it\/radiotouring104\/wp-json\/wp\/v2\/categories?post=11300"},{"taxonomy":"post_tag","embeddable":true,"href":"https:\/\/progettotouring.it\/radiotouring104\/wp-json\/wp\/v2\/tags?post=11300"}],"curies":[{"name":"wp","href":"https:\/\/api.w.org\/{rel}","templated":true}]}}