{"id":11303,"date":"2022-11-01T20:33:06","date_gmt":"2022-11-01T19:33:06","guid":{"rendered":"https:\/\/progettotouring.it\/radiotouring104\/?p=11303"},"modified":"2022-11-01T20:33:12","modified_gmt":"2022-11-01T19:33:12","slug":"world-cities-day-metrocity-partecipa-al-primo-high-level-meeting-delle-learning-cities-di-unesco","status":"publish","type":"post","link":"https:\/\/progettotouring.it\/radiotouring104\/2022\/11\/01\/world-cities-day-metrocity-partecipa-al-primo-high-level-meeting-delle-learning-cities-di-unesco\/","title":{"rendered":"World Cities Day: Metrocity partecipa al primo high-level meeting delle learning cities di Unesco"},"content":{"rendered":"<p>La Citt\u00e0 Metropolitana di Reggio Calabria segna la sua prima storica partecipazione al network globale delle Learning Cities di Unesco. In occasione della Giornata Mondiale delle Citt\u00e0, il World Cities Day, il sindaco facente funzioni Carmelo Versace ha preso parte al high-level meeting, promosso da Unesco, che ha riunito pi\u00f9 di 250 sindaci di tutto il mondo, suddivisi in quattro sessioni durante tutta la giornata, in corrispondenza dei propri fusi orari di riferimento.<\/p>\n<p>Nell&#8217;occasione \u00e8 stato dedicato uno specifico focus alle nuove realt\u00e0 che hanno avanzato la propria candidatura per l&#8217;adesione al circuito e che sono state accettate nell&#8217;ultima sessione dello scorso settembre. La Citt\u00e0 Metropolitana di Reggio Calabria ha quindi avuto la possibilit\u00e0 di rappresentare, di fronte alla qualificata platea dei sindaci delle Citt\u00e0 di tutto il mondo e degli stessi referenti della rete Unesco, la propria visione di sviluppo sostenibile ed i programmi per la realizzazione di un percorso di crescita civile e sociale del territorio. Un incontro che \u00e8 stato l&#8217;occasione per il rappresentante della Metrocity reggina di confrontarsi con le realt\u00e0 pi\u00f9 virtuose aderenti alla rete, citt\u00e0 di piccole e grandi dimensioni, che da anni costituiscono il fulcro del network globale di Unesco promuovendo e condividendo buone pratiche amministrative ed obiettivi comuni.<\/p>\n<p>&#8220;E&#8217; stato un onore poter prendere parte ad un contesto cos\u00ec importante e qualificato &#8211; ha commentato il sindaco facente funzioni Carmelo Versace a margine dell&#8217;incontro &#8211; voglio ringraziare i referenti della rete globale e i tanti sindaci delle citt\u00e0 di tutto il mondo per la calorosa accoglienza che hanno riservato alla nostra realt\u00e0 territoriale. Siamo davvero orgogliosi di poter sedere ad un tavolo, seppur virtuale, che raccoglie le migliori espressioni amministrative delle citt\u00e0 di tutto il mondo. Un risultato nient&#8217;affatto scontato che \u00e8 il frutto della programmazione portata avanti negli anni scorsi dal sindaco Falcomat\u00e0 e che si \u00e8 avvalsa del prezioso contributo del Dipartimento di Scienze della Formazione dell&#8217;Universit\u00e0 Roma Tre&#8221;.<\/p>\n<p>&#8220;Sono convinto che la partecipazione a questa rete sia una straordinaria occasione per il nostro territorio &#8211; ha concluso Versace &#8211; un&#8217;opportunit\u00e0 che vogliamo condividere con le realt\u00e0 sociali presenti nel nostro contesto cittadino e metropolitano e naturalmente con le espressioni accademiche pi\u00f9 significative con le quali ci relazioniamo quotidianamente, a cominciare dall&#8217;Universit\u00e0 Mediterranea, che abbiamo voluto coinvolgere gi\u00e0 nella fase di presentazione dell&#8217;ingresso nella rete. In questo senso stiamo gi\u00e0 programmando un workshop territoriale da qui alle prossime settimane, con il prezioso supporto del Dipartimento di Roma Tre che \u00e8 risultato determinante per i traguardi raggiunti e per quelli che ancora intendiamo perseguire. Sar\u00e0 l&#8217;occasione per condividere con il territorio questa nuova piattaforma cui abbiamo l&#8217;onore di aderire e concordare alcuni obiettivi che vogliamo portare all&#8217;attenzione della rete e sui quali possiamo ottenere importanti\u00a0sostegni&#8221;.<\/p>\n<div><\/div>\n","protected":false},"excerpt":{"rendered":"<p>La Citt\u00e0 Metropolitana di Reggio Calabria segna la sua prima storica partecipazione al network globale delle Learning Cities di Unesco. In occasione della Giornata Mondiale delle Citt\u00e0, il World Cities&hellip;<\/p>\n","protected":false},"author":5,"featured_media":5666,"comment_status":"open","ping_status":"open","sticky":false,"template":"","format":"standard","meta":{"_jetpack_memberships_contains_paid_content":false,"footnotes":"","jetpack_publicize_message":"","jetpack_publicize_feature_enabled":true,"jetpack_social_post_already_shared":false,"jetpack_social_options":{"image_generator_settings":{"template":"highway","default_image_id":0,"font":"","enabled":false},"version":2}},"categories":[921,196,140],"tags":[],"class_list":["post-11303","post","type-post","status-publish","format-standard","has-post-thumbnail","hentry","category-home","category-news","category-reggio-calabria"],"yoast_head":"<!-- This site is optimized with the Yoast SEO plugin v27.2 - https:\/\/yoast.com\/product\/yoast-seo-wordpress\/ -->\n<title>World Cities Day: Metrocity partecipa al primo high-level meeting delle learning cities di Unesco - Radio Touring 104<\/title>\n<meta name=\"robots\" content=\"index, follow, max-snippet:-1, max-image-preview:large, max-video-preview:-1\" \/>\n<link rel=\"canonical\" href=\"https:\/\/progettotouring.it\/radiotouring104\/2022\/11\/01\/world-cities-day-metrocity-partecipa-al-primo-high-level-meeting-delle-learning-cities-di-unesco\/\" \/>\n<meta property=\"og:locale\" content=\"it_IT\" \/>\n<meta property=\"og:type\" content=\"article\" \/>\n<meta property=\"og:title\" content=\"World Cities Day: Metrocity partecipa al primo high-level meeting delle learning cities di Unesco - Radio Touring 104\" \/>\n<meta property=\"og:description\" content=\"La Citt\u00e0 Metropolitana di Reggio Calabria segna la sua prima storica partecipazione al network globale delle Learning Cities di Unesco. In occasione della Giornata Mondiale delle Citt\u00e0, il World Cities&hellip;\" \/>\n<meta property=\"og:url\" content=\"https:\/\/progettotouring.it\/radiotouring104\/2022\/11\/01\/world-cities-day-metrocity-partecipa-al-primo-high-level-meeting-delle-learning-cities-di-unesco\/\" \/>\n<meta property=\"og:site_name\" content=\"Radio Touring 104\" \/>\n<meta property=\"article:published_time\" content=\"2022-11-01T19:33:06+00:00\" \/>\n<meta property=\"article:modified_time\" content=\"2022-11-01T19:33:12+00:00\" \/>\n<meta property=\"og:image\" content=\"https:\/\/progettotouring.it\/radiotouring104\/wp-content\/uploads\/sites\/6\/2022\/05\/san-giorgio-comune.jpg\" \/>\n\t<meta property=\"og:image:width\" content=\"1920\" \/>\n\t<meta property=\"og:image:height\" content=\"1080\" \/>\n\t<meta property=\"og:image:type\" content=\"image\/jpeg\" \/>\n<meta name=\"author\" content=\"redazione\" \/>\n<meta name=\"twitter:card\" content=\"summary_large_image\" \/>\n<meta name=\"twitter:label1\" content=\"Scritto da\" \/>\n\t<meta name=\"twitter:data1\" content=\"redazione\" \/>\n\t<meta name=\"twitter:label2\" content=\"Tempo di lettura stimato\" \/>\n\t<meta name=\"twitter:data2\" content=\"2 minuti\" \/>\n<script type=\"application\/ld+json\" class=\"yoast-schema-graph\">{\"@context\":\"https:\/\/schema.org\",\"@graph\":[{\"@type\":\"Article\",\"@id\":\"https:\/\/progettotouring.it\/radiotouring104\/2022\/11\/01\/world-cities-day-metrocity-partecipa-al-primo-high-level-meeting-delle-learning-cities-di-unesco\/#article\",\"isPartOf\":{\"@id\":\"https:\/\/progettotouring.it\/radiotouring104\/2022\/11\/01\/world-cities-day-metrocity-partecipa-al-primo-high-level-meeting-delle-learning-cities-di-unesco\/\"},\"author\":{\"name\":\"redazione\",\"@id\":\"https:\/\/progettotouring.it\/radiotouring104\/#\/schema\/person\/1b3eb3c07c47136bc44c785c543e635f\"},\"headline\":\"World Cities Day: Metrocity partecipa al primo high-level meeting delle learning cities di Unesco\",\"datePublished\":\"2022-11-01T19:33:06+00:00\",\"dateModified\":\"2022-11-01T19:33:12+00:00\",\"mainEntityOfPage\":{\"@id\":\"https:\/\/progettotouring.it\/radiotouring104\/2022\/11\/01\/world-cities-day-metrocity-partecipa-al-primo-high-level-meeting-delle-learning-cities-di-unesco\/\"},\"wordCount\":463,\"commentCount\":0,\"publisher\":{\"@id\":\"https:\/\/progettotouring.it\/radiotouring104\/#organization\"},\"image\":{\"@id\":\"https:\/\/progettotouring.it\/radiotouring104\/2022\/11\/01\/world-cities-day-metrocity-partecipa-al-primo-high-level-meeting-delle-learning-cities-di-unesco\/#primaryimage\"},\"thumbnailUrl\":\"https:\/\/progettotouring.it\/radiotouring104\/wp-content\/uploads\/sites\/6\/2022\/05\/san-giorgio-comune.jpg\",\"articleSection\":[\"Home\",\"News\",\"Reggio Calabria\"],\"inLanguage\":\"it-IT\",\"potentialAction\":[{\"@type\":\"CommentAction\",\"name\":\"Comment\",\"target\":[\"https:\/\/progettotouring.it\/radiotouring104\/2022\/11\/01\/world-cities-day-metrocity-partecipa-al-primo-high-level-meeting-delle-learning-cities-di-unesco\/#respond\"]}]},{\"@type\":\"WebPage\",\"@id\":\"https:\/\/progettotouring.it\/radiotouring104\/2022\/11\/01\/world-cities-day-metrocity-partecipa-al-primo-high-level-meeting-delle-learning-cities-di-unesco\/\",\"url\":\"https:\/\/progettotouring.it\/radiotouring104\/2022\/11\/01\/world-cities-day-metrocity-partecipa-al-primo-high-level-meeting-delle-learning-cities-di-unesco\/\",\"name\":\"World Cities Day: Metrocity partecipa al primo high-level meeting delle learning cities di Unesco - Radio Touring 104\",\"isPartOf\":{\"@id\":\"https:\/\/progettotouring.it\/radiotouring104\/#website\"},\"primaryImageOfPage\":{\"@id\":\"https:\/\/progettotouring.it\/radiotouring104\/2022\/11\/01\/world-cities-day-metrocity-partecipa-al-primo-high-level-meeting-delle-learning-cities-di-unesco\/#primaryimage\"},\"image\":{\"@id\":\"https:\/\/progettotouring.it\/radiotouring104\/2022\/11\/01\/world-cities-day-metrocity-partecipa-al-primo-high-level-meeting-delle-learning-cities-di-unesco\/#primaryimage\"},\"thumbnailUrl\":\"https:\/\/progettotouring.it\/radiotouring104\/wp-content\/uploads\/sites\/6\/2022\/05\/san-giorgio-comune.jpg\",\"datePublished\":\"2022-11-01T19:33:06+00:00\",\"dateModified\":\"2022-11-01T19:33:12+00:00\",\"breadcrumb\":{\"@id\":\"https:\/\/progettotouring.it\/radiotouring104\/2022\/11\/01\/world-cities-day-metrocity-partecipa-al-primo-high-level-meeting-delle-learning-cities-di-unesco\/#breadcrumb\"},\"inLanguage\":\"it-IT\",\"potentialAction\":[{\"@type\":\"ReadAction\",\"target\":[\"https:\/\/progettotouring.it\/radiotouring104\/2022\/11\/01\/world-cities-day-metrocity-partecipa-al-primo-high-level-meeting-delle-learning-cities-di-unesco\/\"]}]},{\"@type\":\"ImageObject\",\"inLanguage\":\"it-IT\",\"@id\":\"https:\/\/progettotouring.it\/radiotouring104\/2022\/11\/01\/world-cities-day-metrocity-partecipa-al-primo-high-level-meeting-delle-learning-cities-di-unesco\/#primaryimage\",\"url\":\"https:\/\/progettotouring.it\/radiotouring104\/wp-content\/uploads\/sites\/6\/2022\/05\/san-giorgio-comune.jpg\",\"contentUrl\":\"https:\/\/progettotouring.it\/radiotouring104\/wp-content\/uploads\/sites\/6\/2022\/05\/san-giorgio-comune.jpg\",\"width\":1920,\"height\":1080},{\"@type\":\"BreadcrumbList\",\"@id\":\"https:\/\/progettotouring.it\/radiotouring104\/2022\/11\/01\/world-cities-day-metrocity-partecipa-al-primo-high-level-meeting-delle-learning-cities-di-unesco\/#breadcrumb\",\"itemListElement\":[{\"@type\":\"ListItem\",\"position\":1,\"name\":\"Home\",\"item\":\"https:\/\/progettotouring.it\/radiotouring104\/\"},{\"@type\":\"ListItem\",\"position\":2,\"name\":\"World Cities Day: Metrocity partecipa al primo high-level meeting delle learning cities di Unesco\"}]},{\"@type\":\"WebSite\",\"@id\":\"https:\/\/progettotouring.it\/radiotouring104\/#website\",\"url\":\"https:\/\/progettotouring.it\/radiotouring104\/\",\"name\":\"Radio Touring 104\",\"description\":\"La prima radio Reggina\",\"publisher\":{\"@id\":\"https:\/\/progettotouring.it\/radiotouring104\/#organization\"},\"potentialAction\":[{\"@type\":\"SearchAction\",\"target\":{\"@type\":\"EntryPoint\",\"urlTemplate\":\"https:\/\/progettotouring.it\/radiotouring104\/?s={search_term_string}\"},\"query-input\":{\"@type\":\"PropertyValueSpecification\",\"valueRequired\":true,\"valueName\":\"search_term_string\"}}],\"inLanguage\":\"it-IT\"},{\"@type\":\"Organization\",\"@id\":\"https:\/\/progettotouring.it\/radiotouring104\/#organization\",\"name\":\"Radio Touring 104\",\"url\":\"https:\/\/progettotouring.it\/radiotouring104\/\",\"logo\":{\"@type\":\"ImageObject\",\"inLanguage\":\"it-IT\",\"@id\":\"https:\/\/progettotouring.it\/radiotouring104\/#\/schema\/logo\/image\/\",\"url\":\"https:\/\/progettotouring.it\/radiotouring104\/wp-content\/uploads\/sites\/6\/2022\/02\/cropped-logo-radio-touring-104.png\",\"contentUrl\":\"https:\/\/progettotouring.it\/radiotouring104\/wp-content\/uploads\/sites\/6\/2022\/02\/cropped-logo-radio-touring-104.png\",\"width\":377,\"height\":182,\"caption\":\"Radio Touring 104\"},\"image\":{\"@id\":\"https:\/\/progettotouring.it\/radiotouring104\/#\/schema\/logo\/image\/\"}},{\"@type\":\"Person\",\"@id\":\"https:\/\/progettotouring.it\/radiotouring104\/#\/schema\/person\/1b3eb3c07c47136bc44c785c543e635f\",\"name\":\"redazione\",\"image\":{\"@type\":\"ImageObject\",\"inLanguage\":\"it-IT\",\"@id\":\"https:\/\/secure.gravatar.com\/avatar\/0b31605b49f100769e8b624b3e05de1b73e1692e9568a352f60f53fd072e6e11?s=96&d=mm&r=g\",\"url\":\"https:\/\/secure.gravatar.com\/avatar\/0b31605b49f100769e8b624b3e05de1b73e1692e9568a352f60f53fd072e6e11?s=96&d=mm&r=g\",\"contentUrl\":\"https:\/\/secure.gravatar.com\/avatar\/0b31605b49f100769e8b624b3e05de1b73e1692e9568a352f60f53fd072e6e11?s=96&d=mm&r=g\",\"caption\":\"redazione\"},\"url\":\"https:\/\/progettotouring.it\/radiotouring104\/author\/redazione\/\"}]}<\/script>\n<!-- \/ Yoast SEO plugin. -->","yoast_head_json":{"title":"World Cities Day: Metrocity partecipa al primo high-level meeting delle learning cities di Unesco - Radio Touring 104","robots":{"index":"index","follow":"follow","max-snippet":"max-snippet:-1","max-image-preview":"max-image-preview:large","max-video-preview":"max-video-preview:-1"},"canonical":"https:\/\/progettotouring.it\/radiotouring104\/2022\/11\/01\/world-cities-day-metrocity-partecipa-al-primo-high-level-meeting-delle-learning-cities-di-unesco\/","og_locale":"it_IT","og_type":"article","og_title":"World Cities Day: Metrocity partecipa al primo high-level meeting delle learning cities di Unesco - Radio Touring 104","og_description":"La Citt\u00e0 Metropolitana di Reggio Calabria segna la sua prima storica partecipazione al network globale delle Learning Cities di Unesco. In occasione della Giornata Mondiale delle Citt\u00e0, il World Cities&hellip;","og_url":"https:\/\/progettotouring.it\/radiotouring104\/2022\/11\/01\/world-cities-day-metrocity-partecipa-al-primo-high-level-meeting-delle-learning-cities-di-unesco\/","og_site_name":"Radio Touring 104","article_published_time":"2022-11-01T19:33:06+00:00","article_modified_time":"2022-11-01T19:33:12+00:00","og_image":[{"width":1920,"height":1080,"url":"https:\/\/progettotouring.it\/radiotouring104\/wp-content\/uploads\/sites\/6\/2022\/05\/san-giorgio-comune.jpg","type":"image\/jpeg"}],"author":"redazione","twitter_card":"summary_large_image","twitter_misc":{"Scritto da":"redazione","Tempo di lettura stimato":"2 minuti"},"schema":{"@context":"https:\/\/schema.org","@graph":[{"@type":"Article","@id":"https:\/\/progettotouring.it\/radiotouring104\/2022\/11\/01\/world-cities-day-metrocity-partecipa-al-primo-high-level-meeting-delle-learning-cities-di-unesco\/#article","isPartOf":{"@id":"https:\/\/progettotouring.it\/radiotouring104\/2022\/11\/01\/world-cities-day-metrocity-partecipa-al-primo-high-level-meeting-delle-learning-cities-di-unesco\/"},"author":{"name":"redazione","@id":"https:\/\/progettotouring.it\/radiotouring104\/#\/schema\/person\/1b3eb3c07c47136bc44c785c543e635f"},"headline":"World Cities Day: Metrocity partecipa al primo high-level meeting delle learning cities di Unesco","datePublished":"2022-11-01T19:33:06+00:00","dateModified":"2022-11-01T19:33:12+00:00","mainEntityOfPage":{"@id":"https:\/\/progettotouring.it\/radiotouring104\/2022\/11\/01\/world-cities-day-metrocity-partecipa-al-primo-high-level-meeting-delle-learning-cities-di-unesco\/"},"wordCount":463,"commentCount":0,"publisher":{"@id":"https:\/\/progettotouring.it\/radiotouring104\/#organization"},"image":{"@id":"https:\/\/progettotouring.it\/radiotouring104\/2022\/11\/01\/world-cities-day-metrocity-partecipa-al-primo-high-level-meeting-delle-learning-cities-di-unesco\/#primaryimage"},"thumbnailUrl":"https:\/\/progettotouring.it\/radiotouring104\/wp-content\/uploads\/sites\/6\/2022\/05\/san-giorgio-comune.jpg","articleSection":["Home","News","Reggio Calabria"],"inLanguage":"it-IT","potentialAction":[{"@type":"CommentAction","name":"Comment","target":["https:\/\/progettotouring.it\/radiotouring104\/2022\/11\/01\/world-cities-day-metrocity-partecipa-al-primo-high-level-meeting-delle-learning-cities-di-unesco\/#respond"]}]},{"@type":"WebPage","@id":"https:\/\/progettotouring.it\/radiotouring104\/2022\/11\/01\/world-cities-day-metrocity-partecipa-al-primo-high-level-meeting-delle-learning-cities-di-unesco\/","url":"https:\/\/progettotouring.it\/radiotouring104\/2022\/11\/01\/world-cities-day-metrocity-partecipa-al-primo-high-level-meeting-delle-learning-cities-di-unesco\/","name":"World Cities Day: Metrocity partecipa al primo high-level meeting delle learning cities di Unesco - Radio Touring 104","isPartOf":{"@id":"https:\/\/progettotouring.it\/radiotouring104\/#website"},"primaryImageOfPage":{"@id":"https:\/\/progettotouring.it\/radiotouring104\/2022\/11\/01\/world-cities-day-metrocity-partecipa-al-primo-high-level-meeting-delle-learning-cities-di-unesco\/#primaryimage"},"image":{"@id":"https:\/\/progettotouring.it\/radiotouring104\/2022\/11\/01\/world-cities-day-metrocity-partecipa-al-primo-high-level-meeting-delle-learning-cities-di-unesco\/#primaryimage"},"thumbnailUrl":"https:\/\/progettotouring.it\/radiotouring104\/wp-content\/uploads\/sites\/6\/2022\/05\/san-giorgio-comune.jpg","datePublished":"2022-11-01T19:33:06+00:00","dateModified":"2022-11-01T19:33:12+00:00","breadcrumb":{"@id":"https:\/\/progettotouring.it\/radiotouring104\/2022\/11\/01\/world-cities-day-metrocity-partecipa-al-primo-high-level-meeting-delle-learning-cities-di-unesco\/#breadcrumb"},"inLanguage":"it-IT","potentialAction":[{"@type":"ReadAction","target":["https:\/\/progettotouring.it\/radiotouring104\/2022\/11\/01\/world-cities-day-metrocity-partecipa-al-primo-high-level-meeting-delle-learning-cities-di-unesco\/"]}]},{"@type":"ImageObject","inLanguage":"it-IT","@id":"https:\/\/progettotouring.it\/radiotouring104\/2022\/11\/01\/world-cities-day-metrocity-partecipa-al-primo-high-level-meeting-delle-learning-cities-di-unesco\/#primaryimage","url":"https:\/\/progettotouring.it\/radiotouring104\/wp-content\/uploads\/sites\/6\/2022\/05\/san-giorgio-comune.jpg","contentUrl":"https:\/\/progettotouring.it\/radiotouring104\/wp-content\/uploads\/sites\/6\/2022\/05\/san-giorgio-comune.jpg","width":1920,"height":1080},{"@type":"BreadcrumbList","@id":"https:\/\/progettotouring.it\/radiotouring104\/2022\/11\/01\/world-cities-day-metrocity-partecipa-al-primo-high-level-meeting-delle-learning-cities-di-unesco\/#breadcrumb","itemListElement":[{"@type":"ListItem","position":1,"name":"Home","item":"https:\/\/progettotouring.it\/radiotouring104\/"},{"@type":"ListItem","position":2,"name":"World Cities Day: Metrocity partecipa al primo high-level meeting delle learning cities di Unesco"}]},{"@type":"WebSite","@id":"https:\/\/progettotouring.it\/radiotouring104\/#website","url":"https:\/\/progettotouring.it\/radiotouring104\/","name":"Radio Touring 104","description":"La prima radio Reggina","publisher":{"@id":"https:\/\/progettotouring.it\/radiotouring104\/#organization"},"potentialAction":[{"@type":"SearchAction","target":{"@type":"EntryPoint","urlTemplate":"https:\/\/progettotouring.it\/radiotouring104\/?s={search_term_string}"},"query-input":{"@type":"PropertyValueSpecification","valueRequired":true,"valueName":"search_term_string"}}],"inLanguage":"it-IT"},{"@type":"Organization","@id":"https:\/\/progettotouring.it\/radiotouring104\/#organization","name":"Radio Touring 104","url":"https:\/\/progettotouring.it\/radiotouring104\/","logo":{"@type":"ImageObject","inLanguage":"it-IT","@id":"https:\/\/progettotouring.it\/radiotouring104\/#\/schema\/logo\/image\/","url":"https:\/\/progettotouring.it\/radiotouring104\/wp-content\/uploads\/sites\/6\/2022\/02\/cropped-logo-radio-touring-104.png","contentUrl":"https:\/\/progettotouring.it\/radiotouring104\/wp-content\/uploads\/sites\/6\/2022\/02\/cropped-logo-radio-touring-104.png","width":377,"height":182,"caption":"Radio Touring 104"},"image":{"@id":"https:\/\/progettotouring.it\/radiotouring104\/#\/schema\/logo\/image\/"}},{"@type":"Person","@id":"https:\/\/progettotouring.it\/radiotouring104\/#\/schema\/person\/1b3eb3c07c47136bc44c785c543e635f","name":"redazione","image":{"@type":"ImageObject","inLanguage":"it-IT","@id":"https:\/\/secure.gravatar.com\/avatar\/0b31605b49f100769e8b624b3e05de1b73e1692e9568a352f60f53fd072e6e11?s=96&d=mm&r=g","url":"https:\/\/secure.gravatar.com\/avatar\/0b31605b49f100769e8b624b3e05de1b73e1692e9568a352f60f53fd072e6e11?s=96&d=mm&r=g","contentUrl":"https:\/\/secure.gravatar.com\/avatar\/0b31605b49f100769e8b624b3e05de1b73e1692e9568a352f60f53fd072e6e11?s=96&d=mm&r=g","caption":"redazione"},"url":"https:\/\/progettotouring.it\/radiotouring104\/author\/redazione\/"}]}},"jetpack_publicize_connections":[],"jetpack_featured_media_url":"https:\/\/progettotouring.it\/radiotouring104\/wp-content\/uploads\/sites\/6\/2022\/05\/san-giorgio-comune.jpg","jetpack_sharing_enabled":true,"_links":{"self":[{"href":"https:\/\/progettotouring.it\/radiotouring104\/wp-json\/wp\/v2\/posts\/11303","targetHints":{"allow":["GET"]}}],"collection":[{"href":"https:\/\/progettotouring.it\/radiotouring104\/wp-json\/wp\/v2\/posts"}],"about":[{"href":"https:\/\/progettotouring.it\/radiotouring104\/wp-json\/wp\/v2\/types\/post"}],"author":[{"embeddable":true,"href":"https:\/\/progettotouring.it\/radiotouring104\/wp-json\/wp\/v2\/users\/5"}],"replies":[{"embeddable":true,"href":"https:\/\/progettotouring.it\/radiotouring104\/wp-json\/wp\/v2\/comments?post=11303"}],"version-history":[{"count":1,"href":"https:\/\/progettotouring.it\/radiotouring104\/wp-json\/wp\/v2\/posts\/11303\/revisions"}],"predecessor-version":[{"id":11304,"href":"https:\/\/progettotouring.it\/radiotouring104\/wp-json\/wp\/v2\/posts\/11303\/revisions\/11304"}],"wp:featuredmedia":[{"embeddable":true,"href":"https:\/\/progettotouring.it\/radiotouring104\/wp-json\/wp\/v2\/media\/5666"}],"wp:attachment":[{"href":"https:\/\/progettotouring.it\/radiotouring104\/wp-json\/wp\/v2\/media?parent=11303"}],"wp:term":[{"taxonomy":"category","embeddable":true,"href":"https:\/\/progettotouring.it\/radiotouring104\/wp-json\/wp\/v2\/categories?post=11303"},{"taxonomy":"post_tag","embeddable":true,"href":"https:\/\/progettotouring.it\/radiotouring104\/wp-json\/wp\/v2\/tags?post=11303"}],"curies":[{"name":"wp","href":"https:\/\/api.w.org\/{rel}","templated":true}]}}