{"id":11323,"date":"2022-11-02T13:00:32","date_gmt":"2022-11-02T12:00:32","guid":{"rendered":"https:\/\/progettotouring.it\/radiotouring104\/?p=11323"},"modified":"2022-11-02T13:00:32","modified_gmt":"2022-11-02T12:00:32","slug":"1-e-2-novembre-alcune-riflessioni-tra-ricorrenze-e-consumismo","status":"publish","type":"post","link":"https:\/\/progettotouring.it\/radiotouring104\/2022\/11\/02\/1-e-2-novembre-alcune-riflessioni-tra-ricorrenze-e-consumismo\/","title":{"rendered":"1 e 2 Novembre: alcune riflessioni tra ricorrenze e consumismo"},"content":{"rendered":"<p>Termina oggi &#8220;il ponte lungo&#8221; dell&#8217;1 e 2 novembre, giornate dell&#8217;anno in cui le famiglie si fermano a ricordare i loro cari e portare sulle loro lapidi i fiori, come gesto commemorativo d&#8217;affetto, non sempre possibile nella routine quotidiana del resto dell&#8217;anno.\u00a0 Festa che i pi\u00f9 estremisti contrappongono all&#8217;antecedente Halloween, in una sterile polemica tra tradizioni religiose nostrane e ricorrenze d&#8217;oltreoceano. Giornate nostalgiche, tristi, in cui ognuno pu\u00f2, recandosi al cimitero o meno, sentirsi pi\u00f9 vicino ai propri affetti pi\u00f9 cari, che non ci sono pi\u00f9, coi quali hanno condiviso tanti ricordi e pezzi importanti della propria esistenza. In quest&#8217;anno atipico, a causa delle anomali temperature estive per il periodo, che consentono ancora giornate in spiaggia a chi vive in citt\u00e0 bagnate dal mare, alle quali si aggiungono le cibarie tradizionali tipiche locali, come i &#8220;morticeddhri&#8221;, la frutta martotana.<\/p>\n<p>Giornate che, confesso, non amo particolarmente perch\u00e9 non mi piace circoscrivere il ricordo degli affetti personali che mi hanno lasciato a due sole giornate dell&#8217;anno perch\u00e9, come molti credo, li ricordo, anzi di pi\u00f9, li vivo, portando con me i loro insegnamenti e gesti, nella mia quotidianit\u00e0. Sono molto legato alle tradizioni di famiglia e locali dei paesi interni, sempre pi\u00f9 vuoti. In particolar modo quelle che il progresso sociale del mondo moderno e la globalizzazione sta polverizzando, come uno tsunami, come una gomma da cancellare strofinata con forza su un bellissimo disegno a matita, su un foglio bianco. Proprio per questo, rifiuto l&#8217;idea che questi due giorni vengano ridotti ad una festa consumistica.<\/p>\n<p>Questi pensieri, il pi\u00f9 delle volte, siamo soliti farli durante altre giornate, come San Valentino o la festa della Donna, in cui si evidenzia il costo maggiorato della mimosa o della rosa, da donare, come omaggio, alla propria amata o ad altre donne, mentre, molto pi\u00f9 difficilmente li si associa a giornate come queste o ad altre feste molto sentite dalla societ\u00e0 di massa, Natale e Pasqua compresi, eppure, anche in queste occasioni, sprechiamo inutilmente denaro, comprando cose superflue, a prezzi maggiorati, a causa dei rincari dei commercianti sull&#8217;oggetto simbolo della ricorrenza. In questo periodo di crisi che ha causato un generalizzato aumento dei prezzi, anche i fiori hanno subito la loro maggiorazione economica. Magari, appunto, ci costa meno &#8220;fatica&#8221; notarlo sulla mimosa offerta alle donne, rispetto ai fiori acquistati per i nostri affetti pi\u00f9 cari, il cui ricordo, pensiamo, valga la spesa. Chi vende (discorso traslabile anche per i regali natalizi, superflui, spesso, anche questi, in buona parte), lo sa bene e fa leva proprio su questi nostri sentimentalismi.<\/p>\n<p>Sar\u00f2 impopolare, ma (oltre la ferma convinzione che le persone vanno godute il pi\u00f9 possibile in vita, cosa che, un po&#8217; tutti, spesso, trascuriamo), credo che, con un po&#8217; d&#8217;attenzione sull&#8217;organizzazione della nostra quotidianit\u00e0, possiamo recarci nei cimiteri a portare fiori, sulle lapidi dei nostri cari, anche nel resto dell&#8217;anno, cosa che, spesso, non facciamo per superficialit\u00e0, senza aspettare solo questi due giorni, una volta l&#8217;anno, spendendo di pi\u00f9.<\/p>\n<p>E siccome ci piace pensare che i nostri cari, da lass\u00f9, ci guardino costantemente, magari ci ringrazierebbero.<\/p>\n","protected":false},"excerpt":{"rendered":"<p>Termina oggi &#8220;il ponte lungo&#8221; dell&#8217;1 e 2 novembre, giornate dell&#8217;anno in cui le famiglie si fermano a ricordare i loro cari e portare sulle loro lapidi i fiori, come&hellip;<\/p>\n","protected":false},"author":12,"featured_media":6486,"comment_status":"open","ping_status":"open","sticky":false,"template":"","format":"standard","meta":{"_jetpack_memberships_contains_paid_content":false,"footnotes":"","jetpack_publicize_message":"","jetpack_publicize_feature_enabled":true,"jetpack_social_post_already_shared":false,"jetpack_social_options":{"image_generator_settings":{"template":"highway","default_image_id":0,"font":"","enabled":false},"version":2}},"categories":[151,921,196,140],"tags":[4298,5221,5220,5222],"class_list":["post-11323","post","type-post","status-publish","format-standard","has-post-thumbnail","hentry","category-editoriali","category-home","category-news","category-reggio-calabria","tag-caro-prezzi","tag-festa-dei-morti","tag-festa-di-tutti-i-santi","tag-tradizioni"],"yoast_head":"<!-- This site is optimized with the Yoast SEO plugin v27.2 - https:\/\/yoast.com\/product\/yoast-seo-wordpress\/ -->\n<title>1 e 2 novembre, alcune riflessioni tra ricorrenze e consumismo<\/title>\n<meta name=\"description\" content=\"Al termine del ponte dell&#039;1 e 2 novembre, alcune considerazioni su una festa che si divide tra ricorrenze e consumismo\" \/>\n<meta name=\"robots\" content=\"index, follow, max-snippet:-1, max-image-preview:large, max-video-preview:-1\" \/>\n<link rel=\"canonical\" href=\"https:\/\/progettotouring.it\/radiotouring104\/2022\/11\/02\/1-e-2-novembre-alcune-riflessioni-tra-ricorrenze-e-consumismo\/\" \/>\n<meta property=\"og:locale\" content=\"it_IT\" \/>\n<meta property=\"og:type\" content=\"article\" \/>\n<meta property=\"og:title\" content=\"1 e 2 novembre, alcune riflessioni tra ricorrenze e consumismo\" \/>\n<meta property=\"og:description\" content=\"Al termine del ponte dell&#039;1 e 2 novembre, alcune considerazioni su una festa che si divide tra ricorrenze e consumismo\" \/>\n<meta property=\"og:url\" content=\"https:\/\/progettotouring.it\/radiotouring104\/2022\/11\/02\/1-e-2-novembre-alcune-riflessioni-tra-ricorrenze-e-consumismo\/\" \/>\n<meta property=\"og:site_name\" content=\"Radio Touring 104\" \/>\n<meta property=\"article:published_time\" content=\"2022-11-02T12:00:32+00:00\" \/>\n<meta property=\"og:image\" content=\"https:\/\/progettotouring.it\/radiotouring104\/wp-content\/uploads\/sites\/6\/2022\/06\/image_6483441.jpg\" \/>\n\t<meta property=\"og:image:width\" content=\"1600\" \/>\n\t<meta property=\"og:image:height\" content=\"739\" \/>\n\t<meta property=\"og:image:type\" content=\"image\/jpeg\" \/>\n<meta name=\"author\" content=\"Sebastiano Plutino\" \/>\n<meta name=\"twitter:card\" content=\"summary_large_image\" \/>\n<meta name=\"twitter:label1\" content=\"Scritto da\" \/>\n\t<meta name=\"twitter:data1\" content=\"Sebastiano Plutino\" \/>\n\t<meta name=\"twitter:label2\" content=\"Tempo di lettura stimato\" \/>\n\t<meta name=\"twitter:data2\" content=\"3 minuti\" \/>\n<script type=\"application\/ld+json\" class=\"yoast-schema-graph\">{\"@context\":\"https:\/\/schema.org\",\"@graph\":[{\"@type\":\"Article\",\"@id\":\"https:\/\/progettotouring.it\/radiotouring104\/2022\/11\/02\/1-e-2-novembre-alcune-riflessioni-tra-ricorrenze-e-consumismo\/#article\",\"isPartOf\":{\"@id\":\"https:\/\/progettotouring.it\/radiotouring104\/2022\/11\/02\/1-e-2-novembre-alcune-riflessioni-tra-ricorrenze-e-consumismo\/\"},\"author\":{\"name\":\"Sebastiano Plutino\",\"@id\":\"https:\/\/progettotouring.it\/radiotouring104\/#\/schema\/person\/78613917f1851f041f7483f5af1d422e\"},\"headline\":\"1 e 2 Novembre: alcune riflessioni tra ricorrenze e consumismo\",\"datePublished\":\"2022-11-02T12:00:32+00:00\",\"mainEntityOfPage\":{\"@id\":\"https:\/\/progettotouring.it\/radiotouring104\/2022\/11\/02\/1-e-2-novembre-alcune-riflessioni-tra-ricorrenze-e-consumismo\/\"},\"wordCount\":516,\"commentCount\":0,\"publisher\":{\"@id\":\"https:\/\/progettotouring.it\/radiotouring104\/#organization\"},\"image\":{\"@id\":\"https:\/\/progettotouring.it\/radiotouring104\/2022\/11\/02\/1-e-2-novembre-alcune-riflessioni-tra-ricorrenze-e-consumismo\/#primaryimage\"},\"thumbnailUrl\":\"https:\/\/progettotouring.it\/radiotouring104\/wp-content\/uploads\/sites\/6\/2022\/06\/image_6483441.jpg\",\"keywords\":[\"caro prezzi\",\"Festa dei morti\",\"Festa di tutti i santi\",\"tradizioni\"],\"articleSection\":[\"Editoriali\",\"Home\",\"News\",\"Reggio Calabria\"],\"inLanguage\":\"it-IT\",\"potentialAction\":[{\"@type\":\"CommentAction\",\"name\":\"Comment\",\"target\":[\"https:\/\/progettotouring.it\/radiotouring104\/2022\/11\/02\/1-e-2-novembre-alcune-riflessioni-tra-ricorrenze-e-consumismo\/#respond\"]}]},{\"@type\":\"WebPage\",\"@id\":\"https:\/\/progettotouring.it\/radiotouring104\/2022\/11\/02\/1-e-2-novembre-alcune-riflessioni-tra-ricorrenze-e-consumismo\/\",\"url\":\"https:\/\/progettotouring.it\/radiotouring104\/2022\/11\/02\/1-e-2-novembre-alcune-riflessioni-tra-ricorrenze-e-consumismo\/\",\"name\":\"1 e 2 novembre, alcune riflessioni tra ricorrenze e consumismo\",\"isPartOf\":{\"@id\":\"https:\/\/progettotouring.it\/radiotouring104\/#website\"},\"primaryImageOfPage\":{\"@id\":\"https:\/\/progettotouring.it\/radiotouring104\/2022\/11\/02\/1-e-2-novembre-alcune-riflessioni-tra-ricorrenze-e-consumismo\/#primaryimage\"},\"image\":{\"@id\":\"https:\/\/progettotouring.it\/radiotouring104\/2022\/11\/02\/1-e-2-novembre-alcune-riflessioni-tra-ricorrenze-e-consumismo\/#primaryimage\"},\"thumbnailUrl\":\"https:\/\/progettotouring.it\/radiotouring104\/wp-content\/uploads\/sites\/6\/2022\/06\/image_6483441.jpg\",\"datePublished\":\"2022-11-02T12:00:32+00:00\",\"description\":\"Al termine del ponte dell'1 e 2 novembre, alcune considerazioni su una festa che si divide tra ricorrenze e consumismo\",\"breadcrumb\":{\"@id\":\"https:\/\/progettotouring.it\/radiotouring104\/2022\/11\/02\/1-e-2-novembre-alcune-riflessioni-tra-ricorrenze-e-consumismo\/#breadcrumb\"},\"inLanguage\":\"it-IT\",\"potentialAction\":[{\"@type\":\"ReadAction\",\"target\":[\"https:\/\/progettotouring.it\/radiotouring104\/2022\/11\/02\/1-e-2-novembre-alcune-riflessioni-tra-ricorrenze-e-consumismo\/\"]}]},{\"@type\":\"ImageObject\",\"inLanguage\":\"it-IT\",\"@id\":\"https:\/\/progettotouring.it\/radiotouring104\/2022\/11\/02\/1-e-2-novembre-alcune-riflessioni-tra-ricorrenze-e-consumismo\/#primaryimage\",\"url\":\"https:\/\/progettotouring.it\/radiotouring104\/wp-content\/uploads\/sites\/6\/2022\/06\/image_6483441.jpg\",\"contentUrl\":\"https:\/\/progettotouring.it\/radiotouring104\/wp-content\/uploads\/sites\/6\/2022\/06\/image_6483441.jpg\",\"width\":1600,\"height\":739},{\"@type\":\"BreadcrumbList\",\"@id\":\"https:\/\/progettotouring.it\/radiotouring104\/2022\/11\/02\/1-e-2-novembre-alcune-riflessioni-tra-ricorrenze-e-consumismo\/#breadcrumb\",\"itemListElement\":[{\"@type\":\"ListItem\",\"position\":1,\"name\":\"Home\",\"item\":\"https:\/\/progettotouring.it\/radiotouring104\/\"},{\"@type\":\"ListItem\",\"position\":2,\"name\":\"1 e 2 Novembre: alcune riflessioni tra ricorrenze e consumismo\"}]},{\"@type\":\"WebSite\",\"@id\":\"https:\/\/progettotouring.it\/radiotouring104\/#website\",\"url\":\"https:\/\/progettotouring.it\/radiotouring104\/\",\"name\":\"Radio Touring 104\",\"description\":\"La prima radio Reggina\",\"publisher\":{\"@id\":\"https:\/\/progettotouring.it\/radiotouring104\/#organization\"},\"potentialAction\":[{\"@type\":\"SearchAction\",\"target\":{\"@type\":\"EntryPoint\",\"urlTemplate\":\"https:\/\/progettotouring.it\/radiotouring104\/?s={search_term_string}\"},\"query-input\":{\"@type\":\"PropertyValueSpecification\",\"valueRequired\":true,\"valueName\":\"search_term_string\"}}],\"inLanguage\":\"it-IT\"},{\"@type\":\"Organization\",\"@id\":\"https:\/\/progettotouring.it\/radiotouring104\/#organization\",\"name\":\"Radio Touring 104\",\"url\":\"https:\/\/progettotouring.it\/radiotouring104\/\",\"logo\":{\"@type\":\"ImageObject\",\"inLanguage\":\"it-IT\",\"@id\":\"https:\/\/progettotouring.it\/radiotouring104\/#\/schema\/logo\/image\/\",\"url\":\"https:\/\/progettotouring.it\/radiotouring104\/wp-content\/uploads\/sites\/6\/2022\/02\/cropped-logo-radio-touring-104.png\",\"contentUrl\":\"https:\/\/progettotouring.it\/radiotouring104\/wp-content\/uploads\/sites\/6\/2022\/02\/cropped-logo-radio-touring-104.png\",\"width\":377,\"height\":182,\"caption\":\"Radio Touring 104\"},\"image\":{\"@id\":\"https:\/\/progettotouring.it\/radiotouring104\/#\/schema\/logo\/image\/\"}},{\"@type\":\"Person\",\"@id\":\"https:\/\/progettotouring.it\/radiotouring104\/#\/schema\/person\/78613917f1851f041f7483f5af1d422e\",\"name\":\"Sebastiano Plutino\",\"image\":{\"@type\":\"ImageObject\",\"inLanguage\":\"it-IT\",\"@id\":\"https:\/\/secure.gravatar.com\/avatar\/0546ffaa9b79224faf9f2a156b67a529ae861d3287c66c1d8ccfdf909bcba78d?s=96&d=mm&r=g\",\"url\":\"https:\/\/secure.gravatar.com\/avatar\/0546ffaa9b79224faf9f2a156b67a529ae861d3287c66c1d8ccfdf909bcba78d?s=96&d=mm&r=g\",\"contentUrl\":\"https:\/\/secure.gravatar.com\/avatar\/0546ffaa9b79224faf9f2a156b67a529ae861d3287c66c1d8ccfdf909bcba78d?s=96&d=mm&r=g\",\"caption\":\"Sebastiano Plutino\"},\"url\":\"https:\/\/progettotouring.it\/radiotouring104\/author\/sebastiano\/\"}]}<\/script>\n<!-- \/ Yoast SEO plugin. -->","yoast_head_json":{"title":"1 e 2 novembre, alcune riflessioni tra ricorrenze e consumismo","description":"Al termine del ponte dell'1 e 2 novembre, alcune considerazioni su una festa che si divide tra ricorrenze e consumismo","robots":{"index":"index","follow":"follow","max-snippet":"max-snippet:-1","max-image-preview":"max-image-preview:large","max-video-preview":"max-video-preview:-1"},"canonical":"https:\/\/progettotouring.it\/radiotouring104\/2022\/11\/02\/1-e-2-novembre-alcune-riflessioni-tra-ricorrenze-e-consumismo\/","og_locale":"it_IT","og_type":"article","og_title":"1 e 2 novembre, alcune riflessioni tra ricorrenze e consumismo","og_description":"Al termine del ponte dell'1 e 2 novembre, alcune considerazioni su una festa che si divide tra ricorrenze e consumismo","og_url":"https:\/\/progettotouring.it\/radiotouring104\/2022\/11\/02\/1-e-2-novembre-alcune-riflessioni-tra-ricorrenze-e-consumismo\/","og_site_name":"Radio Touring 104","article_published_time":"2022-11-02T12:00:32+00:00","og_image":[{"width":1600,"height":739,"url":"https:\/\/progettotouring.it\/radiotouring104\/wp-content\/uploads\/sites\/6\/2022\/06\/image_6483441.jpg","type":"image\/jpeg"}],"author":"Sebastiano Plutino","twitter_card":"summary_large_image","twitter_misc":{"Scritto da":"Sebastiano Plutino","Tempo di lettura stimato":"3 minuti"},"schema":{"@context":"https:\/\/schema.org","@graph":[{"@type":"Article","@id":"https:\/\/progettotouring.it\/radiotouring104\/2022\/11\/02\/1-e-2-novembre-alcune-riflessioni-tra-ricorrenze-e-consumismo\/#article","isPartOf":{"@id":"https:\/\/progettotouring.it\/radiotouring104\/2022\/11\/02\/1-e-2-novembre-alcune-riflessioni-tra-ricorrenze-e-consumismo\/"},"author":{"name":"Sebastiano Plutino","@id":"https:\/\/progettotouring.it\/radiotouring104\/#\/schema\/person\/78613917f1851f041f7483f5af1d422e"},"headline":"1 e 2 Novembre: alcune riflessioni tra ricorrenze e consumismo","datePublished":"2022-11-02T12:00:32+00:00","mainEntityOfPage":{"@id":"https:\/\/progettotouring.it\/radiotouring104\/2022\/11\/02\/1-e-2-novembre-alcune-riflessioni-tra-ricorrenze-e-consumismo\/"},"wordCount":516,"commentCount":0,"publisher":{"@id":"https:\/\/progettotouring.it\/radiotouring104\/#organization"},"image":{"@id":"https:\/\/progettotouring.it\/radiotouring104\/2022\/11\/02\/1-e-2-novembre-alcune-riflessioni-tra-ricorrenze-e-consumismo\/#primaryimage"},"thumbnailUrl":"https:\/\/progettotouring.it\/radiotouring104\/wp-content\/uploads\/sites\/6\/2022\/06\/image_6483441.jpg","keywords":["caro prezzi","Festa dei morti","Festa di tutti i santi","tradizioni"],"articleSection":["Editoriali","Home","News","Reggio Calabria"],"inLanguage":"it-IT","potentialAction":[{"@type":"CommentAction","name":"Comment","target":["https:\/\/progettotouring.it\/radiotouring104\/2022\/11\/02\/1-e-2-novembre-alcune-riflessioni-tra-ricorrenze-e-consumismo\/#respond"]}]},{"@type":"WebPage","@id":"https:\/\/progettotouring.it\/radiotouring104\/2022\/11\/02\/1-e-2-novembre-alcune-riflessioni-tra-ricorrenze-e-consumismo\/","url":"https:\/\/progettotouring.it\/radiotouring104\/2022\/11\/02\/1-e-2-novembre-alcune-riflessioni-tra-ricorrenze-e-consumismo\/","name":"1 e 2 novembre, alcune riflessioni tra ricorrenze e consumismo","isPartOf":{"@id":"https:\/\/progettotouring.it\/radiotouring104\/#website"},"primaryImageOfPage":{"@id":"https:\/\/progettotouring.it\/radiotouring104\/2022\/11\/02\/1-e-2-novembre-alcune-riflessioni-tra-ricorrenze-e-consumismo\/#primaryimage"},"image":{"@id":"https:\/\/progettotouring.it\/radiotouring104\/2022\/11\/02\/1-e-2-novembre-alcune-riflessioni-tra-ricorrenze-e-consumismo\/#primaryimage"},"thumbnailUrl":"https:\/\/progettotouring.it\/radiotouring104\/wp-content\/uploads\/sites\/6\/2022\/06\/image_6483441.jpg","datePublished":"2022-11-02T12:00:32+00:00","description":"Al termine del ponte dell'1 e 2 novembre, alcune considerazioni su una festa che si divide tra ricorrenze e consumismo","breadcrumb":{"@id":"https:\/\/progettotouring.it\/radiotouring104\/2022\/11\/02\/1-e-2-novembre-alcune-riflessioni-tra-ricorrenze-e-consumismo\/#breadcrumb"},"inLanguage":"it-IT","potentialAction":[{"@type":"ReadAction","target":["https:\/\/progettotouring.it\/radiotouring104\/2022\/11\/02\/1-e-2-novembre-alcune-riflessioni-tra-ricorrenze-e-consumismo\/"]}]},{"@type":"ImageObject","inLanguage":"it-IT","@id":"https:\/\/progettotouring.it\/radiotouring104\/2022\/11\/02\/1-e-2-novembre-alcune-riflessioni-tra-ricorrenze-e-consumismo\/#primaryimage","url":"https:\/\/progettotouring.it\/radiotouring104\/wp-content\/uploads\/sites\/6\/2022\/06\/image_6483441.jpg","contentUrl":"https:\/\/progettotouring.it\/radiotouring104\/wp-content\/uploads\/sites\/6\/2022\/06\/image_6483441.jpg","width":1600,"height":739},{"@type":"BreadcrumbList","@id":"https:\/\/progettotouring.it\/radiotouring104\/2022\/11\/02\/1-e-2-novembre-alcune-riflessioni-tra-ricorrenze-e-consumismo\/#breadcrumb","itemListElement":[{"@type":"ListItem","position":1,"name":"Home","item":"https:\/\/progettotouring.it\/radiotouring104\/"},{"@type":"ListItem","position":2,"name":"1 e 2 Novembre: alcune riflessioni tra ricorrenze e consumismo"}]},{"@type":"WebSite","@id":"https:\/\/progettotouring.it\/radiotouring104\/#website","url":"https:\/\/progettotouring.it\/radiotouring104\/","name":"Radio Touring 104","description":"La prima radio Reggina","publisher":{"@id":"https:\/\/progettotouring.it\/radiotouring104\/#organization"},"potentialAction":[{"@type":"SearchAction","target":{"@type":"EntryPoint","urlTemplate":"https:\/\/progettotouring.it\/radiotouring104\/?s={search_term_string}"},"query-input":{"@type":"PropertyValueSpecification","valueRequired":true,"valueName":"search_term_string"}}],"inLanguage":"it-IT"},{"@type":"Organization","@id":"https:\/\/progettotouring.it\/radiotouring104\/#organization","name":"Radio Touring 104","url":"https:\/\/progettotouring.it\/radiotouring104\/","logo":{"@type":"ImageObject","inLanguage":"it-IT","@id":"https:\/\/progettotouring.it\/radiotouring104\/#\/schema\/logo\/image\/","url":"https:\/\/progettotouring.it\/radiotouring104\/wp-content\/uploads\/sites\/6\/2022\/02\/cropped-logo-radio-touring-104.png","contentUrl":"https:\/\/progettotouring.it\/radiotouring104\/wp-content\/uploads\/sites\/6\/2022\/02\/cropped-logo-radio-touring-104.png","width":377,"height":182,"caption":"Radio Touring 104"},"image":{"@id":"https:\/\/progettotouring.it\/radiotouring104\/#\/schema\/logo\/image\/"}},{"@type":"Person","@id":"https:\/\/progettotouring.it\/radiotouring104\/#\/schema\/person\/78613917f1851f041f7483f5af1d422e","name":"Sebastiano Plutino","image":{"@type":"ImageObject","inLanguage":"it-IT","@id":"https:\/\/secure.gravatar.com\/avatar\/0546ffaa9b79224faf9f2a156b67a529ae861d3287c66c1d8ccfdf909bcba78d?s=96&d=mm&r=g","url":"https:\/\/secure.gravatar.com\/avatar\/0546ffaa9b79224faf9f2a156b67a529ae861d3287c66c1d8ccfdf909bcba78d?s=96&d=mm&r=g","contentUrl":"https:\/\/secure.gravatar.com\/avatar\/0546ffaa9b79224faf9f2a156b67a529ae861d3287c66c1d8ccfdf909bcba78d?s=96&d=mm&r=g","caption":"Sebastiano Plutino"},"url":"https:\/\/progettotouring.it\/radiotouring104\/author\/sebastiano\/"}]}},"jetpack_publicize_connections":[],"jetpack_featured_media_url":"https:\/\/progettotouring.it\/radiotouring104\/wp-content\/uploads\/sites\/6\/2022\/06\/image_6483441.jpg","jetpack_sharing_enabled":true,"_links":{"self":[{"href":"https:\/\/progettotouring.it\/radiotouring104\/wp-json\/wp\/v2\/posts\/11323","targetHints":{"allow":["GET"]}}],"collection":[{"href":"https:\/\/progettotouring.it\/radiotouring104\/wp-json\/wp\/v2\/posts"}],"about":[{"href":"https:\/\/progettotouring.it\/radiotouring104\/wp-json\/wp\/v2\/types\/post"}],"author":[{"embeddable":true,"href":"https:\/\/progettotouring.it\/radiotouring104\/wp-json\/wp\/v2\/users\/12"}],"replies":[{"embeddable":true,"href":"https:\/\/progettotouring.it\/radiotouring104\/wp-json\/wp\/v2\/comments?post=11323"}],"version-history":[{"count":3,"href":"https:\/\/progettotouring.it\/radiotouring104\/wp-json\/wp\/v2\/posts\/11323\/revisions"}],"predecessor-version":[{"id":11340,"href":"https:\/\/progettotouring.it\/radiotouring104\/wp-json\/wp\/v2\/posts\/11323\/revisions\/11340"}],"wp:featuredmedia":[{"embeddable":true,"href":"https:\/\/progettotouring.it\/radiotouring104\/wp-json\/wp\/v2\/media\/6486"}],"wp:attachment":[{"href":"https:\/\/progettotouring.it\/radiotouring104\/wp-json\/wp\/v2\/media?parent=11323"}],"wp:term":[{"taxonomy":"category","embeddable":true,"href":"https:\/\/progettotouring.it\/radiotouring104\/wp-json\/wp\/v2\/categories?post=11323"},{"taxonomy":"post_tag","embeddable":true,"href":"https:\/\/progettotouring.it\/radiotouring104\/wp-json\/wp\/v2\/tags?post=11323"}],"curies":[{"name":"wp","href":"https:\/\/api.w.org\/{rel}","templated":true}]}}