{"id":11325,"date":"2022-11-02T12:35:25","date_gmt":"2022-11-02T11:35:25","guid":{"rendered":"https:\/\/progettotouring.it\/radiotouring104\/?p=11325"},"modified":"2022-11-02T12:40:42","modified_gmt":"2022-11-02T11:40:42","slug":"alecci-denuncia-progetti-regionali-non-finanziati-nonostante-ci-siano-i-fondi","status":"publish","type":"post","link":"https:\/\/progettotouring.it\/radiotouring104\/2022\/11\/02\/alecci-denuncia-progetti-regionali-non-finanziati-nonostante-ci-siano-i-fondi\/","title":{"rendered":"Alecci denuncia: progetti regionali non finanziati, nonostante ci siano i fondi"},"content":{"rendered":"<p><strong>Ancora una volta, durante la mia attivit\u00e0 di verifica e monitoraggio della gestione dei finanziamenti, <\/strong><strong>mi sono trovato di fronte all\u2019ennesima incongruenza nell\u2019assegnazione e nella spesa da parte degli uffici regionali<\/strong><strong>. Faccio riferimento, in particolare, alla Delibera della Giunta Regionale (n. 439 del 30 novembre 2020) in cui veniva richiesto al Dipartimento Infrastrutture, Lavori Pubblici, Mobilit\u00e0 e al Dipartimento Ambiente di individuare una serie di interventi finanziabili attraverso la gestione dei fondi ministeriali del Piano di Sviluppo e Coesione. Gli ambiti di interesse previsti dalla delibera facevano riferimento alla riduzione del rischio idrogeologico, alla viabilit\u00e0, alla messa in sicurezza e sviluppo di sistemi di trasporto pubblico, alla rigenerazione urbana etc. A seguito di quanto richiesto, il Dipartimento pubblicava una manifestazione d\u2019interesse rivolta agli enti locali per verificare la presenza di interventi urgenti sul territorio, stilando un elenco di progetti, di cui ben 25 relativi alla viabilit\u00e0. Tale elenco veniva poi trasmesso al Dipartimento Programmazione Unitaria l\u20198 luglio 2021. Successivamente, il CIPESS (Comitato Interministeriale per la Programmazione Economica e lo Sviluppo Sostenibile) con la Delibera n. 79 del 22 dicembre 2021 assegnava le risorse per le opere da realizzare includendo solo 16 interventi a fronte dei 25 segnalati. <\/strong><\/p>\n<p><strong>Ad oggi, dunque, <\/strong><strong>dai finanziamenti previsti sono rimaste di fatto escluse alcune opere, anche urgenti<\/strong><strong>, che riguardano l\u2019adeguamento di strade che da molti anni attendono di essere completate e messe in sicurezza. Strade che in alcuni territori di montagna o vicino al mare rappresentano importanti vie di comunicazione per turisti e residenti, in tutte le province della nostra regione. \u00a0A rendere tutto ci\u00f2 ancora pi\u00f9 paradossale \u00e8 il riscontro che degli oltre 46 milioni di euro stanziati sono stati finanziati progetti per soli 33 milioni circa. Ma non \u00e8 tutto! Rileggendo la graduatoria degli interventi si evidenzia come siano stati finanziati progetti con un punteggio inferiore rispetto ad altri con un punteggio superiore. Per questo motivo <\/strong><strong>ho presentato un\u2019interrogazione al Presidente della Giunta Regionale Roberto Occhiuto<\/strong><strong>, anche in virt\u00f9 della sua delega alla Programmazione, per conoscere la motivazione che sta alla base dell\u2019esclusione di questi 9 interventi, gi\u00e0 ammessi e provvisti di progetto definitivo. <\/strong><strong>Perch\u00e9 non sono stati spesi tutti i fondi stanziati e perch\u00e9 sono stati finanziati progetti con un punteggio inferiore rispetto ad altri?<\/strong><strong> Intendo fare chiarezza sulla situazione e capire dove si sia inceppato un procedimento che a rileggere le carte sembra lineare e consequenziale nel suo svolgimento. Eppure, in Calabria, pu\u00f2 succedere anche questo\u2026 <\/strong><\/p>\n","protected":false},"excerpt":{"rendered":"<p>Ancora una volta, durante la mia attivit\u00e0 di verifica e monitoraggio della gestione dei finanziamenti, mi sono trovato di fronte all\u2019ennesima incongruenza nell\u2019assegnazione e nella spesa da parte degli uffici&hellip;<\/p>\n","protected":false},"author":12,"featured_media":11329,"comment_status":"open","ping_status":"open","sticky":false,"template":"","format":"standard","meta":{"_jetpack_memberships_contains_paid_content":false,"footnotes":"","jetpack_publicize_message":"","jetpack_publicize_feature_enabled":true,"jetpack_social_post_already_shared":false,"jetpack_social_options":{"image_generator_settings":{"template":"highway","default_image_id":0,"font":"","enabled":false},"version":2}},"categories":[142,921,196,195],"tags":[3889,5223,5224,1235],"class_list":["post-11325","post","type-post","status-publish","format-standard","has-post-thumbnail","hentry","category-calabria","category-home","category-news","category-politica","tag-ernesto-alecci","tag-interrogazione-regionale","tag-progetti-esclusi","tag-roberto-occhiuto"],"yoast_head":"<!-- This site is optimized with the Yoast SEO plugin v27.2 - https:\/\/yoast.com\/product\/yoast-seo-wordpress\/ -->\n<title>Alecci denuncia: progetti regionali non finanziati<\/title>\n<meta name=\"description\" content=\"Il Consigliere Pd presenta un&#039;interrogazione al Presidente Occhiuto, sul perch\u00e8 alcuni progetti siano stati esclusi\" \/>\n<meta name=\"robots\" content=\"index, follow, max-snippet:-1, max-image-preview:large, max-video-preview:-1\" \/>\n<link rel=\"canonical\" href=\"https:\/\/progettotouring.it\/radiotouring104\/2022\/11\/02\/alecci-denuncia-progetti-regionali-non-finanziati-nonostante-ci-siano-i-fondi\/\" \/>\n<meta property=\"og:locale\" content=\"it_IT\" \/>\n<meta property=\"og:type\" content=\"article\" \/>\n<meta property=\"og:title\" content=\"Alecci denuncia: progetti regionali non finanziati\" \/>\n<meta property=\"og:description\" content=\"Il Consigliere Pd presenta un&#039;interrogazione al Presidente Occhiuto, sul perch\u00e8 alcuni progetti siano stati esclusi\" \/>\n<meta property=\"og:url\" content=\"https:\/\/progettotouring.it\/radiotouring104\/2022\/11\/02\/alecci-denuncia-progetti-regionali-non-finanziati-nonostante-ci-siano-i-fondi\/\" \/>\n<meta property=\"og:site_name\" content=\"Radio Touring 104\" \/>\n<meta property=\"article:published_time\" content=\"2022-11-02T11:35:25+00:00\" \/>\n<meta property=\"article:modified_time\" content=\"2022-11-02T11:40:42+00:00\" \/>\n<meta property=\"og:image\" content=\"https:\/\/progettotouring.it\/radiotouring104\/wp-content\/uploads\/sites\/6\/2022\/11\/alecci-sopralluogo-strada.jpg\" \/>\n\t<meta property=\"og:image:width\" content=\"577\" \/>\n\t<meta property=\"og:image:height\" content=\"1024\" \/>\n\t<meta property=\"og:image:type\" content=\"image\/jpeg\" \/>\n<meta name=\"author\" content=\"Sebastiano Plutino\" \/>\n<meta name=\"twitter:card\" content=\"summary_large_image\" \/>\n<meta name=\"twitter:label1\" content=\"Scritto da\" \/>\n\t<meta name=\"twitter:data1\" content=\"Sebastiano Plutino\" \/>\n\t<meta name=\"twitter:label2\" content=\"Tempo di lettura stimato\" \/>\n\t<meta name=\"twitter:data2\" content=\"2 minuti\" \/>\n<script type=\"application\/ld+json\" class=\"yoast-schema-graph\">{\"@context\":\"https:\/\/schema.org\",\"@graph\":[{\"@type\":\"Article\",\"@id\":\"https:\/\/progettotouring.it\/radiotouring104\/2022\/11\/02\/alecci-denuncia-progetti-regionali-non-finanziati-nonostante-ci-siano-i-fondi\/#article\",\"isPartOf\":{\"@id\":\"https:\/\/progettotouring.it\/radiotouring104\/2022\/11\/02\/alecci-denuncia-progetti-regionali-non-finanziati-nonostante-ci-siano-i-fondi\/\"},\"author\":{\"name\":\"Sebastiano Plutino\",\"@id\":\"https:\/\/progettotouring.it\/radiotouring104\/#\/schema\/person\/78613917f1851f041f7483f5af1d422e\"},\"headline\":\"Alecci denuncia: progetti regionali non finanziati, nonostante ci siano i fondi\",\"datePublished\":\"2022-11-02T11:35:25+00:00\",\"dateModified\":\"2022-11-02T11:40:42+00:00\",\"mainEntityOfPage\":{\"@id\":\"https:\/\/progettotouring.it\/radiotouring104\/2022\/11\/02\/alecci-denuncia-progetti-regionali-non-finanziati-nonostante-ci-siano-i-fondi\/\"},\"wordCount\":407,\"commentCount\":0,\"publisher\":{\"@id\":\"https:\/\/progettotouring.it\/radiotouring104\/#organization\"},\"image\":{\"@id\":\"https:\/\/progettotouring.it\/radiotouring104\/2022\/11\/02\/alecci-denuncia-progetti-regionali-non-finanziati-nonostante-ci-siano-i-fondi\/#primaryimage\"},\"thumbnailUrl\":\"https:\/\/progettotouring.it\/radiotouring104\/wp-content\/uploads\/sites\/6\/2022\/11\/alecci-sopralluogo-strada.jpg\",\"keywords\":[\"Ernesto Alecci\",\"interrogazione regionale\",\"progetti esclusi\",\"roberto occhiuto\"],\"articleSection\":[\"Calabria\",\"Home\",\"News\",\"Politica\"],\"inLanguage\":\"it-IT\",\"potentialAction\":[{\"@type\":\"CommentAction\",\"name\":\"Comment\",\"target\":[\"https:\/\/progettotouring.it\/radiotouring104\/2022\/11\/02\/alecci-denuncia-progetti-regionali-non-finanziati-nonostante-ci-siano-i-fondi\/#respond\"]}]},{\"@type\":\"WebPage\",\"@id\":\"https:\/\/progettotouring.it\/radiotouring104\/2022\/11\/02\/alecci-denuncia-progetti-regionali-non-finanziati-nonostante-ci-siano-i-fondi\/\",\"url\":\"https:\/\/progettotouring.it\/radiotouring104\/2022\/11\/02\/alecci-denuncia-progetti-regionali-non-finanziati-nonostante-ci-siano-i-fondi\/\",\"name\":\"Alecci denuncia: progetti regionali non finanziati\",\"isPartOf\":{\"@id\":\"https:\/\/progettotouring.it\/radiotouring104\/#website\"},\"primaryImageOfPage\":{\"@id\":\"https:\/\/progettotouring.it\/radiotouring104\/2022\/11\/02\/alecci-denuncia-progetti-regionali-non-finanziati-nonostante-ci-siano-i-fondi\/#primaryimage\"},\"image\":{\"@id\":\"https:\/\/progettotouring.it\/radiotouring104\/2022\/11\/02\/alecci-denuncia-progetti-regionali-non-finanziati-nonostante-ci-siano-i-fondi\/#primaryimage\"},\"thumbnailUrl\":\"https:\/\/progettotouring.it\/radiotouring104\/wp-content\/uploads\/sites\/6\/2022\/11\/alecci-sopralluogo-strada.jpg\",\"datePublished\":\"2022-11-02T11:35:25+00:00\",\"dateModified\":\"2022-11-02T11:40:42+00:00\",\"description\":\"Il Consigliere Pd presenta un'interrogazione al Presidente Occhiuto, sul perch\u00e8 alcuni progetti siano stati esclusi\",\"breadcrumb\":{\"@id\":\"https:\/\/progettotouring.it\/radiotouring104\/2022\/11\/02\/alecci-denuncia-progetti-regionali-non-finanziati-nonostante-ci-siano-i-fondi\/#breadcrumb\"},\"inLanguage\":\"it-IT\",\"potentialAction\":[{\"@type\":\"ReadAction\",\"target\":[\"https:\/\/progettotouring.it\/radiotouring104\/2022\/11\/02\/alecci-denuncia-progetti-regionali-non-finanziati-nonostante-ci-siano-i-fondi\/\"]}]},{\"@type\":\"ImageObject\",\"inLanguage\":\"it-IT\",\"@id\":\"https:\/\/progettotouring.it\/radiotouring104\/2022\/11\/02\/alecci-denuncia-progetti-regionali-non-finanziati-nonostante-ci-siano-i-fondi\/#primaryimage\",\"url\":\"https:\/\/progettotouring.it\/radiotouring104\/wp-content\/uploads\/sites\/6\/2022\/11\/alecci-sopralluogo-strada.jpg\",\"contentUrl\":\"https:\/\/progettotouring.it\/radiotouring104\/wp-content\/uploads\/sites\/6\/2022\/11\/alecci-sopralluogo-strada.jpg\",\"width\":577,\"height\":1024},{\"@type\":\"BreadcrumbList\",\"@id\":\"https:\/\/progettotouring.it\/radiotouring104\/2022\/11\/02\/alecci-denuncia-progetti-regionali-non-finanziati-nonostante-ci-siano-i-fondi\/#breadcrumb\",\"itemListElement\":[{\"@type\":\"ListItem\",\"position\":1,\"name\":\"Home\",\"item\":\"https:\/\/progettotouring.it\/radiotouring104\/\"},{\"@type\":\"ListItem\",\"position\":2,\"name\":\"Alecci denuncia: progetti regionali non finanziati, nonostante ci siano i fondi\"}]},{\"@type\":\"WebSite\",\"@id\":\"https:\/\/progettotouring.it\/radiotouring104\/#website\",\"url\":\"https:\/\/progettotouring.it\/radiotouring104\/\",\"name\":\"Radio Touring 104\",\"description\":\"La prima radio Reggina\",\"publisher\":{\"@id\":\"https:\/\/progettotouring.it\/radiotouring104\/#organization\"},\"potentialAction\":[{\"@type\":\"SearchAction\",\"target\":{\"@type\":\"EntryPoint\",\"urlTemplate\":\"https:\/\/progettotouring.it\/radiotouring104\/?s={search_term_string}\"},\"query-input\":{\"@type\":\"PropertyValueSpecification\",\"valueRequired\":true,\"valueName\":\"search_term_string\"}}],\"inLanguage\":\"it-IT\"},{\"@type\":\"Organization\",\"@id\":\"https:\/\/progettotouring.it\/radiotouring104\/#organization\",\"name\":\"Radio Touring 104\",\"url\":\"https:\/\/progettotouring.it\/radiotouring104\/\",\"logo\":{\"@type\":\"ImageObject\",\"inLanguage\":\"it-IT\",\"@id\":\"https:\/\/progettotouring.it\/radiotouring104\/#\/schema\/logo\/image\/\",\"url\":\"https:\/\/progettotouring.it\/radiotouring104\/wp-content\/uploads\/sites\/6\/2022\/02\/cropped-logo-radio-touring-104.png\",\"contentUrl\":\"https:\/\/progettotouring.it\/radiotouring104\/wp-content\/uploads\/sites\/6\/2022\/02\/cropped-logo-radio-touring-104.png\",\"width\":377,\"height\":182,\"caption\":\"Radio Touring 104\"},\"image\":{\"@id\":\"https:\/\/progettotouring.it\/radiotouring104\/#\/schema\/logo\/image\/\"}},{\"@type\":\"Person\",\"@id\":\"https:\/\/progettotouring.it\/radiotouring104\/#\/schema\/person\/78613917f1851f041f7483f5af1d422e\",\"name\":\"Sebastiano Plutino\",\"image\":{\"@type\":\"ImageObject\",\"inLanguage\":\"it-IT\",\"@id\":\"https:\/\/secure.gravatar.com\/avatar\/0546ffaa9b79224faf9f2a156b67a529ae861d3287c66c1d8ccfdf909bcba78d?s=96&d=mm&r=g\",\"url\":\"https:\/\/secure.gravatar.com\/avatar\/0546ffaa9b79224faf9f2a156b67a529ae861d3287c66c1d8ccfdf909bcba78d?s=96&d=mm&r=g\",\"contentUrl\":\"https:\/\/secure.gravatar.com\/avatar\/0546ffaa9b79224faf9f2a156b67a529ae861d3287c66c1d8ccfdf909bcba78d?s=96&d=mm&r=g\",\"caption\":\"Sebastiano Plutino\"},\"url\":\"https:\/\/progettotouring.it\/radiotouring104\/author\/sebastiano\/\"}]}<\/script>\n<!-- \/ Yoast SEO plugin. -->","yoast_head_json":{"title":"Alecci denuncia: progetti regionali non finanziati","description":"Il Consigliere Pd presenta un'interrogazione al Presidente Occhiuto, sul perch\u00e8 alcuni progetti siano stati esclusi","robots":{"index":"index","follow":"follow","max-snippet":"max-snippet:-1","max-image-preview":"max-image-preview:large","max-video-preview":"max-video-preview:-1"},"canonical":"https:\/\/progettotouring.it\/radiotouring104\/2022\/11\/02\/alecci-denuncia-progetti-regionali-non-finanziati-nonostante-ci-siano-i-fondi\/","og_locale":"it_IT","og_type":"article","og_title":"Alecci denuncia: progetti regionali non finanziati","og_description":"Il Consigliere Pd presenta un'interrogazione al Presidente Occhiuto, sul perch\u00e8 alcuni progetti siano stati esclusi","og_url":"https:\/\/progettotouring.it\/radiotouring104\/2022\/11\/02\/alecci-denuncia-progetti-regionali-non-finanziati-nonostante-ci-siano-i-fondi\/","og_site_name":"Radio Touring 104","article_published_time":"2022-11-02T11:35:25+00:00","article_modified_time":"2022-11-02T11:40:42+00:00","og_image":[{"width":577,"height":1024,"url":"https:\/\/progettotouring.it\/radiotouring104\/wp-content\/uploads\/sites\/6\/2022\/11\/alecci-sopralluogo-strada.jpg","type":"image\/jpeg"}],"author":"Sebastiano Plutino","twitter_card":"summary_large_image","twitter_misc":{"Scritto da":"Sebastiano Plutino","Tempo di lettura stimato":"2 minuti"},"schema":{"@context":"https:\/\/schema.org","@graph":[{"@type":"Article","@id":"https:\/\/progettotouring.it\/radiotouring104\/2022\/11\/02\/alecci-denuncia-progetti-regionali-non-finanziati-nonostante-ci-siano-i-fondi\/#article","isPartOf":{"@id":"https:\/\/progettotouring.it\/radiotouring104\/2022\/11\/02\/alecci-denuncia-progetti-regionali-non-finanziati-nonostante-ci-siano-i-fondi\/"},"author":{"name":"Sebastiano Plutino","@id":"https:\/\/progettotouring.it\/radiotouring104\/#\/schema\/person\/78613917f1851f041f7483f5af1d422e"},"headline":"Alecci denuncia: progetti regionali non finanziati, nonostante ci siano i fondi","datePublished":"2022-11-02T11:35:25+00:00","dateModified":"2022-11-02T11:40:42+00:00","mainEntityOfPage":{"@id":"https:\/\/progettotouring.it\/radiotouring104\/2022\/11\/02\/alecci-denuncia-progetti-regionali-non-finanziati-nonostante-ci-siano-i-fondi\/"},"wordCount":407,"commentCount":0,"publisher":{"@id":"https:\/\/progettotouring.it\/radiotouring104\/#organization"},"image":{"@id":"https:\/\/progettotouring.it\/radiotouring104\/2022\/11\/02\/alecci-denuncia-progetti-regionali-non-finanziati-nonostante-ci-siano-i-fondi\/#primaryimage"},"thumbnailUrl":"https:\/\/progettotouring.it\/radiotouring104\/wp-content\/uploads\/sites\/6\/2022\/11\/alecci-sopralluogo-strada.jpg","keywords":["Ernesto Alecci","interrogazione regionale","progetti esclusi","roberto occhiuto"],"articleSection":["Calabria","Home","News","Politica"],"inLanguage":"it-IT","potentialAction":[{"@type":"CommentAction","name":"Comment","target":["https:\/\/progettotouring.it\/radiotouring104\/2022\/11\/02\/alecci-denuncia-progetti-regionali-non-finanziati-nonostante-ci-siano-i-fondi\/#respond"]}]},{"@type":"WebPage","@id":"https:\/\/progettotouring.it\/radiotouring104\/2022\/11\/02\/alecci-denuncia-progetti-regionali-non-finanziati-nonostante-ci-siano-i-fondi\/","url":"https:\/\/progettotouring.it\/radiotouring104\/2022\/11\/02\/alecci-denuncia-progetti-regionali-non-finanziati-nonostante-ci-siano-i-fondi\/","name":"Alecci denuncia: progetti regionali non finanziati","isPartOf":{"@id":"https:\/\/progettotouring.it\/radiotouring104\/#website"},"primaryImageOfPage":{"@id":"https:\/\/progettotouring.it\/radiotouring104\/2022\/11\/02\/alecci-denuncia-progetti-regionali-non-finanziati-nonostante-ci-siano-i-fondi\/#primaryimage"},"image":{"@id":"https:\/\/progettotouring.it\/radiotouring104\/2022\/11\/02\/alecci-denuncia-progetti-regionali-non-finanziati-nonostante-ci-siano-i-fondi\/#primaryimage"},"thumbnailUrl":"https:\/\/progettotouring.it\/radiotouring104\/wp-content\/uploads\/sites\/6\/2022\/11\/alecci-sopralluogo-strada.jpg","datePublished":"2022-11-02T11:35:25+00:00","dateModified":"2022-11-02T11:40:42+00:00","description":"Il Consigliere Pd presenta un'interrogazione al Presidente Occhiuto, sul perch\u00e8 alcuni progetti siano stati esclusi","breadcrumb":{"@id":"https:\/\/progettotouring.it\/radiotouring104\/2022\/11\/02\/alecci-denuncia-progetti-regionali-non-finanziati-nonostante-ci-siano-i-fondi\/#breadcrumb"},"inLanguage":"it-IT","potentialAction":[{"@type":"ReadAction","target":["https:\/\/progettotouring.it\/radiotouring104\/2022\/11\/02\/alecci-denuncia-progetti-regionali-non-finanziati-nonostante-ci-siano-i-fondi\/"]}]},{"@type":"ImageObject","inLanguage":"it-IT","@id":"https:\/\/progettotouring.it\/radiotouring104\/2022\/11\/02\/alecci-denuncia-progetti-regionali-non-finanziati-nonostante-ci-siano-i-fondi\/#primaryimage","url":"https:\/\/progettotouring.it\/radiotouring104\/wp-content\/uploads\/sites\/6\/2022\/11\/alecci-sopralluogo-strada.jpg","contentUrl":"https:\/\/progettotouring.it\/radiotouring104\/wp-content\/uploads\/sites\/6\/2022\/11\/alecci-sopralluogo-strada.jpg","width":577,"height":1024},{"@type":"BreadcrumbList","@id":"https:\/\/progettotouring.it\/radiotouring104\/2022\/11\/02\/alecci-denuncia-progetti-regionali-non-finanziati-nonostante-ci-siano-i-fondi\/#breadcrumb","itemListElement":[{"@type":"ListItem","position":1,"name":"Home","item":"https:\/\/progettotouring.it\/radiotouring104\/"},{"@type":"ListItem","position":2,"name":"Alecci denuncia: progetti regionali non finanziati, nonostante ci siano i fondi"}]},{"@type":"WebSite","@id":"https:\/\/progettotouring.it\/radiotouring104\/#website","url":"https:\/\/progettotouring.it\/radiotouring104\/","name":"Radio Touring 104","description":"La prima radio Reggina","publisher":{"@id":"https:\/\/progettotouring.it\/radiotouring104\/#organization"},"potentialAction":[{"@type":"SearchAction","target":{"@type":"EntryPoint","urlTemplate":"https:\/\/progettotouring.it\/radiotouring104\/?s={search_term_string}"},"query-input":{"@type":"PropertyValueSpecification","valueRequired":true,"valueName":"search_term_string"}}],"inLanguage":"it-IT"},{"@type":"Organization","@id":"https:\/\/progettotouring.it\/radiotouring104\/#organization","name":"Radio Touring 104","url":"https:\/\/progettotouring.it\/radiotouring104\/","logo":{"@type":"ImageObject","inLanguage":"it-IT","@id":"https:\/\/progettotouring.it\/radiotouring104\/#\/schema\/logo\/image\/","url":"https:\/\/progettotouring.it\/radiotouring104\/wp-content\/uploads\/sites\/6\/2022\/02\/cropped-logo-radio-touring-104.png","contentUrl":"https:\/\/progettotouring.it\/radiotouring104\/wp-content\/uploads\/sites\/6\/2022\/02\/cropped-logo-radio-touring-104.png","width":377,"height":182,"caption":"Radio Touring 104"},"image":{"@id":"https:\/\/progettotouring.it\/radiotouring104\/#\/schema\/logo\/image\/"}},{"@type":"Person","@id":"https:\/\/progettotouring.it\/radiotouring104\/#\/schema\/person\/78613917f1851f041f7483f5af1d422e","name":"Sebastiano Plutino","image":{"@type":"ImageObject","inLanguage":"it-IT","@id":"https:\/\/secure.gravatar.com\/avatar\/0546ffaa9b79224faf9f2a156b67a529ae861d3287c66c1d8ccfdf909bcba78d?s=96&d=mm&r=g","url":"https:\/\/secure.gravatar.com\/avatar\/0546ffaa9b79224faf9f2a156b67a529ae861d3287c66c1d8ccfdf909bcba78d?s=96&d=mm&r=g","contentUrl":"https:\/\/secure.gravatar.com\/avatar\/0546ffaa9b79224faf9f2a156b67a529ae861d3287c66c1d8ccfdf909bcba78d?s=96&d=mm&r=g","caption":"Sebastiano Plutino"},"url":"https:\/\/progettotouring.it\/radiotouring104\/author\/sebastiano\/"}]}},"jetpack_publicize_connections":[],"jetpack_featured_media_url":"https:\/\/progettotouring.it\/radiotouring104\/wp-content\/uploads\/sites\/6\/2022\/11\/alecci-sopralluogo-strada.jpg","jetpack_sharing_enabled":true,"_links":{"self":[{"href":"https:\/\/progettotouring.it\/radiotouring104\/wp-json\/wp\/v2\/posts\/11325","targetHints":{"allow":["GET"]}}],"collection":[{"href":"https:\/\/progettotouring.it\/radiotouring104\/wp-json\/wp\/v2\/posts"}],"about":[{"href":"https:\/\/progettotouring.it\/radiotouring104\/wp-json\/wp\/v2\/types\/post"}],"author":[{"embeddable":true,"href":"https:\/\/progettotouring.it\/radiotouring104\/wp-json\/wp\/v2\/users\/12"}],"replies":[{"embeddable":true,"href":"https:\/\/progettotouring.it\/radiotouring104\/wp-json\/wp\/v2\/comments?post=11325"}],"version-history":[{"count":1,"href":"https:\/\/progettotouring.it\/radiotouring104\/wp-json\/wp\/v2\/posts\/11325\/revisions"}],"predecessor-version":[{"id":11326,"href":"https:\/\/progettotouring.it\/radiotouring104\/wp-json\/wp\/v2\/posts\/11325\/revisions\/11326"}],"wp:featuredmedia":[{"embeddable":true,"href":"https:\/\/progettotouring.it\/radiotouring104\/wp-json\/wp\/v2\/media\/11329"}],"wp:attachment":[{"href":"https:\/\/progettotouring.it\/radiotouring104\/wp-json\/wp\/v2\/media?parent=11325"}],"wp:term":[{"taxonomy":"category","embeddable":true,"href":"https:\/\/progettotouring.it\/radiotouring104\/wp-json\/wp\/v2\/categories?post=11325"},{"taxonomy":"post_tag","embeddable":true,"href":"https:\/\/progettotouring.it\/radiotouring104\/wp-json\/wp\/v2\/tags?post=11325"}],"curies":[{"name":"wp","href":"https:\/\/api.w.org\/{rel}","templated":true}]}}