{"id":11327,"date":"2022-11-02T12:40:23","date_gmt":"2022-11-02T11:40:23","guid":{"rendered":"https:\/\/progettotouring.it\/radiotouring104\/?p=11327"},"modified":"2022-11-02T12:40:23","modified_gmt":"2022-11-02T11:40:23","slug":"vibo-valentia-il-pd-critica-la-situazione-sanitaria-della-citta","status":"publish","type":"post","link":"https:\/\/progettotouring.it\/radiotouring104\/2022\/11\/02\/vibo-valentia-il-pd-critica-la-situazione-sanitaria-della-citta\/","title":{"rendered":"Vibo Valentia: il PD critica la situazione sanitaria della citt\u00e0"},"content":{"rendered":"<p style=\"text-align: justify\"><em>&#8220;<strong>La stato della sanit\u00e0 vibonese,<\/strong> a partire dai quotidiani segnali di allarme provenienti dal Pronto soccorso, ha raggiunto un grado di criticit\u00e0 che impone la mobilitazione di ogni livello istituzionale e l&#8217;assunzione di provvedimenti urgenti&#8221;.<\/em> Lo afferma Giovanni Di Bartolo, segretario provinciale del PD di Vibo Valentia. <em>&#8220;Nei mesi scorsi<\/em> &#8211; prosegue &#8211; <em>abbiamo ascoltato operatori sanitari e organizzazioni di categoria, intrapreso incontri con i vertici aziendali e istituzioni locali per richiamare l&#8217;attenzione sulle principali criticit\u00e0, promosso interrogazioni in seno al Consiglio regionale e ispezioni nelle strutture ospedaliere, avanzando proposte e individuando soluzioni praticabili. Visto l&#8217;aggravarsi della situazione, ho richiesto un incontro al commissario dell&#8217;Asp di Vibo Valentia Giuseppe Giuliano, e al presidente della Regione Calabria Roberto Occhiuto, per un confronto definitivo sulle misure urgenti che \u00e8 necessario adottare per dare risposte alle problematiche che attagliano drammaticamente la sanit\u00e0 nel vibonese. Faccio, inoltre, appello al Presidente della Conferenza dei Sindaci, Maria Limardo, e ai sindaci tutti affinch\u00e9 si convochi al pi\u00f9 presto un&#8217;assemblea alla presenza di tutti coloro i quali hanno importanti ruoli di responsabilit\u00e0 all&#8217;interno delle istituzioni, a partire dal Presidente della commissione sanit\u00e0, Michele Comito e ai vertici dell&#8217;azienda provinciale, aperta al contributo degli operatori sanitari, delle organizzazioni sindacali e di categoria<\/em>&#8220;. (ANSA).<\/p>\n","protected":false},"excerpt":{"rendered":"<p>&#8220;La stato della sanit\u00e0 vibonese, a partire dai quotidiani segnali di allarme provenienti dal Pronto soccorso, ha raggiunto un grado di criticit\u00e0 che impone la mobilitazione di ogni livello istituzionale&hellip;<\/p>\n","protected":false},"author":8,"featured_media":0,"comment_status":"open","ping_status":"open","sticky":false,"template":"","format":"standard","meta":{"_jetpack_memberships_contains_paid_content":false,"footnotes":"","jetpack_publicize_message":"","jetpack_publicize_feature_enabled":true,"jetpack_social_post_already_shared":false,"jetpack_social_options":{"image_generator_settings":{"template":"highway","default_image_id":0,"font":"","enabled":false},"version":2}},"categories":[142,921,196,195],"tags":[3208,644],"class_list":["post-11327","post","type-post","status-publish","format-standard","hentry","category-calabria","category-home","category-news","category-politica","tag-partito-democratico","tag-vibo-valentia"],"yoast_head":"<!-- This site is optimized with the Yoast SEO plugin v27.2 - https:\/\/yoast.com\/product\/yoast-seo-wordpress\/ -->\n<title>Vibo Valentia: il PD critica la situazione sanitaria della citt\u00e0<\/title>\n<meta name=\"description\" content=\"Giovanni Di Bartolo, segretario provinciale del PD, critica aspramente la situazione della sanit\u00e0 di Vibo Valentia\" \/>\n<meta name=\"robots\" content=\"index, follow, max-snippet:-1, max-image-preview:large, max-video-preview:-1\" \/>\n<link rel=\"canonical\" href=\"https:\/\/progettotouring.it\/radiotouring104\/2022\/11\/02\/vibo-valentia-il-pd-critica-la-situazione-sanitaria-della-citta\/\" \/>\n<meta property=\"og:locale\" content=\"it_IT\" \/>\n<meta property=\"og:type\" content=\"article\" \/>\n<meta property=\"og:title\" content=\"Vibo Valentia: il PD critica la situazione sanitaria della citt\u00e0\" \/>\n<meta property=\"og:description\" content=\"Giovanni Di Bartolo, segretario provinciale del PD, critica aspramente la situazione della sanit\u00e0 di Vibo Valentia\" \/>\n<meta property=\"og:url\" content=\"https:\/\/progettotouring.it\/radiotouring104\/2022\/11\/02\/vibo-valentia-il-pd-critica-la-situazione-sanitaria-della-citta\/\" \/>\n<meta property=\"og:site_name\" content=\"Radio Touring 104\" \/>\n<meta property=\"article:published_time\" content=\"2022-11-02T11:40:23+00:00\" \/>\n<meta property=\"og:image\" content=\"https:\/\/progettotouring.it\/radiotouring104\/wp-content\/uploads\/sites\/6\/2022\/06\/pd-calabria.png\" \/>\n\t<meta property=\"og:image:width\" content=\"225\" \/>\n\t<meta property=\"og:image:height\" content=\"225\" \/>\n\t<meta property=\"og:image:type\" content=\"image\/png\" \/>\n<meta name=\"author\" content=\"Filippo Francesco Idone\" \/>\n<meta name=\"twitter:card\" content=\"summary_large_image\" \/>\n<meta name=\"twitter:label1\" content=\"Scritto da\" \/>\n\t<meta name=\"twitter:data1\" content=\"Filippo Francesco Idone\" \/>\n\t<meta name=\"twitter:label2\" content=\"Tempo di lettura stimato\" \/>\n\t<meta name=\"twitter:data2\" content=\"1 minuto\" \/>\n<script type=\"application\/ld+json\" class=\"yoast-schema-graph\">{\"@context\":\"https:\/\/schema.org\",\"@graph\":[{\"@type\":\"Article\",\"@id\":\"https:\/\/progettotouring.it\/radiotouring104\/2022\/11\/02\/vibo-valentia-il-pd-critica-la-situazione-sanitaria-della-citta\/#article\",\"isPartOf\":{\"@id\":\"https:\/\/progettotouring.it\/radiotouring104\/2022\/11\/02\/vibo-valentia-il-pd-critica-la-situazione-sanitaria-della-citta\/\"},\"author\":{\"name\":\"Filippo Francesco Idone\",\"@id\":\"https:\/\/progettotouring.it\/radiotouring104\/#\/schema\/person\/4a82259ca52ac8702ad1a8f9e5a3120b\"},\"headline\":\"Vibo Valentia: il PD critica la situazione sanitaria della citt\u00e0\",\"datePublished\":\"2022-11-02T11:40:23+00:00\",\"mainEntityOfPage\":{\"@id\":\"https:\/\/progettotouring.it\/radiotouring104\/2022\/11\/02\/vibo-valentia-il-pd-critica-la-situazione-sanitaria-della-citta\/\"},\"wordCount\":214,\"commentCount\":0,\"publisher\":{\"@id\":\"https:\/\/progettotouring.it\/radiotouring104\/#organization\"},\"keywords\":[\"Partito Democratico\",\"vibo valentia\"],\"articleSection\":[\"Calabria\",\"Home\",\"News\",\"Politica\"],\"inLanguage\":\"it-IT\",\"potentialAction\":[{\"@type\":\"CommentAction\",\"name\":\"Comment\",\"target\":[\"https:\/\/progettotouring.it\/radiotouring104\/2022\/11\/02\/vibo-valentia-il-pd-critica-la-situazione-sanitaria-della-citta\/#respond\"]}]},{\"@type\":\"WebPage\",\"@id\":\"https:\/\/progettotouring.it\/radiotouring104\/2022\/11\/02\/vibo-valentia-il-pd-critica-la-situazione-sanitaria-della-citta\/\",\"url\":\"https:\/\/progettotouring.it\/radiotouring104\/2022\/11\/02\/vibo-valentia-il-pd-critica-la-situazione-sanitaria-della-citta\/\",\"name\":\"Vibo Valentia: il PD critica la situazione sanitaria della citt\u00e0\",\"isPartOf\":{\"@id\":\"https:\/\/progettotouring.it\/radiotouring104\/#website\"},\"datePublished\":\"2022-11-02T11:40:23+00:00\",\"description\":\"Giovanni Di Bartolo, segretario provinciale del PD, critica aspramente la situazione della sanit\u00e0 di Vibo Valentia\",\"breadcrumb\":{\"@id\":\"https:\/\/progettotouring.it\/radiotouring104\/2022\/11\/02\/vibo-valentia-il-pd-critica-la-situazione-sanitaria-della-citta\/#breadcrumb\"},\"inLanguage\":\"it-IT\",\"potentialAction\":[{\"@type\":\"ReadAction\",\"target\":[\"https:\/\/progettotouring.it\/radiotouring104\/2022\/11\/02\/vibo-valentia-il-pd-critica-la-situazione-sanitaria-della-citta\/\"]}]},{\"@type\":\"BreadcrumbList\",\"@id\":\"https:\/\/progettotouring.it\/radiotouring104\/2022\/11\/02\/vibo-valentia-il-pd-critica-la-situazione-sanitaria-della-citta\/#breadcrumb\",\"itemListElement\":[{\"@type\":\"ListItem\",\"position\":1,\"name\":\"Home\",\"item\":\"https:\/\/progettotouring.it\/radiotouring104\/\"},{\"@type\":\"ListItem\",\"position\":2,\"name\":\"Vibo Valentia: il PD critica la situazione sanitaria della citt\u00e0\"}]},{\"@type\":\"WebSite\",\"@id\":\"https:\/\/progettotouring.it\/radiotouring104\/#website\",\"url\":\"https:\/\/progettotouring.it\/radiotouring104\/\",\"name\":\"Radio Touring 104\",\"description\":\"La prima radio Reggina\",\"publisher\":{\"@id\":\"https:\/\/progettotouring.it\/radiotouring104\/#organization\"},\"potentialAction\":[{\"@type\":\"SearchAction\",\"target\":{\"@type\":\"EntryPoint\",\"urlTemplate\":\"https:\/\/progettotouring.it\/radiotouring104\/?s={search_term_string}\"},\"query-input\":{\"@type\":\"PropertyValueSpecification\",\"valueRequired\":true,\"valueName\":\"search_term_string\"}}],\"inLanguage\":\"it-IT\"},{\"@type\":\"Organization\",\"@id\":\"https:\/\/progettotouring.it\/radiotouring104\/#organization\",\"name\":\"Radio Touring 104\",\"url\":\"https:\/\/progettotouring.it\/radiotouring104\/\",\"logo\":{\"@type\":\"ImageObject\",\"inLanguage\":\"it-IT\",\"@id\":\"https:\/\/progettotouring.it\/radiotouring104\/#\/schema\/logo\/image\/\",\"url\":\"https:\/\/progettotouring.it\/radiotouring104\/wp-content\/uploads\/sites\/6\/2022\/02\/cropped-logo-radio-touring-104.png\",\"contentUrl\":\"https:\/\/progettotouring.it\/radiotouring104\/wp-content\/uploads\/sites\/6\/2022\/02\/cropped-logo-radio-touring-104.png\",\"width\":377,\"height\":182,\"caption\":\"Radio Touring 104\"},\"image\":{\"@id\":\"https:\/\/progettotouring.it\/radiotouring104\/#\/schema\/logo\/image\/\"}},{\"@type\":\"Person\",\"@id\":\"https:\/\/progettotouring.it\/radiotouring104\/#\/schema\/person\/4a82259ca52ac8702ad1a8f9e5a3120b\",\"name\":\"Filippo Francesco Idone\",\"image\":{\"@type\":\"ImageObject\",\"inLanguage\":\"it-IT\",\"@id\":\"https:\/\/secure.gravatar.com\/avatar\/7268715d2366395c3dd314385670e6484117d44f5c442e61e230f7008b7b62d3?s=96&d=mm&r=g\",\"url\":\"https:\/\/secure.gravatar.com\/avatar\/7268715d2366395c3dd314385670e6484117d44f5c442e61e230f7008b7b62d3?s=96&d=mm&r=g\",\"contentUrl\":\"https:\/\/secure.gravatar.com\/avatar\/7268715d2366395c3dd314385670e6484117d44f5c442e61e230f7008b7b62d3?s=96&d=mm&r=g\",\"caption\":\"Filippo Francesco Idone\"},\"url\":\"https:\/\/progettotouring.it\/radiotouring104\/author\/filippoidone\/\"}]}<\/script>\n<!-- \/ Yoast SEO plugin. -->","yoast_head_json":{"title":"Vibo Valentia: il PD critica la situazione sanitaria della citt\u00e0","description":"Giovanni Di Bartolo, segretario provinciale del PD, critica aspramente la situazione della sanit\u00e0 di Vibo Valentia","robots":{"index":"index","follow":"follow","max-snippet":"max-snippet:-1","max-image-preview":"max-image-preview:large","max-video-preview":"max-video-preview:-1"},"canonical":"https:\/\/progettotouring.it\/radiotouring104\/2022\/11\/02\/vibo-valentia-il-pd-critica-la-situazione-sanitaria-della-citta\/","og_locale":"it_IT","og_type":"article","og_title":"Vibo Valentia: il PD critica la situazione sanitaria della citt\u00e0","og_description":"Giovanni Di Bartolo, segretario provinciale del PD, critica aspramente la situazione della sanit\u00e0 di Vibo Valentia","og_url":"https:\/\/progettotouring.it\/radiotouring104\/2022\/11\/02\/vibo-valentia-il-pd-critica-la-situazione-sanitaria-della-citta\/","og_site_name":"Radio Touring 104","article_published_time":"2022-11-02T11:40:23+00:00","og_image":[{"width":225,"height":225,"url":"https:\/\/progettotouring.it\/radiotouring104\/wp-content\/uploads\/sites\/6\/2022\/06\/pd-calabria.png","type":"image\/png"}],"author":"Filippo Francesco Idone","twitter_card":"summary_large_image","twitter_misc":{"Scritto da":"Filippo Francesco Idone","Tempo di lettura stimato":"1 minuto"},"schema":{"@context":"https:\/\/schema.org","@graph":[{"@type":"Article","@id":"https:\/\/progettotouring.it\/radiotouring104\/2022\/11\/02\/vibo-valentia-il-pd-critica-la-situazione-sanitaria-della-citta\/#article","isPartOf":{"@id":"https:\/\/progettotouring.it\/radiotouring104\/2022\/11\/02\/vibo-valentia-il-pd-critica-la-situazione-sanitaria-della-citta\/"},"author":{"name":"Filippo Francesco Idone","@id":"https:\/\/progettotouring.it\/radiotouring104\/#\/schema\/person\/4a82259ca52ac8702ad1a8f9e5a3120b"},"headline":"Vibo Valentia: il PD critica la situazione sanitaria della citt\u00e0","datePublished":"2022-11-02T11:40:23+00:00","mainEntityOfPage":{"@id":"https:\/\/progettotouring.it\/radiotouring104\/2022\/11\/02\/vibo-valentia-il-pd-critica-la-situazione-sanitaria-della-citta\/"},"wordCount":214,"commentCount":0,"publisher":{"@id":"https:\/\/progettotouring.it\/radiotouring104\/#organization"},"keywords":["Partito Democratico","vibo valentia"],"articleSection":["Calabria","Home","News","Politica"],"inLanguage":"it-IT","potentialAction":[{"@type":"CommentAction","name":"Comment","target":["https:\/\/progettotouring.it\/radiotouring104\/2022\/11\/02\/vibo-valentia-il-pd-critica-la-situazione-sanitaria-della-citta\/#respond"]}]},{"@type":"WebPage","@id":"https:\/\/progettotouring.it\/radiotouring104\/2022\/11\/02\/vibo-valentia-il-pd-critica-la-situazione-sanitaria-della-citta\/","url":"https:\/\/progettotouring.it\/radiotouring104\/2022\/11\/02\/vibo-valentia-il-pd-critica-la-situazione-sanitaria-della-citta\/","name":"Vibo Valentia: il PD critica la situazione sanitaria della citt\u00e0","isPartOf":{"@id":"https:\/\/progettotouring.it\/radiotouring104\/#website"},"datePublished":"2022-11-02T11:40:23+00:00","description":"Giovanni Di Bartolo, segretario provinciale del PD, critica aspramente la situazione della sanit\u00e0 di Vibo Valentia","breadcrumb":{"@id":"https:\/\/progettotouring.it\/radiotouring104\/2022\/11\/02\/vibo-valentia-il-pd-critica-la-situazione-sanitaria-della-citta\/#breadcrumb"},"inLanguage":"it-IT","potentialAction":[{"@type":"ReadAction","target":["https:\/\/progettotouring.it\/radiotouring104\/2022\/11\/02\/vibo-valentia-il-pd-critica-la-situazione-sanitaria-della-citta\/"]}]},{"@type":"BreadcrumbList","@id":"https:\/\/progettotouring.it\/radiotouring104\/2022\/11\/02\/vibo-valentia-il-pd-critica-la-situazione-sanitaria-della-citta\/#breadcrumb","itemListElement":[{"@type":"ListItem","position":1,"name":"Home","item":"https:\/\/progettotouring.it\/radiotouring104\/"},{"@type":"ListItem","position":2,"name":"Vibo Valentia: il PD critica la situazione sanitaria della citt\u00e0"}]},{"@type":"WebSite","@id":"https:\/\/progettotouring.it\/radiotouring104\/#website","url":"https:\/\/progettotouring.it\/radiotouring104\/","name":"Radio Touring 104","description":"La prima radio Reggina","publisher":{"@id":"https:\/\/progettotouring.it\/radiotouring104\/#organization"},"potentialAction":[{"@type":"SearchAction","target":{"@type":"EntryPoint","urlTemplate":"https:\/\/progettotouring.it\/radiotouring104\/?s={search_term_string}"},"query-input":{"@type":"PropertyValueSpecification","valueRequired":true,"valueName":"search_term_string"}}],"inLanguage":"it-IT"},{"@type":"Organization","@id":"https:\/\/progettotouring.it\/radiotouring104\/#organization","name":"Radio Touring 104","url":"https:\/\/progettotouring.it\/radiotouring104\/","logo":{"@type":"ImageObject","inLanguage":"it-IT","@id":"https:\/\/progettotouring.it\/radiotouring104\/#\/schema\/logo\/image\/","url":"https:\/\/progettotouring.it\/radiotouring104\/wp-content\/uploads\/sites\/6\/2022\/02\/cropped-logo-radio-touring-104.png","contentUrl":"https:\/\/progettotouring.it\/radiotouring104\/wp-content\/uploads\/sites\/6\/2022\/02\/cropped-logo-radio-touring-104.png","width":377,"height":182,"caption":"Radio Touring 104"},"image":{"@id":"https:\/\/progettotouring.it\/radiotouring104\/#\/schema\/logo\/image\/"}},{"@type":"Person","@id":"https:\/\/progettotouring.it\/radiotouring104\/#\/schema\/person\/4a82259ca52ac8702ad1a8f9e5a3120b","name":"Filippo Francesco Idone","image":{"@type":"ImageObject","inLanguage":"it-IT","@id":"https:\/\/secure.gravatar.com\/avatar\/7268715d2366395c3dd314385670e6484117d44f5c442e61e230f7008b7b62d3?s=96&d=mm&r=g","url":"https:\/\/secure.gravatar.com\/avatar\/7268715d2366395c3dd314385670e6484117d44f5c442e61e230f7008b7b62d3?s=96&d=mm&r=g","contentUrl":"https:\/\/secure.gravatar.com\/avatar\/7268715d2366395c3dd314385670e6484117d44f5c442e61e230f7008b7b62d3?s=96&d=mm&r=g","caption":"Filippo Francesco Idone"},"url":"https:\/\/progettotouring.it\/radiotouring104\/author\/filippoidone\/"}]}},"jetpack_publicize_connections":[],"jetpack_featured_media_url":"","jetpack_sharing_enabled":true,"_links":{"self":[{"href":"https:\/\/progettotouring.it\/radiotouring104\/wp-json\/wp\/v2\/posts\/11327","targetHints":{"allow":["GET"]}}],"collection":[{"href":"https:\/\/progettotouring.it\/radiotouring104\/wp-json\/wp\/v2\/posts"}],"about":[{"href":"https:\/\/progettotouring.it\/radiotouring104\/wp-json\/wp\/v2\/types\/post"}],"author":[{"embeddable":true,"href":"https:\/\/progettotouring.it\/radiotouring104\/wp-json\/wp\/v2\/users\/8"}],"replies":[{"embeddable":true,"href":"https:\/\/progettotouring.it\/radiotouring104\/wp-json\/wp\/v2\/comments?post=11327"}],"version-history":[{"count":1,"href":"https:\/\/progettotouring.it\/radiotouring104\/wp-json\/wp\/v2\/posts\/11327\/revisions"}],"predecessor-version":[{"id":11328,"href":"https:\/\/progettotouring.it\/radiotouring104\/wp-json\/wp\/v2\/posts\/11327\/revisions\/11328"}],"wp:attachment":[{"href":"https:\/\/progettotouring.it\/radiotouring104\/wp-json\/wp\/v2\/media?parent=11327"}],"wp:term":[{"taxonomy":"category","embeddable":true,"href":"https:\/\/progettotouring.it\/radiotouring104\/wp-json\/wp\/v2\/categories?post=11327"},{"taxonomy":"post_tag","embeddable":true,"href":"https:\/\/progettotouring.it\/radiotouring104\/wp-json\/wp\/v2\/tags?post=11327"}],"curies":[{"name":"wp","href":"https:\/\/api.w.org\/{rel}","templated":true}]}}