{"id":11330,"date":"2022-11-02T12:47:19","date_gmt":"2022-11-02T11:47:19","guid":{"rendered":"https:\/\/progettotouring.it\/radiotouring104\/?p=11330"},"modified":"2022-11-02T12:47:19","modified_gmt":"2022-11-02T11:47:19","slug":"sanita-amalia-bruni-tuona-contro-la-regione-calabria-la-situazione-della-sanita-e-drammatica","status":"publish","type":"post","link":"https:\/\/progettotouring.it\/radiotouring104\/2022\/11\/02\/sanita-amalia-bruni-tuona-contro-la-regione-calabria-la-situazione-della-sanita-e-drammatica\/","title":{"rendered":"Sanit\u00e0, Amalia Bruni tuona contro la Regione Calabria: &#8220;La situazione della sanit\u00e0 \u00e8 drammatica&#8221;"},"content":{"rendered":"<p style=\"text-align: justify\"><em>&#8220;La situazione della sanit\u00e0 nella nostra Regione \u00e8 drammatica e ogni giorno purtroppo ne abbiamo una dimostrazione. Del 118 ne parliamo quasi quotidianamente, sulla chiusura del Centro di Farmacovigilanza abbiamo speso, inutilmente, fiumi di parole, sulla carenza cronica di medici, specialisti, personale parasanitario ne raccontiamo da tempo . Ma non basta perch\u00e9 la realt\u00e0 continua a essere peggiore di qualsiasi incubo immaginabile. L&#8217;ultima brutta notizia arriva dall&#8217;<strong>Ospedale Jazzolino di Vibo<\/strong> dove un collega, di <strong>Pronto Soccorso<\/strong> ha avuto una sincope, \u00e8 caduto e si \u00e8 fratturato una costola&#8221;<\/em>. Lo scrive Amalia Bruni, leader dell&#8217;opposizione in Consiglio Regionale<em>.<\/em><\/p>\n<p style=\"text-align: justify\"><em> &#8220;Sono rimasti in sei<\/em> &#8211; prosegue &#8211; <em>e hanno denunciato questa situazione insostenibile tempo fa con una lettera inviata a tutti, compreso il Prefetto e sindacati senza nessun risultato concreto, solo parole e a volte nemmeno quelle. Sono colleghi allo stremo che fanno turni massacranti e l&#8217;episodio di ieri sera purtroppo \u00e8 la normale conseguenza per come si \u00e8 costretti a lavorare. Intanto continua l&#8217;esodo di colleghi verso le strutture private, un medico di <strong>Vibo<\/strong> delle infettive <strong>Covid<\/strong>, tempo fa \u00e8 stato picchiato e si \u00e8 licenziato, una dottoressa del Pronto soccorso \u00e8 stata aggredita in estate da un parente di un paziente e per le liste di attesa per visite, anche urgenti, siamo gi\u00e0 a met\u00e0 del 2024. I colleghi dello <strong>Jazzolino<\/strong> chiedono una mano, altrimenti il Pronto Soccorso rischia la chiusura. Situazioni di questo tipo non si risolvono con incentivi economici come previsto dalla legge regionale che a mio avviso sar\u00e0 certamente impugnata. Qua parliamo di colleghi che non possono fare oggettivamente di pi\u00f9, hanno gi\u00e0 gettato il cuore oltre l&#8217;ostacolo e sono distrutti fisicamente e psicologicamente, non si pu\u00f2 mandarli a morire in cambio di qualche centinaio di euro in pi\u00f9. Bisogna assumere medici per ripristinare le condizioni essenziali perch\u00e9 i reparti, funzionino al meglio e in tutta sicurezza per sanitari e pazienti. <strong>Commissario<\/strong> <strong>Occhiuto<\/strong>, questa \u00e8 la situazione della sanit\u00e0 in Calabria a oltre un anno dalla sua elezione e dalle sue promesse per un Rinascimento calabrese. Ieri le abbiamo chiesto di occuparsi non dei massimi sistemi ma delle cose di casa sua. Il triste esempio delle condizioni del <strong>Pronto Soccorso dello Jazzolino<\/strong> confermano che \u00e8 tempo di agire rapidamente oppure sar\u00e0 sempre di pi\u00f9 <strong>Medioevo per la Sanit\u00e0<\/strong><\/em>&#8220;. (ANSA).<\/p>\n","protected":false},"excerpt":{"rendered":"<p>&#8220;La situazione della sanit\u00e0 nella nostra Regione \u00e8 drammatica e ogni giorno purtroppo ne abbiamo una dimostrazione. Del 118 ne parliamo quasi quotidianamente, sulla chiusura del Centro di Farmacovigilanza abbiamo&hellip;<\/p>\n","protected":false},"author":8,"featured_media":11332,"comment_status":"open","ping_status":"open","sticky":false,"template":"","format":"standard","meta":{"_jetpack_memberships_contains_paid_content":false,"footnotes":"","jetpack_publicize_message":"","jetpack_publicize_feature_enabled":true,"jetpack_social_post_already_shared":false,"jetpack_social_options":{"image_generator_settings":{"template":"highway","default_image_id":0,"font":"","enabled":false},"version":2}},"categories":[142,921,196],"tags":[5225,2307,2160],"class_list":["post-11330","post","type-post","status-publish","format-standard","has-post-thumbnail","hentry","category-calabria","category-home","category-news","tag-jazzolino","tag-occhiuto","tag-sanita"],"yoast_head":"<!-- This site is optimized with the Yoast SEO plugin v27.2 - https:\/\/yoast.com\/product\/yoast-seo-wordpress\/ -->\n<title>Sanit\u00e0, Amalia Bruni tuona contro la Regione Calabria e Occhiuto<\/title>\n<meta name=\"description\" content=\"Amalia Bruni, leader dell&#039;opposizione in Consiglio Regionale, lancia un grido d&#039;allarme per la situazione della sanit\u00e0 calabrese\" \/>\n<meta name=\"robots\" content=\"index, follow, max-snippet:-1, max-image-preview:large, max-video-preview:-1\" \/>\n<link rel=\"canonical\" href=\"https:\/\/progettotouring.it\/radiotouring104\/2022\/11\/02\/sanita-amalia-bruni-tuona-contro-la-regione-calabria-la-situazione-della-sanita-e-drammatica\/\" \/>\n<meta property=\"og:locale\" content=\"it_IT\" \/>\n<meta property=\"og:type\" content=\"article\" \/>\n<meta property=\"og:title\" content=\"Sanit\u00e0, Amalia Bruni tuona contro la Regione Calabria e Occhiuto\" \/>\n<meta property=\"og:description\" content=\"Amalia Bruni, leader dell&#039;opposizione in Consiglio Regionale, lancia un grido d&#039;allarme per la situazione della sanit\u00e0 calabrese\" \/>\n<meta property=\"og:url\" content=\"https:\/\/progettotouring.it\/radiotouring104\/2022\/11\/02\/sanita-amalia-bruni-tuona-contro-la-regione-calabria-la-situazione-della-sanita-e-drammatica\/\" \/>\n<meta property=\"og:site_name\" content=\"Radio Touring 104\" \/>\n<meta property=\"article:published_time\" content=\"2022-11-02T11:47:19+00:00\" \/>\n<meta property=\"og:image\" content=\"https:\/\/progettotouring.it\/radiotouring104\/wp-content\/uploads\/sites\/6\/2022\/11\/amalia-bruni.jpg\" \/>\n\t<meta property=\"og:image:width\" content=\"1077\" \/>\n\t<meta property=\"og:image:height\" content=\"1013\" \/>\n\t<meta property=\"og:image:type\" content=\"image\/jpeg\" \/>\n<meta name=\"author\" content=\"Filippo Francesco Idone\" \/>\n<meta name=\"twitter:card\" content=\"summary_large_image\" \/>\n<meta name=\"twitter:label1\" content=\"Scritto da\" \/>\n\t<meta name=\"twitter:data1\" content=\"Filippo Francesco Idone\" \/>\n\t<meta name=\"twitter:label2\" content=\"Tempo di lettura stimato\" \/>\n\t<meta name=\"twitter:data2\" content=\"2 minuti\" \/>\n<script type=\"application\/ld+json\" class=\"yoast-schema-graph\">{\"@context\":\"https:\/\/schema.org\",\"@graph\":[{\"@type\":\"Article\",\"@id\":\"https:\/\/progettotouring.it\/radiotouring104\/2022\/11\/02\/sanita-amalia-bruni-tuona-contro-la-regione-calabria-la-situazione-della-sanita-e-drammatica\/#article\",\"isPartOf\":{\"@id\":\"https:\/\/progettotouring.it\/radiotouring104\/2022\/11\/02\/sanita-amalia-bruni-tuona-contro-la-regione-calabria-la-situazione-della-sanita-e-drammatica\/\"},\"author\":{\"name\":\"Filippo Francesco Idone\",\"@id\":\"https:\/\/progettotouring.it\/radiotouring104\/#\/schema\/person\/4a82259ca52ac8702ad1a8f9e5a3120b\"},\"headline\":\"Sanit\u00e0, Amalia Bruni tuona contro la Regione Calabria: &#8220;La situazione della sanit\u00e0 \u00e8 drammatica&#8221;\",\"datePublished\":\"2022-11-02T11:47:19+00:00\",\"mainEntityOfPage\":{\"@id\":\"https:\/\/progettotouring.it\/radiotouring104\/2022\/11\/02\/sanita-amalia-bruni-tuona-contro-la-regione-calabria-la-situazione-della-sanita-e-drammatica\/\"},\"wordCount\":381,\"commentCount\":0,\"publisher\":{\"@id\":\"https:\/\/progettotouring.it\/radiotouring104\/#organization\"},\"image\":{\"@id\":\"https:\/\/progettotouring.it\/radiotouring104\/2022\/11\/02\/sanita-amalia-bruni-tuona-contro-la-regione-calabria-la-situazione-della-sanita-e-drammatica\/#primaryimage\"},\"thumbnailUrl\":\"https:\/\/progettotouring.it\/radiotouring104\/wp-content\/uploads\/sites\/6\/2022\/11\/amalia-bruni.jpg\",\"keywords\":[\"jazzolino\",\"Occhiuto\",\"sanit\u00e0\"],\"articleSection\":[\"Calabria\",\"Home\",\"News\"],\"inLanguage\":\"it-IT\",\"potentialAction\":[{\"@type\":\"CommentAction\",\"name\":\"Comment\",\"target\":[\"https:\/\/progettotouring.it\/radiotouring104\/2022\/11\/02\/sanita-amalia-bruni-tuona-contro-la-regione-calabria-la-situazione-della-sanita-e-drammatica\/#respond\"]}]},{\"@type\":\"WebPage\",\"@id\":\"https:\/\/progettotouring.it\/radiotouring104\/2022\/11\/02\/sanita-amalia-bruni-tuona-contro-la-regione-calabria-la-situazione-della-sanita-e-drammatica\/\",\"url\":\"https:\/\/progettotouring.it\/radiotouring104\/2022\/11\/02\/sanita-amalia-bruni-tuona-contro-la-regione-calabria-la-situazione-della-sanita-e-drammatica\/\",\"name\":\"Sanit\u00e0, Amalia Bruni tuona contro la Regione Calabria e Occhiuto\",\"isPartOf\":{\"@id\":\"https:\/\/progettotouring.it\/radiotouring104\/#website\"},\"primaryImageOfPage\":{\"@id\":\"https:\/\/progettotouring.it\/radiotouring104\/2022\/11\/02\/sanita-amalia-bruni-tuona-contro-la-regione-calabria-la-situazione-della-sanita-e-drammatica\/#primaryimage\"},\"image\":{\"@id\":\"https:\/\/progettotouring.it\/radiotouring104\/2022\/11\/02\/sanita-amalia-bruni-tuona-contro-la-regione-calabria-la-situazione-della-sanita-e-drammatica\/#primaryimage\"},\"thumbnailUrl\":\"https:\/\/progettotouring.it\/radiotouring104\/wp-content\/uploads\/sites\/6\/2022\/11\/amalia-bruni.jpg\",\"datePublished\":\"2022-11-02T11:47:19+00:00\",\"description\":\"Amalia Bruni, leader dell'opposizione in Consiglio Regionale, lancia un grido d'allarme per la situazione della sanit\u00e0 calabrese\",\"breadcrumb\":{\"@id\":\"https:\/\/progettotouring.it\/radiotouring104\/2022\/11\/02\/sanita-amalia-bruni-tuona-contro-la-regione-calabria-la-situazione-della-sanita-e-drammatica\/#breadcrumb\"},\"inLanguage\":\"it-IT\",\"potentialAction\":[{\"@type\":\"ReadAction\",\"target\":[\"https:\/\/progettotouring.it\/radiotouring104\/2022\/11\/02\/sanita-amalia-bruni-tuona-contro-la-regione-calabria-la-situazione-della-sanita-e-drammatica\/\"]}]},{\"@type\":\"ImageObject\",\"inLanguage\":\"it-IT\",\"@id\":\"https:\/\/progettotouring.it\/radiotouring104\/2022\/11\/02\/sanita-amalia-bruni-tuona-contro-la-regione-calabria-la-situazione-della-sanita-e-drammatica\/#primaryimage\",\"url\":\"https:\/\/progettotouring.it\/radiotouring104\/wp-content\/uploads\/sites\/6\/2022\/11\/amalia-bruni.jpg\",\"contentUrl\":\"https:\/\/progettotouring.it\/radiotouring104\/wp-content\/uploads\/sites\/6\/2022\/11\/amalia-bruni.jpg\",\"width\":1077,\"height\":1013},{\"@type\":\"BreadcrumbList\",\"@id\":\"https:\/\/progettotouring.it\/radiotouring104\/2022\/11\/02\/sanita-amalia-bruni-tuona-contro-la-regione-calabria-la-situazione-della-sanita-e-drammatica\/#breadcrumb\",\"itemListElement\":[{\"@type\":\"ListItem\",\"position\":1,\"name\":\"Home\",\"item\":\"https:\/\/progettotouring.it\/radiotouring104\/\"},{\"@type\":\"ListItem\",\"position\":2,\"name\":\"Sanit\u00e0, Amalia Bruni tuona contro la Regione Calabria: &#8220;La situazione della sanit\u00e0 \u00e8 drammatica&#8221;\"}]},{\"@type\":\"WebSite\",\"@id\":\"https:\/\/progettotouring.it\/radiotouring104\/#website\",\"url\":\"https:\/\/progettotouring.it\/radiotouring104\/\",\"name\":\"Radio Touring 104\",\"description\":\"La prima radio Reggina\",\"publisher\":{\"@id\":\"https:\/\/progettotouring.it\/radiotouring104\/#organization\"},\"potentialAction\":[{\"@type\":\"SearchAction\",\"target\":{\"@type\":\"EntryPoint\",\"urlTemplate\":\"https:\/\/progettotouring.it\/radiotouring104\/?s={search_term_string}\"},\"query-input\":{\"@type\":\"PropertyValueSpecification\",\"valueRequired\":true,\"valueName\":\"search_term_string\"}}],\"inLanguage\":\"it-IT\"},{\"@type\":\"Organization\",\"@id\":\"https:\/\/progettotouring.it\/radiotouring104\/#organization\",\"name\":\"Radio Touring 104\",\"url\":\"https:\/\/progettotouring.it\/radiotouring104\/\",\"logo\":{\"@type\":\"ImageObject\",\"inLanguage\":\"it-IT\",\"@id\":\"https:\/\/progettotouring.it\/radiotouring104\/#\/schema\/logo\/image\/\",\"url\":\"https:\/\/progettotouring.it\/radiotouring104\/wp-content\/uploads\/sites\/6\/2022\/02\/cropped-logo-radio-touring-104.png\",\"contentUrl\":\"https:\/\/progettotouring.it\/radiotouring104\/wp-content\/uploads\/sites\/6\/2022\/02\/cropped-logo-radio-touring-104.png\",\"width\":377,\"height\":182,\"caption\":\"Radio Touring 104\"},\"image\":{\"@id\":\"https:\/\/progettotouring.it\/radiotouring104\/#\/schema\/logo\/image\/\"}},{\"@type\":\"Person\",\"@id\":\"https:\/\/progettotouring.it\/radiotouring104\/#\/schema\/person\/4a82259ca52ac8702ad1a8f9e5a3120b\",\"name\":\"Filippo Francesco Idone\",\"image\":{\"@type\":\"ImageObject\",\"inLanguage\":\"it-IT\",\"@id\":\"https:\/\/secure.gravatar.com\/avatar\/7268715d2366395c3dd314385670e6484117d44f5c442e61e230f7008b7b62d3?s=96&d=mm&r=g\",\"url\":\"https:\/\/secure.gravatar.com\/avatar\/7268715d2366395c3dd314385670e6484117d44f5c442e61e230f7008b7b62d3?s=96&d=mm&r=g\",\"contentUrl\":\"https:\/\/secure.gravatar.com\/avatar\/7268715d2366395c3dd314385670e6484117d44f5c442e61e230f7008b7b62d3?s=96&d=mm&r=g\",\"caption\":\"Filippo Francesco Idone\"},\"url\":\"https:\/\/progettotouring.it\/radiotouring104\/author\/filippoidone\/\"}]}<\/script>\n<!-- \/ Yoast SEO plugin. -->","yoast_head_json":{"title":"Sanit\u00e0, Amalia Bruni tuona contro la Regione Calabria e Occhiuto","description":"Amalia Bruni, leader dell'opposizione in Consiglio Regionale, lancia un grido d'allarme per la situazione della sanit\u00e0 calabrese","robots":{"index":"index","follow":"follow","max-snippet":"max-snippet:-1","max-image-preview":"max-image-preview:large","max-video-preview":"max-video-preview:-1"},"canonical":"https:\/\/progettotouring.it\/radiotouring104\/2022\/11\/02\/sanita-amalia-bruni-tuona-contro-la-regione-calabria-la-situazione-della-sanita-e-drammatica\/","og_locale":"it_IT","og_type":"article","og_title":"Sanit\u00e0, Amalia Bruni tuona contro la Regione Calabria e Occhiuto","og_description":"Amalia Bruni, leader dell'opposizione in Consiglio Regionale, lancia un grido d'allarme per la situazione della sanit\u00e0 calabrese","og_url":"https:\/\/progettotouring.it\/radiotouring104\/2022\/11\/02\/sanita-amalia-bruni-tuona-contro-la-regione-calabria-la-situazione-della-sanita-e-drammatica\/","og_site_name":"Radio Touring 104","article_published_time":"2022-11-02T11:47:19+00:00","og_image":[{"width":1077,"height":1013,"url":"https:\/\/progettotouring.it\/radiotouring104\/wp-content\/uploads\/sites\/6\/2022\/11\/amalia-bruni.jpg","type":"image\/jpeg"}],"author":"Filippo Francesco Idone","twitter_card":"summary_large_image","twitter_misc":{"Scritto da":"Filippo Francesco Idone","Tempo di lettura stimato":"2 minuti"},"schema":{"@context":"https:\/\/schema.org","@graph":[{"@type":"Article","@id":"https:\/\/progettotouring.it\/radiotouring104\/2022\/11\/02\/sanita-amalia-bruni-tuona-contro-la-regione-calabria-la-situazione-della-sanita-e-drammatica\/#article","isPartOf":{"@id":"https:\/\/progettotouring.it\/radiotouring104\/2022\/11\/02\/sanita-amalia-bruni-tuona-contro-la-regione-calabria-la-situazione-della-sanita-e-drammatica\/"},"author":{"name":"Filippo Francesco Idone","@id":"https:\/\/progettotouring.it\/radiotouring104\/#\/schema\/person\/4a82259ca52ac8702ad1a8f9e5a3120b"},"headline":"Sanit\u00e0, Amalia Bruni tuona contro la Regione Calabria: &#8220;La situazione della sanit\u00e0 \u00e8 drammatica&#8221;","datePublished":"2022-11-02T11:47:19+00:00","mainEntityOfPage":{"@id":"https:\/\/progettotouring.it\/radiotouring104\/2022\/11\/02\/sanita-amalia-bruni-tuona-contro-la-regione-calabria-la-situazione-della-sanita-e-drammatica\/"},"wordCount":381,"commentCount":0,"publisher":{"@id":"https:\/\/progettotouring.it\/radiotouring104\/#organization"},"image":{"@id":"https:\/\/progettotouring.it\/radiotouring104\/2022\/11\/02\/sanita-amalia-bruni-tuona-contro-la-regione-calabria-la-situazione-della-sanita-e-drammatica\/#primaryimage"},"thumbnailUrl":"https:\/\/progettotouring.it\/radiotouring104\/wp-content\/uploads\/sites\/6\/2022\/11\/amalia-bruni.jpg","keywords":["jazzolino","Occhiuto","sanit\u00e0"],"articleSection":["Calabria","Home","News"],"inLanguage":"it-IT","potentialAction":[{"@type":"CommentAction","name":"Comment","target":["https:\/\/progettotouring.it\/radiotouring104\/2022\/11\/02\/sanita-amalia-bruni-tuona-contro-la-regione-calabria-la-situazione-della-sanita-e-drammatica\/#respond"]}]},{"@type":"WebPage","@id":"https:\/\/progettotouring.it\/radiotouring104\/2022\/11\/02\/sanita-amalia-bruni-tuona-contro-la-regione-calabria-la-situazione-della-sanita-e-drammatica\/","url":"https:\/\/progettotouring.it\/radiotouring104\/2022\/11\/02\/sanita-amalia-bruni-tuona-contro-la-regione-calabria-la-situazione-della-sanita-e-drammatica\/","name":"Sanit\u00e0, Amalia Bruni tuona contro la Regione Calabria e Occhiuto","isPartOf":{"@id":"https:\/\/progettotouring.it\/radiotouring104\/#website"},"primaryImageOfPage":{"@id":"https:\/\/progettotouring.it\/radiotouring104\/2022\/11\/02\/sanita-amalia-bruni-tuona-contro-la-regione-calabria-la-situazione-della-sanita-e-drammatica\/#primaryimage"},"image":{"@id":"https:\/\/progettotouring.it\/radiotouring104\/2022\/11\/02\/sanita-amalia-bruni-tuona-contro-la-regione-calabria-la-situazione-della-sanita-e-drammatica\/#primaryimage"},"thumbnailUrl":"https:\/\/progettotouring.it\/radiotouring104\/wp-content\/uploads\/sites\/6\/2022\/11\/amalia-bruni.jpg","datePublished":"2022-11-02T11:47:19+00:00","description":"Amalia Bruni, leader dell'opposizione in Consiglio Regionale, lancia un grido d'allarme per la situazione della sanit\u00e0 calabrese","breadcrumb":{"@id":"https:\/\/progettotouring.it\/radiotouring104\/2022\/11\/02\/sanita-amalia-bruni-tuona-contro-la-regione-calabria-la-situazione-della-sanita-e-drammatica\/#breadcrumb"},"inLanguage":"it-IT","potentialAction":[{"@type":"ReadAction","target":["https:\/\/progettotouring.it\/radiotouring104\/2022\/11\/02\/sanita-amalia-bruni-tuona-contro-la-regione-calabria-la-situazione-della-sanita-e-drammatica\/"]}]},{"@type":"ImageObject","inLanguage":"it-IT","@id":"https:\/\/progettotouring.it\/radiotouring104\/2022\/11\/02\/sanita-amalia-bruni-tuona-contro-la-regione-calabria-la-situazione-della-sanita-e-drammatica\/#primaryimage","url":"https:\/\/progettotouring.it\/radiotouring104\/wp-content\/uploads\/sites\/6\/2022\/11\/amalia-bruni.jpg","contentUrl":"https:\/\/progettotouring.it\/radiotouring104\/wp-content\/uploads\/sites\/6\/2022\/11\/amalia-bruni.jpg","width":1077,"height":1013},{"@type":"BreadcrumbList","@id":"https:\/\/progettotouring.it\/radiotouring104\/2022\/11\/02\/sanita-amalia-bruni-tuona-contro-la-regione-calabria-la-situazione-della-sanita-e-drammatica\/#breadcrumb","itemListElement":[{"@type":"ListItem","position":1,"name":"Home","item":"https:\/\/progettotouring.it\/radiotouring104\/"},{"@type":"ListItem","position":2,"name":"Sanit\u00e0, Amalia Bruni tuona contro la Regione Calabria: &#8220;La situazione della sanit\u00e0 \u00e8 drammatica&#8221;"}]},{"@type":"WebSite","@id":"https:\/\/progettotouring.it\/radiotouring104\/#website","url":"https:\/\/progettotouring.it\/radiotouring104\/","name":"Radio Touring 104","description":"La prima radio Reggina","publisher":{"@id":"https:\/\/progettotouring.it\/radiotouring104\/#organization"},"potentialAction":[{"@type":"SearchAction","target":{"@type":"EntryPoint","urlTemplate":"https:\/\/progettotouring.it\/radiotouring104\/?s={search_term_string}"},"query-input":{"@type":"PropertyValueSpecification","valueRequired":true,"valueName":"search_term_string"}}],"inLanguage":"it-IT"},{"@type":"Organization","@id":"https:\/\/progettotouring.it\/radiotouring104\/#organization","name":"Radio Touring 104","url":"https:\/\/progettotouring.it\/radiotouring104\/","logo":{"@type":"ImageObject","inLanguage":"it-IT","@id":"https:\/\/progettotouring.it\/radiotouring104\/#\/schema\/logo\/image\/","url":"https:\/\/progettotouring.it\/radiotouring104\/wp-content\/uploads\/sites\/6\/2022\/02\/cropped-logo-radio-touring-104.png","contentUrl":"https:\/\/progettotouring.it\/radiotouring104\/wp-content\/uploads\/sites\/6\/2022\/02\/cropped-logo-radio-touring-104.png","width":377,"height":182,"caption":"Radio Touring 104"},"image":{"@id":"https:\/\/progettotouring.it\/radiotouring104\/#\/schema\/logo\/image\/"}},{"@type":"Person","@id":"https:\/\/progettotouring.it\/radiotouring104\/#\/schema\/person\/4a82259ca52ac8702ad1a8f9e5a3120b","name":"Filippo Francesco Idone","image":{"@type":"ImageObject","inLanguage":"it-IT","@id":"https:\/\/secure.gravatar.com\/avatar\/7268715d2366395c3dd314385670e6484117d44f5c442e61e230f7008b7b62d3?s=96&d=mm&r=g","url":"https:\/\/secure.gravatar.com\/avatar\/7268715d2366395c3dd314385670e6484117d44f5c442e61e230f7008b7b62d3?s=96&d=mm&r=g","contentUrl":"https:\/\/secure.gravatar.com\/avatar\/7268715d2366395c3dd314385670e6484117d44f5c442e61e230f7008b7b62d3?s=96&d=mm&r=g","caption":"Filippo Francesco Idone"},"url":"https:\/\/progettotouring.it\/radiotouring104\/author\/filippoidone\/"}]}},"jetpack_publicize_connections":[],"jetpack_featured_media_url":"https:\/\/progettotouring.it\/radiotouring104\/wp-content\/uploads\/sites\/6\/2022\/11\/amalia-bruni.jpg","jetpack_sharing_enabled":true,"_links":{"self":[{"href":"https:\/\/progettotouring.it\/radiotouring104\/wp-json\/wp\/v2\/posts\/11330","targetHints":{"allow":["GET"]}}],"collection":[{"href":"https:\/\/progettotouring.it\/radiotouring104\/wp-json\/wp\/v2\/posts"}],"about":[{"href":"https:\/\/progettotouring.it\/radiotouring104\/wp-json\/wp\/v2\/types\/post"}],"author":[{"embeddable":true,"href":"https:\/\/progettotouring.it\/radiotouring104\/wp-json\/wp\/v2\/users\/8"}],"replies":[{"embeddable":true,"href":"https:\/\/progettotouring.it\/radiotouring104\/wp-json\/wp\/v2\/comments?post=11330"}],"version-history":[{"count":1,"href":"https:\/\/progettotouring.it\/radiotouring104\/wp-json\/wp\/v2\/posts\/11330\/revisions"}],"predecessor-version":[{"id":11333,"href":"https:\/\/progettotouring.it\/radiotouring104\/wp-json\/wp\/v2\/posts\/11330\/revisions\/11333"}],"wp:featuredmedia":[{"embeddable":true,"href":"https:\/\/progettotouring.it\/radiotouring104\/wp-json\/wp\/v2\/media\/11332"}],"wp:attachment":[{"href":"https:\/\/progettotouring.it\/radiotouring104\/wp-json\/wp\/v2\/media?parent=11330"}],"wp:term":[{"taxonomy":"category","embeddable":true,"href":"https:\/\/progettotouring.it\/radiotouring104\/wp-json\/wp\/v2\/categories?post=11330"},{"taxonomy":"post_tag","embeddable":true,"href":"https:\/\/progettotouring.it\/radiotouring104\/wp-json\/wp\/v2\/tags?post=11330"}],"curies":[{"name":"wp","href":"https:\/\/api.w.org\/{rel}","templated":true}]}}