{"id":11334,"date":"2022-11-02T12:57:56","date_gmt":"2022-11-02T11:57:56","guid":{"rendered":"https:\/\/progettotouring.it\/radiotouring104\/?p=11334"},"modified":"2022-11-03T11:50:26","modified_gmt":"2022-11-03T10:50:26","slug":"reggio-calabria-la-protezione-civile-allestira-una-mostra-sulla-prevenzione-dei-terremoti","status":"publish","type":"post","link":"https:\/\/progettotouring.it\/radiotouring104\/2022\/11\/02\/reggio-calabria-la-protezione-civile-allestira-una-mostra-sulla-prevenzione-dei-terremoti\/","title":{"rendered":"Reggio Calabria: la Protezione Civile allestir\u00e0 una mostra sulla prevenzione dei terremoti"},"content":{"rendered":"<p style=\"text-align: justify\"><em>&#8220;Il rischio sismico tra conoscenza, memoria ed esperienza. Una full-immersion nella prevenzione toccata con mano. Sar\u00e0 questo la mostra allestita all&#8217;interno della grande tensostruttura della<strong> Protezione Civile presso il lungomare di Reggio,<\/strong> nelle adiacenze della <strong>Stazione Lido<\/strong> che rientra nell&#8217;ambito dell&#8217;esercitazione nazionale sulla gestione dei terremoti che prender\u00e0 il via il 4 novembre in tutta l&#8217;Area dello Stretto. Vi aspettiamo numerosissimi, perch\u00e9 conoscere significa prevenire&#8221;<\/em>. E&#8217; l&#8217;invito formulato dal vicepresidente della Regione con delega all&#8217;Istruzione, Giusi Princi, e dell&#8217;assessore regionale alle Infrastrutture,<strong> Mauro Dolce,<\/strong> che, tramite una nota congiunta, informano la cittadinanza, in particolare le scolaresche, che dal 4 novembre al 3 dicembre sar\u00e0 attiva la grande mostra itinerante <strong>&#8220;Terremoti d&#8217;Italia&#8221;<\/strong>, realizzata dal Dipartimento nazionale della Protezione Civile, con il contributo del Dipartimento regionale, per conoscere da vicino uno dei rischi naturali che pi\u00f9 interessano il nostro Paese: il rischio sismico. &#8220;<em>Solo dal 1900 ad oggi, in Italia<\/em> &#8211; \u00e8 detto in un comunicato &#8211; <em>sono stati ben 60 i terremoti che hanno provocato danni gravi; 20 di questi hanno avuto effetti talmente distruttivi da causare la morte di 120mila persone, oltre che la devastazione di interi centri urbani. E tra questi si annovera anche quello del 1908, che distrusse le citt\u00e0 di <strong>Reggio<\/strong> e <strong>Messina<\/strong>. Tutt&#8217;oggi, quasi met\u00e0 del nostro Paese \u00e8 soggetta ad elevata pericolosit\u00e0 sismica&#8221;.<\/em><\/p>\n<p style=\"text-align: justify\"><em> &#8220;E Reggio e la Calabria, infatti<\/em> &#8211; sostiene Princi &#8211; <em>non sono da meno, come ci insegnano la memoria storica ed i frequenti lievi episodi anche molto recenti motivo per il quale occorre attivare azioni di sensibilizzazione al fenomeno dei terremoti e di acquisizione di comportamenti adeguati alle situazioni di pericolo. L&#8217;obiettivo della mostra \u00e8 proprio far s\u00ec che i visitatori, attraverso un percorso conoscitivo e sensoriale, acquisiscano una maggiore consapevolezza del rischio, tutelando se stessi e gli altri.&#8221;<\/em> L&#8217;attuale assessore regionale alle Infrastrutture<strong>, Mauro Dolce,<\/strong> ha ideato e progettato la mostra, di cui beneficia tutto il Paese, quando era nel Dipartimento nazionale della Protezione civile. <em>&#8220;L&#8217;idea di una mostra itinerante sui terremoti nasceva nel 2007<\/em> &#8211; afferma Dolce &#8211;<em> in occasione del 10mo anniversario del terremoto<strong> Umbria-Marche,<\/strong> per l&#8217;esigenza di far crescere la consapevolezza del rischio sismico in un territorio soggetto in maniera diffusa a tale rischio, che nella storia ha ciclicamente provocato distruzione un po&#8217; in tutta Italia. Fin da allora la mostra \u00e8 stata concepita per essere fruita da tutti i cittadini, senza distinzione di et\u00e0, come un percorso di conoscenza del fenomeno, della storia, degli strumenti di misura e di prevenzione, fino ad una forte esperienza sensoriale attraverso i simulatori sismici che proponiamo,<strong> &#8216;Stanza Sismica&#8217; e &#8216;Citt\u00e0 Sismica&#8217;,<\/strong> appositamente realizzati per aiutare a fissare nella memoria dei visitatori gli elementi di conoscenza proposti. In questi anni la mostra \u00e8 stata replicata decine di volte in diverse citt\u00e0 italiane ed estere (es. Bruxelles e Mosca). Sono particolarmente contento<\/em> &#8211; aggiunge l&#8217;assessore Dolce &#8211; <em>che si sia riusciti a portare la mostra anche a Reggio, dove sono certo che la popolazione, non solo di Reggio ma di tutta la Calabria, possa accrescere le proprie conoscenze e, soprattutto, la consapevolezza che fare prevenzione fa la differenza. In tale ottica, la scuola rappresenta un veicolo fondamentale per la diffusione di una cultura del rischio e di protezione civile. Per questo, un&#8217;attenzione particolare \u00e8 rivolta alle visite delle scolaresche.&#8221; <\/em><\/p>\n<p style=\"text-align: justify\">Documenti, foto, filmati e strumenti saranno messi a disposizione del pubblico per capire cos&#8217;\u00e8 il terremoto e cosa si pu\u00f2 fare per affrontarlo, per ridurne gli effetti. Il percorso espositivo, realizzato su oltre 600 mq, sar\u00e0 illustrato dai tecnici e dai volontari di protezione civile; si partir\u00e0 dalla conoscenza del fenomeno fisico e dagli strumenti utilizzati per misurarne l&#8217;intensit\u00e0, per passare poi alla storia e alla condizione sismica del nostro Paese e all&#8217;organizzazione del sistema di Protezione civile. Verranno descritti anche accorgimenti e tecnologie per rendere pi\u00f9 sicura la propria abitazione, oltre che suggerimenti sui comportamenti da adottare prima, durante e dopo le situazioni di rischio. A conclusione del percorso teorico, i visitatori potranno vivere un&#8217;esperienza dal forte impatto emotivo e sensoriale, nell&#8217;apposita &#8220;Stanza Sismica&#8221;, dove verranno riprodotti fedelmente i movimenti causati da un sisma di forte intensit\u00e0, provando cos\u00ec l&#8217;esperienza diretta del terremoto. Un altro simulatore, la <strong>&#8220;Citt\u00e0 Sismica&#8221;,<\/strong> consentir\u00e0 di osservare in prima persona gli effetti dei terremoti su edifici e ponti, riprodotti in scala. L&#8217;inaugurazione della mostra per le scuole sar\u00e0 venerd\u00ec 4 novembre. L&#8217;apertura al pubblico, con ingresso gratuito, \u00e8 da luned\u00ec a sabato, dalle 9 alle 13 e dalle 15 alle 18. (ANSA).<\/p>\n","protected":false},"excerpt":{"rendered":"<p>&#8220;Il rischio sismico tra conoscenza, memoria ed esperienza. Una full-immersion nella prevenzione toccata con mano. Sar\u00e0 questo la mostra allestita all&#8217;interno della grande tensostruttura della Protezione Civile presso il lungomare&hellip;<\/p>\n","protected":false},"author":8,"featured_media":10578,"comment_status":"open","ping_status":"open","sticky":false,"template":"","format":"standard","meta":{"_jetpack_memberships_contains_paid_content":false,"footnotes":"","jetpack_publicize_message":"","jetpack_publicize_feature_enabled":true,"jetpack_social_post_already_shared":false,"jetpack_social_options":{"image_generator_settings":{"template":"highway","default_image_id":0,"font":"","enabled":false},"version":2}},"categories":[921,150,196,140],"tags":[5228,5229,4796,588,2685,5227,5226,5192],"class_list":["post-11334","post","type-post","status-publish","format-standard","has-post-thumbnail","hentry","category-home","category-in-primo-piano","category-news","category-reggio-calabria","tag-citta-sismica","tag-dolce","tag-mauro-dolce","tag-princi","tag-protezione-civile","tag-stanza-sismica","tag-stazione-lido","tag-terremoto"],"yoast_head":"<!-- This site is optimized with the Yoast SEO plugin v27.2 - https:\/\/yoast.com\/product\/yoast-seo-wordpress\/ -->\n<title>La protezione civile far\u00e0 una mostra sulla prevenzione dei terremoti<\/title>\n<meta name=\"description\" content=\"La mostra sar\u00e0 allestita dalla Protezione Civile presso il lungomare rientra nell&#039;ambito dell&#039;esercitazione sulla gestione dei terremoti\" \/>\n<meta name=\"robots\" content=\"index, follow, max-snippet:-1, max-image-preview:large, max-video-preview:-1\" \/>\n<link rel=\"canonical\" href=\"https:\/\/progettotouring.it\/radiotouring104\/2022\/11\/02\/reggio-calabria-la-protezione-civile-allestira-una-mostra-sulla-prevenzione-dei-terremoti\/\" \/>\n<meta property=\"og:locale\" content=\"it_IT\" \/>\n<meta property=\"og:type\" content=\"article\" \/>\n<meta property=\"og:title\" content=\"La protezione civile far\u00e0 una mostra sulla prevenzione dei terremoti\" \/>\n<meta property=\"og:description\" content=\"La mostra sar\u00e0 allestita dalla Protezione Civile presso il lungomare rientra nell&#039;ambito dell&#039;esercitazione sulla gestione dei terremoti\" \/>\n<meta property=\"og:url\" content=\"https:\/\/progettotouring.it\/radiotouring104\/2022\/11\/02\/reggio-calabria-la-protezione-civile-allestira-una-mostra-sulla-prevenzione-dei-terremoti\/\" \/>\n<meta property=\"og:site_name\" content=\"Radio Touring 104\" \/>\n<meta property=\"article:published_time\" content=\"2022-11-02T11:57:56+00:00\" \/>\n<meta property=\"article:modified_time\" content=\"2022-11-03T10:50:26+00:00\" \/>\n<meta property=\"og:image\" content=\"https:\/\/progettotouring.it\/radiotouring104\/wp-content\/uploads\/sites\/6\/2022\/10\/Protezione-Civile.jpg\" \/>\n\t<meta property=\"og:image:width\" content=\"1200\" \/>\n\t<meta property=\"og:image:height\" content=\"630\" \/>\n\t<meta property=\"og:image:type\" content=\"image\/jpeg\" \/>\n<meta name=\"author\" content=\"Filippo Francesco Idone\" \/>\n<meta name=\"twitter:card\" content=\"summary_large_image\" \/>\n<meta name=\"twitter:label1\" content=\"Scritto da\" \/>\n\t<meta name=\"twitter:data1\" content=\"Filippo Francesco Idone\" \/>\n\t<meta name=\"twitter:label2\" content=\"Tempo di lettura stimato\" \/>\n\t<meta name=\"twitter:data2\" content=\"4 minuti\" \/>\n<script type=\"application\/ld+json\" class=\"yoast-schema-graph\">{\"@context\":\"https:\/\/schema.org\",\"@graph\":[{\"@type\":\"Article\",\"@id\":\"https:\/\/progettotouring.it\/radiotouring104\/2022\/11\/02\/reggio-calabria-la-protezione-civile-allestira-una-mostra-sulla-prevenzione-dei-terremoti\/#article\",\"isPartOf\":{\"@id\":\"https:\/\/progettotouring.it\/radiotouring104\/2022\/11\/02\/reggio-calabria-la-protezione-civile-allestira-una-mostra-sulla-prevenzione-dei-terremoti\/\"},\"author\":{\"name\":\"Filippo Francesco Idone\",\"@id\":\"https:\/\/progettotouring.it\/radiotouring104\/#\/schema\/person\/4a82259ca52ac8702ad1a8f9e5a3120b\"},\"headline\":\"Reggio Calabria: la Protezione Civile allestir\u00e0 una mostra sulla prevenzione dei terremoti\",\"datePublished\":\"2022-11-02T11:57:56+00:00\",\"dateModified\":\"2022-11-03T10:50:26+00:00\",\"mainEntityOfPage\":{\"@id\":\"https:\/\/progettotouring.it\/radiotouring104\/2022\/11\/02\/reggio-calabria-la-protezione-civile-allestira-una-mostra-sulla-prevenzione-dei-terremoti\/\"},\"wordCount\":735,\"commentCount\":0,\"publisher\":{\"@id\":\"https:\/\/progettotouring.it\/radiotouring104\/#organization\"},\"image\":{\"@id\":\"https:\/\/progettotouring.it\/radiotouring104\/2022\/11\/02\/reggio-calabria-la-protezione-civile-allestira-una-mostra-sulla-prevenzione-dei-terremoti\/#primaryimage\"},\"thumbnailUrl\":\"https:\/\/progettotouring.it\/radiotouring104\/wp-content\/uploads\/sites\/6\/2022\/10\/Protezione-Civile.jpg\",\"keywords\":[\"Citt\u00e0 Sismica\",\"dolce\",\"mauro dolce\",\"princi\",\"protezione civile\",\"Stanza Sismica\",\"Stazione Lido\",\"Terremoto\"],\"articleSection\":[\"Home\",\"In primo piano\",\"News\",\"Reggio Calabria\"],\"inLanguage\":\"it-IT\",\"potentialAction\":[{\"@type\":\"CommentAction\",\"name\":\"Comment\",\"target\":[\"https:\/\/progettotouring.it\/radiotouring104\/2022\/11\/02\/reggio-calabria-la-protezione-civile-allestira-una-mostra-sulla-prevenzione-dei-terremoti\/#respond\"]}]},{\"@type\":\"WebPage\",\"@id\":\"https:\/\/progettotouring.it\/radiotouring104\/2022\/11\/02\/reggio-calabria-la-protezione-civile-allestira-una-mostra-sulla-prevenzione-dei-terremoti\/\",\"url\":\"https:\/\/progettotouring.it\/radiotouring104\/2022\/11\/02\/reggio-calabria-la-protezione-civile-allestira-una-mostra-sulla-prevenzione-dei-terremoti\/\",\"name\":\"La protezione civile far\u00e0 una mostra sulla prevenzione dei terremoti\",\"isPartOf\":{\"@id\":\"https:\/\/progettotouring.it\/radiotouring104\/#website\"},\"primaryImageOfPage\":{\"@id\":\"https:\/\/progettotouring.it\/radiotouring104\/2022\/11\/02\/reggio-calabria-la-protezione-civile-allestira-una-mostra-sulla-prevenzione-dei-terremoti\/#primaryimage\"},\"image\":{\"@id\":\"https:\/\/progettotouring.it\/radiotouring104\/2022\/11\/02\/reggio-calabria-la-protezione-civile-allestira-una-mostra-sulla-prevenzione-dei-terremoti\/#primaryimage\"},\"thumbnailUrl\":\"https:\/\/progettotouring.it\/radiotouring104\/wp-content\/uploads\/sites\/6\/2022\/10\/Protezione-Civile.jpg\",\"datePublished\":\"2022-11-02T11:57:56+00:00\",\"dateModified\":\"2022-11-03T10:50:26+00:00\",\"description\":\"La mostra sar\u00e0 allestita dalla Protezione Civile presso il lungomare rientra nell'ambito dell'esercitazione sulla gestione dei terremoti\",\"breadcrumb\":{\"@id\":\"https:\/\/progettotouring.it\/radiotouring104\/2022\/11\/02\/reggio-calabria-la-protezione-civile-allestira-una-mostra-sulla-prevenzione-dei-terremoti\/#breadcrumb\"},\"inLanguage\":\"it-IT\",\"potentialAction\":[{\"@type\":\"ReadAction\",\"target\":[\"https:\/\/progettotouring.it\/radiotouring104\/2022\/11\/02\/reggio-calabria-la-protezione-civile-allestira-una-mostra-sulla-prevenzione-dei-terremoti\/\"]}]},{\"@type\":\"ImageObject\",\"inLanguage\":\"it-IT\",\"@id\":\"https:\/\/progettotouring.it\/radiotouring104\/2022\/11\/02\/reggio-calabria-la-protezione-civile-allestira-una-mostra-sulla-prevenzione-dei-terremoti\/#primaryimage\",\"url\":\"https:\/\/progettotouring.it\/radiotouring104\/wp-content\/uploads\/sites\/6\/2022\/10\/Protezione-Civile.jpg\",\"contentUrl\":\"https:\/\/progettotouring.it\/radiotouring104\/wp-content\/uploads\/sites\/6\/2022\/10\/Protezione-Civile.jpg\",\"width\":1200,\"height\":630},{\"@type\":\"BreadcrumbList\",\"@id\":\"https:\/\/progettotouring.it\/radiotouring104\/2022\/11\/02\/reggio-calabria-la-protezione-civile-allestira-una-mostra-sulla-prevenzione-dei-terremoti\/#breadcrumb\",\"itemListElement\":[{\"@type\":\"ListItem\",\"position\":1,\"name\":\"Home\",\"item\":\"https:\/\/progettotouring.it\/radiotouring104\/\"},{\"@type\":\"ListItem\",\"position\":2,\"name\":\"Reggio Calabria: la Protezione Civile allestir\u00e0 una mostra sulla prevenzione dei terremoti\"}]},{\"@type\":\"WebSite\",\"@id\":\"https:\/\/progettotouring.it\/radiotouring104\/#website\",\"url\":\"https:\/\/progettotouring.it\/radiotouring104\/\",\"name\":\"Radio Touring 104\",\"description\":\"La prima radio Reggina\",\"publisher\":{\"@id\":\"https:\/\/progettotouring.it\/radiotouring104\/#organization\"},\"potentialAction\":[{\"@type\":\"SearchAction\",\"target\":{\"@type\":\"EntryPoint\",\"urlTemplate\":\"https:\/\/progettotouring.it\/radiotouring104\/?s={search_term_string}\"},\"query-input\":{\"@type\":\"PropertyValueSpecification\",\"valueRequired\":true,\"valueName\":\"search_term_string\"}}],\"inLanguage\":\"it-IT\"},{\"@type\":\"Organization\",\"@id\":\"https:\/\/progettotouring.it\/radiotouring104\/#organization\",\"name\":\"Radio Touring 104\",\"url\":\"https:\/\/progettotouring.it\/radiotouring104\/\",\"logo\":{\"@type\":\"ImageObject\",\"inLanguage\":\"it-IT\",\"@id\":\"https:\/\/progettotouring.it\/radiotouring104\/#\/schema\/logo\/image\/\",\"url\":\"https:\/\/progettotouring.it\/radiotouring104\/wp-content\/uploads\/sites\/6\/2022\/02\/cropped-logo-radio-touring-104.png\",\"contentUrl\":\"https:\/\/progettotouring.it\/radiotouring104\/wp-content\/uploads\/sites\/6\/2022\/02\/cropped-logo-radio-touring-104.png\",\"width\":377,\"height\":182,\"caption\":\"Radio Touring 104\"},\"image\":{\"@id\":\"https:\/\/progettotouring.it\/radiotouring104\/#\/schema\/logo\/image\/\"}},{\"@type\":\"Person\",\"@id\":\"https:\/\/progettotouring.it\/radiotouring104\/#\/schema\/person\/4a82259ca52ac8702ad1a8f9e5a3120b\",\"name\":\"Filippo Francesco Idone\",\"image\":{\"@type\":\"ImageObject\",\"inLanguage\":\"it-IT\",\"@id\":\"https:\/\/secure.gravatar.com\/avatar\/7268715d2366395c3dd314385670e6484117d44f5c442e61e230f7008b7b62d3?s=96&d=mm&r=g\",\"url\":\"https:\/\/secure.gravatar.com\/avatar\/7268715d2366395c3dd314385670e6484117d44f5c442e61e230f7008b7b62d3?s=96&d=mm&r=g\",\"contentUrl\":\"https:\/\/secure.gravatar.com\/avatar\/7268715d2366395c3dd314385670e6484117d44f5c442e61e230f7008b7b62d3?s=96&d=mm&r=g\",\"caption\":\"Filippo Francesco Idone\"},\"url\":\"https:\/\/progettotouring.it\/radiotouring104\/author\/filippoidone\/\"}]}<\/script>\n<!-- \/ Yoast SEO plugin. -->","yoast_head_json":{"title":"La protezione civile far\u00e0 una mostra sulla prevenzione dei terremoti","description":"La mostra sar\u00e0 allestita dalla Protezione Civile presso il lungomare rientra nell'ambito dell'esercitazione sulla gestione dei terremoti","robots":{"index":"index","follow":"follow","max-snippet":"max-snippet:-1","max-image-preview":"max-image-preview:large","max-video-preview":"max-video-preview:-1"},"canonical":"https:\/\/progettotouring.it\/radiotouring104\/2022\/11\/02\/reggio-calabria-la-protezione-civile-allestira-una-mostra-sulla-prevenzione-dei-terremoti\/","og_locale":"it_IT","og_type":"article","og_title":"La protezione civile far\u00e0 una mostra sulla prevenzione dei terremoti","og_description":"La mostra sar\u00e0 allestita dalla Protezione Civile presso il lungomare rientra nell'ambito dell'esercitazione sulla gestione dei terremoti","og_url":"https:\/\/progettotouring.it\/radiotouring104\/2022\/11\/02\/reggio-calabria-la-protezione-civile-allestira-una-mostra-sulla-prevenzione-dei-terremoti\/","og_site_name":"Radio Touring 104","article_published_time":"2022-11-02T11:57:56+00:00","article_modified_time":"2022-11-03T10:50:26+00:00","og_image":[{"width":1200,"height":630,"url":"https:\/\/progettotouring.it\/radiotouring104\/wp-content\/uploads\/sites\/6\/2022\/10\/Protezione-Civile.jpg","type":"image\/jpeg"}],"author":"Filippo Francesco Idone","twitter_card":"summary_large_image","twitter_misc":{"Scritto da":"Filippo Francesco Idone","Tempo di lettura stimato":"4 minuti"},"schema":{"@context":"https:\/\/schema.org","@graph":[{"@type":"Article","@id":"https:\/\/progettotouring.it\/radiotouring104\/2022\/11\/02\/reggio-calabria-la-protezione-civile-allestira-una-mostra-sulla-prevenzione-dei-terremoti\/#article","isPartOf":{"@id":"https:\/\/progettotouring.it\/radiotouring104\/2022\/11\/02\/reggio-calabria-la-protezione-civile-allestira-una-mostra-sulla-prevenzione-dei-terremoti\/"},"author":{"name":"Filippo Francesco Idone","@id":"https:\/\/progettotouring.it\/radiotouring104\/#\/schema\/person\/4a82259ca52ac8702ad1a8f9e5a3120b"},"headline":"Reggio Calabria: la Protezione Civile allestir\u00e0 una mostra sulla prevenzione dei terremoti","datePublished":"2022-11-02T11:57:56+00:00","dateModified":"2022-11-03T10:50:26+00:00","mainEntityOfPage":{"@id":"https:\/\/progettotouring.it\/radiotouring104\/2022\/11\/02\/reggio-calabria-la-protezione-civile-allestira-una-mostra-sulla-prevenzione-dei-terremoti\/"},"wordCount":735,"commentCount":0,"publisher":{"@id":"https:\/\/progettotouring.it\/radiotouring104\/#organization"},"image":{"@id":"https:\/\/progettotouring.it\/radiotouring104\/2022\/11\/02\/reggio-calabria-la-protezione-civile-allestira-una-mostra-sulla-prevenzione-dei-terremoti\/#primaryimage"},"thumbnailUrl":"https:\/\/progettotouring.it\/radiotouring104\/wp-content\/uploads\/sites\/6\/2022\/10\/Protezione-Civile.jpg","keywords":["Citt\u00e0 Sismica","dolce","mauro dolce","princi","protezione civile","Stanza Sismica","Stazione Lido","Terremoto"],"articleSection":["Home","In primo piano","News","Reggio Calabria"],"inLanguage":"it-IT","potentialAction":[{"@type":"CommentAction","name":"Comment","target":["https:\/\/progettotouring.it\/radiotouring104\/2022\/11\/02\/reggio-calabria-la-protezione-civile-allestira-una-mostra-sulla-prevenzione-dei-terremoti\/#respond"]}]},{"@type":"WebPage","@id":"https:\/\/progettotouring.it\/radiotouring104\/2022\/11\/02\/reggio-calabria-la-protezione-civile-allestira-una-mostra-sulla-prevenzione-dei-terremoti\/","url":"https:\/\/progettotouring.it\/radiotouring104\/2022\/11\/02\/reggio-calabria-la-protezione-civile-allestira-una-mostra-sulla-prevenzione-dei-terremoti\/","name":"La protezione civile far\u00e0 una mostra sulla prevenzione dei terremoti","isPartOf":{"@id":"https:\/\/progettotouring.it\/radiotouring104\/#website"},"primaryImageOfPage":{"@id":"https:\/\/progettotouring.it\/radiotouring104\/2022\/11\/02\/reggio-calabria-la-protezione-civile-allestira-una-mostra-sulla-prevenzione-dei-terremoti\/#primaryimage"},"image":{"@id":"https:\/\/progettotouring.it\/radiotouring104\/2022\/11\/02\/reggio-calabria-la-protezione-civile-allestira-una-mostra-sulla-prevenzione-dei-terremoti\/#primaryimage"},"thumbnailUrl":"https:\/\/progettotouring.it\/radiotouring104\/wp-content\/uploads\/sites\/6\/2022\/10\/Protezione-Civile.jpg","datePublished":"2022-11-02T11:57:56+00:00","dateModified":"2022-11-03T10:50:26+00:00","description":"La mostra sar\u00e0 allestita dalla Protezione Civile presso il lungomare rientra nell'ambito dell'esercitazione sulla gestione dei terremoti","breadcrumb":{"@id":"https:\/\/progettotouring.it\/radiotouring104\/2022\/11\/02\/reggio-calabria-la-protezione-civile-allestira-una-mostra-sulla-prevenzione-dei-terremoti\/#breadcrumb"},"inLanguage":"it-IT","potentialAction":[{"@type":"ReadAction","target":["https:\/\/progettotouring.it\/radiotouring104\/2022\/11\/02\/reggio-calabria-la-protezione-civile-allestira-una-mostra-sulla-prevenzione-dei-terremoti\/"]}]},{"@type":"ImageObject","inLanguage":"it-IT","@id":"https:\/\/progettotouring.it\/radiotouring104\/2022\/11\/02\/reggio-calabria-la-protezione-civile-allestira-una-mostra-sulla-prevenzione-dei-terremoti\/#primaryimage","url":"https:\/\/progettotouring.it\/radiotouring104\/wp-content\/uploads\/sites\/6\/2022\/10\/Protezione-Civile.jpg","contentUrl":"https:\/\/progettotouring.it\/radiotouring104\/wp-content\/uploads\/sites\/6\/2022\/10\/Protezione-Civile.jpg","width":1200,"height":630},{"@type":"BreadcrumbList","@id":"https:\/\/progettotouring.it\/radiotouring104\/2022\/11\/02\/reggio-calabria-la-protezione-civile-allestira-una-mostra-sulla-prevenzione-dei-terremoti\/#breadcrumb","itemListElement":[{"@type":"ListItem","position":1,"name":"Home","item":"https:\/\/progettotouring.it\/radiotouring104\/"},{"@type":"ListItem","position":2,"name":"Reggio Calabria: la Protezione Civile allestir\u00e0 una mostra sulla prevenzione dei terremoti"}]},{"@type":"WebSite","@id":"https:\/\/progettotouring.it\/radiotouring104\/#website","url":"https:\/\/progettotouring.it\/radiotouring104\/","name":"Radio Touring 104","description":"La prima radio Reggina","publisher":{"@id":"https:\/\/progettotouring.it\/radiotouring104\/#organization"},"potentialAction":[{"@type":"SearchAction","target":{"@type":"EntryPoint","urlTemplate":"https:\/\/progettotouring.it\/radiotouring104\/?s={search_term_string}"},"query-input":{"@type":"PropertyValueSpecification","valueRequired":true,"valueName":"search_term_string"}}],"inLanguage":"it-IT"},{"@type":"Organization","@id":"https:\/\/progettotouring.it\/radiotouring104\/#organization","name":"Radio Touring 104","url":"https:\/\/progettotouring.it\/radiotouring104\/","logo":{"@type":"ImageObject","inLanguage":"it-IT","@id":"https:\/\/progettotouring.it\/radiotouring104\/#\/schema\/logo\/image\/","url":"https:\/\/progettotouring.it\/radiotouring104\/wp-content\/uploads\/sites\/6\/2022\/02\/cropped-logo-radio-touring-104.png","contentUrl":"https:\/\/progettotouring.it\/radiotouring104\/wp-content\/uploads\/sites\/6\/2022\/02\/cropped-logo-radio-touring-104.png","width":377,"height":182,"caption":"Radio Touring 104"},"image":{"@id":"https:\/\/progettotouring.it\/radiotouring104\/#\/schema\/logo\/image\/"}},{"@type":"Person","@id":"https:\/\/progettotouring.it\/radiotouring104\/#\/schema\/person\/4a82259ca52ac8702ad1a8f9e5a3120b","name":"Filippo Francesco Idone","image":{"@type":"ImageObject","inLanguage":"it-IT","@id":"https:\/\/secure.gravatar.com\/avatar\/7268715d2366395c3dd314385670e6484117d44f5c442e61e230f7008b7b62d3?s=96&d=mm&r=g","url":"https:\/\/secure.gravatar.com\/avatar\/7268715d2366395c3dd314385670e6484117d44f5c442e61e230f7008b7b62d3?s=96&d=mm&r=g","contentUrl":"https:\/\/secure.gravatar.com\/avatar\/7268715d2366395c3dd314385670e6484117d44f5c442e61e230f7008b7b62d3?s=96&d=mm&r=g","caption":"Filippo Francesco Idone"},"url":"https:\/\/progettotouring.it\/radiotouring104\/author\/filippoidone\/"}]}},"jetpack_publicize_connections":[],"jetpack_featured_media_url":"https:\/\/progettotouring.it\/radiotouring104\/wp-content\/uploads\/sites\/6\/2022\/10\/Protezione-Civile.jpg","jetpack_sharing_enabled":true,"_links":{"self":[{"href":"https:\/\/progettotouring.it\/radiotouring104\/wp-json\/wp\/v2\/posts\/11334","targetHints":{"allow":["GET"]}}],"collection":[{"href":"https:\/\/progettotouring.it\/radiotouring104\/wp-json\/wp\/v2\/posts"}],"about":[{"href":"https:\/\/progettotouring.it\/radiotouring104\/wp-json\/wp\/v2\/types\/post"}],"author":[{"embeddable":true,"href":"https:\/\/progettotouring.it\/radiotouring104\/wp-json\/wp\/v2\/users\/8"}],"replies":[{"embeddable":true,"href":"https:\/\/progettotouring.it\/radiotouring104\/wp-json\/wp\/v2\/comments?post=11334"}],"version-history":[{"count":1,"href":"https:\/\/progettotouring.it\/radiotouring104\/wp-json\/wp\/v2\/posts\/11334\/revisions"}],"predecessor-version":[{"id":11339,"href":"https:\/\/progettotouring.it\/radiotouring104\/wp-json\/wp\/v2\/posts\/11334\/revisions\/11339"}],"wp:featuredmedia":[{"embeddable":true,"href":"https:\/\/progettotouring.it\/radiotouring104\/wp-json\/wp\/v2\/media\/10578"}],"wp:attachment":[{"href":"https:\/\/progettotouring.it\/radiotouring104\/wp-json\/wp\/v2\/media?parent=11334"}],"wp:term":[{"taxonomy":"category","embeddable":true,"href":"https:\/\/progettotouring.it\/radiotouring104\/wp-json\/wp\/v2\/categories?post=11334"},{"taxonomy":"post_tag","embeddable":true,"href":"https:\/\/progettotouring.it\/radiotouring104\/wp-json\/wp\/v2\/tags?post=11334"}],"curies":[{"name":"wp","href":"https:\/\/api.w.org\/{rel}","templated":true}]}}