{"id":11351,"date":"2022-11-02T13:44:23","date_gmt":"2022-11-02T12:44:23","guid":{"rendered":"https:\/\/progettotouring.it\/radiotouring104\/?p=11351"},"modified":"2022-11-02T13:44:23","modified_gmt":"2022-11-02T12:44:23","slug":"condera-tradizionale-cerimonia-per-la-commemorazione-dei-defunti-presente-versace","status":"publish","type":"post","link":"https:\/\/progettotouring.it\/radiotouring104\/2022\/11\/02\/condera-tradizionale-cerimonia-per-la-commemorazione-dei-defunti-presente-versace\/","title":{"rendered":"Condera: tradizionale cerimonia per la commemorazione dei defunti. Presente Versace"},"content":{"rendered":"<p style=\"text-align: justify\">Si sono svolte quest&#8217;oggi 2 novembre a <strong>Reggio Calabria<\/strong> le tradizionali celebrazioni civili e religiose per la commemorazione dei defunti. La giornata si \u00e8 aperta con la funzione religiosa celebrata dall&#8217;Arcivescovo Fortunato Morrone al Cimitero monumentale di <strong>Condera<\/strong>. Alla cerimonia hanno preso parte il sindaco ff del Comune di <strong>Reggio Calabria, Paolo Brunetti,<\/strong> l&#8217;Assessore con delega ai servizi cimiteriali, Rocco Albanese, il sindaco ff della Citt\u00e0 Metropolitana, <strong>Carmelo<\/strong> <strong>Versace<\/strong>, ed altri rappresentanti dell&#8217;Amministrazione comunale reggina. Le cerimonie sono poi proseguite durante la mattinata, sempre al cimitero monumentale di Condera, con il conferimento delle corone di alloro, da parte della civica amministrazione, al Sacrario dei caduti della Guerra, alle Vittime del terremoto del 1908 e al Mausoleo Vigili urbani, per poi concludersi al Cimitero comunale di Archi per la deposizione della corona presso il monumento al Milite Ignoto.<\/p>\n<p><em>&#8220;Come ogni anno anche oggi in questa giornata memoriale siamo stati qui al <strong>Cimitero<\/strong> <strong>monumentale<\/strong> per omaggiare il ricordo dei nostri defunti<\/em> &#8211; ha commentato a margine della cerimonia il sindaco <strong>ff Paolo Brunetti<\/strong> &#8211; <em>ricordare \u00e8 un dovere come Amministrazione ma anche come citt\u00e0. E credo che il grado di civilt\u00e0 di una comunit\u00e0 si misuri anche da questo, da come riesce a rendere omaggio alle proprie radici e ai propri avi&#8221;. <\/em><em>&#8220;Un momento molto toccante<\/em> &#8211; ha poi affermato il sindaco <strong>ff Carmelo<\/strong> <strong>Versace<\/strong> &#8211; <em>un&#8217;occasione di partecipazione dell&#8217;intera citt\u00e0 ad una commemorazione che non deve mai scadere nella retorica, ma che invece, come ha anche affermato il <strong>Vescovo<\/strong>, deve costituire per noi una promessa di impegno per il nostro vivere quotidiano, ognuno nelle proprie funzioni&#8221;. <\/em><em>&#8220;Come amministrazione siamo stati impegnati nei giorni scorsi per fare in modo che il cimitero fosse in condizioni ottimali per questa giornata<\/em> &#8211; ha affermato <strong>l&#8217;Assessore Albanese<\/strong> <em>&#8211; intendo ringraziare tutto il personale per l&#8217;attivit\u00e0 che \u00e8 stata svolta, ma anche il <strong>Vescovo<\/strong> e le tante autorit\u00e0 che hanno inteso partecipare onorandoci della loro presenza e soprattutto rendendo omaggio ai nostri defunti&#8221;.<\/em><\/p>\n","protected":false},"excerpt":{"rendered":"<p>Si sono svolte quest&#8217;oggi 2 novembre a Reggio Calabria le tradizionali celebrazioni civili e religiose per la commemorazione dei defunti. La giornata si \u00e8 aperta con la funzione religiosa celebrata&hellip;<\/p>\n","protected":false},"author":8,"featured_media":11352,"comment_status":"open","ping_status":"open","sticky":false,"template":"","format":"standard","meta":{"_jetpack_memberships_contains_paid_content":false,"footnotes":"","jetpack_publicize_message":"","jetpack_publicize_feature_enabled":true,"jetpack_social_post_already_shared":false,"jetpack_social_options":{"image_generator_settings":{"template":"highway","default_image_id":0,"font":"","enabled":false},"version":2}},"categories":[921,196,140],"tags":[5232,495,236],"class_list":["post-11351","post","type-post","status-publish","format-standard","has-post-thumbnail","hentry","category-home","category-news","category-reggio-calabria","tag-condera","tag-paolo-brunetti","tag-reggio-calabria"],"yoast_head":"<!-- This site is optimized with the Yoast SEO plugin v27.2 - https:\/\/yoast.com\/product\/yoast-seo-wordpress\/ -->\n<title>Condera: tradizionale cerimonia per la commemorazione dei defunti<\/title>\n<meta name=\"description\" content=\"A Reggio Calabria il sindaco f.f della Citt\u00e0 Metropolitana \u00e8 stato presente alla tradizionale cerimonia per la commemorazione dei defunti\" \/>\n<meta name=\"robots\" content=\"index, follow, max-snippet:-1, max-image-preview:large, max-video-preview:-1\" \/>\n<link rel=\"canonical\" href=\"https:\/\/progettotouring.it\/radiotouring104\/2022\/11\/02\/condera-tradizionale-cerimonia-per-la-commemorazione-dei-defunti-presente-versace\/\" \/>\n<meta property=\"og:locale\" content=\"it_IT\" \/>\n<meta property=\"og:type\" content=\"article\" \/>\n<meta property=\"og:title\" content=\"Condera: tradizionale cerimonia per la commemorazione dei defunti\" \/>\n<meta property=\"og:description\" content=\"A Reggio Calabria il sindaco f.f della Citt\u00e0 Metropolitana \u00e8 stato presente alla tradizionale cerimonia per la commemorazione dei defunti\" \/>\n<meta property=\"og:url\" content=\"https:\/\/progettotouring.it\/radiotouring104\/2022\/11\/02\/condera-tradizionale-cerimonia-per-la-commemorazione-dei-defunti-presente-versace\/\" \/>\n<meta property=\"og:site_name\" content=\"Radio Touring 104\" \/>\n<meta property=\"article:published_time\" content=\"2022-11-02T12:44:23+00:00\" \/>\n<meta property=\"og:image\" content=\"https:\/\/progettotouring.it\/radiotouring104\/wp-content\/uploads\/sites\/6\/2022\/11\/versace.jpeg\" \/>\n\t<meta property=\"og:image:width\" content=\"2016\" \/>\n\t<meta property=\"og:image:height\" content=\"1134\" \/>\n\t<meta property=\"og:image:type\" content=\"image\/jpeg\" \/>\n<meta name=\"author\" content=\"Filippo Francesco Idone\" \/>\n<meta name=\"twitter:card\" content=\"summary_large_image\" \/>\n<meta name=\"twitter:label1\" content=\"Scritto da\" \/>\n\t<meta name=\"twitter:data1\" content=\"Filippo Francesco Idone\" \/>\n\t<meta name=\"twitter:label2\" content=\"Tempo di lettura stimato\" \/>\n\t<meta name=\"twitter:data2\" content=\"2 minuti\" \/>\n<script type=\"application\/ld+json\" class=\"yoast-schema-graph\">{\"@context\":\"https:\/\/schema.org\",\"@graph\":[{\"@type\":\"Article\",\"@id\":\"https:\/\/progettotouring.it\/radiotouring104\/2022\/11\/02\/condera-tradizionale-cerimonia-per-la-commemorazione-dei-defunti-presente-versace\/#article\",\"isPartOf\":{\"@id\":\"https:\/\/progettotouring.it\/radiotouring104\/2022\/11\/02\/condera-tradizionale-cerimonia-per-la-commemorazione-dei-defunti-presente-versace\/\"},\"author\":{\"name\":\"Filippo Francesco Idone\",\"@id\":\"https:\/\/progettotouring.it\/radiotouring104\/#\/schema\/person\/4a82259ca52ac8702ad1a8f9e5a3120b\"},\"headline\":\"Condera: tradizionale cerimonia per la commemorazione dei defunti. Presente Versace\",\"datePublished\":\"2022-11-02T12:44:23+00:00\",\"mainEntityOfPage\":{\"@id\":\"https:\/\/progettotouring.it\/radiotouring104\/2022\/11\/02\/condera-tradizionale-cerimonia-per-la-commemorazione-dei-defunti-presente-versace\/\"},\"wordCount\":332,\"commentCount\":0,\"publisher\":{\"@id\":\"https:\/\/progettotouring.it\/radiotouring104\/#organization\"},\"image\":{\"@id\":\"https:\/\/progettotouring.it\/radiotouring104\/2022\/11\/02\/condera-tradizionale-cerimonia-per-la-commemorazione-dei-defunti-presente-versace\/#primaryimage\"},\"thumbnailUrl\":\"https:\/\/progettotouring.it\/radiotouring104\/wp-content\/uploads\/sites\/6\/2022\/11\/versace.jpeg\",\"keywords\":[\"Condera\",\"Paolo Brunetti\",\"reggio calabria\"],\"articleSection\":[\"Home\",\"News\",\"Reggio Calabria\"],\"inLanguage\":\"it-IT\",\"potentialAction\":[{\"@type\":\"CommentAction\",\"name\":\"Comment\",\"target\":[\"https:\/\/progettotouring.it\/radiotouring104\/2022\/11\/02\/condera-tradizionale-cerimonia-per-la-commemorazione-dei-defunti-presente-versace\/#respond\"]}]},{\"@type\":\"WebPage\",\"@id\":\"https:\/\/progettotouring.it\/radiotouring104\/2022\/11\/02\/condera-tradizionale-cerimonia-per-la-commemorazione-dei-defunti-presente-versace\/\",\"url\":\"https:\/\/progettotouring.it\/radiotouring104\/2022\/11\/02\/condera-tradizionale-cerimonia-per-la-commemorazione-dei-defunti-presente-versace\/\",\"name\":\"Condera: tradizionale cerimonia per la commemorazione dei defunti\",\"isPartOf\":{\"@id\":\"https:\/\/progettotouring.it\/radiotouring104\/#website\"},\"primaryImageOfPage\":{\"@id\":\"https:\/\/progettotouring.it\/radiotouring104\/2022\/11\/02\/condera-tradizionale-cerimonia-per-la-commemorazione-dei-defunti-presente-versace\/#primaryimage\"},\"image\":{\"@id\":\"https:\/\/progettotouring.it\/radiotouring104\/2022\/11\/02\/condera-tradizionale-cerimonia-per-la-commemorazione-dei-defunti-presente-versace\/#primaryimage\"},\"thumbnailUrl\":\"https:\/\/progettotouring.it\/radiotouring104\/wp-content\/uploads\/sites\/6\/2022\/11\/versace.jpeg\",\"datePublished\":\"2022-11-02T12:44:23+00:00\",\"description\":\"A Reggio Calabria il sindaco f.f della Citt\u00e0 Metropolitana \u00e8 stato presente alla tradizionale cerimonia per la commemorazione dei defunti\",\"breadcrumb\":{\"@id\":\"https:\/\/progettotouring.it\/radiotouring104\/2022\/11\/02\/condera-tradizionale-cerimonia-per-la-commemorazione-dei-defunti-presente-versace\/#breadcrumb\"},\"inLanguage\":\"it-IT\",\"potentialAction\":[{\"@type\":\"ReadAction\",\"target\":[\"https:\/\/progettotouring.it\/radiotouring104\/2022\/11\/02\/condera-tradizionale-cerimonia-per-la-commemorazione-dei-defunti-presente-versace\/\"]}]},{\"@type\":\"ImageObject\",\"inLanguage\":\"it-IT\",\"@id\":\"https:\/\/progettotouring.it\/radiotouring104\/2022\/11\/02\/condera-tradizionale-cerimonia-per-la-commemorazione-dei-defunti-presente-versace\/#primaryimage\",\"url\":\"https:\/\/progettotouring.it\/radiotouring104\/wp-content\/uploads\/sites\/6\/2022\/11\/versace.jpeg\",\"contentUrl\":\"https:\/\/progettotouring.it\/radiotouring104\/wp-content\/uploads\/sites\/6\/2022\/11\/versace.jpeg\",\"width\":2016,\"height\":1134},{\"@type\":\"BreadcrumbList\",\"@id\":\"https:\/\/progettotouring.it\/radiotouring104\/2022\/11\/02\/condera-tradizionale-cerimonia-per-la-commemorazione-dei-defunti-presente-versace\/#breadcrumb\",\"itemListElement\":[{\"@type\":\"ListItem\",\"position\":1,\"name\":\"Home\",\"item\":\"https:\/\/progettotouring.it\/radiotouring104\/\"},{\"@type\":\"ListItem\",\"position\":2,\"name\":\"Condera: tradizionale cerimonia per la commemorazione dei defunti. Presente Versace\"}]},{\"@type\":\"WebSite\",\"@id\":\"https:\/\/progettotouring.it\/radiotouring104\/#website\",\"url\":\"https:\/\/progettotouring.it\/radiotouring104\/\",\"name\":\"Radio Touring 104\",\"description\":\"La prima radio Reggina\",\"publisher\":{\"@id\":\"https:\/\/progettotouring.it\/radiotouring104\/#organization\"},\"potentialAction\":[{\"@type\":\"SearchAction\",\"target\":{\"@type\":\"EntryPoint\",\"urlTemplate\":\"https:\/\/progettotouring.it\/radiotouring104\/?s={search_term_string}\"},\"query-input\":{\"@type\":\"PropertyValueSpecification\",\"valueRequired\":true,\"valueName\":\"search_term_string\"}}],\"inLanguage\":\"it-IT\"},{\"@type\":\"Organization\",\"@id\":\"https:\/\/progettotouring.it\/radiotouring104\/#organization\",\"name\":\"Radio Touring 104\",\"url\":\"https:\/\/progettotouring.it\/radiotouring104\/\",\"logo\":{\"@type\":\"ImageObject\",\"inLanguage\":\"it-IT\",\"@id\":\"https:\/\/progettotouring.it\/radiotouring104\/#\/schema\/logo\/image\/\",\"url\":\"https:\/\/progettotouring.it\/radiotouring104\/wp-content\/uploads\/sites\/6\/2022\/02\/cropped-logo-radio-touring-104.png\",\"contentUrl\":\"https:\/\/progettotouring.it\/radiotouring104\/wp-content\/uploads\/sites\/6\/2022\/02\/cropped-logo-radio-touring-104.png\",\"width\":377,\"height\":182,\"caption\":\"Radio Touring 104\"},\"image\":{\"@id\":\"https:\/\/progettotouring.it\/radiotouring104\/#\/schema\/logo\/image\/\"}},{\"@type\":\"Person\",\"@id\":\"https:\/\/progettotouring.it\/radiotouring104\/#\/schema\/person\/4a82259ca52ac8702ad1a8f9e5a3120b\",\"name\":\"Filippo Francesco Idone\",\"image\":{\"@type\":\"ImageObject\",\"inLanguage\":\"it-IT\",\"@id\":\"https:\/\/secure.gravatar.com\/avatar\/7268715d2366395c3dd314385670e6484117d44f5c442e61e230f7008b7b62d3?s=96&d=mm&r=g\",\"url\":\"https:\/\/secure.gravatar.com\/avatar\/7268715d2366395c3dd314385670e6484117d44f5c442e61e230f7008b7b62d3?s=96&d=mm&r=g\",\"contentUrl\":\"https:\/\/secure.gravatar.com\/avatar\/7268715d2366395c3dd314385670e6484117d44f5c442e61e230f7008b7b62d3?s=96&d=mm&r=g\",\"caption\":\"Filippo Francesco Idone\"},\"url\":\"https:\/\/progettotouring.it\/radiotouring104\/author\/filippoidone\/\"}]}<\/script>\n<!-- \/ Yoast SEO plugin. -->","yoast_head_json":{"title":"Condera: tradizionale cerimonia per la commemorazione dei defunti","description":"A Reggio Calabria il sindaco f.f della Citt\u00e0 Metropolitana \u00e8 stato presente alla tradizionale cerimonia per la commemorazione dei defunti","robots":{"index":"index","follow":"follow","max-snippet":"max-snippet:-1","max-image-preview":"max-image-preview:large","max-video-preview":"max-video-preview:-1"},"canonical":"https:\/\/progettotouring.it\/radiotouring104\/2022\/11\/02\/condera-tradizionale-cerimonia-per-la-commemorazione-dei-defunti-presente-versace\/","og_locale":"it_IT","og_type":"article","og_title":"Condera: tradizionale cerimonia per la commemorazione dei defunti","og_description":"A Reggio Calabria il sindaco f.f della Citt\u00e0 Metropolitana \u00e8 stato presente alla tradizionale cerimonia per la commemorazione dei defunti","og_url":"https:\/\/progettotouring.it\/radiotouring104\/2022\/11\/02\/condera-tradizionale-cerimonia-per-la-commemorazione-dei-defunti-presente-versace\/","og_site_name":"Radio Touring 104","article_published_time":"2022-11-02T12:44:23+00:00","og_image":[{"width":2016,"height":1134,"url":"https:\/\/progettotouring.it\/radiotouring104\/wp-content\/uploads\/sites\/6\/2022\/11\/versace.jpeg","type":"image\/jpeg"}],"author":"Filippo Francesco Idone","twitter_card":"summary_large_image","twitter_misc":{"Scritto da":"Filippo Francesco Idone","Tempo di lettura stimato":"2 minuti"},"schema":{"@context":"https:\/\/schema.org","@graph":[{"@type":"Article","@id":"https:\/\/progettotouring.it\/radiotouring104\/2022\/11\/02\/condera-tradizionale-cerimonia-per-la-commemorazione-dei-defunti-presente-versace\/#article","isPartOf":{"@id":"https:\/\/progettotouring.it\/radiotouring104\/2022\/11\/02\/condera-tradizionale-cerimonia-per-la-commemorazione-dei-defunti-presente-versace\/"},"author":{"name":"Filippo Francesco Idone","@id":"https:\/\/progettotouring.it\/radiotouring104\/#\/schema\/person\/4a82259ca52ac8702ad1a8f9e5a3120b"},"headline":"Condera: tradizionale cerimonia per la commemorazione dei defunti. Presente Versace","datePublished":"2022-11-02T12:44:23+00:00","mainEntityOfPage":{"@id":"https:\/\/progettotouring.it\/radiotouring104\/2022\/11\/02\/condera-tradizionale-cerimonia-per-la-commemorazione-dei-defunti-presente-versace\/"},"wordCount":332,"commentCount":0,"publisher":{"@id":"https:\/\/progettotouring.it\/radiotouring104\/#organization"},"image":{"@id":"https:\/\/progettotouring.it\/radiotouring104\/2022\/11\/02\/condera-tradizionale-cerimonia-per-la-commemorazione-dei-defunti-presente-versace\/#primaryimage"},"thumbnailUrl":"https:\/\/progettotouring.it\/radiotouring104\/wp-content\/uploads\/sites\/6\/2022\/11\/versace.jpeg","keywords":["Condera","Paolo Brunetti","reggio calabria"],"articleSection":["Home","News","Reggio Calabria"],"inLanguage":"it-IT","potentialAction":[{"@type":"CommentAction","name":"Comment","target":["https:\/\/progettotouring.it\/radiotouring104\/2022\/11\/02\/condera-tradizionale-cerimonia-per-la-commemorazione-dei-defunti-presente-versace\/#respond"]}]},{"@type":"WebPage","@id":"https:\/\/progettotouring.it\/radiotouring104\/2022\/11\/02\/condera-tradizionale-cerimonia-per-la-commemorazione-dei-defunti-presente-versace\/","url":"https:\/\/progettotouring.it\/radiotouring104\/2022\/11\/02\/condera-tradizionale-cerimonia-per-la-commemorazione-dei-defunti-presente-versace\/","name":"Condera: tradizionale cerimonia per la commemorazione dei defunti","isPartOf":{"@id":"https:\/\/progettotouring.it\/radiotouring104\/#website"},"primaryImageOfPage":{"@id":"https:\/\/progettotouring.it\/radiotouring104\/2022\/11\/02\/condera-tradizionale-cerimonia-per-la-commemorazione-dei-defunti-presente-versace\/#primaryimage"},"image":{"@id":"https:\/\/progettotouring.it\/radiotouring104\/2022\/11\/02\/condera-tradizionale-cerimonia-per-la-commemorazione-dei-defunti-presente-versace\/#primaryimage"},"thumbnailUrl":"https:\/\/progettotouring.it\/radiotouring104\/wp-content\/uploads\/sites\/6\/2022\/11\/versace.jpeg","datePublished":"2022-11-02T12:44:23+00:00","description":"A Reggio Calabria il sindaco f.f della Citt\u00e0 Metropolitana \u00e8 stato presente alla tradizionale cerimonia per la commemorazione dei defunti","breadcrumb":{"@id":"https:\/\/progettotouring.it\/radiotouring104\/2022\/11\/02\/condera-tradizionale-cerimonia-per-la-commemorazione-dei-defunti-presente-versace\/#breadcrumb"},"inLanguage":"it-IT","potentialAction":[{"@type":"ReadAction","target":["https:\/\/progettotouring.it\/radiotouring104\/2022\/11\/02\/condera-tradizionale-cerimonia-per-la-commemorazione-dei-defunti-presente-versace\/"]}]},{"@type":"ImageObject","inLanguage":"it-IT","@id":"https:\/\/progettotouring.it\/radiotouring104\/2022\/11\/02\/condera-tradizionale-cerimonia-per-la-commemorazione-dei-defunti-presente-versace\/#primaryimage","url":"https:\/\/progettotouring.it\/radiotouring104\/wp-content\/uploads\/sites\/6\/2022\/11\/versace.jpeg","contentUrl":"https:\/\/progettotouring.it\/radiotouring104\/wp-content\/uploads\/sites\/6\/2022\/11\/versace.jpeg","width":2016,"height":1134},{"@type":"BreadcrumbList","@id":"https:\/\/progettotouring.it\/radiotouring104\/2022\/11\/02\/condera-tradizionale-cerimonia-per-la-commemorazione-dei-defunti-presente-versace\/#breadcrumb","itemListElement":[{"@type":"ListItem","position":1,"name":"Home","item":"https:\/\/progettotouring.it\/radiotouring104\/"},{"@type":"ListItem","position":2,"name":"Condera: tradizionale cerimonia per la commemorazione dei defunti. Presente Versace"}]},{"@type":"WebSite","@id":"https:\/\/progettotouring.it\/radiotouring104\/#website","url":"https:\/\/progettotouring.it\/radiotouring104\/","name":"Radio Touring 104","description":"La prima radio Reggina","publisher":{"@id":"https:\/\/progettotouring.it\/radiotouring104\/#organization"},"potentialAction":[{"@type":"SearchAction","target":{"@type":"EntryPoint","urlTemplate":"https:\/\/progettotouring.it\/radiotouring104\/?s={search_term_string}"},"query-input":{"@type":"PropertyValueSpecification","valueRequired":true,"valueName":"search_term_string"}}],"inLanguage":"it-IT"},{"@type":"Organization","@id":"https:\/\/progettotouring.it\/radiotouring104\/#organization","name":"Radio Touring 104","url":"https:\/\/progettotouring.it\/radiotouring104\/","logo":{"@type":"ImageObject","inLanguage":"it-IT","@id":"https:\/\/progettotouring.it\/radiotouring104\/#\/schema\/logo\/image\/","url":"https:\/\/progettotouring.it\/radiotouring104\/wp-content\/uploads\/sites\/6\/2022\/02\/cropped-logo-radio-touring-104.png","contentUrl":"https:\/\/progettotouring.it\/radiotouring104\/wp-content\/uploads\/sites\/6\/2022\/02\/cropped-logo-radio-touring-104.png","width":377,"height":182,"caption":"Radio Touring 104"},"image":{"@id":"https:\/\/progettotouring.it\/radiotouring104\/#\/schema\/logo\/image\/"}},{"@type":"Person","@id":"https:\/\/progettotouring.it\/radiotouring104\/#\/schema\/person\/4a82259ca52ac8702ad1a8f9e5a3120b","name":"Filippo Francesco Idone","image":{"@type":"ImageObject","inLanguage":"it-IT","@id":"https:\/\/secure.gravatar.com\/avatar\/7268715d2366395c3dd314385670e6484117d44f5c442e61e230f7008b7b62d3?s=96&d=mm&r=g","url":"https:\/\/secure.gravatar.com\/avatar\/7268715d2366395c3dd314385670e6484117d44f5c442e61e230f7008b7b62d3?s=96&d=mm&r=g","contentUrl":"https:\/\/secure.gravatar.com\/avatar\/7268715d2366395c3dd314385670e6484117d44f5c442e61e230f7008b7b62d3?s=96&d=mm&r=g","caption":"Filippo Francesco Idone"},"url":"https:\/\/progettotouring.it\/radiotouring104\/author\/filippoidone\/"}]}},"jetpack_publicize_connections":[],"jetpack_featured_media_url":"https:\/\/progettotouring.it\/radiotouring104\/wp-content\/uploads\/sites\/6\/2022\/11\/versace.jpeg","jetpack_sharing_enabled":true,"_links":{"self":[{"href":"https:\/\/progettotouring.it\/radiotouring104\/wp-json\/wp\/v2\/posts\/11351","targetHints":{"allow":["GET"]}}],"collection":[{"href":"https:\/\/progettotouring.it\/radiotouring104\/wp-json\/wp\/v2\/posts"}],"about":[{"href":"https:\/\/progettotouring.it\/radiotouring104\/wp-json\/wp\/v2\/types\/post"}],"author":[{"embeddable":true,"href":"https:\/\/progettotouring.it\/radiotouring104\/wp-json\/wp\/v2\/users\/8"}],"replies":[{"embeddable":true,"href":"https:\/\/progettotouring.it\/radiotouring104\/wp-json\/wp\/v2\/comments?post=11351"}],"version-history":[{"count":1,"href":"https:\/\/progettotouring.it\/radiotouring104\/wp-json\/wp\/v2\/posts\/11351\/revisions"}],"predecessor-version":[{"id":11353,"href":"https:\/\/progettotouring.it\/radiotouring104\/wp-json\/wp\/v2\/posts\/11351\/revisions\/11353"}],"wp:featuredmedia":[{"embeddable":true,"href":"https:\/\/progettotouring.it\/radiotouring104\/wp-json\/wp\/v2\/media\/11352"}],"wp:attachment":[{"href":"https:\/\/progettotouring.it\/radiotouring104\/wp-json\/wp\/v2\/media?parent=11351"}],"wp:term":[{"taxonomy":"category","embeddable":true,"href":"https:\/\/progettotouring.it\/radiotouring104\/wp-json\/wp\/v2\/categories?post=11351"},{"taxonomy":"post_tag","embeddable":true,"href":"https:\/\/progettotouring.it\/radiotouring104\/wp-json\/wp\/v2\/tags?post=11351"}],"curies":[{"name":"wp","href":"https:\/\/api.w.org\/{rel}","templated":true}]}}