{"id":11369,"date":"2022-11-03T10:33:28","date_gmt":"2022-11-03T09:33:28","guid":{"rendered":"https:\/\/progettotouring.it\/radiotouring104\/?p=11369"},"modified":"2022-11-03T11:26:49","modified_gmt":"2022-11-03T10:26:49","slug":"rave-party-antoniozzi-attacca-le-polemiche-sul-decreto-legge-hanno-completamente-omesso-il-dato-di-viterbo-2021","status":"publish","type":"post","link":"https:\/\/progettotouring.it\/radiotouring104\/2022\/11\/03\/rave-party-antoniozzi-attacca-le-polemiche-sul-decreto-legge-hanno-completamente-omesso-il-dato-di-viterbo-2021\/","title":{"rendered":"Rave Party, Antoniozzi attacca: &#8220;Le polemiche sul decreto legge hanno completamente omesso il dato di Viterbo 2021&#8221;"},"content":{"rendered":"<p style=\"text-align: justify\"><em>&#8220;Le polemiche sul decreto legge relativo ai<strong> Rave party<\/strong> hanno completamente omesso il dato di <strong>Viterbo 2021,<\/strong> allorquando proprio durante un rave morirono tre persone, furono ricoverate decine di persone in coma etilico o in condizioni di overdose e accaddero altre cose molto gravi&#8221;.<\/em> Lo afferma, in una nota, Alfredo Antoniozzi, deputato di <strong>Fratelli d&#8217;Italia<\/strong>. <em>&#8220;Abbandonando il discorso relativo al decreto, che potr\u00e0 certamente essere migliorato in sede di conversione parlamentare<\/em> &#8211; aggiunge Antoniozzi &#8211; <em>voglio parlare di un problema che \u00e8 sotto gli occhi di tutti e che \u00e8 stato incredibilmente sottovalutato nell&#8217;ultimo decennio. C&#8217;\u00e8 una diffusione delle droghe tra i giovani agghiacciante e del tutto simile ai tragici anni ottanta. La differenza con allora \u00e8 che all&#8217;epoca i ragazzi morivano sulle panchine per l&#8217;eroina, mentre oggi muoiono nel silenzio o, dai 40 anni in su, per sospetti infarti dovuti quasi sempre al consumo di cocaina. I nostri giovani, e anche quelli pi\u00f9 maturi, consumano stupefacenti di ogni genere. Alcuni sono facilmente reperibili su internet, altri hanno prezzi accessibili al punto che, a differenza di 40 anni fa, non c&#8217;\u00e8 pi\u00f9 bisogno di delinquere per procurarsele&#8221;. <\/em><\/p>\n<p style=\"text-align: justify\"><em>&#8220;So bene che il mercato della droga<\/em> &#8211; sostiene ancora il parlamentare di <strong>Fdi<\/strong> &#8211; <em>\u00e8 la miniera d&#8217;oro delle mafie ma non per questo condivido le teorie antiproibizioniste. Laddove le droghe sono state liberalizzate non \u00e8 diminuita in nessun modo la dipendenza. \u00c8 stato semplicemente reso pi\u00f9 facile l&#8217;accesso all&#8217;approvvigionamento. Le comunit\u00e0 d\u00ec recupero, che fanno uno straordinario lavoro, devono poter cambiare il loro approccio, diventando parte attiva nella comunit\u00e0, sapendo che l&#8217;utenza \u00e8 cambiata. A <strong>Cosenza<\/strong>, tanto per fare un esempio, negli anni ottanta sono nate esperienze straordinarie, molte generate dal mondo cattolico. Il <strong>Delfino, Regina Pacis di don Dante Bruno,<\/strong> ma anche la coraggiosa iniziativa del compianto Salvatore Frasca che, da sindaco di Cassano, requis\u00ec i terreni dei mafiosi per far nascere una comunit\u00e0 terapeutica. Con queste persone voglio confrontarmi per preparare un disegno di legge sulla questione droga che possa prevedere gli strumenti moderni migliori per contrastare e prevenire e, nel contempo, inasprire le pene per chi trae lucro dal mercato della morte&#8221;.<\/em><\/p>\n<p style=\"text-align: justify\"><em> &#8220;Sar\u00e0 un lavoro<\/em> -prosegue ancora il deputato &#8211; <em>che avr\u00e0 bisogno del contributo di ogni segmento della societ\u00e0. Dovremo chiedere, nell&#8217;ambito di una lotta a 360 gradi alle dipendenze, maggiori risorse, con accordi tra la conferenza<strong> Stato Regioni.<\/strong> Dovremo rilanciare i <strong>Serd<\/strong> e <strong>Sert<\/strong>. Insomma, dovremo lavorare. E chiederemo il sostegno delle famiglie, della Scuola, delle parrocchie , dei centri laici. Il nemico \u00e8 forte e s\u00ec \u00e8 nutrito di un&#8217;indifferenza che dobbiamo abbandonare. Perch\u00e9 la droga \u00e8 morte e ha lasciato sulla sua strada troppe vittime<\/em>&#8220;. (ANSA).<\/p>\n","protected":false},"excerpt":{"rendered":"<p>&#8220;Le polemiche sul decreto legge relativo ai Rave party hanno completamente omesso il dato di Viterbo 2021, allorquando proprio durante un rave morirono tre persone, furono ricoverate decine di persone&hellip;<\/p>\n","protected":false},"author":8,"featured_media":11371,"comment_status":"open","ping_status":"open","sticky":false,"template":"","format":"standard","meta":{"_jetpack_memberships_contains_paid_content":false,"footnotes":"","jetpack_publicize_message":"","jetpack_publicize_feature_enabled":true,"jetpack_social_post_already_shared":false,"jetpack_social_options":{"image_generator_settings":{"template":"highway","default_image_id":0,"font":"","enabled":false},"version":2}},"categories":[921,152,196],"tags":[5245,5246,3290,5244,5247],"class_list":["post-11369","post","type-post","status-publish","format-standard","has-post-thumbnail","hentry","category-home","category-italia","category-news","tag-antoniozzi","tag-decreto-legge","tag-fratelli-ditalia","tag-rave-party","tag-viterbo-2021"],"yoast_head":"<!-- This site is optimized with the Yoast SEO plugin v27.2 - https:\/\/yoast.com\/product\/yoast-seo-wordpress\/ -->\n<title>Rave Party, Antoniozzi attacca coloro che criticano il decreto legge<\/title>\n<meta name=\"description\" content=\"Alfredo Antoniozzi, deputato di Fratelli d&#039;Italia, ribadisce con fermezza il decreto legge relativo ai Rave Party\" \/>\n<meta name=\"robots\" content=\"index, follow, max-snippet:-1, max-image-preview:large, max-video-preview:-1\" \/>\n<link rel=\"canonical\" href=\"https:\/\/progettotouring.it\/radiotouring104\/2022\/11\/03\/rave-party-antoniozzi-attacca-le-polemiche-sul-decreto-legge-hanno-completamente-omesso-il-dato-di-viterbo-2021\/\" \/>\n<meta property=\"og:locale\" content=\"it_IT\" \/>\n<meta property=\"og:type\" content=\"article\" \/>\n<meta property=\"og:title\" content=\"Rave Party, Antoniozzi attacca coloro che criticano il decreto legge\" \/>\n<meta property=\"og:description\" content=\"Alfredo Antoniozzi, deputato di Fratelli d&#039;Italia, ribadisce con fermezza il decreto legge relativo ai Rave Party\" \/>\n<meta property=\"og:url\" content=\"https:\/\/progettotouring.it\/radiotouring104\/2022\/11\/03\/rave-party-antoniozzi-attacca-le-polemiche-sul-decreto-legge-hanno-completamente-omesso-il-dato-di-viterbo-2021\/\" \/>\n<meta property=\"og:site_name\" content=\"Radio Touring 104\" \/>\n<meta property=\"article:published_time\" content=\"2022-11-03T09:33:28+00:00\" \/>\n<meta property=\"article:modified_time\" content=\"2022-11-03T10:26:49+00:00\" \/>\n<meta property=\"og:image\" content=\"https:\/\/progettotouring.it\/radiotouring104\/wp-content\/uploads\/sites\/6\/2022\/11\/Alfredo-Antoniozzi.jpeg\" \/>\n\t<meta property=\"og:image:width\" content=\"457\" \/>\n\t<meta property=\"og:image:height\" content=\"457\" \/>\n\t<meta property=\"og:image:type\" content=\"image\/jpeg\" \/>\n<meta name=\"author\" content=\"Filippo Francesco Idone\" \/>\n<meta name=\"twitter:card\" content=\"summary_large_image\" \/>\n<meta name=\"twitter:label1\" content=\"Scritto da\" \/>\n\t<meta name=\"twitter:data1\" content=\"Filippo Francesco Idone\" \/>\n\t<meta name=\"twitter:label2\" content=\"Tempo di lettura stimato\" \/>\n\t<meta name=\"twitter:data2\" content=\"2 minuti\" \/>\n<script type=\"application\/ld+json\" class=\"yoast-schema-graph\">{\"@context\":\"https:\/\/schema.org\",\"@graph\":[{\"@type\":\"Article\",\"@id\":\"https:\/\/progettotouring.it\/radiotouring104\/2022\/11\/03\/rave-party-antoniozzi-attacca-le-polemiche-sul-decreto-legge-hanno-completamente-omesso-il-dato-di-viterbo-2021\/#article\",\"isPartOf\":{\"@id\":\"https:\/\/progettotouring.it\/radiotouring104\/2022\/11\/03\/rave-party-antoniozzi-attacca-le-polemiche-sul-decreto-legge-hanno-completamente-omesso-il-dato-di-viterbo-2021\/\"},\"author\":{\"name\":\"Filippo Francesco Idone\",\"@id\":\"https:\/\/progettotouring.it\/radiotouring104\/#\/schema\/person\/4a82259ca52ac8702ad1a8f9e5a3120b\"},\"headline\":\"Rave Party, Antoniozzi attacca: &#8220;Le polemiche sul decreto legge hanno completamente omesso il dato di Viterbo 2021&#8221;\",\"datePublished\":\"2022-11-03T09:33:28+00:00\",\"dateModified\":\"2022-11-03T10:26:49+00:00\",\"mainEntityOfPage\":{\"@id\":\"https:\/\/progettotouring.it\/radiotouring104\/2022\/11\/03\/rave-party-antoniozzi-attacca-le-polemiche-sul-decreto-legge-hanno-completamente-omesso-il-dato-di-viterbo-2021\/\"},\"wordCount\":443,\"commentCount\":0,\"publisher\":{\"@id\":\"https:\/\/progettotouring.it\/radiotouring104\/#organization\"},\"image\":{\"@id\":\"https:\/\/progettotouring.it\/radiotouring104\/2022\/11\/03\/rave-party-antoniozzi-attacca-le-polemiche-sul-decreto-legge-hanno-completamente-omesso-il-dato-di-viterbo-2021\/#primaryimage\"},\"thumbnailUrl\":\"https:\/\/progettotouring.it\/radiotouring104\/wp-content\/uploads\/sites\/6\/2022\/11\/Alfredo-Antoniozzi.jpeg\",\"keywords\":[\"Antoniozzi\",\"decreto legge\",\"fratelli d'italia\",\"rave party\",\"viterbo 2021\"],\"articleSection\":[\"Home\",\"Italia\",\"News\"],\"inLanguage\":\"it-IT\",\"potentialAction\":[{\"@type\":\"CommentAction\",\"name\":\"Comment\",\"target\":[\"https:\/\/progettotouring.it\/radiotouring104\/2022\/11\/03\/rave-party-antoniozzi-attacca-le-polemiche-sul-decreto-legge-hanno-completamente-omesso-il-dato-di-viterbo-2021\/#respond\"]}]},{\"@type\":\"WebPage\",\"@id\":\"https:\/\/progettotouring.it\/radiotouring104\/2022\/11\/03\/rave-party-antoniozzi-attacca-le-polemiche-sul-decreto-legge-hanno-completamente-omesso-il-dato-di-viterbo-2021\/\",\"url\":\"https:\/\/progettotouring.it\/radiotouring104\/2022\/11\/03\/rave-party-antoniozzi-attacca-le-polemiche-sul-decreto-legge-hanno-completamente-omesso-il-dato-di-viterbo-2021\/\",\"name\":\"Rave Party, Antoniozzi attacca coloro che criticano il decreto legge\",\"isPartOf\":{\"@id\":\"https:\/\/progettotouring.it\/radiotouring104\/#website\"},\"primaryImageOfPage\":{\"@id\":\"https:\/\/progettotouring.it\/radiotouring104\/2022\/11\/03\/rave-party-antoniozzi-attacca-le-polemiche-sul-decreto-legge-hanno-completamente-omesso-il-dato-di-viterbo-2021\/#primaryimage\"},\"image\":{\"@id\":\"https:\/\/progettotouring.it\/radiotouring104\/2022\/11\/03\/rave-party-antoniozzi-attacca-le-polemiche-sul-decreto-legge-hanno-completamente-omesso-il-dato-di-viterbo-2021\/#primaryimage\"},\"thumbnailUrl\":\"https:\/\/progettotouring.it\/radiotouring104\/wp-content\/uploads\/sites\/6\/2022\/11\/Alfredo-Antoniozzi.jpeg\",\"datePublished\":\"2022-11-03T09:33:28+00:00\",\"dateModified\":\"2022-11-03T10:26:49+00:00\",\"description\":\"Alfredo Antoniozzi, deputato di Fratelli d'Italia, ribadisce con fermezza il decreto legge relativo ai Rave Party\",\"breadcrumb\":{\"@id\":\"https:\/\/progettotouring.it\/radiotouring104\/2022\/11\/03\/rave-party-antoniozzi-attacca-le-polemiche-sul-decreto-legge-hanno-completamente-omesso-il-dato-di-viterbo-2021\/#breadcrumb\"},\"inLanguage\":\"it-IT\",\"potentialAction\":[{\"@type\":\"ReadAction\",\"target\":[\"https:\/\/progettotouring.it\/radiotouring104\/2022\/11\/03\/rave-party-antoniozzi-attacca-le-polemiche-sul-decreto-legge-hanno-completamente-omesso-il-dato-di-viterbo-2021\/\"]}]},{\"@type\":\"ImageObject\",\"inLanguage\":\"it-IT\",\"@id\":\"https:\/\/progettotouring.it\/radiotouring104\/2022\/11\/03\/rave-party-antoniozzi-attacca-le-polemiche-sul-decreto-legge-hanno-completamente-omesso-il-dato-di-viterbo-2021\/#primaryimage\",\"url\":\"https:\/\/progettotouring.it\/radiotouring104\/wp-content\/uploads\/sites\/6\/2022\/11\/Alfredo-Antoniozzi.jpeg\",\"contentUrl\":\"https:\/\/progettotouring.it\/radiotouring104\/wp-content\/uploads\/sites\/6\/2022\/11\/Alfredo-Antoniozzi.jpeg\",\"width\":457,\"height\":457},{\"@type\":\"BreadcrumbList\",\"@id\":\"https:\/\/progettotouring.it\/radiotouring104\/2022\/11\/03\/rave-party-antoniozzi-attacca-le-polemiche-sul-decreto-legge-hanno-completamente-omesso-il-dato-di-viterbo-2021\/#breadcrumb\",\"itemListElement\":[{\"@type\":\"ListItem\",\"position\":1,\"name\":\"Home\",\"item\":\"https:\/\/progettotouring.it\/radiotouring104\/\"},{\"@type\":\"ListItem\",\"position\":2,\"name\":\"Rave Party, Antoniozzi attacca: &#8220;Le polemiche sul decreto legge hanno completamente omesso il dato di Viterbo 2021&#8221;\"}]},{\"@type\":\"WebSite\",\"@id\":\"https:\/\/progettotouring.it\/radiotouring104\/#website\",\"url\":\"https:\/\/progettotouring.it\/radiotouring104\/\",\"name\":\"Radio Touring 104\",\"description\":\"La prima radio Reggina\",\"publisher\":{\"@id\":\"https:\/\/progettotouring.it\/radiotouring104\/#organization\"},\"potentialAction\":[{\"@type\":\"SearchAction\",\"target\":{\"@type\":\"EntryPoint\",\"urlTemplate\":\"https:\/\/progettotouring.it\/radiotouring104\/?s={search_term_string}\"},\"query-input\":{\"@type\":\"PropertyValueSpecification\",\"valueRequired\":true,\"valueName\":\"search_term_string\"}}],\"inLanguage\":\"it-IT\"},{\"@type\":\"Organization\",\"@id\":\"https:\/\/progettotouring.it\/radiotouring104\/#organization\",\"name\":\"Radio Touring 104\",\"url\":\"https:\/\/progettotouring.it\/radiotouring104\/\",\"logo\":{\"@type\":\"ImageObject\",\"inLanguage\":\"it-IT\",\"@id\":\"https:\/\/progettotouring.it\/radiotouring104\/#\/schema\/logo\/image\/\",\"url\":\"https:\/\/progettotouring.it\/radiotouring104\/wp-content\/uploads\/sites\/6\/2022\/02\/cropped-logo-radio-touring-104.png\",\"contentUrl\":\"https:\/\/progettotouring.it\/radiotouring104\/wp-content\/uploads\/sites\/6\/2022\/02\/cropped-logo-radio-touring-104.png\",\"width\":377,\"height\":182,\"caption\":\"Radio Touring 104\"},\"image\":{\"@id\":\"https:\/\/progettotouring.it\/radiotouring104\/#\/schema\/logo\/image\/\"}},{\"@type\":\"Person\",\"@id\":\"https:\/\/progettotouring.it\/radiotouring104\/#\/schema\/person\/4a82259ca52ac8702ad1a8f9e5a3120b\",\"name\":\"Filippo Francesco Idone\",\"image\":{\"@type\":\"ImageObject\",\"inLanguage\":\"it-IT\",\"@id\":\"https:\/\/secure.gravatar.com\/avatar\/7268715d2366395c3dd314385670e6484117d44f5c442e61e230f7008b7b62d3?s=96&d=mm&r=g\",\"url\":\"https:\/\/secure.gravatar.com\/avatar\/7268715d2366395c3dd314385670e6484117d44f5c442e61e230f7008b7b62d3?s=96&d=mm&r=g\",\"contentUrl\":\"https:\/\/secure.gravatar.com\/avatar\/7268715d2366395c3dd314385670e6484117d44f5c442e61e230f7008b7b62d3?s=96&d=mm&r=g\",\"caption\":\"Filippo Francesco Idone\"},\"url\":\"https:\/\/progettotouring.it\/radiotouring104\/author\/filippoidone\/\"}]}<\/script>\n<!-- \/ Yoast SEO plugin. -->","yoast_head_json":{"title":"Rave Party, Antoniozzi attacca coloro che criticano il decreto legge","description":"Alfredo Antoniozzi, deputato di Fratelli d'Italia, ribadisce con fermezza il decreto legge relativo ai Rave Party","robots":{"index":"index","follow":"follow","max-snippet":"max-snippet:-1","max-image-preview":"max-image-preview:large","max-video-preview":"max-video-preview:-1"},"canonical":"https:\/\/progettotouring.it\/radiotouring104\/2022\/11\/03\/rave-party-antoniozzi-attacca-le-polemiche-sul-decreto-legge-hanno-completamente-omesso-il-dato-di-viterbo-2021\/","og_locale":"it_IT","og_type":"article","og_title":"Rave Party, Antoniozzi attacca coloro che criticano il decreto legge","og_description":"Alfredo Antoniozzi, deputato di Fratelli d'Italia, ribadisce con fermezza il decreto legge relativo ai Rave Party","og_url":"https:\/\/progettotouring.it\/radiotouring104\/2022\/11\/03\/rave-party-antoniozzi-attacca-le-polemiche-sul-decreto-legge-hanno-completamente-omesso-il-dato-di-viterbo-2021\/","og_site_name":"Radio Touring 104","article_published_time":"2022-11-03T09:33:28+00:00","article_modified_time":"2022-11-03T10:26:49+00:00","og_image":[{"width":457,"height":457,"url":"https:\/\/progettotouring.it\/radiotouring104\/wp-content\/uploads\/sites\/6\/2022\/11\/Alfredo-Antoniozzi.jpeg","type":"image\/jpeg"}],"author":"Filippo Francesco Idone","twitter_card":"summary_large_image","twitter_misc":{"Scritto da":"Filippo Francesco Idone","Tempo di lettura stimato":"2 minuti"},"schema":{"@context":"https:\/\/schema.org","@graph":[{"@type":"Article","@id":"https:\/\/progettotouring.it\/radiotouring104\/2022\/11\/03\/rave-party-antoniozzi-attacca-le-polemiche-sul-decreto-legge-hanno-completamente-omesso-il-dato-di-viterbo-2021\/#article","isPartOf":{"@id":"https:\/\/progettotouring.it\/radiotouring104\/2022\/11\/03\/rave-party-antoniozzi-attacca-le-polemiche-sul-decreto-legge-hanno-completamente-omesso-il-dato-di-viterbo-2021\/"},"author":{"name":"Filippo Francesco Idone","@id":"https:\/\/progettotouring.it\/radiotouring104\/#\/schema\/person\/4a82259ca52ac8702ad1a8f9e5a3120b"},"headline":"Rave Party, Antoniozzi attacca: &#8220;Le polemiche sul decreto legge hanno completamente omesso il dato di Viterbo 2021&#8221;","datePublished":"2022-11-03T09:33:28+00:00","dateModified":"2022-11-03T10:26:49+00:00","mainEntityOfPage":{"@id":"https:\/\/progettotouring.it\/radiotouring104\/2022\/11\/03\/rave-party-antoniozzi-attacca-le-polemiche-sul-decreto-legge-hanno-completamente-omesso-il-dato-di-viterbo-2021\/"},"wordCount":443,"commentCount":0,"publisher":{"@id":"https:\/\/progettotouring.it\/radiotouring104\/#organization"},"image":{"@id":"https:\/\/progettotouring.it\/radiotouring104\/2022\/11\/03\/rave-party-antoniozzi-attacca-le-polemiche-sul-decreto-legge-hanno-completamente-omesso-il-dato-di-viterbo-2021\/#primaryimage"},"thumbnailUrl":"https:\/\/progettotouring.it\/radiotouring104\/wp-content\/uploads\/sites\/6\/2022\/11\/Alfredo-Antoniozzi.jpeg","keywords":["Antoniozzi","decreto legge","fratelli d'italia","rave party","viterbo 2021"],"articleSection":["Home","Italia","News"],"inLanguage":"it-IT","potentialAction":[{"@type":"CommentAction","name":"Comment","target":["https:\/\/progettotouring.it\/radiotouring104\/2022\/11\/03\/rave-party-antoniozzi-attacca-le-polemiche-sul-decreto-legge-hanno-completamente-omesso-il-dato-di-viterbo-2021\/#respond"]}]},{"@type":"WebPage","@id":"https:\/\/progettotouring.it\/radiotouring104\/2022\/11\/03\/rave-party-antoniozzi-attacca-le-polemiche-sul-decreto-legge-hanno-completamente-omesso-il-dato-di-viterbo-2021\/","url":"https:\/\/progettotouring.it\/radiotouring104\/2022\/11\/03\/rave-party-antoniozzi-attacca-le-polemiche-sul-decreto-legge-hanno-completamente-omesso-il-dato-di-viterbo-2021\/","name":"Rave Party, Antoniozzi attacca coloro che criticano il decreto legge","isPartOf":{"@id":"https:\/\/progettotouring.it\/radiotouring104\/#website"},"primaryImageOfPage":{"@id":"https:\/\/progettotouring.it\/radiotouring104\/2022\/11\/03\/rave-party-antoniozzi-attacca-le-polemiche-sul-decreto-legge-hanno-completamente-omesso-il-dato-di-viterbo-2021\/#primaryimage"},"image":{"@id":"https:\/\/progettotouring.it\/radiotouring104\/2022\/11\/03\/rave-party-antoniozzi-attacca-le-polemiche-sul-decreto-legge-hanno-completamente-omesso-il-dato-di-viterbo-2021\/#primaryimage"},"thumbnailUrl":"https:\/\/progettotouring.it\/radiotouring104\/wp-content\/uploads\/sites\/6\/2022\/11\/Alfredo-Antoniozzi.jpeg","datePublished":"2022-11-03T09:33:28+00:00","dateModified":"2022-11-03T10:26:49+00:00","description":"Alfredo Antoniozzi, deputato di Fratelli d'Italia, ribadisce con fermezza il decreto legge relativo ai Rave Party","breadcrumb":{"@id":"https:\/\/progettotouring.it\/radiotouring104\/2022\/11\/03\/rave-party-antoniozzi-attacca-le-polemiche-sul-decreto-legge-hanno-completamente-omesso-il-dato-di-viterbo-2021\/#breadcrumb"},"inLanguage":"it-IT","potentialAction":[{"@type":"ReadAction","target":["https:\/\/progettotouring.it\/radiotouring104\/2022\/11\/03\/rave-party-antoniozzi-attacca-le-polemiche-sul-decreto-legge-hanno-completamente-omesso-il-dato-di-viterbo-2021\/"]}]},{"@type":"ImageObject","inLanguage":"it-IT","@id":"https:\/\/progettotouring.it\/radiotouring104\/2022\/11\/03\/rave-party-antoniozzi-attacca-le-polemiche-sul-decreto-legge-hanno-completamente-omesso-il-dato-di-viterbo-2021\/#primaryimage","url":"https:\/\/progettotouring.it\/radiotouring104\/wp-content\/uploads\/sites\/6\/2022\/11\/Alfredo-Antoniozzi.jpeg","contentUrl":"https:\/\/progettotouring.it\/radiotouring104\/wp-content\/uploads\/sites\/6\/2022\/11\/Alfredo-Antoniozzi.jpeg","width":457,"height":457},{"@type":"BreadcrumbList","@id":"https:\/\/progettotouring.it\/radiotouring104\/2022\/11\/03\/rave-party-antoniozzi-attacca-le-polemiche-sul-decreto-legge-hanno-completamente-omesso-il-dato-di-viterbo-2021\/#breadcrumb","itemListElement":[{"@type":"ListItem","position":1,"name":"Home","item":"https:\/\/progettotouring.it\/radiotouring104\/"},{"@type":"ListItem","position":2,"name":"Rave Party, Antoniozzi attacca: &#8220;Le polemiche sul decreto legge hanno completamente omesso il dato di Viterbo 2021&#8221;"}]},{"@type":"WebSite","@id":"https:\/\/progettotouring.it\/radiotouring104\/#website","url":"https:\/\/progettotouring.it\/radiotouring104\/","name":"Radio Touring 104","description":"La prima radio Reggina","publisher":{"@id":"https:\/\/progettotouring.it\/radiotouring104\/#organization"},"potentialAction":[{"@type":"SearchAction","target":{"@type":"EntryPoint","urlTemplate":"https:\/\/progettotouring.it\/radiotouring104\/?s={search_term_string}"},"query-input":{"@type":"PropertyValueSpecification","valueRequired":true,"valueName":"search_term_string"}}],"inLanguage":"it-IT"},{"@type":"Organization","@id":"https:\/\/progettotouring.it\/radiotouring104\/#organization","name":"Radio Touring 104","url":"https:\/\/progettotouring.it\/radiotouring104\/","logo":{"@type":"ImageObject","inLanguage":"it-IT","@id":"https:\/\/progettotouring.it\/radiotouring104\/#\/schema\/logo\/image\/","url":"https:\/\/progettotouring.it\/radiotouring104\/wp-content\/uploads\/sites\/6\/2022\/02\/cropped-logo-radio-touring-104.png","contentUrl":"https:\/\/progettotouring.it\/radiotouring104\/wp-content\/uploads\/sites\/6\/2022\/02\/cropped-logo-radio-touring-104.png","width":377,"height":182,"caption":"Radio Touring 104"},"image":{"@id":"https:\/\/progettotouring.it\/radiotouring104\/#\/schema\/logo\/image\/"}},{"@type":"Person","@id":"https:\/\/progettotouring.it\/radiotouring104\/#\/schema\/person\/4a82259ca52ac8702ad1a8f9e5a3120b","name":"Filippo Francesco Idone","image":{"@type":"ImageObject","inLanguage":"it-IT","@id":"https:\/\/secure.gravatar.com\/avatar\/7268715d2366395c3dd314385670e6484117d44f5c442e61e230f7008b7b62d3?s=96&d=mm&r=g","url":"https:\/\/secure.gravatar.com\/avatar\/7268715d2366395c3dd314385670e6484117d44f5c442e61e230f7008b7b62d3?s=96&d=mm&r=g","contentUrl":"https:\/\/secure.gravatar.com\/avatar\/7268715d2366395c3dd314385670e6484117d44f5c442e61e230f7008b7b62d3?s=96&d=mm&r=g","caption":"Filippo Francesco Idone"},"url":"https:\/\/progettotouring.it\/radiotouring104\/author\/filippoidone\/"}]}},"jetpack_publicize_connections":[],"jetpack_featured_media_url":"https:\/\/progettotouring.it\/radiotouring104\/wp-content\/uploads\/sites\/6\/2022\/11\/Alfredo-Antoniozzi.jpeg","jetpack_sharing_enabled":true,"_links":{"self":[{"href":"https:\/\/progettotouring.it\/radiotouring104\/wp-json\/wp\/v2\/posts\/11369","targetHints":{"allow":["GET"]}}],"collection":[{"href":"https:\/\/progettotouring.it\/radiotouring104\/wp-json\/wp\/v2\/posts"}],"about":[{"href":"https:\/\/progettotouring.it\/radiotouring104\/wp-json\/wp\/v2\/types\/post"}],"author":[{"embeddable":true,"href":"https:\/\/progettotouring.it\/radiotouring104\/wp-json\/wp\/v2\/users\/8"}],"replies":[{"embeddable":true,"href":"https:\/\/progettotouring.it\/radiotouring104\/wp-json\/wp\/v2\/comments?post=11369"}],"version-history":[{"count":1,"href":"https:\/\/progettotouring.it\/radiotouring104\/wp-json\/wp\/v2\/posts\/11369\/revisions"}],"predecessor-version":[{"id":11372,"href":"https:\/\/progettotouring.it\/radiotouring104\/wp-json\/wp\/v2\/posts\/11369\/revisions\/11372"}],"wp:featuredmedia":[{"embeddable":true,"href":"https:\/\/progettotouring.it\/radiotouring104\/wp-json\/wp\/v2\/media\/11371"}],"wp:attachment":[{"href":"https:\/\/progettotouring.it\/radiotouring104\/wp-json\/wp\/v2\/media?parent=11369"}],"wp:term":[{"taxonomy":"category","embeddable":true,"href":"https:\/\/progettotouring.it\/radiotouring104\/wp-json\/wp\/v2\/categories?post=11369"},{"taxonomy":"post_tag","embeddable":true,"href":"https:\/\/progettotouring.it\/radiotouring104\/wp-json\/wp\/v2\/tags?post=11369"}],"curies":[{"name":"wp","href":"https:\/\/api.w.org\/{rel}","templated":true}]}}