{"id":11377,"date":"2022-11-02T20:48:39","date_gmt":"2022-11-02T19:48:39","guid":{"rendered":"https:\/\/progettotouring.it\/radiotouring104\/?p=11377"},"modified":"2022-11-03T10:44:07","modified_gmt":"2022-11-03T09:44:07","slug":"ponte-sullo-stretto-roberto-occhiuto-incontrera-matteo-salvini","status":"publish","type":"post","link":"https:\/\/progettotouring.it\/radiotouring104\/2022\/11\/02\/ponte-sullo-stretto-roberto-occhiuto-incontrera-matteo-salvini\/","title":{"rendered":"Ponte sullo Stretto: Roberto Occhiuto incontrer\u00e0 Matteo Salvini"},"content":{"rendered":"<p style=\"text-align: justify\"><em>&#8220;L&#8217;8 di novembre mi vedr\u00f2 con il ministro <strong>Salvini<\/strong> sul tema del<strong> Ponte sullo Stretto<\/strong> ma a margine di questo incontro gli parler\u00f2 anche della statale 106, un&#8217;infrastruttura strategica&#8221;.<\/em> Lo ha detto il presidente della Regione <strong>Roberto<\/strong> <strong>Occhiuto<\/strong>. &#8220;<em>Se vogliamo investire nel Mediterraneo dobbiamo incoraggiare il potenziamento infrastrutturale dell&#8217;area. E la statale 106 \u00e8 stata qualificata come un&#8217;opera strategica per il Paese nel decreto infrastrutture del Def dove c&#8217;era l&#8217;impegno a reperire altri tre miliardi di euro. Un impegno per\u00f2 che deve trovare trovare corrispondenza nella legge di bilancio. Proprio in materia di rischio ambientale e sismico c&#8217;\u00e8 la ragione che ha condotto il precedente governo a inserire quest&#8217;opera, una strada che si sviluppa tutta sulla parte ionica della Calabria ma che \u00e8 definita oggi la &#8216;strada della morte&#8217;. Convinsi il precedente Governo evidenziando che la Calabria \u00e8 la regione pi\u00f9 sismica d&#8217;Europa, d&#8217;Italia sicuramente, esposta a rischi per eventi avversi e che qui c&#8217;\u00e8 solo un&#8217;autostrada di collegamento, l&#8217;A2. Quindi, se si dovesse interrompere l&#8217;autostrada del Mediterraneo non ci sarebbe un&#8217;altra direttrice&#8221;. A giudizio del presidente Occhiuto quindi &#8220;questo tema va posto anche in ordine alla necessit\u00e0 di consentire ai decisori istituzionali di questi territori di fronteggiare le emergenze non solo mitigando i rischi ma anche costruendo un sistema capace di reagire utilmente alle eventuali emergenze&#8221;<\/em>. (ANSA).<\/p>\n","protected":false},"excerpt":{"rendered":"<p>&#8220;L&#8217;8 di novembre mi vedr\u00f2 con il ministro Salvini sul tema del Ponte sullo Stretto ma a margine di questo incontro gli parler\u00f2 anche della statale 106, un&#8217;infrastruttura strategica&#8221;. Lo&hellip;<\/p>\n","protected":false},"author":8,"featured_media":6660,"comment_status":"open","ping_status":"open","sticky":false,"template":"","format":"standard","meta":{"_jetpack_memberships_contains_paid_content":false,"footnotes":"","jetpack_publicize_message":"","jetpack_publicize_feature_enabled":true,"jetpack_social_post_already_shared":false,"jetpack_social_options":{"image_generator_settings":{"template":"highway","default_image_id":0,"font":"","enabled":false},"version":2}},"categories":[921,196,195,140],"tags":[586,5107,2307,5251,5252,5253],"class_list":["post-11377","post","type-post","status-publish","format-standard","has-post-thumbnail","hentry","category-home","category-news","category-politica","category-reggio-calabria","tag-calabria","tag-governo","tag-occhiuto","tag-ponte-dello-stretto","tag-regione","tag-salvini"],"yoast_head":"<!-- This site is optimized with the Yoast SEO plugin v27.2 - https:\/\/yoast.com\/product\/yoast-seo-wordpress\/ -->\n<title>Ponte sullo Stretto: Roberto Occhiuto incontrer\u00e0 Matteo Salvini<\/title>\n<meta name=\"description\" content=\"Il Presidente della Regione Calabria, Roberto Occhiuto, incontrer\u00e0 Matteo Salvini per parlare del Ponte sullo Stretto\" \/>\n<meta name=\"robots\" content=\"index, follow, max-snippet:-1, max-image-preview:large, max-video-preview:-1\" \/>\n<link rel=\"canonical\" href=\"https:\/\/progettotouring.it\/radiotouring104\/2022\/11\/02\/ponte-sullo-stretto-roberto-occhiuto-incontrera-matteo-salvini\/\" \/>\n<meta property=\"og:locale\" content=\"it_IT\" \/>\n<meta property=\"og:type\" content=\"article\" \/>\n<meta property=\"og:title\" content=\"Ponte sullo Stretto: Roberto Occhiuto incontrer\u00e0 Matteo Salvini\" \/>\n<meta property=\"og:description\" content=\"Il Presidente della Regione Calabria, Roberto Occhiuto, incontrer\u00e0 Matteo Salvini per parlare del Ponte sullo Stretto\" \/>\n<meta property=\"og:url\" content=\"https:\/\/progettotouring.it\/radiotouring104\/2022\/11\/02\/ponte-sullo-stretto-roberto-occhiuto-incontrera-matteo-salvini\/\" \/>\n<meta property=\"og:site_name\" content=\"Radio Touring 104\" \/>\n<meta property=\"article:published_time\" content=\"2022-11-02T19:48:39+00:00\" \/>\n<meta property=\"article:modified_time\" content=\"2022-11-03T09:44:07+00:00\" \/>\n<meta property=\"og:image\" content=\"https:\/\/progettotouring.it\/radiotouring104\/wp-content\/uploads\/sites\/6\/2022\/06\/occhiuto-1.jpg\" \/>\n\t<meta property=\"og:image:width\" content=\"861\" \/>\n\t<meta property=\"og:image:height\" content=\"626\" \/>\n\t<meta property=\"og:image:type\" content=\"image\/jpeg\" \/>\n<meta name=\"author\" content=\"Filippo Francesco Idone\" \/>\n<meta name=\"twitter:card\" content=\"summary_large_image\" \/>\n<meta name=\"twitter:label1\" content=\"Scritto da\" \/>\n\t<meta name=\"twitter:data1\" content=\"Filippo Francesco Idone\" \/>\n\t<meta name=\"twitter:label2\" content=\"Tempo di lettura stimato\" \/>\n\t<meta name=\"twitter:data2\" content=\"1 minuto\" \/>\n<script type=\"application\/ld+json\" class=\"yoast-schema-graph\">{\"@context\":\"https:\/\/schema.org\",\"@graph\":[{\"@type\":\"Article\",\"@id\":\"https:\/\/progettotouring.it\/radiotouring104\/2022\/11\/02\/ponte-sullo-stretto-roberto-occhiuto-incontrera-matteo-salvini\/#article\",\"isPartOf\":{\"@id\":\"https:\/\/progettotouring.it\/radiotouring104\/2022\/11\/02\/ponte-sullo-stretto-roberto-occhiuto-incontrera-matteo-salvini\/\"},\"author\":{\"name\":\"Filippo Francesco Idone\",\"@id\":\"https:\/\/progettotouring.it\/radiotouring104\/#\/schema\/person\/4a82259ca52ac8702ad1a8f9e5a3120b\"},\"headline\":\"Ponte sullo Stretto: Roberto Occhiuto incontrer\u00e0 Matteo Salvini\",\"datePublished\":\"2022-11-02T19:48:39+00:00\",\"dateModified\":\"2022-11-03T09:44:07+00:00\",\"mainEntityOfPage\":{\"@id\":\"https:\/\/progettotouring.it\/radiotouring104\/2022\/11\/02\/ponte-sullo-stretto-roberto-occhiuto-incontrera-matteo-salvini\/\"},\"wordCount\":221,\"commentCount\":0,\"publisher\":{\"@id\":\"https:\/\/progettotouring.it\/radiotouring104\/#organization\"},\"image\":{\"@id\":\"https:\/\/progettotouring.it\/radiotouring104\/2022\/11\/02\/ponte-sullo-stretto-roberto-occhiuto-incontrera-matteo-salvini\/#primaryimage\"},\"thumbnailUrl\":\"https:\/\/progettotouring.it\/radiotouring104\/wp-content\/uploads\/sites\/6\/2022\/06\/occhiuto-1.jpg\",\"keywords\":[\"calabria\",\"governo\",\"Occhiuto\",\"ponte dello stretto\",\"regione\",\"salvini\"],\"articleSection\":[\"Home\",\"News\",\"Politica\",\"Reggio Calabria\"],\"inLanguage\":\"it-IT\",\"potentialAction\":[{\"@type\":\"CommentAction\",\"name\":\"Comment\",\"target\":[\"https:\/\/progettotouring.it\/radiotouring104\/2022\/11\/02\/ponte-sullo-stretto-roberto-occhiuto-incontrera-matteo-salvini\/#respond\"]}]},{\"@type\":\"WebPage\",\"@id\":\"https:\/\/progettotouring.it\/radiotouring104\/2022\/11\/02\/ponte-sullo-stretto-roberto-occhiuto-incontrera-matteo-salvini\/\",\"url\":\"https:\/\/progettotouring.it\/radiotouring104\/2022\/11\/02\/ponte-sullo-stretto-roberto-occhiuto-incontrera-matteo-salvini\/\",\"name\":\"Ponte sullo Stretto: Roberto Occhiuto incontrer\u00e0 Matteo Salvini\",\"isPartOf\":{\"@id\":\"https:\/\/progettotouring.it\/radiotouring104\/#website\"},\"primaryImageOfPage\":{\"@id\":\"https:\/\/progettotouring.it\/radiotouring104\/2022\/11\/02\/ponte-sullo-stretto-roberto-occhiuto-incontrera-matteo-salvini\/#primaryimage\"},\"image\":{\"@id\":\"https:\/\/progettotouring.it\/radiotouring104\/2022\/11\/02\/ponte-sullo-stretto-roberto-occhiuto-incontrera-matteo-salvini\/#primaryimage\"},\"thumbnailUrl\":\"https:\/\/progettotouring.it\/radiotouring104\/wp-content\/uploads\/sites\/6\/2022\/06\/occhiuto-1.jpg\",\"datePublished\":\"2022-11-02T19:48:39+00:00\",\"dateModified\":\"2022-11-03T09:44:07+00:00\",\"description\":\"Il Presidente della Regione Calabria, Roberto Occhiuto, incontrer\u00e0 Matteo Salvini per parlare del Ponte sullo Stretto\",\"breadcrumb\":{\"@id\":\"https:\/\/progettotouring.it\/radiotouring104\/2022\/11\/02\/ponte-sullo-stretto-roberto-occhiuto-incontrera-matteo-salvini\/#breadcrumb\"},\"inLanguage\":\"it-IT\",\"potentialAction\":[{\"@type\":\"ReadAction\",\"target\":[\"https:\/\/progettotouring.it\/radiotouring104\/2022\/11\/02\/ponte-sullo-stretto-roberto-occhiuto-incontrera-matteo-salvini\/\"]}]},{\"@type\":\"ImageObject\",\"inLanguage\":\"it-IT\",\"@id\":\"https:\/\/progettotouring.it\/radiotouring104\/2022\/11\/02\/ponte-sullo-stretto-roberto-occhiuto-incontrera-matteo-salvini\/#primaryimage\",\"url\":\"https:\/\/progettotouring.it\/radiotouring104\/wp-content\/uploads\/sites\/6\/2022\/06\/occhiuto-1.jpg\",\"contentUrl\":\"https:\/\/progettotouring.it\/radiotouring104\/wp-content\/uploads\/sites\/6\/2022\/06\/occhiuto-1.jpg\",\"width\":861,\"height\":626},{\"@type\":\"BreadcrumbList\",\"@id\":\"https:\/\/progettotouring.it\/radiotouring104\/2022\/11\/02\/ponte-sullo-stretto-roberto-occhiuto-incontrera-matteo-salvini\/#breadcrumb\",\"itemListElement\":[{\"@type\":\"ListItem\",\"position\":1,\"name\":\"Home\",\"item\":\"https:\/\/progettotouring.it\/radiotouring104\/\"},{\"@type\":\"ListItem\",\"position\":2,\"name\":\"Ponte sullo Stretto: Roberto Occhiuto incontrer\u00e0 Matteo Salvini\"}]},{\"@type\":\"WebSite\",\"@id\":\"https:\/\/progettotouring.it\/radiotouring104\/#website\",\"url\":\"https:\/\/progettotouring.it\/radiotouring104\/\",\"name\":\"Radio Touring 104\",\"description\":\"La prima radio Reggina\",\"publisher\":{\"@id\":\"https:\/\/progettotouring.it\/radiotouring104\/#organization\"},\"potentialAction\":[{\"@type\":\"SearchAction\",\"target\":{\"@type\":\"EntryPoint\",\"urlTemplate\":\"https:\/\/progettotouring.it\/radiotouring104\/?s={search_term_string}\"},\"query-input\":{\"@type\":\"PropertyValueSpecification\",\"valueRequired\":true,\"valueName\":\"search_term_string\"}}],\"inLanguage\":\"it-IT\"},{\"@type\":\"Organization\",\"@id\":\"https:\/\/progettotouring.it\/radiotouring104\/#organization\",\"name\":\"Radio Touring 104\",\"url\":\"https:\/\/progettotouring.it\/radiotouring104\/\",\"logo\":{\"@type\":\"ImageObject\",\"inLanguage\":\"it-IT\",\"@id\":\"https:\/\/progettotouring.it\/radiotouring104\/#\/schema\/logo\/image\/\",\"url\":\"https:\/\/progettotouring.it\/radiotouring104\/wp-content\/uploads\/sites\/6\/2022\/02\/cropped-logo-radio-touring-104.png\",\"contentUrl\":\"https:\/\/progettotouring.it\/radiotouring104\/wp-content\/uploads\/sites\/6\/2022\/02\/cropped-logo-radio-touring-104.png\",\"width\":377,\"height\":182,\"caption\":\"Radio Touring 104\"},\"image\":{\"@id\":\"https:\/\/progettotouring.it\/radiotouring104\/#\/schema\/logo\/image\/\"}},{\"@type\":\"Person\",\"@id\":\"https:\/\/progettotouring.it\/radiotouring104\/#\/schema\/person\/4a82259ca52ac8702ad1a8f9e5a3120b\",\"name\":\"Filippo Francesco Idone\",\"image\":{\"@type\":\"ImageObject\",\"inLanguage\":\"it-IT\",\"@id\":\"https:\/\/secure.gravatar.com\/avatar\/7268715d2366395c3dd314385670e6484117d44f5c442e61e230f7008b7b62d3?s=96&d=mm&r=g\",\"url\":\"https:\/\/secure.gravatar.com\/avatar\/7268715d2366395c3dd314385670e6484117d44f5c442e61e230f7008b7b62d3?s=96&d=mm&r=g\",\"contentUrl\":\"https:\/\/secure.gravatar.com\/avatar\/7268715d2366395c3dd314385670e6484117d44f5c442e61e230f7008b7b62d3?s=96&d=mm&r=g\",\"caption\":\"Filippo Francesco Idone\"},\"url\":\"https:\/\/progettotouring.it\/radiotouring104\/author\/filippoidone\/\"}]}<\/script>\n<!-- \/ Yoast SEO plugin. -->","yoast_head_json":{"title":"Ponte sullo Stretto: Roberto Occhiuto incontrer\u00e0 Matteo Salvini","description":"Il Presidente della Regione Calabria, Roberto Occhiuto, incontrer\u00e0 Matteo Salvini per parlare del Ponte sullo Stretto","robots":{"index":"index","follow":"follow","max-snippet":"max-snippet:-1","max-image-preview":"max-image-preview:large","max-video-preview":"max-video-preview:-1"},"canonical":"https:\/\/progettotouring.it\/radiotouring104\/2022\/11\/02\/ponte-sullo-stretto-roberto-occhiuto-incontrera-matteo-salvini\/","og_locale":"it_IT","og_type":"article","og_title":"Ponte sullo Stretto: Roberto Occhiuto incontrer\u00e0 Matteo Salvini","og_description":"Il Presidente della Regione Calabria, Roberto Occhiuto, incontrer\u00e0 Matteo Salvini per parlare del Ponte sullo Stretto","og_url":"https:\/\/progettotouring.it\/radiotouring104\/2022\/11\/02\/ponte-sullo-stretto-roberto-occhiuto-incontrera-matteo-salvini\/","og_site_name":"Radio Touring 104","article_published_time":"2022-11-02T19:48:39+00:00","article_modified_time":"2022-11-03T09:44:07+00:00","og_image":[{"width":861,"height":626,"url":"https:\/\/progettotouring.it\/radiotouring104\/wp-content\/uploads\/sites\/6\/2022\/06\/occhiuto-1.jpg","type":"image\/jpeg"}],"author":"Filippo Francesco Idone","twitter_card":"summary_large_image","twitter_misc":{"Scritto da":"Filippo Francesco Idone","Tempo di lettura stimato":"1 minuto"},"schema":{"@context":"https:\/\/schema.org","@graph":[{"@type":"Article","@id":"https:\/\/progettotouring.it\/radiotouring104\/2022\/11\/02\/ponte-sullo-stretto-roberto-occhiuto-incontrera-matteo-salvini\/#article","isPartOf":{"@id":"https:\/\/progettotouring.it\/radiotouring104\/2022\/11\/02\/ponte-sullo-stretto-roberto-occhiuto-incontrera-matteo-salvini\/"},"author":{"name":"Filippo Francesco Idone","@id":"https:\/\/progettotouring.it\/radiotouring104\/#\/schema\/person\/4a82259ca52ac8702ad1a8f9e5a3120b"},"headline":"Ponte sullo Stretto: Roberto Occhiuto incontrer\u00e0 Matteo Salvini","datePublished":"2022-11-02T19:48:39+00:00","dateModified":"2022-11-03T09:44:07+00:00","mainEntityOfPage":{"@id":"https:\/\/progettotouring.it\/radiotouring104\/2022\/11\/02\/ponte-sullo-stretto-roberto-occhiuto-incontrera-matteo-salvini\/"},"wordCount":221,"commentCount":0,"publisher":{"@id":"https:\/\/progettotouring.it\/radiotouring104\/#organization"},"image":{"@id":"https:\/\/progettotouring.it\/radiotouring104\/2022\/11\/02\/ponte-sullo-stretto-roberto-occhiuto-incontrera-matteo-salvini\/#primaryimage"},"thumbnailUrl":"https:\/\/progettotouring.it\/radiotouring104\/wp-content\/uploads\/sites\/6\/2022\/06\/occhiuto-1.jpg","keywords":["calabria","governo","Occhiuto","ponte dello stretto","regione","salvini"],"articleSection":["Home","News","Politica","Reggio Calabria"],"inLanguage":"it-IT","potentialAction":[{"@type":"CommentAction","name":"Comment","target":["https:\/\/progettotouring.it\/radiotouring104\/2022\/11\/02\/ponte-sullo-stretto-roberto-occhiuto-incontrera-matteo-salvini\/#respond"]}]},{"@type":"WebPage","@id":"https:\/\/progettotouring.it\/radiotouring104\/2022\/11\/02\/ponte-sullo-stretto-roberto-occhiuto-incontrera-matteo-salvini\/","url":"https:\/\/progettotouring.it\/radiotouring104\/2022\/11\/02\/ponte-sullo-stretto-roberto-occhiuto-incontrera-matteo-salvini\/","name":"Ponte sullo Stretto: Roberto Occhiuto incontrer\u00e0 Matteo Salvini","isPartOf":{"@id":"https:\/\/progettotouring.it\/radiotouring104\/#website"},"primaryImageOfPage":{"@id":"https:\/\/progettotouring.it\/radiotouring104\/2022\/11\/02\/ponte-sullo-stretto-roberto-occhiuto-incontrera-matteo-salvini\/#primaryimage"},"image":{"@id":"https:\/\/progettotouring.it\/radiotouring104\/2022\/11\/02\/ponte-sullo-stretto-roberto-occhiuto-incontrera-matteo-salvini\/#primaryimage"},"thumbnailUrl":"https:\/\/progettotouring.it\/radiotouring104\/wp-content\/uploads\/sites\/6\/2022\/06\/occhiuto-1.jpg","datePublished":"2022-11-02T19:48:39+00:00","dateModified":"2022-11-03T09:44:07+00:00","description":"Il Presidente della Regione Calabria, Roberto Occhiuto, incontrer\u00e0 Matteo Salvini per parlare del Ponte sullo Stretto","breadcrumb":{"@id":"https:\/\/progettotouring.it\/radiotouring104\/2022\/11\/02\/ponte-sullo-stretto-roberto-occhiuto-incontrera-matteo-salvini\/#breadcrumb"},"inLanguage":"it-IT","potentialAction":[{"@type":"ReadAction","target":["https:\/\/progettotouring.it\/radiotouring104\/2022\/11\/02\/ponte-sullo-stretto-roberto-occhiuto-incontrera-matteo-salvini\/"]}]},{"@type":"ImageObject","inLanguage":"it-IT","@id":"https:\/\/progettotouring.it\/radiotouring104\/2022\/11\/02\/ponte-sullo-stretto-roberto-occhiuto-incontrera-matteo-salvini\/#primaryimage","url":"https:\/\/progettotouring.it\/radiotouring104\/wp-content\/uploads\/sites\/6\/2022\/06\/occhiuto-1.jpg","contentUrl":"https:\/\/progettotouring.it\/radiotouring104\/wp-content\/uploads\/sites\/6\/2022\/06\/occhiuto-1.jpg","width":861,"height":626},{"@type":"BreadcrumbList","@id":"https:\/\/progettotouring.it\/radiotouring104\/2022\/11\/02\/ponte-sullo-stretto-roberto-occhiuto-incontrera-matteo-salvini\/#breadcrumb","itemListElement":[{"@type":"ListItem","position":1,"name":"Home","item":"https:\/\/progettotouring.it\/radiotouring104\/"},{"@type":"ListItem","position":2,"name":"Ponte sullo Stretto: Roberto Occhiuto incontrer\u00e0 Matteo Salvini"}]},{"@type":"WebSite","@id":"https:\/\/progettotouring.it\/radiotouring104\/#website","url":"https:\/\/progettotouring.it\/radiotouring104\/","name":"Radio Touring 104","description":"La prima radio Reggina","publisher":{"@id":"https:\/\/progettotouring.it\/radiotouring104\/#organization"},"potentialAction":[{"@type":"SearchAction","target":{"@type":"EntryPoint","urlTemplate":"https:\/\/progettotouring.it\/radiotouring104\/?s={search_term_string}"},"query-input":{"@type":"PropertyValueSpecification","valueRequired":true,"valueName":"search_term_string"}}],"inLanguage":"it-IT"},{"@type":"Organization","@id":"https:\/\/progettotouring.it\/radiotouring104\/#organization","name":"Radio Touring 104","url":"https:\/\/progettotouring.it\/radiotouring104\/","logo":{"@type":"ImageObject","inLanguage":"it-IT","@id":"https:\/\/progettotouring.it\/radiotouring104\/#\/schema\/logo\/image\/","url":"https:\/\/progettotouring.it\/radiotouring104\/wp-content\/uploads\/sites\/6\/2022\/02\/cropped-logo-radio-touring-104.png","contentUrl":"https:\/\/progettotouring.it\/radiotouring104\/wp-content\/uploads\/sites\/6\/2022\/02\/cropped-logo-radio-touring-104.png","width":377,"height":182,"caption":"Radio Touring 104"},"image":{"@id":"https:\/\/progettotouring.it\/radiotouring104\/#\/schema\/logo\/image\/"}},{"@type":"Person","@id":"https:\/\/progettotouring.it\/radiotouring104\/#\/schema\/person\/4a82259ca52ac8702ad1a8f9e5a3120b","name":"Filippo Francesco Idone","image":{"@type":"ImageObject","inLanguage":"it-IT","@id":"https:\/\/secure.gravatar.com\/avatar\/7268715d2366395c3dd314385670e6484117d44f5c442e61e230f7008b7b62d3?s=96&d=mm&r=g","url":"https:\/\/secure.gravatar.com\/avatar\/7268715d2366395c3dd314385670e6484117d44f5c442e61e230f7008b7b62d3?s=96&d=mm&r=g","contentUrl":"https:\/\/secure.gravatar.com\/avatar\/7268715d2366395c3dd314385670e6484117d44f5c442e61e230f7008b7b62d3?s=96&d=mm&r=g","caption":"Filippo Francesco Idone"},"url":"https:\/\/progettotouring.it\/radiotouring104\/author\/filippoidone\/"}]}},"jetpack_publicize_connections":[],"jetpack_featured_media_url":"https:\/\/progettotouring.it\/radiotouring104\/wp-content\/uploads\/sites\/6\/2022\/06\/occhiuto-1.jpg","jetpack_sharing_enabled":true,"_links":{"self":[{"href":"https:\/\/progettotouring.it\/radiotouring104\/wp-json\/wp\/v2\/posts\/11377","targetHints":{"allow":["GET"]}}],"collection":[{"href":"https:\/\/progettotouring.it\/radiotouring104\/wp-json\/wp\/v2\/posts"}],"about":[{"href":"https:\/\/progettotouring.it\/radiotouring104\/wp-json\/wp\/v2\/types\/post"}],"author":[{"embeddable":true,"href":"https:\/\/progettotouring.it\/radiotouring104\/wp-json\/wp\/v2\/users\/8"}],"replies":[{"embeddable":true,"href":"https:\/\/progettotouring.it\/radiotouring104\/wp-json\/wp\/v2\/comments?post=11377"}],"version-history":[{"count":1,"href":"https:\/\/progettotouring.it\/radiotouring104\/wp-json\/wp\/v2\/posts\/11377\/revisions"}],"predecessor-version":[{"id":11379,"href":"https:\/\/progettotouring.it\/radiotouring104\/wp-json\/wp\/v2\/posts\/11377\/revisions\/11379"}],"wp:featuredmedia":[{"embeddable":true,"href":"https:\/\/progettotouring.it\/radiotouring104\/wp-json\/wp\/v2\/media\/6660"}],"wp:attachment":[{"href":"https:\/\/progettotouring.it\/radiotouring104\/wp-json\/wp\/v2\/media?parent=11377"}],"wp:term":[{"taxonomy":"category","embeddable":true,"href":"https:\/\/progettotouring.it\/radiotouring104\/wp-json\/wp\/v2\/categories?post=11377"},{"taxonomy":"post_tag","embeddable":true,"href":"https:\/\/progettotouring.it\/radiotouring104\/wp-json\/wp\/v2\/tags?post=11377"}],"curies":[{"name":"wp","href":"https:\/\/api.w.org\/{rel}","templated":true}]}}