{"id":11382,"date":"2022-11-02T19:41:00","date_gmt":"2022-11-02T18:41:00","guid":{"rendered":"https:\/\/progettotouring.it\/radiotouring104\/?p=11382"},"modified":"2022-11-03T10:59:05","modified_gmt":"2022-11-03T09:59:05","slug":"occhiuto-incontrera-la-commissione-politiche-regioni-faremo-vedere-le-grandi-potenzialita-della-calabria","status":"publish","type":"post","link":"https:\/\/progettotouring.it\/radiotouring104\/2022\/11\/02\/occhiuto-incontrera-la-commissione-politiche-regioni-faremo-vedere-le-grandi-potenzialita-della-calabria\/","title":{"rendered":"Occhiuto incontrer\u00e0 la Commissione politiche Regioni: &#8220;Faremo vedere le grandi potenzialit\u00e0 della Calabria&#8221;"},"content":{"rendered":"<p style=\"text-align: justify\"><em> &#8220;Tutte le risorse sulle quali intervenire con leve di politica economica e di sviluppo o anche con leve di politica sociale mirate a ridurre la povert\u00e0 nella nostra regione e a creare convergenza nei livelli di ricchezza tra la nostra e le altre regioni son rinvenienti dalla <strong>Programmazione europea<\/strong> per cui avere un raccordo di costante collaborazione con la commissione che si occupa dei regolamenti e dei rapporti con la<strong> Regine e la coesione \u00e8 per il Governo il Consiglio<\/strong> <strong>regionale della Calabria,<\/strong> una grande opportunit\u00e0&#8221;.<\/em> Lo ha detto il presidente della Regione Calabria <strong>Roberto Occhiuto<\/strong> in occasione dell&#8217;arrivo in Calabria della della Commissione per lo sviluppo regionale del <strong>Parlamento Europeo<\/strong><em><strong>.<\/strong> &#8220;Domani la commissione<\/em> &#8211; ha aggiunto Occhiuto &#8211; <em>visiter\u00e0 il porto di Gioia Tauro che \u00e8 sicuramente un&#8217;infrastruttura strategica per la Calabria ma anche per il Paese e i Bronzi di Riace; si occuper\u00e0 anche dell&#8217;evento concomitante sul rischio sismico con l&#8217;esercitazione nazionale della <strong>Protezione civile<\/strong>. <strong>Faremo vedere le grandi potenzialit\u00e0<\/strong> e le grandi criticit\u00e0 che dobbiamo assieme affrontare con il contributo del <strong>Governo nazionale e dell&#8217;Europa&#8221;. <\/strong><\/em>(ANSA)<\/p>\n","protected":false},"excerpt":{"rendered":"<p>&#8220;Tutte le risorse sulle quali intervenire con leve di politica economica e di sviluppo o anche con leve di politica sociale mirate a ridurre la povert\u00e0 nella nostra regione e&hellip;<\/p>\n","protected":false},"author":8,"featured_media":9079,"comment_status":"open","ping_status":"open","sticky":false,"template":"","format":"standard","meta":{"_jetpack_memberships_contains_paid_content":false,"footnotes":"","jetpack_publicize_message":"","jetpack_publicize_feature_enabled":true,"jetpack_social_post_already_shared":false,"jetpack_social_options":{"image_generator_settings":{"template":"highway","default_image_id":0,"font":"","enabled":false},"version":2}},"categories":[142,921,196,195],"tags":[586,5259,218,5258,1235],"class_list":["post-11382","post","type-post","status-publish","format-standard","has-post-thumbnail","hentry","category-calabria","category-home","category-news","category-politica","tag-calabria","tag-commissione-politiche-regioni","tag-consiglio-regionale","tag-programmazione-europea","tag-roberto-occhiuto"],"yoast_head":"<!-- This site is optimized with the Yoast SEO plugin v27.2 - https:\/\/yoast.com\/product\/yoast-seo-wordpress\/ -->\n<title>Roberto Occhiuto incontrer\u00e0 la Commissione politiche Regioni<\/title>\n<meta name=\"description\" content=\"Il Presidente, Roberto Occhiuto, mostrer\u00e0 alla Commissione politiche Regioni le bellezze e le criticit\u00e0 della Calabria\" \/>\n<meta name=\"robots\" content=\"index, follow, max-snippet:-1, max-image-preview:large, max-video-preview:-1\" \/>\n<link rel=\"canonical\" href=\"https:\/\/progettotouring.it\/radiotouring104\/2022\/11\/02\/occhiuto-incontrera-la-commissione-politiche-regioni-faremo-vedere-le-grandi-potenzialita-della-calabria\/\" \/>\n<meta property=\"og:locale\" content=\"it_IT\" \/>\n<meta property=\"og:type\" content=\"article\" \/>\n<meta property=\"og:title\" content=\"Roberto Occhiuto incontrer\u00e0 la Commissione politiche Regioni\" \/>\n<meta property=\"og:description\" content=\"Il Presidente, Roberto Occhiuto, mostrer\u00e0 alla Commissione politiche Regioni le bellezze e le criticit\u00e0 della Calabria\" \/>\n<meta property=\"og:url\" content=\"https:\/\/progettotouring.it\/radiotouring104\/2022\/11\/02\/occhiuto-incontrera-la-commissione-politiche-regioni-faremo-vedere-le-grandi-potenzialita-della-calabria\/\" \/>\n<meta property=\"og:site_name\" content=\"Radio Touring 104\" \/>\n<meta property=\"article:published_time\" content=\"2022-11-02T18:41:00+00:00\" \/>\n<meta property=\"article:modified_time\" content=\"2022-11-03T09:59:05+00:00\" \/>\n<meta property=\"og:image\" content=\"https:\/\/progettotouring.it\/radiotouring104\/wp-content\/uploads\/sites\/6\/2022\/08\/occhiuto-princi-scaled.jpg\" \/>\n\t<meta property=\"og:image:width\" content=\"2560\" \/>\n\t<meta property=\"og:image:height\" content=\"1871\" \/>\n\t<meta property=\"og:image:type\" content=\"image\/jpeg\" \/>\n<meta name=\"author\" content=\"Filippo Francesco Idone\" \/>\n<meta name=\"twitter:card\" content=\"summary_large_image\" \/>\n<meta name=\"twitter:label1\" content=\"Scritto da\" \/>\n\t<meta name=\"twitter:data1\" content=\"Filippo Francesco Idone\" \/>\n\t<meta name=\"twitter:label2\" content=\"Tempo di lettura stimato\" \/>\n\t<meta name=\"twitter:data2\" content=\"1 minuto\" \/>\n<script type=\"application\/ld+json\" class=\"yoast-schema-graph\">{\"@context\":\"https:\/\/schema.org\",\"@graph\":[{\"@type\":\"Article\",\"@id\":\"https:\/\/progettotouring.it\/radiotouring104\/2022\/11\/02\/occhiuto-incontrera-la-commissione-politiche-regioni-faremo-vedere-le-grandi-potenzialita-della-calabria\/#article\",\"isPartOf\":{\"@id\":\"https:\/\/progettotouring.it\/radiotouring104\/2022\/11\/02\/occhiuto-incontrera-la-commissione-politiche-regioni-faremo-vedere-le-grandi-potenzialita-della-calabria\/\"},\"author\":{\"name\":\"Filippo Francesco Idone\",\"@id\":\"https:\/\/progettotouring.it\/radiotouring104\/#\/schema\/person\/4a82259ca52ac8702ad1a8f9e5a3120b\"},\"headline\":\"Occhiuto incontrer\u00e0 la Commissione politiche Regioni: &#8220;Faremo vedere le grandi potenzialit\u00e0 della Calabria&#8221;\",\"datePublished\":\"2022-11-02T18:41:00+00:00\",\"dateModified\":\"2022-11-03T09:59:05+00:00\",\"mainEntityOfPage\":{\"@id\":\"https:\/\/progettotouring.it\/radiotouring104\/2022\/11\/02\/occhiuto-incontrera-la-commissione-politiche-regioni-faremo-vedere-le-grandi-potenzialita-della-calabria\/\"},\"wordCount\":190,\"commentCount\":0,\"publisher\":{\"@id\":\"https:\/\/progettotouring.it\/radiotouring104\/#organization\"},\"image\":{\"@id\":\"https:\/\/progettotouring.it\/radiotouring104\/2022\/11\/02\/occhiuto-incontrera-la-commissione-politiche-regioni-faremo-vedere-le-grandi-potenzialita-della-calabria\/#primaryimage\"},\"thumbnailUrl\":\"https:\/\/progettotouring.it\/radiotouring104\/wp-content\/uploads\/sites\/6\/2022\/08\/occhiuto-princi-scaled.jpg\",\"keywords\":[\"calabria\",\"Commissione politiche Regioni\",\"Consiglio regionale\",\"Programmazione europea\",\"roberto occhiuto\"],\"articleSection\":[\"Calabria\",\"Home\",\"News\",\"Politica\"],\"inLanguage\":\"it-IT\",\"potentialAction\":[{\"@type\":\"CommentAction\",\"name\":\"Comment\",\"target\":[\"https:\/\/progettotouring.it\/radiotouring104\/2022\/11\/02\/occhiuto-incontrera-la-commissione-politiche-regioni-faremo-vedere-le-grandi-potenzialita-della-calabria\/#respond\"]}]},{\"@type\":\"WebPage\",\"@id\":\"https:\/\/progettotouring.it\/radiotouring104\/2022\/11\/02\/occhiuto-incontrera-la-commissione-politiche-regioni-faremo-vedere-le-grandi-potenzialita-della-calabria\/\",\"url\":\"https:\/\/progettotouring.it\/radiotouring104\/2022\/11\/02\/occhiuto-incontrera-la-commissione-politiche-regioni-faremo-vedere-le-grandi-potenzialita-della-calabria\/\",\"name\":\"Roberto Occhiuto incontrer\u00e0 la Commissione politiche Regioni\",\"isPartOf\":{\"@id\":\"https:\/\/progettotouring.it\/radiotouring104\/#website\"},\"primaryImageOfPage\":{\"@id\":\"https:\/\/progettotouring.it\/radiotouring104\/2022\/11\/02\/occhiuto-incontrera-la-commissione-politiche-regioni-faremo-vedere-le-grandi-potenzialita-della-calabria\/#primaryimage\"},\"image\":{\"@id\":\"https:\/\/progettotouring.it\/radiotouring104\/2022\/11\/02\/occhiuto-incontrera-la-commissione-politiche-regioni-faremo-vedere-le-grandi-potenzialita-della-calabria\/#primaryimage\"},\"thumbnailUrl\":\"https:\/\/progettotouring.it\/radiotouring104\/wp-content\/uploads\/sites\/6\/2022\/08\/occhiuto-princi-scaled.jpg\",\"datePublished\":\"2022-11-02T18:41:00+00:00\",\"dateModified\":\"2022-11-03T09:59:05+00:00\",\"description\":\"Il Presidente, Roberto Occhiuto, mostrer\u00e0 alla Commissione politiche Regioni le bellezze e le criticit\u00e0 della Calabria\",\"breadcrumb\":{\"@id\":\"https:\/\/progettotouring.it\/radiotouring104\/2022\/11\/02\/occhiuto-incontrera-la-commissione-politiche-regioni-faremo-vedere-le-grandi-potenzialita-della-calabria\/#breadcrumb\"},\"inLanguage\":\"it-IT\",\"potentialAction\":[{\"@type\":\"ReadAction\",\"target\":[\"https:\/\/progettotouring.it\/radiotouring104\/2022\/11\/02\/occhiuto-incontrera-la-commissione-politiche-regioni-faremo-vedere-le-grandi-potenzialita-della-calabria\/\"]}]},{\"@type\":\"ImageObject\",\"inLanguage\":\"it-IT\",\"@id\":\"https:\/\/progettotouring.it\/radiotouring104\/2022\/11\/02\/occhiuto-incontrera-la-commissione-politiche-regioni-faremo-vedere-le-grandi-potenzialita-della-calabria\/#primaryimage\",\"url\":\"https:\/\/progettotouring.it\/radiotouring104\/wp-content\/uploads\/sites\/6\/2022\/08\/occhiuto-princi-scaled.jpg\",\"contentUrl\":\"https:\/\/progettotouring.it\/radiotouring104\/wp-content\/uploads\/sites\/6\/2022\/08\/occhiuto-princi-scaled.jpg\",\"width\":2560,\"height\":1871},{\"@type\":\"BreadcrumbList\",\"@id\":\"https:\/\/progettotouring.it\/radiotouring104\/2022\/11\/02\/occhiuto-incontrera-la-commissione-politiche-regioni-faremo-vedere-le-grandi-potenzialita-della-calabria\/#breadcrumb\",\"itemListElement\":[{\"@type\":\"ListItem\",\"position\":1,\"name\":\"Home\",\"item\":\"https:\/\/progettotouring.it\/radiotouring104\/\"},{\"@type\":\"ListItem\",\"position\":2,\"name\":\"Occhiuto incontrer\u00e0 la Commissione politiche Regioni: &#8220;Faremo vedere le grandi potenzialit\u00e0 della Calabria&#8221;\"}]},{\"@type\":\"WebSite\",\"@id\":\"https:\/\/progettotouring.it\/radiotouring104\/#website\",\"url\":\"https:\/\/progettotouring.it\/radiotouring104\/\",\"name\":\"Radio Touring 104\",\"description\":\"La prima radio Reggina\",\"publisher\":{\"@id\":\"https:\/\/progettotouring.it\/radiotouring104\/#organization\"},\"potentialAction\":[{\"@type\":\"SearchAction\",\"target\":{\"@type\":\"EntryPoint\",\"urlTemplate\":\"https:\/\/progettotouring.it\/radiotouring104\/?s={search_term_string}\"},\"query-input\":{\"@type\":\"PropertyValueSpecification\",\"valueRequired\":true,\"valueName\":\"search_term_string\"}}],\"inLanguage\":\"it-IT\"},{\"@type\":\"Organization\",\"@id\":\"https:\/\/progettotouring.it\/radiotouring104\/#organization\",\"name\":\"Radio Touring 104\",\"url\":\"https:\/\/progettotouring.it\/radiotouring104\/\",\"logo\":{\"@type\":\"ImageObject\",\"inLanguage\":\"it-IT\",\"@id\":\"https:\/\/progettotouring.it\/radiotouring104\/#\/schema\/logo\/image\/\",\"url\":\"https:\/\/progettotouring.it\/radiotouring104\/wp-content\/uploads\/sites\/6\/2022\/02\/cropped-logo-radio-touring-104.png\",\"contentUrl\":\"https:\/\/progettotouring.it\/radiotouring104\/wp-content\/uploads\/sites\/6\/2022\/02\/cropped-logo-radio-touring-104.png\",\"width\":377,\"height\":182,\"caption\":\"Radio Touring 104\"},\"image\":{\"@id\":\"https:\/\/progettotouring.it\/radiotouring104\/#\/schema\/logo\/image\/\"}},{\"@type\":\"Person\",\"@id\":\"https:\/\/progettotouring.it\/radiotouring104\/#\/schema\/person\/4a82259ca52ac8702ad1a8f9e5a3120b\",\"name\":\"Filippo Francesco Idone\",\"image\":{\"@type\":\"ImageObject\",\"inLanguage\":\"it-IT\",\"@id\":\"https:\/\/secure.gravatar.com\/avatar\/7268715d2366395c3dd314385670e6484117d44f5c442e61e230f7008b7b62d3?s=96&d=mm&r=g\",\"url\":\"https:\/\/secure.gravatar.com\/avatar\/7268715d2366395c3dd314385670e6484117d44f5c442e61e230f7008b7b62d3?s=96&d=mm&r=g\",\"contentUrl\":\"https:\/\/secure.gravatar.com\/avatar\/7268715d2366395c3dd314385670e6484117d44f5c442e61e230f7008b7b62d3?s=96&d=mm&r=g\",\"caption\":\"Filippo Francesco Idone\"},\"url\":\"https:\/\/progettotouring.it\/radiotouring104\/author\/filippoidone\/\"}]}<\/script>\n<!-- \/ Yoast SEO plugin. -->","yoast_head_json":{"title":"Roberto Occhiuto incontrer\u00e0 la Commissione politiche Regioni","description":"Il Presidente, Roberto Occhiuto, mostrer\u00e0 alla Commissione politiche Regioni le bellezze e le criticit\u00e0 della Calabria","robots":{"index":"index","follow":"follow","max-snippet":"max-snippet:-1","max-image-preview":"max-image-preview:large","max-video-preview":"max-video-preview:-1"},"canonical":"https:\/\/progettotouring.it\/radiotouring104\/2022\/11\/02\/occhiuto-incontrera-la-commissione-politiche-regioni-faremo-vedere-le-grandi-potenzialita-della-calabria\/","og_locale":"it_IT","og_type":"article","og_title":"Roberto Occhiuto incontrer\u00e0 la Commissione politiche Regioni","og_description":"Il Presidente, Roberto Occhiuto, mostrer\u00e0 alla Commissione politiche Regioni le bellezze e le criticit\u00e0 della Calabria","og_url":"https:\/\/progettotouring.it\/radiotouring104\/2022\/11\/02\/occhiuto-incontrera-la-commissione-politiche-regioni-faremo-vedere-le-grandi-potenzialita-della-calabria\/","og_site_name":"Radio Touring 104","article_published_time":"2022-11-02T18:41:00+00:00","article_modified_time":"2022-11-03T09:59:05+00:00","og_image":[{"width":2560,"height":1871,"url":"https:\/\/progettotouring.it\/radiotouring104\/wp-content\/uploads\/sites\/6\/2022\/08\/occhiuto-princi-scaled.jpg","type":"image\/jpeg"}],"author":"Filippo Francesco Idone","twitter_card":"summary_large_image","twitter_misc":{"Scritto da":"Filippo Francesco Idone","Tempo di lettura stimato":"1 minuto"},"schema":{"@context":"https:\/\/schema.org","@graph":[{"@type":"Article","@id":"https:\/\/progettotouring.it\/radiotouring104\/2022\/11\/02\/occhiuto-incontrera-la-commissione-politiche-regioni-faremo-vedere-le-grandi-potenzialita-della-calabria\/#article","isPartOf":{"@id":"https:\/\/progettotouring.it\/radiotouring104\/2022\/11\/02\/occhiuto-incontrera-la-commissione-politiche-regioni-faremo-vedere-le-grandi-potenzialita-della-calabria\/"},"author":{"name":"Filippo Francesco Idone","@id":"https:\/\/progettotouring.it\/radiotouring104\/#\/schema\/person\/4a82259ca52ac8702ad1a8f9e5a3120b"},"headline":"Occhiuto incontrer\u00e0 la Commissione politiche Regioni: &#8220;Faremo vedere le grandi potenzialit\u00e0 della Calabria&#8221;","datePublished":"2022-11-02T18:41:00+00:00","dateModified":"2022-11-03T09:59:05+00:00","mainEntityOfPage":{"@id":"https:\/\/progettotouring.it\/radiotouring104\/2022\/11\/02\/occhiuto-incontrera-la-commissione-politiche-regioni-faremo-vedere-le-grandi-potenzialita-della-calabria\/"},"wordCount":190,"commentCount":0,"publisher":{"@id":"https:\/\/progettotouring.it\/radiotouring104\/#organization"},"image":{"@id":"https:\/\/progettotouring.it\/radiotouring104\/2022\/11\/02\/occhiuto-incontrera-la-commissione-politiche-regioni-faremo-vedere-le-grandi-potenzialita-della-calabria\/#primaryimage"},"thumbnailUrl":"https:\/\/progettotouring.it\/radiotouring104\/wp-content\/uploads\/sites\/6\/2022\/08\/occhiuto-princi-scaled.jpg","keywords":["calabria","Commissione politiche Regioni","Consiglio regionale","Programmazione europea","roberto occhiuto"],"articleSection":["Calabria","Home","News","Politica"],"inLanguage":"it-IT","potentialAction":[{"@type":"CommentAction","name":"Comment","target":["https:\/\/progettotouring.it\/radiotouring104\/2022\/11\/02\/occhiuto-incontrera-la-commissione-politiche-regioni-faremo-vedere-le-grandi-potenzialita-della-calabria\/#respond"]}]},{"@type":"WebPage","@id":"https:\/\/progettotouring.it\/radiotouring104\/2022\/11\/02\/occhiuto-incontrera-la-commissione-politiche-regioni-faremo-vedere-le-grandi-potenzialita-della-calabria\/","url":"https:\/\/progettotouring.it\/radiotouring104\/2022\/11\/02\/occhiuto-incontrera-la-commissione-politiche-regioni-faremo-vedere-le-grandi-potenzialita-della-calabria\/","name":"Roberto Occhiuto incontrer\u00e0 la Commissione politiche Regioni","isPartOf":{"@id":"https:\/\/progettotouring.it\/radiotouring104\/#website"},"primaryImageOfPage":{"@id":"https:\/\/progettotouring.it\/radiotouring104\/2022\/11\/02\/occhiuto-incontrera-la-commissione-politiche-regioni-faremo-vedere-le-grandi-potenzialita-della-calabria\/#primaryimage"},"image":{"@id":"https:\/\/progettotouring.it\/radiotouring104\/2022\/11\/02\/occhiuto-incontrera-la-commissione-politiche-regioni-faremo-vedere-le-grandi-potenzialita-della-calabria\/#primaryimage"},"thumbnailUrl":"https:\/\/progettotouring.it\/radiotouring104\/wp-content\/uploads\/sites\/6\/2022\/08\/occhiuto-princi-scaled.jpg","datePublished":"2022-11-02T18:41:00+00:00","dateModified":"2022-11-03T09:59:05+00:00","description":"Il Presidente, Roberto Occhiuto, mostrer\u00e0 alla Commissione politiche Regioni le bellezze e le criticit\u00e0 della Calabria","breadcrumb":{"@id":"https:\/\/progettotouring.it\/radiotouring104\/2022\/11\/02\/occhiuto-incontrera-la-commissione-politiche-regioni-faremo-vedere-le-grandi-potenzialita-della-calabria\/#breadcrumb"},"inLanguage":"it-IT","potentialAction":[{"@type":"ReadAction","target":["https:\/\/progettotouring.it\/radiotouring104\/2022\/11\/02\/occhiuto-incontrera-la-commissione-politiche-regioni-faremo-vedere-le-grandi-potenzialita-della-calabria\/"]}]},{"@type":"ImageObject","inLanguage":"it-IT","@id":"https:\/\/progettotouring.it\/radiotouring104\/2022\/11\/02\/occhiuto-incontrera-la-commissione-politiche-regioni-faremo-vedere-le-grandi-potenzialita-della-calabria\/#primaryimage","url":"https:\/\/progettotouring.it\/radiotouring104\/wp-content\/uploads\/sites\/6\/2022\/08\/occhiuto-princi-scaled.jpg","contentUrl":"https:\/\/progettotouring.it\/radiotouring104\/wp-content\/uploads\/sites\/6\/2022\/08\/occhiuto-princi-scaled.jpg","width":2560,"height":1871},{"@type":"BreadcrumbList","@id":"https:\/\/progettotouring.it\/radiotouring104\/2022\/11\/02\/occhiuto-incontrera-la-commissione-politiche-regioni-faremo-vedere-le-grandi-potenzialita-della-calabria\/#breadcrumb","itemListElement":[{"@type":"ListItem","position":1,"name":"Home","item":"https:\/\/progettotouring.it\/radiotouring104\/"},{"@type":"ListItem","position":2,"name":"Occhiuto incontrer\u00e0 la Commissione politiche Regioni: &#8220;Faremo vedere le grandi potenzialit\u00e0 della Calabria&#8221;"}]},{"@type":"WebSite","@id":"https:\/\/progettotouring.it\/radiotouring104\/#website","url":"https:\/\/progettotouring.it\/radiotouring104\/","name":"Radio Touring 104","description":"La prima radio Reggina","publisher":{"@id":"https:\/\/progettotouring.it\/radiotouring104\/#organization"},"potentialAction":[{"@type":"SearchAction","target":{"@type":"EntryPoint","urlTemplate":"https:\/\/progettotouring.it\/radiotouring104\/?s={search_term_string}"},"query-input":{"@type":"PropertyValueSpecification","valueRequired":true,"valueName":"search_term_string"}}],"inLanguage":"it-IT"},{"@type":"Organization","@id":"https:\/\/progettotouring.it\/radiotouring104\/#organization","name":"Radio Touring 104","url":"https:\/\/progettotouring.it\/radiotouring104\/","logo":{"@type":"ImageObject","inLanguage":"it-IT","@id":"https:\/\/progettotouring.it\/radiotouring104\/#\/schema\/logo\/image\/","url":"https:\/\/progettotouring.it\/radiotouring104\/wp-content\/uploads\/sites\/6\/2022\/02\/cropped-logo-radio-touring-104.png","contentUrl":"https:\/\/progettotouring.it\/radiotouring104\/wp-content\/uploads\/sites\/6\/2022\/02\/cropped-logo-radio-touring-104.png","width":377,"height":182,"caption":"Radio Touring 104"},"image":{"@id":"https:\/\/progettotouring.it\/radiotouring104\/#\/schema\/logo\/image\/"}},{"@type":"Person","@id":"https:\/\/progettotouring.it\/radiotouring104\/#\/schema\/person\/4a82259ca52ac8702ad1a8f9e5a3120b","name":"Filippo Francesco Idone","image":{"@type":"ImageObject","inLanguage":"it-IT","@id":"https:\/\/secure.gravatar.com\/avatar\/7268715d2366395c3dd314385670e6484117d44f5c442e61e230f7008b7b62d3?s=96&d=mm&r=g","url":"https:\/\/secure.gravatar.com\/avatar\/7268715d2366395c3dd314385670e6484117d44f5c442e61e230f7008b7b62d3?s=96&d=mm&r=g","contentUrl":"https:\/\/secure.gravatar.com\/avatar\/7268715d2366395c3dd314385670e6484117d44f5c442e61e230f7008b7b62d3?s=96&d=mm&r=g","caption":"Filippo Francesco Idone"},"url":"https:\/\/progettotouring.it\/radiotouring104\/author\/filippoidone\/"}]}},"jetpack_publicize_connections":[],"jetpack_featured_media_url":"https:\/\/progettotouring.it\/radiotouring104\/wp-content\/uploads\/sites\/6\/2022\/08\/occhiuto-princi-scaled.jpg","jetpack_sharing_enabled":true,"_links":{"self":[{"href":"https:\/\/progettotouring.it\/radiotouring104\/wp-json\/wp\/v2\/posts\/11382","targetHints":{"allow":["GET"]}}],"collection":[{"href":"https:\/\/progettotouring.it\/radiotouring104\/wp-json\/wp\/v2\/posts"}],"about":[{"href":"https:\/\/progettotouring.it\/radiotouring104\/wp-json\/wp\/v2\/types\/post"}],"author":[{"embeddable":true,"href":"https:\/\/progettotouring.it\/radiotouring104\/wp-json\/wp\/v2\/users\/8"}],"replies":[{"embeddable":true,"href":"https:\/\/progettotouring.it\/radiotouring104\/wp-json\/wp\/v2\/comments?post=11382"}],"version-history":[{"count":1,"href":"https:\/\/progettotouring.it\/radiotouring104\/wp-json\/wp\/v2\/posts\/11382\/revisions"}],"predecessor-version":[{"id":11386,"href":"https:\/\/progettotouring.it\/radiotouring104\/wp-json\/wp\/v2\/posts\/11382\/revisions\/11386"}],"wp:featuredmedia":[{"embeddable":true,"href":"https:\/\/progettotouring.it\/radiotouring104\/wp-json\/wp\/v2\/media\/9079"}],"wp:attachment":[{"href":"https:\/\/progettotouring.it\/radiotouring104\/wp-json\/wp\/v2\/media?parent=11382"}],"wp:term":[{"taxonomy":"category","embeddable":true,"href":"https:\/\/progettotouring.it\/radiotouring104\/wp-json\/wp\/v2\/categories?post=11382"},{"taxonomy":"post_tag","embeddable":true,"href":"https:\/\/progettotouring.it\/radiotouring104\/wp-json\/wp\/v2\/tags?post=11382"}],"curies":[{"name":"wp","href":"https:\/\/api.w.org\/{rel}","templated":true}]}}