{"id":11387,"date":"2022-11-02T18:44:31","date_gmt":"2022-11-02T17:44:31","guid":{"rendered":"https:\/\/progettotouring.it\/radiotouring104\/?p=11387"},"modified":"2022-11-03T11:09:04","modified_gmt":"2022-11-03T10:09:04","slug":"catanzaro-raffaele-fitto-analizza-le-finanze-della-calabria-e-una-delle-regioni-piu-povere-ditalia","status":"publish","type":"post","link":"https:\/\/progettotouring.it\/radiotouring104\/2022\/11\/02\/catanzaro-raffaele-fitto-analizza-le-finanze-della-calabria-e-una-delle-regioni-piu-povere-ditalia\/","title":{"rendered":"Catanzaro, Raffaele Fitto analizza le finanze della Calabria: &#8220;E&#8217; una delle regioni pi\u00f9 povere d&#8217;Italia&#8221;"},"content":{"rendered":"<p style=\"text-align: justify\">&#8220;<em>L&#8217;obiettivo di questa visita \u00e8 quello di dare a questa <strong>Commissione<\/strong> un&#8217;idea di quelle che sono le grandi potenzialit\u00e0 e i grandi problemi e criticit\u00e0 che esistono in questa regione. <strong>L&#8217;Italia<\/strong> \u00e8 il maggior beneficiario delle politiche di coesione da parte <strong>dell&#8217;Unione Eeuropea<\/strong> e, al tempo stesso, la realt\u00e0 che vive con maggiore difficolt\u00e0 l&#8217;utilizzo di queste risorse, Insomma la <strong>Calabria<\/strong> \u00e8 una regione che ha queste grandi potenzialit\u00e0 ma riassume in s\u00e9 queste grandi contraddizioni&#8221;<\/em>. Lo ha detto il ministro per gli affari europei, la politica di coesione e il Pnrr, <strong>Raffaele Fitto<\/strong>, a <strong>Catanzaro<\/strong> nella sede della <strong>Giunta<\/strong> <strong>regionale<\/strong> accolto, alla sua prima uscita dopo la nomina, dal presidente della Regione Calabria<strong> Roberto Occhiuto<\/strong> in occasione della visita che da ex componente aveva sollecitato di una delegazione della Commissione per lo sviluppo regionale guidata dal presidente Younous Omarijee. All&#8217;incontro sono stati presenti anche gli europarlamentari Dan Stefan Montreanu, Susana Polis Perez, Daniel Buda (componenti della Commissione Regi), Rosa D&#8217;Amato, Sabrina Pignedoli e Denis Nesci che proprio a Fitto \u00e8 subentrato nel seggio del Parlamento europeo.<\/p>\n<p style=\"text-align: justify\"><em>&#8220;La <strong>Calabria<\/strong><\/em> &#8211; ha detto Fitto <em>\u00e8 stata scelta sulla base di un confronto che all&#8217;epoca ho messo in campo<\/em> &#8211; ha aggiunto Fitto &#8211;<em> con il presidente <strong>Occhiuto<\/strong> anche per sottolineare lo sforzo importante che il Governo regionale e il presidente <strong>Occhiuto<\/strong> stanno portando avanti. Un&#8217;interlocuzione importante e decisiva per la prospettiva futura&#8221;. &#8220;Bisogna prima rispondere<\/em> &#8211; ha detto Omarjee &#8211;<em> alle criticit\u00e0 per poi mettere in risalto le opportunit\u00e0. Non ci \u00e8 sfuggito il fatto che<strong> la Calabria \u00e8 una delle regioni pi\u00f9 povere d&#8217;Italia<\/strong> e che resta un enorme divario tra il<strong> Nord e il Sud dell&#8217;Italia<\/strong>. E non ci sfugge nemmeno il fatto che esiste un grande divario tra il <strong>Sud dell&#8217;Europa<\/strong> e il resto <strong>dell&#8217;Europa<\/strong>. Dopo la crisi del 2008 e ancora di pi\u00f9 dopo il Covid le disparit\u00e0 territoriali si sono aggravate non solo all&#8217;interno dell&#8217;Ue ma anche all&#8217;interno degli stessi stati membri&#8221;<\/em>. Per Occhiuto <em>&#8220;la missione del Parlamento europeo \u00e8 una buona occasione e per questo sono particolarmente riconoscente al presidente <strong>Omarjee<\/strong> e al ministro Fitto&#8221;.<\/em> (ANSA).<\/p>\n","protected":false},"excerpt":{"rendered":"<p>&#8220;L&#8217;obiettivo di questa visita \u00e8 quello di dare a questa Commissione un&#8217;idea di quelle che sono le grandi potenzialit\u00e0 e i grandi problemi e criticit\u00e0 che esistono in questa regione.&hellip;<\/p>\n","protected":false},"author":8,"featured_media":11388,"comment_status":"open","ping_status":"open","sticky":false,"template":"","format":"standard","meta":{"_jetpack_memberships_contains_paid_content":false,"footnotes":"","jetpack_publicize_message":"","jetpack_publicize_feature_enabled":true,"jetpack_social_post_already_shared":false,"jetpack_social_options":{"image_generator_settings":{"template":"highway","default_image_id":0,"font":"","enabled":false},"version":2}},"categories":[142,921,196],"tags":[586,2307,5263,5262,1034,5261],"class_list":["post-11387","post","type-post","status-publish","format-standard","has-post-thumbnail","hentry","category-calabria","category-home","category-news","tag-calabria","tag-occhiuto","tag-omarjee","tag-parlamento-europeo","tag-pnrr","tag-raffaele-fitto"],"yoast_head":"<!-- This site is optimized with the Yoast SEO plugin v27.2 - https:\/\/yoast.com\/product\/yoast-seo-wordpress\/ -->\n<title>Raffaele Fitto analizza la situazione finanziaria della Calabria<\/title>\n<meta name=\"description\" content=\"Il ministro per gli affari europei, le politiche di coesione e il PNRR, Raffaele Fitto, vuole maggiore attenzione per la Calabria\" \/>\n<meta name=\"robots\" content=\"index, follow, max-snippet:-1, max-image-preview:large, max-video-preview:-1\" \/>\n<link rel=\"canonical\" href=\"https:\/\/progettotouring.it\/radiotouring104\/2022\/11\/02\/catanzaro-raffaele-fitto-analizza-le-finanze-della-calabria-e-una-delle-regioni-piu-povere-ditalia\/\" \/>\n<meta property=\"og:locale\" content=\"it_IT\" \/>\n<meta property=\"og:type\" content=\"article\" \/>\n<meta property=\"og:title\" content=\"Raffaele Fitto analizza la situazione finanziaria della Calabria\" \/>\n<meta property=\"og:description\" content=\"Il ministro per gli affari europei, le politiche di coesione e il PNRR, Raffaele Fitto, vuole maggiore attenzione per la Calabria\" \/>\n<meta property=\"og:url\" content=\"https:\/\/progettotouring.it\/radiotouring104\/2022\/11\/02\/catanzaro-raffaele-fitto-analizza-le-finanze-della-calabria-e-una-delle-regioni-piu-povere-ditalia\/\" \/>\n<meta property=\"og:site_name\" content=\"Radio Touring 104\" \/>\n<meta property=\"article:published_time\" content=\"2022-11-02T17:44:31+00:00\" \/>\n<meta property=\"article:modified_time\" content=\"2022-11-03T10:09:04+00:00\" \/>\n<meta property=\"og:image\" content=\"https:\/\/progettotouring.it\/radiotouring104\/wp-content\/uploads\/sites\/6\/2022\/11\/raffaele-fitto.jpeg\" \/>\n\t<meta property=\"og:image:width\" content=\"987\" \/>\n\t<meta property=\"og:image:height\" content=\"900\" \/>\n\t<meta property=\"og:image:type\" content=\"image\/jpeg\" \/>\n<meta name=\"author\" content=\"Filippo Francesco Idone\" \/>\n<meta name=\"twitter:card\" content=\"summary_large_image\" \/>\n<meta name=\"twitter:label1\" content=\"Scritto da\" \/>\n\t<meta name=\"twitter:data1\" content=\"Filippo Francesco Idone\" \/>\n\t<meta name=\"twitter:label2\" content=\"Tempo di lettura stimato\" \/>\n\t<meta name=\"twitter:data2\" content=\"2 minuti\" \/>\n<script type=\"application\/ld+json\" class=\"yoast-schema-graph\">{\"@context\":\"https:\/\/schema.org\",\"@graph\":[{\"@type\":\"Article\",\"@id\":\"https:\/\/progettotouring.it\/radiotouring104\/2022\/11\/02\/catanzaro-raffaele-fitto-analizza-le-finanze-della-calabria-e-una-delle-regioni-piu-povere-ditalia\/#article\",\"isPartOf\":{\"@id\":\"https:\/\/progettotouring.it\/radiotouring104\/2022\/11\/02\/catanzaro-raffaele-fitto-analizza-le-finanze-della-calabria-e-una-delle-regioni-piu-povere-ditalia\/\"},\"author\":{\"name\":\"Filippo Francesco Idone\",\"@id\":\"https:\/\/progettotouring.it\/radiotouring104\/#\/schema\/person\/4a82259ca52ac8702ad1a8f9e5a3120b\"},\"headline\":\"Catanzaro, Raffaele Fitto analizza le finanze della Calabria: &#8220;E&#8217; una delle regioni pi\u00f9 povere d&#8217;Italia&#8221;\",\"datePublished\":\"2022-11-02T17:44:31+00:00\",\"dateModified\":\"2022-11-03T10:09:04+00:00\",\"mainEntityOfPage\":{\"@id\":\"https:\/\/progettotouring.it\/radiotouring104\/2022\/11\/02\/catanzaro-raffaele-fitto-analizza-le-finanze-della-calabria-e-una-delle-regioni-piu-povere-ditalia\/\"},\"wordCount\":357,\"commentCount\":0,\"publisher\":{\"@id\":\"https:\/\/progettotouring.it\/radiotouring104\/#organization\"},\"image\":{\"@id\":\"https:\/\/progettotouring.it\/radiotouring104\/2022\/11\/02\/catanzaro-raffaele-fitto-analizza-le-finanze-della-calabria-e-una-delle-regioni-piu-povere-ditalia\/#primaryimage\"},\"thumbnailUrl\":\"https:\/\/progettotouring.it\/radiotouring104\/wp-content\/uploads\/sites\/6\/2022\/11\/raffaele-fitto.jpeg\",\"keywords\":[\"calabria\",\"Occhiuto\",\"omarjee\",\"parlamento europeo\",\"pnrr\",\"Raffaele Fitto\"],\"articleSection\":[\"Calabria\",\"Home\",\"News\"],\"inLanguage\":\"it-IT\",\"potentialAction\":[{\"@type\":\"CommentAction\",\"name\":\"Comment\",\"target\":[\"https:\/\/progettotouring.it\/radiotouring104\/2022\/11\/02\/catanzaro-raffaele-fitto-analizza-le-finanze-della-calabria-e-una-delle-regioni-piu-povere-ditalia\/#respond\"]}]},{\"@type\":\"WebPage\",\"@id\":\"https:\/\/progettotouring.it\/radiotouring104\/2022\/11\/02\/catanzaro-raffaele-fitto-analizza-le-finanze-della-calabria-e-una-delle-regioni-piu-povere-ditalia\/\",\"url\":\"https:\/\/progettotouring.it\/radiotouring104\/2022\/11\/02\/catanzaro-raffaele-fitto-analizza-le-finanze-della-calabria-e-una-delle-regioni-piu-povere-ditalia\/\",\"name\":\"Raffaele Fitto analizza la situazione finanziaria della Calabria\",\"isPartOf\":{\"@id\":\"https:\/\/progettotouring.it\/radiotouring104\/#website\"},\"primaryImageOfPage\":{\"@id\":\"https:\/\/progettotouring.it\/radiotouring104\/2022\/11\/02\/catanzaro-raffaele-fitto-analizza-le-finanze-della-calabria-e-una-delle-regioni-piu-povere-ditalia\/#primaryimage\"},\"image\":{\"@id\":\"https:\/\/progettotouring.it\/radiotouring104\/2022\/11\/02\/catanzaro-raffaele-fitto-analizza-le-finanze-della-calabria-e-una-delle-regioni-piu-povere-ditalia\/#primaryimage\"},\"thumbnailUrl\":\"https:\/\/progettotouring.it\/radiotouring104\/wp-content\/uploads\/sites\/6\/2022\/11\/raffaele-fitto.jpeg\",\"datePublished\":\"2022-11-02T17:44:31+00:00\",\"dateModified\":\"2022-11-03T10:09:04+00:00\",\"description\":\"Il ministro per gli affari europei, le politiche di coesione e il PNRR, Raffaele Fitto, vuole maggiore attenzione per la Calabria\",\"breadcrumb\":{\"@id\":\"https:\/\/progettotouring.it\/radiotouring104\/2022\/11\/02\/catanzaro-raffaele-fitto-analizza-le-finanze-della-calabria-e-una-delle-regioni-piu-povere-ditalia\/#breadcrumb\"},\"inLanguage\":\"it-IT\",\"potentialAction\":[{\"@type\":\"ReadAction\",\"target\":[\"https:\/\/progettotouring.it\/radiotouring104\/2022\/11\/02\/catanzaro-raffaele-fitto-analizza-le-finanze-della-calabria-e-una-delle-regioni-piu-povere-ditalia\/\"]}]},{\"@type\":\"ImageObject\",\"inLanguage\":\"it-IT\",\"@id\":\"https:\/\/progettotouring.it\/radiotouring104\/2022\/11\/02\/catanzaro-raffaele-fitto-analizza-le-finanze-della-calabria-e-una-delle-regioni-piu-povere-ditalia\/#primaryimage\",\"url\":\"https:\/\/progettotouring.it\/radiotouring104\/wp-content\/uploads\/sites\/6\/2022\/11\/raffaele-fitto.jpeg\",\"contentUrl\":\"https:\/\/progettotouring.it\/radiotouring104\/wp-content\/uploads\/sites\/6\/2022\/11\/raffaele-fitto.jpeg\",\"width\":987,\"height\":900},{\"@type\":\"BreadcrumbList\",\"@id\":\"https:\/\/progettotouring.it\/radiotouring104\/2022\/11\/02\/catanzaro-raffaele-fitto-analizza-le-finanze-della-calabria-e-una-delle-regioni-piu-povere-ditalia\/#breadcrumb\",\"itemListElement\":[{\"@type\":\"ListItem\",\"position\":1,\"name\":\"Home\",\"item\":\"https:\/\/progettotouring.it\/radiotouring104\/\"},{\"@type\":\"ListItem\",\"position\":2,\"name\":\"Catanzaro, Raffaele Fitto analizza le finanze della Calabria: &#8220;E&#8217; una delle regioni pi\u00f9 povere d&#8217;Italia&#8221;\"}]},{\"@type\":\"WebSite\",\"@id\":\"https:\/\/progettotouring.it\/radiotouring104\/#website\",\"url\":\"https:\/\/progettotouring.it\/radiotouring104\/\",\"name\":\"Radio Touring 104\",\"description\":\"La prima radio Reggina\",\"publisher\":{\"@id\":\"https:\/\/progettotouring.it\/radiotouring104\/#organization\"},\"potentialAction\":[{\"@type\":\"SearchAction\",\"target\":{\"@type\":\"EntryPoint\",\"urlTemplate\":\"https:\/\/progettotouring.it\/radiotouring104\/?s={search_term_string}\"},\"query-input\":{\"@type\":\"PropertyValueSpecification\",\"valueRequired\":true,\"valueName\":\"search_term_string\"}}],\"inLanguage\":\"it-IT\"},{\"@type\":\"Organization\",\"@id\":\"https:\/\/progettotouring.it\/radiotouring104\/#organization\",\"name\":\"Radio Touring 104\",\"url\":\"https:\/\/progettotouring.it\/radiotouring104\/\",\"logo\":{\"@type\":\"ImageObject\",\"inLanguage\":\"it-IT\",\"@id\":\"https:\/\/progettotouring.it\/radiotouring104\/#\/schema\/logo\/image\/\",\"url\":\"https:\/\/progettotouring.it\/radiotouring104\/wp-content\/uploads\/sites\/6\/2022\/02\/cropped-logo-radio-touring-104.png\",\"contentUrl\":\"https:\/\/progettotouring.it\/radiotouring104\/wp-content\/uploads\/sites\/6\/2022\/02\/cropped-logo-radio-touring-104.png\",\"width\":377,\"height\":182,\"caption\":\"Radio Touring 104\"},\"image\":{\"@id\":\"https:\/\/progettotouring.it\/radiotouring104\/#\/schema\/logo\/image\/\"}},{\"@type\":\"Person\",\"@id\":\"https:\/\/progettotouring.it\/radiotouring104\/#\/schema\/person\/4a82259ca52ac8702ad1a8f9e5a3120b\",\"name\":\"Filippo Francesco Idone\",\"image\":{\"@type\":\"ImageObject\",\"inLanguage\":\"it-IT\",\"@id\":\"https:\/\/secure.gravatar.com\/avatar\/7268715d2366395c3dd314385670e6484117d44f5c442e61e230f7008b7b62d3?s=96&d=mm&r=g\",\"url\":\"https:\/\/secure.gravatar.com\/avatar\/7268715d2366395c3dd314385670e6484117d44f5c442e61e230f7008b7b62d3?s=96&d=mm&r=g\",\"contentUrl\":\"https:\/\/secure.gravatar.com\/avatar\/7268715d2366395c3dd314385670e6484117d44f5c442e61e230f7008b7b62d3?s=96&d=mm&r=g\",\"caption\":\"Filippo Francesco Idone\"},\"url\":\"https:\/\/progettotouring.it\/radiotouring104\/author\/filippoidone\/\"}]}<\/script>\n<!-- \/ Yoast SEO plugin. -->","yoast_head_json":{"title":"Raffaele Fitto analizza la situazione finanziaria della Calabria","description":"Il ministro per gli affari europei, le politiche di coesione e il PNRR, Raffaele Fitto, vuole maggiore attenzione per la Calabria","robots":{"index":"index","follow":"follow","max-snippet":"max-snippet:-1","max-image-preview":"max-image-preview:large","max-video-preview":"max-video-preview:-1"},"canonical":"https:\/\/progettotouring.it\/radiotouring104\/2022\/11\/02\/catanzaro-raffaele-fitto-analizza-le-finanze-della-calabria-e-una-delle-regioni-piu-povere-ditalia\/","og_locale":"it_IT","og_type":"article","og_title":"Raffaele Fitto analizza la situazione finanziaria della Calabria","og_description":"Il ministro per gli affari europei, le politiche di coesione e il PNRR, Raffaele Fitto, vuole maggiore attenzione per la Calabria","og_url":"https:\/\/progettotouring.it\/radiotouring104\/2022\/11\/02\/catanzaro-raffaele-fitto-analizza-le-finanze-della-calabria-e-una-delle-regioni-piu-povere-ditalia\/","og_site_name":"Radio Touring 104","article_published_time":"2022-11-02T17:44:31+00:00","article_modified_time":"2022-11-03T10:09:04+00:00","og_image":[{"width":987,"height":900,"url":"https:\/\/progettotouring.it\/radiotouring104\/wp-content\/uploads\/sites\/6\/2022\/11\/raffaele-fitto.jpeg","type":"image\/jpeg"}],"author":"Filippo Francesco Idone","twitter_card":"summary_large_image","twitter_misc":{"Scritto da":"Filippo Francesco Idone","Tempo di lettura stimato":"2 minuti"},"schema":{"@context":"https:\/\/schema.org","@graph":[{"@type":"Article","@id":"https:\/\/progettotouring.it\/radiotouring104\/2022\/11\/02\/catanzaro-raffaele-fitto-analizza-le-finanze-della-calabria-e-una-delle-regioni-piu-povere-ditalia\/#article","isPartOf":{"@id":"https:\/\/progettotouring.it\/radiotouring104\/2022\/11\/02\/catanzaro-raffaele-fitto-analizza-le-finanze-della-calabria-e-una-delle-regioni-piu-povere-ditalia\/"},"author":{"name":"Filippo Francesco Idone","@id":"https:\/\/progettotouring.it\/radiotouring104\/#\/schema\/person\/4a82259ca52ac8702ad1a8f9e5a3120b"},"headline":"Catanzaro, Raffaele Fitto analizza le finanze della Calabria: &#8220;E&#8217; una delle regioni pi\u00f9 povere d&#8217;Italia&#8221;","datePublished":"2022-11-02T17:44:31+00:00","dateModified":"2022-11-03T10:09:04+00:00","mainEntityOfPage":{"@id":"https:\/\/progettotouring.it\/radiotouring104\/2022\/11\/02\/catanzaro-raffaele-fitto-analizza-le-finanze-della-calabria-e-una-delle-regioni-piu-povere-ditalia\/"},"wordCount":357,"commentCount":0,"publisher":{"@id":"https:\/\/progettotouring.it\/radiotouring104\/#organization"},"image":{"@id":"https:\/\/progettotouring.it\/radiotouring104\/2022\/11\/02\/catanzaro-raffaele-fitto-analizza-le-finanze-della-calabria-e-una-delle-regioni-piu-povere-ditalia\/#primaryimage"},"thumbnailUrl":"https:\/\/progettotouring.it\/radiotouring104\/wp-content\/uploads\/sites\/6\/2022\/11\/raffaele-fitto.jpeg","keywords":["calabria","Occhiuto","omarjee","parlamento europeo","pnrr","Raffaele Fitto"],"articleSection":["Calabria","Home","News"],"inLanguage":"it-IT","potentialAction":[{"@type":"CommentAction","name":"Comment","target":["https:\/\/progettotouring.it\/radiotouring104\/2022\/11\/02\/catanzaro-raffaele-fitto-analizza-le-finanze-della-calabria-e-una-delle-regioni-piu-povere-ditalia\/#respond"]}]},{"@type":"WebPage","@id":"https:\/\/progettotouring.it\/radiotouring104\/2022\/11\/02\/catanzaro-raffaele-fitto-analizza-le-finanze-della-calabria-e-una-delle-regioni-piu-povere-ditalia\/","url":"https:\/\/progettotouring.it\/radiotouring104\/2022\/11\/02\/catanzaro-raffaele-fitto-analizza-le-finanze-della-calabria-e-una-delle-regioni-piu-povere-ditalia\/","name":"Raffaele Fitto analizza la situazione finanziaria della Calabria","isPartOf":{"@id":"https:\/\/progettotouring.it\/radiotouring104\/#website"},"primaryImageOfPage":{"@id":"https:\/\/progettotouring.it\/radiotouring104\/2022\/11\/02\/catanzaro-raffaele-fitto-analizza-le-finanze-della-calabria-e-una-delle-regioni-piu-povere-ditalia\/#primaryimage"},"image":{"@id":"https:\/\/progettotouring.it\/radiotouring104\/2022\/11\/02\/catanzaro-raffaele-fitto-analizza-le-finanze-della-calabria-e-una-delle-regioni-piu-povere-ditalia\/#primaryimage"},"thumbnailUrl":"https:\/\/progettotouring.it\/radiotouring104\/wp-content\/uploads\/sites\/6\/2022\/11\/raffaele-fitto.jpeg","datePublished":"2022-11-02T17:44:31+00:00","dateModified":"2022-11-03T10:09:04+00:00","description":"Il ministro per gli affari europei, le politiche di coesione e il PNRR, Raffaele Fitto, vuole maggiore attenzione per la Calabria","breadcrumb":{"@id":"https:\/\/progettotouring.it\/radiotouring104\/2022\/11\/02\/catanzaro-raffaele-fitto-analizza-le-finanze-della-calabria-e-una-delle-regioni-piu-povere-ditalia\/#breadcrumb"},"inLanguage":"it-IT","potentialAction":[{"@type":"ReadAction","target":["https:\/\/progettotouring.it\/radiotouring104\/2022\/11\/02\/catanzaro-raffaele-fitto-analizza-le-finanze-della-calabria-e-una-delle-regioni-piu-povere-ditalia\/"]}]},{"@type":"ImageObject","inLanguage":"it-IT","@id":"https:\/\/progettotouring.it\/radiotouring104\/2022\/11\/02\/catanzaro-raffaele-fitto-analizza-le-finanze-della-calabria-e-una-delle-regioni-piu-povere-ditalia\/#primaryimage","url":"https:\/\/progettotouring.it\/radiotouring104\/wp-content\/uploads\/sites\/6\/2022\/11\/raffaele-fitto.jpeg","contentUrl":"https:\/\/progettotouring.it\/radiotouring104\/wp-content\/uploads\/sites\/6\/2022\/11\/raffaele-fitto.jpeg","width":987,"height":900},{"@type":"BreadcrumbList","@id":"https:\/\/progettotouring.it\/radiotouring104\/2022\/11\/02\/catanzaro-raffaele-fitto-analizza-le-finanze-della-calabria-e-una-delle-regioni-piu-povere-ditalia\/#breadcrumb","itemListElement":[{"@type":"ListItem","position":1,"name":"Home","item":"https:\/\/progettotouring.it\/radiotouring104\/"},{"@type":"ListItem","position":2,"name":"Catanzaro, Raffaele Fitto analizza le finanze della Calabria: &#8220;E&#8217; una delle regioni pi\u00f9 povere d&#8217;Italia&#8221;"}]},{"@type":"WebSite","@id":"https:\/\/progettotouring.it\/radiotouring104\/#website","url":"https:\/\/progettotouring.it\/radiotouring104\/","name":"Radio Touring 104","description":"La prima radio Reggina","publisher":{"@id":"https:\/\/progettotouring.it\/radiotouring104\/#organization"},"potentialAction":[{"@type":"SearchAction","target":{"@type":"EntryPoint","urlTemplate":"https:\/\/progettotouring.it\/radiotouring104\/?s={search_term_string}"},"query-input":{"@type":"PropertyValueSpecification","valueRequired":true,"valueName":"search_term_string"}}],"inLanguage":"it-IT"},{"@type":"Organization","@id":"https:\/\/progettotouring.it\/radiotouring104\/#organization","name":"Radio Touring 104","url":"https:\/\/progettotouring.it\/radiotouring104\/","logo":{"@type":"ImageObject","inLanguage":"it-IT","@id":"https:\/\/progettotouring.it\/radiotouring104\/#\/schema\/logo\/image\/","url":"https:\/\/progettotouring.it\/radiotouring104\/wp-content\/uploads\/sites\/6\/2022\/02\/cropped-logo-radio-touring-104.png","contentUrl":"https:\/\/progettotouring.it\/radiotouring104\/wp-content\/uploads\/sites\/6\/2022\/02\/cropped-logo-radio-touring-104.png","width":377,"height":182,"caption":"Radio Touring 104"},"image":{"@id":"https:\/\/progettotouring.it\/radiotouring104\/#\/schema\/logo\/image\/"}},{"@type":"Person","@id":"https:\/\/progettotouring.it\/radiotouring104\/#\/schema\/person\/4a82259ca52ac8702ad1a8f9e5a3120b","name":"Filippo Francesco Idone","image":{"@type":"ImageObject","inLanguage":"it-IT","@id":"https:\/\/secure.gravatar.com\/avatar\/7268715d2366395c3dd314385670e6484117d44f5c442e61e230f7008b7b62d3?s=96&d=mm&r=g","url":"https:\/\/secure.gravatar.com\/avatar\/7268715d2366395c3dd314385670e6484117d44f5c442e61e230f7008b7b62d3?s=96&d=mm&r=g","contentUrl":"https:\/\/secure.gravatar.com\/avatar\/7268715d2366395c3dd314385670e6484117d44f5c442e61e230f7008b7b62d3?s=96&d=mm&r=g","caption":"Filippo Francesco Idone"},"url":"https:\/\/progettotouring.it\/radiotouring104\/author\/filippoidone\/"}]}},"jetpack_publicize_connections":[],"jetpack_featured_media_url":"https:\/\/progettotouring.it\/radiotouring104\/wp-content\/uploads\/sites\/6\/2022\/11\/raffaele-fitto.jpeg","jetpack_sharing_enabled":true,"_links":{"self":[{"href":"https:\/\/progettotouring.it\/radiotouring104\/wp-json\/wp\/v2\/posts\/11387","targetHints":{"allow":["GET"]}}],"collection":[{"href":"https:\/\/progettotouring.it\/radiotouring104\/wp-json\/wp\/v2\/posts"}],"about":[{"href":"https:\/\/progettotouring.it\/radiotouring104\/wp-json\/wp\/v2\/types\/post"}],"author":[{"embeddable":true,"href":"https:\/\/progettotouring.it\/radiotouring104\/wp-json\/wp\/v2\/users\/8"}],"replies":[{"embeddable":true,"href":"https:\/\/progettotouring.it\/radiotouring104\/wp-json\/wp\/v2\/comments?post=11387"}],"version-history":[{"count":1,"href":"https:\/\/progettotouring.it\/radiotouring104\/wp-json\/wp\/v2\/posts\/11387\/revisions"}],"predecessor-version":[{"id":11390,"href":"https:\/\/progettotouring.it\/radiotouring104\/wp-json\/wp\/v2\/posts\/11387\/revisions\/11390"}],"wp:featuredmedia":[{"embeddable":true,"href":"https:\/\/progettotouring.it\/radiotouring104\/wp-json\/wp\/v2\/media\/11388"}],"wp:attachment":[{"href":"https:\/\/progettotouring.it\/radiotouring104\/wp-json\/wp\/v2\/media?parent=11387"}],"wp:term":[{"taxonomy":"category","embeddable":true,"href":"https:\/\/progettotouring.it\/radiotouring104\/wp-json\/wp\/v2\/categories?post=11387"},{"taxonomy":"post_tag","embeddable":true,"href":"https:\/\/progettotouring.it\/radiotouring104\/wp-json\/wp\/v2\/tags?post=11387"}],"curies":[{"name":"wp","href":"https:\/\/api.w.org\/{rel}","templated":true}]}}