{"id":11395,"date":"2022-11-02T17:18:14","date_gmt":"2022-11-02T16:18:14","guid":{"rendered":"https:\/\/progettotouring.it\/radiotouring104\/?p=11395"},"modified":"2022-11-03T11:29:01","modified_gmt":"2022-11-03T10:29:01","slug":"ndrangheta-progettato-un-attentato-nei-confronti-di-klaus-davi-e-nicola-gratteri","status":"publish","type":"post","link":"https:\/\/progettotouring.it\/radiotouring104\/2022\/11\/02\/ndrangheta-progettato-un-attentato-nei-confronti-di-klaus-davi-e-nicola-gratteri\/","title":{"rendered":"Ndrangheta: progettato un attentato nei confronti di Klaus Davi e Nicola Gratteri"},"content":{"rendered":"<p style=\"text-align: justify\"><em>&#8220;Caro <strong>Klaus,<\/strong> le scrivo perch\u00e9 sono a conoscenza di un mancato attentato che riguarda il procuratore di Catanzaro dottor <strong>Nicola<\/strong> <strong>Gratteri<\/strong> e anche la sua persona&#8221;.<\/em> Questo \u00e8 parte del testo di una lettera recapitata stamani nella sede milanese dell&#8217;agenzia di comunicazione di impresa del giornalista italo-svizzero<strong> Klaus Davi<\/strong> e firmata da una persona che sarebbe stata vittima di una tentata estorsione ad opera di un soggetto arrestato nell&#8217;ambito dell&#8217;operazione Medoro condotta nel luglio scorso e coordinata dalla Dda di Milano. A renderla nota \u00e8 stato il legale di <strong>Klaus<\/strong> <strong>Davi<\/strong> Eugenio Minniti, del Foro di Locri. Lo scrivente risulta vittima di un&#8217;estorsione ad opera di alcuni presunti esponenti di spicco della cosca <strong>Mancuso<\/strong> operanti a Milano. La lettera scritta a mano \u00e8 datata <strong>&#8220;Lecce 20-10-2022&#8221;,<\/strong> reca impresso il timbro postale di <strong>Bari<\/strong> datato 21 ottobre &#8217;22 ed \u00e8 stata recapitata oggi allo studio di Davi.<\/p>\n<p style=\"text-align: justify\">L&#8217;autore della lettera, afferma l&#8217;avv. Minniti in una nota, <em>&#8220;\u00e8 una figura importante nell&#8217;ambito dell&#8217;inchiesta Medoro risalente alla fine di luglio di quest&#8217;anno,<\/em> in quanto il soggetto ha denunciato una presunta estorsione operata da <strong>Luigi<\/strong> <strong>Aquilano<\/strong>, esponente, secondo l&#8217;accusa, della cosca di Limbadi. L&#8217;autore non aggiunge altri dettagli sui due fatti specifici definendoli testualmente <em>&#8216;mancati attentati a <strong>Gratteri e Klaus Davi<\/strong>&#8216; ma si dice pronto di riferirne all&#8217;Autorit\u00e0 Giudiziaria&#8221;. &#8220;Pleonastico sottolineare<\/em> &#8211; afferma l&#8217;avv. Eugenio Minniti &#8211; c<em>he la missiva \u00e8 a disposizione dell&#8217;Autorit\u00e0 giudiziaria. Ma ci sono pochi dubbi sulla sua autenticit\u00e0 in quanto una congiunta dell&#8217;autore aveva riferito a<strong> Klaus Davi<\/strong> che di l\u00ec a breve gli sarebbe stata recapitata&#8221;.<\/em> (ANSA).<\/p>\n","protected":false},"excerpt":{"rendered":"<p>&#8220;Caro Klaus, le scrivo perch\u00e9 sono a conoscenza di un mancato attentato che riguarda il procuratore di Catanzaro dottor Nicola Gratteri e anche la sua persona&#8221;. Questo \u00e8 parte del&hellip;<\/p>\n","protected":false},"author":8,"featured_media":9107,"comment_status":"open","ping_status":"open","sticky":false,"template":"","format":"standard","meta":{"_jetpack_memberships_contains_paid_content":false,"footnotes":"","jetpack_publicize_message":"","jetpack_publicize_feature_enabled":true,"jetpack_social_post_already_shared":false,"jetpack_social_options":{"image_generator_settings":{"template":"highway","default_image_id":0,"font":"","enabled":false},"version":2}},"categories":[142,921,150,196],"tags":[5267,3510,236],"class_list":["post-11395","post","type-post","status-publish","format-standard","has-post-thumbnail","hentry","category-calabria","category-home","category-in-primo-piano","category-news","tag-klaus-davi","tag-nicola-gratteri","tag-reggio-calabria"],"yoast_head":"<!-- This site is optimized with the Yoast SEO plugin v27.2 - https:\/\/yoast.com\/product\/yoast-seo-wordpress\/ -->\n<title>Ndrangheta: progettato un attentato nei confronti di Davi e Gratteri<\/title>\n<meta name=\"description\" content=\"La Ndrangheta aveva progettato un attentato nei confronti di Klaus Davi e Nicola Gratteri. Una lettera racconta i dettagli\" \/>\n<meta name=\"robots\" content=\"index, follow, max-snippet:-1, max-image-preview:large, max-video-preview:-1\" \/>\n<link rel=\"canonical\" href=\"https:\/\/progettotouring.it\/radiotouring104\/2022\/11\/02\/ndrangheta-progettato-un-attentato-nei-confronti-di-klaus-davi-e-nicola-gratteri\/\" \/>\n<meta property=\"og:locale\" content=\"it_IT\" \/>\n<meta property=\"og:type\" content=\"article\" \/>\n<meta property=\"og:title\" content=\"Ndrangheta: progettato un attentato nei confronti di Davi e Gratteri\" \/>\n<meta property=\"og:description\" content=\"La Ndrangheta aveva progettato un attentato nei confronti di Klaus Davi e Nicola Gratteri. Una lettera racconta i dettagli\" \/>\n<meta property=\"og:url\" content=\"https:\/\/progettotouring.it\/radiotouring104\/2022\/11\/02\/ndrangheta-progettato-un-attentato-nei-confronti-di-klaus-davi-e-nicola-gratteri\/\" \/>\n<meta property=\"og:site_name\" content=\"Radio Touring 104\" \/>\n<meta property=\"article:published_time\" content=\"2022-11-02T16:18:14+00:00\" \/>\n<meta property=\"article:modified_time\" content=\"2022-11-03T10:29:01+00:00\" \/>\n<meta property=\"og:image\" content=\"https:\/\/progettotouring.it\/radiotouring104\/wp-content\/uploads\/sites\/6\/2022\/08\/gratteri-dipendenti-pubblici-1200x730-1.jpg\" \/>\n\t<meta property=\"og:image:width\" content=\"1200\" \/>\n\t<meta property=\"og:image:height\" content=\"730\" \/>\n\t<meta property=\"og:image:type\" content=\"image\/jpeg\" \/>\n<meta name=\"author\" content=\"Filippo Francesco Idone\" \/>\n<meta name=\"twitter:card\" content=\"summary_large_image\" \/>\n<meta name=\"twitter:label1\" content=\"Scritto da\" \/>\n\t<meta name=\"twitter:data1\" content=\"Filippo Francesco Idone\" \/>\n\t<meta name=\"twitter:label2\" content=\"Tempo di lettura stimato\" \/>\n\t<meta name=\"twitter:data2\" content=\"1 minuto\" \/>\n<script type=\"application\/ld+json\" class=\"yoast-schema-graph\">{\"@context\":\"https:\/\/schema.org\",\"@graph\":[{\"@type\":\"Article\",\"@id\":\"https:\/\/progettotouring.it\/radiotouring104\/2022\/11\/02\/ndrangheta-progettato-un-attentato-nei-confronti-di-klaus-davi-e-nicola-gratteri\/#article\",\"isPartOf\":{\"@id\":\"https:\/\/progettotouring.it\/radiotouring104\/2022\/11\/02\/ndrangheta-progettato-un-attentato-nei-confronti-di-klaus-davi-e-nicola-gratteri\/\"},\"author\":{\"name\":\"Filippo Francesco Idone\",\"@id\":\"https:\/\/progettotouring.it\/radiotouring104\/#\/schema\/person\/4a82259ca52ac8702ad1a8f9e5a3120b\"},\"headline\":\"Ndrangheta: progettato un attentato nei confronti di Klaus Davi e Nicola Gratteri\",\"datePublished\":\"2022-11-02T16:18:14+00:00\",\"dateModified\":\"2022-11-03T10:29:01+00:00\",\"mainEntityOfPage\":{\"@id\":\"https:\/\/progettotouring.it\/radiotouring104\/2022\/11\/02\/ndrangheta-progettato-un-attentato-nei-confronti-di-klaus-davi-e-nicola-gratteri\/\"},\"wordCount\":265,\"commentCount\":0,\"publisher\":{\"@id\":\"https:\/\/progettotouring.it\/radiotouring104\/#organization\"},\"image\":{\"@id\":\"https:\/\/progettotouring.it\/radiotouring104\/2022\/11\/02\/ndrangheta-progettato-un-attentato-nei-confronti-di-klaus-davi-e-nicola-gratteri\/#primaryimage\"},\"thumbnailUrl\":\"https:\/\/progettotouring.it\/radiotouring104\/wp-content\/uploads\/sites\/6\/2022\/08\/gratteri-dipendenti-pubblici-1200x730-1.jpg\",\"keywords\":[\"klaus davi\",\"Nicola Gratteri\",\"reggio calabria\"],\"articleSection\":[\"Calabria\",\"Home\",\"In primo piano\",\"News\"],\"inLanguage\":\"it-IT\",\"potentialAction\":[{\"@type\":\"CommentAction\",\"name\":\"Comment\",\"target\":[\"https:\/\/progettotouring.it\/radiotouring104\/2022\/11\/02\/ndrangheta-progettato-un-attentato-nei-confronti-di-klaus-davi-e-nicola-gratteri\/#respond\"]}]},{\"@type\":\"WebPage\",\"@id\":\"https:\/\/progettotouring.it\/radiotouring104\/2022\/11\/02\/ndrangheta-progettato-un-attentato-nei-confronti-di-klaus-davi-e-nicola-gratteri\/\",\"url\":\"https:\/\/progettotouring.it\/radiotouring104\/2022\/11\/02\/ndrangheta-progettato-un-attentato-nei-confronti-di-klaus-davi-e-nicola-gratteri\/\",\"name\":\"Ndrangheta: progettato un attentato nei confronti di Davi e Gratteri\",\"isPartOf\":{\"@id\":\"https:\/\/progettotouring.it\/radiotouring104\/#website\"},\"primaryImageOfPage\":{\"@id\":\"https:\/\/progettotouring.it\/radiotouring104\/2022\/11\/02\/ndrangheta-progettato-un-attentato-nei-confronti-di-klaus-davi-e-nicola-gratteri\/#primaryimage\"},\"image\":{\"@id\":\"https:\/\/progettotouring.it\/radiotouring104\/2022\/11\/02\/ndrangheta-progettato-un-attentato-nei-confronti-di-klaus-davi-e-nicola-gratteri\/#primaryimage\"},\"thumbnailUrl\":\"https:\/\/progettotouring.it\/radiotouring104\/wp-content\/uploads\/sites\/6\/2022\/08\/gratteri-dipendenti-pubblici-1200x730-1.jpg\",\"datePublished\":\"2022-11-02T16:18:14+00:00\",\"dateModified\":\"2022-11-03T10:29:01+00:00\",\"description\":\"La Ndrangheta aveva progettato un attentato nei confronti di Klaus Davi e Nicola Gratteri. Una lettera racconta i dettagli\",\"breadcrumb\":{\"@id\":\"https:\/\/progettotouring.it\/radiotouring104\/2022\/11\/02\/ndrangheta-progettato-un-attentato-nei-confronti-di-klaus-davi-e-nicola-gratteri\/#breadcrumb\"},\"inLanguage\":\"it-IT\",\"potentialAction\":[{\"@type\":\"ReadAction\",\"target\":[\"https:\/\/progettotouring.it\/radiotouring104\/2022\/11\/02\/ndrangheta-progettato-un-attentato-nei-confronti-di-klaus-davi-e-nicola-gratteri\/\"]}]},{\"@type\":\"ImageObject\",\"inLanguage\":\"it-IT\",\"@id\":\"https:\/\/progettotouring.it\/radiotouring104\/2022\/11\/02\/ndrangheta-progettato-un-attentato-nei-confronti-di-klaus-davi-e-nicola-gratteri\/#primaryimage\",\"url\":\"https:\/\/progettotouring.it\/radiotouring104\/wp-content\/uploads\/sites\/6\/2022\/08\/gratteri-dipendenti-pubblici-1200x730-1.jpg\",\"contentUrl\":\"https:\/\/progettotouring.it\/radiotouring104\/wp-content\/uploads\/sites\/6\/2022\/08\/gratteri-dipendenti-pubblici-1200x730-1.jpg\",\"width\":1200,\"height\":730},{\"@type\":\"BreadcrumbList\",\"@id\":\"https:\/\/progettotouring.it\/radiotouring104\/2022\/11\/02\/ndrangheta-progettato-un-attentato-nei-confronti-di-klaus-davi-e-nicola-gratteri\/#breadcrumb\",\"itemListElement\":[{\"@type\":\"ListItem\",\"position\":1,\"name\":\"Home\",\"item\":\"https:\/\/progettotouring.it\/radiotouring104\/\"},{\"@type\":\"ListItem\",\"position\":2,\"name\":\"Ndrangheta: progettato un attentato nei confronti di Klaus Davi e Nicola Gratteri\"}]},{\"@type\":\"WebSite\",\"@id\":\"https:\/\/progettotouring.it\/radiotouring104\/#website\",\"url\":\"https:\/\/progettotouring.it\/radiotouring104\/\",\"name\":\"Radio Touring 104\",\"description\":\"La prima radio Reggina\",\"publisher\":{\"@id\":\"https:\/\/progettotouring.it\/radiotouring104\/#organization\"},\"potentialAction\":[{\"@type\":\"SearchAction\",\"target\":{\"@type\":\"EntryPoint\",\"urlTemplate\":\"https:\/\/progettotouring.it\/radiotouring104\/?s={search_term_string}\"},\"query-input\":{\"@type\":\"PropertyValueSpecification\",\"valueRequired\":true,\"valueName\":\"search_term_string\"}}],\"inLanguage\":\"it-IT\"},{\"@type\":\"Organization\",\"@id\":\"https:\/\/progettotouring.it\/radiotouring104\/#organization\",\"name\":\"Radio Touring 104\",\"url\":\"https:\/\/progettotouring.it\/radiotouring104\/\",\"logo\":{\"@type\":\"ImageObject\",\"inLanguage\":\"it-IT\",\"@id\":\"https:\/\/progettotouring.it\/radiotouring104\/#\/schema\/logo\/image\/\",\"url\":\"https:\/\/progettotouring.it\/radiotouring104\/wp-content\/uploads\/sites\/6\/2022\/02\/cropped-logo-radio-touring-104.png\",\"contentUrl\":\"https:\/\/progettotouring.it\/radiotouring104\/wp-content\/uploads\/sites\/6\/2022\/02\/cropped-logo-radio-touring-104.png\",\"width\":377,\"height\":182,\"caption\":\"Radio Touring 104\"},\"image\":{\"@id\":\"https:\/\/progettotouring.it\/radiotouring104\/#\/schema\/logo\/image\/\"}},{\"@type\":\"Person\",\"@id\":\"https:\/\/progettotouring.it\/radiotouring104\/#\/schema\/person\/4a82259ca52ac8702ad1a8f9e5a3120b\",\"name\":\"Filippo Francesco Idone\",\"image\":{\"@type\":\"ImageObject\",\"inLanguage\":\"it-IT\",\"@id\":\"https:\/\/secure.gravatar.com\/avatar\/7268715d2366395c3dd314385670e6484117d44f5c442e61e230f7008b7b62d3?s=96&d=mm&r=g\",\"url\":\"https:\/\/secure.gravatar.com\/avatar\/7268715d2366395c3dd314385670e6484117d44f5c442e61e230f7008b7b62d3?s=96&d=mm&r=g\",\"contentUrl\":\"https:\/\/secure.gravatar.com\/avatar\/7268715d2366395c3dd314385670e6484117d44f5c442e61e230f7008b7b62d3?s=96&d=mm&r=g\",\"caption\":\"Filippo Francesco Idone\"},\"url\":\"https:\/\/progettotouring.it\/radiotouring104\/author\/filippoidone\/\"}]}<\/script>\n<!-- \/ Yoast SEO plugin. -->","yoast_head_json":{"title":"Ndrangheta: progettato un attentato nei confronti di Davi e Gratteri","description":"La Ndrangheta aveva progettato un attentato nei confronti di Klaus Davi e Nicola Gratteri. Una lettera racconta i dettagli","robots":{"index":"index","follow":"follow","max-snippet":"max-snippet:-1","max-image-preview":"max-image-preview:large","max-video-preview":"max-video-preview:-1"},"canonical":"https:\/\/progettotouring.it\/radiotouring104\/2022\/11\/02\/ndrangheta-progettato-un-attentato-nei-confronti-di-klaus-davi-e-nicola-gratteri\/","og_locale":"it_IT","og_type":"article","og_title":"Ndrangheta: progettato un attentato nei confronti di Davi e Gratteri","og_description":"La Ndrangheta aveva progettato un attentato nei confronti di Klaus Davi e Nicola Gratteri. Una lettera racconta i dettagli","og_url":"https:\/\/progettotouring.it\/radiotouring104\/2022\/11\/02\/ndrangheta-progettato-un-attentato-nei-confronti-di-klaus-davi-e-nicola-gratteri\/","og_site_name":"Radio Touring 104","article_published_time":"2022-11-02T16:18:14+00:00","article_modified_time":"2022-11-03T10:29:01+00:00","og_image":[{"width":1200,"height":730,"url":"https:\/\/progettotouring.it\/radiotouring104\/wp-content\/uploads\/sites\/6\/2022\/08\/gratteri-dipendenti-pubblici-1200x730-1.jpg","type":"image\/jpeg"}],"author":"Filippo Francesco Idone","twitter_card":"summary_large_image","twitter_misc":{"Scritto da":"Filippo Francesco Idone","Tempo di lettura stimato":"1 minuto"},"schema":{"@context":"https:\/\/schema.org","@graph":[{"@type":"Article","@id":"https:\/\/progettotouring.it\/radiotouring104\/2022\/11\/02\/ndrangheta-progettato-un-attentato-nei-confronti-di-klaus-davi-e-nicola-gratteri\/#article","isPartOf":{"@id":"https:\/\/progettotouring.it\/radiotouring104\/2022\/11\/02\/ndrangheta-progettato-un-attentato-nei-confronti-di-klaus-davi-e-nicola-gratteri\/"},"author":{"name":"Filippo Francesco Idone","@id":"https:\/\/progettotouring.it\/radiotouring104\/#\/schema\/person\/4a82259ca52ac8702ad1a8f9e5a3120b"},"headline":"Ndrangheta: progettato un attentato nei confronti di Klaus Davi e Nicola Gratteri","datePublished":"2022-11-02T16:18:14+00:00","dateModified":"2022-11-03T10:29:01+00:00","mainEntityOfPage":{"@id":"https:\/\/progettotouring.it\/radiotouring104\/2022\/11\/02\/ndrangheta-progettato-un-attentato-nei-confronti-di-klaus-davi-e-nicola-gratteri\/"},"wordCount":265,"commentCount":0,"publisher":{"@id":"https:\/\/progettotouring.it\/radiotouring104\/#organization"},"image":{"@id":"https:\/\/progettotouring.it\/radiotouring104\/2022\/11\/02\/ndrangheta-progettato-un-attentato-nei-confronti-di-klaus-davi-e-nicola-gratteri\/#primaryimage"},"thumbnailUrl":"https:\/\/progettotouring.it\/radiotouring104\/wp-content\/uploads\/sites\/6\/2022\/08\/gratteri-dipendenti-pubblici-1200x730-1.jpg","keywords":["klaus davi","Nicola Gratteri","reggio calabria"],"articleSection":["Calabria","Home","In primo piano","News"],"inLanguage":"it-IT","potentialAction":[{"@type":"CommentAction","name":"Comment","target":["https:\/\/progettotouring.it\/radiotouring104\/2022\/11\/02\/ndrangheta-progettato-un-attentato-nei-confronti-di-klaus-davi-e-nicola-gratteri\/#respond"]}]},{"@type":"WebPage","@id":"https:\/\/progettotouring.it\/radiotouring104\/2022\/11\/02\/ndrangheta-progettato-un-attentato-nei-confronti-di-klaus-davi-e-nicola-gratteri\/","url":"https:\/\/progettotouring.it\/radiotouring104\/2022\/11\/02\/ndrangheta-progettato-un-attentato-nei-confronti-di-klaus-davi-e-nicola-gratteri\/","name":"Ndrangheta: progettato un attentato nei confronti di Davi e Gratteri","isPartOf":{"@id":"https:\/\/progettotouring.it\/radiotouring104\/#website"},"primaryImageOfPage":{"@id":"https:\/\/progettotouring.it\/radiotouring104\/2022\/11\/02\/ndrangheta-progettato-un-attentato-nei-confronti-di-klaus-davi-e-nicola-gratteri\/#primaryimage"},"image":{"@id":"https:\/\/progettotouring.it\/radiotouring104\/2022\/11\/02\/ndrangheta-progettato-un-attentato-nei-confronti-di-klaus-davi-e-nicola-gratteri\/#primaryimage"},"thumbnailUrl":"https:\/\/progettotouring.it\/radiotouring104\/wp-content\/uploads\/sites\/6\/2022\/08\/gratteri-dipendenti-pubblici-1200x730-1.jpg","datePublished":"2022-11-02T16:18:14+00:00","dateModified":"2022-11-03T10:29:01+00:00","description":"La Ndrangheta aveva progettato un attentato nei confronti di Klaus Davi e Nicola Gratteri. Una lettera racconta i dettagli","breadcrumb":{"@id":"https:\/\/progettotouring.it\/radiotouring104\/2022\/11\/02\/ndrangheta-progettato-un-attentato-nei-confronti-di-klaus-davi-e-nicola-gratteri\/#breadcrumb"},"inLanguage":"it-IT","potentialAction":[{"@type":"ReadAction","target":["https:\/\/progettotouring.it\/radiotouring104\/2022\/11\/02\/ndrangheta-progettato-un-attentato-nei-confronti-di-klaus-davi-e-nicola-gratteri\/"]}]},{"@type":"ImageObject","inLanguage":"it-IT","@id":"https:\/\/progettotouring.it\/radiotouring104\/2022\/11\/02\/ndrangheta-progettato-un-attentato-nei-confronti-di-klaus-davi-e-nicola-gratteri\/#primaryimage","url":"https:\/\/progettotouring.it\/radiotouring104\/wp-content\/uploads\/sites\/6\/2022\/08\/gratteri-dipendenti-pubblici-1200x730-1.jpg","contentUrl":"https:\/\/progettotouring.it\/radiotouring104\/wp-content\/uploads\/sites\/6\/2022\/08\/gratteri-dipendenti-pubblici-1200x730-1.jpg","width":1200,"height":730},{"@type":"BreadcrumbList","@id":"https:\/\/progettotouring.it\/radiotouring104\/2022\/11\/02\/ndrangheta-progettato-un-attentato-nei-confronti-di-klaus-davi-e-nicola-gratteri\/#breadcrumb","itemListElement":[{"@type":"ListItem","position":1,"name":"Home","item":"https:\/\/progettotouring.it\/radiotouring104\/"},{"@type":"ListItem","position":2,"name":"Ndrangheta: progettato un attentato nei confronti di Klaus Davi e Nicola Gratteri"}]},{"@type":"WebSite","@id":"https:\/\/progettotouring.it\/radiotouring104\/#website","url":"https:\/\/progettotouring.it\/radiotouring104\/","name":"Radio Touring 104","description":"La prima radio Reggina","publisher":{"@id":"https:\/\/progettotouring.it\/radiotouring104\/#organization"},"potentialAction":[{"@type":"SearchAction","target":{"@type":"EntryPoint","urlTemplate":"https:\/\/progettotouring.it\/radiotouring104\/?s={search_term_string}"},"query-input":{"@type":"PropertyValueSpecification","valueRequired":true,"valueName":"search_term_string"}}],"inLanguage":"it-IT"},{"@type":"Organization","@id":"https:\/\/progettotouring.it\/radiotouring104\/#organization","name":"Radio Touring 104","url":"https:\/\/progettotouring.it\/radiotouring104\/","logo":{"@type":"ImageObject","inLanguage":"it-IT","@id":"https:\/\/progettotouring.it\/radiotouring104\/#\/schema\/logo\/image\/","url":"https:\/\/progettotouring.it\/radiotouring104\/wp-content\/uploads\/sites\/6\/2022\/02\/cropped-logo-radio-touring-104.png","contentUrl":"https:\/\/progettotouring.it\/radiotouring104\/wp-content\/uploads\/sites\/6\/2022\/02\/cropped-logo-radio-touring-104.png","width":377,"height":182,"caption":"Radio Touring 104"},"image":{"@id":"https:\/\/progettotouring.it\/radiotouring104\/#\/schema\/logo\/image\/"}},{"@type":"Person","@id":"https:\/\/progettotouring.it\/radiotouring104\/#\/schema\/person\/4a82259ca52ac8702ad1a8f9e5a3120b","name":"Filippo Francesco Idone","image":{"@type":"ImageObject","inLanguage":"it-IT","@id":"https:\/\/secure.gravatar.com\/avatar\/7268715d2366395c3dd314385670e6484117d44f5c442e61e230f7008b7b62d3?s=96&d=mm&r=g","url":"https:\/\/secure.gravatar.com\/avatar\/7268715d2366395c3dd314385670e6484117d44f5c442e61e230f7008b7b62d3?s=96&d=mm&r=g","contentUrl":"https:\/\/secure.gravatar.com\/avatar\/7268715d2366395c3dd314385670e6484117d44f5c442e61e230f7008b7b62d3?s=96&d=mm&r=g","caption":"Filippo Francesco Idone"},"url":"https:\/\/progettotouring.it\/radiotouring104\/author\/filippoidone\/"}]}},"jetpack_publicize_connections":[],"jetpack_featured_media_url":"https:\/\/progettotouring.it\/radiotouring104\/wp-content\/uploads\/sites\/6\/2022\/08\/gratteri-dipendenti-pubblici-1200x730-1.jpg","jetpack_sharing_enabled":true,"_links":{"self":[{"href":"https:\/\/progettotouring.it\/radiotouring104\/wp-json\/wp\/v2\/posts\/11395","targetHints":{"allow":["GET"]}}],"collection":[{"href":"https:\/\/progettotouring.it\/radiotouring104\/wp-json\/wp\/v2\/posts"}],"about":[{"href":"https:\/\/progettotouring.it\/radiotouring104\/wp-json\/wp\/v2\/types\/post"}],"author":[{"embeddable":true,"href":"https:\/\/progettotouring.it\/radiotouring104\/wp-json\/wp\/v2\/users\/8"}],"replies":[{"embeddable":true,"href":"https:\/\/progettotouring.it\/radiotouring104\/wp-json\/wp\/v2\/comments?post=11395"}],"version-history":[{"count":1,"href":"https:\/\/progettotouring.it\/radiotouring104\/wp-json\/wp\/v2\/posts\/11395\/revisions"}],"predecessor-version":[{"id":11396,"href":"https:\/\/progettotouring.it\/radiotouring104\/wp-json\/wp\/v2\/posts\/11395\/revisions\/11396"}],"wp:featuredmedia":[{"embeddable":true,"href":"https:\/\/progettotouring.it\/radiotouring104\/wp-json\/wp\/v2\/media\/9107"}],"wp:attachment":[{"href":"https:\/\/progettotouring.it\/radiotouring104\/wp-json\/wp\/v2\/media?parent=11395"}],"wp:term":[{"taxonomy":"category","embeddable":true,"href":"https:\/\/progettotouring.it\/radiotouring104\/wp-json\/wp\/v2\/categories?post=11395"},{"taxonomy":"post_tag","embeddable":true,"href":"https:\/\/progettotouring.it\/radiotouring104\/wp-json\/wp\/v2\/tags?post=11395"}],"curies":[{"name":"wp","href":"https:\/\/api.w.org\/{rel}","templated":true}]}}