{"id":12068,"date":"2022-11-12T11:48:41","date_gmt":"2022-11-12T10:48:41","guid":{"rendered":"https:\/\/progettotouring.it\/radiotouring104\/?p=12068"},"modified":"2022-11-12T19:04:30","modified_gmt":"2022-11-12T18:04:30","slug":"carceri-calabresi-75-suicidi-in-10-mesi-muglia-firma-lappello-per-intervento-immediato","status":"publish","type":"post","link":"https:\/\/progettotouring.it\/radiotouring104\/2022\/11\/12\/carceri-calabresi-75-suicidi-in-10-mesi-muglia-firma-lappello-per-intervento-immediato\/","title":{"rendered":"Carceri calabresi, 75 suicidi in 10 mesi: Muglia firma l&#8217;appello per intervento immediato"},"content":{"rendered":"<p>75 suicidi in 10 mesi: \u00e8 questo il terribile bilancio registrato da inizio anno, che ha spinto il Garante regionale dei diritti dei detenuti e delle persone private della libert\u00e0 personale, Luca Muglia, a condividere, firmare e rilanciare l\u2019appello, lanciato da Il Dubbio e rivolto alle istituzioni, alla politica e agli intellettuali. Nell\u2019appello si suggeriscono cinque vie d\u2019uscita:<br \/>\n1. L\u2019aumento delle telefonate per i detenuti, esclusi quelli che non possono comunicare con l\u2019esterno.<br \/>\n2. L\u2019innalzamento a 75 giorni a semestre per la liberazione anticipata rispetto ai 45 attuali.<br \/>\n3. Creazione di spazi da dedicare ai familiari per valorizzare l\u2019affettivit\u00e0.<br \/>\n4. Aumento del personale per la salute psicofisica<br \/>\n5. attuazione immediata di quella parte della riforma Cartabia che contempla la valorizzazione della giustizia riparativa e, nel contempo, rivitalizza le sanzioni sostitutive delle pene detentive.<\/p>\n<p>Il Garante regionale, Luca Muglia, nel lanciare l\u2019allarme e ribadire la necessit\u00e0 di un intervento immediato, ha evidenziato che nell\u2019ultima settimana all\u2019interno delle carceri calabresi si sono verificati diversi episodi di autolesionismo, uno dei quali con un tragico epilogo. La soluzione dunque sar\u00e0 ricorrere al carcere come extrema ratio, garantire spazi e contesti umani che rispettino la dignit\u00e0 e i diritti, moltiplicare le pene alternative, garantire al cittadino detenuto la possibilit\u00e0 di iniziare un reale percorso di inclusione nella comunit\u00e0.<\/p>\n","protected":false},"excerpt":{"rendered":"<p>75 suicidi in 10 mesi: \u00e8 questo il terribile bilancio registrato da inizio anno, che ha spinto il Garante regionale dei diritti dei detenuti e delle persone private della libert\u00e0&hellip;<\/p>\n","protected":false},"author":1,"featured_media":12072,"comment_status":"open","ping_status":"open","sticky":false,"template":"","format":"standard","meta":{"_jetpack_memberships_contains_paid_content":false,"footnotes":"","jetpack_publicize_message":"","jetpack_publicize_feature_enabled":true,"jetpack_social_post_already_shared":false,"jetpack_social_options":{"image_generator_settings":{"template":"highway","default_image_id":0,"font":"","enabled":false},"version":2}},"categories":[142,921,196],"tags":[5689,586,5441,5688,5691,5690],"class_list":["post-12068","post","type-post","status-publish","format-standard","has-post-thumbnail","hentry","category-calabria","category-home","category-news","tag-appello","tag-calabria","tag-carceri","tag-luca-muglia","tag-pene-alternative","tag-soluzioni"],"yoast_head":"<!-- This site is optimized with the Yoast SEO plugin v27.2 - https:\/\/yoast.com\/product\/yoast-seo-wordpress\/ -->\n<title>Carceri calabresi, 75 suicidi in 10 mesi: serve intervento immediato<\/title>\n<meta name=\"description\" content=\"Il Garante Luca Muglia ha evidenziato che nell\u2019ultima settimana si sono verificati diversi episodi di autolesionismo nelle carceri calabresi\" \/>\n<meta name=\"robots\" content=\"index, follow, max-snippet:-1, max-image-preview:large, max-video-preview:-1\" \/>\n<link rel=\"canonical\" href=\"https:\/\/progettotouring.it\/radiotouring104\/2022\/11\/12\/carceri-calabresi-75-suicidi-in-10-mesi-muglia-firma-lappello-per-intervento-immediato\/\" \/>\n<meta property=\"og:locale\" content=\"it_IT\" \/>\n<meta property=\"og:type\" content=\"article\" \/>\n<meta property=\"og:title\" content=\"Carceri calabresi, 75 suicidi in 10 mesi: serve intervento immediato\" \/>\n<meta property=\"og:description\" content=\"Il Garante Luca Muglia ha evidenziato che nell\u2019ultima settimana si sono verificati diversi episodi di autolesionismo nelle carceri calabresi\" \/>\n<meta property=\"og:url\" content=\"https:\/\/progettotouring.it\/radiotouring104\/2022\/11\/12\/carceri-calabresi-75-suicidi-in-10-mesi-muglia-firma-lappello-per-intervento-immediato\/\" \/>\n<meta property=\"og:site_name\" content=\"Radio Touring 104\" \/>\n<meta property=\"article:published_time\" content=\"2022-11-12T10:48:41+00:00\" \/>\n<meta property=\"article:modified_time\" content=\"2022-11-12T18:04:30+00:00\" \/>\n<meta property=\"og:image\" content=\"https:\/\/progettotouring.it\/radiotouring104\/wp-content\/uploads\/sites\/6\/2022\/11\/carcere-arghilla.jpg\" \/>\n\t<meta property=\"og:image:width\" content=\"482\" \/>\n\t<meta property=\"og:image:height\" content=\"280\" \/>\n\t<meta property=\"og:image:type\" content=\"image\/jpeg\" \/>\n<meta name=\"author\" content=\"Chiara Cucinotta\" \/>\n<meta name=\"twitter:card\" content=\"summary_large_image\" \/>\n<meta name=\"twitter:label1\" content=\"Scritto da\" \/>\n\t<meta name=\"twitter:data1\" content=\"Chiara Cucinotta\" \/>\n\t<meta name=\"twitter:label2\" content=\"Tempo di lettura stimato\" \/>\n\t<meta name=\"twitter:data2\" content=\"1 minuto\" \/>\n<script type=\"application\/ld+json\" class=\"yoast-schema-graph\">{\"@context\":\"https:\/\/schema.org\",\"@graph\":[{\"@type\":\"Article\",\"@id\":\"https:\/\/progettotouring.it\/radiotouring104\/2022\/11\/12\/carceri-calabresi-75-suicidi-in-10-mesi-muglia-firma-lappello-per-intervento-immediato\/#article\",\"isPartOf\":{\"@id\":\"https:\/\/progettotouring.it\/radiotouring104\/2022\/11\/12\/carceri-calabresi-75-suicidi-in-10-mesi-muglia-firma-lappello-per-intervento-immediato\/\"},\"author\":{\"name\":\"Chiara Cucinotta\",\"@id\":\"https:\/\/progettotouring.it\/radiotouring104\/#\/schema\/person\/f01f189b71df20dcfc0890eea7e67a0e\"},\"headline\":\"Carceri calabresi, 75 suicidi in 10 mesi: Muglia firma l&#8217;appello per intervento immediato\",\"datePublished\":\"2022-11-12T10:48:41+00:00\",\"dateModified\":\"2022-11-12T18:04:30+00:00\",\"mainEntityOfPage\":{\"@id\":\"https:\/\/progettotouring.it\/radiotouring104\/2022\/11\/12\/carceri-calabresi-75-suicidi-in-10-mesi-muglia-firma-lappello-per-intervento-immediato\/\"},\"wordCount\":224,\"commentCount\":0,\"publisher\":{\"@id\":\"https:\/\/progettotouring.it\/radiotouring104\/#organization\"},\"image\":{\"@id\":\"https:\/\/progettotouring.it\/radiotouring104\/2022\/11\/12\/carceri-calabresi-75-suicidi-in-10-mesi-muglia-firma-lappello-per-intervento-immediato\/#primaryimage\"},\"thumbnailUrl\":\"https:\/\/progettotouring.it\/radiotouring104\/wp-content\/uploads\/sites\/6\/2022\/11\/carcere-arghilla.jpg\",\"keywords\":[\"appello\",\"calabria\",\"carceri\",\"luca muglia\",\"pene alternative\",\"soluzioni\"],\"articleSection\":[\"Calabria\",\"Home\",\"News\"],\"inLanguage\":\"it-IT\",\"potentialAction\":[{\"@type\":\"CommentAction\",\"name\":\"Comment\",\"target\":[\"https:\/\/progettotouring.it\/radiotouring104\/2022\/11\/12\/carceri-calabresi-75-suicidi-in-10-mesi-muglia-firma-lappello-per-intervento-immediato\/#respond\"]}]},{\"@type\":\"WebPage\",\"@id\":\"https:\/\/progettotouring.it\/radiotouring104\/2022\/11\/12\/carceri-calabresi-75-suicidi-in-10-mesi-muglia-firma-lappello-per-intervento-immediato\/\",\"url\":\"https:\/\/progettotouring.it\/radiotouring104\/2022\/11\/12\/carceri-calabresi-75-suicidi-in-10-mesi-muglia-firma-lappello-per-intervento-immediato\/\",\"name\":\"Carceri calabresi, 75 suicidi in 10 mesi: serve intervento immediato\",\"isPartOf\":{\"@id\":\"https:\/\/progettotouring.it\/radiotouring104\/#website\"},\"primaryImageOfPage\":{\"@id\":\"https:\/\/progettotouring.it\/radiotouring104\/2022\/11\/12\/carceri-calabresi-75-suicidi-in-10-mesi-muglia-firma-lappello-per-intervento-immediato\/#primaryimage\"},\"image\":{\"@id\":\"https:\/\/progettotouring.it\/radiotouring104\/2022\/11\/12\/carceri-calabresi-75-suicidi-in-10-mesi-muglia-firma-lappello-per-intervento-immediato\/#primaryimage\"},\"thumbnailUrl\":\"https:\/\/progettotouring.it\/radiotouring104\/wp-content\/uploads\/sites\/6\/2022\/11\/carcere-arghilla.jpg\",\"datePublished\":\"2022-11-12T10:48:41+00:00\",\"dateModified\":\"2022-11-12T18:04:30+00:00\",\"description\":\"Il Garante Luca Muglia ha evidenziato che nell\u2019ultima settimana si sono verificati diversi episodi di autolesionismo nelle carceri calabresi\",\"breadcrumb\":{\"@id\":\"https:\/\/progettotouring.it\/radiotouring104\/2022\/11\/12\/carceri-calabresi-75-suicidi-in-10-mesi-muglia-firma-lappello-per-intervento-immediato\/#breadcrumb\"},\"inLanguage\":\"it-IT\",\"potentialAction\":[{\"@type\":\"ReadAction\",\"target\":[\"https:\/\/progettotouring.it\/radiotouring104\/2022\/11\/12\/carceri-calabresi-75-suicidi-in-10-mesi-muglia-firma-lappello-per-intervento-immediato\/\"]}]},{\"@type\":\"ImageObject\",\"inLanguage\":\"it-IT\",\"@id\":\"https:\/\/progettotouring.it\/radiotouring104\/2022\/11\/12\/carceri-calabresi-75-suicidi-in-10-mesi-muglia-firma-lappello-per-intervento-immediato\/#primaryimage\",\"url\":\"https:\/\/progettotouring.it\/radiotouring104\/wp-content\/uploads\/sites\/6\/2022\/11\/carcere-arghilla.jpg\",\"contentUrl\":\"https:\/\/progettotouring.it\/radiotouring104\/wp-content\/uploads\/sites\/6\/2022\/11\/carcere-arghilla.jpg\",\"width\":482,\"height\":280},{\"@type\":\"BreadcrumbList\",\"@id\":\"https:\/\/progettotouring.it\/radiotouring104\/2022\/11\/12\/carceri-calabresi-75-suicidi-in-10-mesi-muglia-firma-lappello-per-intervento-immediato\/#breadcrumb\",\"itemListElement\":[{\"@type\":\"ListItem\",\"position\":1,\"name\":\"Home\",\"item\":\"https:\/\/progettotouring.it\/radiotouring104\/\"},{\"@type\":\"ListItem\",\"position\":2,\"name\":\"Carceri calabresi, 75 suicidi in 10 mesi: Muglia firma l&#8217;appello per intervento immediato\"}]},{\"@type\":\"WebSite\",\"@id\":\"https:\/\/progettotouring.it\/radiotouring104\/#website\",\"url\":\"https:\/\/progettotouring.it\/radiotouring104\/\",\"name\":\"Radio Touring 104\",\"description\":\"La prima radio Reggina\",\"publisher\":{\"@id\":\"https:\/\/progettotouring.it\/radiotouring104\/#organization\"},\"potentialAction\":[{\"@type\":\"SearchAction\",\"target\":{\"@type\":\"EntryPoint\",\"urlTemplate\":\"https:\/\/progettotouring.it\/radiotouring104\/?s={search_term_string}\"},\"query-input\":{\"@type\":\"PropertyValueSpecification\",\"valueRequired\":true,\"valueName\":\"search_term_string\"}}],\"inLanguage\":\"it-IT\"},{\"@type\":\"Organization\",\"@id\":\"https:\/\/progettotouring.it\/radiotouring104\/#organization\",\"name\":\"Radio Touring 104\",\"url\":\"https:\/\/progettotouring.it\/radiotouring104\/\",\"logo\":{\"@type\":\"ImageObject\",\"inLanguage\":\"it-IT\",\"@id\":\"https:\/\/progettotouring.it\/radiotouring104\/#\/schema\/logo\/image\/\",\"url\":\"https:\/\/progettotouring.it\/radiotouring104\/wp-content\/uploads\/sites\/6\/2022\/02\/cropped-logo-radio-touring-104.png\",\"contentUrl\":\"https:\/\/progettotouring.it\/radiotouring104\/wp-content\/uploads\/sites\/6\/2022\/02\/cropped-logo-radio-touring-104.png\",\"width\":377,\"height\":182,\"caption\":\"Radio Touring 104\"},\"image\":{\"@id\":\"https:\/\/progettotouring.it\/radiotouring104\/#\/schema\/logo\/image\/\"}},{\"@type\":\"Person\",\"@id\":\"https:\/\/progettotouring.it\/radiotouring104\/#\/schema\/person\/f01f189b71df20dcfc0890eea7e67a0e\",\"name\":\"Chiara Cucinotta\",\"image\":{\"@type\":\"ImageObject\",\"inLanguage\":\"it-IT\",\"@id\":\"https:\/\/secure.gravatar.com\/avatar\/efe17e5613fdef9b05741a23cd4ef4e9b1c39955d8fe11176cb1da3641c96104?s=96&d=mm&r=g\",\"url\":\"https:\/\/secure.gravatar.com\/avatar\/efe17e5613fdef9b05741a23cd4ef4e9b1c39955d8fe11176cb1da3641c96104?s=96&d=mm&r=g\",\"contentUrl\":\"https:\/\/secure.gravatar.com\/avatar\/efe17e5613fdef9b05741a23cd4ef4e9b1c39955d8fe11176cb1da3641c96104?s=96&d=mm&r=g\",\"caption\":\"Chiara Cucinotta\"},\"sameAs\":[\"https:\/\/progettotouring.it\"],\"url\":\"https:\/\/progettotouring.it\/radiotouring104\/author\/auranex\/\"}]}<\/script>\n<!-- \/ Yoast SEO plugin. -->","yoast_head_json":{"title":"Carceri calabresi, 75 suicidi in 10 mesi: serve intervento immediato","description":"Il Garante Luca Muglia ha evidenziato che nell\u2019ultima settimana si sono verificati diversi episodi di autolesionismo nelle carceri calabresi","robots":{"index":"index","follow":"follow","max-snippet":"max-snippet:-1","max-image-preview":"max-image-preview:large","max-video-preview":"max-video-preview:-1"},"canonical":"https:\/\/progettotouring.it\/radiotouring104\/2022\/11\/12\/carceri-calabresi-75-suicidi-in-10-mesi-muglia-firma-lappello-per-intervento-immediato\/","og_locale":"it_IT","og_type":"article","og_title":"Carceri calabresi, 75 suicidi in 10 mesi: serve intervento immediato","og_description":"Il Garante Luca Muglia ha evidenziato che nell\u2019ultima settimana si sono verificati diversi episodi di autolesionismo nelle carceri calabresi","og_url":"https:\/\/progettotouring.it\/radiotouring104\/2022\/11\/12\/carceri-calabresi-75-suicidi-in-10-mesi-muglia-firma-lappello-per-intervento-immediato\/","og_site_name":"Radio Touring 104","article_published_time":"2022-11-12T10:48:41+00:00","article_modified_time":"2022-11-12T18:04:30+00:00","og_image":[{"width":482,"height":280,"url":"https:\/\/progettotouring.it\/radiotouring104\/wp-content\/uploads\/sites\/6\/2022\/11\/carcere-arghilla.jpg","type":"image\/jpeg"}],"author":"Chiara Cucinotta","twitter_card":"summary_large_image","twitter_misc":{"Scritto da":"Chiara Cucinotta","Tempo di lettura stimato":"1 minuto"},"schema":{"@context":"https:\/\/schema.org","@graph":[{"@type":"Article","@id":"https:\/\/progettotouring.it\/radiotouring104\/2022\/11\/12\/carceri-calabresi-75-suicidi-in-10-mesi-muglia-firma-lappello-per-intervento-immediato\/#article","isPartOf":{"@id":"https:\/\/progettotouring.it\/radiotouring104\/2022\/11\/12\/carceri-calabresi-75-suicidi-in-10-mesi-muglia-firma-lappello-per-intervento-immediato\/"},"author":{"name":"Chiara Cucinotta","@id":"https:\/\/progettotouring.it\/radiotouring104\/#\/schema\/person\/f01f189b71df20dcfc0890eea7e67a0e"},"headline":"Carceri calabresi, 75 suicidi in 10 mesi: Muglia firma l&#8217;appello per intervento immediato","datePublished":"2022-11-12T10:48:41+00:00","dateModified":"2022-11-12T18:04:30+00:00","mainEntityOfPage":{"@id":"https:\/\/progettotouring.it\/radiotouring104\/2022\/11\/12\/carceri-calabresi-75-suicidi-in-10-mesi-muglia-firma-lappello-per-intervento-immediato\/"},"wordCount":224,"commentCount":0,"publisher":{"@id":"https:\/\/progettotouring.it\/radiotouring104\/#organization"},"image":{"@id":"https:\/\/progettotouring.it\/radiotouring104\/2022\/11\/12\/carceri-calabresi-75-suicidi-in-10-mesi-muglia-firma-lappello-per-intervento-immediato\/#primaryimage"},"thumbnailUrl":"https:\/\/progettotouring.it\/radiotouring104\/wp-content\/uploads\/sites\/6\/2022\/11\/carcere-arghilla.jpg","keywords":["appello","calabria","carceri","luca muglia","pene alternative","soluzioni"],"articleSection":["Calabria","Home","News"],"inLanguage":"it-IT","potentialAction":[{"@type":"CommentAction","name":"Comment","target":["https:\/\/progettotouring.it\/radiotouring104\/2022\/11\/12\/carceri-calabresi-75-suicidi-in-10-mesi-muglia-firma-lappello-per-intervento-immediato\/#respond"]}]},{"@type":"WebPage","@id":"https:\/\/progettotouring.it\/radiotouring104\/2022\/11\/12\/carceri-calabresi-75-suicidi-in-10-mesi-muglia-firma-lappello-per-intervento-immediato\/","url":"https:\/\/progettotouring.it\/radiotouring104\/2022\/11\/12\/carceri-calabresi-75-suicidi-in-10-mesi-muglia-firma-lappello-per-intervento-immediato\/","name":"Carceri calabresi, 75 suicidi in 10 mesi: serve intervento immediato","isPartOf":{"@id":"https:\/\/progettotouring.it\/radiotouring104\/#website"},"primaryImageOfPage":{"@id":"https:\/\/progettotouring.it\/radiotouring104\/2022\/11\/12\/carceri-calabresi-75-suicidi-in-10-mesi-muglia-firma-lappello-per-intervento-immediato\/#primaryimage"},"image":{"@id":"https:\/\/progettotouring.it\/radiotouring104\/2022\/11\/12\/carceri-calabresi-75-suicidi-in-10-mesi-muglia-firma-lappello-per-intervento-immediato\/#primaryimage"},"thumbnailUrl":"https:\/\/progettotouring.it\/radiotouring104\/wp-content\/uploads\/sites\/6\/2022\/11\/carcere-arghilla.jpg","datePublished":"2022-11-12T10:48:41+00:00","dateModified":"2022-11-12T18:04:30+00:00","description":"Il Garante Luca Muglia ha evidenziato che nell\u2019ultima settimana si sono verificati diversi episodi di autolesionismo nelle carceri calabresi","breadcrumb":{"@id":"https:\/\/progettotouring.it\/radiotouring104\/2022\/11\/12\/carceri-calabresi-75-suicidi-in-10-mesi-muglia-firma-lappello-per-intervento-immediato\/#breadcrumb"},"inLanguage":"it-IT","potentialAction":[{"@type":"ReadAction","target":["https:\/\/progettotouring.it\/radiotouring104\/2022\/11\/12\/carceri-calabresi-75-suicidi-in-10-mesi-muglia-firma-lappello-per-intervento-immediato\/"]}]},{"@type":"ImageObject","inLanguage":"it-IT","@id":"https:\/\/progettotouring.it\/radiotouring104\/2022\/11\/12\/carceri-calabresi-75-suicidi-in-10-mesi-muglia-firma-lappello-per-intervento-immediato\/#primaryimage","url":"https:\/\/progettotouring.it\/radiotouring104\/wp-content\/uploads\/sites\/6\/2022\/11\/carcere-arghilla.jpg","contentUrl":"https:\/\/progettotouring.it\/radiotouring104\/wp-content\/uploads\/sites\/6\/2022\/11\/carcere-arghilla.jpg","width":482,"height":280},{"@type":"BreadcrumbList","@id":"https:\/\/progettotouring.it\/radiotouring104\/2022\/11\/12\/carceri-calabresi-75-suicidi-in-10-mesi-muglia-firma-lappello-per-intervento-immediato\/#breadcrumb","itemListElement":[{"@type":"ListItem","position":1,"name":"Home","item":"https:\/\/progettotouring.it\/radiotouring104\/"},{"@type":"ListItem","position":2,"name":"Carceri calabresi, 75 suicidi in 10 mesi: Muglia firma l&#8217;appello per intervento immediato"}]},{"@type":"WebSite","@id":"https:\/\/progettotouring.it\/radiotouring104\/#website","url":"https:\/\/progettotouring.it\/radiotouring104\/","name":"Radio Touring 104","description":"La prima radio Reggina","publisher":{"@id":"https:\/\/progettotouring.it\/radiotouring104\/#organization"},"potentialAction":[{"@type":"SearchAction","target":{"@type":"EntryPoint","urlTemplate":"https:\/\/progettotouring.it\/radiotouring104\/?s={search_term_string}"},"query-input":{"@type":"PropertyValueSpecification","valueRequired":true,"valueName":"search_term_string"}}],"inLanguage":"it-IT"},{"@type":"Organization","@id":"https:\/\/progettotouring.it\/radiotouring104\/#organization","name":"Radio Touring 104","url":"https:\/\/progettotouring.it\/radiotouring104\/","logo":{"@type":"ImageObject","inLanguage":"it-IT","@id":"https:\/\/progettotouring.it\/radiotouring104\/#\/schema\/logo\/image\/","url":"https:\/\/progettotouring.it\/radiotouring104\/wp-content\/uploads\/sites\/6\/2022\/02\/cropped-logo-radio-touring-104.png","contentUrl":"https:\/\/progettotouring.it\/radiotouring104\/wp-content\/uploads\/sites\/6\/2022\/02\/cropped-logo-radio-touring-104.png","width":377,"height":182,"caption":"Radio Touring 104"},"image":{"@id":"https:\/\/progettotouring.it\/radiotouring104\/#\/schema\/logo\/image\/"}},{"@type":"Person","@id":"https:\/\/progettotouring.it\/radiotouring104\/#\/schema\/person\/f01f189b71df20dcfc0890eea7e67a0e","name":"Chiara Cucinotta","image":{"@type":"ImageObject","inLanguage":"it-IT","@id":"https:\/\/secure.gravatar.com\/avatar\/efe17e5613fdef9b05741a23cd4ef4e9b1c39955d8fe11176cb1da3641c96104?s=96&d=mm&r=g","url":"https:\/\/secure.gravatar.com\/avatar\/efe17e5613fdef9b05741a23cd4ef4e9b1c39955d8fe11176cb1da3641c96104?s=96&d=mm&r=g","contentUrl":"https:\/\/secure.gravatar.com\/avatar\/efe17e5613fdef9b05741a23cd4ef4e9b1c39955d8fe11176cb1da3641c96104?s=96&d=mm&r=g","caption":"Chiara Cucinotta"},"sameAs":["https:\/\/progettotouring.it"],"url":"https:\/\/progettotouring.it\/radiotouring104\/author\/auranex\/"}]}},"jetpack_publicize_connections":[],"jetpack_featured_media_url":"https:\/\/progettotouring.it\/radiotouring104\/wp-content\/uploads\/sites\/6\/2022\/11\/carcere-arghilla.jpg","jetpack_sharing_enabled":true,"_links":{"self":[{"href":"https:\/\/progettotouring.it\/radiotouring104\/wp-json\/wp\/v2\/posts\/12068","targetHints":{"allow":["GET"]}}],"collection":[{"href":"https:\/\/progettotouring.it\/radiotouring104\/wp-json\/wp\/v2\/posts"}],"about":[{"href":"https:\/\/progettotouring.it\/radiotouring104\/wp-json\/wp\/v2\/types\/post"}],"author":[{"embeddable":true,"href":"https:\/\/progettotouring.it\/radiotouring104\/wp-json\/wp\/v2\/users\/1"}],"replies":[{"embeddable":true,"href":"https:\/\/progettotouring.it\/radiotouring104\/wp-json\/wp\/v2\/comments?post=12068"}],"version-history":[{"count":1,"href":"https:\/\/progettotouring.it\/radiotouring104\/wp-json\/wp\/v2\/posts\/12068\/revisions"}],"predecessor-version":[{"id":12073,"href":"https:\/\/progettotouring.it\/radiotouring104\/wp-json\/wp\/v2\/posts\/12068\/revisions\/12073"}],"wp:featuredmedia":[{"embeddable":true,"href":"https:\/\/progettotouring.it\/radiotouring104\/wp-json\/wp\/v2\/media\/12072"}],"wp:attachment":[{"href":"https:\/\/progettotouring.it\/radiotouring104\/wp-json\/wp\/v2\/media?parent=12068"}],"wp:term":[{"taxonomy":"category","embeddable":true,"href":"https:\/\/progettotouring.it\/radiotouring104\/wp-json\/wp\/v2\/categories?post=12068"},{"taxonomy":"post_tag","embeddable":true,"href":"https:\/\/progettotouring.it\/radiotouring104\/wp-json\/wp\/v2\/tags?post=12068"}],"curies":[{"name":"wp","href":"https:\/\/api.w.org\/{rel}","templated":true}]}}