{"id":12180,"date":"2022-11-14T13:02:06","date_gmt":"2022-11-14T12:02:06","guid":{"rendered":"https:\/\/progettotouring.it\/radiotouring104\/?p=12180"},"modified":"2022-11-14T17:37:00","modified_gmt":"2022-11-14T16:37:00","slug":"la-strada-comune-si-costituisca-sui-presunti-brogli-atto-di-rispetto-per-la-citta","status":"publish","type":"post","link":"https:\/\/progettotouring.it\/radiotouring104\/2022\/11\/14\/la-strada-comune-si-costituisca-sui-presunti-brogli-atto-di-rispetto-per-la-citta\/","title":{"rendered":"La Strada: &#8220;Comune parte civile sui presunti brogli, atto di rispetto per la Citt\u00e0&#8221;"},"content":{"rendered":"<p>Il Comune si costituir\u00e0 parte civile nel processo per i presunti brogli.<\/p>\n<p>Lo abbiamo chiesto due anni fa nel primo consiglio comunale utile e lo abbiamo ribadito continuamente.<\/p>\n<p>\u00c8 un atto di rispetto nei confronti della citt\u00e0 tutta. \u00c8 un atto che garantisce \u2013 questo s\u00ec \u2013 del massimo impegno dell&#8217;Amministrazione a proteggere la dignit\u00e0 della cittadinanza intera.<\/p>\n<p>Questo non vuol dire affatto porsi in accusa giustizialista verso gli eventuali imputati, come qualcuno strumentalmente ci ha risposto in questi due anni, ma utilizzare i legittimi strumenti che l&#8217;Amministrazione Comunale possiede nel pieno quadro del garantismo. \u00abIl garantismo \u00e8 in essere quando tutti gli attori fanno tutto ci\u00f2 che \u00e8 nelle loro competenze per garantire l\u2019interesse pubblico e collettivo\u00bb, avevamo scritto e ribadito in consiglio comunale con il consigliere Saverio Pazzano.<\/p>\n<p>Quando insistevamo e ci richiamavamo al codice etico dell&#8217;Amministrazione su questo impegno, avevamo quindi ragione!<\/p>\n<p>La notizia \u00e8 passata in sordina, considerata la vicenda Miramare che ha occupato la cronaca dell&#8217;ultimo consiglio comunale.<\/p>\n<p>Ma a diretta e ulteriore domanda del gruppo La Strada il presidente del consiglio ha riferito espressamente che il consiglio comunale si costituir\u00e0 parte civile.<\/p>\n<p>Dopo due anni di \u201criflessione\u201d \u00e8 comunque un segnale importante. Bisogna essere e restare perseveranti.<\/p>\n","protected":false},"excerpt":{"rendered":"<p>Il Comune si costituir\u00e0 parte civile nel processo per i presunti brogli. Lo abbiamo chiesto due anni fa nel primo consiglio comunale utile e lo abbiamo ribadito continuamente. \u00c8 un&hellip;<\/p>\n","protected":false},"author":12,"featured_media":12010,"comment_status":"open","ping_status":"open","sticky":false,"template":"","format":"standard","meta":{"_jetpack_memberships_contains_paid_content":false,"footnotes":"","jetpack_publicize_message":"","jetpack_publicize_feature_enabled":true,"jetpack_social_post_already_shared":false,"jetpack_social_options":{"image_generator_settings":{"template":"highway","default_image_id":0,"font":"","enabled":false},"version":2}},"categories":[921,196,140],"tags":[3844,342,5647],"class_list":["post-12180","post","type-post","status-publish","format-standard","has-post-thumbnail","hentry","category-home","category-news","category-reggio-calabria","tag-brogli-comunali","tag-comune-di-reggio-calabria","tag-movimento-la-strada"],"yoast_head":"<!-- This site is optimized with the Yoast SEO plugin v27.2 - https:\/\/yoast.com\/product\/yoast-seo-wordpress\/ -->\n<title>La Strada: &quot;Comune parte civile sui presunti brogli&quot;<\/title>\n<meta name=\"description\" content=\"\u201cIl Comune si costituir\u00e0 parte civile per i presunti brogli: un atto di rispetto verso la citt\u00e0 che chiedevamo da due anni\u201d.\" \/>\n<meta name=\"robots\" content=\"index, follow, max-snippet:-1, max-image-preview:large, max-video-preview:-1\" \/>\n<link rel=\"canonical\" href=\"https:\/\/progettotouring.it\/radiotouring104\/2022\/11\/14\/la-strada-comune-si-costituisca-sui-presunti-brogli-atto-di-rispetto-per-la-citta\/\" \/>\n<meta property=\"og:locale\" content=\"it_IT\" \/>\n<meta property=\"og:type\" content=\"article\" \/>\n<meta property=\"og:title\" content=\"La Strada: &quot;Comune parte civile sui presunti brogli&quot;\" \/>\n<meta property=\"og:description\" content=\"\u201cIl Comune si costituir\u00e0 parte civile per i presunti brogli: un atto di rispetto verso la citt\u00e0 che chiedevamo da due anni\u201d.\" \/>\n<meta property=\"og:url\" content=\"https:\/\/progettotouring.it\/radiotouring104\/2022\/11\/14\/la-strada-comune-si-costituisca-sui-presunti-brogli-atto-di-rispetto-per-la-citta\/\" \/>\n<meta property=\"og:site_name\" content=\"Radio Touring 104\" \/>\n<meta property=\"article:published_time\" content=\"2022-11-14T12:02:06+00:00\" \/>\n<meta property=\"article:modified_time\" content=\"2022-11-14T16:37:00+00:00\" \/>\n<meta property=\"og:image\" content=\"https:\/\/progettotouring.it\/radiotouring104\/wp-content\/uploads\/sites\/6\/2022\/11\/logo-La-Strada.png\" \/>\n\t<meta property=\"og:image:width\" content=\"315\" \/>\n\t<meta property=\"og:image:height\" content=\"315\" \/>\n\t<meta property=\"og:image:type\" content=\"image\/png\" \/>\n<meta name=\"author\" content=\"Sebastiano Plutino\" \/>\n<meta name=\"twitter:card\" content=\"summary_large_image\" \/>\n<meta name=\"twitter:label1\" content=\"Scritto da\" \/>\n\t<meta name=\"twitter:data1\" content=\"Sebastiano Plutino\" \/>\n\t<meta name=\"twitter:label2\" content=\"Tempo di lettura stimato\" \/>\n\t<meta name=\"twitter:data2\" content=\"1 minuto\" \/>\n<script type=\"application\/ld+json\" class=\"yoast-schema-graph\">{\"@context\":\"https:\/\/schema.org\",\"@graph\":[{\"@type\":\"Article\",\"@id\":\"https:\/\/progettotouring.it\/radiotouring104\/2022\/11\/14\/la-strada-comune-si-costituisca-sui-presunti-brogli-atto-di-rispetto-per-la-citta\/#article\",\"isPartOf\":{\"@id\":\"https:\/\/progettotouring.it\/radiotouring104\/2022\/11\/14\/la-strada-comune-si-costituisca-sui-presunti-brogli-atto-di-rispetto-per-la-citta\/\"},\"author\":{\"name\":\"Sebastiano Plutino\",\"@id\":\"https:\/\/progettotouring.it\/radiotouring104\/#\/schema\/person\/78613917f1851f041f7483f5af1d422e\"},\"headline\":\"La Strada: &#8220;Comune parte civile sui presunti brogli, atto di rispetto per la Citt\u00e0&#8221;\",\"datePublished\":\"2022-11-14T12:02:06+00:00\",\"dateModified\":\"2022-11-14T16:37:00+00:00\",\"mainEntityOfPage\":{\"@id\":\"https:\/\/progettotouring.it\/radiotouring104\/2022\/11\/14\/la-strada-comune-si-costituisca-sui-presunti-brogli-atto-di-rispetto-per-la-citta\/\"},\"wordCount\":210,\"commentCount\":0,\"publisher\":{\"@id\":\"https:\/\/progettotouring.it\/radiotouring104\/#organization\"},\"image\":{\"@id\":\"https:\/\/progettotouring.it\/radiotouring104\/2022\/11\/14\/la-strada-comune-si-costituisca-sui-presunti-brogli-atto-di-rispetto-per-la-citta\/#primaryimage\"},\"thumbnailUrl\":\"https:\/\/progettotouring.it\/radiotouring104\/wp-content\/uploads\/sites\/6\/2022\/11\/logo-La-Strada.png\",\"keywords\":[\"brogli comunali\",\"Comune di Reggio Calabria\",\"Movimento \\\"La Strada\\\"\"],\"articleSection\":[\"Home\",\"News\",\"Reggio Calabria\"],\"inLanguage\":\"it-IT\",\"potentialAction\":[{\"@type\":\"CommentAction\",\"name\":\"Comment\",\"target\":[\"https:\/\/progettotouring.it\/radiotouring104\/2022\/11\/14\/la-strada-comune-si-costituisca-sui-presunti-brogli-atto-di-rispetto-per-la-citta\/#respond\"]}]},{\"@type\":\"WebPage\",\"@id\":\"https:\/\/progettotouring.it\/radiotouring104\/2022\/11\/14\/la-strada-comune-si-costituisca-sui-presunti-brogli-atto-di-rispetto-per-la-citta\/\",\"url\":\"https:\/\/progettotouring.it\/radiotouring104\/2022\/11\/14\/la-strada-comune-si-costituisca-sui-presunti-brogli-atto-di-rispetto-per-la-citta\/\",\"name\":\"La Strada: \\\"Comune parte civile sui presunti brogli\\\"\",\"isPartOf\":{\"@id\":\"https:\/\/progettotouring.it\/radiotouring104\/#website\"},\"primaryImageOfPage\":{\"@id\":\"https:\/\/progettotouring.it\/radiotouring104\/2022\/11\/14\/la-strada-comune-si-costituisca-sui-presunti-brogli-atto-di-rispetto-per-la-citta\/#primaryimage\"},\"image\":{\"@id\":\"https:\/\/progettotouring.it\/radiotouring104\/2022\/11\/14\/la-strada-comune-si-costituisca-sui-presunti-brogli-atto-di-rispetto-per-la-citta\/#primaryimage\"},\"thumbnailUrl\":\"https:\/\/progettotouring.it\/radiotouring104\/wp-content\/uploads\/sites\/6\/2022\/11\/logo-La-Strada.png\",\"datePublished\":\"2022-11-14T12:02:06+00:00\",\"dateModified\":\"2022-11-14T16:37:00+00:00\",\"description\":\"\u201cIl Comune si costituir\u00e0 parte civile per i presunti brogli: un atto di rispetto verso la citt\u00e0 che chiedevamo da due anni\u201d.\",\"breadcrumb\":{\"@id\":\"https:\/\/progettotouring.it\/radiotouring104\/2022\/11\/14\/la-strada-comune-si-costituisca-sui-presunti-brogli-atto-di-rispetto-per-la-citta\/#breadcrumb\"},\"inLanguage\":\"it-IT\",\"potentialAction\":[{\"@type\":\"ReadAction\",\"target\":[\"https:\/\/progettotouring.it\/radiotouring104\/2022\/11\/14\/la-strada-comune-si-costituisca-sui-presunti-brogli-atto-di-rispetto-per-la-citta\/\"]}]},{\"@type\":\"ImageObject\",\"inLanguage\":\"it-IT\",\"@id\":\"https:\/\/progettotouring.it\/radiotouring104\/2022\/11\/14\/la-strada-comune-si-costituisca-sui-presunti-brogli-atto-di-rispetto-per-la-citta\/#primaryimage\",\"url\":\"https:\/\/progettotouring.it\/radiotouring104\/wp-content\/uploads\/sites\/6\/2022\/11\/logo-La-Strada.png\",\"contentUrl\":\"https:\/\/progettotouring.it\/radiotouring104\/wp-content\/uploads\/sites\/6\/2022\/11\/logo-La-Strada.png\",\"width\":315,\"height\":315},{\"@type\":\"BreadcrumbList\",\"@id\":\"https:\/\/progettotouring.it\/radiotouring104\/2022\/11\/14\/la-strada-comune-si-costituisca-sui-presunti-brogli-atto-di-rispetto-per-la-citta\/#breadcrumb\",\"itemListElement\":[{\"@type\":\"ListItem\",\"position\":1,\"name\":\"Home\",\"item\":\"https:\/\/progettotouring.it\/radiotouring104\/\"},{\"@type\":\"ListItem\",\"position\":2,\"name\":\"La Strada: &#8220;Comune parte civile sui presunti brogli, atto di rispetto per la Citt\u00e0&#8221;\"}]},{\"@type\":\"WebSite\",\"@id\":\"https:\/\/progettotouring.it\/radiotouring104\/#website\",\"url\":\"https:\/\/progettotouring.it\/radiotouring104\/\",\"name\":\"Radio Touring 104\",\"description\":\"La prima radio Reggina\",\"publisher\":{\"@id\":\"https:\/\/progettotouring.it\/radiotouring104\/#organization\"},\"potentialAction\":[{\"@type\":\"SearchAction\",\"target\":{\"@type\":\"EntryPoint\",\"urlTemplate\":\"https:\/\/progettotouring.it\/radiotouring104\/?s={search_term_string}\"},\"query-input\":{\"@type\":\"PropertyValueSpecification\",\"valueRequired\":true,\"valueName\":\"search_term_string\"}}],\"inLanguage\":\"it-IT\"},{\"@type\":\"Organization\",\"@id\":\"https:\/\/progettotouring.it\/radiotouring104\/#organization\",\"name\":\"Radio Touring 104\",\"url\":\"https:\/\/progettotouring.it\/radiotouring104\/\",\"logo\":{\"@type\":\"ImageObject\",\"inLanguage\":\"it-IT\",\"@id\":\"https:\/\/progettotouring.it\/radiotouring104\/#\/schema\/logo\/image\/\",\"url\":\"https:\/\/progettotouring.it\/radiotouring104\/wp-content\/uploads\/sites\/6\/2022\/02\/cropped-logo-radio-touring-104.png\",\"contentUrl\":\"https:\/\/progettotouring.it\/radiotouring104\/wp-content\/uploads\/sites\/6\/2022\/02\/cropped-logo-radio-touring-104.png\",\"width\":377,\"height\":182,\"caption\":\"Radio Touring 104\"},\"image\":{\"@id\":\"https:\/\/progettotouring.it\/radiotouring104\/#\/schema\/logo\/image\/\"}},{\"@type\":\"Person\",\"@id\":\"https:\/\/progettotouring.it\/radiotouring104\/#\/schema\/person\/78613917f1851f041f7483f5af1d422e\",\"name\":\"Sebastiano Plutino\",\"image\":{\"@type\":\"ImageObject\",\"inLanguage\":\"it-IT\",\"@id\":\"https:\/\/secure.gravatar.com\/avatar\/0546ffaa9b79224faf9f2a156b67a529ae861d3287c66c1d8ccfdf909bcba78d?s=96&d=mm&r=g\",\"url\":\"https:\/\/secure.gravatar.com\/avatar\/0546ffaa9b79224faf9f2a156b67a529ae861d3287c66c1d8ccfdf909bcba78d?s=96&d=mm&r=g\",\"contentUrl\":\"https:\/\/secure.gravatar.com\/avatar\/0546ffaa9b79224faf9f2a156b67a529ae861d3287c66c1d8ccfdf909bcba78d?s=96&d=mm&r=g\",\"caption\":\"Sebastiano Plutino\"},\"url\":\"https:\/\/progettotouring.it\/radiotouring104\/author\/sebastiano\/\"}]}<\/script>\n<!-- \/ Yoast SEO plugin. -->","yoast_head_json":{"title":"La Strada: \"Comune parte civile sui presunti brogli\"","description":"\u201cIl Comune si costituir\u00e0 parte civile per i presunti brogli: un atto di rispetto verso la citt\u00e0 che chiedevamo da due anni\u201d.","robots":{"index":"index","follow":"follow","max-snippet":"max-snippet:-1","max-image-preview":"max-image-preview:large","max-video-preview":"max-video-preview:-1"},"canonical":"https:\/\/progettotouring.it\/radiotouring104\/2022\/11\/14\/la-strada-comune-si-costituisca-sui-presunti-brogli-atto-di-rispetto-per-la-citta\/","og_locale":"it_IT","og_type":"article","og_title":"La Strada: \"Comune parte civile sui presunti brogli\"","og_description":"\u201cIl Comune si costituir\u00e0 parte civile per i presunti brogli: un atto di rispetto verso la citt\u00e0 che chiedevamo da due anni\u201d.","og_url":"https:\/\/progettotouring.it\/radiotouring104\/2022\/11\/14\/la-strada-comune-si-costituisca-sui-presunti-brogli-atto-di-rispetto-per-la-citta\/","og_site_name":"Radio Touring 104","article_published_time":"2022-11-14T12:02:06+00:00","article_modified_time":"2022-11-14T16:37:00+00:00","og_image":[{"width":315,"height":315,"url":"https:\/\/progettotouring.it\/radiotouring104\/wp-content\/uploads\/sites\/6\/2022\/11\/logo-La-Strada.png","type":"image\/png"}],"author":"Sebastiano Plutino","twitter_card":"summary_large_image","twitter_misc":{"Scritto da":"Sebastiano Plutino","Tempo di lettura stimato":"1 minuto"},"schema":{"@context":"https:\/\/schema.org","@graph":[{"@type":"Article","@id":"https:\/\/progettotouring.it\/radiotouring104\/2022\/11\/14\/la-strada-comune-si-costituisca-sui-presunti-brogli-atto-di-rispetto-per-la-citta\/#article","isPartOf":{"@id":"https:\/\/progettotouring.it\/radiotouring104\/2022\/11\/14\/la-strada-comune-si-costituisca-sui-presunti-brogli-atto-di-rispetto-per-la-citta\/"},"author":{"name":"Sebastiano Plutino","@id":"https:\/\/progettotouring.it\/radiotouring104\/#\/schema\/person\/78613917f1851f041f7483f5af1d422e"},"headline":"La Strada: &#8220;Comune parte civile sui presunti brogli, atto di rispetto per la Citt\u00e0&#8221;","datePublished":"2022-11-14T12:02:06+00:00","dateModified":"2022-11-14T16:37:00+00:00","mainEntityOfPage":{"@id":"https:\/\/progettotouring.it\/radiotouring104\/2022\/11\/14\/la-strada-comune-si-costituisca-sui-presunti-brogli-atto-di-rispetto-per-la-citta\/"},"wordCount":210,"commentCount":0,"publisher":{"@id":"https:\/\/progettotouring.it\/radiotouring104\/#organization"},"image":{"@id":"https:\/\/progettotouring.it\/radiotouring104\/2022\/11\/14\/la-strada-comune-si-costituisca-sui-presunti-brogli-atto-di-rispetto-per-la-citta\/#primaryimage"},"thumbnailUrl":"https:\/\/progettotouring.it\/radiotouring104\/wp-content\/uploads\/sites\/6\/2022\/11\/logo-La-Strada.png","keywords":["brogli comunali","Comune di Reggio Calabria","Movimento \"La Strada\""],"articleSection":["Home","News","Reggio Calabria"],"inLanguage":"it-IT","potentialAction":[{"@type":"CommentAction","name":"Comment","target":["https:\/\/progettotouring.it\/radiotouring104\/2022\/11\/14\/la-strada-comune-si-costituisca-sui-presunti-brogli-atto-di-rispetto-per-la-citta\/#respond"]}]},{"@type":"WebPage","@id":"https:\/\/progettotouring.it\/radiotouring104\/2022\/11\/14\/la-strada-comune-si-costituisca-sui-presunti-brogli-atto-di-rispetto-per-la-citta\/","url":"https:\/\/progettotouring.it\/radiotouring104\/2022\/11\/14\/la-strada-comune-si-costituisca-sui-presunti-brogli-atto-di-rispetto-per-la-citta\/","name":"La Strada: \"Comune parte civile sui presunti brogli\"","isPartOf":{"@id":"https:\/\/progettotouring.it\/radiotouring104\/#website"},"primaryImageOfPage":{"@id":"https:\/\/progettotouring.it\/radiotouring104\/2022\/11\/14\/la-strada-comune-si-costituisca-sui-presunti-brogli-atto-di-rispetto-per-la-citta\/#primaryimage"},"image":{"@id":"https:\/\/progettotouring.it\/radiotouring104\/2022\/11\/14\/la-strada-comune-si-costituisca-sui-presunti-brogli-atto-di-rispetto-per-la-citta\/#primaryimage"},"thumbnailUrl":"https:\/\/progettotouring.it\/radiotouring104\/wp-content\/uploads\/sites\/6\/2022\/11\/logo-La-Strada.png","datePublished":"2022-11-14T12:02:06+00:00","dateModified":"2022-11-14T16:37:00+00:00","description":"\u201cIl Comune si costituir\u00e0 parte civile per i presunti brogli: un atto di rispetto verso la citt\u00e0 che chiedevamo da due anni\u201d.","breadcrumb":{"@id":"https:\/\/progettotouring.it\/radiotouring104\/2022\/11\/14\/la-strada-comune-si-costituisca-sui-presunti-brogli-atto-di-rispetto-per-la-citta\/#breadcrumb"},"inLanguage":"it-IT","potentialAction":[{"@type":"ReadAction","target":["https:\/\/progettotouring.it\/radiotouring104\/2022\/11\/14\/la-strada-comune-si-costituisca-sui-presunti-brogli-atto-di-rispetto-per-la-citta\/"]}]},{"@type":"ImageObject","inLanguage":"it-IT","@id":"https:\/\/progettotouring.it\/radiotouring104\/2022\/11\/14\/la-strada-comune-si-costituisca-sui-presunti-brogli-atto-di-rispetto-per-la-citta\/#primaryimage","url":"https:\/\/progettotouring.it\/radiotouring104\/wp-content\/uploads\/sites\/6\/2022\/11\/logo-La-Strada.png","contentUrl":"https:\/\/progettotouring.it\/radiotouring104\/wp-content\/uploads\/sites\/6\/2022\/11\/logo-La-Strada.png","width":315,"height":315},{"@type":"BreadcrumbList","@id":"https:\/\/progettotouring.it\/radiotouring104\/2022\/11\/14\/la-strada-comune-si-costituisca-sui-presunti-brogli-atto-di-rispetto-per-la-citta\/#breadcrumb","itemListElement":[{"@type":"ListItem","position":1,"name":"Home","item":"https:\/\/progettotouring.it\/radiotouring104\/"},{"@type":"ListItem","position":2,"name":"La Strada: &#8220;Comune parte civile sui presunti brogli, atto di rispetto per la Citt\u00e0&#8221;"}]},{"@type":"WebSite","@id":"https:\/\/progettotouring.it\/radiotouring104\/#website","url":"https:\/\/progettotouring.it\/radiotouring104\/","name":"Radio Touring 104","description":"La prima radio Reggina","publisher":{"@id":"https:\/\/progettotouring.it\/radiotouring104\/#organization"},"potentialAction":[{"@type":"SearchAction","target":{"@type":"EntryPoint","urlTemplate":"https:\/\/progettotouring.it\/radiotouring104\/?s={search_term_string}"},"query-input":{"@type":"PropertyValueSpecification","valueRequired":true,"valueName":"search_term_string"}}],"inLanguage":"it-IT"},{"@type":"Organization","@id":"https:\/\/progettotouring.it\/radiotouring104\/#organization","name":"Radio Touring 104","url":"https:\/\/progettotouring.it\/radiotouring104\/","logo":{"@type":"ImageObject","inLanguage":"it-IT","@id":"https:\/\/progettotouring.it\/radiotouring104\/#\/schema\/logo\/image\/","url":"https:\/\/progettotouring.it\/radiotouring104\/wp-content\/uploads\/sites\/6\/2022\/02\/cropped-logo-radio-touring-104.png","contentUrl":"https:\/\/progettotouring.it\/radiotouring104\/wp-content\/uploads\/sites\/6\/2022\/02\/cropped-logo-radio-touring-104.png","width":377,"height":182,"caption":"Radio Touring 104"},"image":{"@id":"https:\/\/progettotouring.it\/radiotouring104\/#\/schema\/logo\/image\/"}},{"@type":"Person","@id":"https:\/\/progettotouring.it\/radiotouring104\/#\/schema\/person\/78613917f1851f041f7483f5af1d422e","name":"Sebastiano Plutino","image":{"@type":"ImageObject","inLanguage":"it-IT","@id":"https:\/\/secure.gravatar.com\/avatar\/0546ffaa9b79224faf9f2a156b67a529ae861d3287c66c1d8ccfdf909bcba78d?s=96&d=mm&r=g","url":"https:\/\/secure.gravatar.com\/avatar\/0546ffaa9b79224faf9f2a156b67a529ae861d3287c66c1d8ccfdf909bcba78d?s=96&d=mm&r=g","contentUrl":"https:\/\/secure.gravatar.com\/avatar\/0546ffaa9b79224faf9f2a156b67a529ae861d3287c66c1d8ccfdf909bcba78d?s=96&d=mm&r=g","caption":"Sebastiano Plutino"},"url":"https:\/\/progettotouring.it\/radiotouring104\/author\/sebastiano\/"}]}},"jetpack_publicize_connections":[],"jetpack_featured_media_url":"https:\/\/progettotouring.it\/radiotouring104\/wp-content\/uploads\/sites\/6\/2022\/11\/logo-La-Strada.png","jetpack_sharing_enabled":true,"_links":{"self":[{"href":"https:\/\/progettotouring.it\/radiotouring104\/wp-json\/wp\/v2\/posts\/12180","targetHints":{"allow":["GET"]}}],"collection":[{"href":"https:\/\/progettotouring.it\/radiotouring104\/wp-json\/wp\/v2\/posts"}],"about":[{"href":"https:\/\/progettotouring.it\/radiotouring104\/wp-json\/wp\/v2\/types\/post"}],"author":[{"embeddable":true,"href":"https:\/\/progettotouring.it\/radiotouring104\/wp-json\/wp\/v2\/users\/12"}],"replies":[{"embeddable":true,"href":"https:\/\/progettotouring.it\/radiotouring104\/wp-json\/wp\/v2\/comments?post=12180"}],"version-history":[{"count":2,"href":"https:\/\/progettotouring.it\/radiotouring104\/wp-json\/wp\/v2\/posts\/12180\/revisions"}],"predecessor-version":[{"id":12190,"href":"https:\/\/progettotouring.it\/radiotouring104\/wp-json\/wp\/v2\/posts\/12180\/revisions\/12190"}],"wp:featuredmedia":[{"embeddable":true,"href":"https:\/\/progettotouring.it\/radiotouring104\/wp-json\/wp\/v2\/media\/12010"}],"wp:attachment":[{"href":"https:\/\/progettotouring.it\/radiotouring104\/wp-json\/wp\/v2\/media?parent=12180"}],"wp:term":[{"taxonomy":"category","embeddable":true,"href":"https:\/\/progettotouring.it\/radiotouring104\/wp-json\/wp\/v2\/categories?post=12180"},{"taxonomy":"post_tag","embeddable":true,"href":"https:\/\/progettotouring.it\/radiotouring104\/wp-json\/wp\/v2\/tags?post=12180"}],"curies":[{"name":"wp","href":"https:\/\/api.w.org\/{rel}","templated":true}]}}