{"id":12194,"date":"2022-11-14T14:40:02","date_gmt":"2022-11-14T13:40:02","guid":{"rendered":"https:\/\/progettotouring.it\/radiotouring104\/?p=12194"},"modified":"2022-11-14T17:43:04","modified_gmt":"2022-11-14T16:43:04","slug":"reggio-calabria-si-prepara-al-natale-festivita-sobrie-ma-proiettate-a-vivere-serenamente-il-clima-natalizio","status":"publish","type":"post","link":"https:\/\/progettotouring.it\/radiotouring104\/2022\/11\/14\/reggio-calabria-si-prepara-al-natale-festivita-sobrie-ma-proiettate-a-vivere-serenamente-il-clima-natalizio\/","title":{"rendered":"Reggio Calabria si prepara al Natale: &#8220;Festivit\u00e0 sobrie, ma proiettate a vivere serenamente il clima natalizio&#8221;"},"content":{"rendered":"<p>Si \u00e8 chiusa con l\u2019audizione di Rosario Antipasqua per l\u2019Associazione nazionale autonoma liberi imprenditori e Carmelo Giordano per CasArtigiani, la fase di concertazione che la Commissione comunale Sviluppo economico-attivit\u00e0 produttive-turismo, presieduta dal consigliere Carmelo Versace, ha inteso avviare con associazioni ed organizzazioni di categoria in vista delle imminenti festivit\u00e0 natalizie.<\/p>\n<p>Raccolti gli spunti emersi dalla riunione, il presidente Versace si \u00e8 detto \u00absoddisfatto per il proficuo confronto che ha fatto emergere maturit\u00e0 e voglia di partecipazione da parte dei commissari\u00bb. \u00abCompletato l\u2019iter di ascolto con le associazioni di categoria \u2013 ha aggiunto \u2013 seguir\u00e0 un\u2019ulteriore riunione per stilare un elenco di priorit\u00e0 d\u2019intervento gi\u00e0 stabilite nei diversi momenti del dibattito. Accanto a questi, proveremo a rintracciare le risorse necessarie anche per provare ad allargare le diverse iniziative lungo il vasto territorio cittadino\u00bb.<\/p>\n<p>\u00ab\u00c8 vero \u2013 ha riflettuto Versace &#8211; il momento di crisi che sta colpendo le aziende \u00e8 serio, ma non dobbiamo guardare con rassegnazione ad un periodo dell\u2019anno utile a risollevare l\u2019umore, soprattutto, dei nostri bambini. Sar\u00e0 un Natale sobrio, ma necessariamente proiettato ad infondere gioia e tranquillit\u00e0 alle famiglie. Il senso di queste riunioni \u00e8 di non ricercare gli sfarzi, ma il giusto compromesso che possa permettere alla citt\u00e0 di vivere serenamente il clima natalizio. Questa, ovviamente, \u00e8 la mia opinione, ma credo ampiamente condivisa dai consiglieri comunali.<\/p>\n<p>\u00abLo sforzo pi\u00f9 importante \u2013 ha concluso il presidente &#8211; sar\u00e0 proiettato a risollevare le economie del tessuto produttivo, consapevoli che le aziende e gli artigiani vanno sostenuti nella quotidianit\u00e0. L\u2019opera di monitoraggio, dunque, diventa necessaria per individuare ed aggredire i problemi. Adesso, abbiamo ogni elemento utile affinch\u00e9 la Commissione possa fare una sintesi corretta rispetto alle strategie da mettere in campo\u00bb. \u00abPromossa a pieni titoli\u00bb, per il consigliere delegato ai Grandi eventi Nino Malara, l\u2019attivit\u00e0 fatta dalla Commissione che \u00abha raccolto le sollecitazioni arrivate dalle parti sociali\u00bb.<\/p>\n<p>\u00abE\u2019 importante \u2013 ha spiegato &#8211; costruire un clima natalizio che favorisca l\u2019economia generale. Se c&#8217;\u00e8 una volont\u00e0 comune, \u00e8 possibile organizzare le manifestazioni migliori. Mi piace l\u2019idea di estendere le attivit\u00e0 alle periferie e chiedo, per questo, maggiore partecipazione da parte delle aziende e degli artigiani che operano nell\u2019hinterland cittadino\u00bb.<\/p>\n<p>A parere del consigliere Guido Rulli, \u00absi percepisce un dialogo diverso fra gli attori economici e produttivi della periferia e le associazioni di categoria\u00bb. \u00abUna circostanza \u2013 ha detto \u2013 che pu\u00f2 sicuramente aiutare la causa\u00bb. Il consigliere Massimo Ripepi, ha apprezzato \u00abl\u2019approccio di condivisione che la commissione si \u00e8 data sui temi trattati\u00bb. \u00abLa partecipazione di associazioni e organizzazioni che hanno competenze e esperienze \u2013 ha affermato &#8211; premia l\u2019impostazione corretta assunta dalla Commissione\u00bb. \u00abBen vengano queste iniziative\u00bb, ha, quindi, aggiunto la consigliera Angela Malara chiedendo \u00abrassicurazioni sulla disponibilit\u00e0 delle risorse da impegnare\u00bb. \u00abReggio \u00e8 particolare \u2013 ha commentato \u2013 Ascoltando la gente, si tutto e il contrario di tutto. Bisogna coniugare aspettative e possibilit\u00e0\u00bb.<\/p>\n<p>L\u2019ambizione espressa, poi, dal consigliere Giovanni Latella \u00e8 quella di far diventare Reggio \u00abpunto di riferimento turistico in questo particolare periodo dell\u2019anno\u00bb. \u00abDobbiamo essere pronti ad offrire una citt\u00e0 accogliente \u2013 ha sostenuto &#8211; e grazie al consigliere delegato Malara ed al lavoro che sta portando avanti l\u2019Amministrazione comunale, questo obiettivo \u00e8 a portata di mano. In questa fase, immagino luminarie a risparmio energetico ed aree dedicate all\u2019artigianato lungo strade prospicienti la Villa Comunale e Via Filippini\u00bb. Anche il consigliere Franco Barreca ha sottolineato la \u00abbont\u00e0 della strategia che unisce l\u2019Ente a commercianti ed artigiani\u00bb. \u00abSarebbe un bene &#8211; ha ipotizzato &#8211; se si riuscisse ad interloquire con il Museo Archeologico per garantirne l\u2019apertura straordinaria in determinate giornate\u00bb. Quindi, il consigliere Saverio Pazzano ha chiesto di avviare un ragionamento, subito dopo le festivit\u00e0 natalizie, per \u00abincentivare le aree interne a promuovere il loro artigianato caratteristico e peculiare cos\u00ec da dare respiro all\u2019economia dei territori\u00bb.<\/p>\n","protected":false},"excerpt":{"rendered":"<p>Si \u00e8 chiusa con l\u2019audizione di Rosario Antipasqua per l\u2019Associazione nazionale autonoma liberi imprenditori e Carmelo Giordano per CasArtigiani, la fase di concertazione che la Commissione comunale Sviluppo economico-attivit\u00e0 produttive-turismo,&hellip;<\/p>\n","protected":false},"author":5,"featured_media":12195,"comment_status":"open","ping_status":"open","sticky":false,"template":"","format":"standard","meta":{"_jetpack_memberships_contains_paid_content":false,"footnotes":"","jetpack_publicize_message":"","jetpack_publicize_feature_enabled":true,"jetpack_social_post_already_shared":false,"jetpack_social_options":{"image_generator_settings":{"template":"highway","default_image_id":0,"font":"","enabled":false},"version":2}},"categories":[921,150,196,140],"tags":[239,743,5081,660,5775,5774],"class_list":["post-12194","post","type-post","status-publish","format-standard","has-post-thumbnail","hentry","category-home","category-in-primo-piano","category-news","category-reggio-calabria","tag-carmelo-versace","tag-citta-metropolitana","tag-commissione-sviluppo-economico","tag-comune","tag-festivita-natalizie","tag-natale"],"yoast_head":"<!-- This site is optimized with the Yoast SEO plugin v27.2 - https:\/\/yoast.com\/product\/yoast-seo-wordpress\/ -->\n<title>Natale: &quot;Festivit\u00e0 sobrie, ma vivere serenamente il clima natalizio&quot;<\/title>\n<meta name=\"description\" content=\"Si concludono le audizioni delle associazioni di categoria nell&#039;ambito dei lavori della Commissione Sviluppo Economico\" \/>\n<meta name=\"robots\" content=\"index, follow, max-snippet:-1, max-image-preview:large, max-video-preview:-1\" \/>\n<link rel=\"canonical\" href=\"https:\/\/progettotouring.it\/radiotouring104\/2022\/11\/14\/reggio-calabria-si-prepara-al-natale-festivita-sobrie-ma-proiettate-a-vivere-serenamente-il-clima-natalizio\/\" \/>\n<meta property=\"og:locale\" content=\"it_IT\" \/>\n<meta property=\"og:type\" content=\"article\" \/>\n<meta property=\"og:title\" content=\"Natale: &quot;Festivit\u00e0 sobrie, ma vivere serenamente il clima natalizio&quot;\" \/>\n<meta property=\"og:description\" content=\"Si concludono le audizioni delle associazioni di categoria nell&#039;ambito dei lavori della Commissione Sviluppo Economico\" \/>\n<meta property=\"og:url\" content=\"https:\/\/progettotouring.it\/radiotouring104\/2022\/11\/14\/reggio-calabria-si-prepara-al-natale-festivita-sobrie-ma-proiettate-a-vivere-serenamente-il-clima-natalizio\/\" \/>\n<meta property=\"og:site_name\" content=\"Radio Touring 104\" \/>\n<meta property=\"article:published_time\" content=\"2022-11-14T13:40:02+00:00\" \/>\n<meta property=\"article:modified_time\" content=\"2022-11-14T16:43:04+00:00\" \/>\n<meta property=\"og:image\" content=\"https:\/\/progettotouring.it\/radiotouring104\/wp-content\/uploads\/sites\/6\/2022\/11\/commissione-sviluppo-economico.jpeg\" \/>\n\t<meta property=\"og:image:width\" content=\"1348\" \/>\n\t<meta property=\"og:image:height\" content=\"814\" \/>\n\t<meta property=\"og:image:type\" content=\"image\/jpeg\" \/>\n<meta name=\"author\" content=\"redazione\" \/>\n<meta name=\"twitter:card\" content=\"summary_large_image\" \/>\n<meta name=\"twitter:label1\" content=\"Scritto da\" \/>\n\t<meta name=\"twitter:data1\" content=\"redazione\" \/>\n\t<meta name=\"twitter:label2\" content=\"Tempo di lettura stimato\" \/>\n\t<meta name=\"twitter:data2\" content=\"3 minuti\" \/>\n<script type=\"application\/ld+json\" class=\"yoast-schema-graph\">{\"@context\":\"https:\/\/schema.org\",\"@graph\":[{\"@type\":\"Article\",\"@id\":\"https:\/\/progettotouring.it\/radiotouring104\/2022\/11\/14\/reggio-calabria-si-prepara-al-natale-festivita-sobrie-ma-proiettate-a-vivere-serenamente-il-clima-natalizio\/#article\",\"isPartOf\":{\"@id\":\"https:\/\/progettotouring.it\/radiotouring104\/2022\/11\/14\/reggio-calabria-si-prepara-al-natale-festivita-sobrie-ma-proiettate-a-vivere-serenamente-il-clima-natalizio\/\"},\"author\":{\"name\":\"redazione\",\"@id\":\"https:\/\/progettotouring.it\/radiotouring104\/#\/schema\/person\/1b3eb3c07c47136bc44c785c543e635f\"},\"headline\":\"Reggio Calabria si prepara al Natale: &#8220;Festivit\u00e0 sobrie, ma proiettate a vivere serenamente il clima natalizio&#8221;\",\"datePublished\":\"2022-11-14T13:40:02+00:00\",\"dateModified\":\"2022-11-14T16:43:04+00:00\",\"mainEntityOfPage\":{\"@id\":\"https:\/\/progettotouring.it\/radiotouring104\/2022\/11\/14\/reggio-calabria-si-prepara-al-natale-festivita-sobrie-ma-proiettate-a-vivere-serenamente-il-clima-natalizio\/\"},\"wordCount\":645,\"commentCount\":0,\"publisher\":{\"@id\":\"https:\/\/progettotouring.it\/radiotouring104\/#organization\"},\"image\":{\"@id\":\"https:\/\/progettotouring.it\/radiotouring104\/2022\/11\/14\/reggio-calabria-si-prepara-al-natale-festivita-sobrie-ma-proiettate-a-vivere-serenamente-il-clima-natalizio\/#primaryimage\"},\"thumbnailUrl\":\"https:\/\/progettotouring.it\/radiotouring104\/wp-content\/uploads\/sites\/6\/2022\/11\/commissione-sviluppo-economico.jpeg\",\"keywords\":[\"carmelo versace\",\"Citt\u00e0 metropolitana\",\"Commissione Sviluppo Economico\",\"comune\",\"festivit\u00e0 natalizie\",\"natale\"],\"articleSection\":[\"Home\",\"In primo piano\",\"News\",\"Reggio Calabria\"],\"inLanguage\":\"it-IT\",\"potentialAction\":[{\"@type\":\"CommentAction\",\"name\":\"Comment\",\"target\":[\"https:\/\/progettotouring.it\/radiotouring104\/2022\/11\/14\/reggio-calabria-si-prepara-al-natale-festivita-sobrie-ma-proiettate-a-vivere-serenamente-il-clima-natalizio\/#respond\"]}]},{\"@type\":\"WebPage\",\"@id\":\"https:\/\/progettotouring.it\/radiotouring104\/2022\/11\/14\/reggio-calabria-si-prepara-al-natale-festivita-sobrie-ma-proiettate-a-vivere-serenamente-il-clima-natalizio\/\",\"url\":\"https:\/\/progettotouring.it\/radiotouring104\/2022\/11\/14\/reggio-calabria-si-prepara-al-natale-festivita-sobrie-ma-proiettate-a-vivere-serenamente-il-clima-natalizio\/\",\"name\":\"Natale: \\\"Festivit\u00e0 sobrie, ma vivere serenamente il clima natalizio\\\"\",\"isPartOf\":{\"@id\":\"https:\/\/progettotouring.it\/radiotouring104\/#website\"},\"primaryImageOfPage\":{\"@id\":\"https:\/\/progettotouring.it\/radiotouring104\/2022\/11\/14\/reggio-calabria-si-prepara-al-natale-festivita-sobrie-ma-proiettate-a-vivere-serenamente-il-clima-natalizio\/#primaryimage\"},\"image\":{\"@id\":\"https:\/\/progettotouring.it\/radiotouring104\/2022\/11\/14\/reggio-calabria-si-prepara-al-natale-festivita-sobrie-ma-proiettate-a-vivere-serenamente-il-clima-natalizio\/#primaryimage\"},\"thumbnailUrl\":\"https:\/\/progettotouring.it\/radiotouring104\/wp-content\/uploads\/sites\/6\/2022\/11\/commissione-sviluppo-economico.jpeg\",\"datePublished\":\"2022-11-14T13:40:02+00:00\",\"dateModified\":\"2022-11-14T16:43:04+00:00\",\"description\":\"Si concludono le audizioni delle associazioni di categoria nell'ambito dei lavori della Commissione Sviluppo Economico\",\"breadcrumb\":{\"@id\":\"https:\/\/progettotouring.it\/radiotouring104\/2022\/11\/14\/reggio-calabria-si-prepara-al-natale-festivita-sobrie-ma-proiettate-a-vivere-serenamente-il-clima-natalizio\/#breadcrumb\"},\"inLanguage\":\"it-IT\",\"potentialAction\":[{\"@type\":\"ReadAction\",\"target\":[\"https:\/\/progettotouring.it\/radiotouring104\/2022\/11\/14\/reggio-calabria-si-prepara-al-natale-festivita-sobrie-ma-proiettate-a-vivere-serenamente-il-clima-natalizio\/\"]}]},{\"@type\":\"ImageObject\",\"inLanguage\":\"it-IT\",\"@id\":\"https:\/\/progettotouring.it\/radiotouring104\/2022\/11\/14\/reggio-calabria-si-prepara-al-natale-festivita-sobrie-ma-proiettate-a-vivere-serenamente-il-clima-natalizio\/#primaryimage\",\"url\":\"https:\/\/progettotouring.it\/radiotouring104\/wp-content\/uploads\/sites\/6\/2022\/11\/commissione-sviluppo-economico.jpeg\",\"contentUrl\":\"https:\/\/progettotouring.it\/radiotouring104\/wp-content\/uploads\/sites\/6\/2022\/11\/commissione-sviluppo-economico.jpeg\",\"width\":1348,\"height\":814},{\"@type\":\"BreadcrumbList\",\"@id\":\"https:\/\/progettotouring.it\/radiotouring104\/2022\/11\/14\/reggio-calabria-si-prepara-al-natale-festivita-sobrie-ma-proiettate-a-vivere-serenamente-il-clima-natalizio\/#breadcrumb\",\"itemListElement\":[{\"@type\":\"ListItem\",\"position\":1,\"name\":\"Home\",\"item\":\"https:\/\/progettotouring.it\/radiotouring104\/\"},{\"@type\":\"ListItem\",\"position\":2,\"name\":\"Reggio Calabria si prepara al Natale: &#8220;Festivit\u00e0 sobrie, ma proiettate a vivere serenamente il clima natalizio&#8221;\"}]},{\"@type\":\"WebSite\",\"@id\":\"https:\/\/progettotouring.it\/radiotouring104\/#website\",\"url\":\"https:\/\/progettotouring.it\/radiotouring104\/\",\"name\":\"Radio Touring 104\",\"description\":\"La prima radio Reggina\",\"publisher\":{\"@id\":\"https:\/\/progettotouring.it\/radiotouring104\/#organization\"},\"potentialAction\":[{\"@type\":\"SearchAction\",\"target\":{\"@type\":\"EntryPoint\",\"urlTemplate\":\"https:\/\/progettotouring.it\/radiotouring104\/?s={search_term_string}\"},\"query-input\":{\"@type\":\"PropertyValueSpecification\",\"valueRequired\":true,\"valueName\":\"search_term_string\"}}],\"inLanguage\":\"it-IT\"},{\"@type\":\"Organization\",\"@id\":\"https:\/\/progettotouring.it\/radiotouring104\/#organization\",\"name\":\"Radio Touring 104\",\"url\":\"https:\/\/progettotouring.it\/radiotouring104\/\",\"logo\":{\"@type\":\"ImageObject\",\"inLanguage\":\"it-IT\",\"@id\":\"https:\/\/progettotouring.it\/radiotouring104\/#\/schema\/logo\/image\/\",\"url\":\"https:\/\/progettotouring.it\/radiotouring104\/wp-content\/uploads\/sites\/6\/2022\/02\/cropped-logo-radio-touring-104.png\",\"contentUrl\":\"https:\/\/progettotouring.it\/radiotouring104\/wp-content\/uploads\/sites\/6\/2022\/02\/cropped-logo-radio-touring-104.png\",\"width\":377,\"height\":182,\"caption\":\"Radio Touring 104\"},\"image\":{\"@id\":\"https:\/\/progettotouring.it\/radiotouring104\/#\/schema\/logo\/image\/\"}},{\"@type\":\"Person\",\"@id\":\"https:\/\/progettotouring.it\/radiotouring104\/#\/schema\/person\/1b3eb3c07c47136bc44c785c543e635f\",\"name\":\"redazione\",\"image\":{\"@type\":\"ImageObject\",\"inLanguage\":\"it-IT\",\"@id\":\"https:\/\/secure.gravatar.com\/avatar\/0b31605b49f100769e8b624b3e05de1b73e1692e9568a352f60f53fd072e6e11?s=96&d=mm&r=g\",\"url\":\"https:\/\/secure.gravatar.com\/avatar\/0b31605b49f100769e8b624b3e05de1b73e1692e9568a352f60f53fd072e6e11?s=96&d=mm&r=g\",\"contentUrl\":\"https:\/\/secure.gravatar.com\/avatar\/0b31605b49f100769e8b624b3e05de1b73e1692e9568a352f60f53fd072e6e11?s=96&d=mm&r=g\",\"caption\":\"redazione\"},\"url\":\"https:\/\/progettotouring.it\/radiotouring104\/author\/redazione\/\"}]}<\/script>\n<!-- \/ Yoast SEO plugin. -->","yoast_head_json":{"title":"Natale: \"Festivit\u00e0 sobrie, ma vivere serenamente il clima natalizio\"","description":"Si concludono le audizioni delle associazioni di categoria nell'ambito dei lavori della Commissione Sviluppo Economico","robots":{"index":"index","follow":"follow","max-snippet":"max-snippet:-1","max-image-preview":"max-image-preview:large","max-video-preview":"max-video-preview:-1"},"canonical":"https:\/\/progettotouring.it\/radiotouring104\/2022\/11\/14\/reggio-calabria-si-prepara-al-natale-festivita-sobrie-ma-proiettate-a-vivere-serenamente-il-clima-natalizio\/","og_locale":"it_IT","og_type":"article","og_title":"Natale: \"Festivit\u00e0 sobrie, ma vivere serenamente il clima natalizio\"","og_description":"Si concludono le audizioni delle associazioni di categoria nell'ambito dei lavori della Commissione Sviluppo Economico","og_url":"https:\/\/progettotouring.it\/radiotouring104\/2022\/11\/14\/reggio-calabria-si-prepara-al-natale-festivita-sobrie-ma-proiettate-a-vivere-serenamente-il-clima-natalizio\/","og_site_name":"Radio Touring 104","article_published_time":"2022-11-14T13:40:02+00:00","article_modified_time":"2022-11-14T16:43:04+00:00","og_image":[{"width":1348,"height":814,"url":"https:\/\/progettotouring.it\/radiotouring104\/wp-content\/uploads\/sites\/6\/2022\/11\/commissione-sviluppo-economico.jpeg","type":"image\/jpeg"}],"author":"redazione","twitter_card":"summary_large_image","twitter_misc":{"Scritto da":"redazione","Tempo di lettura stimato":"3 minuti"},"schema":{"@context":"https:\/\/schema.org","@graph":[{"@type":"Article","@id":"https:\/\/progettotouring.it\/radiotouring104\/2022\/11\/14\/reggio-calabria-si-prepara-al-natale-festivita-sobrie-ma-proiettate-a-vivere-serenamente-il-clima-natalizio\/#article","isPartOf":{"@id":"https:\/\/progettotouring.it\/radiotouring104\/2022\/11\/14\/reggio-calabria-si-prepara-al-natale-festivita-sobrie-ma-proiettate-a-vivere-serenamente-il-clima-natalizio\/"},"author":{"name":"redazione","@id":"https:\/\/progettotouring.it\/radiotouring104\/#\/schema\/person\/1b3eb3c07c47136bc44c785c543e635f"},"headline":"Reggio Calabria si prepara al Natale: &#8220;Festivit\u00e0 sobrie, ma proiettate a vivere serenamente il clima natalizio&#8221;","datePublished":"2022-11-14T13:40:02+00:00","dateModified":"2022-11-14T16:43:04+00:00","mainEntityOfPage":{"@id":"https:\/\/progettotouring.it\/radiotouring104\/2022\/11\/14\/reggio-calabria-si-prepara-al-natale-festivita-sobrie-ma-proiettate-a-vivere-serenamente-il-clima-natalizio\/"},"wordCount":645,"commentCount":0,"publisher":{"@id":"https:\/\/progettotouring.it\/radiotouring104\/#organization"},"image":{"@id":"https:\/\/progettotouring.it\/radiotouring104\/2022\/11\/14\/reggio-calabria-si-prepara-al-natale-festivita-sobrie-ma-proiettate-a-vivere-serenamente-il-clima-natalizio\/#primaryimage"},"thumbnailUrl":"https:\/\/progettotouring.it\/radiotouring104\/wp-content\/uploads\/sites\/6\/2022\/11\/commissione-sviluppo-economico.jpeg","keywords":["carmelo versace","Citt\u00e0 metropolitana","Commissione Sviluppo Economico","comune","festivit\u00e0 natalizie","natale"],"articleSection":["Home","In primo piano","News","Reggio Calabria"],"inLanguage":"it-IT","potentialAction":[{"@type":"CommentAction","name":"Comment","target":["https:\/\/progettotouring.it\/radiotouring104\/2022\/11\/14\/reggio-calabria-si-prepara-al-natale-festivita-sobrie-ma-proiettate-a-vivere-serenamente-il-clima-natalizio\/#respond"]}]},{"@type":"WebPage","@id":"https:\/\/progettotouring.it\/radiotouring104\/2022\/11\/14\/reggio-calabria-si-prepara-al-natale-festivita-sobrie-ma-proiettate-a-vivere-serenamente-il-clima-natalizio\/","url":"https:\/\/progettotouring.it\/radiotouring104\/2022\/11\/14\/reggio-calabria-si-prepara-al-natale-festivita-sobrie-ma-proiettate-a-vivere-serenamente-il-clima-natalizio\/","name":"Natale: \"Festivit\u00e0 sobrie, ma vivere serenamente il clima natalizio\"","isPartOf":{"@id":"https:\/\/progettotouring.it\/radiotouring104\/#website"},"primaryImageOfPage":{"@id":"https:\/\/progettotouring.it\/radiotouring104\/2022\/11\/14\/reggio-calabria-si-prepara-al-natale-festivita-sobrie-ma-proiettate-a-vivere-serenamente-il-clima-natalizio\/#primaryimage"},"image":{"@id":"https:\/\/progettotouring.it\/radiotouring104\/2022\/11\/14\/reggio-calabria-si-prepara-al-natale-festivita-sobrie-ma-proiettate-a-vivere-serenamente-il-clima-natalizio\/#primaryimage"},"thumbnailUrl":"https:\/\/progettotouring.it\/radiotouring104\/wp-content\/uploads\/sites\/6\/2022\/11\/commissione-sviluppo-economico.jpeg","datePublished":"2022-11-14T13:40:02+00:00","dateModified":"2022-11-14T16:43:04+00:00","description":"Si concludono le audizioni delle associazioni di categoria nell'ambito dei lavori della Commissione Sviluppo Economico","breadcrumb":{"@id":"https:\/\/progettotouring.it\/radiotouring104\/2022\/11\/14\/reggio-calabria-si-prepara-al-natale-festivita-sobrie-ma-proiettate-a-vivere-serenamente-il-clima-natalizio\/#breadcrumb"},"inLanguage":"it-IT","potentialAction":[{"@type":"ReadAction","target":["https:\/\/progettotouring.it\/radiotouring104\/2022\/11\/14\/reggio-calabria-si-prepara-al-natale-festivita-sobrie-ma-proiettate-a-vivere-serenamente-il-clima-natalizio\/"]}]},{"@type":"ImageObject","inLanguage":"it-IT","@id":"https:\/\/progettotouring.it\/radiotouring104\/2022\/11\/14\/reggio-calabria-si-prepara-al-natale-festivita-sobrie-ma-proiettate-a-vivere-serenamente-il-clima-natalizio\/#primaryimage","url":"https:\/\/progettotouring.it\/radiotouring104\/wp-content\/uploads\/sites\/6\/2022\/11\/commissione-sviluppo-economico.jpeg","contentUrl":"https:\/\/progettotouring.it\/radiotouring104\/wp-content\/uploads\/sites\/6\/2022\/11\/commissione-sviluppo-economico.jpeg","width":1348,"height":814},{"@type":"BreadcrumbList","@id":"https:\/\/progettotouring.it\/radiotouring104\/2022\/11\/14\/reggio-calabria-si-prepara-al-natale-festivita-sobrie-ma-proiettate-a-vivere-serenamente-il-clima-natalizio\/#breadcrumb","itemListElement":[{"@type":"ListItem","position":1,"name":"Home","item":"https:\/\/progettotouring.it\/radiotouring104\/"},{"@type":"ListItem","position":2,"name":"Reggio Calabria si prepara al Natale: &#8220;Festivit\u00e0 sobrie, ma proiettate a vivere serenamente il clima natalizio&#8221;"}]},{"@type":"WebSite","@id":"https:\/\/progettotouring.it\/radiotouring104\/#website","url":"https:\/\/progettotouring.it\/radiotouring104\/","name":"Radio Touring 104","description":"La prima radio Reggina","publisher":{"@id":"https:\/\/progettotouring.it\/radiotouring104\/#organization"},"potentialAction":[{"@type":"SearchAction","target":{"@type":"EntryPoint","urlTemplate":"https:\/\/progettotouring.it\/radiotouring104\/?s={search_term_string}"},"query-input":{"@type":"PropertyValueSpecification","valueRequired":true,"valueName":"search_term_string"}}],"inLanguage":"it-IT"},{"@type":"Organization","@id":"https:\/\/progettotouring.it\/radiotouring104\/#organization","name":"Radio Touring 104","url":"https:\/\/progettotouring.it\/radiotouring104\/","logo":{"@type":"ImageObject","inLanguage":"it-IT","@id":"https:\/\/progettotouring.it\/radiotouring104\/#\/schema\/logo\/image\/","url":"https:\/\/progettotouring.it\/radiotouring104\/wp-content\/uploads\/sites\/6\/2022\/02\/cropped-logo-radio-touring-104.png","contentUrl":"https:\/\/progettotouring.it\/radiotouring104\/wp-content\/uploads\/sites\/6\/2022\/02\/cropped-logo-radio-touring-104.png","width":377,"height":182,"caption":"Radio Touring 104"},"image":{"@id":"https:\/\/progettotouring.it\/radiotouring104\/#\/schema\/logo\/image\/"}},{"@type":"Person","@id":"https:\/\/progettotouring.it\/radiotouring104\/#\/schema\/person\/1b3eb3c07c47136bc44c785c543e635f","name":"redazione","image":{"@type":"ImageObject","inLanguage":"it-IT","@id":"https:\/\/secure.gravatar.com\/avatar\/0b31605b49f100769e8b624b3e05de1b73e1692e9568a352f60f53fd072e6e11?s=96&d=mm&r=g","url":"https:\/\/secure.gravatar.com\/avatar\/0b31605b49f100769e8b624b3e05de1b73e1692e9568a352f60f53fd072e6e11?s=96&d=mm&r=g","contentUrl":"https:\/\/secure.gravatar.com\/avatar\/0b31605b49f100769e8b624b3e05de1b73e1692e9568a352f60f53fd072e6e11?s=96&d=mm&r=g","caption":"redazione"},"url":"https:\/\/progettotouring.it\/radiotouring104\/author\/redazione\/"}]}},"jetpack_publicize_connections":[],"jetpack_featured_media_url":"https:\/\/progettotouring.it\/radiotouring104\/wp-content\/uploads\/sites\/6\/2022\/11\/commissione-sviluppo-economico.jpeg","jetpack_sharing_enabled":true,"_links":{"self":[{"href":"https:\/\/progettotouring.it\/radiotouring104\/wp-json\/wp\/v2\/posts\/12194","targetHints":{"allow":["GET"]}}],"collection":[{"href":"https:\/\/progettotouring.it\/radiotouring104\/wp-json\/wp\/v2\/posts"}],"about":[{"href":"https:\/\/progettotouring.it\/radiotouring104\/wp-json\/wp\/v2\/types\/post"}],"author":[{"embeddable":true,"href":"https:\/\/progettotouring.it\/radiotouring104\/wp-json\/wp\/v2\/users\/5"}],"replies":[{"embeddable":true,"href":"https:\/\/progettotouring.it\/radiotouring104\/wp-json\/wp\/v2\/comments?post=12194"}],"version-history":[{"count":1,"href":"https:\/\/progettotouring.it\/radiotouring104\/wp-json\/wp\/v2\/posts\/12194\/revisions"}],"predecessor-version":[{"id":12196,"href":"https:\/\/progettotouring.it\/radiotouring104\/wp-json\/wp\/v2\/posts\/12194\/revisions\/12196"}],"wp:featuredmedia":[{"embeddable":true,"href":"https:\/\/progettotouring.it\/radiotouring104\/wp-json\/wp\/v2\/media\/12195"}],"wp:attachment":[{"href":"https:\/\/progettotouring.it\/radiotouring104\/wp-json\/wp\/v2\/media?parent=12194"}],"wp:term":[{"taxonomy":"category","embeddable":true,"href":"https:\/\/progettotouring.it\/radiotouring104\/wp-json\/wp\/v2\/categories?post=12194"},{"taxonomy":"post_tag","embeddable":true,"href":"https:\/\/progettotouring.it\/radiotouring104\/wp-json\/wp\/v2\/tags?post=12194"}],"curies":[{"name":"wp","href":"https:\/\/api.w.org\/{rel}","templated":true}]}}