{"id":13025,"date":"2022-11-24T10:15:49","date_gmt":"2022-11-24T09:15:49","guid":{"rendered":"https:\/\/progettotouring.it\/radiotouring104\/?p=13025"},"modified":"2022-11-24T10:47:27","modified_gmt":"2022-11-24T09:47:27","slug":"la-uiltucs-sostiene-la-giornata-contro-la-violenza-sulle-donne","status":"publish","type":"post","link":"https:\/\/progettotouring.it\/radiotouring104\/2022\/11\/24\/la-uiltucs-sostiene-la-giornata-contro-la-violenza-sulle-donne\/","title":{"rendered":"La Uiltucs sostiene la Giornata contro la Violenza sulle Donne"},"content":{"rendered":"<p class=\"xmprfx_MsoNormal\">\u00abOgni 25 novembre, giustamente, in tanti ci ritroviamo a celebrare la \u201cGiornata Internazionale per l\u2019eliminazione della violenza contro le donne\u201d. Ma, onestamente, va detto che se non si cambia il quadro socio-culturale, normativo e sanzionatorio, le parole dette in questa circostanza si rivelano tanto belle quanto irrealizzate.<\/p>\n<p class=\"xmprfx_MsoNormal\">A partire dalla salvaguardia del benessere psicofisico delle donne e, addirittura, anche della loro vita. Il numero delle violenze e dei femminicidi nel nostro Paese \u00e8 grave. Questi fenomeni dimostrano come sia fondamentale un\u2019azione in termini di cultura e sicurezza. Dunque, occorre lavorare sulla prevenzione, stando a fianco delle donne, incoraggiandole ad allontanarsi e denunciare ai primissimi segnali di atteggiamento psicologico e\/o fisico abusante o violento; sulla formazione e la specializzazione degli operatori; sulla rimozione di pregiudizi e stereotipi e di ogni elemento patriarcale che in certa cultura ancora purtroppo diffusa fa pensare che le donne siano subalterne agli uomini; sul miglioramento quantitativo e qualitativo degli strumenti di protezione e sulla certezza della pena. Insomma, bisogna garantire alle donne la libert\u00e0 di amare, lavorare, studiare, eccetera, cio\u00e8 di vivere la propria vita secondo la propria volont\u00e0.<\/p>\n<p class=\"xmprfx_MsoNormal\">La violenza psicofisica nei confronti delle donne si intreccia anche con il mondo del lavoro. Oltre a quanto affermato pocanzi, occorre contrastare la povert\u00e0 materiale, riferita al reddito e alla situazione economica delle lavoratrici, i cui effetti mettono in evidenza un profondo squilibrio tra donne e uomini, dentro e fuori l\u2019ambito lavorativo. Analogamente, va combattuta la disparit\u00e0 di incarichi professionali e incrementati un tasso di occupazione femminile nettamente minore a quello maschile e un numero di ore lavorate che penalizza fortemente le donne. Infine, serve favorire la conciliazione casa-lavoro sviluppando efficaci politiche di welfare.<\/p>\n<p class=\"xmprfx_MsoNormal\">La Uiltucs \u00e8 in prima linea nel difendere le donne sul proprio posto di lavoro e per provare a realizzare questo cambiamento che invochiamo anche fuori dalle fabbriche, dai negozi, dagli uffici, eccetera. Anche la Uiltucs Reggio Calabria d\u00e0 il proprio contributo. Ad esempio, nella nostra sede reggina di via Barlaam 3, abbiamo uno sportello di sostegno psicologico, socio-assistenziale e legale per le donne vittime di violenza dentro e fuori i luoghi di lavoro. E sposiamo la proposta del nostro sindacato a livello nazionale, quella del riconoscimento, all\u2019interno delle aziende, di una rappresentanza sindacale specifica, che si occupi di disparit\u00e0 e di violenza di genere, orientando l\u2019azione affinch\u00e8 tutti gli episodi di violenza a danno delle donne diventino presto un ricordo lontano.<\/p>\n<p class=\"xmprfx_MsoNormal\">Questa giornata e le relative celebrazioni sono positive, ma non bastano: ogni giorno deve essere il 25 novembre, attraverso azioni concrete. Ci sono tante altre realt\u00e0 come la nostra che si impegnano in questi termini, ma serve uno sforzo maggiore, a partire dalle istituzioni. Noi continuiamo a batterci e lo faremo con pi\u00f9 intensit\u00e0, perch\u00e9 c\u2019\u00e8 tanto da fare affinch\u00e9 tutte le donne possano essere sicure, felici e realizzate\u00bb.<\/p>\n","protected":false},"excerpt":{"rendered":"<p>\u00abOgni 25 novembre, giustamente, in tanti ci ritroviamo a celebrare la \u201cGiornata Internazionale per l\u2019eliminazione della violenza contro le donne\u201d. Ma, onestamente, va detto che se non si cambia il&hellip;<\/p>\n","protected":false},"author":12,"featured_media":13029,"comment_status":"open","ping_status":"open","sticky":false,"template":"","format":"standard","meta":{"_jetpack_memberships_contains_paid_content":false,"footnotes":"","jetpack_publicize_message":"","jetpack_publicize_feature_enabled":true,"jetpack_social_post_already_shared":false,"jetpack_social_options":{"image_generator_settings":{"template":"highway","default_image_id":0,"font":"","enabled":false},"version":2}},"categories":[6355,921,196,140],"tags":[6249,6354,2200],"class_list":["post-13025","post","type-post","status-publish","format-standard","has-post-thumbnail","hentry","category-25-novembre","category-home","category-news","category-reggio-calabria","tag-giornata-internazionale-contro-la-violenza-sulle-donne","tag-sabrina-de-stefano-segretaria-provinciale-uiltucs-reggio-calabria","tag-uiltucs-uil"],"yoast_head":"<!-- This site is optimized with the Yoast SEO plugin v27.2 - https:\/\/yoast.com\/product\/yoast-seo-wordpress\/ -->\n<title>La Uiltucs sostiene la Giornata contro la Violenza sulle Donne<\/title>\n<meta name=\"description\" content=\"De Stefano, Segretaria Provinciale UILTUCS: &quot;Ok, ma non basta. Ogni giorno sia 25 Novembre con azioni concrete&quot;\" \/>\n<meta name=\"robots\" content=\"index, follow, max-snippet:-1, max-image-preview:large, max-video-preview:-1\" \/>\n<link rel=\"canonical\" href=\"https:\/\/progettotouring.it\/radiotouring104\/2022\/11\/24\/la-uiltucs-sostiene-la-giornata-contro-la-violenza-sulle-donne\/\" \/>\n<meta property=\"og:locale\" content=\"it_IT\" \/>\n<meta property=\"og:type\" content=\"article\" \/>\n<meta property=\"og:title\" content=\"La Uiltucs sostiene la Giornata contro la Violenza sulle Donne\" \/>\n<meta property=\"og:description\" content=\"De Stefano, Segretaria Provinciale UILTUCS: &quot;Ok, ma non basta. Ogni giorno sia 25 Novembre con azioni concrete&quot;\" \/>\n<meta property=\"og:url\" content=\"https:\/\/progettotouring.it\/radiotouring104\/2022\/11\/24\/la-uiltucs-sostiene-la-giornata-contro-la-violenza-sulle-donne\/\" \/>\n<meta property=\"og:site_name\" content=\"Radio Touring 104\" \/>\n<meta property=\"article:published_time\" content=\"2022-11-24T09:15:49+00:00\" \/>\n<meta property=\"article:modified_time\" content=\"2022-11-24T09:47:27+00:00\" \/>\n<meta property=\"og:image\" content=\"https:\/\/progettotouring.it\/radiotouring104\/wp-content\/uploads\/sites\/6\/2022\/11\/Uiltucs-1.jpg\" \/>\n\t<meta property=\"og:image:width\" content=\"1080\" \/>\n\t<meta property=\"og:image:height\" content=\"1047\" \/>\n\t<meta property=\"og:image:type\" content=\"image\/jpeg\" \/>\n<meta name=\"author\" content=\"Sebastiano Plutino\" \/>\n<meta name=\"twitter:card\" content=\"summary_large_image\" \/>\n<meta name=\"twitter:label1\" content=\"Scritto da\" \/>\n\t<meta name=\"twitter:data1\" content=\"Sebastiano Plutino\" \/>\n\t<meta name=\"twitter:label2\" content=\"Tempo di lettura stimato\" \/>\n\t<meta name=\"twitter:data2\" content=\"2 minuti\" \/>\n<script type=\"application\/ld+json\" class=\"yoast-schema-graph\">{\"@context\":\"https:\/\/schema.org\",\"@graph\":[{\"@type\":\"Article\",\"@id\":\"https:\/\/progettotouring.it\/radiotouring104\/2022\/11\/24\/la-uiltucs-sostiene-la-giornata-contro-la-violenza-sulle-donne\/#article\",\"isPartOf\":{\"@id\":\"https:\/\/progettotouring.it\/radiotouring104\/2022\/11\/24\/la-uiltucs-sostiene-la-giornata-contro-la-violenza-sulle-donne\/\"},\"author\":{\"name\":\"Sebastiano Plutino\",\"@id\":\"https:\/\/progettotouring.it\/radiotouring104\/#\/schema\/person\/78613917f1851f041f7483f5af1d422e\"},\"headline\":\"La Uiltucs sostiene la Giornata contro la Violenza sulle Donne\",\"datePublished\":\"2022-11-24T09:15:49+00:00\",\"dateModified\":\"2022-11-24T09:47:27+00:00\",\"mainEntityOfPage\":{\"@id\":\"https:\/\/progettotouring.it\/radiotouring104\/2022\/11\/24\/la-uiltucs-sostiene-la-giornata-contro-la-violenza-sulle-donne\/\"},\"wordCount\":479,\"commentCount\":0,\"publisher\":{\"@id\":\"https:\/\/progettotouring.it\/radiotouring104\/#organization\"},\"image\":{\"@id\":\"https:\/\/progettotouring.it\/radiotouring104\/2022\/11\/24\/la-uiltucs-sostiene-la-giornata-contro-la-violenza-sulle-donne\/#primaryimage\"},\"thumbnailUrl\":\"https:\/\/progettotouring.it\/radiotouring104\/wp-content\/uploads\/sites\/6\/2022\/11\/Uiltucs-1.jpg\",\"keywords\":[\"Giornata Internazionale contro la Violenza sulle Donne\",\"SABRINA DE STEFANO \u2013 SEGRETARIA PROVINCIALE UILTUCS REGGIO CALABRIA\",\"Uiltucs Uil\"],\"articleSection\":[\"25 novembre\",\"Home\",\"News\",\"Reggio Calabria\"],\"inLanguage\":\"it-IT\",\"potentialAction\":[{\"@type\":\"CommentAction\",\"name\":\"Comment\",\"target\":[\"https:\/\/progettotouring.it\/radiotouring104\/2022\/11\/24\/la-uiltucs-sostiene-la-giornata-contro-la-violenza-sulle-donne\/#respond\"]}]},{\"@type\":\"WebPage\",\"@id\":\"https:\/\/progettotouring.it\/radiotouring104\/2022\/11\/24\/la-uiltucs-sostiene-la-giornata-contro-la-violenza-sulle-donne\/\",\"url\":\"https:\/\/progettotouring.it\/radiotouring104\/2022\/11\/24\/la-uiltucs-sostiene-la-giornata-contro-la-violenza-sulle-donne\/\",\"name\":\"La Uiltucs sostiene la Giornata contro la Violenza sulle Donne\",\"isPartOf\":{\"@id\":\"https:\/\/progettotouring.it\/radiotouring104\/#website\"},\"primaryImageOfPage\":{\"@id\":\"https:\/\/progettotouring.it\/radiotouring104\/2022\/11\/24\/la-uiltucs-sostiene-la-giornata-contro-la-violenza-sulle-donne\/#primaryimage\"},\"image\":{\"@id\":\"https:\/\/progettotouring.it\/radiotouring104\/2022\/11\/24\/la-uiltucs-sostiene-la-giornata-contro-la-violenza-sulle-donne\/#primaryimage\"},\"thumbnailUrl\":\"https:\/\/progettotouring.it\/radiotouring104\/wp-content\/uploads\/sites\/6\/2022\/11\/Uiltucs-1.jpg\",\"datePublished\":\"2022-11-24T09:15:49+00:00\",\"dateModified\":\"2022-11-24T09:47:27+00:00\",\"description\":\"De Stefano, Segretaria Provinciale UILTUCS: \\\"Ok, ma non basta. Ogni giorno sia 25 Novembre con azioni concrete\\\"\",\"breadcrumb\":{\"@id\":\"https:\/\/progettotouring.it\/radiotouring104\/2022\/11\/24\/la-uiltucs-sostiene-la-giornata-contro-la-violenza-sulle-donne\/#breadcrumb\"},\"inLanguage\":\"it-IT\",\"potentialAction\":[{\"@type\":\"ReadAction\",\"target\":[\"https:\/\/progettotouring.it\/radiotouring104\/2022\/11\/24\/la-uiltucs-sostiene-la-giornata-contro-la-violenza-sulle-donne\/\"]}]},{\"@type\":\"ImageObject\",\"inLanguage\":\"it-IT\",\"@id\":\"https:\/\/progettotouring.it\/radiotouring104\/2022\/11\/24\/la-uiltucs-sostiene-la-giornata-contro-la-violenza-sulle-donne\/#primaryimage\",\"url\":\"https:\/\/progettotouring.it\/radiotouring104\/wp-content\/uploads\/sites\/6\/2022\/11\/Uiltucs-1.jpg\",\"contentUrl\":\"https:\/\/progettotouring.it\/radiotouring104\/wp-content\/uploads\/sites\/6\/2022\/11\/Uiltucs-1.jpg\",\"width\":1080,\"height\":1047},{\"@type\":\"BreadcrumbList\",\"@id\":\"https:\/\/progettotouring.it\/radiotouring104\/2022\/11\/24\/la-uiltucs-sostiene-la-giornata-contro-la-violenza-sulle-donne\/#breadcrumb\",\"itemListElement\":[{\"@type\":\"ListItem\",\"position\":1,\"name\":\"Home\",\"item\":\"https:\/\/progettotouring.it\/radiotouring104\/\"},{\"@type\":\"ListItem\",\"position\":2,\"name\":\"La Uiltucs sostiene la Giornata contro la Violenza sulle Donne\"}]},{\"@type\":\"WebSite\",\"@id\":\"https:\/\/progettotouring.it\/radiotouring104\/#website\",\"url\":\"https:\/\/progettotouring.it\/radiotouring104\/\",\"name\":\"Radio Touring 104\",\"description\":\"La prima radio Reggina\",\"publisher\":{\"@id\":\"https:\/\/progettotouring.it\/radiotouring104\/#organization\"},\"potentialAction\":[{\"@type\":\"SearchAction\",\"target\":{\"@type\":\"EntryPoint\",\"urlTemplate\":\"https:\/\/progettotouring.it\/radiotouring104\/?s={search_term_string}\"},\"query-input\":{\"@type\":\"PropertyValueSpecification\",\"valueRequired\":true,\"valueName\":\"search_term_string\"}}],\"inLanguage\":\"it-IT\"},{\"@type\":\"Organization\",\"@id\":\"https:\/\/progettotouring.it\/radiotouring104\/#organization\",\"name\":\"Radio Touring 104\",\"url\":\"https:\/\/progettotouring.it\/radiotouring104\/\",\"logo\":{\"@type\":\"ImageObject\",\"inLanguage\":\"it-IT\",\"@id\":\"https:\/\/progettotouring.it\/radiotouring104\/#\/schema\/logo\/image\/\",\"url\":\"https:\/\/progettotouring.it\/radiotouring104\/wp-content\/uploads\/sites\/6\/2022\/02\/cropped-logo-radio-touring-104.png\",\"contentUrl\":\"https:\/\/progettotouring.it\/radiotouring104\/wp-content\/uploads\/sites\/6\/2022\/02\/cropped-logo-radio-touring-104.png\",\"width\":377,\"height\":182,\"caption\":\"Radio Touring 104\"},\"image\":{\"@id\":\"https:\/\/progettotouring.it\/radiotouring104\/#\/schema\/logo\/image\/\"}},{\"@type\":\"Person\",\"@id\":\"https:\/\/progettotouring.it\/radiotouring104\/#\/schema\/person\/78613917f1851f041f7483f5af1d422e\",\"name\":\"Sebastiano Plutino\",\"image\":{\"@type\":\"ImageObject\",\"inLanguage\":\"it-IT\",\"@id\":\"https:\/\/secure.gravatar.com\/avatar\/0546ffaa9b79224faf9f2a156b67a529ae861d3287c66c1d8ccfdf909bcba78d?s=96&d=mm&r=g\",\"url\":\"https:\/\/secure.gravatar.com\/avatar\/0546ffaa9b79224faf9f2a156b67a529ae861d3287c66c1d8ccfdf909bcba78d?s=96&d=mm&r=g\",\"contentUrl\":\"https:\/\/secure.gravatar.com\/avatar\/0546ffaa9b79224faf9f2a156b67a529ae861d3287c66c1d8ccfdf909bcba78d?s=96&d=mm&r=g\",\"caption\":\"Sebastiano Plutino\"},\"url\":\"https:\/\/progettotouring.it\/radiotouring104\/author\/sebastiano\/\"}]}<\/script>\n<!-- \/ Yoast SEO plugin. -->","yoast_head_json":{"title":"La Uiltucs sostiene la Giornata contro la Violenza sulle Donne","description":"De Stefano, Segretaria Provinciale UILTUCS: \"Ok, ma non basta. Ogni giorno sia 25 Novembre con azioni concrete\"","robots":{"index":"index","follow":"follow","max-snippet":"max-snippet:-1","max-image-preview":"max-image-preview:large","max-video-preview":"max-video-preview:-1"},"canonical":"https:\/\/progettotouring.it\/radiotouring104\/2022\/11\/24\/la-uiltucs-sostiene-la-giornata-contro-la-violenza-sulle-donne\/","og_locale":"it_IT","og_type":"article","og_title":"La Uiltucs sostiene la Giornata contro la Violenza sulle Donne","og_description":"De Stefano, Segretaria Provinciale UILTUCS: \"Ok, ma non basta. Ogni giorno sia 25 Novembre con azioni concrete\"","og_url":"https:\/\/progettotouring.it\/radiotouring104\/2022\/11\/24\/la-uiltucs-sostiene-la-giornata-contro-la-violenza-sulle-donne\/","og_site_name":"Radio Touring 104","article_published_time":"2022-11-24T09:15:49+00:00","article_modified_time":"2022-11-24T09:47:27+00:00","og_image":[{"width":1080,"height":1047,"url":"https:\/\/progettotouring.it\/radiotouring104\/wp-content\/uploads\/sites\/6\/2022\/11\/Uiltucs-1.jpg","type":"image\/jpeg"}],"author":"Sebastiano Plutino","twitter_card":"summary_large_image","twitter_misc":{"Scritto da":"Sebastiano Plutino","Tempo di lettura stimato":"2 minuti"},"schema":{"@context":"https:\/\/schema.org","@graph":[{"@type":"Article","@id":"https:\/\/progettotouring.it\/radiotouring104\/2022\/11\/24\/la-uiltucs-sostiene-la-giornata-contro-la-violenza-sulle-donne\/#article","isPartOf":{"@id":"https:\/\/progettotouring.it\/radiotouring104\/2022\/11\/24\/la-uiltucs-sostiene-la-giornata-contro-la-violenza-sulle-donne\/"},"author":{"name":"Sebastiano Plutino","@id":"https:\/\/progettotouring.it\/radiotouring104\/#\/schema\/person\/78613917f1851f041f7483f5af1d422e"},"headline":"La Uiltucs sostiene la Giornata contro la Violenza sulle Donne","datePublished":"2022-11-24T09:15:49+00:00","dateModified":"2022-11-24T09:47:27+00:00","mainEntityOfPage":{"@id":"https:\/\/progettotouring.it\/radiotouring104\/2022\/11\/24\/la-uiltucs-sostiene-la-giornata-contro-la-violenza-sulle-donne\/"},"wordCount":479,"commentCount":0,"publisher":{"@id":"https:\/\/progettotouring.it\/radiotouring104\/#organization"},"image":{"@id":"https:\/\/progettotouring.it\/radiotouring104\/2022\/11\/24\/la-uiltucs-sostiene-la-giornata-contro-la-violenza-sulle-donne\/#primaryimage"},"thumbnailUrl":"https:\/\/progettotouring.it\/radiotouring104\/wp-content\/uploads\/sites\/6\/2022\/11\/Uiltucs-1.jpg","keywords":["Giornata Internazionale contro la Violenza sulle Donne","SABRINA DE STEFANO \u2013 SEGRETARIA PROVINCIALE UILTUCS REGGIO CALABRIA","Uiltucs Uil"],"articleSection":["25 novembre","Home","News","Reggio Calabria"],"inLanguage":"it-IT","potentialAction":[{"@type":"CommentAction","name":"Comment","target":["https:\/\/progettotouring.it\/radiotouring104\/2022\/11\/24\/la-uiltucs-sostiene-la-giornata-contro-la-violenza-sulle-donne\/#respond"]}]},{"@type":"WebPage","@id":"https:\/\/progettotouring.it\/radiotouring104\/2022\/11\/24\/la-uiltucs-sostiene-la-giornata-contro-la-violenza-sulle-donne\/","url":"https:\/\/progettotouring.it\/radiotouring104\/2022\/11\/24\/la-uiltucs-sostiene-la-giornata-contro-la-violenza-sulle-donne\/","name":"La Uiltucs sostiene la Giornata contro la Violenza sulle Donne","isPartOf":{"@id":"https:\/\/progettotouring.it\/radiotouring104\/#website"},"primaryImageOfPage":{"@id":"https:\/\/progettotouring.it\/radiotouring104\/2022\/11\/24\/la-uiltucs-sostiene-la-giornata-contro-la-violenza-sulle-donne\/#primaryimage"},"image":{"@id":"https:\/\/progettotouring.it\/radiotouring104\/2022\/11\/24\/la-uiltucs-sostiene-la-giornata-contro-la-violenza-sulle-donne\/#primaryimage"},"thumbnailUrl":"https:\/\/progettotouring.it\/radiotouring104\/wp-content\/uploads\/sites\/6\/2022\/11\/Uiltucs-1.jpg","datePublished":"2022-11-24T09:15:49+00:00","dateModified":"2022-11-24T09:47:27+00:00","description":"De Stefano, Segretaria Provinciale UILTUCS: \"Ok, ma non basta. Ogni giorno sia 25 Novembre con azioni concrete\"","breadcrumb":{"@id":"https:\/\/progettotouring.it\/radiotouring104\/2022\/11\/24\/la-uiltucs-sostiene-la-giornata-contro-la-violenza-sulle-donne\/#breadcrumb"},"inLanguage":"it-IT","potentialAction":[{"@type":"ReadAction","target":["https:\/\/progettotouring.it\/radiotouring104\/2022\/11\/24\/la-uiltucs-sostiene-la-giornata-contro-la-violenza-sulle-donne\/"]}]},{"@type":"ImageObject","inLanguage":"it-IT","@id":"https:\/\/progettotouring.it\/radiotouring104\/2022\/11\/24\/la-uiltucs-sostiene-la-giornata-contro-la-violenza-sulle-donne\/#primaryimage","url":"https:\/\/progettotouring.it\/radiotouring104\/wp-content\/uploads\/sites\/6\/2022\/11\/Uiltucs-1.jpg","contentUrl":"https:\/\/progettotouring.it\/radiotouring104\/wp-content\/uploads\/sites\/6\/2022\/11\/Uiltucs-1.jpg","width":1080,"height":1047},{"@type":"BreadcrumbList","@id":"https:\/\/progettotouring.it\/radiotouring104\/2022\/11\/24\/la-uiltucs-sostiene-la-giornata-contro-la-violenza-sulle-donne\/#breadcrumb","itemListElement":[{"@type":"ListItem","position":1,"name":"Home","item":"https:\/\/progettotouring.it\/radiotouring104\/"},{"@type":"ListItem","position":2,"name":"La Uiltucs sostiene la Giornata contro la Violenza sulle Donne"}]},{"@type":"WebSite","@id":"https:\/\/progettotouring.it\/radiotouring104\/#website","url":"https:\/\/progettotouring.it\/radiotouring104\/","name":"Radio Touring 104","description":"La prima radio Reggina","publisher":{"@id":"https:\/\/progettotouring.it\/radiotouring104\/#organization"},"potentialAction":[{"@type":"SearchAction","target":{"@type":"EntryPoint","urlTemplate":"https:\/\/progettotouring.it\/radiotouring104\/?s={search_term_string}"},"query-input":{"@type":"PropertyValueSpecification","valueRequired":true,"valueName":"search_term_string"}}],"inLanguage":"it-IT"},{"@type":"Organization","@id":"https:\/\/progettotouring.it\/radiotouring104\/#organization","name":"Radio Touring 104","url":"https:\/\/progettotouring.it\/radiotouring104\/","logo":{"@type":"ImageObject","inLanguage":"it-IT","@id":"https:\/\/progettotouring.it\/radiotouring104\/#\/schema\/logo\/image\/","url":"https:\/\/progettotouring.it\/radiotouring104\/wp-content\/uploads\/sites\/6\/2022\/02\/cropped-logo-radio-touring-104.png","contentUrl":"https:\/\/progettotouring.it\/radiotouring104\/wp-content\/uploads\/sites\/6\/2022\/02\/cropped-logo-radio-touring-104.png","width":377,"height":182,"caption":"Radio Touring 104"},"image":{"@id":"https:\/\/progettotouring.it\/radiotouring104\/#\/schema\/logo\/image\/"}},{"@type":"Person","@id":"https:\/\/progettotouring.it\/radiotouring104\/#\/schema\/person\/78613917f1851f041f7483f5af1d422e","name":"Sebastiano Plutino","image":{"@type":"ImageObject","inLanguage":"it-IT","@id":"https:\/\/secure.gravatar.com\/avatar\/0546ffaa9b79224faf9f2a156b67a529ae861d3287c66c1d8ccfdf909bcba78d?s=96&d=mm&r=g","url":"https:\/\/secure.gravatar.com\/avatar\/0546ffaa9b79224faf9f2a156b67a529ae861d3287c66c1d8ccfdf909bcba78d?s=96&d=mm&r=g","contentUrl":"https:\/\/secure.gravatar.com\/avatar\/0546ffaa9b79224faf9f2a156b67a529ae861d3287c66c1d8ccfdf909bcba78d?s=96&d=mm&r=g","caption":"Sebastiano Plutino"},"url":"https:\/\/progettotouring.it\/radiotouring104\/author\/sebastiano\/"}]}},"jetpack_publicize_connections":[],"jetpack_featured_media_url":"https:\/\/progettotouring.it\/radiotouring104\/wp-content\/uploads\/sites\/6\/2022\/11\/Uiltucs-1.jpg","jetpack_sharing_enabled":true,"_links":{"self":[{"href":"https:\/\/progettotouring.it\/radiotouring104\/wp-json\/wp\/v2\/posts\/13025","targetHints":{"allow":["GET"]}}],"collection":[{"href":"https:\/\/progettotouring.it\/radiotouring104\/wp-json\/wp\/v2\/posts"}],"about":[{"href":"https:\/\/progettotouring.it\/radiotouring104\/wp-json\/wp\/v2\/types\/post"}],"author":[{"embeddable":true,"href":"https:\/\/progettotouring.it\/radiotouring104\/wp-json\/wp\/v2\/users\/12"}],"replies":[{"embeddable":true,"href":"https:\/\/progettotouring.it\/radiotouring104\/wp-json\/wp\/v2\/comments?post=13025"}],"version-history":[{"count":1,"href":"https:\/\/progettotouring.it\/radiotouring104\/wp-json\/wp\/v2\/posts\/13025\/revisions"}],"predecessor-version":[{"id":13030,"href":"https:\/\/progettotouring.it\/radiotouring104\/wp-json\/wp\/v2\/posts\/13025\/revisions\/13030"}],"wp:featuredmedia":[{"embeddable":true,"href":"https:\/\/progettotouring.it\/radiotouring104\/wp-json\/wp\/v2\/media\/13029"}],"wp:attachment":[{"href":"https:\/\/progettotouring.it\/radiotouring104\/wp-json\/wp\/v2\/media?parent=13025"}],"wp:term":[{"taxonomy":"category","embeddable":true,"href":"https:\/\/progettotouring.it\/radiotouring104\/wp-json\/wp\/v2\/categories?post=13025"},{"taxonomy":"post_tag","embeddable":true,"href":"https:\/\/progettotouring.it\/radiotouring104\/wp-json\/wp\/v2\/tags?post=13025"}],"curies":[{"name":"wp","href":"https:\/\/api.w.org\/{rel}","templated":true}]}}